{"id":131446,"date":"2022-01-17T07:20:00","date_gmt":"2022-01-17T14:20:00","guid":{"rendered":"https:\/\/www.sonoraenequipo.com.mx\/?p=131446"},"modified":"2022-01-17T12:33:34","modified_gmt":"2022-01-17T19:33:34","slug":"amlo-supera-su-segundo-contagio-de-covid-19-y-vuelve-a-las-conferencias-presidenciales","status":"publish","type":"post","link":"https:\/\/www.sonoraenequipo.com.mx\/amlo-supera-su-segundo-contagio-de-covid-19-y-vuelve-a-las-conferencias-presidenciales\/","title":{"rendered":"AMLO supera su segundo contagio de covid-19 y vuelve a las conferencias presidenciales"},"content":{"rendered":"<p>CIUDAD DE M\u00c9XICO. MX. \u2014 Tras seis d\u00edas sin actividades p\u00fablicas al contagiarse de covid-19 por segunda ocasi\u00f3n, el presidente Andr\u00e9s Manuel L\u00f3pez Obrador retom\u00f3 sus actividades oficiales al encabezar la conferencia matutina en Palacio Nacional, donde dijo: \u00abya salimos del contagio, nos fue bien\u00bb.<\/p>\n<p>&nbsp;<\/p>\n<p> <\/p>\n<p>A lo largo de la semana de aislamiento, el mandatario mantuvo comunicaci\u00f3n a trav\u00e9s de mensajes grabados en los que reportaba su estado de salud, opinaba de un tema o bien participaba en actos oficiales como la comida con embajadores y el aniversario del natalicio de Carlos Pellicer.<\/p>\n<p>&nbsp;<\/p>\n<p>Esta ma\u00f1ana, tras superar su enfermedad reapareci\u00f3 en el Sal\u00f3n Tesorer\u00eda, expres\u00f3:<\/p>\n<p>&nbsp;<\/p>\n<p><em>\u00abAgradezco a la gente que estuvo pendiente de mi situaci\u00f3n de salud, es rec\u00edproco. Yo quiero mucho, lo digo de manera sincera, al pueblo de M\u00e9xico y mucha gente me quiere y se preocupa por mi situaci\u00f3n de salud. Agradecerles a todos por sus muestras de afecto de solidaridad. Tambi\u00e9n a presidentes, mandatarios de pa\u00edses extranjeros que expresaron su solidaridad con mi estado de salud y ya vamos hacia adelante \u00ab<\/em>, dijo.<\/p>\n<p>&nbsp;<\/p>\n<p>\u00c9ste fue el segundo contagio de covid del presidente L\u00f3pez Obrador, aunque en esta ocasi\u00f3n la enfermedad que padeci\u00f3 fue con s\u00edntomas leves. Incluso, en alguno de sus videos asegur\u00f3 que con VapoRub y paracetamol \u00e9l logr\u00f3 salir adelante.<\/p>\n<p>&nbsp;<\/p>\n<p>L\u00f3pez Obrador invit\u00f3 a la poblaci\u00f3n a vacunarse para estar protegidos ante esta enfermedad.<\/p>\n<p>&nbsp;<\/p>\n<p><em>\u00abDe todas formas hay que cuidarnos, evitar contagios porque eso s\u00ed se trata de una variante muy contagiosa, mucho muy contagiosa, est\u00e1n creciendo mucho los contagios en el pa\u00eds pero no as\u00ed las hospitalizaciones y lo m\u00e1s importante no hay incremento en fallecimientos.<\/em><\/p>\n<p>&nbsp;<\/p>\n<p><em>\u00abLo que ayuda mucho es la vacuna, el vacunarnos y no dejar de aplicarnos la vacuna de refuerzo porque tambi\u00e9n con esa vamos a lo seguro con la vacuna de refuerzo, son menos los s\u00edntomas\u00bb,<\/em> agreg\u00f3.<\/p>\n<p><iframe loading=\"lazy\" title=\"Compra de medicamentos para tratamiento de COVID-19. Conferencia presidente AMLO\" width=\"640\" height=\"360\" src=\"https:\/\/www.youtube.com\/embed\/jv61JfpxY_c?feature=oembed\" frameborder=\"0\" allow=\"accelerometer; autoplay; clipboard-write; encrypted-media; gyroscope; picture-in-picture; web-share\" referrerpolicy=\"strict-origin-when-cross-origin\" allowfullscreen><\/iframe><\/p>\n<p>&nbsp;<\/p>\n<p>&nbsp;<\/p>\n<p>(Publicada el 17\/01\/2022)<\/p>\n","protected":false},"excerpt":{"rendered":"<p>CIUDAD DE M\u00c9XICO. MX. \u2014 Tras seis d\u00edas sin actividades p\u00fablicas al contagiarse de covid-19&#8230;<\/p>\n","protected":false},"author":1,"featured_media":0,"comment_status":"open","ping_status":"open","sticky":false,"template":"","format":"standard","meta":{"_monsterinsights_skip_tracking":false,"_monsterinsights_sitenote_active":false,"_monsterinsights_sitenote_note":"","_monsterinsights_sitenote_category":0,"footnotes":""},"categories":[5],"tags":[],"class_list":["post"],"yoast_head":" \n<title>Sonora en Equipo. AMLO supera su segundo contagio de covid-19 y vuelve a las conferencias presidenciales Rep\u00fablica<\/title>\n<meta name=\"description\" content=\"CIUDAD DE M\u00c9XICO. MX. \u2014 Tras seis d\u00edas sin actividades p\u00fablicas al contagiarse de covid-19 por segunda ocasi\u00f3n, el presidente Andr\u00e9s Manuel L\u00f3pez Obrador En Sonora en Equipo publicamos toda la informaci\u00f3n de Sonora, M\u00e9xico y el Mundo de manera oportuna y busca que la libertad de expresi\u00f3n sea real. Visita nuestro medio informativo publicado desde Hermosillo, Sonora. %\" \/>\n<meta name=\"robots\" content=\"index, follow, max-snippet:-1, max-image-preview:large, max-video-preview:-1\" \/>\n<link rel=\"canonical\" href=\"https:\/\/www.sonoraenequipo.com.mx\/amlo-supera-su-segundo-contagio-de-covid-19-y-vuelve-a-las-conferencias-presidenciales\/\" \/>\n<meta property=\"og:locale\" content=\"es_ES\" \/>\n<meta property=\"og:type\" content=\"article\" \/>\n<meta property=\"og:title\" content=\"Sonora en Equipo. AMLO supera su segundo contagio de covid-19 y vuelve a las conferencias presidenciales Rep\u00fablica\" \/>\n<meta property=\"og:description\" content=\"CIUDAD DE M\u00c9XICO. MX. \u2014 Tras seis d\u00edas sin actividades p\u00fablicas al contagiarse de covid-19 por segunda ocasi\u00f3n, el presidente Andr\u00e9s Manuel L\u00f3pez Obrador En Sonora en Equipo publicamos toda la informaci\u00f3n de Sonora, M\u00e9xico y el Mundo de manera oportuna y busca que la libertad de expresi\u00f3n sea real. Visita nuestro medio informativo publicado desde Hermosillo, Sonora. %\" \/>\n<meta property=\"og:url\" content=\"https:\/\/www.sonoraenequipo.com.mx\/amlo-supera-su-segundo-contagio-de-covid-19-y-vuelve-a-las-conferencias-presidenciales\/\" \/>\n<meta property=\"og:site_name\" content=\"Sonora en Equipo.\" \/>\n<meta property=\"article:publisher\" content=\"https:\/\/www.facebook.com\/SonoraEE\/\" \/>\n<meta property=\"article:author\" content=\"https:\/\/www.facebook.com\/SonoraEE\" \/>\n<meta property=\"article:published_time\" content=\"2022-01-17T14:20:00+00:00\" \/>\n<meta property=\"article:modified_time\" content=\"2022-01-17T19:33:34+00:00\" \/>\n<meta name=\"author\" content=\"enequipo\" \/>\n<meta name=\"twitter:card\" content=\"summary_large_image\" \/>\n<meta name=\"twitter:creator\" content=\"@sonoraenequipo\" \/>\n<meta name=\"twitter:site\" content=\"@sonoraenequipo\" \/>\n<meta name=\"twitter:label1\" content=\"Escrito por\" \/>\n\t<meta name=\"twitter:data1\" content=\"enequipo\" \/>\n\t<meta name=\"twitter:label2\" content=\"Tiempo de lectura\" \/>\n\t<meta name=\"twitter:data2\" content=\"2 minutos\" \/>\n<script type=\"application\/ld+json\" class=\"yoast-schema-graph\">{\"@context\":\"https:\/\/schema.org\",\"@graph\":[{\"@type\":\"Article\",\"@id\":\"https:\/\/www.sonoraenequipo.com.mx\/amlo-supera-su-segundo-contagio-de-covid-19-y-vuelve-a-las-conferencias-presidenciales\/#article\",\"isPartOf\":{\"@id\":\"https:\/\/www.sonoraenequipo.com.mx\/amlo-supera-su-segundo-contagio-de-covid-19-y-vuelve-a-las-conferencias-presidenciales\/\"},\"author\":{\"name\":\"enequipo\",\"@id\":\"https:\/\/www.sonoraenequipo.com.mx\/#\/schema\/person\/50102df0fb23a8fa9e8effad8fa81386\"},\"headline\":\"AMLO supera su segundo contagio de covid-19 y vuelve a las conferencias presidenciales\",\"datePublished\":\"2022-01-17T14:20:00+00:00\",\"dateModified\":\"2022-01-17T19:33:34+00:00\",\"mainEntityOfPage\":{\"@id\":\"https:\/\/www.sonoraenequipo.com.mx\/amlo-supera-su-segundo-contagio-de-covid-19-y-vuelve-a-las-conferencias-presidenciales\/\"},\"wordCount\":367,\"commentCount\":0,\"publisher\":{\"@id\":\"https:\/\/www.sonoraenequipo.com.mx\/#organization\"},\"articleSection\":[\"Rep\u00fablica\"],\"inLanguage\":\"es\",\"potentialAction\":[{\"@type\":\"CommentAction\",\"name\":\"Comment\",\"target\":[\"https:\/\/www.sonoraenequipo.com.mx\/amlo-supera-su-segundo-contagio-de-covid-19-y-vuelve-a-las-conferencias-presidenciales\/#respond\"]}]},{\"@type\":\"WebPage\",\"@id\":\"https:\/\/www.sonoraenequipo.com.mx\/amlo-supera-su-segundo-contagio-de-covid-19-y-vuelve-a-las-conferencias-presidenciales\/\",\"url\":\"https:\/\/www.sonoraenequipo.com.mx\/amlo-supera-su-segundo-contagio-de-covid-19-y-vuelve-a-las-conferencias-presidenciales\/\",\"name\":\"Sonora en Equipo. AMLO supera su segundo contagio de covid-19 y vuelve a las conferencias presidenciales Rep\u00fablica\",\"isPartOf\":{\"@id\":\"https:\/\/www.sonoraenequipo.com.mx\/#website\"},\"datePublished\":\"2022-01-17T14:20:00+00:00\",\"dateModified\":\"2022-01-17T19:33:34+00:00\",\"description\":\"CIUDAD DE M\u00c9XICO. MX. \u2014 Tras seis d\u00edas sin actividades p\u00fablicas al contagiarse de covid-19 por segunda ocasi\u00f3n, el presidente Andr\u00e9s Manuel L\u00f3pez Obrador En Sonora en Equipo publicamos toda la informaci\u00f3n de Sonora, M\u00e9xico y el Mundo de manera oportuna y busca que la libertad de expresi\u00f3n sea real. Visita nuestro medio informativo publicado desde Hermosillo, Sonora. %\",\"breadcrumb\":{\"@id\":\"https:\/\/www.sonoraenequipo.com.mx\/amlo-supera-su-segundo-contagio-de-covid-19-y-vuelve-a-las-conferencias-presidenciales\/#breadcrumb\"},\"inLanguage\":\"es\",\"potentialAction\":[{\"@type\":\"ReadAction\",\"target\":[\"https:\/\/www.sonoraenequipo.com.mx\/amlo-supera-su-segundo-contagio-de-covid-19-y-vuelve-a-las-conferencias-presidenciales\/\"]}]},{\"@type\":\"BreadcrumbList\",\"@id\":\"https:\/\/www.sonoraenequipo.com.mx\/amlo-supera-su-segundo-contagio-de-covid-19-y-vuelve-a-las-conferencias-presidenciales\/#breadcrumb\",\"itemListElement\":[{\"@type\":\"ListItem\",\"position\":1,\"name\":\"Portada\",\"item\":\"https:\/\/www.sonoraenequipo.com.mx\/\"},{\"@type\":\"ListItem\",\"position\":2,\"name\":\"AMLO supera su segundo contagio de covid-19 y vuelve a las conferencias presidenciales\"}]},{\"@type\":\"WebSite\",\"@id\":\"https:\/\/www.sonoraenequipo.com.mx\/#website\",\"url\":\"https:\/\/www.sonoraenequipo.com.mx\/\",\"name\":\"Sonora en Equipo.\",\"description\":\"Diario en l\u00ednea con Noticias desde Hermosillo, Sonora\",\"publisher\":{\"@id\":\"https:\/\/www.sonoraenequipo.com.mx\/#organization\"},\"potentialAction\":[{\"@type\":\"SearchAction\",\"target\":{\"@type\":\"EntryPoint\",\"urlTemplate\":\"https:\/\/www.sonoraenequipo.com.mx\/?s={search_term_string}\"},\"query-input\":{\"@type\":\"PropertyValueSpecification\",\"valueRequired\":true,\"valueName\":\"search_term_string\"}}],\"inLanguage\":\"es\"},{\"@type\":\"Organization\",\"@id\":\"https:\/\/www.sonoraenequipo.com.mx\/#organization\",\"name\":\"Sonoraenequipo.com.mx\",\"url\":\"https:\/\/www.sonoraenequipo.com.mx\/\",\"logo\":{\"@type\":\"ImageObject\",\"inLanguage\":\"es\",\"@id\":\"https:\/\/www.sonoraenequipo.com.mx\/#\/schema\/logo\/image\/\",\"url\":\"https:\/\/www.sonoraenequipo.com.mx\/storage\/2019\/01\/sonoraenequipo_opt.png\",\"contentUrl\":\"https:\/\/www.sonoraenequipo.com.mx\/storage\/2019\/01\/sonoraenequipo_opt.png\",\"width\":375,\"height\":125,\"caption\":\"Sonoraenequipo.com.mx\"},\"image\":{\"@id\":\"https:\/\/www.sonoraenequipo.com.mx\/#\/schema\/logo\/image\/\"},\"sameAs\":[\"https:\/\/www.facebook.com\/SonoraEE\/\",\"https:\/\/x.com\/sonoraenequipo\",\"https:\/\/www.youtube.com\/channel\/UC338nW-lPEYmJQs4ZABQ1SQ\"]},{\"@type\":\"Person\",\"@id\":\"https:\/\/www.sonoraenequipo.com.mx\/#\/schema\/person\/50102df0fb23a8fa9e8effad8fa81386\",\"name\":\"enequipo\",\"image\":{\"@type\":\"ImageObject\",\"inLanguage\":\"es\",\"@id\":\"https:\/\/www.sonoraenequipo.com.mx\/#\/schema\/person\/image\/\",\"url\":\"https:\/\/secure.gravatar.com\/avatar\/049821681b589dabc0bc20695993ccebb09f5b5d4d790cd9251b97faac7c652b?s=96&d=blank&r=g\",\"contentUrl\":\"https:\/\/secure.gravatar.com\/avatar\/049821681b589dabc0bc20695993ccebb09f5b5d4d790cd9251b97faac7c652b?s=96&d=blank&r=g\",\"caption\":\"enequipo\"},\"sameAs\":[\"https:\/\/www.facebook.com\/SonoraEE\"]}]}<\/script>\n ","yoast_head_json":{"title":"Sonora en Equipo. AMLO supera su segundo contagio de covid-19 y vuelve a las conferencias presidenciales Rep\u00fablica","description":"CIUDAD DE M\u00c9XICO. MX. \u2014 Tras seis d\u00edas sin actividades p\u00fablicas al contagiarse de covid-19 por segunda ocasi\u00f3n, el presidente Andr\u00e9s Manuel L\u00f3pez Obrador En Sonora en Equipo publicamos toda la informaci\u00f3n de Sonora, M\u00e9xico y el Mundo de manera oportuna y busca que la libertad de expresi\u00f3n sea real. Visita nuestro medio informativo publicado desde Hermosillo, Sonora. %","robots":{"index":"index","follow":"follow","max-snippet":"max-snippet:-1","max-image-preview":"max-image-preview:large","max-video-preview":"max-video-preview:-1"},"canonical":"https:\/\/www.sonoraenequipo.com.mx\/amlo-supera-su-segundo-contagio-de-covid-19-y-vuelve-a-las-conferencias-presidenciales\/","og_locale":"es_ES","og_type":"article","og_title":"Sonora en Equipo. AMLO supera su segundo contagio de covid-19 y vuelve a las conferencias presidenciales Rep\u00fablica","og_description":"CIUDAD DE M\u00c9XICO. MX. \u2014 Tras seis d\u00edas sin actividades p\u00fablicas al contagiarse de covid-19 por segunda ocasi\u00f3n, el presidente Andr\u00e9s Manuel L\u00f3pez Obrador En Sonora en Equipo publicamos toda la informaci\u00f3n de Sonora, M\u00e9xico y el Mundo de manera oportuna y busca que la libertad de expresi\u00f3n sea real. Visita nuestro medio informativo publicado desde Hermosillo, Sonora. %","og_url":"https:\/\/www.sonoraenequipo.com.mx\/amlo-supera-su-segundo-contagio-de-covid-19-y-vuelve-a-las-conferencias-presidenciales\/","og_site_name":"Sonora en Equipo.","article_publisher":"https:\/\/www.facebook.com\/SonoraEE\/","article_author":"https:\/\/www.facebook.com\/SonoraEE","article_published_time":"2022-01-17T14:20:00+00:00","article_modified_time":"2022-01-17T19:33:34+00:00","author":"enequipo","twitter_card":"summary_large_image","twitter_creator":"@sonoraenequipo","twitter_site":"@sonoraenequipo","twitter_misc":{"Escrito por":"enequipo","Tiempo de lectura":"2 minutos"},"schema":{"@context":"https:\/\/schema.org","@graph":[{"@type":"Article","@id":"https:\/\/www.sonoraenequipo.com.mx\/amlo-supera-su-segundo-contagio-de-covid-19-y-vuelve-a-las-conferencias-presidenciales\/#article","isPartOf":{"@id":"https:\/\/www.sonoraenequipo.com.mx\/amlo-supera-su-segundo-contagio-de-covid-19-y-vuelve-a-las-conferencias-presidenciales\/"},"author":{"name":"enequipo","@id":"https:\/\/www.sonoraenequipo.com.mx\/#\/schema\/person\/50102df0fb23a8fa9e8effad8fa81386"},"headline":"AMLO supera su segundo contagio de covid-19 y vuelve a las conferencias presidenciales","datePublished":"2022-01-17T14:20:00+00:00","dateModified":"2022-01-17T19:33:34+00:00","mainEntityOfPage":{"@id":"https:\/\/www.sonoraenequipo.com.mx\/amlo-supera-su-segundo-contagio-de-covid-19-y-vuelve-a-las-conferencias-presidenciales\/"},"wordCount":367,"commentCount":0,"publisher":{"@id":"https:\/\/www.sonoraenequipo.com.mx\/#organization"},"articleSection":["Rep\u00fablica"],"inLanguage":"es","potentialAction":[{"@type":"CommentAction","name":"Comment","target":["https:\/\/www.sonoraenequipo.com.mx\/amlo-supera-su-segundo-contagio-de-covid-19-y-vuelve-a-las-conferencias-presidenciales\/#respond"]}]},{"@type":"WebPage","@id":"https:\/\/www.sonoraenequipo.com.mx\/amlo-supera-su-segundo-contagio-de-covid-19-y-vuelve-a-las-conferencias-presidenciales\/","url":"https:\/\/www.sonoraenequipo.com.mx\/amlo-supera-su-segundo-contagio-de-covid-19-y-vuelve-a-las-conferencias-presidenciales\/","name":"Sonora en Equipo. AMLO supera su segundo contagio de covid-19 y vuelve a las conferencias presidenciales Rep\u00fablica","isPartOf":{"@id":"https:\/\/www.sonoraenequipo.com.mx\/#website"},"datePublished":"2022-01-17T14:20:00+00:00","dateModified":"2022-01-17T19:33:34+00:00","description":"CIUDAD DE M\u00c9XICO. MX. \u2014 Tras seis d\u00edas sin actividades p\u00fablicas al contagiarse de covid-19 por segunda ocasi\u00f3n, el presidente Andr\u00e9s Manuel L\u00f3pez Obrador En Sonora en Equipo publicamos toda la informaci\u00f3n de Sonora, M\u00e9xico y el Mundo de manera oportuna y busca que la libertad de expresi\u00f3n sea real. Visita nuestro medio informativo publicado desde Hermosillo, Sonora. %","breadcrumb":{"@id":"https:\/\/www.sonoraenequipo.com.mx\/amlo-supera-su-segundo-contagio-de-covid-19-y-vuelve-a-las-conferencias-presidenciales\/#breadcrumb"},"inLanguage":"es","potentialAction":[{"@type":"ReadAction","target":["https:\/\/www.sonoraenequipo.com.mx\/amlo-supera-su-segundo-contagio-de-covid-19-y-vuelve-a-las-conferencias-presidenciales\/"]}]},{"@type":"BreadcrumbList","@id":"https:\/\/www.sonoraenequipo.com.mx\/amlo-supera-su-segundo-contagio-de-covid-19-y-vuelve-a-las-conferencias-presidenciales\/#breadcrumb","itemListElement":[{"@type":"ListItem","position":1,"name":"Portada","item":"https:\/\/www.sonoraenequipo.com.mx\/"},{"@type":"ListItem","position":2,"name":"AMLO supera su segundo contagio de covid-19 y vuelve a las conferencias presidenciales"}]},{"@type":"WebSite","@id":"https:\/\/www.sonoraenequipo.com.mx\/#website","url":"https:\/\/www.sonoraenequipo.com.mx\/","name":"Sonora en Equipo.","description":"Diario en l\u00ednea con Noticias desde Hermosillo, Sonora","publisher":{"@id":"https:\/\/www.sonoraenequipo.com.mx\/#organization"},"potentialAction":[{"@type":"SearchAction","target":{"@type":"EntryPoint","urlTemplate":"https:\/\/www.sonoraenequipo.com.mx\/?s={search_term_string}"},"query-input":{"@type":"PropertyValueSpecification","valueRequired":true,"valueName":"search_term_string"}}],"inLanguage":"es"},{"@type":"Organization","@id":"https:\/\/www.sonoraenequipo.com.mx\/#organization","name":"Sonoraenequipo.com.mx","url":"https:\/\/www.sonoraenequipo.com.mx\/","logo":{"@type":"ImageObject","inLanguage":"es","@id":"https:\/\/www.sonoraenequipo.com.mx\/#\/schema\/logo\/image\/","url":"https:\/\/www.sonoraenequipo.com.mx\/storage\/2019\/01\/sonoraenequipo_opt.png","contentUrl":"https:\/\/www.sonoraenequipo.com.mx\/storage\/2019\/01\/sonoraenequipo_opt.png","width":375,"height":125,"caption":"Sonoraenequipo.com.mx"},"image":{"@id":"https:\/\/www.sonoraenequipo.com.mx\/#\/schema\/logo\/image\/"},"sameAs":["https:\/\/www.facebook.com\/SonoraEE\/","https:\/\/x.com\/sonoraenequipo","https:\/\/www.youtube.com\/channel\/UC338nW-lPEYmJQs4ZABQ1SQ"]},{"@type":"Person","@id":"https:\/\/www.sonoraenequipo.com.mx\/#\/schema\/person\/50102df0fb23a8fa9e8effad8fa81386","name":"enequipo","image":{"@type":"ImageObject","inLanguage":"es","@id":"https:\/\/www.sonoraenequipo.com.mx\/#\/schema\/person\/image\/","url":"https:\/\/secure.gravatar.com\/avatar\/049821681b589dabc0bc20695993ccebb09f5b5d4d790cd9251b97faac7c652b?s=96&d=blank&r=g","contentUrl":"https:\/\/secure.gravatar.com\/avatar\/049821681b589dabc0bc20695993ccebb09f5b5d4d790cd9251b97faac7c652b?s=96&d=blank&r=g","caption":"enequipo"},"sameAs":["https:\/\/www.facebook.com\/SonoraEE"]}]}},"jetpack_featured_media_url":"","_links":{"self":[{"href":"https:\/\/www.sonoraenequipo.com.mx\/api\/wp\/v2\/posts\/131446","targetHints":{"allow":["GET"]}}],"collection":[{"href":"https:\/\/www.sonoraenequipo.com.mx\/api\/wp\/v2\/posts"}],"about":[{"href":"https:\/\/www.sonoraenequipo.com.mx\/api\/wp\/v2\/types\/post"}],"author":[{"embeddable":true,"href":"https:\/\/www.sonoraenequipo.com.mx\/api\/wp\/v2\/users\/1"}],"replies":[{"embeddable":true,"href":"https:\/\/www.sonoraenequipo.com.mx\/api\/wp\/v2\/comments?post=131446"}],"version-history":[{"count":2,"href":"https:\/\/www.sonoraenequipo.com.mx\/api\/wp\/v2\/posts\/131446\/revisions"}],"predecessor-version":[{"id":131449,"href":"https:\/\/www.sonoraenequipo.com.mx\/api\/wp\/v2\/posts\/131446\/revisions\/131449"}],"wp:attachment":[{"href":"https:\/\/www.sonoraenequipo.com.mx\/api\/wp\/v2\/media?parent=131446"}],"wp:term":[{"taxonomy":"category","embeddable":true,"href":"https:\/\/www.sonoraenequipo.com.mx\/api\/wp\/v2\/categories?post=131446"},{"taxonomy":"post_tag","embeddable":true,"href":"https:\/\/www.sonoraenequipo.com.mx\/api\/wp\/v2\/tags?post=131446"}],"curies":[{"name":"wp","href":"https:\/\/api.w.org\/{rel}","templated":true}]}}