{"id":131450,"date":"2022-01-17T12:53:10","date_gmt":"2022-01-17T19:53:10","guid":{"rendered":"https:\/\/www.sonoraenequipo.com.mx\/?p=131450"},"modified":"2022-01-17T12:53:10","modified_gmt":"2022-01-17T19:53:10","slug":"cajeme-anuncian-jornada-jovenes-construyendo-el-futuro","status":"publish","type":"post","link":"https:\/\/www.sonoraenequipo.com.mx\/cajeme-anuncian-jornada-jovenes-construyendo-el-futuro\/","title":{"rendered":"CAJEME. Anuncian jornada \u201cj\u00f3venes construyendo el futuro\u201d"},"content":{"rendered":"<p>CAJEME.SONORA,MX.\u2500\u2500 Para que los j\u00f3venes tengan oportunidades laborales, el Ayuntamiento de Cajeme a trav\u00e9s del Instituto Cajemense de la Juventud y en coordinaci\u00f3n con el Gobierno Federal, anunci\u00f3 el programa \u201cJ\u00f3venes construyendo el Futuro\u201d.<\/p>\n<p>&nbsp;<\/p>\n<p>Durante el Di\u00e1logo con Cajeme de esta ma\u00f1ana, el Presidente Municipal, Javier Lamarque Cano, inform\u00f3 que este programa tiene el objetivo claro y ben\u00e9fico de dar alternativas de capacitaci\u00f3n y empleo a las y los j\u00f3venes cajemenses para que se integren a la vida productiva de la regi\u00f3n.<\/p>\n<p>&nbsp;<\/p>\n<p>Fernando F\u00e9lix Garza, director del Instituto Cajemense de la Juventud, explic\u00f3 que la jornada est\u00e1 orientada a j\u00f3venes que no estudien ni trabajen actualmente, al igual que a las micro, peque\u00f1as y medianas empresas para que se inscriban y puedan ser opciones de trabajo para emplear a los postulantes.<\/p>\n<p>&nbsp;<\/p>\n<p>Inform\u00f3 que la jornada se realizar\u00e1 el pr\u00f3ximo mi\u00e9rcoles 19 de enero a las 9 de la ma\u00f1ana en la Plaza \u00c1lvaro Obreg\u00f3n. Las y los interesados deber\u00e1n presentar su credencial del INE, comprobante de domicilio y una cuenta de correo electr\u00f3nico para que se les d\u00e9 de alta en la plataforma. Asimismo, las empresas interesadas deber\u00e1n presentar su RFC, foto de interior y exterior del negocio y comprobante de domicilio.<\/p>\n<p>&nbsp;<\/p>\n<p>En otros temas, el Alcalde precis\u00f3 que se sigue trabajando en la estrategia de seguridad en coordinaci\u00f3n con la Federaci\u00f3n y el Estado, la cual implica mayores apoyos en log\u00edstica y en la presencia de elementos que han llegado a reforzar al municipio.<\/p>\n<p>&nbsp;<\/p>\n<p>Agreg\u00f3 que habr\u00e1 cambios esta semana en la l\u00ednea de esta coordinaci\u00f3n, aunado a la visita del Presidente Andr\u00e9s Manuel L\u00f3pez Obrador el pr\u00f3ximo mes para reforzar la seguridad y recuperar la tranquilidad en el municipio.<\/p>\n<p>&nbsp;<\/p>\n<p>En relaci\u00f3n al portal de Transparencia, el Presidente Lamarque Cano dio a conocer que se trabaja en una nueva plataforma, m\u00e1s \u00e1gil y accesible para las y los ciudadanos.<\/p>\n<p>&nbsp;<\/p>\n<p>Al estar el proyecto de jard\u00edn bot\u00e1nico de la Fundaci\u00f3n Ambientalista del Valle del Yaqui prospectado en el mismo sector del proyecto de Ciudad Futura que se tiene para el municipio, el Alcalde se\u00f1al\u00f3 que est\u00e1 buscando fusionarlos, en tanto se sigue con las gestiones en el estado.<\/p>\n<p>Fecha de publicaci\u00f3n: lunes \/ 17 \/ enero \/ 2022<\/p>\n<p>&nbsp;<\/p>\n","protected":false},"excerpt":{"rendered":"<p>CAJEME.SONORA,MX.\u2500\u2500 Para que los j\u00f3venes tengan oportunidades laborales, el Ayuntamiento de Cajeme a trav\u00e9s del&#8230;<\/p>\n","protected":false},"author":1,"featured_media":131451,"comment_status":"open","ping_status":"open","sticky":false,"template":"","format":"standard","meta":{"_monsterinsights_skip_tracking":false,"_monsterinsights_sitenote_active":false,"_monsterinsights_sitenote_note":"","_monsterinsights_sitenote_category":0,"footnotes":""},"categories":[4],"tags":[476,1222],"class_list":["post"],"yoast_head":" \n<title>Sonora en Equipo. CAJEME. Anuncian jornada \u201cj\u00f3venes construyendo el futuro\u201d Municipios<\/title>\n<meta name=\"description\" content=\"CAJEME.SONORA,MX.\u2500\u2500 Para que los j\u00f3venes tengan oportunidades laborales, el Ayuntamiento de Cajeme a trav\u00e9s del Instituto Cajemense de la Juventud y en En Sonora en Equipo publicamos toda la informaci\u00f3n de Sonora, M\u00e9xico y el Mundo de manera oportuna y busca que la libertad de expresi\u00f3n sea real. Visita nuestro medio informativo publicado desde Hermosillo, Sonora. %\" \/>\n<meta name=\"robots\" content=\"index, follow, max-snippet:-1, max-image-preview:large, max-video-preview:-1\" \/>\n<link rel=\"canonical\" href=\"https:\/\/www.sonoraenequipo.com.mx\/cajeme-anuncian-jornada-jovenes-construyendo-el-futuro\/\" \/>\n<meta property=\"og:locale\" content=\"es_ES\" \/>\n<meta property=\"og:type\" content=\"article\" \/>\n<meta property=\"og:title\" content=\"Sonora en Equipo. CAJEME. Anuncian jornada \u201cj\u00f3venes construyendo el futuro\u201d Municipios\" \/>\n<meta property=\"og:description\" content=\"CAJEME.SONORA,MX.\u2500\u2500 Para que los j\u00f3venes tengan oportunidades laborales, el Ayuntamiento de Cajeme a trav\u00e9s del Instituto Cajemense de la Juventud y en En Sonora en Equipo publicamos toda la informaci\u00f3n de Sonora, M\u00e9xico y el Mundo de manera oportuna y busca que la libertad de expresi\u00f3n sea real. Visita nuestro medio informativo publicado desde Hermosillo, Sonora. %\" \/>\n<meta property=\"og:url\" content=\"https:\/\/www.sonoraenequipo.com.mx\/cajeme-anuncian-jornada-jovenes-construyendo-el-futuro\/\" \/>\n<meta property=\"og:site_name\" content=\"Sonora en Equipo.\" \/>\n<meta property=\"article:publisher\" content=\"https:\/\/www.facebook.com\/SonoraEE\/\" \/>\n<meta property=\"article:author\" content=\"https:\/\/www.facebook.com\/SonoraEE\" \/>\n<meta property=\"article:published_time\" content=\"2022-01-17T19:53:10+00:00\" \/>\n<meta property=\"og:image\" content=\"https:\/\/www.sonoraenequipo.com.mx\/storage\/2022\/01\/jardin-botanico.jpg\" \/>\n\t<meta property=\"og:image:width\" content=\"600\" \/>\n\t<meta property=\"og:image:height\" content=\"400\" \/>\n\t<meta property=\"og:image:type\" content=\"image\/jpeg\" \/>\n<meta name=\"author\" content=\"enequipo\" \/>\n<meta name=\"twitter:card\" content=\"summary_large_image\" \/>\n<meta name=\"twitter:creator\" content=\"@sonoraenequipo\" \/>\n<meta name=\"twitter:site\" content=\"@sonoraenequipo\" \/>\n<meta name=\"twitter:label1\" content=\"Escrito por\" \/>\n\t<meta name=\"twitter:data1\" content=\"enequipo\" \/>\n\t<meta name=\"twitter:label2\" content=\"Tiempo de lectura\" \/>\n\t<meta name=\"twitter:data2\" content=\"2 minutos\" \/>\n<script type=\"application\/ld+json\" class=\"yoast-schema-graph\">{\"@context\":\"https:\/\/schema.org\",\"@graph\":[{\"@type\":\"Article\",\"@id\":\"https:\/\/www.sonoraenequipo.com.mx\/cajeme-anuncian-jornada-jovenes-construyendo-el-futuro\/#article\",\"isPartOf\":{\"@id\":\"https:\/\/www.sonoraenequipo.com.mx\/cajeme-anuncian-jornada-jovenes-construyendo-el-futuro\/\"},\"author\":{\"name\":\"enequipo\",\"@id\":\"https:\/\/www.sonoraenequipo.com.mx\/#\/schema\/person\/50102df0fb23a8fa9e8effad8fa81386\"},\"headline\":\"CAJEME. Anuncian jornada \u201cj\u00f3venes construyendo el futuro\u201d\",\"datePublished\":\"2022-01-17T19:53:10+00:00\",\"mainEntityOfPage\":{\"@id\":\"https:\/\/www.sonoraenequipo.com.mx\/cajeme-anuncian-jornada-jovenes-construyendo-el-futuro\/\"},\"wordCount\":414,\"commentCount\":0,\"publisher\":{\"@id\":\"https:\/\/www.sonoraenequipo.com.mx\/#organization\"},\"image\":{\"@id\":\"https:\/\/www.sonoraenequipo.com.mx\/cajeme-anuncian-jornada-jovenes-construyendo-el-futuro\/#primaryimage\"},\"thumbnailUrl\":\"https:\/\/www.sonoraenequipo.com.mx\/storage\/2022\/01\/jardin-botanico.jpg\",\"keywords\":[\"Cajeme\",\"j\u00f3venes\"],\"articleSection\":[\"Municipios\"],\"inLanguage\":\"es\",\"potentialAction\":[{\"@type\":\"CommentAction\",\"name\":\"Comment\",\"target\":[\"https:\/\/www.sonoraenequipo.com.mx\/cajeme-anuncian-jornada-jovenes-construyendo-el-futuro\/#respond\"]}]},{\"@type\":\"WebPage\",\"@id\":\"https:\/\/www.sonoraenequipo.com.mx\/cajeme-anuncian-jornada-jovenes-construyendo-el-futuro\/\",\"url\":\"https:\/\/www.sonoraenequipo.com.mx\/cajeme-anuncian-jornada-jovenes-construyendo-el-futuro\/\",\"name\":\"Sonora en Equipo. CAJEME. Anuncian jornada \u201cj\u00f3venes construyendo el futuro\u201d Municipios\",\"isPartOf\":{\"@id\":\"https:\/\/www.sonoraenequipo.com.mx\/#website\"},\"primaryImageOfPage\":{\"@id\":\"https:\/\/www.sonoraenequipo.com.mx\/cajeme-anuncian-jornada-jovenes-construyendo-el-futuro\/#primaryimage\"},\"image\":{\"@id\":\"https:\/\/www.sonoraenequipo.com.mx\/cajeme-anuncian-jornada-jovenes-construyendo-el-futuro\/#primaryimage\"},\"thumbnailUrl\":\"https:\/\/www.sonoraenequipo.com.mx\/storage\/2022\/01\/jardin-botanico.jpg\",\"datePublished\":\"2022-01-17T19:53:10+00:00\",\"description\":\"CAJEME.SONORA,MX.\u2500\u2500 Para que los j\u00f3venes tengan oportunidades laborales, el Ayuntamiento de Cajeme a trav\u00e9s del Instituto Cajemense de la Juventud y en En Sonora en Equipo publicamos toda la informaci\u00f3n de Sonora, M\u00e9xico y el Mundo de manera oportuna y busca que la libertad de expresi\u00f3n sea real. Visita nuestro medio informativo publicado desde Hermosillo, Sonora. %\",\"breadcrumb\":{\"@id\":\"https:\/\/www.sonoraenequipo.com.mx\/cajeme-anuncian-jornada-jovenes-construyendo-el-futuro\/#breadcrumb\"},\"inLanguage\":\"es\",\"potentialAction\":[{\"@type\":\"ReadAction\",\"target\":[\"https:\/\/www.sonoraenequipo.com.mx\/cajeme-anuncian-jornada-jovenes-construyendo-el-futuro\/\"]}]},{\"@type\":\"ImageObject\",\"inLanguage\":\"es\",\"@id\":\"https:\/\/www.sonoraenequipo.com.mx\/cajeme-anuncian-jornada-jovenes-construyendo-el-futuro\/#primaryimage\",\"url\":\"https:\/\/www.sonoraenequipo.com.mx\/storage\/2022\/01\/jardin-botanico.jpg\",\"contentUrl\":\"https:\/\/www.sonoraenequipo.com.mx\/storage\/2022\/01\/jardin-botanico.jpg\",\"width\":600,\"height\":400,\"caption\":\"Imagen para ilustrar\"},{\"@type\":\"BreadcrumbList\",\"@id\":\"https:\/\/www.sonoraenequipo.com.mx\/cajeme-anuncian-jornada-jovenes-construyendo-el-futuro\/#breadcrumb\",\"itemListElement\":[{\"@type\":\"ListItem\",\"position\":1,\"name\":\"Portada\",\"item\":\"https:\/\/www.sonoraenequipo.com.mx\/\"},{\"@type\":\"ListItem\",\"position\":2,\"name\":\"CAJEME. Anuncian jornada \u201cj\u00f3venes construyendo el futuro\u201d\"}]},{\"@type\":\"WebSite\",\"@id\":\"https:\/\/www.sonoraenequipo.com.mx\/#website\",\"url\":\"https:\/\/www.sonoraenequipo.com.mx\/\",\"name\":\"Sonora en Equipo.\",\"description\":\"Diario en l\u00ednea con Noticias desde Hermosillo, Sonora\",\"publisher\":{\"@id\":\"https:\/\/www.sonoraenequipo.com.mx\/#organization\"},\"potentialAction\":[{\"@type\":\"SearchAction\",\"target\":{\"@type\":\"EntryPoint\",\"urlTemplate\":\"https:\/\/www.sonoraenequipo.com.mx\/?s={search_term_string}\"},\"query-input\":{\"@type\":\"PropertyValueSpecification\",\"valueRequired\":true,\"valueName\":\"search_term_string\"}}],\"inLanguage\":\"es\"},{\"@type\":\"Organization\",\"@id\":\"https:\/\/www.sonoraenequipo.com.mx\/#organization\",\"name\":\"Sonoraenequipo.com.mx\",\"url\":\"https:\/\/www.sonoraenequipo.com.mx\/\",\"logo\":{\"@type\":\"ImageObject\",\"inLanguage\":\"es\",\"@id\":\"https:\/\/www.sonoraenequipo.com.mx\/#\/schema\/logo\/image\/\",\"url\":\"https:\/\/www.sonoraenequipo.com.mx\/storage\/2019\/01\/sonoraenequipo_opt.png\",\"contentUrl\":\"https:\/\/www.sonoraenequipo.com.mx\/storage\/2019\/01\/sonoraenequipo_opt.png\",\"width\":375,\"height\":125,\"caption\":\"Sonoraenequipo.com.mx\"},\"image\":{\"@id\":\"https:\/\/www.sonoraenequipo.com.mx\/#\/schema\/logo\/image\/\"},\"sameAs\":[\"https:\/\/www.facebook.com\/SonoraEE\/\",\"https:\/\/x.com\/sonoraenequipo\",\"https:\/\/www.youtube.com\/channel\/UC338nW-lPEYmJQs4ZABQ1SQ\"]},{\"@type\":\"Person\",\"@id\":\"https:\/\/www.sonoraenequipo.com.mx\/#\/schema\/person\/50102df0fb23a8fa9e8effad8fa81386\",\"name\":\"enequipo\",\"image\":{\"@type\":\"ImageObject\",\"inLanguage\":\"es\",\"@id\":\"https:\/\/www.sonoraenequipo.com.mx\/#\/schema\/person\/image\/\",\"url\":\"https:\/\/secure.gravatar.com\/avatar\/049821681b589dabc0bc20695993ccebb09f5b5d4d790cd9251b97faac7c652b?s=96&d=blank&r=g\",\"contentUrl\":\"https:\/\/secure.gravatar.com\/avatar\/049821681b589dabc0bc20695993ccebb09f5b5d4d790cd9251b97faac7c652b?s=96&d=blank&r=g\",\"caption\":\"enequipo\"},\"sameAs\":[\"https:\/\/www.facebook.com\/SonoraEE\"]}]}<\/script>\n ","yoast_head_json":{"title":"Sonora en Equipo. CAJEME. Anuncian jornada \u201cj\u00f3venes construyendo el futuro\u201d Municipios","description":"CAJEME.SONORA,MX.\u2500\u2500 Para que los j\u00f3venes tengan oportunidades laborales, el Ayuntamiento de Cajeme a trav\u00e9s del Instituto Cajemense de la Juventud y en En Sonora en Equipo publicamos toda la informaci\u00f3n de Sonora, M\u00e9xico y el Mundo de manera oportuna y busca que la libertad de expresi\u00f3n sea real. Visita nuestro medio informativo publicado desde Hermosillo, Sonora. %","robots":{"index":"index","follow":"follow","max-snippet":"max-snippet:-1","max-image-preview":"max-image-preview:large","max-video-preview":"max-video-preview:-1"},"canonical":"https:\/\/www.sonoraenequipo.com.mx\/cajeme-anuncian-jornada-jovenes-construyendo-el-futuro\/","og_locale":"es_ES","og_type":"article","og_title":"Sonora en Equipo. CAJEME. Anuncian jornada \u201cj\u00f3venes construyendo el futuro\u201d Municipios","og_description":"CAJEME.SONORA,MX.\u2500\u2500 Para que los j\u00f3venes tengan oportunidades laborales, el Ayuntamiento de Cajeme a trav\u00e9s del Instituto Cajemense de la Juventud y en En Sonora en Equipo publicamos toda la informaci\u00f3n de Sonora, M\u00e9xico y el Mundo de manera oportuna y busca que la libertad de expresi\u00f3n sea real. Visita nuestro medio informativo publicado desde Hermosillo, Sonora. %","og_url":"https:\/\/www.sonoraenequipo.com.mx\/cajeme-anuncian-jornada-jovenes-construyendo-el-futuro\/","og_site_name":"Sonora en Equipo.","article_publisher":"https:\/\/www.facebook.com\/SonoraEE\/","article_author":"https:\/\/www.facebook.com\/SonoraEE","article_published_time":"2022-01-17T19:53:10+00:00","og_image":[{"width":600,"height":400,"url":"https:\/\/www.sonoraenequipo.com.mx\/storage\/2022\/01\/jardin-botanico.jpg","type":"image\/jpeg"}],"author":"enequipo","twitter_card":"summary_large_image","twitter_creator":"@sonoraenequipo","twitter_site":"@sonoraenequipo","twitter_misc":{"Escrito por":"enequipo","Tiempo de lectura":"2 minutos"},"schema":{"@context":"https:\/\/schema.org","@graph":[{"@type":"Article","@id":"https:\/\/www.sonoraenequipo.com.mx\/cajeme-anuncian-jornada-jovenes-construyendo-el-futuro\/#article","isPartOf":{"@id":"https:\/\/www.sonoraenequipo.com.mx\/cajeme-anuncian-jornada-jovenes-construyendo-el-futuro\/"},"author":{"name":"enequipo","@id":"https:\/\/www.sonoraenequipo.com.mx\/#\/schema\/person\/50102df0fb23a8fa9e8effad8fa81386"},"headline":"CAJEME. Anuncian jornada \u201cj\u00f3venes construyendo el futuro\u201d","datePublished":"2022-01-17T19:53:10+00:00","mainEntityOfPage":{"@id":"https:\/\/www.sonoraenequipo.com.mx\/cajeme-anuncian-jornada-jovenes-construyendo-el-futuro\/"},"wordCount":414,"commentCount":0,"publisher":{"@id":"https:\/\/www.sonoraenequipo.com.mx\/#organization"},"image":{"@id":"https:\/\/www.sonoraenequipo.com.mx\/cajeme-anuncian-jornada-jovenes-construyendo-el-futuro\/#primaryimage"},"thumbnailUrl":"https:\/\/www.sonoraenequipo.com.mx\/storage\/2022\/01\/jardin-botanico.jpg","keywords":["Cajeme","j\u00f3venes"],"articleSection":["Municipios"],"inLanguage":"es","potentialAction":[{"@type":"CommentAction","name":"Comment","target":["https:\/\/www.sonoraenequipo.com.mx\/cajeme-anuncian-jornada-jovenes-construyendo-el-futuro\/#respond"]}]},{"@type":"WebPage","@id":"https:\/\/www.sonoraenequipo.com.mx\/cajeme-anuncian-jornada-jovenes-construyendo-el-futuro\/","url":"https:\/\/www.sonoraenequipo.com.mx\/cajeme-anuncian-jornada-jovenes-construyendo-el-futuro\/","name":"Sonora en Equipo. CAJEME. Anuncian jornada \u201cj\u00f3venes construyendo el futuro\u201d Municipios","isPartOf":{"@id":"https:\/\/www.sonoraenequipo.com.mx\/#website"},"primaryImageOfPage":{"@id":"https:\/\/www.sonoraenequipo.com.mx\/cajeme-anuncian-jornada-jovenes-construyendo-el-futuro\/#primaryimage"},"image":{"@id":"https:\/\/www.sonoraenequipo.com.mx\/cajeme-anuncian-jornada-jovenes-construyendo-el-futuro\/#primaryimage"},"thumbnailUrl":"https:\/\/www.sonoraenequipo.com.mx\/storage\/2022\/01\/jardin-botanico.jpg","datePublished":"2022-01-17T19:53:10+00:00","description":"CAJEME.SONORA,MX.\u2500\u2500 Para que los j\u00f3venes tengan oportunidades laborales, el Ayuntamiento de Cajeme a trav\u00e9s del Instituto Cajemense de la Juventud y en En Sonora en Equipo publicamos toda la informaci\u00f3n de Sonora, M\u00e9xico y el Mundo de manera oportuna y busca que la libertad de expresi\u00f3n sea real. Visita nuestro medio informativo publicado desde Hermosillo, Sonora. %","breadcrumb":{"@id":"https:\/\/www.sonoraenequipo.com.mx\/cajeme-anuncian-jornada-jovenes-construyendo-el-futuro\/#breadcrumb"},"inLanguage":"es","potentialAction":[{"@type":"ReadAction","target":["https:\/\/www.sonoraenequipo.com.mx\/cajeme-anuncian-jornada-jovenes-construyendo-el-futuro\/"]}]},{"@type":"ImageObject","inLanguage":"es","@id":"https:\/\/www.sonoraenequipo.com.mx\/cajeme-anuncian-jornada-jovenes-construyendo-el-futuro\/#primaryimage","url":"https:\/\/www.sonoraenequipo.com.mx\/storage\/2022\/01\/jardin-botanico.jpg","contentUrl":"https:\/\/www.sonoraenequipo.com.mx\/storage\/2022\/01\/jardin-botanico.jpg","width":600,"height":400,"caption":"Imagen para ilustrar"},{"@type":"BreadcrumbList","@id":"https:\/\/www.sonoraenequipo.com.mx\/cajeme-anuncian-jornada-jovenes-construyendo-el-futuro\/#breadcrumb","itemListElement":[{"@type":"ListItem","position":1,"name":"Portada","item":"https:\/\/www.sonoraenequipo.com.mx\/"},{"@type":"ListItem","position":2,"name":"CAJEME. Anuncian jornada \u201cj\u00f3venes construyendo el futuro\u201d"}]},{"@type":"WebSite","@id":"https:\/\/www.sonoraenequipo.com.mx\/#website","url":"https:\/\/www.sonoraenequipo.com.mx\/","name":"Sonora en Equipo.","description":"Diario en l\u00ednea con Noticias desde Hermosillo, Sonora","publisher":{"@id":"https:\/\/www.sonoraenequipo.com.mx\/#organization"},"potentialAction":[{"@type":"SearchAction","target":{"@type":"EntryPoint","urlTemplate":"https:\/\/www.sonoraenequipo.com.mx\/?s={search_term_string}"},"query-input":{"@type":"PropertyValueSpecification","valueRequired":true,"valueName":"search_term_string"}}],"inLanguage":"es"},{"@type":"Organization","@id":"https:\/\/www.sonoraenequipo.com.mx\/#organization","name":"Sonoraenequipo.com.mx","url":"https:\/\/www.sonoraenequipo.com.mx\/","logo":{"@type":"ImageObject","inLanguage":"es","@id":"https:\/\/www.sonoraenequipo.com.mx\/#\/schema\/logo\/image\/","url":"https:\/\/www.sonoraenequipo.com.mx\/storage\/2019\/01\/sonoraenequipo_opt.png","contentUrl":"https:\/\/www.sonoraenequipo.com.mx\/storage\/2019\/01\/sonoraenequipo_opt.png","width":375,"height":125,"caption":"Sonoraenequipo.com.mx"},"image":{"@id":"https:\/\/www.sonoraenequipo.com.mx\/#\/schema\/logo\/image\/"},"sameAs":["https:\/\/www.facebook.com\/SonoraEE\/","https:\/\/x.com\/sonoraenequipo","https:\/\/www.youtube.com\/channel\/UC338nW-lPEYmJQs4ZABQ1SQ"]},{"@type":"Person","@id":"https:\/\/www.sonoraenequipo.com.mx\/#\/schema\/person\/50102df0fb23a8fa9e8effad8fa81386","name":"enequipo","image":{"@type":"ImageObject","inLanguage":"es","@id":"https:\/\/www.sonoraenequipo.com.mx\/#\/schema\/person\/image\/","url":"https:\/\/secure.gravatar.com\/avatar\/049821681b589dabc0bc20695993ccebb09f5b5d4d790cd9251b97faac7c652b?s=96&d=blank&r=g","contentUrl":"https:\/\/secure.gravatar.com\/avatar\/049821681b589dabc0bc20695993ccebb09f5b5d4d790cd9251b97faac7c652b?s=96&d=blank&r=g","caption":"enequipo"},"sameAs":["https:\/\/www.facebook.com\/SonoraEE"]}]}},"jetpack_featured_media_url":"https:\/\/www.sonoraenequipo.com.mx\/storage\/2022\/01\/jardin-botanico.jpg","_links":{"self":[{"href":"https:\/\/www.sonoraenequipo.com.mx\/api\/wp\/v2\/posts\/131450","targetHints":{"allow":["GET"]}}],"collection":[{"href":"https:\/\/www.sonoraenequipo.com.mx\/api\/wp\/v2\/posts"}],"about":[{"href":"https:\/\/www.sonoraenequipo.com.mx\/api\/wp\/v2\/types\/post"}],"author":[{"embeddable":true,"href":"https:\/\/www.sonoraenequipo.com.mx\/api\/wp\/v2\/users\/1"}],"replies":[{"embeddable":true,"href":"https:\/\/www.sonoraenequipo.com.mx\/api\/wp\/v2\/comments?post=131450"}],"version-history":[{"count":1,"href":"https:\/\/www.sonoraenequipo.com.mx\/api\/wp\/v2\/posts\/131450\/revisions"}],"predecessor-version":[{"id":131452,"href":"https:\/\/www.sonoraenequipo.com.mx\/api\/wp\/v2\/posts\/131450\/revisions\/131452"}],"wp:featuredmedia":[{"embeddable":true,"href":"https:\/\/www.sonoraenequipo.com.mx\/api\/wp\/v2\/media\/131451"}],"wp:attachment":[{"href":"https:\/\/www.sonoraenequipo.com.mx\/api\/wp\/v2\/media?parent=131450"}],"wp:term":[{"taxonomy":"category","embeddable":true,"href":"https:\/\/www.sonoraenequipo.com.mx\/api\/wp\/v2\/categories?post=131450"},{"taxonomy":"post_tag","embeddable":true,"href":"https:\/\/www.sonoraenequipo.com.mx\/api\/wp\/v2\/tags?post=131450"}],"curies":[{"name":"wp","href":"https:\/\/api.w.org\/{rel}","templated":true}]}}