{"id":131456,"date":"2022-01-17T14:10:03","date_gmt":"2022-01-17T21:10:03","guid":{"rendered":"https:\/\/www.sonoraenequipo.com.mx\/?p=131456"},"modified":"2022-01-17T14:10:03","modified_gmt":"2022-01-17T21:10:03","slug":"ongs-exigen-investigacion-por-aparicion-de-cadaver-de-recien-nacido-en-basurero-de-penal-en-puebla","status":"publish","type":"post","link":"https:\/\/www.sonoraenequipo.com.mx\/ongs-exigen-investigacion-por-aparicion-de-cadaver-de-recien-nacido-en-basurero-de-penal-en-puebla\/","title":{"rendered":"ONG\u2019s exigen investigaci\u00f3n por aparici\u00f3n de cad\u00e1ver de\u00a0 reci\u00e9n nacido en basurero de penal en Puebla"},"content":{"rendered":"<p>CIUDAD DE M\u00c9XICO.\u2500\u2500 El pasado martes 11 de enero apareci\u00f3 el cuerpo de un beb\u00e9 de tres meses en un basurero del Penal de San Miguel, ubicado en la Ciudad de Puebla. Desde el pasado viernes, diversas organizaciones de la sociedad civil condenamos en\u00e9rgicamente a las autoridades penitenciarias Jorge G\u00f3mez Torres, Director del Centro, y a Alfredo Vargas Quintanilla, Subsecretario de Centros Penitenciarios, por su incapacidad absoluta de mantener el control de un penal en el cual pas\u00f3 por desapercibido el ingreso de este beb\u00e9, su falta de registros de egresos del centro y que un interno del penal notificar\u00e1 sobre la aparici\u00f3n del cuerpo del menor de edad en los contenedores de basura de este penal.<\/p>\n<p>&nbsp;<\/p>\n<p>De igual manera, el pasado 15 de enero la Comisi\u00f3n Nacional de Derechos Humanos ejerci\u00f3 su facultad de atracci\u00f3n para iniciar la investigaci\u00f3n correspondiente de los hechos. Aunado a esto, la CNDH solicit\u00f3 medidas cautelares a Alfredo Vargas Quintanilla y a la Unidad Especializada de la Fiscal\u00eda General del Estado a fin de que se colabore con la investigaci\u00f3n, se garanticen los derechos humanos y se refuercen los controles de vigilancia, revisi\u00f3n e ingreso de aquel Penal.<\/p>\n<p>&nbsp;<\/p>\n<p>Coincidimos con el Gobernador del Estado al se\u00f1alar que habr\u00e1 consecuencias para los responsables de este hecho derivado del inicio de la investigaci\u00f3n de parte de la Fiscal\u00eda. Aprovechando que la investigaci\u00f3n ha sido abierta, planteamos los siguientes cuestionamientos a la autoridad:<\/p>\n<p>&nbsp;<\/p>\n<p>1)\u00a0\u00a0\u00a0\u00a0\u00a0 \u00bfQu\u00e9 registros tienen que sustenten el ingreso del beb\u00e9 de 3 meses al penal?<\/p>\n<p>2)\u00a0\u00a0\u00a0 Si el beb\u00e9 fue ingresado al penal en calidad de visita \u00bfc\u00f3mo no se dieron cuenta que no hab\u00eda egresado?<\/p>\n<p>3)\u00a0\u00a0\u00a0 \u00bfAcaso no hubo registro de su egreso?<\/p>\n<p>4)\u00a0\u00a0\u00a0 En caso de no contar con su registro de egreso, \u00bfpor qu\u00e9 no se aplicaron los protocolos y acciones necesarias a fin de encontrar a aquel beb\u00e9?<\/p>\n<p>5)\u00a0\u00a0\u00a0 \u00bfPor qu\u00e9 se permiti\u00f3 el ingreso de este beb\u00e9 si actualmente est\u00e1 prohibido el ingreso de ni\u00f1as y ni\u00f1os debido al incremento de casos COVID en la entidad?<\/p>\n<p>6)\u00a0\u00a0\u00a0 \u00bfPor qu\u00e9 el cuerpo del beb\u00e9 ten\u00eda una incisi\u00f3n en el abdomen?<\/p>\n<p>7)\u00a0\u00a0\u00a0\u00a0 \u00bfC\u00f3mo pudo transportarte el cuerpo del beb\u00e9 desde el ingreso al Centro hasta el basurero del penal?<\/p>\n<p>8)\u00a0\u00a0\u00a0 \u00bfEn qu\u00e9 partes del penal conviven las ni\u00f1as y ni\u00f1os que visitan el centro por tener a alg\u00fan familiar en el Penal de San Miguel?<\/p>\n<p>9)\u00a0\u00a0\u00a0 En caso de contar con \u00e1reas espec\u00edficas destinadas a las visitas. \u00bfC\u00f3mo pudieron transportar al beb\u00e9 hasta los basureros?<\/p>\n<p>10) \u00bfLas autoridades penitenciarias del Centro no tienen control del \u00e1rea del basurero? \u00bfNo se revisa previamente los desechos del mismo?<\/p>\n<p>&nbsp;<\/p>\n<p>A fin de no callar y no olvidar este hecho terrible hemos decidido lanzar la campa\u00f1a #JusticiaBeb\u00e9 a trav\u00e9s del siguiente link: https:\/\/chng.it\/7VjhWNx6r9 a fin de exigir a las autoridades total transparencia y claridad de los hechos. Ay\u00fadanos a compartir y firmar esta petici\u00f3n a fin de no ceder espacio alguno a la impunidad de este caso.<\/p>\n<p>Fecha de publicaci\u00f3n: lunes \/ 17 \/ enero \/ 2022<\/p>\n","protected":false},"excerpt":{"rendered":"<p>CIUDAD DE M\u00c9XICO.\u2500\u2500 El pasado martes 11 de enero apareci\u00f3 el cuerpo de un beb\u00e9&#8230;<\/p>\n","protected":false},"author":1,"featured_media":131457,"comment_status":"open","ping_status":"open","sticky":false,"template":"","format":"standard","meta":{"_monsterinsights_skip_tracking":false,"_monsterinsights_sitenote_active":false,"_monsterinsights_sitenote_note":"","_monsterinsights_sitenote_category":0,"footnotes":""},"categories":[5],"tags":[],"class_list":["post"],"yoast_head":" \n<title>Sonora en Equipo. ONG\u2019s exigen investigaci\u00f3n por aparici\u00f3n de cad\u00e1ver de\u00a0 reci\u00e9n nacido en basurero de penal en Puebla Rep\u00fablica<\/title>\n<meta name=\"description\" content=\"CIUDAD DE M\u00c9XICO.\u2500\u2500 El pasado martes 11 de enero apareci\u00f3 el cuerpo de un beb\u00e9 de tres meses en un basurero del Penal de San Miguel, ubicado en la Ciudad En Sonora en Equipo publicamos toda la informaci\u00f3n de Sonora, M\u00e9xico y el Mundo de manera oportuna y busca que la libertad de expresi\u00f3n sea real. Visita nuestro medio informativo publicado desde Hermosillo, Sonora. %\" \/>\n<meta name=\"robots\" content=\"index, follow, max-snippet:-1, max-image-preview:large, max-video-preview:-1\" \/>\n<link rel=\"canonical\" href=\"https:\/\/www.sonoraenequipo.com.mx\/ongs-exigen-investigacion-por-aparicion-de-cadaver-de-recien-nacido-en-basurero-de-penal-en-puebla\/\" \/>\n<meta property=\"og:locale\" content=\"es_ES\" \/>\n<meta property=\"og:type\" content=\"article\" \/>\n<meta property=\"og:title\" content=\"Sonora en Equipo. ONG\u2019s exigen investigaci\u00f3n por aparici\u00f3n de cad\u00e1ver de\u00a0 reci\u00e9n nacido en basurero de penal en Puebla Rep\u00fablica\" \/>\n<meta property=\"og:description\" content=\"CIUDAD DE M\u00c9XICO.\u2500\u2500 El pasado martes 11 de enero apareci\u00f3 el cuerpo de un beb\u00e9 de tres meses en un basurero del Penal de San Miguel, ubicado en la Ciudad En Sonora en Equipo publicamos toda la informaci\u00f3n de Sonora, M\u00e9xico y el Mundo de manera oportuna y busca que la libertad de expresi\u00f3n sea real. Visita nuestro medio informativo publicado desde Hermosillo, Sonora. %\" \/>\n<meta property=\"og:url\" content=\"https:\/\/www.sonoraenequipo.com.mx\/ongs-exigen-investigacion-por-aparicion-de-cadaver-de-recien-nacido-en-basurero-de-penal-en-puebla\/\" \/>\n<meta property=\"og:site_name\" content=\"Sonora en Equipo.\" \/>\n<meta property=\"article:publisher\" content=\"https:\/\/www.facebook.com\/SonoraEE\/\" \/>\n<meta property=\"article:author\" content=\"https:\/\/www.facebook.com\/SonoraEE\" \/>\n<meta property=\"article:published_time\" content=\"2022-01-17T21:10:03+00:00\" \/>\n<meta property=\"og:image\" content=\"https:\/\/www.sonoraenequipo.com.mx\/storage\/2022\/01\/penal-puebla.jpg\" \/>\n\t<meta property=\"og:image:width\" content=\"600\" \/>\n\t<meta property=\"og:image:height\" content=\"400\" \/>\n\t<meta property=\"og:image:type\" content=\"image\/jpeg\" \/>\n<meta name=\"author\" content=\"enequipo\" \/>\n<meta name=\"twitter:card\" content=\"summary_large_image\" \/>\n<meta name=\"twitter:creator\" content=\"@sonoraenequipo\" \/>\n<meta name=\"twitter:site\" content=\"@sonoraenequipo\" \/>\n<meta name=\"twitter:label1\" content=\"Escrito por\" \/>\n\t<meta name=\"twitter:data1\" content=\"enequipo\" \/>\n\t<meta name=\"twitter:label2\" content=\"Tiempo de lectura\" \/>\n\t<meta name=\"twitter:data2\" content=\"3 minutos\" \/>\n<script type=\"application\/ld+json\" class=\"yoast-schema-graph\">{\"@context\":\"https:\/\/schema.org\",\"@graph\":[{\"@type\":\"Article\",\"@id\":\"https:\/\/www.sonoraenequipo.com.mx\/ongs-exigen-investigacion-por-aparicion-de-cadaver-de-recien-nacido-en-basurero-de-penal-en-puebla\/#article\",\"isPartOf\":{\"@id\":\"https:\/\/www.sonoraenequipo.com.mx\/ongs-exigen-investigacion-por-aparicion-de-cadaver-de-recien-nacido-en-basurero-de-penal-en-puebla\/\"},\"author\":{\"name\":\"enequipo\",\"@id\":\"https:\/\/www.sonoraenequipo.com.mx\/#\/schema\/person\/50102df0fb23a8fa9e8effad8fa81386\"},\"headline\":\"ONG\u2019s exigen investigaci\u00f3n por aparici\u00f3n de cad\u00e1ver de\u00a0 reci\u00e9n nacido en basurero de penal en Puebla\",\"datePublished\":\"2022-01-17T21:10:03+00:00\",\"mainEntityOfPage\":{\"@id\":\"https:\/\/www.sonoraenequipo.com.mx\/ongs-exigen-investigacion-por-aparicion-de-cadaver-de-recien-nacido-en-basurero-de-penal-en-puebla\/\"},\"wordCount\":544,\"commentCount\":0,\"publisher\":{\"@id\":\"https:\/\/www.sonoraenequipo.com.mx\/#organization\"},\"image\":{\"@id\":\"https:\/\/www.sonoraenequipo.com.mx\/ongs-exigen-investigacion-por-aparicion-de-cadaver-de-recien-nacido-en-basurero-de-penal-en-puebla\/#primaryimage\"},\"thumbnailUrl\":\"https:\/\/www.sonoraenequipo.com.mx\/storage\/2022\/01\/penal-puebla.jpg\",\"articleSection\":[\"Rep\u00fablica\"],\"inLanguage\":\"es\",\"potentialAction\":[{\"@type\":\"CommentAction\",\"name\":\"Comment\",\"target\":[\"https:\/\/www.sonoraenequipo.com.mx\/ongs-exigen-investigacion-por-aparicion-de-cadaver-de-recien-nacido-en-basurero-de-penal-en-puebla\/#respond\"]}]},{\"@type\":\"WebPage\",\"@id\":\"https:\/\/www.sonoraenequipo.com.mx\/ongs-exigen-investigacion-por-aparicion-de-cadaver-de-recien-nacido-en-basurero-de-penal-en-puebla\/\",\"url\":\"https:\/\/www.sonoraenequipo.com.mx\/ongs-exigen-investigacion-por-aparicion-de-cadaver-de-recien-nacido-en-basurero-de-penal-en-puebla\/\",\"name\":\"Sonora en Equipo. ONG\u2019s exigen investigaci\u00f3n por aparici\u00f3n de cad\u00e1ver de\u00a0 reci\u00e9n nacido en basurero de penal en Puebla Rep\u00fablica\",\"isPartOf\":{\"@id\":\"https:\/\/www.sonoraenequipo.com.mx\/#website\"},\"primaryImageOfPage\":{\"@id\":\"https:\/\/www.sonoraenequipo.com.mx\/ongs-exigen-investigacion-por-aparicion-de-cadaver-de-recien-nacido-en-basurero-de-penal-en-puebla\/#primaryimage\"},\"image\":{\"@id\":\"https:\/\/www.sonoraenequipo.com.mx\/ongs-exigen-investigacion-por-aparicion-de-cadaver-de-recien-nacido-en-basurero-de-penal-en-puebla\/#primaryimage\"},\"thumbnailUrl\":\"https:\/\/www.sonoraenequipo.com.mx\/storage\/2022\/01\/penal-puebla.jpg\",\"datePublished\":\"2022-01-17T21:10:03+00:00\",\"description\":\"CIUDAD DE M\u00c9XICO.\u2500\u2500 El pasado martes 11 de enero apareci\u00f3 el cuerpo de un beb\u00e9 de tres meses en un basurero del Penal de San Miguel, ubicado en la Ciudad En Sonora en Equipo publicamos toda la informaci\u00f3n de Sonora, M\u00e9xico y el Mundo de manera oportuna y busca que la libertad de expresi\u00f3n sea real. Visita nuestro medio informativo publicado desde Hermosillo, Sonora. %\",\"breadcrumb\":{\"@id\":\"https:\/\/www.sonoraenequipo.com.mx\/ongs-exigen-investigacion-por-aparicion-de-cadaver-de-recien-nacido-en-basurero-de-penal-en-puebla\/#breadcrumb\"},\"inLanguage\":\"es\",\"potentialAction\":[{\"@type\":\"ReadAction\",\"target\":[\"https:\/\/www.sonoraenequipo.com.mx\/ongs-exigen-investigacion-por-aparicion-de-cadaver-de-recien-nacido-en-basurero-de-penal-en-puebla\/\"]}]},{\"@type\":\"ImageObject\",\"inLanguage\":\"es\",\"@id\":\"https:\/\/www.sonoraenequipo.com.mx\/ongs-exigen-investigacion-por-aparicion-de-cadaver-de-recien-nacido-en-basurero-de-penal-en-puebla\/#primaryimage\",\"url\":\"https:\/\/www.sonoraenequipo.com.mx\/storage\/2022\/01\/penal-puebla.jpg\",\"contentUrl\":\"https:\/\/www.sonoraenequipo.com.mx\/storage\/2022\/01\/penal-puebla.jpg\",\"width\":600,\"height\":400,\"caption\":\"Penal Puebla Foto: Cuartoscuro\"},{\"@type\":\"BreadcrumbList\",\"@id\":\"https:\/\/www.sonoraenequipo.com.mx\/ongs-exigen-investigacion-por-aparicion-de-cadaver-de-recien-nacido-en-basurero-de-penal-en-puebla\/#breadcrumb\",\"itemListElement\":[{\"@type\":\"ListItem\",\"position\":1,\"name\":\"Portada\",\"item\":\"https:\/\/www.sonoraenequipo.com.mx\/\"},{\"@type\":\"ListItem\",\"position\":2,\"name\":\"ONG\u2019s exigen investigaci\u00f3n por aparici\u00f3n de cad\u00e1ver de\u00a0 reci\u00e9n nacido en basurero de penal en Puebla\"}]},{\"@type\":\"WebSite\",\"@id\":\"https:\/\/www.sonoraenequipo.com.mx\/#website\",\"url\":\"https:\/\/www.sonoraenequipo.com.mx\/\",\"name\":\"Sonora en Equipo.\",\"description\":\"Diario en l\u00ednea con Noticias desde Hermosillo, Sonora\",\"publisher\":{\"@id\":\"https:\/\/www.sonoraenequipo.com.mx\/#organization\"},\"potentialAction\":[{\"@type\":\"SearchAction\",\"target\":{\"@type\":\"EntryPoint\",\"urlTemplate\":\"https:\/\/www.sonoraenequipo.com.mx\/?s={search_term_string}\"},\"query-input\":{\"@type\":\"PropertyValueSpecification\",\"valueRequired\":true,\"valueName\":\"search_term_string\"}}],\"inLanguage\":\"es\"},{\"@type\":\"Organization\",\"@id\":\"https:\/\/www.sonoraenequipo.com.mx\/#organization\",\"name\":\"Sonoraenequipo.com.mx\",\"url\":\"https:\/\/www.sonoraenequipo.com.mx\/\",\"logo\":{\"@type\":\"ImageObject\",\"inLanguage\":\"es\",\"@id\":\"https:\/\/www.sonoraenequipo.com.mx\/#\/schema\/logo\/image\/\",\"url\":\"https:\/\/www.sonoraenequipo.com.mx\/storage\/2019\/01\/sonoraenequipo_opt.png\",\"contentUrl\":\"https:\/\/www.sonoraenequipo.com.mx\/storage\/2019\/01\/sonoraenequipo_opt.png\",\"width\":375,\"height\":125,\"caption\":\"Sonoraenequipo.com.mx\"},\"image\":{\"@id\":\"https:\/\/www.sonoraenequipo.com.mx\/#\/schema\/logo\/image\/\"},\"sameAs\":[\"https:\/\/www.facebook.com\/SonoraEE\/\",\"https:\/\/x.com\/sonoraenequipo\",\"https:\/\/www.youtube.com\/channel\/UC338nW-lPEYmJQs4ZABQ1SQ\"]},{\"@type\":\"Person\",\"@id\":\"https:\/\/www.sonoraenequipo.com.mx\/#\/schema\/person\/50102df0fb23a8fa9e8effad8fa81386\",\"name\":\"enequipo\",\"image\":{\"@type\":\"ImageObject\",\"inLanguage\":\"es\",\"@id\":\"https:\/\/www.sonoraenequipo.com.mx\/#\/schema\/person\/image\/\",\"url\":\"https:\/\/secure.gravatar.com\/avatar\/049821681b589dabc0bc20695993ccebb09f5b5d4d790cd9251b97faac7c652b?s=96&d=blank&r=g\",\"contentUrl\":\"https:\/\/secure.gravatar.com\/avatar\/049821681b589dabc0bc20695993ccebb09f5b5d4d790cd9251b97faac7c652b?s=96&d=blank&r=g\",\"caption\":\"enequipo\"},\"sameAs\":[\"https:\/\/www.facebook.com\/SonoraEE\"]}]}<\/script>\n ","yoast_head_json":{"title":"Sonora en Equipo. ONG\u2019s exigen investigaci\u00f3n por aparici\u00f3n de cad\u00e1ver de\u00a0 reci\u00e9n nacido en basurero de penal en Puebla Rep\u00fablica","description":"CIUDAD DE M\u00c9XICO.\u2500\u2500 El pasado martes 11 de enero apareci\u00f3 el cuerpo de un beb\u00e9 de tres meses en un basurero del Penal de San Miguel, ubicado en la Ciudad En Sonora en Equipo publicamos toda la informaci\u00f3n de Sonora, M\u00e9xico y el Mundo de manera oportuna y busca que la libertad de expresi\u00f3n sea real. Visita nuestro medio informativo publicado desde Hermosillo, Sonora. %","robots":{"index":"index","follow":"follow","max-snippet":"max-snippet:-1","max-image-preview":"max-image-preview:large","max-video-preview":"max-video-preview:-1"},"canonical":"https:\/\/www.sonoraenequipo.com.mx\/ongs-exigen-investigacion-por-aparicion-de-cadaver-de-recien-nacido-en-basurero-de-penal-en-puebla\/","og_locale":"es_ES","og_type":"article","og_title":"Sonora en Equipo. ONG\u2019s exigen investigaci\u00f3n por aparici\u00f3n de cad\u00e1ver de\u00a0 reci\u00e9n nacido en basurero de penal en Puebla Rep\u00fablica","og_description":"CIUDAD DE M\u00c9XICO.\u2500\u2500 El pasado martes 11 de enero apareci\u00f3 el cuerpo de un beb\u00e9 de tres meses en un basurero del Penal de San Miguel, ubicado en la Ciudad En Sonora en Equipo publicamos toda la informaci\u00f3n de Sonora, M\u00e9xico y el Mundo de manera oportuna y busca que la libertad de expresi\u00f3n sea real. Visita nuestro medio informativo publicado desde Hermosillo, Sonora. %","og_url":"https:\/\/www.sonoraenequipo.com.mx\/ongs-exigen-investigacion-por-aparicion-de-cadaver-de-recien-nacido-en-basurero-de-penal-en-puebla\/","og_site_name":"Sonora en Equipo.","article_publisher":"https:\/\/www.facebook.com\/SonoraEE\/","article_author":"https:\/\/www.facebook.com\/SonoraEE","article_published_time":"2022-01-17T21:10:03+00:00","og_image":[{"width":600,"height":400,"url":"https:\/\/www.sonoraenequipo.com.mx\/storage\/2022\/01\/penal-puebla.jpg","type":"image\/jpeg"}],"author":"enequipo","twitter_card":"summary_large_image","twitter_creator":"@sonoraenequipo","twitter_site":"@sonoraenequipo","twitter_misc":{"Escrito por":"enequipo","Tiempo de lectura":"3 minutos"},"schema":{"@context":"https:\/\/schema.org","@graph":[{"@type":"Article","@id":"https:\/\/www.sonoraenequipo.com.mx\/ongs-exigen-investigacion-por-aparicion-de-cadaver-de-recien-nacido-en-basurero-de-penal-en-puebla\/#article","isPartOf":{"@id":"https:\/\/www.sonoraenequipo.com.mx\/ongs-exigen-investigacion-por-aparicion-de-cadaver-de-recien-nacido-en-basurero-de-penal-en-puebla\/"},"author":{"name":"enequipo","@id":"https:\/\/www.sonoraenequipo.com.mx\/#\/schema\/person\/50102df0fb23a8fa9e8effad8fa81386"},"headline":"ONG\u2019s exigen investigaci\u00f3n por aparici\u00f3n de cad\u00e1ver de\u00a0 reci\u00e9n nacido en basurero de penal en Puebla","datePublished":"2022-01-17T21:10:03+00:00","mainEntityOfPage":{"@id":"https:\/\/www.sonoraenequipo.com.mx\/ongs-exigen-investigacion-por-aparicion-de-cadaver-de-recien-nacido-en-basurero-de-penal-en-puebla\/"},"wordCount":544,"commentCount":0,"publisher":{"@id":"https:\/\/www.sonoraenequipo.com.mx\/#organization"},"image":{"@id":"https:\/\/www.sonoraenequipo.com.mx\/ongs-exigen-investigacion-por-aparicion-de-cadaver-de-recien-nacido-en-basurero-de-penal-en-puebla\/#primaryimage"},"thumbnailUrl":"https:\/\/www.sonoraenequipo.com.mx\/storage\/2022\/01\/penal-puebla.jpg","articleSection":["Rep\u00fablica"],"inLanguage":"es","potentialAction":[{"@type":"CommentAction","name":"Comment","target":["https:\/\/www.sonoraenequipo.com.mx\/ongs-exigen-investigacion-por-aparicion-de-cadaver-de-recien-nacido-en-basurero-de-penal-en-puebla\/#respond"]}]},{"@type":"WebPage","@id":"https:\/\/www.sonoraenequipo.com.mx\/ongs-exigen-investigacion-por-aparicion-de-cadaver-de-recien-nacido-en-basurero-de-penal-en-puebla\/","url":"https:\/\/www.sonoraenequipo.com.mx\/ongs-exigen-investigacion-por-aparicion-de-cadaver-de-recien-nacido-en-basurero-de-penal-en-puebla\/","name":"Sonora en Equipo. ONG\u2019s exigen investigaci\u00f3n por aparici\u00f3n de cad\u00e1ver de\u00a0 reci\u00e9n nacido en basurero de penal en Puebla Rep\u00fablica","isPartOf":{"@id":"https:\/\/www.sonoraenequipo.com.mx\/#website"},"primaryImageOfPage":{"@id":"https:\/\/www.sonoraenequipo.com.mx\/ongs-exigen-investigacion-por-aparicion-de-cadaver-de-recien-nacido-en-basurero-de-penal-en-puebla\/#primaryimage"},"image":{"@id":"https:\/\/www.sonoraenequipo.com.mx\/ongs-exigen-investigacion-por-aparicion-de-cadaver-de-recien-nacido-en-basurero-de-penal-en-puebla\/#primaryimage"},"thumbnailUrl":"https:\/\/www.sonoraenequipo.com.mx\/storage\/2022\/01\/penal-puebla.jpg","datePublished":"2022-01-17T21:10:03+00:00","description":"CIUDAD DE M\u00c9XICO.\u2500\u2500 El pasado martes 11 de enero apareci\u00f3 el cuerpo de un beb\u00e9 de tres meses en un basurero del Penal de San Miguel, ubicado en la Ciudad En Sonora en Equipo publicamos toda la informaci\u00f3n de Sonora, M\u00e9xico y el Mundo de manera oportuna y busca que la libertad de expresi\u00f3n sea real. Visita nuestro medio informativo publicado desde Hermosillo, Sonora. %","breadcrumb":{"@id":"https:\/\/www.sonoraenequipo.com.mx\/ongs-exigen-investigacion-por-aparicion-de-cadaver-de-recien-nacido-en-basurero-de-penal-en-puebla\/#breadcrumb"},"inLanguage":"es","potentialAction":[{"@type":"ReadAction","target":["https:\/\/www.sonoraenequipo.com.mx\/ongs-exigen-investigacion-por-aparicion-de-cadaver-de-recien-nacido-en-basurero-de-penal-en-puebla\/"]}]},{"@type":"ImageObject","inLanguage":"es","@id":"https:\/\/www.sonoraenequipo.com.mx\/ongs-exigen-investigacion-por-aparicion-de-cadaver-de-recien-nacido-en-basurero-de-penal-en-puebla\/#primaryimage","url":"https:\/\/www.sonoraenequipo.com.mx\/storage\/2022\/01\/penal-puebla.jpg","contentUrl":"https:\/\/www.sonoraenequipo.com.mx\/storage\/2022\/01\/penal-puebla.jpg","width":600,"height":400,"caption":"Penal Puebla Foto: Cuartoscuro"},{"@type":"BreadcrumbList","@id":"https:\/\/www.sonoraenequipo.com.mx\/ongs-exigen-investigacion-por-aparicion-de-cadaver-de-recien-nacido-en-basurero-de-penal-en-puebla\/#breadcrumb","itemListElement":[{"@type":"ListItem","position":1,"name":"Portada","item":"https:\/\/www.sonoraenequipo.com.mx\/"},{"@type":"ListItem","position":2,"name":"ONG\u2019s exigen investigaci\u00f3n por aparici\u00f3n de cad\u00e1ver de\u00a0 reci\u00e9n nacido en basurero de penal en Puebla"}]},{"@type":"WebSite","@id":"https:\/\/www.sonoraenequipo.com.mx\/#website","url":"https:\/\/www.sonoraenequipo.com.mx\/","name":"Sonora en Equipo.","description":"Diario en l\u00ednea con Noticias desde Hermosillo, Sonora","publisher":{"@id":"https:\/\/www.sonoraenequipo.com.mx\/#organization"},"potentialAction":[{"@type":"SearchAction","target":{"@type":"EntryPoint","urlTemplate":"https:\/\/www.sonoraenequipo.com.mx\/?s={search_term_string}"},"query-input":{"@type":"PropertyValueSpecification","valueRequired":true,"valueName":"search_term_string"}}],"inLanguage":"es"},{"@type":"Organization","@id":"https:\/\/www.sonoraenequipo.com.mx\/#organization","name":"Sonoraenequipo.com.mx","url":"https:\/\/www.sonoraenequipo.com.mx\/","logo":{"@type":"ImageObject","inLanguage":"es","@id":"https:\/\/www.sonoraenequipo.com.mx\/#\/schema\/logo\/image\/","url":"https:\/\/www.sonoraenequipo.com.mx\/storage\/2019\/01\/sonoraenequipo_opt.png","contentUrl":"https:\/\/www.sonoraenequipo.com.mx\/storage\/2019\/01\/sonoraenequipo_opt.png","width":375,"height":125,"caption":"Sonoraenequipo.com.mx"},"image":{"@id":"https:\/\/www.sonoraenequipo.com.mx\/#\/schema\/logo\/image\/"},"sameAs":["https:\/\/www.facebook.com\/SonoraEE\/","https:\/\/x.com\/sonoraenequipo","https:\/\/www.youtube.com\/channel\/UC338nW-lPEYmJQs4ZABQ1SQ"]},{"@type":"Person","@id":"https:\/\/www.sonoraenequipo.com.mx\/#\/schema\/person\/50102df0fb23a8fa9e8effad8fa81386","name":"enequipo","image":{"@type":"ImageObject","inLanguage":"es","@id":"https:\/\/www.sonoraenequipo.com.mx\/#\/schema\/person\/image\/","url":"https:\/\/secure.gravatar.com\/avatar\/049821681b589dabc0bc20695993ccebb09f5b5d4d790cd9251b97faac7c652b?s=96&d=blank&r=g","contentUrl":"https:\/\/secure.gravatar.com\/avatar\/049821681b589dabc0bc20695993ccebb09f5b5d4d790cd9251b97faac7c652b?s=96&d=blank&r=g","caption":"enequipo"},"sameAs":["https:\/\/www.facebook.com\/SonoraEE"]}]}},"jetpack_featured_media_url":"https:\/\/www.sonoraenequipo.com.mx\/storage\/2022\/01\/penal-puebla.jpg","_links":{"self":[{"href":"https:\/\/www.sonoraenequipo.com.mx\/api\/wp\/v2\/posts\/131456","targetHints":{"allow":["GET"]}}],"collection":[{"href":"https:\/\/www.sonoraenequipo.com.mx\/api\/wp\/v2\/posts"}],"about":[{"href":"https:\/\/www.sonoraenequipo.com.mx\/api\/wp\/v2\/types\/post"}],"author":[{"embeddable":true,"href":"https:\/\/www.sonoraenequipo.com.mx\/api\/wp\/v2\/users\/1"}],"replies":[{"embeddable":true,"href":"https:\/\/www.sonoraenequipo.com.mx\/api\/wp\/v2\/comments?post=131456"}],"version-history":[{"count":1,"href":"https:\/\/www.sonoraenequipo.com.mx\/api\/wp\/v2\/posts\/131456\/revisions"}],"predecessor-version":[{"id":131458,"href":"https:\/\/www.sonoraenequipo.com.mx\/api\/wp\/v2\/posts\/131456\/revisions\/131458"}],"wp:featuredmedia":[{"embeddable":true,"href":"https:\/\/www.sonoraenequipo.com.mx\/api\/wp\/v2\/media\/131457"}],"wp:attachment":[{"href":"https:\/\/www.sonoraenequipo.com.mx\/api\/wp\/v2\/media?parent=131456"}],"wp:term":[{"taxonomy":"category","embeddable":true,"href":"https:\/\/www.sonoraenequipo.com.mx\/api\/wp\/v2\/categories?post=131456"},{"taxonomy":"post_tag","embeddable":true,"href":"https:\/\/www.sonoraenequipo.com.mx\/api\/wp\/v2\/tags?post=131456"}],"curies":[{"name":"wp","href":"https:\/\/api.w.org\/{rel}","templated":true}]}}