{"id":131459,"date":"2022-01-17T15:24:28","date_gmt":"2022-01-17T22:24:28","guid":{"rendered":"https:\/\/www.sonoraenequipo.com.mx\/?p=131459"},"modified":"2022-01-17T18:13:36","modified_gmt":"2022-01-18T01:13:36","slug":"la-energia-electrica-debe-ser-impulso-para-el-bienestar-social-alfonso-durazo","status":"publish","type":"post","link":"https:\/\/www.sonoraenequipo.com.mx\/la-energia-electrica-debe-ser-impulso-para-el-bienestar-social-alfonso-durazo\/","title":{"rendered":"La energ\u00eda el\u00e9ctrica debe ser impulso para el bienestar social: Alfonso Durazo"},"content":{"rendered":"<p>CIUDAD DE M\u00c9XICO.\u2500Durante su participaci\u00f3n en los Foros de Parlamento Abierto para la Reforma Energ\u00e9tica, el gobernador Alfonso Durazo Monta\u00f1o manifest\u00f3 el respaldo de Sonora a esta iniciativa, la cual contempla la producci\u00f3n energ\u00e9tica como un bien social encaminado a mejorar la vida de las y los sonorenses.<\/p>\n<p>&nbsp;<\/p>\n<p>En el evento, auspiciado por la C\u00e1mara de Diputados, el mandatario sonorense destac\u00f3 que, dada la naturaleza clim\u00e1tica de la entidad, se incrementa la necesidad el\u00e9ctrica de sus habitantes para climatizar espacios debido a las temperaturas extremas tanto en invierno como en verano, factores que hacen necesaria la reforma para abaratar costos.<\/p>\n<p>&nbsp;<\/p>\n<p>\u201cApoyamos decididamente la reforma el\u00e9ctrica propuesta por el presidente L\u00f3pez Obrador. La apoyamos bajo esa filosof\u00eda y tambi\u00e9n bajo nuestra premisa de que ya es hora de que les toque a quienes nunca les ha tocado nada. Con esta reforma, M\u00e9xico reinicia un proceso crucial para salvaguardar la soberan\u00eda del sector el\u00e9ctrico; sin embargo, para las y los sonorenses no es solo un tema que ata\u00f1e a la soberan\u00eda nacional; es un tema que ata\u00f1e tambi\u00e9n al bienestar social\u201d, afirm\u00f3 Durazo Monta\u00f1o.<\/p>\n<p>&nbsp;<\/p>\n<p>Agreg\u00f3 que la generaci\u00f3n de energ\u00edas limpias tambi\u00e9n es una prioridad para el Ejecutivo federal, toda vez que, en Sonora, con apoyo del presidente L\u00f3pez Obrador, se ha iniciado el Programa de Generaci\u00f3n Solar Distribuida para las poblaciones de la sierra alta, en diversas comunidades rurales, a fin de que la electricidad generada se aproveche en la reducci\u00f3n de costos en el servicio para sus habitantes.<\/p>\n<p>&nbsp;<\/p>\n<p>\u201cEn contra de lo que replican tantas voces, la administraci\u00f3n del presidente L\u00f3pez Obrador nunca ha planteado que las energ\u00edas limpias sean malas. La prueba es que Sonora es beneficiario del proyecto m\u00e1s ambicioso en este sexenio en generaci\u00f3n de energ\u00eda el\u00e9ctrica con tecnolog\u00eda solar\u2026 se avanza ya en la construcci\u00f3n de un parque solar de dos mil hect\u00e1reas, que tendr\u00e1 una capacidad de generaci\u00f3n de mil megawatts. Esta ser\u00e1 la planta solar m\u00e1s grande de Latinoam\u00e9rica y la octava m\u00e1s grande del mundo\u201d, especific\u00f3.<\/p>\n<p>&nbsp;<\/p>\n<p>Por lo anterior, Durazo Monta\u00f1o afirm\u00f3 que la reforma del presidente L\u00f3pez Obrador debe llevarse a cabo y solicit\u00f3 a los diputados aprobar la propuesta hecha llegar al Legislativo.<\/p>\n<p>Fecha de publicaci\u00f3n: lunes \/ 17 \/ enero \/ 2022 \/ C S No. 0122066<\/p>\n<p>&nbsp;<\/p>\n<p>&nbsp;<\/p>\n","protected":false},"excerpt":{"rendered":"<p>CIUDAD DE M\u00c9XICO.\u2500Durante su participaci\u00f3n en los Foros de Parlamento Abierto para la Reforma Energ\u00e9tica,&#8230;<\/p>\n","protected":false},"author":1,"featured_media":131460,"comment_status":"open","ping_status":"open","sticky":false,"template":"","format":"standard","meta":{"_monsterinsights_skip_tracking":false,"_monsterinsights_sitenote_active":false,"_monsterinsights_sitenote_note":"","_monsterinsights_sitenote_category":0,"footnotes":""},"categories":[22],"tags":[6651],"class_list":["post"],"yoast_head":" \n<title>Sonora en Equipo. La energ\u00eda el\u00e9ctrica debe ser impulso para el bienestar social: Alfonso Durazo Sonora<\/title>\n<meta name=\"description\" content=\"CIUDAD DE M\u00c9XICO.\u2500Durante su participaci\u00f3n en los Foros de Parlamento Abierto para la Reforma Energ\u00e9tica, el gobernador Alfonso Durazo Monta\u00f1o manifest\u00f3 En Sonora en Equipo publicamos toda la informaci\u00f3n de Sonora, M\u00e9xico y el Mundo de manera oportuna y busca que la libertad de expresi\u00f3n sea real. Visita nuestro medio informativo publicado desde Hermosillo, Sonora. %\" \/>\n<meta name=\"robots\" content=\"index, follow, max-snippet:-1, max-image-preview:large, max-video-preview:-1\" \/>\n<link rel=\"canonical\" href=\"https:\/\/www.sonoraenequipo.com.mx\/la-energia-electrica-debe-ser-impulso-para-el-bienestar-social-alfonso-durazo\/\" \/>\n<meta property=\"og:locale\" content=\"es_ES\" \/>\n<meta property=\"og:type\" content=\"article\" \/>\n<meta property=\"og:title\" content=\"Sonora en Equipo. La energ\u00eda el\u00e9ctrica debe ser impulso para el bienestar social: Alfonso Durazo Sonora\" \/>\n<meta property=\"og:description\" content=\"CIUDAD DE M\u00c9XICO.\u2500Durante su participaci\u00f3n en los Foros de Parlamento Abierto para la Reforma Energ\u00e9tica, el gobernador Alfonso Durazo Monta\u00f1o manifest\u00f3 En Sonora en Equipo publicamos toda la informaci\u00f3n de Sonora, M\u00e9xico y el Mundo de manera oportuna y busca que la libertad de expresi\u00f3n sea real. Visita nuestro medio informativo publicado desde Hermosillo, Sonora. %\" \/>\n<meta property=\"og:url\" content=\"https:\/\/www.sonoraenequipo.com.mx\/la-energia-electrica-debe-ser-impulso-para-el-bienestar-social-alfonso-durazo\/\" \/>\n<meta property=\"og:site_name\" content=\"Sonora en Equipo.\" \/>\n<meta property=\"article:publisher\" content=\"https:\/\/www.facebook.com\/SonoraEE\/\" \/>\n<meta property=\"article:author\" content=\"https:\/\/www.facebook.com\/SonoraEE\" \/>\n<meta property=\"article:published_time\" content=\"2022-01-17T22:24:28+00:00\" \/>\n<meta property=\"article:modified_time\" content=\"2022-01-18T01:13:36+00:00\" \/>\n<meta property=\"og:image\" content=\"https:\/\/www.sonoraenequipo.com.mx\/storage\/2022\/01\/adm-foro-energia.jpg\" \/>\n\t<meta property=\"og:image:width\" content=\"600\" \/>\n\t<meta property=\"og:image:height\" content=\"400\" \/>\n\t<meta property=\"og:image:type\" content=\"image\/jpeg\" \/>\n<meta name=\"author\" content=\"enequipo\" \/>\n<meta name=\"twitter:card\" content=\"summary_large_image\" \/>\n<meta name=\"twitter:creator\" content=\"@sonoraenequipo\" \/>\n<meta name=\"twitter:site\" content=\"@sonoraenequipo\" \/>\n<meta name=\"twitter:label1\" content=\"Escrito por\" \/>\n\t<meta name=\"twitter:data1\" content=\"enequipo\" \/>\n\t<meta name=\"twitter:label2\" content=\"Tiempo de lectura\" \/>\n\t<meta name=\"twitter:data2\" content=\"2 minutos\" \/>\n<script type=\"application\/ld+json\" class=\"yoast-schema-graph\">{\"@context\":\"https:\/\/schema.org\",\"@graph\":[{\"@type\":\"Article\",\"@id\":\"https:\/\/www.sonoraenequipo.com.mx\/la-energia-electrica-debe-ser-impulso-para-el-bienestar-social-alfonso-durazo\/#article\",\"isPartOf\":{\"@id\":\"https:\/\/www.sonoraenequipo.com.mx\/la-energia-electrica-debe-ser-impulso-para-el-bienestar-social-alfonso-durazo\/\"},\"author\":{\"name\":\"enequipo\",\"@id\":\"https:\/\/www.sonoraenequipo.com.mx\/#\/schema\/person\/50102df0fb23a8fa9e8effad8fa81386\"},\"headline\":\"La energ\u00eda el\u00e9ctrica debe ser impulso para el bienestar social: Alfonso Durazo\",\"datePublished\":\"2022-01-17T22:24:28+00:00\",\"dateModified\":\"2022-01-18T01:13:36+00:00\",\"mainEntityOfPage\":{\"@id\":\"https:\/\/www.sonoraenequipo.com.mx\/la-energia-electrica-debe-ser-impulso-para-el-bienestar-social-alfonso-durazo\/\"},\"wordCount\":436,\"commentCount\":0,\"publisher\":{\"@id\":\"https:\/\/www.sonoraenequipo.com.mx\/#organization\"},\"image\":{\"@id\":\"https:\/\/www.sonoraenequipo.com.mx\/la-energia-electrica-debe-ser-impulso-para-el-bienestar-social-alfonso-durazo\/#primaryimage\"},\"thumbnailUrl\":\"https:\/\/www.sonoraenequipo.com.mx\/storage\/2022\/01\/adm-foro-energia.jpg\",\"keywords\":[\"durazo reforma el\u00e9ctrica\"],\"articleSection\":[\"Sonora\"],\"inLanguage\":\"es\",\"potentialAction\":[{\"@type\":\"CommentAction\",\"name\":\"Comment\",\"target\":[\"https:\/\/www.sonoraenequipo.com.mx\/la-energia-electrica-debe-ser-impulso-para-el-bienestar-social-alfonso-durazo\/#respond\"]}]},{\"@type\":\"WebPage\",\"@id\":\"https:\/\/www.sonoraenequipo.com.mx\/la-energia-electrica-debe-ser-impulso-para-el-bienestar-social-alfonso-durazo\/\",\"url\":\"https:\/\/www.sonoraenequipo.com.mx\/la-energia-electrica-debe-ser-impulso-para-el-bienestar-social-alfonso-durazo\/\",\"name\":\"Sonora en Equipo. La energ\u00eda el\u00e9ctrica debe ser impulso para el bienestar social: Alfonso Durazo Sonora\",\"isPartOf\":{\"@id\":\"https:\/\/www.sonoraenequipo.com.mx\/#website\"},\"primaryImageOfPage\":{\"@id\":\"https:\/\/www.sonoraenequipo.com.mx\/la-energia-electrica-debe-ser-impulso-para-el-bienestar-social-alfonso-durazo\/#primaryimage\"},\"image\":{\"@id\":\"https:\/\/www.sonoraenequipo.com.mx\/la-energia-electrica-debe-ser-impulso-para-el-bienestar-social-alfonso-durazo\/#primaryimage\"},\"thumbnailUrl\":\"https:\/\/www.sonoraenequipo.com.mx\/storage\/2022\/01\/adm-foro-energia.jpg\",\"datePublished\":\"2022-01-17T22:24:28+00:00\",\"dateModified\":\"2022-01-18T01:13:36+00:00\",\"description\":\"CIUDAD DE M\u00c9XICO.\u2500Durante su participaci\u00f3n en los Foros de Parlamento Abierto para la Reforma Energ\u00e9tica, el gobernador Alfonso Durazo Monta\u00f1o manifest\u00f3 En Sonora en Equipo publicamos toda la informaci\u00f3n de Sonora, M\u00e9xico y el Mundo de manera oportuna y busca que la libertad de expresi\u00f3n sea real. Visita nuestro medio informativo publicado desde Hermosillo, Sonora. %\",\"breadcrumb\":{\"@id\":\"https:\/\/www.sonoraenequipo.com.mx\/la-energia-electrica-debe-ser-impulso-para-el-bienestar-social-alfonso-durazo\/#breadcrumb\"},\"inLanguage\":\"es\",\"potentialAction\":[{\"@type\":\"ReadAction\",\"target\":[\"https:\/\/www.sonoraenequipo.com.mx\/la-energia-electrica-debe-ser-impulso-para-el-bienestar-social-alfonso-durazo\/\"]}]},{\"@type\":\"ImageObject\",\"inLanguage\":\"es\",\"@id\":\"https:\/\/www.sonoraenequipo.com.mx\/la-energia-electrica-debe-ser-impulso-para-el-bienestar-social-alfonso-durazo\/#primaryimage\",\"url\":\"https:\/\/www.sonoraenequipo.com.mx\/storage\/2022\/01\/adm-foro-energia.jpg\",\"contentUrl\":\"https:\/\/www.sonoraenequipo.com.mx\/storage\/2022\/01\/adm-foro-energia.jpg\",\"width\":600,\"height\":400},{\"@type\":\"BreadcrumbList\",\"@id\":\"https:\/\/www.sonoraenequipo.com.mx\/la-energia-electrica-debe-ser-impulso-para-el-bienestar-social-alfonso-durazo\/#breadcrumb\",\"itemListElement\":[{\"@type\":\"ListItem\",\"position\":1,\"name\":\"Portada\",\"item\":\"https:\/\/www.sonoraenequipo.com.mx\/\"},{\"@type\":\"ListItem\",\"position\":2,\"name\":\"La energ\u00eda el\u00e9ctrica debe ser impulso para el bienestar social: Alfonso Durazo\"}]},{\"@type\":\"WebSite\",\"@id\":\"https:\/\/www.sonoraenequipo.com.mx\/#website\",\"url\":\"https:\/\/www.sonoraenequipo.com.mx\/\",\"name\":\"Sonora en Equipo.\",\"description\":\"Diario en l\u00ednea con Noticias desde Hermosillo, Sonora\",\"publisher\":{\"@id\":\"https:\/\/www.sonoraenequipo.com.mx\/#organization\"},\"potentialAction\":[{\"@type\":\"SearchAction\",\"target\":{\"@type\":\"EntryPoint\",\"urlTemplate\":\"https:\/\/www.sonoraenequipo.com.mx\/?s={search_term_string}\"},\"query-input\":{\"@type\":\"PropertyValueSpecification\",\"valueRequired\":true,\"valueName\":\"search_term_string\"}}],\"inLanguage\":\"es\"},{\"@type\":\"Organization\",\"@id\":\"https:\/\/www.sonoraenequipo.com.mx\/#organization\",\"name\":\"Sonoraenequipo.com.mx\",\"url\":\"https:\/\/www.sonoraenequipo.com.mx\/\",\"logo\":{\"@type\":\"ImageObject\",\"inLanguage\":\"es\",\"@id\":\"https:\/\/www.sonoraenequipo.com.mx\/#\/schema\/logo\/image\/\",\"url\":\"https:\/\/www.sonoraenequipo.com.mx\/storage\/2019\/01\/sonoraenequipo_opt.png\",\"contentUrl\":\"https:\/\/www.sonoraenequipo.com.mx\/storage\/2019\/01\/sonoraenequipo_opt.png\",\"width\":375,\"height\":125,\"caption\":\"Sonoraenequipo.com.mx\"},\"image\":{\"@id\":\"https:\/\/www.sonoraenequipo.com.mx\/#\/schema\/logo\/image\/\"},\"sameAs\":[\"https:\/\/www.facebook.com\/SonoraEE\/\",\"https:\/\/x.com\/sonoraenequipo\",\"https:\/\/www.youtube.com\/channel\/UC338nW-lPEYmJQs4ZABQ1SQ\"]},{\"@type\":\"Person\",\"@id\":\"https:\/\/www.sonoraenequipo.com.mx\/#\/schema\/person\/50102df0fb23a8fa9e8effad8fa81386\",\"name\":\"enequipo\",\"image\":{\"@type\":\"ImageObject\",\"inLanguage\":\"es\",\"@id\":\"https:\/\/www.sonoraenequipo.com.mx\/#\/schema\/person\/image\/\",\"url\":\"https:\/\/secure.gravatar.com\/avatar\/049821681b589dabc0bc20695993ccebb09f5b5d4d790cd9251b97faac7c652b?s=96&d=blank&r=g\",\"contentUrl\":\"https:\/\/secure.gravatar.com\/avatar\/049821681b589dabc0bc20695993ccebb09f5b5d4d790cd9251b97faac7c652b?s=96&d=blank&r=g\",\"caption\":\"enequipo\"},\"sameAs\":[\"https:\/\/www.facebook.com\/SonoraEE\"]}]}<\/script>\n ","yoast_head_json":{"title":"Sonora en Equipo. La energ\u00eda el\u00e9ctrica debe ser impulso para el bienestar social: Alfonso Durazo Sonora","description":"CIUDAD DE M\u00c9XICO.\u2500Durante su participaci\u00f3n en los Foros de Parlamento Abierto para la Reforma Energ\u00e9tica, el gobernador Alfonso Durazo Monta\u00f1o manifest\u00f3 En Sonora en Equipo publicamos toda la informaci\u00f3n de Sonora, M\u00e9xico y el Mundo de manera oportuna y busca que la libertad de expresi\u00f3n sea real. Visita nuestro medio informativo publicado desde Hermosillo, Sonora. %","robots":{"index":"index","follow":"follow","max-snippet":"max-snippet:-1","max-image-preview":"max-image-preview:large","max-video-preview":"max-video-preview:-1"},"canonical":"https:\/\/www.sonoraenequipo.com.mx\/la-energia-electrica-debe-ser-impulso-para-el-bienestar-social-alfonso-durazo\/","og_locale":"es_ES","og_type":"article","og_title":"Sonora en Equipo. La energ\u00eda el\u00e9ctrica debe ser impulso para el bienestar social: Alfonso Durazo Sonora","og_description":"CIUDAD DE M\u00c9XICO.\u2500Durante su participaci\u00f3n en los Foros de Parlamento Abierto para la Reforma Energ\u00e9tica, el gobernador Alfonso Durazo Monta\u00f1o manifest\u00f3 En Sonora en Equipo publicamos toda la informaci\u00f3n de Sonora, M\u00e9xico y el Mundo de manera oportuna y busca que la libertad de expresi\u00f3n sea real. Visita nuestro medio informativo publicado desde Hermosillo, Sonora. %","og_url":"https:\/\/www.sonoraenequipo.com.mx\/la-energia-electrica-debe-ser-impulso-para-el-bienestar-social-alfonso-durazo\/","og_site_name":"Sonora en Equipo.","article_publisher":"https:\/\/www.facebook.com\/SonoraEE\/","article_author":"https:\/\/www.facebook.com\/SonoraEE","article_published_time":"2022-01-17T22:24:28+00:00","article_modified_time":"2022-01-18T01:13:36+00:00","og_image":[{"width":600,"height":400,"url":"https:\/\/www.sonoraenequipo.com.mx\/storage\/2022\/01\/adm-foro-energia.jpg","type":"image\/jpeg"}],"author":"enequipo","twitter_card":"summary_large_image","twitter_creator":"@sonoraenequipo","twitter_site":"@sonoraenequipo","twitter_misc":{"Escrito por":"enequipo","Tiempo de lectura":"2 minutos"},"schema":{"@context":"https:\/\/schema.org","@graph":[{"@type":"Article","@id":"https:\/\/www.sonoraenequipo.com.mx\/la-energia-electrica-debe-ser-impulso-para-el-bienestar-social-alfonso-durazo\/#article","isPartOf":{"@id":"https:\/\/www.sonoraenequipo.com.mx\/la-energia-electrica-debe-ser-impulso-para-el-bienestar-social-alfonso-durazo\/"},"author":{"name":"enequipo","@id":"https:\/\/www.sonoraenequipo.com.mx\/#\/schema\/person\/50102df0fb23a8fa9e8effad8fa81386"},"headline":"La energ\u00eda el\u00e9ctrica debe ser impulso para el bienestar social: Alfonso Durazo","datePublished":"2022-01-17T22:24:28+00:00","dateModified":"2022-01-18T01:13:36+00:00","mainEntityOfPage":{"@id":"https:\/\/www.sonoraenequipo.com.mx\/la-energia-electrica-debe-ser-impulso-para-el-bienestar-social-alfonso-durazo\/"},"wordCount":436,"commentCount":0,"publisher":{"@id":"https:\/\/www.sonoraenequipo.com.mx\/#organization"},"image":{"@id":"https:\/\/www.sonoraenequipo.com.mx\/la-energia-electrica-debe-ser-impulso-para-el-bienestar-social-alfonso-durazo\/#primaryimage"},"thumbnailUrl":"https:\/\/www.sonoraenequipo.com.mx\/storage\/2022\/01\/adm-foro-energia.jpg","keywords":["durazo reforma el\u00e9ctrica"],"articleSection":["Sonora"],"inLanguage":"es","potentialAction":[{"@type":"CommentAction","name":"Comment","target":["https:\/\/www.sonoraenequipo.com.mx\/la-energia-electrica-debe-ser-impulso-para-el-bienestar-social-alfonso-durazo\/#respond"]}]},{"@type":"WebPage","@id":"https:\/\/www.sonoraenequipo.com.mx\/la-energia-electrica-debe-ser-impulso-para-el-bienestar-social-alfonso-durazo\/","url":"https:\/\/www.sonoraenequipo.com.mx\/la-energia-electrica-debe-ser-impulso-para-el-bienestar-social-alfonso-durazo\/","name":"Sonora en Equipo. La energ\u00eda el\u00e9ctrica debe ser impulso para el bienestar social: Alfonso Durazo Sonora","isPartOf":{"@id":"https:\/\/www.sonoraenequipo.com.mx\/#website"},"primaryImageOfPage":{"@id":"https:\/\/www.sonoraenequipo.com.mx\/la-energia-electrica-debe-ser-impulso-para-el-bienestar-social-alfonso-durazo\/#primaryimage"},"image":{"@id":"https:\/\/www.sonoraenequipo.com.mx\/la-energia-electrica-debe-ser-impulso-para-el-bienestar-social-alfonso-durazo\/#primaryimage"},"thumbnailUrl":"https:\/\/www.sonoraenequipo.com.mx\/storage\/2022\/01\/adm-foro-energia.jpg","datePublished":"2022-01-17T22:24:28+00:00","dateModified":"2022-01-18T01:13:36+00:00","description":"CIUDAD DE M\u00c9XICO.\u2500Durante su participaci\u00f3n en los Foros de Parlamento Abierto para la Reforma Energ\u00e9tica, el gobernador Alfonso Durazo Monta\u00f1o manifest\u00f3 En Sonora en Equipo publicamos toda la informaci\u00f3n de Sonora, M\u00e9xico y el Mundo de manera oportuna y busca que la libertad de expresi\u00f3n sea real. Visita nuestro medio informativo publicado desde Hermosillo, Sonora. %","breadcrumb":{"@id":"https:\/\/www.sonoraenequipo.com.mx\/la-energia-electrica-debe-ser-impulso-para-el-bienestar-social-alfonso-durazo\/#breadcrumb"},"inLanguage":"es","potentialAction":[{"@type":"ReadAction","target":["https:\/\/www.sonoraenequipo.com.mx\/la-energia-electrica-debe-ser-impulso-para-el-bienestar-social-alfonso-durazo\/"]}]},{"@type":"ImageObject","inLanguage":"es","@id":"https:\/\/www.sonoraenequipo.com.mx\/la-energia-electrica-debe-ser-impulso-para-el-bienestar-social-alfonso-durazo\/#primaryimage","url":"https:\/\/www.sonoraenequipo.com.mx\/storage\/2022\/01\/adm-foro-energia.jpg","contentUrl":"https:\/\/www.sonoraenequipo.com.mx\/storage\/2022\/01\/adm-foro-energia.jpg","width":600,"height":400},{"@type":"BreadcrumbList","@id":"https:\/\/www.sonoraenequipo.com.mx\/la-energia-electrica-debe-ser-impulso-para-el-bienestar-social-alfonso-durazo\/#breadcrumb","itemListElement":[{"@type":"ListItem","position":1,"name":"Portada","item":"https:\/\/www.sonoraenequipo.com.mx\/"},{"@type":"ListItem","position":2,"name":"La energ\u00eda el\u00e9ctrica debe ser impulso para el bienestar social: Alfonso Durazo"}]},{"@type":"WebSite","@id":"https:\/\/www.sonoraenequipo.com.mx\/#website","url":"https:\/\/www.sonoraenequipo.com.mx\/","name":"Sonora en Equipo.","description":"Diario en l\u00ednea con Noticias desde Hermosillo, Sonora","publisher":{"@id":"https:\/\/www.sonoraenequipo.com.mx\/#organization"},"potentialAction":[{"@type":"SearchAction","target":{"@type":"EntryPoint","urlTemplate":"https:\/\/www.sonoraenequipo.com.mx\/?s={search_term_string}"},"query-input":{"@type":"PropertyValueSpecification","valueRequired":true,"valueName":"search_term_string"}}],"inLanguage":"es"},{"@type":"Organization","@id":"https:\/\/www.sonoraenequipo.com.mx\/#organization","name":"Sonoraenequipo.com.mx","url":"https:\/\/www.sonoraenequipo.com.mx\/","logo":{"@type":"ImageObject","inLanguage":"es","@id":"https:\/\/www.sonoraenequipo.com.mx\/#\/schema\/logo\/image\/","url":"https:\/\/www.sonoraenequipo.com.mx\/storage\/2019\/01\/sonoraenequipo_opt.png","contentUrl":"https:\/\/www.sonoraenequipo.com.mx\/storage\/2019\/01\/sonoraenequipo_opt.png","width":375,"height":125,"caption":"Sonoraenequipo.com.mx"},"image":{"@id":"https:\/\/www.sonoraenequipo.com.mx\/#\/schema\/logo\/image\/"},"sameAs":["https:\/\/www.facebook.com\/SonoraEE\/","https:\/\/x.com\/sonoraenequipo","https:\/\/www.youtube.com\/channel\/UC338nW-lPEYmJQs4ZABQ1SQ"]},{"@type":"Person","@id":"https:\/\/www.sonoraenequipo.com.mx\/#\/schema\/person\/50102df0fb23a8fa9e8effad8fa81386","name":"enequipo","image":{"@type":"ImageObject","inLanguage":"es","@id":"https:\/\/www.sonoraenequipo.com.mx\/#\/schema\/person\/image\/","url":"https:\/\/secure.gravatar.com\/avatar\/049821681b589dabc0bc20695993ccebb09f5b5d4d790cd9251b97faac7c652b?s=96&d=blank&r=g","contentUrl":"https:\/\/secure.gravatar.com\/avatar\/049821681b589dabc0bc20695993ccebb09f5b5d4d790cd9251b97faac7c652b?s=96&d=blank&r=g","caption":"enequipo"},"sameAs":["https:\/\/www.facebook.com\/SonoraEE"]}]}},"jetpack_featured_media_url":"https:\/\/www.sonoraenequipo.com.mx\/storage\/2022\/01\/adm-foro-energia.jpg","_links":{"self":[{"href":"https:\/\/www.sonoraenequipo.com.mx\/api\/wp\/v2\/posts\/131459","targetHints":{"allow":["GET"]}}],"collection":[{"href":"https:\/\/www.sonoraenequipo.com.mx\/api\/wp\/v2\/posts"}],"about":[{"href":"https:\/\/www.sonoraenequipo.com.mx\/api\/wp\/v2\/types\/post"}],"author":[{"embeddable":true,"href":"https:\/\/www.sonoraenequipo.com.mx\/api\/wp\/v2\/users\/1"}],"replies":[{"embeddable":true,"href":"https:\/\/www.sonoraenequipo.com.mx\/api\/wp\/v2\/comments?post=131459"}],"version-history":[{"count":1,"href":"https:\/\/www.sonoraenequipo.com.mx\/api\/wp\/v2\/posts\/131459\/revisions"}],"predecessor-version":[{"id":131461,"href":"https:\/\/www.sonoraenequipo.com.mx\/api\/wp\/v2\/posts\/131459\/revisions\/131461"}],"wp:featuredmedia":[{"embeddable":true,"href":"https:\/\/www.sonoraenequipo.com.mx\/api\/wp\/v2\/media\/131460"}],"wp:attachment":[{"href":"https:\/\/www.sonoraenequipo.com.mx\/api\/wp\/v2\/media?parent=131459"}],"wp:term":[{"taxonomy":"category","embeddable":true,"href":"https:\/\/www.sonoraenequipo.com.mx\/api\/wp\/v2\/categories?post=131459"},{"taxonomy":"post_tag","embeddable":true,"href":"https:\/\/www.sonoraenequipo.com.mx\/api\/wp\/v2\/tags?post=131459"}],"curies":[{"name":"wp","href":"https:\/\/api.w.org\/{rel}","templated":true}]}}