{"id":132234,"date":"2022-02-01T20:30:48","date_gmt":"2022-02-02T03:30:48","guid":{"rendered":"https:\/\/www.sonoraenequipo.com.mx\/?p=132234"},"modified":"2022-02-01T20:30:48","modified_gmt":"2022-02-02T03:30:48","slug":"mc-sonora-solicita-a-contraloria-indagar-presunto-uso-de-recursos-publicos-para-promover-ratificacion-de-amlo-en-el-estado","status":"publish","type":"post","link":"https:\/\/www.sonoraenequipo.com.mx\/mc-sonora-solicita-a-contraloria-indagar-presunto-uso-de-recursos-publicos-para-promover-ratificacion-de-amlo-en-el-estado\/","title":{"rendered":"MC Sonora solicita a Contralor\u00eda indagar presunto uso de recursos p\u00fablicos para promover ratificaci\u00f3n de AMLO en el estado"},"content":{"rendered":"<p>MC Sonora solicita a Contralor\u00eda indagar presunto uso de recursos p\u00fablicos para promover ratificaci\u00f3n de AMLO en el estado<\/p>\n<p>&nbsp;<\/p>\n<p>HERMOSILLO, SONORA,MX.\u2500\u2500 El coordinador estatal de Movimiento Ciudadano Manuel Scott S\u00e1nchez entreg\u00f3 una solicitud el d\u00eda de hoy en la Contralor\u00eda del Estado de Sonora, para solicitar que se implementen medidas preventivas que impidan hacer uso de recursos econ\u00f3micos, humanos y materiales por servidores p\u00fablicos para promocionar la ratificaci\u00f3n del presidente de la Rep\u00fablica ante el ejercicio de Revocaci\u00f3n de Mandato.<\/p>\n<p>Concretamente Scott S\u00e1nchez se\u00f1ala a Alfonso Durazo Ch\u00e1vez hijo del Gobernador del estado Alfonso Durazo Monta\u00f1o, Durazo Ch\u00e1vez\u00a0 seg\u00fan Scott los pasados d\u00edas 26 y 28 del presente en San Luis R\u00edo Colorado y Navojoa respectivamente.<\/p>\n<p>Areng\u00f3 a simpatizantes de L\u00f3pez Obrador a respaldar la continuidad de su gesti\u00f3n, de lo contrario, nuestro gobernador se quedar\u00eda sin su presidente.<\/p>\n<p>Si esto sucede dejamos un hueco al gobierno de mi pap\u00e1\u201d, asegur\u00f3 Scott que dijo Durazo Ch\u00e1vez.<\/p>\n<p><iframe loading=\"lazy\" title=\"Alfonso Durazo Ch\u00e1vez llam\u00f3 a no dejar a bajo a AMLO en consulta p\u00fablica en SLRC: periodista\" width=\"640\" height=\"360\" src=\"https:\/\/www.youtube.com\/embed\/_xDAxdZjc9A?feature=oembed\" frameborder=\"0\" allow=\"accelerometer; autoplay; clipboard-write; encrypted-media; gyroscope; picture-in-picture; web-share\" referrerpolicy=\"strict-origin-when-cross-origin\" allowfullscreen><\/iframe><\/p>\n<p>Fecha de publicaci\u00f3n: martes \/ 1 \/ febrero \/ 2022 \/<\/p>\n<p>&nbsp;<\/p>\n","protected":false},"excerpt":{"rendered":"<p>MC Sonora solicita a Contralor\u00eda indagar presunto uso de recursos p\u00fablicos para promover ratificaci\u00f3n de&#8230;<\/p>\n","protected":false},"author":1,"featured_media":132236,"comment_status":"open","ping_status":"open","sticky":false,"template":"","format":"standard","meta":{"_monsterinsights_skip_tracking":false,"_monsterinsights_sitenote_active":false,"_monsterinsights_sitenote_note":"","_monsterinsights_sitenote_category":0,"footnotes":""},"categories":[22],"tags":[],"class_list":["post"],"yoast_head":" \n<title>Sonora en Equipo. MC Sonora solicita a Contralor\u00eda indagar presunto uso de recursos p\u00fablicos para promover ratificaci\u00f3n de AMLO en el estado Sonora<\/title>\n<meta name=\"description\" content=\"MC Sonora solicita a Contralor\u00eda indagar presunto uso de recursos p\u00fablicos para promover ratificaci\u00f3n de AMLO en el estado &nbsp; HERMOSILLO, SONORA,MX.\u2500\u2500 En Sonora en Equipo publicamos toda la informaci\u00f3n de Sonora, M\u00e9xico y el Mundo de manera oportuna y busca que la libertad de expresi\u00f3n sea real. Visita nuestro medio informativo publicado desde Hermosillo, Sonora. %\" \/>\n<meta name=\"robots\" content=\"index, follow, max-snippet:-1, max-image-preview:large, max-video-preview:-1\" \/>\n<link rel=\"canonical\" href=\"https:\/\/www.sonoraenequipo.com.mx\/mc-sonora-solicita-a-contraloria-indagar-presunto-uso-de-recursos-publicos-para-promover-ratificacion-de-amlo-en-el-estado\/\" \/>\n<meta property=\"og:locale\" content=\"es_ES\" \/>\n<meta property=\"og:type\" content=\"article\" \/>\n<meta property=\"og:title\" content=\"Sonora en Equipo. MC Sonora solicita a Contralor\u00eda indagar presunto uso de recursos p\u00fablicos para promover ratificaci\u00f3n de AMLO en el estado Sonora\" \/>\n<meta property=\"og:description\" content=\"MC Sonora solicita a Contralor\u00eda indagar presunto uso de recursos p\u00fablicos para promover ratificaci\u00f3n de AMLO en el estado &nbsp; HERMOSILLO, SONORA,MX.\u2500\u2500 En Sonora en Equipo publicamos toda la informaci\u00f3n de Sonora, M\u00e9xico y el Mundo de manera oportuna y busca que la libertad de expresi\u00f3n sea real. Visita nuestro medio informativo publicado desde Hermosillo, Sonora. %\" \/>\n<meta property=\"og:url\" content=\"https:\/\/www.sonoraenequipo.com.mx\/mc-sonora-solicita-a-contraloria-indagar-presunto-uso-de-recursos-publicos-para-promover-ratificacion-de-amlo-en-el-estado\/\" \/>\n<meta property=\"og:site_name\" content=\"Sonora en Equipo.\" \/>\n<meta property=\"article:publisher\" content=\"https:\/\/www.facebook.com\/SonoraEE\/\" \/>\n<meta property=\"article:author\" content=\"https:\/\/www.facebook.com\/SonoraEE\" \/>\n<meta property=\"article:published_time\" content=\"2022-02-02T03:30:48+00:00\" \/>\n<meta property=\"og:image\" content=\"https:\/\/www.sonoraenequipo.com.mx\/storage\/2022\/02\/mc.jpg\" \/>\n\t<meta property=\"og:image:width\" content=\"700\" \/>\n\t<meta property=\"og:image:height\" content=\"400\" \/>\n\t<meta property=\"og:image:type\" content=\"image\/jpeg\" \/>\n<meta name=\"author\" content=\"enequipo\" \/>\n<meta name=\"twitter:card\" content=\"summary_large_image\" \/>\n<meta name=\"twitter:creator\" content=\"@sonoraenequipo\" \/>\n<meta name=\"twitter:site\" content=\"@sonoraenequipo\" \/>\n<meta name=\"twitter:label1\" content=\"Escrito por\" \/>\n\t<meta name=\"twitter:data1\" content=\"enequipo\" \/>\n\t<meta name=\"twitter:label2\" content=\"Tiempo de lectura\" \/>\n\t<meta name=\"twitter:data2\" content=\"1 minuto\" \/>\n<script type=\"application\/ld+json\" class=\"yoast-schema-graph\">{\"@context\":\"https:\/\/schema.org\",\"@graph\":[{\"@type\":\"Article\",\"@id\":\"https:\/\/www.sonoraenequipo.com.mx\/mc-sonora-solicita-a-contraloria-indagar-presunto-uso-de-recursos-publicos-para-promover-ratificacion-de-amlo-en-el-estado\/#article\",\"isPartOf\":{\"@id\":\"https:\/\/www.sonoraenequipo.com.mx\/mc-sonora-solicita-a-contraloria-indagar-presunto-uso-de-recursos-publicos-para-promover-ratificacion-de-amlo-en-el-estado\/\"},\"author\":{\"name\":\"enequipo\",\"@id\":\"https:\/\/www.sonoraenequipo.com.mx\/#\/schema\/person\/50102df0fb23a8fa9e8effad8fa81386\"},\"headline\":\"MC Sonora solicita a Contralor\u00eda indagar presunto uso de recursos p\u00fablicos para promover ratificaci\u00f3n de AMLO en el estado\",\"datePublished\":\"2022-02-02T03:30:48+00:00\",\"mainEntityOfPage\":{\"@id\":\"https:\/\/www.sonoraenequipo.com.mx\/mc-sonora-solicita-a-contraloria-indagar-presunto-uso-de-recursos-publicos-para-promover-ratificacion-de-amlo-en-el-estado\/\"},\"wordCount\":216,\"commentCount\":0,\"publisher\":{\"@id\":\"https:\/\/www.sonoraenequipo.com.mx\/#organization\"},\"image\":{\"@id\":\"https:\/\/www.sonoraenequipo.com.mx\/mc-sonora-solicita-a-contraloria-indagar-presunto-uso-de-recursos-publicos-para-promover-ratificacion-de-amlo-en-el-estado\/#primaryimage\"},\"thumbnailUrl\":\"https:\/\/www.sonoraenequipo.com.mx\/storage\/2022\/02\/mc.jpg\",\"articleSection\":[\"Sonora\"],\"inLanguage\":\"es\",\"potentialAction\":[{\"@type\":\"CommentAction\",\"name\":\"Comment\",\"target\":[\"https:\/\/www.sonoraenequipo.com.mx\/mc-sonora-solicita-a-contraloria-indagar-presunto-uso-de-recursos-publicos-para-promover-ratificacion-de-amlo-en-el-estado\/#respond\"]}]},{\"@type\":\"WebPage\",\"@id\":\"https:\/\/www.sonoraenequipo.com.mx\/mc-sonora-solicita-a-contraloria-indagar-presunto-uso-de-recursos-publicos-para-promover-ratificacion-de-amlo-en-el-estado\/\",\"url\":\"https:\/\/www.sonoraenequipo.com.mx\/mc-sonora-solicita-a-contraloria-indagar-presunto-uso-de-recursos-publicos-para-promover-ratificacion-de-amlo-en-el-estado\/\",\"name\":\"Sonora en Equipo. MC Sonora solicita a Contralor\u00eda indagar presunto uso de recursos p\u00fablicos para promover ratificaci\u00f3n de AMLO en el estado Sonora\",\"isPartOf\":{\"@id\":\"https:\/\/www.sonoraenequipo.com.mx\/#website\"},\"primaryImageOfPage\":{\"@id\":\"https:\/\/www.sonoraenequipo.com.mx\/mc-sonora-solicita-a-contraloria-indagar-presunto-uso-de-recursos-publicos-para-promover-ratificacion-de-amlo-en-el-estado\/#primaryimage\"},\"image\":{\"@id\":\"https:\/\/www.sonoraenequipo.com.mx\/mc-sonora-solicita-a-contraloria-indagar-presunto-uso-de-recursos-publicos-para-promover-ratificacion-de-amlo-en-el-estado\/#primaryimage\"},\"thumbnailUrl\":\"https:\/\/www.sonoraenequipo.com.mx\/storage\/2022\/02\/mc.jpg\",\"datePublished\":\"2022-02-02T03:30:48+00:00\",\"description\":\"MC Sonora solicita a Contralor\u00eda indagar presunto uso de recursos p\u00fablicos para promover ratificaci\u00f3n de AMLO en el estado &nbsp; HERMOSILLO, SONORA,MX.\u2500\u2500 En Sonora en Equipo publicamos toda la informaci\u00f3n de Sonora, M\u00e9xico y el Mundo de manera oportuna y busca que la libertad de expresi\u00f3n sea real. Visita nuestro medio informativo publicado desde Hermosillo, Sonora. %\",\"breadcrumb\":{\"@id\":\"https:\/\/www.sonoraenequipo.com.mx\/mc-sonora-solicita-a-contraloria-indagar-presunto-uso-de-recursos-publicos-para-promover-ratificacion-de-amlo-en-el-estado\/#breadcrumb\"},\"inLanguage\":\"es\",\"potentialAction\":[{\"@type\":\"ReadAction\",\"target\":[\"https:\/\/www.sonoraenequipo.com.mx\/mc-sonora-solicita-a-contraloria-indagar-presunto-uso-de-recursos-publicos-para-promover-ratificacion-de-amlo-en-el-estado\/\"]}]},{\"@type\":\"ImageObject\",\"inLanguage\":\"es\",\"@id\":\"https:\/\/www.sonoraenequipo.com.mx\/mc-sonora-solicita-a-contraloria-indagar-presunto-uso-de-recursos-publicos-para-promover-ratificacion-de-amlo-en-el-estado\/#primaryimage\",\"url\":\"https:\/\/www.sonoraenequipo.com.mx\/storage\/2022\/02\/mc.jpg\",\"contentUrl\":\"https:\/\/www.sonoraenequipo.com.mx\/storage\/2022\/02\/mc.jpg\",\"width\":700,\"height\":400},{\"@type\":\"BreadcrumbList\",\"@id\":\"https:\/\/www.sonoraenequipo.com.mx\/mc-sonora-solicita-a-contraloria-indagar-presunto-uso-de-recursos-publicos-para-promover-ratificacion-de-amlo-en-el-estado\/#breadcrumb\",\"itemListElement\":[{\"@type\":\"ListItem\",\"position\":1,\"name\":\"Portada\",\"item\":\"https:\/\/www.sonoraenequipo.com.mx\/\"},{\"@type\":\"ListItem\",\"position\":2,\"name\":\"MC Sonora solicita a Contralor\u00eda indagar presunto uso de recursos p\u00fablicos para promover ratificaci\u00f3n de AMLO en el estado\"}]},{\"@type\":\"WebSite\",\"@id\":\"https:\/\/www.sonoraenequipo.com.mx\/#website\",\"url\":\"https:\/\/www.sonoraenequipo.com.mx\/\",\"name\":\"Sonora en Equipo.\",\"description\":\"Diario en l\u00ednea con Noticias desde Hermosillo, Sonora\",\"publisher\":{\"@id\":\"https:\/\/www.sonoraenequipo.com.mx\/#organization\"},\"potentialAction\":[{\"@type\":\"SearchAction\",\"target\":{\"@type\":\"EntryPoint\",\"urlTemplate\":\"https:\/\/www.sonoraenequipo.com.mx\/?s={search_term_string}\"},\"query-input\":{\"@type\":\"PropertyValueSpecification\",\"valueRequired\":true,\"valueName\":\"search_term_string\"}}],\"inLanguage\":\"es\"},{\"@type\":\"Organization\",\"@id\":\"https:\/\/www.sonoraenequipo.com.mx\/#organization\",\"name\":\"Sonoraenequipo.com.mx\",\"url\":\"https:\/\/www.sonoraenequipo.com.mx\/\",\"logo\":{\"@type\":\"ImageObject\",\"inLanguage\":\"es\",\"@id\":\"https:\/\/www.sonoraenequipo.com.mx\/#\/schema\/logo\/image\/\",\"url\":\"https:\/\/www.sonoraenequipo.com.mx\/storage\/2019\/01\/sonoraenequipo_opt.png\",\"contentUrl\":\"https:\/\/www.sonoraenequipo.com.mx\/storage\/2019\/01\/sonoraenequipo_opt.png\",\"width\":375,\"height\":125,\"caption\":\"Sonoraenequipo.com.mx\"},\"image\":{\"@id\":\"https:\/\/www.sonoraenequipo.com.mx\/#\/schema\/logo\/image\/\"},\"sameAs\":[\"https:\/\/www.facebook.com\/SonoraEE\/\",\"https:\/\/x.com\/sonoraenequipo\",\"https:\/\/www.youtube.com\/channel\/UC338nW-lPEYmJQs4ZABQ1SQ\"]},{\"@type\":\"Person\",\"@id\":\"https:\/\/www.sonoraenequipo.com.mx\/#\/schema\/person\/50102df0fb23a8fa9e8effad8fa81386\",\"name\":\"enequipo\",\"image\":{\"@type\":\"ImageObject\",\"inLanguage\":\"es\",\"@id\":\"https:\/\/www.sonoraenequipo.com.mx\/#\/schema\/person\/image\/\",\"url\":\"https:\/\/secure.gravatar.com\/avatar\/049821681b589dabc0bc20695993ccebb09f5b5d4d790cd9251b97faac7c652b?s=96&d=blank&r=g\",\"contentUrl\":\"https:\/\/secure.gravatar.com\/avatar\/049821681b589dabc0bc20695993ccebb09f5b5d4d790cd9251b97faac7c652b?s=96&d=blank&r=g\",\"caption\":\"enequipo\"},\"sameAs\":[\"https:\/\/www.facebook.com\/SonoraEE\"]}]}<\/script>\n ","yoast_head_json":{"title":"Sonora en Equipo. MC Sonora solicita a Contralor\u00eda indagar presunto uso de recursos p\u00fablicos para promover ratificaci\u00f3n de AMLO en el estado Sonora","description":"MC Sonora solicita a Contralor\u00eda indagar presunto uso de recursos p\u00fablicos para promover ratificaci\u00f3n de AMLO en el estado &nbsp; HERMOSILLO, SONORA,MX.\u2500\u2500 En Sonora en Equipo publicamos toda la informaci\u00f3n de Sonora, M\u00e9xico y el Mundo de manera oportuna y busca que la libertad de expresi\u00f3n sea real. Visita nuestro medio informativo publicado desde Hermosillo, Sonora. %","robots":{"index":"index","follow":"follow","max-snippet":"max-snippet:-1","max-image-preview":"max-image-preview:large","max-video-preview":"max-video-preview:-1"},"canonical":"https:\/\/www.sonoraenequipo.com.mx\/mc-sonora-solicita-a-contraloria-indagar-presunto-uso-de-recursos-publicos-para-promover-ratificacion-de-amlo-en-el-estado\/","og_locale":"es_ES","og_type":"article","og_title":"Sonora en Equipo. MC Sonora solicita a Contralor\u00eda indagar presunto uso de recursos p\u00fablicos para promover ratificaci\u00f3n de AMLO en el estado Sonora","og_description":"MC Sonora solicita a Contralor\u00eda indagar presunto uso de recursos p\u00fablicos para promover ratificaci\u00f3n de AMLO en el estado &nbsp; HERMOSILLO, SONORA,MX.\u2500\u2500 En Sonora en Equipo publicamos toda la informaci\u00f3n de Sonora, M\u00e9xico y el Mundo de manera oportuna y busca que la libertad de expresi\u00f3n sea real. Visita nuestro medio informativo publicado desde Hermosillo, Sonora. %","og_url":"https:\/\/www.sonoraenequipo.com.mx\/mc-sonora-solicita-a-contraloria-indagar-presunto-uso-de-recursos-publicos-para-promover-ratificacion-de-amlo-en-el-estado\/","og_site_name":"Sonora en Equipo.","article_publisher":"https:\/\/www.facebook.com\/SonoraEE\/","article_author":"https:\/\/www.facebook.com\/SonoraEE","article_published_time":"2022-02-02T03:30:48+00:00","og_image":[{"width":700,"height":400,"url":"https:\/\/www.sonoraenequipo.com.mx\/storage\/2022\/02\/mc.jpg","type":"image\/jpeg"}],"author":"enequipo","twitter_card":"summary_large_image","twitter_creator":"@sonoraenequipo","twitter_site":"@sonoraenequipo","twitter_misc":{"Escrito por":"enequipo","Tiempo de lectura":"1 minuto"},"schema":{"@context":"https:\/\/schema.org","@graph":[{"@type":"Article","@id":"https:\/\/www.sonoraenequipo.com.mx\/mc-sonora-solicita-a-contraloria-indagar-presunto-uso-de-recursos-publicos-para-promover-ratificacion-de-amlo-en-el-estado\/#article","isPartOf":{"@id":"https:\/\/www.sonoraenequipo.com.mx\/mc-sonora-solicita-a-contraloria-indagar-presunto-uso-de-recursos-publicos-para-promover-ratificacion-de-amlo-en-el-estado\/"},"author":{"name":"enequipo","@id":"https:\/\/www.sonoraenequipo.com.mx\/#\/schema\/person\/50102df0fb23a8fa9e8effad8fa81386"},"headline":"MC Sonora solicita a Contralor\u00eda indagar presunto uso de recursos p\u00fablicos para promover ratificaci\u00f3n de AMLO en el estado","datePublished":"2022-02-02T03:30:48+00:00","mainEntityOfPage":{"@id":"https:\/\/www.sonoraenequipo.com.mx\/mc-sonora-solicita-a-contraloria-indagar-presunto-uso-de-recursos-publicos-para-promover-ratificacion-de-amlo-en-el-estado\/"},"wordCount":216,"commentCount":0,"publisher":{"@id":"https:\/\/www.sonoraenequipo.com.mx\/#organization"},"image":{"@id":"https:\/\/www.sonoraenequipo.com.mx\/mc-sonora-solicita-a-contraloria-indagar-presunto-uso-de-recursos-publicos-para-promover-ratificacion-de-amlo-en-el-estado\/#primaryimage"},"thumbnailUrl":"https:\/\/www.sonoraenequipo.com.mx\/storage\/2022\/02\/mc.jpg","articleSection":["Sonora"],"inLanguage":"es","potentialAction":[{"@type":"CommentAction","name":"Comment","target":["https:\/\/www.sonoraenequipo.com.mx\/mc-sonora-solicita-a-contraloria-indagar-presunto-uso-de-recursos-publicos-para-promover-ratificacion-de-amlo-en-el-estado\/#respond"]}]},{"@type":"WebPage","@id":"https:\/\/www.sonoraenequipo.com.mx\/mc-sonora-solicita-a-contraloria-indagar-presunto-uso-de-recursos-publicos-para-promover-ratificacion-de-amlo-en-el-estado\/","url":"https:\/\/www.sonoraenequipo.com.mx\/mc-sonora-solicita-a-contraloria-indagar-presunto-uso-de-recursos-publicos-para-promover-ratificacion-de-amlo-en-el-estado\/","name":"Sonora en Equipo. MC Sonora solicita a Contralor\u00eda indagar presunto uso de recursos p\u00fablicos para promover ratificaci\u00f3n de AMLO en el estado Sonora","isPartOf":{"@id":"https:\/\/www.sonoraenequipo.com.mx\/#website"},"primaryImageOfPage":{"@id":"https:\/\/www.sonoraenequipo.com.mx\/mc-sonora-solicita-a-contraloria-indagar-presunto-uso-de-recursos-publicos-para-promover-ratificacion-de-amlo-en-el-estado\/#primaryimage"},"image":{"@id":"https:\/\/www.sonoraenequipo.com.mx\/mc-sonora-solicita-a-contraloria-indagar-presunto-uso-de-recursos-publicos-para-promover-ratificacion-de-amlo-en-el-estado\/#primaryimage"},"thumbnailUrl":"https:\/\/www.sonoraenequipo.com.mx\/storage\/2022\/02\/mc.jpg","datePublished":"2022-02-02T03:30:48+00:00","description":"MC Sonora solicita a Contralor\u00eda indagar presunto uso de recursos p\u00fablicos para promover ratificaci\u00f3n de AMLO en el estado &nbsp; HERMOSILLO, SONORA,MX.\u2500\u2500 En Sonora en Equipo publicamos toda la informaci\u00f3n de Sonora, M\u00e9xico y el Mundo de manera oportuna y busca que la libertad de expresi\u00f3n sea real. Visita nuestro medio informativo publicado desde Hermosillo, Sonora. %","breadcrumb":{"@id":"https:\/\/www.sonoraenequipo.com.mx\/mc-sonora-solicita-a-contraloria-indagar-presunto-uso-de-recursos-publicos-para-promover-ratificacion-de-amlo-en-el-estado\/#breadcrumb"},"inLanguage":"es","potentialAction":[{"@type":"ReadAction","target":["https:\/\/www.sonoraenequipo.com.mx\/mc-sonora-solicita-a-contraloria-indagar-presunto-uso-de-recursos-publicos-para-promover-ratificacion-de-amlo-en-el-estado\/"]}]},{"@type":"ImageObject","inLanguage":"es","@id":"https:\/\/www.sonoraenequipo.com.mx\/mc-sonora-solicita-a-contraloria-indagar-presunto-uso-de-recursos-publicos-para-promover-ratificacion-de-amlo-en-el-estado\/#primaryimage","url":"https:\/\/www.sonoraenequipo.com.mx\/storage\/2022\/02\/mc.jpg","contentUrl":"https:\/\/www.sonoraenequipo.com.mx\/storage\/2022\/02\/mc.jpg","width":700,"height":400},{"@type":"BreadcrumbList","@id":"https:\/\/www.sonoraenequipo.com.mx\/mc-sonora-solicita-a-contraloria-indagar-presunto-uso-de-recursos-publicos-para-promover-ratificacion-de-amlo-en-el-estado\/#breadcrumb","itemListElement":[{"@type":"ListItem","position":1,"name":"Portada","item":"https:\/\/www.sonoraenequipo.com.mx\/"},{"@type":"ListItem","position":2,"name":"MC Sonora solicita a Contralor\u00eda indagar presunto uso de recursos p\u00fablicos para promover ratificaci\u00f3n de AMLO en el estado"}]},{"@type":"WebSite","@id":"https:\/\/www.sonoraenequipo.com.mx\/#website","url":"https:\/\/www.sonoraenequipo.com.mx\/","name":"Sonora en Equipo.","description":"Diario en l\u00ednea con Noticias desde Hermosillo, Sonora","publisher":{"@id":"https:\/\/www.sonoraenequipo.com.mx\/#organization"},"potentialAction":[{"@type":"SearchAction","target":{"@type":"EntryPoint","urlTemplate":"https:\/\/www.sonoraenequipo.com.mx\/?s={search_term_string}"},"query-input":{"@type":"PropertyValueSpecification","valueRequired":true,"valueName":"search_term_string"}}],"inLanguage":"es"},{"@type":"Organization","@id":"https:\/\/www.sonoraenequipo.com.mx\/#organization","name":"Sonoraenequipo.com.mx","url":"https:\/\/www.sonoraenequipo.com.mx\/","logo":{"@type":"ImageObject","inLanguage":"es","@id":"https:\/\/www.sonoraenequipo.com.mx\/#\/schema\/logo\/image\/","url":"https:\/\/www.sonoraenequipo.com.mx\/storage\/2019\/01\/sonoraenequipo_opt.png","contentUrl":"https:\/\/www.sonoraenequipo.com.mx\/storage\/2019\/01\/sonoraenequipo_opt.png","width":375,"height":125,"caption":"Sonoraenequipo.com.mx"},"image":{"@id":"https:\/\/www.sonoraenequipo.com.mx\/#\/schema\/logo\/image\/"},"sameAs":["https:\/\/www.facebook.com\/SonoraEE\/","https:\/\/x.com\/sonoraenequipo","https:\/\/www.youtube.com\/channel\/UC338nW-lPEYmJQs4ZABQ1SQ"]},{"@type":"Person","@id":"https:\/\/www.sonoraenequipo.com.mx\/#\/schema\/person\/50102df0fb23a8fa9e8effad8fa81386","name":"enequipo","image":{"@type":"ImageObject","inLanguage":"es","@id":"https:\/\/www.sonoraenequipo.com.mx\/#\/schema\/person\/image\/","url":"https:\/\/secure.gravatar.com\/avatar\/049821681b589dabc0bc20695993ccebb09f5b5d4d790cd9251b97faac7c652b?s=96&d=blank&r=g","contentUrl":"https:\/\/secure.gravatar.com\/avatar\/049821681b589dabc0bc20695993ccebb09f5b5d4d790cd9251b97faac7c652b?s=96&d=blank&r=g","caption":"enequipo"},"sameAs":["https:\/\/www.facebook.com\/SonoraEE"]}]}},"jetpack_featured_media_url":"https:\/\/www.sonoraenequipo.com.mx\/storage\/2022\/02\/mc.jpg","_links":{"self":[{"href":"https:\/\/www.sonoraenequipo.com.mx\/api\/wp\/v2\/posts\/132234","targetHints":{"allow":["GET"]}}],"collection":[{"href":"https:\/\/www.sonoraenequipo.com.mx\/api\/wp\/v2\/posts"}],"about":[{"href":"https:\/\/www.sonoraenequipo.com.mx\/api\/wp\/v2\/types\/post"}],"author":[{"embeddable":true,"href":"https:\/\/www.sonoraenequipo.com.mx\/api\/wp\/v2\/users\/1"}],"replies":[{"embeddable":true,"href":"https:\/\/www.sonoraenequipo.com.mx\/api\/wp\/v2\/comments?post=132234"}],"version-history":[{"count":1,"href":"https:\/\/www.sonoraenequipo.com.mx\/api\/wp\/v2\/posts\/132234\/revisions"}],"predecessor-version":[{"id":132237,"href":"https:\/\/www.sonoraenequipo.com.mx\/api\/wp\/v2\/posts\/132234\/revisions\/132237"}],"wp:featuredmedia":[{"embeddable":true,"href":"https:\/\/www.sonoraenequipo.com.mx\/api\/wp\/v2\/media\/132236"}],"wp:attachment":[{"href":"https:\/\/www.sonoraenequipo.com.mx\/api\/wp\/v2\/media?parent=132234"}],"wp:term":[{"taxonomy":"category","embeddable":true,"href":"https:\/\/www.sonoraenequipo.com.mx\/api\/wp\/v2\/categories?post=132234"},{"taxonomy":"post_tag","embeddable":true,"href":"https:\/\/www.sonoraenequipo.com.mx\/api\/wp\/v2\/tags?post=132234"}],"curies":[{"name":"wp","href":"https:\/\/api.w.org\/{rel}","templated":true}]}}