{"id":132272,"date":"2022-02-02T06:30:27","date_gmt":"2022-02-02T13:30:27","guid":{"rendered":"https:\/\/www.sonoraenequipo.com.mx\/?p=132272"},"modified":"2022-02-02T15:04:01","modified_gmt":"2022-02-02T22:04:01","slug":"tribunal-noruego-rechaza-libertad-condicional-de-autor-de-la-masacre-de-utoya","status":"publish","type":"post","link":"https:\/\/www.sonoraenequipo.com.mx\/tribunal-noruego-rechaza-libertad-condicional-de-autor-de-la-masacre-de-utoya\/","title":{"rendered":"Tribunal noruego rechaza libertad condicional de autor de la masacre de Utoya"},"content":{"rendered":"<p>NORUEGA. \u2014 Un tribunal noruego del distrito Telemark rechaz\u00f3 poner en libertad condicional a Anders Breivik, el autor de la masacre de Utoya, en el que 77 personas perdieron la vida, afirmando que el agresor representa un peligro para la sociedad.<\/p>\n<p>&nbsp;<\/p>\n<p> <\/p>\n<p>&nbsp;<\/p>\n<p>Breivik solicit\u00f3 la libertad condicional hace dos semanas, luego de haber cumplido 10 a\u00f1os de condena. El tribunal considera que existe un riesgo significativo de que el extremista pudiera reincidir en caso de ser liberado.<\/p>\n<p>&nbsp;<\/p>\n<p>El argumento del tribunal expresa que <em>\u201cparece carente de empat\u00eda y compasi\u00f3n\u201d,<\/em> afirmando que su ideolog\u00eda es la misma que cuando cometi\u00f3 la masacre en 2011.<\/p>\n<p>&nbsp;<\/p>\n<p>Tras el fallo del tribunal, el abogado de Anders mencion\u00f3 que su cliente recurrir\u00e1 al Tribunal de Apelaci\u00f3n de Agder, con la intenci\u00f3n de obtener su libertad condicional.<\/p>\n<p>&nbsp;<\/p>\n<p>El ultraderechista fue condenado a 21 a\u00f1os de prisi\u00f3n despu\u00e9s de haber asesinado a 77 personas, en su mayor\u00eda j\u00f3venes, en la mayor matanza en la historia de Noruega.<\/p>\n<p>&nbsp;<\/p>\n<p>&nbsp;<\/p>\n<p>(Publicada el 01\/02\/2022)<\/p>\n","protected":false},"excerpt":{"rendered":"<p>NORUEGA. \u2014 Un tribunal noruego del distrito Telemark rechaz\u00f3 poner en libertad condicional a Anders&#8230;<\/p>\n","protected":false},"author":1,"featured_media":132268,"comment_status":"open","ping_status":"open","sticky":false,"template":"","format":"standard","meta":{"_monsterinsights_skip_tracking":false,"_monsterinsights_sitenote_active":false,"_monsterinsights_sitenote_note":"","_monsterinsights_sitenote_category":0,"footnotes":""},"categories":[3],"tags":[],"class_list":["post"],"yoast_head":" \n<title>Sonora en Equipo. Tribunal noruego rechaza libertad condicional de autor de la masacre de Utoya MUNDO<\/title>\n<meta name=\"description\" content=\"NORUEGA. \u2014 Un tribunal noruego del distrito Telemark rechaz\u00f3 poner en libertad condicional a Anders Breivik, el autor de la masacre de Utoya, en el que 77 En Sonora en Equipo publicamos toda la informaci\u00f3n de Sonora, M\u00e9xico y el Mundo de manera oportuna y busca que la libertad de expresi\u00f3n sea real. Visita nuestro medio informativo publicado desde Hermosillo, Sonora. %\" \/>\n<meta name=\"robots\" content=\"index, follow, max-snippet:-1, max-image-preview:large, max-video-preview:-1\" \/>\n<link rel=\"canonical\" href=\"https:\/\/www.sonoraenequipo.com.mx\/tribunal-noruego-rechaza-libertad-condicional-de-autor-de-la-masacre-de-utoya\/\" \/>\n<meta property=\"og:locale\" content=\"es_ES\" \/>\n<meta property=\"og:type\" content=\"article\" \/>\n<meta property=\"og:title\" content=\"Sonora en Equipo. Tribunal noruego rechaza libertad condicional de autor de la masacre de Utoya MUNDO\" \/>\n<meta property=\"og:description\" content=\"NORUEGA. \u2014 Un tribunal noruego del distrito Telemark rechaz\u00f3 poner en libertad condicional a Anders Breivik, el autor de la masacre de Utoya, en el que 77 En Sonora en Equipo publicamos toda la informaci\u00f3n de Sonora, M\u00e9xico y el Mundo de manera oportuna y busca que la libertad de expresi\u00f3n sea real. Visita nuestro medio informativo publicado desde Hermosillo, Sonora. %\" \/>\n<meta property=\"og:url\" content=\"https:\/\/www.sonoraenequipo.com.mx\/tribunal-noruego-rechaza-libertad-condicional-de-autor-de-la-masacre-de-utoya\/\" \/>\n<meta property=\"og:site_name\" content=\"Sonora en Equipo.\" \/>\n<meta property=\"article:publisher\" content=\"https:\/\/www.facebook.com\/SonoraEE\/\" \/>\n<meta property=\"article:author\" content=\"https:\/\/www.facebook.com\/SonoraEE\" \/>\n<meta property=\"article:published_time\" content=\"2022-02-02T13:30:27+00:00\" \/>\n<meta property=\"article:modified_time\" content=\"2022-02-02T22:04:01+00:00\" \/>\n<meta property=\"og:image\" content=\"https:\/\/www.sonoraenequipo.com.mx\/storage\/2022\/02\/masacre-en-utoya_opt.jpg\" \/>\n\t<meta property=\"og:image:width\" content=\"700\" \/>\n\t<meta property=\"og:image:height\" content=\"408\" \/>\n\t<meta property=\"og:image:type\" content=\"image\/jpeg\" \/>\n<meta name=\"author\" content=\"enequipo\" \/>\n<meta name=\"twitter:card\" content=\"summary_large_image\" \/>\n<meta name=\"twitter:creator\" content=\"@sonoraenequipo\" \/>\n<meta name=\"twitter:site\" content=\"@sonoraenequipo\" \/>\n<meta name=\"twitter:label1\" content=\"Escrito por\" \/>\n\t<meta name=\"twitter:data1\" content=\"enequipo\" \/>\n\t<meta name=\"twitter:label2\" content=\"Tiempo de lectura\" \/>\n\t<meta name=\"twitter:data2\" content=\"1 minuto\" \/>\n<script type=\"application\/ld+json\" class=\"yoast-schema-graph\">{\"@context\":\"https:\/\/schema.org\",\"@graph\":[{\"@type\":\"Article\",\"@id\":\"https:\/\/www.sonoraenequipo.com.mx\/tribunal-noruego-rechaza-libertad-condicional-de-autor-de-la-masacre-de-utoya\/#article\",\"isPartOf\":{\"@id\":\"https:\/\/www.sonoraenequipo.com.mx\/tribunal-noruego-rechaza-libertad-condicional-de-autor-de-la-masacre-de-utoya\/\"},\"author\":{\"name\":\"enequipo\",\"@id\":\"https:\/\/www.sonoraenequipo.com.mx\/#\/schema\/person\/50102df0fb23a8fa9e8effad8fa81386\"},\"headline\":\"Tribunal noruego rechaza libertad condicional de autor de la masacre de Utoya\",\"datePublished\":\"2022-02-02T13:30:27+00:00\",\"dateModified\":\"2022-02-02T22:04:01+00:00\",\"mainEntityOfPage\":{\"@id\":\"https:\/\/www.sonoraenequipo.com.mx\/tribunal-noruego-rechaza-libertad-condicional-de-autor-de-la-masacre-de-utoya\/\"},\"wordCount\":185,\"commentCount\":0,\"publisher\":{\"@id\":\"https:\/\/www.sonoraenequipo.com.mx\/#organization\"},\"image\":{\"@id\":\"https:\/\/www.sonoraenequipo.com.mx\/tribunal-noruego-rechaza-libertad-condicional-de-autor-de-la-masacre-de-utoya\/#primaryimage\"},\"thumbnailUrl\":\"https:\/\/www.sonoraenequipo.com.mx\/storage\/2022\/02\/masacre-en-utoya_opt.jpg\",\"articleSection\":[\"MUNDO\"],\"inLanguage\":\"es\",\"potentialAction\":[{\"@type\":\"CommentAction\",\"name\":\"Comment\",\"target\":[\"https:\/\/www.sonoraenequipo.com.mx\/tribunal-noruego-rechaza-libertad-condicional-de-autor-de-la-masacre-de-utoya\/#respond\"]}]},{\"@type\":\"WebPage\",\"@id\":\"https:\/\/www.sonoraenequipo.com.mx\/tribunal-noruego-rechaza-libertad-condicional-de-autor-de-la-masacre-de-utoya\/\",\"url\":\"https:\/\/www.sonoraenequipo.com.mx\/tribunal-noruego-rechaza-libertad-condicional-de-autor-de-la-masacre-de-utoya\/\",\"name\":\"Sonora en Equipo. Tribunal noruego rechaza libertad condicional de autor de la masacre de Utoya MUNDO\",\"isPartOf\":{\"@id\":\"https:\/\/www.sonoraenequipo.com.mx\/#website\"},\"primaryImageOfPage\":{\"@id\":\"https:\/\/www.sonoraenequipo.com.mx\/tribunal-noruego-rechaza-libertad-condicional-de-autor-de-la-masacre-de-utoya\/#primaryimage\"},\"image\":{\"@id\":\"https:\/\/www.sonoraenequipo.com.mx\/tribunal-noruego-rechaza-libertad-condicional-de-autor-de-la-masacre-de-utoya\/#primaryimage\"},\"thumbnailUrl\":\"https:\/\/www.sonoraenequipo.com.mx\/storage\/2022\/02\/masacre-en-utoya_opt.jpg\",\"datePublished\":\"2022-02-02T13:30:27+00:00\",\"dateModified\":\"2022-02-02T22:04:01+00:00\",\"description\":\"NORUEGA. \u2014 Un tribunal noruego del distrito Telemark rechaz\u00f3 poner en libertad condicional a Anders Breivik, el autor de la masacre de Utoya, en el que 77 En Sonora en Equipo publicamos toda la informaci\u00f3n de Sonora, M\u00e9xico y el Mundo de manera oportuna y busca que la libertad de expresi\u00f3n sea real. Visita nuestro medio informativo publicado desde Hermosillo, Sonora. %\",\"breadcrumb\":{\"@id\":\"https:\/\/www.sonoraenequipo.com.mx\/tribunal-noruego-rechaza-libertad-condicional-de-autor-de-la-masacre-de-utoya\/#breadcrumb\"},\"inLanguage\":\"es\",\"potentialAction\":[{\"@type\":\"ReadAction\",\"target\":[\"https:\/\/www.sonoraenequipo.com.mx\/tribunal-noruego-rechaza-libertad-condicional-de-autor-de-la-masacre-de-utoya\/\"]}]},{\"@type\":\"ImageObject\",\"inLanguage\":\"es\",\"@id\":\"https:\/\/www.sonoraenequipo.com.mx\/tribunal-noruego-rechaza-libertad-condicional-de-autor-de-la-masacre-de-utoya\/#primaryimage\",\"url\":\"https:\/\/www.sonoraenequipo.com.mx\/storage\/2022\/02\/masacre-en-utoya_opt.jpg\",\"contentUrl\":\"https:\/\/www.sonoraenequipo.com.mx\/storage\/2022\/02\/masacre-en-utoya_opt.jpg\",\"width\":700,\"height\":408},{\"@type\":\"BreadcrumbList\",\"@id\":\"https:\/\/www.sonoraenequipo.com.mx\/tribunal-noruego-rechaza-libertad-condicional-de-autor-de-la-masacre-de-utoya\/#breadcrumb\",\"itemListElement\":[{\"@type\":\"ListItem\",\"position\":1,\"name\":\"Portada\",\"item\":\"https:\/\/www.sonoraenequipo.com.mx\/\"},{\"@type\":\"ListItem\",\"position\":2,\"name\":\"Tribunal noruego rechaza libertad condicional de autor de la masacre de Utoya\"}]},{\"@type\":\"WebSite\",\"@id\":\"https:\/\/www.sonoraenequipo.com.mx\/#website\",\"url\":\"https:\/\/www.sonoraenequipo.com.mx\/\",\"name\":\"Sonora en Equipo.\",\"description\":\"Diario en l\u00ednea con Noticias desde Hermosillo, Sonora\",\"publisher\":{\"@id\":\"https:\/\/www.sonoraenequipo.com.mx\/#organization\"},\"potentialAction\":[{\"@type\":\"SearchAction\",\"target\":{\"@type\":\"EntryPoint\",\"urlTemplate\":\"https:\/\/www.sonoraenequipo.com.mx\/?s={search_term_string}\"},\"query-input\":{\"@type\":\"PropertyValueSpecification\",\"valueRequired\":true,\"valueName\":\"search_term_string\"}}],\"inLanguage\":\"es\"},{\"@type\":\"Organization\",\"@id\":\"https:\/\/www.sonoraenequipo.com.mx\/#organization\",\"name\":\"Sonoraenequipo.com.mx\",\"url\":\"https:\/\/www.sonoraenequipo.com.mx\/\",\"logo\":{\"@type\":\"ImageObject\",\"inLanguage\":\"es\",\"@id\":\"https:\/\/www.sonoraenequipo.com.mx\/#\/schema\/logo\/image\/\",\"url\":\"https:\/\/www.sonoraenequipo.com.mx\/storage\/2019\/01\/sonoraenequipo_opt.png\",\"contentUrl\":\"https:\/\/www.sonoraenequipo.com.mx\/storage\/2019\/01\/sonoraenequipo_opt.png\",\"width\":375,\"height\":125,\"caption\":\"Sonoraenequipo.com.mx\"},\"image\":{\"@id\":\"https:\/\/www.sonoraenequipo.com.mx\/#\/schema\/logo\/image\/\"},\"sameAs\":[\"https:\/\/www.facebook.com\/SonoraEE\/\",\"https:\/\/x.com\/sonoraenequipo\",\"https:\/\/www.youtube.com\/channel\/UC338nW-lPEYmJQs4ZABQ1SQ\"]},{\"@type\":\"Person\",\"@id\":\"https:\/\/www.sonoraenequipo.com.mx\/#\/schema\/person\/50102df0fb23a8fa9e8effad8fa81386\",\"name\":\"enequipo\",\"image\":{\"@type\":\"ImageObject\",\"inLanguage\":\"es\",\"@id\":\"https:\/\/www.sonoraenequipo.com.mx\/#\/schema\/person\/image\/\",\"url\":\"https:\/\/secure.gravatar.com\/avatar\/049821681b589dabc0bc20695993ccebb09f5b5d4d790cd9251b97faac7c652b?s=96&d=blank&r=g\",\"contentUrl\":\"https:\/\/secure.gravatar.com\/avatar\/049821681b589dabc0bc20695993ccebb09f5b5d4d790cd9251b97faac7c652b?s=96&d=blank&r=g\",\"caption\":\"enequipo\"},\"sameAs\":[\"https:\/\/www.facebook.com\/SonoraEE\"]}]}<\/script>\n ","yoast_head_json":{"title":"Sonora en Equipo. Tribunal noruego rechaza libertad condicional de autor de la masacre de Utoya MUNDO","description":"NORUEGA. \u2014 Un tribunal noruego del distrito Telemark rechaz\u00f3 poner en libertad condicional a Anders Breivik, el autor de la masacre de Utoya, en el que 77 En Sonora en Equipo publicamos toda la informaci\u00f3n de Sonora, M\u00e9xico y el Mundo de manera oportuna y busca que la libertad de expresi\u00f3n sea real. Visita nuestro medio informativo publicado desde Hermosillo, Sonora. %","robots":{"index":"index","follow":"follow","max-snippet":"max-snippet:-1","max-image-preview":"max-image-preview:large","max-video-preview":"max-video-preview:-1"},"canonical":"https:\/\/www.sonoraenequipo.com.mx\/tribunal-noruego-rechaza-libertad-condicional-de-autor-de-la-masacre-de-utoya\/","og_locale":"es_ES","og_type":"article","og_title":"Sonora en Equipo. Tribunal noruego rechaza libertad condicional de autor de la masacre de Utoya MUNDO","og_description":"NORUEGA. \u2014 Un tribunal noruego del distrito Telemark rechaz\u00f3 poner en libertad condicional a Anders Breivik, el autor de la masacre de Utoya, en el que 77 En Sonora en Equipo publicamos toda la informaci\u00f3n de Sonora, M\u00e9xico y el Mundo de manera oportuna y busca que la libertad de expresi\u00f3n sea real. Visita nuestro medio informativo publicado desde Hermosillo, Sonora. %","og_url":"https:\/\/www.sonoraenequipo.com.mx\/tribunal-noruego-rechaza-libertad-condicional-de-autor-de-la-masacre-de-utoya\/","og_site_name":"Sonora en Equipo.","article_publisher":"https:\/\/www.facebook.com\/SonoraEE\/","article_author":"https:\/\/www.facebook.com\/SonoraEE","article_published_time":"2022-02-02T13:30:27+00:00","article_modified_time":"2022-02-02T22:04:01+00:00","og_image":[{"width":700,"height":408,"url":"https:\/\/www.sonoraenequipo.com.mx\/storage\/2022\/02\/masacre-en-utoya_opt.jpg","type":"image\/jpeg"}],"author":"enequipo","twitter_card":"summary_large_image","twitter_creator":"@sonoraenequipo","twitter_site":"@sonoraenequipo","twitter_misc":{"Escrito por":"enequipo","Tiempo de lectura":"1 minuto"},"schema":{"@context":"https:\/\/schema.org","@graph":[{"@type":"Article","@id":"https:\/\/www.sonoraenequipo.com.mx\/tribunal-noruego-rechaza-libertad-condicional-de-autor-de-la-masacre-de-utoya\/#article","isPartOf":{"@id":"https:\/\/www.sonoraenequipo.com.mx\/tribunal-noruego-rechaza-libertad-condicional-de-autor-de-la-masacre-de-utoya\/"},"author":{"name":"enequipo","@id":"https:\/\/www.sonoraenequipo.com.mx\/#\/schema\/person\/50102df0fb23a8fa9e8effad8fa81386"},"headline":"Tribunal noruego rechaza libertad condicional de autor de la masacre de Utoya","datePublished":"2022-02-02T13:30:27+00:00","dateModified":"2022-02-02T22:04:01+00:00","mainEntityOfPage":{"@id":"https:\/\/www.sonoraenequipo.com.mx\/tribunal-noruego-rechaza-libertad-condicional-de-autor-de-la-masacre-de-utoya\/"},"wordCount":185,"commentCount":0,"publisher":{"@id":"https:\/\/www.sonoraenequipo.com.mx\/#organization"},"image":{"@id":"https:\/\/www.sonoraenequipo.com.mx\/tribunal-noruego-rechaza-libertad-condicional-de-autor-de-la-masacre-de-utoya\/#primaryimage"},"thumbnailUrl":"https:\/\/www.sonoraenequipo.com.mx\/storage\/2022\/02\/masacre-en-utoya_opt.jpg","articleSection":["MUNDO"],"inLanguage":"es","potentialAction":[{"@type":"CommentAction","name":"Comment","target":["https:\/\/www.sonoraenequipo.com.mx\/tribunal-noruego-rechaza-libertad-condicional-de-autor-de-la-masacre-de-utoya\/#respond"]}]},{"@type":"WebPage","@id":"https:\/\/www.sonoraenequipo.com.mx\/tribunal-noruego-rechaza-libertad-condicional-de-autor-de-la-masacre-de-utoya\/","url":"https:\/\/www.sonoraenequipo.com.mx\/tribunal-noruego-rechaza-libertad-condicional-de-autor-de-la-masacre-de-utoya\/","name":"Sonora en Equipo. Tribunal noruego rechaza libertad condicional de autor de la masacre de Utoya MUNDO","isPartOf":{"@id":"https:\/\/www.sonoraenequipo.com.mx\/#website"},"primaryImageOfPage":{"@id":"https:\/\/www.sonoraenequipo.com.mx\/tribunal-noruego-rechaza-libertad-condicional-de-autor-de-la-masacre-de-utoya\/#primaryimage"},"image":{"@id":"https:\/\/www.sonoraenequipo.com.mx\/tribunal-noruego-rechaza-libertad-condicional-de-autor-de-la-masacre-de-utoya\/#primaryimage"},"thumbnailUrl":"https:\/\/www.sonoraenequipo.com.mx\/storage\/2022\/02\/masacre-en-utoya_opt.jpg","datePublished":"2022-02-02T13:30:27+00:00","dateModified":"2022-02-02T22:04:01+00:00","description":"NORUEGA. \u2014 Un tribunal noruego del distrito Telemark rechaz\u00f3 poner en libertad condicional a Anders Breivik, el autor de la masacre de Utoya, en el que 77 En Sonora en Equipo publicamos toda la informaci\u00f3n de Sonora, M\u00e9xico y el Mundo de manera oportuna y busca que la libertad de expresi\u00f3n sea real. Visita nuestro medio informativo publicado desde Hermosillo, Sonora. %","breadcrumb":{"@id":"https:\/\/www.sonoraenequipo.com.mx\/tribunal-noruego-rechaza-libertad-condicional-de-autor-de-la-masacre-de-utoya\/#breadcrumb"},"inLanguage":"es","potentialAction":[{"@type":"ReadAction","target":["https:\/\/www.sonoraenequipo.com.mx\/tribunal-noruego-rechaza-libertad-condicional-de-autor-de-la-masacre-de-utoya\/"]}]},{"@type":"ImageObject","inLanguage":"es","@id":"https:\/\/www.sonoraenequipo.com.mx\/tribunal-noruego-rechaza-libertad-condicional-de-autor-de-la-masacre-de-utoya\/#primaryimage","url":"https:\/\/www.sonoraenequipo.com.mx\/storage\/2022\/02\/masacre-en-utoya_opt.jpg","contentUrl":"https:\/\/www.sonoraenequipo.com.mx\/storage\/2022\/02\/masacre-en-utoya_opt.jpg","width":700,"height":408},{"@type":"BreadcrumbList","@id":"https:\/\/www.sonoraenequipo.com.mx\/tribunal-noruego-rechaza-libertad-condicional-de-autor-de-la-masacre-de-utoya\/#breadcrumb","itemListElement":[{"@type":"ListItem","position":1,"name":"Portada","item":"https:\/\/www.sonoraenequipo.com.mx\/"},{"@type":"ListItem","position":2,"name":"Tribunal noruego rechaza libertad condicional de autor de la masacre de Utoya"}]},{"@type":"WebSite","@id":"https:\/\/www.sonoraenequipo.com.mx\/#website","url":"https:\/\/www.sonoraenequipo.com.mx\/","name":"Sonora en Equipo.","description":"Diario en l\u00ednea con Noticias desde Hermosillo, Sonora","publisher":{"@id":"https:\/\/www.sonoraenequipo.com.mx\/#organization"},"potentialAction":[{"@type":"SearchAction","target":{"@type":"EntryPoint","urlTemplate":"https:\/\/www.sonoraenequipo.com.mx\/?s={search_term_string}"},"query-input":{"@type":"PropertyValueSpecification","valueRequired":true,"valueName":"search_term_string"}}],"inLanguage":"es"},{"@type":"Organization","@id":"https:\/\/www.sonoraenequipo.com.mx\/#organization","name":"Sonoraenequipo.com.mx","url":"https:\/\/www.sonoraenequipo.com.mx\/","logo":{"@type":"ImageObject","inLanguage":"es","@id":"https:\/\/www.sonoraenequipo.com.mx\/#\/schema\/logo\/image\/","url":"https:\/\/www.sonoraenequipo.com.mx\/storage\/2019\/01\/sonoraenequipo_opt.png","contentUrl":"https:\/\/www.sonoraenequipo.com.mx\/storage\/2019\/01\/sonoraenequipo_opt.png","width":375,"height":125,"caption":"Sonoraenequipo.com.mx"},"image":{"@id":"https:\/\/www.sonoraenequipo.com.mx\/#\/schema\/logo\/image\/"},"sameAs":["https:\/\/www.facebook.com\/SonoraEE\/","https:\/\/x.com\/sonoraenequipo","https:\/\/www.youtube.com\/channel\/UC338nW-lPEYmJQs4ZABQ1SQ"]},{"@type":"Person","@id":"https:\/\/www.sonoraenequipo.com.mx\/#\/schema\/person\/50102df0fb23a8fa9e8effad8fa81386","name":"enequipo","image":{"@type":"ImageObject","inLanguage":"es","@id":"https:\/\/www.sonoraenequipo.com.mx\/#\/schema\/person\/image\/","url":"https:\/\/secure.gravatar.com\/avatar\/049821681b589dabc0bc20695993ccebb09f5b5d4d790cd9251b97faac7c652b?s=96&d=blank&r=g","contentUrl":"https:\/\/secure.gravatar.com\/avatar\/049821681b589dabc0bc20695993ccebb09f5b5d4d790cd9251b97faac7c652b?s=96&d=blank&r=g","caption":"enequipo"},"sameAs":["https:\/\/www.facebook.com\/SonoraEE"]}]}},"jetpack_featured_media_url":"https:\/\/www.sonoraenequipo.com.mx\/storage\/2022\/02\/masacre-en-utoya_opt.jpg","_links":{"self":[{"href":"https:\/\/www.sonoraenequipo.com.mx\/api\/wp\/v2\/posts\/132272","targetHints":{"allow":["GET"]}}],"collection":[{"href":"https:\/\/www.sonoraenequipo.com.mx\/api\/wp\/v2\/posts"}],"about":[{"href":"https:\/\/www.sonoraenequipo.com.mx\/api\/wp\/v2\/types\/post"}],"author":[{"embeddable":true,"href":"https:\/\/www.sonoraenequipo.com.mx\/api\/wp\/v2\/users\/1"}],"replies":[{"embeddable":true,"href":"https:\/\/www.sonoraenequipo.com.mx\/api\/wp\/v2\/comments?post=132272"}],"version-history":[{"count":1,"href":"https:\/\/www.sonoraenequipo.com.mx\/api\/wp\/v2\/posts\/132272\/revisions"}],"predecessor-version":[{"id":132276,"href":"https:\/\/www.sonoraenequipo.com.mx\/api\/wp\/v2\/posts\/132272\/revisions\/132276"}],"wp:featuredmedia":[{"embeddable":true,"href":"https:\/\/www.sonoraenequipo.com.mx\/api\/wp\/v2\/media\/132268"}],"wp:attachment":[{"href":"https:\/\/www.sonoraenequipo.com.mx\/api\/wp\/v2\/media?parent=132272"}],"wp:term":[{"taxonomy":"category","embeddable":true,"href":"https:\/\/www.sonoraenequipo.com.mx\/api\/wp\/v2\/categories?post=132272"},{"taxonomy":"post_tag","embeddable":true,"href":"https:\/\/www.sonoraenequipo.com.mx\/api\/wp\/v2\/tags?post=132272"}],"curies":[{"name":"wp","href":"https:\/\/api.w.org\/{rel}","templated":true}]}}