{"id":132273,"date":"2022-02-02T13:39:27","date_gmt":"2022-02-02T20:39:27","guid":{"rendered":"https:\/\/www.sonoraenequipo.com.mx\/?p=132273"},"modified":"2022-02-02T13:39:27","modified_gmt":"2022-02-02T20:39:27","slug":"procuraremos-la-negociacion-en-la-resolucion-de-conflictos-y-la-paz-laboral-gobernador-durazo","status":"publish","type":"post","link":"https:\/\/www.sonoraenequipo.com.mx\/procuraremos-la-negociacion-en-la-resolucion-de-conflictos-y-la-paz-laboral-gobernador-durazo\/","title":{"rendered":"Procuraremos la negociaci\u00f3n en la resoluci\u00f3n de conflictos y la paz laboral: gobernador Durazo"},"content":{"rendered":"<p>HERMOSILLO, SONORA,MX.\u2500\u2500El gobernador del estado Alfonso Durazo Monta\u00f1o, inform\u00f3 v\u00eda su cuenta de facebook que se reuni\u00f3 en palacio estatal con la secretaria del trabajo Luisa Mar\u00eda Alcalde Luj\u00e1n \u201cRecib\u00ed con enorme gusto a mi querid\u00edsima Luisa Alcalde, secretaria de Secretar\u00eda del Trabajo y Previsi\u00f3n Social, con quien hablamos sobre la implementaci\u00f3n de la reforma laboral en nuestro estado\u201d escribi\u00f3 el mandatario en esa plataforma<\/p>\n<p>Durazo Monta\u00f1o, agreg\u00f3 que: \u201cLas y los trabajadores as\u00ed como\u00a0 empleadores, tendr\u00e1n un sistema de justicia laboral honesto y eficiente, habr\u00e1 democracia sindical, y procuraremos la negociaci\u00f3n en la resoluci\u00f3n de conflictos y la paz laboral\u201d.<\/p>\n<p>Fecha de publicaci\u00f3n: mi\u00e9rcoles \/ 2 \/ febrero \/ 2022 \/<\/p>\n","protected":false},"excerpt":{"rendered":"<p>HERMOSILLO, SONORA,MX.\u2500\u2500El gobernador del estado Alfonso Durazo Monta\u00f1o, inform\u00f3 v\u00eda su cuenta de facebook que&#8230;<\/p>\n","protected":false},"author":6,"featured_media":132274,"comment_status":"open","ping_status":"open","sticky":false,"template":"","format":"standard","meta":{"_monsterinsights_skip_tracking":false,"_monsterinsights_sitenote_active":false,"_monsterinsights_sitenote_note":"","_monsterinsights_sitenote_category":0,"footnotes":""},"categories":[22],"tags":[3651,6724,3654,5913],"class_list":["post"],"yoast_head":" \n<title>Sonora en Equipo. Procuraremos la negociaci\u00f3n en la resoluci\u00f3n de conflictos y la paz laboral: gobernador Durazo Sonora<\/title>\n<meta name=\"description\" content=\"HERMOSILLO, SONORA,MX.\u2500\u2500El gobernador del estado Alfonso Durazo Monta\u00f1o, inform\u00f3 v\u00eda su cuenta de facebook que se reuni\u00f3 en palacio estatal con la En Sonora en Equipo publicamos toda la informaci\u00f3n de Sonora, M\u00e9xico y el Mundo de manera oportuna y busca que la libertad de expresi\u00f3n sea real. Visita nuestro medio informativo publicado desde Hermosillo, Sonora. %\" \/>\n<meta name=\"robots\" content=\"index, follow, max-snippet:-1, max-image-preview:large, max-video-preview:-1\" \/>\n<link rel=\"canonical\" href=\"https:\/\/www.sonoraenequipo.com.mx\/procuraremos-la-negociacion-en-la-resolucion-de-conflictos-y-la-paz-laboral-gobernador-durazo\/\" \/>\n<meta property=\"og:locale\" content=\"es_ES\" \/>\n<meta property=\"og:type\" content=\"article\" \/>\n<meta property=\"og:title\" content=\"Sonora en Equipo. Procuraremos la negociaci\u00f3n en la resoluci\u00f3n de conflictos y la paz laboral: gobernador Durazo Sonora\" \/>\n<meta property=\"og:description\" content=\"HERMOSILLO, SONORA,MX.\u2500\u2500El gobernador del estado Alfonso Durazo Monta\u00f1o, inform\u00f3 v\u00eda su cuenta de facebook que se reuni\u00f3 en palacio estatal con la En Sonora en Equipo publicamos toda la informaci\u00f3n de Sonora, M\u00e9xico y el Mundo de manera oportuna y busca que la libertad de expresi\u00f3n sea real. Visita nuestro medio informativo publicado desde Hermosillo, Sonora. %\" \/>\n<meta property=\"og:url\" content=\"https:\/\/www.sonoraenequipo.com.mx\/procuraremos-la-negociacion-en-la-resolucion-de-conflictos-y-la-paz-laboral-gobernador-durazo\/\" \/>\n<meta property=\"og:site_name\" content=\"Sonora en Equipo.\" \/>\n<meta property=\"article:publisher\" content=\"https:\/\/www.facebook.com\/SonoraEE\/\" \/>\n<meta property=\"article:published_time\" content=\"2022-02-02T20:39:27+00:00\" \/>\n<meta property=\"og:image\" content=\"https:\/\/www.sonoraenequipo.com.mx\/storage\/2022\/02\/adm-alcalde.jpg\" \/>\n\t<meta property=\"og:image:width\" content=\"700\" \/>\n\t<meta property=\"og:image:height\" content=\"400\" \/>\n\t<meta property=\"og:image:type\" content=\"image\/jpeg\" \/>\n<meta name=\"author\" content=\"Nacho Bandin\" \/>\n<meta name=\"twitter:card\" content=\"summary_large_image\" \/>\n<meta name=\"twitter:creator\" content=\"@sonoraenequipo\" \/>\n<meta name=\"twitter:site\" content=\"@sonoraenequipo\" \/>\n<meta name=\"twitter:label1\" content=\"Escrito por\" \/>\n\t<meta name=\"twitter:data1\" content=\"Nacho Bandin\" \/>\n\t<meta name=\"twitter:label2\" content=\"Tiempo de lectura\" \/>\n\t<meta name=\"twitter:data2\" content=\"1 minuto\" \/>\n<script type=\"application\/ld+json\" class=\"yoast-schema-graph\">{\"@context\":\"https:\/\/schema.org\",\"@graph\":[{\"@type\":\"Article\",\"@id\":\"https:\/\/www.sonoraenequipo.com.mx\/procuraremos-la-negociacion-en-la-resolucion-de-conflictos-y-la-paz-laboral-gobernador-durazo\/#article\",\"isPartOf\":{\"@id\":\"https:\/\/www.sonoraenequipo.com.mx\/procuraremos-la-negociacion-en-la-resolucion-de-conflictos-y-la-paz-laboral-gobernador-durazo\/\"},\"author\":{\"name\":\"Nacho Bandin\",\"@id\":\"https:\/\/www.sonoraenequipo.com.mx\/#\/schema\/person\/fbd9952aca28efec00f1fb7fa9428cad\"},\"headline\":\"Procuraremos la negociaci\u00f3n en la resoluci\u00f3n de conflictos y la paz laboral: gobernador Durazo\",\"datePublished\":\"2022-02-02T20:39:27+00:00\",\"mainEntityOfPage\":{\"@id\":\"https:\/\/www.sonoraenequipo.com.mx\/procuraremos-la-negociacion-en-la-resolucion-de-conflictos-y-la-paz-laboral-gobernador-durazo\/\"},\"wordCount\":138,\"commentCount\":0,\"publisher\":{\"@id\":\"https:\/\/www.sonoraenequipo.com.mx\/#organization\"},\"image\":{\"@id\":\"https:\/\/www.sonoraenequipo.com.mx\/procuraremos-la-negociacion-en-la-resolucion-de-conflictos-y-la-paz-laboral-gobernador-durazo\/#primaryimage\"},\"thumbnailUrl\":\"https:\/\/www.sonoraenequipo.com.mx\/storage\/2022\/02\/adm-alcalde.jpg\",\"keywords\":[\"laboral\",\"luisaalcalde\",\"paz\",\"trabajo\"],\"articleSection\":[\"Sonora\"],\"inLanguage\":\"es\",\"potentialAction\":[{\"@type\":\"CommentAction\",\"name\":\"Comment\",\"target\":[\"https:\/\/www.sonoraenequipo.com.mx\/procuraremos-la-negociacion-en-la-resolucion-de-conflictos-y-la-paz-laboral-gobernador-durazo\/#respond\"]}]},{\"@type\":\"WebPage\",\"@id\":\"https:\/\/www.sonoraenequipo.com.mx\/procuraremos-la-negociacion-en-la-resolucion-de-conflictos-y-la-paz-laboral-gobernador-durazo\/\",\"url\":\"https:\/\/www.sonoraenequipo.com.mx\/procuraremos-la-negociacion-en-la-resolucion-de-conflictos-y-la-paz-laboral-gobernador-durazo\/\",\"name\":\"Sonora en Equipo. Procuraremos la negociaci\u00f3n en la resoluci\u00f3n de conflictos y la paz laboral: gobernador Durazo Sonora\",\"isPartOf\":{\"@id\":\"https:\/\/www.sonoraenequipo.com.mx\/#website\"},\"primaryImageOfPage\":{\"@id\":\"https:\/\/www.sonoraenequipo.com.mx\/procuraremos-la-negociacion-en-la-resolucion-de-conflictos-y-la-paz-laboral-gobernador-durazo\/#primaryimage\"},\"image\":{\"@id\":\"https:\/\/www.sonoraenequipo.com.mx\/procuraremos-la-negociacion-en-la-resolucion-de-conflictos-y-la-paz-laboral-gobernador-durazo\/#primaryimage\"},\"thumbnailUrl\":\"https:\/\/www.sonoraenequipo.com.mx\/storage\/2022\/02\/adm-alcalde.jpg\",\"datePublished\":\"2022-02-02T20:39:27+00:00\",\"description\":\"HERMOSILLO, SONORA,MX.\u2500\u2500El gobernador del estado Alfonso Durazo Monta\u00f1o, inform\u00f3 v\u00eda su cuenta de facebook que se reuni\u00f3 en palacio estatal con la En Sonora en Equipo publicamos toda la informaci\u00f3n de Sonora, M\u00e9xico y el Mundo de manera oportuna y busca que la libertad de expresi\u00f3n sea real. Visita nuestro medio informativo publicado desde Hermosillo, Sonora. %\",\"breadcrumb\":{\"@id\":\"https:\/\/www.sonoraenequipo.com.mx\/procuraremos-la-negociacion-en-la-resolucion-de-conflictos-y-la-paz-laboral-gobernador-durazo\/#breadcrumb\"},\"inLanguage\":\"es\",\"potentialAction\":[{\"@type\":\"ReadAction\",\"target\":[\"https:\/\/www.sonoraenequipo.com.mx\/procuraremos-la-negociacion-en-la-resolucion-de-conflictos-y-la-paz-laboral-gobernador-durazo\/\"]}]},{\"@type\":\"ImageObject\",\"inLanguage\":\"es\",\"@id\":\"https:\/\/www.sonoraenequipo.com.mx\/procuraremos-la-negociacion-en-la-resolucion-de-conflictos-y-la-paz-laboral-gobernador-durazo\/#primaryimage\",\"url\":\"https:\/\/www.sonoraenequipo.com.mx\/storage\/2022\/02\/adm-alcalde.jpg\",\"contentUrl\":\"https:\/\/www.sonoraenequipo.com.mx\/storage\/2022\/02\/adm-alcalde.jpg\",\"width\":700,\"height\":400},{\"@type\":\"BreadcrumbList\",\"@id\":\"https:\/\/www.sonoraenequipo.com.mx\/procuraremos-la-negociacion-en-la-resolucion-de-conflictos-y-la-paz-laboral-gobernador-durazo\/#breadcrumb\",\"itemListElement\":[{\"@type\":\"ListItem\",\"position\":1,\"name\":\"Portada\",\"item\":\"https:\/\/www.sonoraenequipo.com.mx\/\"},{\"@type\":\"ListItem\",\"position\":2,\"name\":\"Procuraremos la negociaci\u00f3n en la resoluci\u00f3n de conflictos y la paz laboral: gobernador Durazo\"}]},{\"@type\":\"WebSite\",\"@id\":\"https:\/\/www.sonoraenequipo.com.mx\/#website\",\"url\":\"https:\/\/www.sonoraenequipo.com.mx\/\",\"name\":\"Sonora en Equipo.\",\"description\":\"Diario en l\u00ednea con Noticias desde Hermosillo, Sonora\",\"publisher\":{\"@id\":\"https:\/\/www.sonoraenequipo.com.mx\/#organization\"},\"potentialAction\":[{\"@type\":\"SearchAction\",\"target\":{\"@type\":\"EntryPoint\",\"urlTemplate\":\"https:\/\/www.sonoraenequipo.com.mx\/?s={search_term_string}\"},\"query-input\":{\"@type\":\"PropertyValueSpecification\",\"valueRequired\":true,\"valueName\":\"search_term_string\"}}],\"inLanguage\":\"es\"},{\"@type\":\"Organization\",\"@id\":\"https:\/\/www.sonoraenequipo.com.mx\/#organization\",\"name\":\"Sonoraenequipo.com.mx\",\"url\":\"https:\/\/www.sonoraenequipo.com.mx\/\",\"logo\":{\"@type\":\"ImageObject\",\"inLanguage\":\"es\",\"@id\":\"https:\/\/www.sonoraenequipo.com.mx\/#\/schema\/logo\/image\/\",\"url\":\"https:\/\/www.sonoraenequipo.com.mx\/storage\/2019\/01\/sonoraenequipo_opt.png\",\"contentUrl\":\"https:\/\/www.sonoraenequipo.com.mx\/storage\/2019\/01\/sonoraenequipo_opt.png\",\"width\":375,\"height\":125,\"caption\":\"Sonoraenequipo.com.mx\"},\"image\":{\"@id\":\"https:\/\/www.sonoraenequipo.com.mx\/#\/schema\/logo\/image\/\"},\"sameAs\":[\"https:\/\/www.facebook.com\/SonoraEE\/\",\"https:\/\/x.com\/sonoraenequipo\",\"https:\/\/www.youtube.com\/channel\/UC338nW-lPEYmJQs4ZABQ1SQ\"]},{\"@type\":\"Person\",\"@id\":\"https:\/\/www.sonoraenequipo.com.mx\/#\/schema\/person\/fbd9952aca28efec00f1fb7fa9428cad\",\"name\":\"Nacho Bandin\",\"image\":{\"@type\":\"ImageObject\",\"inLanguage\":\"es\",\"@id\":\"https:\/\/www.sonoraenequipo.com.mx\/#\/schema\/person\/image\/\",\"url\":\"https:\/\/secure.gravatar.com\/avatar\/aa8b9910cb9aca6bb907bea274a87d80d1290d00069310f251740e3ee0bf15f1?s=96&d=blank&r=g\",\"contentUrl\":\"https:\/\/secure.gravatar.com\/avatar\/aa8b9910cb9aca6bb907bea274a87d80d1290d00069310f251740e3ee0bf15f1?s=96&d=blank&r=g\",\"caption\":\"Nacho Bandin\"},\"sameAs\":[\"http:\/\/sonoraenequipo.com.mx\"]}]}<\/script>\n ","yoast_head_json":{"title":"Sonora en Equipo. Procuraremos la negociaci\u00f3n en la resoluci\u00f3n de conflictos y la paz laboral: gobernador Durazo Sonora","description":"HERMOSILLO, SONORA,MX.\u2500\u2500El gobernador del estado Alfonso Durazo Monta\u00f1o, inform\u00f3 v\u00eda su cuenta de facebook que se reuni\u00f3 en palacio estatal con la En Sonora en Equipo publicamos toda la informaci\u00f3n de Sonora, M\u00e9xico y el Mundo de manera oportuna y busca que la libertad de expresi\u00f3n sea real. Visita nuestro medio informativo publicado desde Hermosillo, Sonora. %","robots":{"index":"index","follow":"follow","max-snippet":"max-snippet:-1","max-image-preview":"max-image-preview:large","max-video-preview":"max-video-preview:-1"},"canonical":"https:\/\/www.sonoraenequipo.com.mx\/procuraremos-la-negociacion-en-la-resolucion-de-conflictos-y-la-paz-laboral-gobernador-durazo\/","og_locale":"es_ES","og_type":"article","og_title":"Sonora en Equipo. Procuraremos la negociaci\u00f3n en la resoluci\u00f3n de conflictos y la paz laboral: gobernador Durazo Sonora","og_description":"HERMOSILLO, SONORA,MX.\u2500\u2500El gobernador del estado Alfonso Durazo Monta\u00f1o, inform\u00f3 v\u00eda su cuenta de facebook que se reuni\u00f3 en palacio estatal con la En Sonora en Equipo publicamos toda la informaci\u00f3n de Sonora, M\u00e9xico y el Mundo de manera oportuna y busca que la libertad de expresi\u00f3n sea real. Visita nuestro medio informativo publicado desde Hermosillo, Sonora. %","og_url":"https:\/\/www.sonoraenequipo.com.mx\/procuraremos-la-negociacion-en-la-resolucion-de-conflictos-y-la-paz-laboral-gobernador-durazo\/","og_site_name":"Sonora en Equipo.","article_publisher":"https:\/\/www.facebook.com\/SonoraEE\/","article_published_time":"2022-02-02T20:39:27+00:00","og_image":[{"width":700,"height":400,"url":"https:\/\/www.sonoraenequipo.com.mx\/storage\/2022\/02\/adm-alcalde.jpg","type":"image\/jpeg"}],"author":"Nacho Bandin","twitter_card":"summary_large_image","twitter_creator":"@sonoraenequipo","twitter_site":"@sonoraenequipo","twitter_misc":{"Escrito por":"Nacho Bandin","Tiempo de lectura":"1 minuto"},"schema":{"@context":"https:\/\/schema.org","@graph":[{"@type":"Article","@id":"https:\/\/www.sonoraenequipo.com.mx\/procuraremos-la-negociacion-en-la-resolucion-de-conflictos-y-la-paz-laboral-gobernador-durazo\/#article","isPartOf":{"@id":"https:\/\/www.sonoraenequipo.com.mx\/procuraremos-la-negociacion-en-la-resolucion-de-conflictos-y-la-paz-laboral-gobernador-durazo\/"},"author":{"name":"Nacho Bandin","@id":"https:\/\/www.sonoraenequipo.com.mx\/#\/schema\/person\/fbd9952aca28efec00f1fb7fa9428cad"},"headline":"Procuraremos la negociaci\u00f3n en la resoluci\u00f3n de conflictos y la paz laboral: gobernador Durazo","datePublished":"2022-02-02T20:39:27+00:00","mainEntityOfPage":{"@id":"https:\/\/www.sonoraenequipo.com.mx\/procuraremos-la-negociacion-en-la-resolucion-de-conflictos-y-la-paz-laboral-gobernador-durazo\/"},"wordCount":138,"commentCount":0,"publisher":{"@id":"https:\/\/www.sonoraenequipo.com.mx\/#organization"},"image":{"@id":"https:\/\/www.sonoraenequipo.com.mx\/procuraremos-la-negociacion-en-la-resolucion-de-conflictos-y-la-paz-laboral-gobernador-durazo\/#primaryimage"},"thumbnailUrl":"https:\/\/www.sonoraenequipo.com.mx\/storage\/2022\/02\/adm-alcalde.jpg","keywords":["laboral","luisaalcalde","paz","trabajo"],"articleSection":["Sonora"],"inLanguage":"es","potentialAction":[{"@type":"CommentAction","name":"Comment","target":["https:\/\/www.sonoraenequipo.com.mx\/procuraremos-la-negociacion-en-la-resolucion-de-conflictos-y-la-paz-laboral-gobernador-durazo\/#respond"]}]},{"@type":"WebPage","@id":"https:\/\/www.sonoraenequipo.com.mx\/procuraremos-la-negociacion-en-la-resolucion-de-conflictos-y-la-paz-laboral-gobernador-durazo\/","url":"https:\/\/www.sonoraenequipo.com.mx\/procuraremos-la-negociacion-en-la-resolucion-de-conflictos-y-la-paz-laboral-gobernador-durazo\/","name":"Sonora en Equipo. Procuraremos la negociaci\u00f3n en la resoluci\u00f3n de conflictos y la paz laboral: gobernador Durazo Sonora","isPartOf":{"@id":"https:\/\/www.sonoraenequipo.com.mx\/#website"},"primaryImageOfPage":{"@id":"https:\/\/www.sonoraenequipo.com.mx\/procuraremos-la-negociacion-en-la-resolucion-de-conflictos-y-la-paz-laboral-gobernador-durazo\/#primaryimage"},"image":{"@id":"https:\/\/www.sonoraenequipo.com.mx\/procuraremos-la-negociacion-en-la-resolucion-de-conflictos-y-la-paz-laboral-gobernador-durazo\/#primaryimage"},"thumbnailUrl":"https:\/\/www.sonoraenequipo.com.mx\/storage\/2022\/02\/adm-alcalde.jpg","datePublished":"2022-02-02T20:39:27+00:00","description":"HERMOSILLO, SONORA,MX.\u2500\u2500El gobernador del estado Alfonso Durazo Monta\u00f1o, inform\u00f3 v\u00eda su cuenta de facebook que se reuni\u00f3 en palacio estatal con la En Sonora en Equipo publicamos toda la informaci\u00f3n de Sonora, M\u00e9xico y el Mundo de manera oportuna y busca que la libertad de expresi\u00f3n sea real. Visita nuestro medio informativo publicado desde Hermosillo, Sonora. %","breadcrumb":{"@id":"https:\/\/www.sonoraenequipo.com.mx\/procuraremos-la-negociacion-en-la-resolucion-de-conflictos-y-la-paz-laboral-gobernador-durazo\/#breadcrumb"},"inLanguage":"es","potentialAction":[{"@type":"ReadAction","target":["https:\/\/www.sonoraenequipo.com.mx\/procuraremos-la-negociacion-en-la-resolucion-de-conflictos-y-la-paz-laboral-gobernador-durazo\/"]}]},{"@type":"ImageObject","inLanguage":"es","@id":"https:\/\/www.sonoraenequipo.com.mx\/procuraremos-la-negociacion-en-la-resolucion-de-conflictos-y-la-paz-laboral-gobernador-durazo\/#primaryimage","url":"https:\/\/www.sonoraenequipo.com.mx\/storage\/2022\/02\/adm-alcalde.jpg","contentUrl":"https:\/\/www.sonoraenequipo.com.mx\/storage\/2022\/02\/adm-alcalde.jpg","width":700,"height":400},{"@type":"BreadcrumbList","@id":"https:\/\/www.sonoraenequipo.com.mx\/procuraremos-la-negociacion-en-la-resolucion-de-conflictos-y-la-paz-laboral-gobernador-durazo\/#breadcrumb","itemListElement":[{"@type":"ListItem","position":1,"name":"Portada","item":"https:\/\/www.sonoraenequipo.com.mx\/"},{"@type":"ListItem","position":2,"name":"Procuraremos la negociaci\u00f3n en la resoluci\u00f3n de conflictos y la paz laboral: gobernador Durazo"}]},{"@type":"WebSite","@id":"https:\/\/www.sonoraenequipo.com.mx\/#website","url":"https:\/\/www.sonoraenequipo.com.mx\/","name":"Sonora en Equipo.","description":"Diario en l\u00ednea con Noticias desde Hermosillo, Sonora","publisher":{"@id":"https:\/\/www.sonoraenequipo.com.mx\/#organization"},"potentialAction":[{"@type":"SearchAction","target":{"@type":"EntryPoint","urlTemplate":"https:\/\/www.sonoraenequipo.com.mx\/?s={search_term_string}"},"query-input":{"@type":"PropertyValueSpecification","valueRequired":true,"valueName":"search_term_string"}}],"inLanguage":"es"},{"@type":"Organization","@id":"https:\/\/www.sonoraenequipo.com.mx\/#organization","name":"Sonoraenequipo.com.mx","url":"https:\/\/www.sonoraenequipo.com.mx\/","logo":{"@type":"ImageObject","inLanguage":"es","@id":"https:\/\/www.sonoraenequipo.com.mx\/#\/schema\/logo\/image\/","url":"https:\/\/www.sonoraenequipo.com.mx\/storage\/2019\/01\/sonoraenequipo_opt.png","contentUrl":"https:\/\/www.sonoraenequipo.com.mx\/storage\/2019\/01\/sonoraenequipo_opt.png","width":375,"height":125,"caption":"Sonoraenequipo.com.mx"},"image":{"@id":"https:\/\/www.sonoraenequipo.com.mx\/#\/schema\/logo\/image\/"},"sameAs":["https:\/\/www.facebook.com\/SonoraEE\/","https:\/\/x.com\/sonoraenequipo","https:\/\/www.youtube.com\/channel\/UC338nW-lPEYmJQs4ZABQ1SQ"]},{"@type":"Person","@id":"https:\/\/www.sonoraenequipo.com.mx\/#\/schema\/person\/fbd9952aca28efec00f1fb7fa9428cad","name":"Nacho Bandin","image":{"@type":"ImageObject","inLanguage":"es","@id":"https:\/\/www.sonoraenequipo.com.mx\/#\/schema\/person\/image\/","url":"https:\/\/secure.gravatar.com\/avatar\/aa8b9910cb9aca6bb907bea274a87d80d1290d00069310f251740e3ee0bf15f1?s=96&d=blank&r=g","contentUrl":"https:\/\/secure.gravatar.com\/avatar\/aa8b9910cb9aca6bb907bea274a87d80d1290d00069310f251740e3ee0bf15f1?s=96&d=blank&r=g","caption":"Nacho Bandin"},"sameAs":["http:\/\/sonoraenequipo.com.mx"]}]}},"jetpack_featured_media_url":"https:\/\/www.sonoraenequipo.com.mx\/storage\/2022\/02\/adm-alcalde.jpg","_links":{"self":[{"href":"https:\/\/www.sonoraenequipo.com.mx\/api\/wp\/v2\/posts\/132273","targetHints":{"allow":["GET"]}}],"collection":[{"href":"https:\/\/www.sonoraenequipo.com.mx\/api\/wp\/v2\/posts"}],"about":[{"href":"https:\/\/www.sonoraenequipo.com.mx\/api\/wp\/v2\/types\/post"}],"author":[{"embeddable":true,"href":"https:\/\/www.sonoraenequipo.com.mx\/api\/wp\/v2\/users\/6"}],"replies":[{"embeddable":true,"href":"https:\/\/www.sonoraenequipo.com.mx\/api\/wp\/v2\/comments?post=132273"}],"version-history":[{"count":1,"href":"https:\/\/www.sonoraenequipo.com.mx\/api\/wp\/v2\/posts\/132273\/revisions"}],"predecessor-version":[{"id":132275,"href":"https:\/\/www.sonoraenequipo.com.mx\/api\/wp\/v2\/posts\/132273\/revisions\/132275"}],"wp:featuredmedia":[{"embeddable":true,"href":"https:\/\/www.sonoraenequipo.com.mx\/api\/wp\/v2\/media\/132274"}],"wp:attachment":[{"href":"https:\/\/www.sonoraenequipo.com.mx\/api\/wp\/v2\/media?parent=132273"}],"wp:term":[{"taxonomy":"category","embeddable":true,"href":"https:\/\/www.sonoraenequipo.com.mx\/api\/wp\/v2\/categories?post=132273"},{"taxonomy":"post_tag","embeddable":true,"href":"https:\/\/www.sonoraenequipo.com.mx\/api\/wp\/v2\/tags?post=132273"}],"curies":[{"name":"wp","href":"https:\/\/api.w.org\/{rel}","templated":true}]}}