{"id":132277,"date":"2022-02-01T22:48:53","date_gmt":"2022-02-02T05:48:53","guid":{"rendered":"https:\/\/www.sonoraenequipo.com.mx\/?p=132277"},"modified":"2022-02-02T15:24:16","modified_gmt":"2022-02-02T22:24:16","slug":"alza-del-7-en-peaje-de-la-super-durango-mazatlan-se-pronuncian-en-contra","status":"publish","type":"post","link":"https:\/\/www.sonoraenequipo.com.mx\/alza-del-7-en-peaje-de-la-super-durango-mazatlan-se-pronuncian-en-contra\/","title":{"rendered":"Alza del 7% en peaje de la \u201cs\u00faper\u201d Durango-Mazatl\u00e1n; se pronuncian en contra"},"content":{"rendered":"<p>G\u00d3MEZ PALACIO, DURANGO. MX. \u2014 Caminos y Puentes Federales (Capufe) aplic\u00f3 un alza del siete por ciento en el peaje de la \u201cs\u00faper\u201d Durango-Mazatl\u00e1n, sin embargo, desde el Congreso del Estado, la diputada local, Silvia Patricia Jim\u00e9nez Delgado, se pronunci\u00f3 en contra, y mediante un punto de acuerdo pidi\u00f3 brindar el mantenimiento necesario a la r\u00faa, y evitar que se den este tipo de incrementos.<\/p>\n<p>&nbsp;<\/p>\n<p> <\/p>\n<p>&nbsp;<\/p>\n<p>Asimismo, la legisladora expuso que las condiciones de la considerada la obra m\u00e1s compleja del pa\u00eds, deja mucho que desear, no solo en la carpeta asf\u00e1ltica, tambi\u00e9n en los desperfectos constantes en puentes y t\u00faneles, y en el servicio que se ofrece.<\/p>\n<p>&nbsp;<\/p>\n<p><em>\u201c..contin\u00faa presentando fallas en todo el trayecto. Hoy en d\u00eda parece estar completamente abandonada. Salvo el personal de Capufe que trabaja en cada una de las seis casetas de cobro, pues ellos s\u00ed no dejan de cobrar ni un solo peso\u201d.<\/em><\/p>\n<p>&nbsp;<\/p>\n<p>Jim\u00e9nez Delgado reprob\u00f3 que pese a las malas condiciones, el viajar por dicha carrera resulte hasta tres m\u00e1s caro que hacerlo en autopistas de Estados Unidos, Francia, Espa\u00f1a o Australia, <em>\u201csiendo que no se justifica el cobro\u201d.<\/em><\/p>\n<p>&nbsp;<\/p>\n<p>Entonces, dijo, como una medida para apoyar la econom\u00eda popular y salvaguardar la seguridad de los usuarios, propuso que este a\u00f1o no se incrementen las tarifas, pero que adem\u00e1s se generen las condiciones de conservaci\u00f3n que garanticen la seguridad de tr\u00e1nsito.<\/p>\n<p>&nbsp;<\/p>\n<p>&nbsp;<\/p>\n<p>(Publicada el 01\/02\/2022 \/ Perla Rodr\u00edguez C.)<\/p>\n","protected":false},"excerpt":{"rendered":"<p>G\u00d3MEZ PALACIO, DURANGO. MX. \u2014 Caminos y Puentes Federales (Capufe) aplic\u00f3 un alza del siete&#8230;<\/p>\n","protected":false},"author":1,"featured_media":132278,"comment_status":"open","ping_status":"open","sticky":false,"template":"","format":"standard","meta":{"_monsterinsights_skip_tracking":false,"_monsterinsights_sitenote_active":false,"_monsterinsights_sitenote_note":"","_monsterinsights_sitenote_category":0,"footnotes":""},"categories":[5],"tags":[],"class_list":["post"],"yoast_head":" \n<title>Sonora en Equipo. Alza del 7% en peaje de la \u201cs\u00faper\u201d Durango-Mazatl\u00e1n; se pronuncian en contra Rep\u00fablica<\/title>\n<meta name=\"description\" content=\"G\u00d3MEZ PALACIO, DURANGO. MX. \u2014 Caminos y Puentes Federales (Capufe) aplic\u00f3 un alza del siete por ciento en el peaje de la \u201cs\u00faper\u201d Durango-Mazatl\u00e1n, sin En Sonora en Equipo publicamos toda la informaci\u00f3n de Sonora, M\u00e9xico y el Mundo de manera oportuna y busca que la libertad de expresi\u00f3n sea real. Visita nuestro medio informativo publicado desde Hermosillo, Sonora. %\" \/>\n<meta name=\"robots\" content=\"index, follow, max-snippet:-1, max-image-preview:large, max-video-preview:-1\" \/>\n<link rel=\"canonical\" href=\"https:\/\/www.sonoraenequipo.com.mx\/alza-del-7-en-peaje-de-la-super-durango-mazatlan-se-pronuncian-en-contra\/\" \/>\n<meta property=\"og:locale\" content=\"es_ES\" \/>\n<meta property=\"og:type\" content=\"article\" \/>\n<meta property=\"og:title\" content=\"Sonora en Equipo. Alza del 7% en peaje de la \u201cs\u00faper\u201d Durango-Mazatl\u00e1n; se pronuncian en contra Rep\u00fablica\" \/>\n<meta property=\"og:description\" content=\"G\u00d3MEZ PALACIO, DURANGO. MX. \u2014 Caminos y Puentes Federales (Capufe) aplic\u00f3 un alza del siete por ciento en el peaje de la \u201cs\u00faper\u201d Durango-Mazatl\u00e1n, sin En Sonora en Equipo publicamos toda la informaci\u00f3n de Sonora, M\u00e9xico y el Mundo de manera oportuna y busca que la libertad de expresi\u00f3n sea real. Visita nuestro medio informativo publicado desde Hermosillo, Sonora. %\" \/>\n<meta property=\"og:url\" content=\"https:\/\/www.sonoraenequipo.com.mx\/alza-del-7-en-peaje-de-la-super-durango-mazatlan-se-pronuncian-en-contra\/\" \/>\n<meta property=\"og:site_name\" content=\"Sonora en Equipo.\" \/>\n<meta property=\"article:publisher\" content=\"https:\/\/www.facebook.com\/SonoraEE\/\" \/>\n<meta property=\"article:author\" content=\"https:\/\/www.facebook.com\/SonoraEE\" \/>\n<meta property=\"article:published_time\" content=\"2022-02-02T05:48:53+00:00\" \/>\n<meta property=\"article:modified_time\" content=\"2022-02-02T22:24:16+00:00\" \/>\n<meta property=\"og:image\" content=\"https:\/\/www.sonoraenequipo.com.mx\/storage\/2022\/02\/supercarretra._opt.jpg\" \/>\n\t<meta property=\"og:image:width\" content=\"700\" \/>\n\t<meta property=\"og:image:height\" content=\"400\" \/>\n\t<meta property=\"og:image:type\" content=\"image\/jpeg\" \/>\n<meta name=\"author\" content=\"enequipo\" \/>\n<meta name=\"twitter:card\" content=\"summary_large_image\" \/>\n<meta name=\"twitter:creator\" content=\"@sonoraenequipo\" \/>\n<meta name=\"twitter:site\" content=\"@sonoraenequipo\" \/>\n<meta name=\"twitter:label1\" content=\"Escrito por\" \/>\n\t<meta name=\"twitter:data1\" content=\"enequipo\" \/>\n\t<meta name=\"twitter:label2\" content=\"Tiempo de lectura\" \/>\n\t<meta name=\"twitter:data2\" content=\"2 minutos\" \/>\n<script type=\"application\/ld+json\" class=\"yoast-schema-graph\">{\"@context\":\"https:\/\/schema.org\",\"@graph\":[{\"@type\":\"Article\",\"@id\":\"https:\/\/www.sonoraenequipo.com.mx\/alza-del-7-en-peaje-de-la-super-durango-mazatlan-se-pronuncian-en-contra\/#article\",\"isPartOf\":{\"@id\":\"https:\/\/www.sonoraenequipo.com.mx\/alza-del-7-en-peaje-de-la-super-durango-mazatlan-se-pronuncian-en-contra\/\"},\"author\":{\"name\":\"enequipo\",\"@id\":\"https:\/\/www.sonoraenequipo.com.mx\/#\/schema\/person\/50102df0fb23a8fa9e8effad8fa81386\"},\"headline\":\"Alza del 7% en peaje de la \u201cs\u00faper\u201d Durango-Mazatl\u00e1n; se pronuncian en contra\",\"datePublished\":\"2022-02-02T05:48:53+00:00\",\"dateModified\":\"2022-02-02T22:24:16+00:00\",\"mainEntityOfPage\":{\"@id\":\"https:\/\/www.sonoraenequipo.com.mx\/alza-del-7-en-peaje-de-la-super-durango-mazatlan-se-pronuncian-en-contra\/\"},\"wordCount\":272,\"commentCount\":0,\"publisher\":{\"@id\":\"https:\/\/www.sonoraenequipo.com.mx\/#organization\"},\"image\":{\"@id\":\"https:\/\/www.sonoraenequipo.com.mx\/alza-del-7-en-peaje-de-la-super-durango-mazatlan-se-pronuncian-en-contra\/#primaryimage\"},\"thumbnailUrl\":\"https:\/\/www.sonoraenequipo.com.mx\/storage\/2022\/02\/supercarretra._opt.jpg\",\"articleSection\":[\"Rep\u00fablica\"],\"inLanguage\":\"es\",\"potentialAction\":[{\"@type\":\"CommentAction\",\"name\":\"Comment\",\"target\":[\"https:\/\/www.sonoraenequipo.com.mx\/alza-del-7-en-peaje-de-la-super-durango-mazatlan-se-pronuncian-en-contra\/#respond\"]}]},{\"@type\":\"WebPage\",\"@id\":\"https:\/\/www.sonoraenequipo.com.mx\/alza-del-7-en-peaje-de-la-super-durango-mazatlan-se-pronuncian-en-contra\/\",\"url\":\"https:\/\/www.sonoraenequipo.com.mx\/alza-del-7-en-peaje-de-la-super-durango-mazatlan-se-pronuncian-en-contra\/\",\"name\":\"Sonora en Equipo. Alza del 7% en peaje de la \u201cs\u00faper\u201d Durango-Mazatl\u00e1n; se pronuncian en contra Rep\u00fablica\",\"isPartOf\":{\"@id\":\"https:\/\/www.sonoraenequipo.com.mx\/#website\"},\"primaryImageOfPage\":{\"@id\":\"https:\/\/www.sonoraenequipo.com.mx\/alza-del-7-en-peaje-de-la-super-durango-mazatlan-se-pronuncian-en-contra\/#primaryimage\"},\"image\":{\"@id\":\"https:\/\/www.sonoraenequipo.com.mx\/alza-del-7-en-peaje-de-la-super-durango-mazatlan-se-pronuncian-en-contra\/#primaryimage\"},\"thumbnailUrl\":\"https:\/\/www.sonoraenequipo.com.mx\/storage\/2022\/02\/supercarretra._opt.jpg\",\"datePublished\":\"2022-02-02T05:48:53+00:00\",\"dateModified\":\"2022-02-02T22:24:16+00:00\",\"description\":\"G\u00d3MEZ PALACIO, DURANGO. MX. \u2014 Caminos y Puentes Federales (Capufe) aplic\u00f3 un alza del siete por ciento en el peaje de la \u201cs\u00faper\u201d Durango-Mazatl\u00e1n, sin En Sonora en Equipo publicamos toda la informaci\u00f3n de Sonora, M\u00e9xico y el Mundo de manera oportuna y busca que la libertad de expresi\u00f3n sea real. Visita nuestro medio informativo publicado desde Hermosillo, Sonora. %\",\"breadcrumb\":{\"@id\":\"https:\/\/www.sonoraenequipo.com.mx\/alza-del-7-en-peaje-de-la-super-durango-mazatlan-se-pronuncian-en-contra\/#breadcrumb\"},\"inLanguage\":\"es\",\"potentialAction\":[{\"@type\":\"ReadAction\",\"target\":[\"https:\/\/www.sonoraenequipo.com.mx\/alza-del-7-en-peaje-de-la-super-durango-mazatlan-se-pronuncian-en-contra\/\"]}]},{\"@type\":\"ImageObject\",\"inLanguage\":\"es\",\"@id\":\"https:\/\/www.sonoraenequipo.com.mx\/alza-del-7-en-peaje-de-la-super-durango-mazatlan-se-pronuncian-en-contra\/#primaryimage\",\"url\":\"https:\/\/www.sonoraenequipo.com.mx\/storage\/2022\/02\/supercarretra._opt.jpg\",\"contentUrl\":\"https:\/\/www.sonoraenequipo.com.mx\/storage\/2022\/02\/supercarretra._opt.jpg\",\"width\":700,\"height\":400},{\"@type\":\"BreadcrumbList\",\"@id\":\"https:\/\/www.sonoraenequipo.com.mx\/alza-del-7-en-peaje-de-la-super-durango-mazatlan-se-pronuncian-en-contra\/#breadcrumb\",\"itemListElement\":[{\"@type\":\"ListItem\",\"position\":1,\"name\":\"Portada\",\"item\":\"https:\/\/www.sonoraenequipo.com.mx\/\"},{\"@type\":\"ListItem\",\"position\":2,\"name\":\"Alza del 7% en peaje de la \u201cs\u00faper\u201d Durango-Mazatl\u00e1n; se pronuncian en contra\"}]},{\"@type\":\"WebSite\",\"@id\":\"https:\/\/www.sonoraenequipo.com.mx\/#website\",\"url\":\"https:\/\/www.sonoraenequipo.com.mx\/\",\"name\":\"Sonora en Equipo.\",\"description\":\"Diario en l\u00ednea con Noticias desde Hermosillo, Sonora\",\"publisher\":{\"@id\":\"https:\/\/www.sonoraenequipo.com.mx\/#organization\"},\"potentialAction\":[{\"@type\":\"SearchAction\",\"target\":{\"@type\":\"EntryPoint\",\"urlTemplate\":\"https:\/\/www.sonoraenequipo.com.mx\/?s={search_term_string}\"},\"query-input\":{\"@type\":\"PropertyValueSpecification\",\"valueRequired\":true,\"valueName\":\"search_term_string\"}}],\"inLanguage\":\"es\"},{\"@type\":\"Organization\",\"@id\":\"https:\/\/www.sonoraenequipo.com.mx\/#organization\",\"name\":\"Sonoraenequipo.com.mx\",\"url\":\"https:\/\/www.sonoraenequipo.com.mx\/\",\"logo\":{\"@type\":\"ImageObject\",\"inLanguage\":\"es\",\"@id\":\"https:\/\/www.sonoraenequipo.com.mx\/#\/schema\/logo\/image\/\",\"url\":\"https:\/\/www.sonoraenequipo.com.mx\/storage\/2019\/01\/sonoraenequipo_opt.png\",\"contentUrl\":\"https:\/\/www.sonoraenequipo.com.mx\/storage\/2019\/01\/sonoraenequipo_opt.png\",\"width\":375,\"height\":125,\"caption\":\"Sonoraenequipo.com.mx\"},\"image\":{\"@id\":\"https:\/\/www.sonoraenequipo.com.mx\/#\/schema\/logo\/image\/\"},\"sameAs\":[\"https:\/\/www.facebook.com\/SonoraEE\/\",\"https:\/\/x.com\/sonoraenequipo\",\"https:\/\/www.youtube.com\/channel\/UC338nW-lPEYmJQs4ZABQ1SQ\"]},{\"@type\":\"Person\",\"@id\":\"https:\/\/www.sonoraenequipo.com.mx\/#\/schema\/person\/50102df0fb23a8fa9e8effad8fa81386\",\"name\":\"enequipo\",\"image\":{\"@type\":\"ImageObject\",\"inLanguage\":\"es\",\"@id\":\"https:\/\/www.sonoraenequipo.com.mx\/#\/schema\/person\/image\/\",\"url\":\"https:\/\/secure.gravatar.com\/avatar\/049821681b589dabc0bc20695993ccebb09f5b5d4d790cd9251b97faac7c652b?s=96&d=blank&r=g\",\"contentUrl\":\"https:\/\/secure.gravatar.com\/avatar\/049821681b589dabc0bc20695993ccebb09f5b5d4d790cd9251b97faac7c652b?s=96&d=blank&r=g\",\"caption\":\"enequipo\"},\"sameAs\":[\"https:\/\/www.facebook.com\/SonoraEE\"]}]}<\/script>\n ","yoast_head_json":{"title":"Sonora en Equipo. Alza del 7% en peaje de la \u201cs\u00faper\u201d Durango-Mazatl\u00e1n; se pronuncian en contra Rep\u00fablica","description":"G\u00d3MEZ PALACIO, DURANGO. MX. \u2014 Caminos y Puentes Federales (Capufe) aplic\u00f3 un alza del siete por ciento en el peaje de la \u201cs\u00faper\u201d Durango-Mazatl\u00e1n, sin En Sonora en Equipo publicamos toda la informaci\u00f3n de Sonora, M\u00e9xico y el Mundo de manera oportuna y busca que la libertad de expresi\u00f3n sea real. Visita nuestro medio informativo publicado desde Hermosillo, Sonora. %","robots":{"index":"index","follow":"follow","max-snippet":"max-snippet:-1","max-image-preview":"max-image-preview:large","max-video-preview":"max-video-preview:-1"},"canonical":"https:\/\/www.sonoraenequipo.com.mx\/alza-del-7-en-peaje-de-la-super-durango-mazatlan-se-pronuncian-en-contra\/","og_locale":"es_ES","og_type":"article","og_title":"Sonora en Equipo. Alza del 7% en peaje de la \u201cs\u00faper\u201d Durango-Mazatl\u00e1n; se pronuncian en contra Rep\u00fablica","og_description":"G\u00d3MEZ PALACIO, DURANGO. MX. \u2014 Caminos y Puentes Federales (Capufe) aplic\u00f3 un alza del siete por ciento en el peaje de la \u201cs\u00faper\u201d Durango-Mazatl\u00e1n, sin En Sonora en Equipo publicamos toda la informaci\u00f3n de Sonora, M\u00e9xico y el Mundo de manera oportuna y busca que la libertad de expresi\u00f3n sea real. Visita nuestro medio informativo publicado desde Hermosillo, Sonora. %","og_url":"https:\/\/www.sonoraenequipo.com.mx\/alza-del-7-en-peaje-de-la-super-durango-mazatlan-se-pronuncian-en-contra\/","og_site_name":"Sonora en Equipo.","article_publisher":"https:\/\/www.facebook.com\/SonoraEE\/","article_author":"https:\/\/www.facebook.com\/SonoraEE","article_published_time":"2022-02-02T05:48:53+00:00","article_modified_time":"2022-02-02T22:24:16+00:00","og_image":[{"width":700,"height":400,"url":"https:\/\/www.sonoraenequipo.com.mx\/storage\/2022\/02\/supercarretra._opt.jpg","type":"image\/jpeg"}],"author":"enequipo","twitter_card":"summary_large_image","twitter_creator":"@sonoraenequipo","twitter_site":"@sonoraenequipo","twitter_misc":{"Escrito por":"enequipo","Tiempo de lectura":"2 minutos"},"schema":{"@context":"https:\/\/schema.org","@graph":[{"@type":"Article","@id":"https:\/\/www.sonoraenequipo.com.mx\/alza-del-7-en-peaje-de-la-super-durango-mazatlan-se-pronuncian-en-contra\/#article","isPartOf":{"@id":"https:\/\/www.sonoraenequipo.com.mx\/alza-del-7-en-peaje-de-la-super-durango-mazatlan-se-pronuncian-en-contra\/"},"author":{"name":"enequipo","@id":"https:\/\/www.sonoraenequipo.com.mx\/#\/schema\/person\/50102df0fb23a8fa9e8effad8fa81386"},"headline":"Alza del 7% en peaje de la \u201cs\u00faper\u201d Durango-Mazatl\u00e1n; se pronuncian en contra","datePublished":"2022-02-02T05:48:53+00:00","dateModified":"2022-02-02T22:24:16+00:00","mainEntityOfPage":{"@id":"https:\/\/www.sonoraenequipo.com.mx\/alza-del-7-en-peaje-de-la-super-durango-mazatlan-se-pronuncian-en-contra\/"},"wordCount":272,"commentCount":0,"publisher":{"@id":"https:\/\/www.sonoraenequipo.com.mx\/#organization"},"image":{"@id":"https:\/\/www.sonoraenequipo.com.mx\/alza-del-7-en-peaje-de-la-super-durango-mazatlan-se-pronuncian-en-contra\/#primaryimage"},"thumbnailUrl":"https:\/\/www.sonoraenequipo.com.mx\/storage\/2022\/02\/supercarretra._opt.jpg","articleSection":["Rep\u00fablica"],"inLanguage":"es","potentialAction":[{"@type":"CommentAction","name":"Comment","target":["https:\/\/www.sonoraenequipo.com.mx\/alza-del-7-en-peaje-de-la-super-durango-mazatlan-se-pronuncian-en-contra\/#respond"]}]},{"@type":"WebPage","@id":"https:\/\/www.sonoraenequipo.com.mx\/alza-del-7-en-peaje-de-la-super-durango-mazatlan-se-pronuncian-en-contra\/","url":"https:\/\/www.sonoraenequipo.com.mx\/alza-del-7-en-peaje-de-la-super-durango-mazatlan-se-pronuncian-en-contra\/","name":"Sonora en Equipo. Alza del 7% en peaje de la \u201cs\u00faper\u201d Durango-Mazatl\u00e1n; se pronuncian en contra Rep\u00fablica","isPartOf":{"@id":"https:\/\/www.sonoraenequipo.com.mx\/#website"},"primaryImageOfPage":{"@id":"https:\/\/www.sonoraenequipo.com.mx\/alza-del-7-en-peaje-de-la-super-durango-mazatlan-se-pronuncian-en-contra\/#primaryimage"},"image":{"@id":"https:\/\/www.sonoraenequipo.com.mx\/alza-del-7-en-peaje-de-la-super-durango-mazatlan-se-pronuncian-en-contra\/#primaryimage"},"thumbnailUrl":"https:\/\/www.sonoraenequipo.com.mx\/storage\/2022\/02\/supercarretra._opt.jpg","datePublished":"2022-02-02T05:48:53+00:00","dateModified":"2022-02-02T22:24:16+00:00","description":"G\u00d3MEZ PALACIO, DURANGO. MX. \u2014 Caminos y Puentes Federales (Capufe) aplic\u00f3 un alza del siete por ciento en el peaje de la \u201cs\u00faper\u201d Durango-Mazatl\u00e1n, sin En Sonora en Equipo publicamos toda la informaci\u00f3n de Sonora, M\u00e9xico y el Mundo de manera oportuna y busca que la libertad de expresi\u00f3n sea real. Visita nuestro medio informativo publicado desde Hermosillo, Sonora. %","breadcrumb":{"@id":"https:\/\/www.sonoraenequipo.com.mx\/alza-del-7-en-peaje-de-la-super-durango-mazatlan-se-pronuncian-en-contra\/#breadcrumb"},"inLanguage":"es","potentialAction":[{"@type":"ReadAction","target":["https:\/\/www.sonoraenequipo.com.mx\/alza-del-7-en-peaje-de-la-super-durango-mazatlan-se-pronuncian-en-contra\/"]}]},{"@type":"ImageObject","inLanguage":"es","@id":"https:\/\/www.sonoraenequipo.com.mx\/alza-del-7-en-peaje-de-la-super-durango-mazatlan-se-pronuncian-en-contra\/#primaryimage","url":"https:\/\/www.sonoraenequipo.com.mx\/storage\/2022\/02\/supercarretra._opt.jpg","contentUrl":"https:\/\/www.sonoraenequipo.com.mx\/storage\/2022\/02\/supercarretra._opt.jpg","width":700,"height":400},{"@type":"BreadcrumbList","@id":"https:\/\/www.sonoraenequipo.com.mx\/alza-del-7-en-peaje-de-la-super-durango-mazatlan-se-pronuncian-en-contra\/#breadcrumb","itemListElement":[{"@type":"ListItem","position":1,"name":"Portada","item":"https:\/\/www.sonoraenequipo.com.mx\/"},{"@type":"ListItem","position":2,"name":"Alza del 7% en peaje de la \u201cs\u00faper\u201d Durango-Mazatl\u00e1n; se pronuncian en contra"}]},{"@type":"WebSite","@id":"https:\/\/www.sonoraenequipo.com.mx\/#website","url":"https:\/\/www.sonoraenequipo.com.mx\/","name":"Sonora en Equipo.","description":"Diario en l\u00ednea con Noticias desde Hermosillo, Sonora","publisher":{"@id":"https:\/\/www.sonoraenequipo.com.mx\/#organization"},"potentialAction":[{"@type":"SearchAction","target":{"@type":"EntryPoint","urlTemplate":"https:\/\/www.sonoraenequipo.com.mx\/?s={search_term_string}"},"query-input":{"@type":"PropertyValueSpecification","valueRequired":true,"valueName":"search_term_string"}}],"inLanguage":"es"},{"@type":"Organization","@id":"https:\/\/www.sonoraenequipo.com.mx\/#organization","name":"Sonoraenequipo.com.mx","url":"https:\/\/www.sonoraenequipo.com.mx\/","logo":{"@type":"ImageObject","inLanguage":"es","@id":"https:\/\/www.sonoraenequipo.com.mx\/#\/schema\/logo\/image\/","url":"https:\/\/www.sonoraenequipo.com.mx\/storage\/2019\/01\/sonoraenequipo_opt.png","contentUrl":"https:\/\/www.sonoraenequipo.com.mx\/storage\/2019\/01\/sonoraenequipo_opt.png","width":375,"height":125,"caption":"Sonoraenequipo.com.mx"},"image":{"@id":"https:\/\/www.sonoraenequipo.com.mx\/#\/schema\/logo\/image\/"},"sameAs":["https:\/\/www.facebook.com\/SonoraEE\/","https:\/\/x.com\/sonoraenequipo","https:\/\/www.youtube.com\/channel\/UC338nW-lPEYmJQs4ZABQ1SQ"]},{"@type":"Person","@id":"https:\/\/www.sonoraenequipo.com.mx\/#\/schema\/person\/50102df0fb23a8fa9e8effad8fa81386","name":"enequipo","image":{"@type":"ImageObject","inLanguage":"es","@id":"https:\/\/www.sonoraenequipo.com.mx\/#\/schema\/person\/image\/","url":"https:\/\/secure.gravatar.com\/avatar\/049821681b589dabc0bc20695993ccebb09f5b5d4d790cd9251b97faac7c652b?s=96&d=blank&r=g","contentUrl":"https:\/\/secure.gravatar.com\/avatar\/049821681b589dabc0bc20695993ccebb09f5b5d4d790cd9251b97faac7c652b?s=96&d=blank&r=g","caption":"enequipo"},"sameAs":["https:\/\/www.facebook.com\/SonoraEE"]}]}},"jetpack_featured_media_url":"https:\/\/www.sonoraenequipo.com.mx\/storage\/2022\/02\/supercarretra._opt.jpg","_links":{"self":[{"href":"https:\/\/www.sonoraenequipo.com.mx\/api\/wp\/v2\/posts\/132277","targetHints":{"allow":["GET"]}}],"collection":[{"href":"https:\/\/www.sonoraenequipo.com.mx\/api\/wp\/v2\/posts"}],"about":[{"href":"https:\/\/www.sonoraenequipo.com.mx\/api\/wp\/v2\/types\/post"}],"author":[{"embeddable":true,"href":"https:\/\/www.sonoraenequipo.com.mx\/api\/wp\/v2\/users\/1"}],"replies":[{"embeddable":true,"href":"https:\/\/www.sonoraenequipo.com.mx\/api\/wp\/v2\/comments?post=132277"}],"version-history":[{"count":1,"href":"https:\/\/www.sonoraenequipo.com.mx\/api\/wp\/v2\/posts\/132277\/revisions"}],"predecessor-version":[{"id":132279,"href":"https:\/\/www.sonoraenequipo.com.mx\/api\/wp\/v2\/posts\/132277\/revisions\/132279"}],"wp:featuredmedia":[{"embeddable":true,"href":"https:\/\/www.sonoraenequipo.com.mx\/api\/wp\/v2\/media\/132278"}],"wp:attachment":[{"href":"https:\/\/www.sonoraenequipo.com.mx\/api\/wp\/v2\/media?parent=132277"}],"wp:term":[{"taxonomy":"category","embeddable":true,"href":"https:\/\/www.sonoraenequipo.com.mx\/api\/wp\/v2\/categories?post=132277"},{"taxonomy":"post_tag","embeddable":true,"href":"https:\/\/www.sonoraenequipo.com.mx\/api\/wp\/v2\/tags?post=132277"}],"curies":[{"name":"wp","href":"https:\/\/api.w.org\/{rel}","templated":true}]}}