{"id":132281,"date":"2022-02-02T10:30:58","date_gmt":"2022-02-02T17:30:58","guid":{"rendered":"https:\/\/www.sonoraenequipo.com.mx\/?p=132281"},"modified":"2022-02-02T19:00:11","modified_gmt":"2022-02-03T02:00:11","slug":"amlo-aseguro-que-tomas-zeron-participo-en-torturas-y-sabe-bien-que-paso-en-el-caso-ayotzinapa","status":"publish","type":"post","link":"https:\/\/www.sonoraenequipo.com.mx\/amlo-aseguro-que-tomas-zeron-participo-en-torturas-y-sabe-bien-que-paso-en-el-caso-ayotzinapa\/","title":{"rendered":"AMLO asegur\u00f3 que Tom\u00e1s Zer\u00f3n particip\u00f3 en torturas y sabe bien qu\u00e9 pas\u00f3 en el caso Ayotzinapa"},"content":{"rendered":"<p>CIUDAD DE M\u00c9XICO. MX. \u2014 El presidente, Andr\u00e9s Manuel L\u00f3pez Obrador (AMLO), dijo que \u201cest\u00e1 demostrado que Tom\u00e1s Zer\u00f3n, exdirector de la extinta Agencia de Investigaci\u00f3n Criminal (AIC), sabe bien qu\u00e9 pas\u00f3 en Ayotzinapa\u201c.<\/p>\n<p>&nbsp;<\/p>\n<p> <\/p>\n<p>&nbsp;<\/p>\n<p><em>\u201cEst\u00e1 demostrado, por ejemplo, el se\u00f1or que est\u00e1 en Israel, (Tom\u00e1s) Zer\u00f3n, est\u00e1 demostrado que particip\u00f3 en torturas y que tiene mucho que ver con lo de Ayotzinapa. \u00c9l sabe bien qu\u00e9 pas\u00f3 en lo de Ayotzinapa\u201d<\/em>, afirm\u00f3 AMLO en su conferencia ma\u00f1anera desde Palacio Nacional.<\/p>\n<p>&nbsp;<\/p>\n<p>L\u00f3pez Obrador refiri\u00f3 que su Gobierno no va a quitar el dedo del rengl\u00f3n para saber lo que sucedi\u00f3 con los j\u00f3venes de Ayotzinapa.<\/p>\n<p>&nbsp;<\/p>\n<p><em>\u201cNos vamos nosotros a quitar el dedo del rengl\u00f3n porque queremos a ver todo lo que sucedi\u00f3 en el caso de los j\u00f3venes, pero hay resistencias, ayer hablaba yo de eso, de c\u00f3mo debemos seguir limpiando de corrupci\u00f3n al Gobierno porque hay quienes se aferran, no quieren entender que ya son otros tiempos\u201d<\/em>, coment\u00f3.<\/p>\n<p>&nbsp;<\/p>\n<p>M\u00e9xico anunci\u00f3 desde septiembre de 2020 la solicitud para extraditar desde Israel a Zer\u00f3n, exfuncionario del sexenio de Enrique Pe\u00f1a Nieto acusado de ocultar pruebas y torturar testigos del caso de los 43 estudiantes desaparecidos de Ayotzinapa en septiembre de 2014.<\/p>\n<p>&nbsp;<\/p>\n<p>Pero el proceso se complic\u00f3 porque ambos pa\u00edses no tienen acuerdo de extradici\u00f3n y The New York Times public\u00f3 en julio que Israel desatendi\u00f3 la petici\u00f3n como presunta represalia al voto de M\u00e9xico en la ONU a favor de investigar la crisis en Palestina.<\/p>\n<p>&nbsp;<\/p>\n<p>Ante esta situaci\u00f3n, L\u00f3pez Obrador revel\u00f3 en octubre el contenido de una carta que envi\u00f3 al primer ministro de Israel, Naftali Bennett, para solicitar la extradici\u00f3n de Zer\u00f3n.<\/p>\n<p>&nbsp;<\/p>\n<p>En varias ocasiones, AMLO ha reiterado su compromiso por resolver el caso de los 43 estudiantes que desaparecieron el 26 de septiembre de 2014 en Guerrero.<\/p>\n<p>&nbsp;<\/p>\n<p>El Gobierno de Pe\u00f1a Nieto promovi\u00f3 la \u201cverdad hist\u00f3rica\u201d que se\u00f1alaba que los estudiantes fueron detenidos por polic\u00edas corruptos en Iguala y entregados al c\u00e1rtel Guerreros Unidos, que los mat\u00f3 e inciner\u00f3 en un basurero de Cocula.<\/p>\n<p>&nbsp;<\/p>\n<p>Zer\u00f3n se considera uno de los autores clave de dicha versi\u00f3n, cuestionada por familiares y por la Comisi\u00f3n Interamericana de Derechos Humanos (CIDH) y su Grupo Interdisciplinario de Expertos Independientes (GIEI), que se\u00f1al\u00f3 que los cuerpos no pudieron ser quemados en ese lugar.<\/p>\n<p>&nbsp;<\/p>\n<p>&nbsp;<\/p>\n<p>(Publicada el 02\/02\/2022)<\/p>\n","protected":false},"excerpt":{"rendered":"<p>CIUDAD DE M\u00c9XICO. MX. \u2014 El presidente, Andr\u00e9s Manuel L\u00f3pez Obrador (AMLO), dijo que \u201cest\u00e1&#8230;<\/p>\n","protected":false},"author":1,"featured_media":132290,"comment_status":"open","ping_status":"open","sticky":false,"template":"","format":"standard","meta":{"_monsterinsights_skip_tracking":false,"_monsterinsights_sitenote_active":false,"_monsterinsights_sitenote_note":"","_monsterinsights_sitenote_category":0,"footnotes":""},"categories":[5],"tags":[],"class_list":["post"],"yoast_head":" \n<title>Sonora en Equipo. AMLO asegur\u00f3 que Tom\u00e1s Zer\u00f3n particip\u00f3 en torturas y sabe bien qu\u00e9 pas\u00f3 en el caso Ayotzinapa Rep\u00fablica<\/title>\n<meta name=\"description\" content=\"CIUDAD DE M\u00c9XICO. MX. \u2014 El presidente, Andr\u00e9s Manuel L\u00f3pez Obrador (AMLO), dijo que \u201cest\u00e1 demostrado que Tom\u00e1s Zer\u00f3n, exdirector de la extinta Agencia de En Sonora en Equipo publicamos toda la informaci\u00f3n de Sonora, M\u00e9xico y el Mundo de manera oportuna y busca que la libertad de expresi\u00f3n sea real. Visita nuestro medio informativo publicado desde Hermosillo, Sonora. %\" \/>\n<meta name=\"robots\" content=\"index, follow, max-snippet:-1, max-image-preview:large, max-video-preview:-1\" \/>\n<link rel=\"canonical\" href=\"https:\/\/www.sonoraenequipo.com.mx\/amlo-aseguro-que-tomas-zeron-participo-en-torturas-y-sabe-bien-que-paso-en-el-caso-ayotzinapa\/\" \/>\n<meta property=\"og:locale\" content=\"es_ES\" \/>\n<meta property=\"og:type\" content=\"article\" \/>\n<meta property=\"og:title\" content=\"Sonora en Equipo. AMLO asegur\u00f3 que Tom\u00e1s Zer\u00f3n particip\u00f3 en torturas y sabe bien qu\u00e9 pas\u00f3 en el caso Ayotzinapa Rep\u00fablica\" \/>\n<meta property=\"og:description\" content=\"CIUDAD DE M\u00c9XICO. MX. \u2014 El presidente, Andr\u00e9s Manuel L\u00f3pez Obrador (AMLO), dijo que \u201cest\u00e1 demostrado que Tom\u00e1s Zer\u00f3n, exdirector de la extinta Agencia de En Sonora en Equipo publicamos toda la informaci\u00f3n de Sonora, M\u00e9xico y el Mundo de manera oportuna y busca que la libertad de expresi\u00f3n sea real. Visita nuestro medio informativo publicado desde Hermosillo, Sonora. %\" \/>\n<meta property=\"og:url\" content=\"https:\/\/www.sonoraenequipo.com.mx\/amlo-aseguro-que-tomas-zeron-participo-en-torturas-y-sabe-bien-que-paso-en-el-caso-ayotzinapa\/\" \/>\n<meta property=\"og:site_name\" content=\"Sonora en Equipo.\" \/>\n<meta property=\"article:publisher\" content=\"https:\/\/www.facebook.com\/SonoraEE\/\" \/>\n<meta property=\"article:author\" content=\"https:\/\/www.facebook.com\/SonoraEE\" \/>\n<meta property=\"article:published_time\" content=\"2022-02-02T17:30:58+00:00\" \/>\n<meta property=\"article:modified_time\" content=\"2022-02-03T02:00:11+00:00\" \/>\n<meta property=\"og:image\" content=\"https:\/\/www.sonoraenequipo.com.mx\/storage\/2022\/02\/amloLOS-43_opt.jpg\" \/>\n\t<meta property=\"og:image:width\" content=\"700\" \/>\n\t<meta property=\"og:image:height\" content=\"400\" \/>\n\t<meta property=\"og:image:type\" content=\"image\/jpeg\" \/>\n<meta name=\"author\" content=\"enequipo\" \/>\n<meta name=\"twitter:card\" content=\"summary_large_image\" \/>\n<meta name=\"twitter:creator\" content=\"@sonoraenequipo\" \/>\n<meta name=\"twitter:site\" content=\"@sonoraenequipo\" \/>\n<meta name=\"twitter:label1\" content=\"Escrito por\" \/>\n\t<meta name=\"twitter:data1\" content=\"enequipo\" \/>\n\t<meta name=\"twitter:label2\" content=\"Tiempo de lectura\" \/>\n\t<meta name=\"twitter:data2\" content=\"2 minutos\" \/>\n<script type=\"application\/ld+json\" class=\"yoast-schema-graph\">{\"@context\":\"https:\/\/schema.org\",\"@graph\":[{\"@type\":\"Article\",\"@id\":\"https:\/\/www.sonoraenequipo.com.mx\/amlo-aseguro-que-tomas-zeron-participo-en-torturas-y-sabe-bien-que-paso-en-el-caso-ayotzinapa\/#article\",\"isPartOf\":{\"@id\":\"https:\/\/www.sonoraenequipo.com.mx\/amlo-aseguro-que-tomas-zeron-participo-en-torturas-y-sabe-bien-que-paso-en-el-caso-ayotzinapa\/\"},\"author\":{\"name\":\"enequipo\",\"@id\":\"https:\/\/www.sonoraenequipo.com.mx\/#\/schema\/person\/50102df0fb23a8fa9e8effad8fa81386\"},\"headline\":\"AMLO asegur\u00f3 que Tom\u00e1s Zer\u00f3n particip\u00f3 en torturas y sabe bien qu\u00e9 pas\u00f3 en el caso Ayotzinapa\",\"datePublished\":\"2022-02-02T17:30:58+00:00\",\"dateModified\":\"2022-02-03T02:00:11+00:00\",\"mainEntityOfPage\":{\"@id\":\"https:\/\/www.sonoraenequipo.com.mx\/amlo-aseguro-que-tomas-zeron-participo-en-torturas-y-sabe-bien-que-paso-en-el-caso-ayotzinapa\/\"},\"wordCount\":440,\"commentCount\":0,\"publisher\":{\"@id\":\"https:\/\/www.sonoraenequipo.com.mx\/#organization\"},\"image\":{\"@id\":\"https:\/\/www.sonoraenequipo.com.mx\/amlo-aseguro-que-tomas-zeron-participo-en-torturas-y-sabe-bien-que-paso-en-el-caso-ayotzinapa\/#primaryimage\"},\"thumbnailUrl\":\"https:\/\/www.sonoraenequipo.com.mx\/storage\/2022\/02\/amloLOS-43_opt.jpg\",\"articleSection\":[\"Rep\u00fablica\"],\"inLanguage\":\"es\",\"potentialAction\":[{\"@type\":\"CommentAction\",\"name\":\"Comment\",\"target\":[\"https:\/\/www.sonoraenequipo.com.mx\/amlo-aseguro-que-tomas-zeron-participo-en-torturas-y-sabe-bien-que-paso-en-el-caso-ayotzinapa\/#respond\"]}]},{\"@type\":\"WebPage\",\"@id\":\"https:\/\/www.sonoraenequipo.com.mx\/amlo-aseguro-que-tomas-zeron-participo-en-torturas-y-sabe-bien-que-paso-en-el-caso-ayotzinapa\/\",\"url\":\"https:\/\/www.sonoraenequipo.com.mx\/amlo-aseguro-que-tomas-zeron-participo-en-torturas-y-sabe-bien-que-paso-en-el-caso-ayotzinapa\/\",\"name\":\"Sonora en Equipo. AMLO asegur\u00f3 que Tom\u00e1s Zer\u00f3n particip\u00f3 en torturas y sabe bien qu\u00e9 pas\u00f3 en el caso Ayotzinapa Rep\u00fablica\",\"isPartOf\":{\"@id\":\"https:\/\/www.sonoraenequipo.com.mx\/#website\"},\"primaryImageOfPage\":{\"@id\":\"https:\/\/www.sonoraenequipo.com.mx\/amlo-aseguro-que-tomas-zeron-participo-en-torturas-y-sabe-bien-que-paso-en-el-caso-ayotzinapa\/#primaryimage\"},\"image\":{\"@id\":\"https:\/\/www.sonoraenequipo.com.mx\/amlo-aseguro-que-tomas-zeron-participo-en-torturas-y-sabe-bien-que-paso-en-el-caso-ayotzinapa\/#primaryimage\"},\"thumbnailUrl\":\"https:\/\/www.sonoraenequipo.com.mx\/storage\/2022\/02\/amloLOS-43_opt.jpg\",\"datePublished\":\"2022-02-02T17:30:58+00:00\",\"dateModified\":\"2022-02-03T02:00:11+00:00\",\"description\":\"CIUDAD DE M\u00c9XICO. MX. \u2014 El presidente, Andr\u00e9s Manuel L\u00f3pez Obrador (AMLO), dijo que \u201cest\u00e1 demostrado que Tom\u00e1s Zer\u00f3n, exdirector de la extinta Agencia de En Sonora en Equipo publicamos toda la informaci\u00f3n de Sonora, M\u00e9xico y el Mundo de manera oportuna y busca que la libertad de expresi\u00f3n sea real. Visita nuestro medio informativo publicado desde Hermosillo, Sonora. %\",\"breadcrumb\":{\"@id\":\"https:\/\/www.sonoraenequipo.com.mx\/amlo-aseguro-que-tomas-zeron-participo-en-torturas-y-sabe-bien-que-paso-en-el-caso-ayotzinapa\/#breadcrumb\"},\"inLanguage\":\"es\",\"potentialAction\":[{\"@type\":\"ReadAction\",\"target\":[\"https:\/\/www.sonoraenequipo.com.mx\/amlo-aseguro-que-tomas-zeron-participo-en-torturas-y-sabe-bien-que-paso-en-el-caso-ayotzinapa\/\"]}]},{\"@type\":\"ImageObject\",\"inLanguage\":\"es\",\"@id\":\"https:\/\/www.sonoraenequipo.com.mx\/amlo-aseguro-que-tomas-zeron-participo-en-torturas-y-sabe-bien-que-paso-en-el-caso-ayotzinapa\/#primaryimage\",\"url\":\"https:\/\/www.sonoraenequipo.com.mx\/storage\/2022\/02\/amloLOS-43_opt.jpg\",\"contentUrl\":\"https:\/\/www.sonoraenequipo.com.mx\/storage\/2022\/02\/amloLOS-43_opt.jpg\",\"width\":700,\"height\":400},{\"@type\":\"BreadcrumbList\",\"@id\":\"https:\/\/www.sonoraenequipo.com.mx\/amlo-aseguro-que-tomas-zeron-participo-en-torturas-y-sabe-bien-que-paso-en-el-caso-ayotzinapa\/#breadcrumb\",\"itemListElement\":[{\"@type\":\"ListItem\",\"position\":1,\"name\":\"Portada\",\"item\":\"https:\/\/www.sonoraenequipo.com.mx\/\"},{\"@type\":\"ListItem\",\"position\":2,\"name\":\"AMLO asegur\u00f3 que Tom\u00e1s Zer\u00f3n particip\u00f3 en torturas y sabe bien qu\u00e9 pas\u00f3 en el caso Ayotzinapa\"}]},{\"@type\":\"WebSite\",\"@id\":\"https:\/\/www.sonoraenequipo.com.mx\/#website\",\"url\":\"https:\/\/www.sonoraenequipo.com.mx\/\",\"name\":\"Sonora en Equipo.\",\"description\":\"Diario en l\u00ednea con Noticias desde Hermosillo, Sonora\",\"publisher\":{\"@id\":\"https:\/\/www.sonoraenequipo.com.mx\/#organization\"},\"potentialAction\":[{\"@type\":\"SearchAction\",\"target\":{\"@type\":\"EntryPoint\",\"urlTemplate\":\"https:\/\/www.sonoraenequipo.com.mx\/?s={search_term_string}\"},\"query-input\":{\"@type\":\"PropertyValueSpecification\",\"valueRequired\":true,\"valueName\":\"search_term_string\"}}],\"inLanguage\":\"es\"},{\"@type\":\"Organization\",\"@id\":\"https:\/\/www.sonoraenequipo.com.mx\/#organization\",\"name\":\"Sonoraenequipo.com.mx\",\"url\":\"https:\/\/www.sonoraenequipo.com.mx\/\",\"logo\":{\"@type\":\"ImageObject\",\"inLanguage\":\"es\",\"@id\":\"https:\/\/www.sonoraenequipo.com.mx\/#\/schema\/logo\/image\/\",\"url\":\"https:\/\/www.sonoraenequipo.com.mx\/storage\/2019\/01\/sonoraenequipo_opt.png\",\"contentUrl\":\"https:\/\/www.sonoraenequipo.com.mx\/storage\/2019\/01\/sonoraenequipo_opt.png\",\"width\":375,\"height\":125,\"caption\":\"Sonoraenequipo.com.mx\"},\"image\":{\"@id\":\"https:\/\/www.sonoraenequipo.com.mx\/#\/schema\/logo\/image\/\"},\"sameAs\":[\"https:\/\/www.facebook.com\/SonoraEE\/\",\"https:\/\/x.com\/sonoraenequipo\",\"https:\/\/www.youtube.com\/channel\/UC338nW-lPEYmJQs4ZABQ1SQ\"]},{\"@type\":\"Person\",\"@id\":\"https:\/\/www.sonoraenequipo.com.mx\/#\/schema\/person\/50102df0fb23a8fa9e8effad8fa81386\",\"name\":\"enequipo\",\"image\":{\"@type\":\"ImageObject\",\"inLanguage\":\"es\",\"@id\":\"https:\/\/www.sonoraenequipo.com.mx\/#\/schema\/person\/image\/\",\"url\":\"https:\/\/secure.gravatar.com\/avatar\/049821681b589dabc0bc20695993ccebb09f5b5d4d790cd9251b97faac7c652b?s=96&d=blank&r=g\",\"contentUrl\":\"https:\/\/secure.gravatar.com\/avatar\/049821681b589dabc0bc20695993ccebb09f5b5d4d790cd9251b97faac7c652b?s=96&d=blank&r=g\",\"caption\":\"enequipo\"},\"sameAs\":[\"https:\/\/www.facebook.com\/SonoraEE\"]}]}<\/script>\n ","yoast_head_json":{"title":"Sonora en Equipo. AMLO asegur\u00f3 que Tom\u00e1s Zer\u00f3n particip\u00f3 en torturas y sabe bien qu\u00e9 pas\u00f3 en el caso Ayotzinapa Rep\u00fablica","description":"CIUDAD DE M\u00c9XICO. MX. \u2014 El presidente, Andr\u00e9s Manuel L\u00f3pez Obrador (AMLO), dijo que \u201cest\u00e1 demostrado que Tom\u00e1s Zer\u00f3n, exdirector de la extinta Agencia de En Sonora en Equipo publicamos toda la informaci\u00f3n de Sonora, M\u00e9xico y el Mundo de manera oportuna y busca que la libertad de expresi\u00f3n sea real. Visita nuestro medio informativo publicado desde Hermosillo, Sonora. %","robots":{"index":"index","follow":"follow","max-snippet":"max-snippet:-1","max-image-preview":"max-image-preview:large","max-video-preview":"max-video-preview:-1"},"canonical":"https:\/\/www.sonoraenequipo.com.mx\/amlo-aseguro-que-tomas-zeron-participo-en-torturas-y-sabe-bien-que-paso-en-el-caso-ayotzinapa\/","og_locale":"es_ES","og_type":"article","og_title":"Sonora en Equipo. AMLO asegur\u00f3 que Tom\u00e1s Zer\u00f3n particip\u00f3 en torturas y sabe bien qu\u00e9 pas\u00f3 en el caso Ayotzinapa Rep\u00fablica","og_description":"CIUDAD DE M\u00c9XICO. MX. \u2014 El presidente, Andr\u00e9s Manuel L\u00f3pez Obrador (AMLO), dijo que \u201cest\u00e1 demostrado que Tom\u00e1s Zer\u00f3n, exdirector de la extinta Agencia de En Sonora en Equipo publicamos toda la informaci\u00f3n de Sonora, M\u00e9xico y el Mundo de manera oportuna y busca que la libertad de expresi\u00f3n sea real. Visita nuestro medio informativo publicado desde Hermosillo, Sonora. %","og_url":"https:\/\/www.sonoraenequipo.com.mx\/amlo-aseguro-que-tomas-zeron-participo-en-torturas-y-sabe-bien-que-paso-en-el-caso-ayotzinapa\/","og_site_name":"Sonora en Equipo.","article_publisher":"https:\/\/www.facebook.com\/SonoraEE\/","article_author":"https:\/\/www.facebook.com\/SonoraEE","article_published_time":"2022-02-02T17:30:58+00:00","article_modified_time":"2022-02-03T02:00:11+00:00","og_image":[{"width":700,"height":400,"url":"https:\/\/www.sonoraenequipo.com.mx\/storage\/2022\/02\/amloLOS-43_opt.jpg","type":"image\/jpeg"}],"author":"enequipo","twitter_card":"summary_large_image","twitter_creator":"@sonoraenequipo","twitter_site":"@sonoraenequipo","twitter_misc":{"Escrito por":"enequipo","Tiempo de lectura":"2 minutos"},"schema":{"@context":"https:\/\/schema.org","@graph":[{"@type":"Article","@id":"https:\/\/www.sonoraenequipo.com.mx\/amlo-aseguro-que-tomas-zeron-participo-en-torturas-y-sabe-bien-que-paso-en-el-caso-ayotzinapa\/#article","isPartOf":{"@id":"https:\/\/www.sonoraenequipo.com.mx\/amlo-aseguro-que-tomas-zeron-participo-en-torturas-y-sabe-bien-que-paso-en-el-caso-ayotzinapa\/"},"author":{"name":"enequipo","@id":"https:\/\/www.sonoraenequipo.com.mx\/#\/schema\/person\/50102df0fb23a8fa9e8effad8fa81386"},"headline":"AMLO asegur\u00f3 que Tom\u00e1s Zer\u00f3n particip\u00f3 en torturas y sabe bien qu\u00e9 pas\u00f3 en el caso Ayotzinapa","datePublished":"2022-02-02T17:30:58+00:00","dateModified":"2022-02-03T02:00:11+00:00","mainEntityOfPage":{"@id":"https:\/\/www.sonoraenequipo.com.mx\/amlo-aseguro-que-tomas-zeron-participo-en-torturas-y-sabe-bien-que-paso-en-el-caso-ayotzinapa\/"},"wordCount":440,"commentCount":0,"publisher":{"@id":"https:\/\/www.sonoraenequipo.com.mx\/#organization"},"image":{"@id":"https:\/\/www.sonoraenequipo.com.mx\/amlo-aseguro-que-tomas-zeron-participo-en-torturas-y-sabe-bien-que-paso-en-el-caso-ayotzinapa\/#primaryimage"},"thumbnailUrl":"https:\/\/www.sonoraenequipo.com.mx\/storage\/2022\/02\/amloLOS-43_opt.jpg","articleSection":["Rep\u00fablica"],"inLanguage":"es","potentialAction":[{"@type":"CommentAction","name":"Comment","target":["https:\/\/www.sonoraenequipo.com.mx\/amlo-aseguro-que-tomas-zeron-participo-en-torturas-y-sabe-bien-que-paso-en-el-caso-ayotzinapa\/#respond"]}]},{"@type":"WebPage","@id":"https:\/\/www.sonoraenequipo.com.mx\/amlo-aseguro-que-tomas-zeron-participo-en-torturas-y-sabe-bien-que-paso-en-el-caso-ayotzinapa\/","url":"https:\/\/www.sonoraenequipo.com.mx\/amlo-aseguro-que-tomas-zeron-participo-en-torturas-y-sabe-bien-que-paso-en-el-caso-ayotzinapa\/","name":"Sonora en Equipo. AMLO asegur\u00f3 que Tom\u00e1s Zer\u00f3n particip\u00f3 en torturas y sabe bien qu\u00e9 pas\u00f3 en el caso Ayotzinapa Rep\u00fablica","isPartOf":{"@id":"https:\/\/www.sonoraenequipo.com.mx\/#website"},"primaryImageOfPage":{"@id":"https:\/\/www.sonoraenequipo.com.mx\/amlo-aseguro-que-tomas-zeron-participo-en-torturas-y-sabe-bien-que-paso-en-el-caso-ayotzinapa\/#primaryimage"},"image":{"@id":"https:\/\/www.sonoraenequipo.com.mx\/amlo-aseguro-que-tomas-zeron-participo-en-torturas-y-sabe-bien-que-paso-en-el-caso-ayotzinapa\/#primaryimage"},"thumbnailUrl":"https:\/\/www.sonoraenequipo.com.mx\/storage\/2022\/02\/amloLOS-43_opt.jpg","datePublished":"2022-02-02T17:30:58+00:00","dateModified":"2022-02-03T02:00:11+00:00","description":"CIUDAD DE M\u00c9XICO. MX. \u2014 El presidente, Andr\u00e9s Manuel L\u00f3pez Obrador (AMLO), dijo que \u201cest\u00e1 demostrado que Tom\u00e1s Zer\u00f3n, exdirector de la extinta Agencia de En Sonora en Equipo publicamos toda la informaci\u00f3n de Sonora, M\u00e9xico y el Mundo de manera oportuna y busca que la libertad de expresi\u00f3n sea real. Visita nuestro medio informativo publicado desde Hermosillo, Sonora. %","breadcrumb":{"@id":"https:\/\/www.sonoraenequipo.com.mx\/amlo-aseguro-que-tomas-zeron-participo-en-torturas-y-sabe-bien-que-paso-en-el-caso-ayotzinapa\/#breadcrumb"},"inLanguage":"es","potentialAction":[{"@type":"ReadAction","target":["https:\/\/www.sonoraenequipo.com.mx\/amlo-aseguro-que-tomas-zeron-participo-en-torturas-y-sabe-bien-que-paso-en-el-caso-ayotzinapa\/"]}]},{"@type":"ImageObject","inLanguage":"es","@id":"https:\/\/www.sonoraenequipo.com.mx\/amlo-aseguro-que-tomas-zeron-participo-en-torturas-y-sabe-bien-que-paso-en-el-caso-ayotzinapa\/#primaryimage","url":"https:\/\/www.sonoraenequipo.com.mx\/storage\/2022\/02\/amloLOS-43_opt.jpg","contentUrl":"https:\/\/www.sonoraenequipo.com.mx\/storage\/2022\/02\/amloLOS-43_opt.jpg","width":700,"height":400},{"@type":"BreadcrumbList","@id":"https:\/\/www.sonoraenequipo.com.mx\/amlo-aseguro-que-tomas-zeron-participo-en-torturas-y-sabe-bien-que-paso-en-el-caso-ayotzinapa\/#breadcrumb","itemListElement":[{"@type":"ListItem","position":1,"name":"Portada","item":"https:\/\/www.sonoraenequipo.com.mx\/"},{"@type":"ListItem","position":2,"name":"AMLO asegur\u00f3 que Tom\u00e1s Zer\u00f3n particip\u00f3 en torturas y sabe bien qu\u00e9 pas\u00f3 en el caso Ayotzinapa"}]},{"@type":"WebSite","@id":"https:\/\/www.sonoraenequipo.com.mx\/#website","url":"https:\/\/www.sonoraenequipo.com.mx\/","name":"Sonora en Equipo.","description":"Diario en l\u00ednea con Noticias desde Hermosillo, Sonora","publisher":{"@id":"https:\/\/www.sonoraenequipo.com.mx\/#organization"},"potentialAction":[{"@type":"SearchAction","target":{"@type":"EntryPoint","urlTemplate":"https:\/\/www.sonoraenequipo.com.mx\/?s={search_term_string}"},"query-input":{"@type":"PropertyValueSpecification","valueRequired":true,"valueName":"search_term_string"}}],"inLanguage":"es"},{"@type":"Organization","@id":"https:\/\/www.sonoraenequipo.com.mx\/#organization","name":"Sonoraenequipo.com.mx","url":"https:\/\/www.sonoraenequipo.com.mx\/","logo":{"@type":"ImageObject","inLanguage":"es","@id":"https:\/\/www.sonoraenequipo.com.mx\/#\/schema\/logo\/image\/","url":"https:\/\/www.sonoraenequipo.com.mx\/storage\/2019\/01\/sonoraenequipo_opt.png","contentUrl":"https:\/\/www.sonoraenequipo.com.mx\/storage\/2019\/01\/sonoraenequipo_opt.png","width":375,"height":125,"caption":"Sonoraenequipo.com.mx"},"image":{"@id":"https:\/\/www.sonoraenequipo.com.mx\/#\/schema\/logo\/image\/"},"sameAs":["https:\/\/www.facebook.com\/SonoraEE\/","https:\/\/x.com\/sonoraenequipo","https:\/\/www.youtube.com\/channel\/UC338nW-lPEYmJQs4ZABQ1SQ"]},{"@type":"Person","@id":"https:\/\/www.sonoraenequipo.com.mx\/#\/schema\/person\/50102df0fb23a8fa9e8effad8fa81386","name":"enequipo","image":{"@type":"ImageObject","inLanguage":"es","@id":"https:\/\/www.sonoraenequipo.com.mx\/#\/schema\/person\/image\/","url":"https:\/\/secure.gravatar.com\/avatar\/049821681b589dabc0bc20695993ccebb09f5b5d4d790cd9251b97faac7c652b?s=96&d=blank&r=g","contentUrl":"https:\/\/secure.gravatar.com\/avatar\/049821681b589dabc0bc20695993ccebb09f5b5d4d790cd9251b97faac7c652b?s=96&d=blank&r=g","caption":"enequipo"},"sameAs":["https:\/\/www.facebook.com\/SonoraEE"]}]}},"jetpack_featured_media_url":"https:\/\/www.sonoraenequipo.com.mx\/storage\/2022\/02\/amloLOS-43_opt.jpg","_links":{"self":[{"href":"https:\/\/www.sonoraenequipo.com.mx\/api\/wp\/v2\/posts\/132281","targetHints":{"allow":["GET"]}}],"collection":[{"href":"https:\/\/www.sonoraenequipo.com.mx\/api\/wp\/v2\/posts"}],"about":[{"href":"https:\/\/www.sonoraenequipo.com.mx\/api\/wp\/v2\/types\/post"}],"author":[{"embeddable":true,"href":"https:\/\/www.sonoraenequipo.com.mx\/api\/wp\/v2\/users\/1"}],"replies":[{"embeddable":true,"href":"https:\/\/www.sonoraenequipo.com.mx\/api\/wp\/v2\/comments?post=132281"}],"version-history":[{"count":1,"href":"https:\/\/www.sonoraenequipo.com.mx\/api\/wp\/v2\/posts\/132281\/revisions"}],"predecessor-version":[{"id":132291,"href":"https:\/\/www.sonoraenequipo.com.mx\/api\/wp\/v2\/posts\/132281\/revisions\/132291"}],"wp:featuredmedia":[{"embeddable":true,"href":"https:\/\/www.sonoraenequipo.com.mx\/api\/wp\/v2\/media\/132290"}],"wp:attachment":[{"href":"https:\/\/www.sonoraenequipo.com.mx\/api\/wp\/v2\/media?parent=132281"}],"wp:term":[{"taxonomy":"category","embeddable":true,"href":"https:\/\/www.sonoraenequipo.com.mx\/api\/wp\/v2\/categories?post=132281"},{"taxonomy":"post_tag","embeddable":true,"href":"https:\/\/www.sonoraenequipo.com.mx\/api\/wp\/v2\/tags?post=132281"}],"curies":[{"name":"wp","href":"https:\/\/api.w.org\/{rel}","templated":true}]}}