{"id":132295,"date":"2022-02-02T10:12:51","date_gmt":"2022-02-02T17:12:51","guid":{"rendered":"https:\/\/www.sonoraenequipo.com.mx\/?p=132295"},"modified":"2022-02-02T19:30:39","modified_gmt":"2022-02-03T02:30:39","slug":"presidente-lopez-obrador-anuncia-creacion-de-empresa-para-explotacion-de-litio","status":"publish","type":"post","link":"https:\/\/www.sonoraenequipo.com.mx\/presidente-lopez-obrador-anuncia-creacion-de-empresa-para-explotacion-de-litio\/","title":{"rendered":"Presidente L\u00f3pez Obrador anuncia creaci\u00f3n de empresa para explotaci\u00f3n de litio"},"content":{"rendered":"<p>CIUDAD DE M\u00c9XICO. MX. \u2014 El presidente Andr\u00e9s Manuel L\u00f3pez Obrador (AMLO) anunci\u00f3 la creaci\u00f3n de una empresa paraestatal para la explotaci\u00f3n del litio.<\/p>\n<p>&nbsp;<\/p>\n<p> <\/p>\n<p>&nbsp;<\/p>\n<p><em>\u201cVamos a crear una empresa de M\u00e9xico, de la Naci\u00f3n, para el litio\u201d,<\/em> inform\u00f3 AMLO en su conferencia ma\u00f1anera desde Palacio Nacional.<\/p>\n<p>&nbsp;<\/p>\n<p>L\u00f3pez Obrador reiter\u00f3 que su administraci\u00f3n no permitir\u00e1 que empresas extranjeras exploten el litio.<\/p>\n<p>&nbsp;<\/p>\n<p><em>\u201cYa se decidi\u00f3 que el litio va a ser explotado en beneficio de los mexicanos, para los mexicanos\u2026 No queremos adem\u00e1s ser territorio de conflicto entre potencias. Ni Rusia, ni China, ni Estados Unidos; M\u00e9xico, nuestra soberan\u00eda\u201d,<\/em> dijo.<\/p>\n<p>&nbsp;<\/p>\n<p>Aclar\u00f3 que pese a la autorizaci\u00f3n de la Comisi\u00f3n Federal de Competencia Econ\u00f3mica (Cofece) para que China tenga el control total de la mina que compart\u00eda con su socia inglesa Bacanora Lithium, se determin\u00f3 que el permiso de explotaci\u00f3n que tiene no es para litio.<\/p>\n<p>&nbsp;<\/p>\n<p><em>\u201cNo es nada m\u00e1s de que se tiene una concesi\u00f3n de miner\u00eda, de repente se hace una operaci\u00f3n en el extranjero y ya el litio mexicano ya pasa a formar parte de los inventarios de una empresa o de un gobierno extranjero\u201d,<\/em> refiri\u00f3.<\/p>\n<p>&nbsp;<\/p>\n<p>Incluso AMLO consider\u00f3 que podr\u00eda abrirse una investigaci\u00f3n contra los funcionarios que autorizaron ese permiso.<\/p>\n<p>&nbsp;<\/p>\n<p><em>\u201cSi amerita hasta una investigaci\u00f3n a quienes dieron ese permiso, esa autorizaci\u00f3n. Por eso mi inconformidad de siempre de todos estos supuestos organismos aut\u00f3nomos\u201d,<\/em> explic\u00f3.<\/p>\n<p><iframe loading=\"lazy\" title=\"En 2021 disminuyeron delitos del fuero federal y com\u00fan. Conferencia presidente AMLO\" width=\"640\" height=\"360\" src=\"https:\/\/www.youtube.com\/embed\/6YLk0Abi3hI?feature=oembed\" frameborder=\"0\" allow=\"accelerometer; autoplay; clipboard-write; encrypted-media; gyroscope; picture-in-picture; web-share\" referrerpolicy=\"strict-origin-when-cross-origin\" allowfullscreen><\/iframe><\/p>\n<p>&nbsp;<\/p>\n<p>(Publicada el 02\/02\/2022)<\/p>\n","protected":false},"excerpt":{"rendered":"<p>CIUDAD DE M\u00c9XICO. MX. \u2014 El presidente Andr\u00e9s Manuel L\u00f3pez Obrador (AMLO) anunci\u00f3 la creaci\u00f3n&#8230;<\/p>\n","protected":false},"author":1,"featured_media":132289,"comment_status":"open","ping_status":"open","sticky":false,"template":"","format":"standard","meta":{"_monsterinsights_skip_tracking":false,"_monsterinsights_sitenote_active":false,"_monsterinsights_sitenote_note":"","_monsterinsights_sitenote_category":0,"footnotes":""},"categories":[5],"tags":[],"class_list":["post"],"yoast_head":" \n<title>Sonora en Equipo. Presidente L\u00f3pez Obrador anuncia creaci\u00f3n de empresa para explotaci\u00f3n de litio Rep\u00fablica<\/title>\n<meta name=\"description\" content=\"CIUDAD DE M\u00c9XICO. MX. \u2014 El presidente Andr\u00e9s Manuel L\u00f3pez Obrador (AMLO) anunci\u00f3 la creaci\u00f3n de una empresa paraestatal para la explotaci\u00f3n del En Sonora en Equipo publicamos toda la informaci\u00f3n de Sonora, M\u00e9xico y el Mundo de manera oportuna y busca que la libertad de expresi\u00f3n sea real. Visita nuestro medio informativo publicado desde Hermosillo, Sonora. %\" \/>\n<meta name=\"robots\" content=\"index, follow, max-snippet:-1, max-image-preview:large, max-video-preview:-1\" \/>\n<link rel=\"canonical\" href=\"https:\/\/www.sonoraenequipo.com.mx\/presidente-lopez-obrador-anuncia-creacion-de-empresa-para-explotacion-de-litio\/\" \/>\n<meta property=\"og:locale\" content=\"es_ES\" \/>\n<meta property=\"og:type\" content=\"article\" \/>\n<meta property=\"og:title\" content=\"Sonora en Equipo. Presidente L\u00f3pez Obrador anuncia creaci\u00f3n de empresa para explotaci\u00f3n de litio Rep\u00fablica\" \/>\n<meta property=\"og:description\" content=\"CIUDAD DE M\u00c9XICO. MX. \u2014 El presidente Andr\u00e9s Manuel L\u00f3pez Obrador (AMLO) anunci\u00f3 la creaci\u00f3n de una empresa paraestatal para la explotaci\u00f3n del En Sonora en Equipo publicamos toda la informaci\u00f3n de Sonora, M\u00e9xico y el Mundo de manera oportuna y busca que la libertad de expresi\u00f3n sea real. Visita nuestro medio informativo publicado desde Hermosillo, Sonora. %\" \/>\n<meta property=\"og:url\" content=\"https:\/\/www.sonoraenequipo.com.mx\/presidente-lopez-obrador-anuncia-creacion-de-empresa-para-explotacion-de-litio\/\" \/>\n<meta property=\"og:site_name\" content=\"Sonora en Equipo.\" \/>\n<meta property=\"article:publisher\" content=\"https:\/\/www.facebook.com\/SonoraEE\/\" \/>\n<meta property=\"article:author\" content=\"https:\/\/www.facebook.com\/SonoraEE\" \/>\n<meta property=\"article:published_time\" content=\"2022-02-02T17:12:51+00:00\" \/>\n<meta property=\"article:modified_time\" content=\"2022-02-03T02:30:39+00:00\" \/>\n<meta property=\"og:image\" content=\"https:\/\/www.sonoraenequipo.com.mx\/storage\/2022\/02\/amlo-litio_opt.jpg\" \/>\n\t<meta property=\"og:image:width\" content=\"700\" \/>\n\t<meta property=\"og:image:height\" content=\"400\" \/>\n\t<meta property=\"og:image:type\" content=\"image\/jpeg\" \/>\n<meta name=\"author\" content=\"enequipo\" \/>\n<meta name=\"twitter:card\" content=\"summary_large_image\" \/>\n<meta name=\"twitter:creator\" content=\"@sonoraenequipo\" \/>\n<meta name=\"twitter:site\" content=\"@sonoraenequipo\" \/>\n<meta name=\"twitter:label1\" content=\"Escrito por\" \/>\n\t<meta name=\"twitter:data1\" content=\"enequipo\" \/>\n\t<meta name=\"twitter:label2\" content=\"Tiempo de lectura\" \/>\n\t<meta name=\"twitter:data2\" content=\"1 minuto\" \/>\n<script type=\"application\/ld+json\" class=\"yoast-schema-graph\">{\"@context\":\"https:\/\/schema.org\",\"@graph\":[{\"@type\":\"Article\",\"@id\":\"https:\/\/www.sonoraenequipo.com.mx\/presidente-lopez-obrador-anuncia-creacion-de-empresa-para-explotacion-de-litio\/#article\",\"isPartOf\":{\"@id\":\"https:\/\/www.sonoraenequipo.com.mx\/presidente-lopez-obrador-anuncia-creacion-de-empresa-para-explotacion-de-litio\/\"},\"author\":{\"name\":\"enequipo\",\"@id\":\"https:\/\/www.sonoraenequipo.com.mx\/#\/schema\/person\/50102df0fb23a8fa9e8effad8fa81386\"},\"headline\":\"Presidente L\u00f3pez Obrador anuncia creaci\u00f3n de empresa para explotaci\u00f3n de litio\",\"datePublished\":\"2022-02-02T17:12:51+00:00\",\"dateModified\":\"2022-02-03T02:30:39+00:00\",\"mainEntityOfPage\":{\"@id\":\"https:\/\/www.sonoraenequipo.com.mx\/presidente-lopez-obrador-anuncia-creacion-de-empresa-para-explotacion-de-litio\/\"},\"wordCount\":286,\"commentCount\":0,\"publisher\":{\"@id\":\"https:\/\/www.sonoraenequipo.com.mx\/#organization\"},\"image\":{\"@id\":\"https:\/\/www.sonoraenequipo.com.mx\/presidente-lopez-obrador-anuncia-creacion-de-empresa-para-explotacion-de-litio\/#primaryimage\"},\"thumbnailUrl\":\"https:\/\/www.sonoraenequipo.com.mx\/storage\/2022\/02\/amlo-litio_opt.jpg\",\"articleSection\":[\"Rep\u00fablica\"],\"inLanguage\":\"es\",\"potentialAction\":[{\"@type\":\"CommentAction\",\"name\":\"Comment\",\"target\":[\"https:\/\/www.sonoraenequipo.com.mx\/presidente-lopez-obrador-anuncia-creacion-de-empresa-para-explotacion-de-litio\/#respond\"]}]},{\"@type\":\"WebPage\",\"@id\":\"https:\/\/www.sonoraenequipo.com.mx\/presidente-lopez-obrador-anuncia-creacion-de-empresa-para-explotacion-de-litio\/\",\"url\":\"https:\/\/www.sonoraenequipo.com.mx\/presidente-lopez-obrador-anuncia-creacion-de-empresa-para-explotacion-de-litio\/\",\"name\":\"Sonora en Equipo. Presidente L\u00f3pez Obrador anuncia creaci\u00f3n de empresa para explotaci\u00f3n de litio Rep\u00fablica\",\"isPartOf\":{\"@id\":\"https:\/\/www.sonoraenequipo.com.mx\/#website\"},\"primaryImageOfPage\":{\"@id\":\"https:\/\/www.sonoraenequipo.com.mx\/presidente-lopez-obrador-anuncia-creacion-de-empresa-para-explotacion-de-litio\/#primaryimage\"},\"image\":{\"@id\":\"https:\/\/www.sonoraenequipo.com.mx\/presidente-lopez-obrador-anuncia-creacion-de-empresa-para-explotacion-de-litio\/#primaryimage\"},\"thumbnailUrl\":\"https:\/\/www.sonoraenequipo.com.mx\/storage\/2022\/02\/amlo-litio_opt.jpg\",\"datePublished\":\"2022-02-02T17:12:51+00:00\",\"dateModified\":\"2022-02-03T02:30:39+00:00\",\"description\":\"CIUDAD DE M\u00c9XICO. MX. \u2014 El presidente Andr\u00e9s Manuel L\u00f3pez Obrador (AMLO) anunci\u00f3 la creaci\u00f3n de una empresa paraestatal para la explotaci\u00f3n del En Sonora en Equipo publicamos toda la informaci\u00f3n de Sonora, M\u00e9xico y el Mundo de manera oportuna y busca que la libertad de expresi\u00f3n sea real. Visita nuestro medio informativo publicado desde Hermosillo, Sonora. %\",\"breadcrumb\":{\"@id\":\"https:\/\/www.sonoraenequipo.com.mx\/presidente-lopez-obrador-anuncia-creacion-de-empresa-para-explotacion-de-litio\/#breadcrumb\"},\"inLanguage\":\"es\",\"potentialAction\":[{\"@type\":\"ReadAction\",\"target\":[\"https:\/\/www.sonoraenequipo.com.mx\/presidente-lopez-obrador-anuncia-creacion-de-empresa-para-explotacion-de-litio\/\"]}]},{\"@type\":\"ImageObject\",\"inLanguage\":\"es\",\"@id\":\"https:\/\/www.sonoraenequipo.com.mx\/presidente-lopez-obrador-anuncia-creacion-de-empresa-para-explotacion-de-litio\/#primaryimage\",\"url\":\"https:\/\/www.sonoraenequipo.com.mx\/storage\/2022\/02\/amlo-litio_opt.jpg\",\"contentUrl\":\"https:\/\/www.sonoraenequipo.com.mx\/storage\/2022\/02\/amlo-litio_opt.jpg\",\"width\":700,\"height\":400},{\"@type\":\"BreadcrumbList\",\"@id\":\"https:\/\/www.sonoraenequipo.com.mx\/presidente-lopez-obrador-anuncia-creacion-de-empresa-para-explotacion-de-litio\/#breadcrumb\",\"itemListElement\":[{\"@type\":\"ListItem\",\"position\":1,\"name\":\"Portada\",\"item\":\"https:\/\/www.sonoraenequipo.com.mx\/\"},{\"@type\":\"ListItem\",\"position\":2,\"name\":\"Presidente L\u00f3pez Obrador anuncia creaci\u00f3n de empresa para explotaci\u00f3n de litio\"}]},{\"@type\":\"WebSite\",\"@id\":\"https:\/\/www.sonoraenequipo.com.mx\/#website\",\"url\":\"https:\/\/www.sonoraenequipo.com.mx\/\",\"name\":\"Sonora en Equipo.\",\"description\":\"Diario en l\u00ednea con Noticias desde Hermosillo, Sonora\",\"publisher\":{\"@id\":\"https:\/\/www.sonoraenequipo.com.mx\/#organization\"},\"potentialAction\":[{\"@type\":\"SearchAction\",\"target\":{\"@type\":\"EntryPoint\",\"urlTemplate\":\"https:\/\/www.sonoraenequipo.com.mx\/?s={search_term_string}\"},\"query-input\":{\"@type\":\"PropertyValueSpecification\",\"valueRequired\":true,\"valueName\":\"search_term_string\"}}],\"inLanguage\":\"es\"},{\"@type\":\"Organization\",\"@id\":\"https:\/\/www.sonoraenequipo.com.mx\/#organization\",\"name\":\"Sonoraenequipo.com.mx\",\"url\":\"https:\/\/www.sonoraenequipo.com.mx\/\",\"logo\":{\"@type\":\"ImageObject\",\"inLanguage\":\"es\",\"@id\":\"https:\/\/www.sonoraenequipo.com.mx\/#\/schema\/logo\/image\/\",\"url\":\"https:\/\/www.sonoraenequipo.com.mx\/storage\/2019\/01\/sonoraenequipo_opt.png\",\"contentUrl\":\"https:\/\/www.sonoraenequipo.com.mx\/storage\/2019\/01\/sonoraenequipo_opt.png\",\"width\":375,\"height\":125,\"caption\":\"Sonoraenequipo.com.mx\"},\"image\":{\"@id\":\"https:\/\/www.sonoraenequipo.com.mx\/#\/schema\/logo\/image\/\"},\"sameAs\":[\"https:\/\/www.facebook.com\/SonoraEE\/\",\"https:\/\/x.com\/sonoraenequipo\",\"https:\/\/www.youtube.com\/channel\/UC338nW-lPEYmJQs4ZABQ1SQ\"]},{\"@type\":\"Person\",\"@id\":\"https:\/\/www.sonoraenequipo.com.mx\/#\/schema\/person\/50102df0fb23a8fa9e8effad8fa81386\",\"name\":\"enequipo\",\"image\":{\"@type\":\"ImageObject\",\"inLanguage\":\"es\",\"@id\":\"https:\/\/www.sonoraenequipo.com.mx\/#\/schema\/person\/image\/\",\"url\":\"https:\/\/secure.gravatar.com\/avatar\/049821681b589dabc0bc20695993ccebb09f5b5d4d790cd9251b97faac7c652b?s=96&d=blank&r=g\",\"contentUrl\":\"https:\/\/secure.gravatar.com\/avatar\/049821681b589dabc0bc20695993ccebb09f5b5d4d790cd9251b97faac7c652b?s=96&d=blank&r=g\",\"caption\":\"enequipo\"},\"sameAs\":[\"https:\/\/www.facebook.com\/SonoraEE\"]}]}<\/script>\n ","yoast_head_json":{"title":"Sonora en Equipo. Presidente L\u00f3pez Obrador anuncia creaci\u00f3n de empresa para explotaci\u00f3n de litio Rep\u00fablica","description":"CIUDAD DE M\u00c9XICO. MX. \u2014 El presidente Andr\u00e9s Manuel L\u00f3pez Obrador (AMLO) anunci\u00f3 la creaci\u00f3n de una empresa paraestatal para la explotaci\u00f3n del En Sonora en Equipo publicamos toda la informaci\u00f3n de Sonora, M\u00e9xico y el Mundo de manera oportuna y busca que la libertad de expresi\u00f3n sea real. Visita nuestro medio informativo publicado desde Hermosillo, Sonora. %","robots":{"index":"index","follow":"follow","max-snippet":"max-snippet:-1","max-image-preview":"max-image-preview:large","max-video-preview":"max-video-preview:-1"},"canonical":"https:\/\/www.sonoraenequipo.com.mx\/presidente-lopez-obrador-anuncia-creacion-de-empresa-para-explotacion-de-litio\/","og_locale":"es_ES","og_type":"article","og_title":"Sonora en Equipo. Presidente L\u00f3pez Obrador anuncia creaci\u00f3n de empresa para explotaci\u00f3n de litio Rep\u00fablica","og_description":"CIUDAD DE M\u00c9XICO. MX. \u2014 El presidente Andr\u00e9s Manuel L\u00f3pez Obrador (AMLO) anunci\u00f3 la creaci\u00f3n de una empresa paraestatal para la explotaci\u00f3n del En Sonora en Equipo publicamos toda la informaci\u00f3n de Sonora, M\u00e9xico y el Mundo de manera oportuna y busca que la libertad de expresi\u00f3n sea real. Visita nuestro medio informativo publicado desde Hermosillo, Sonora. %","og_url":"https:\/\/www.sonoraenequipo.com.mx\/presidente-lopez-obrador-anuncia-creacion-de-empresa-para-explotacion-de-litio\/","og_site_name":"Sonora en Equipo.","article_publisher":"https:\/\/www.facebook.com\/SonoraEE\/","article_author":"https:\/\/www.facebook.com\/SonoraEE","article_published_time":"2022-02-02T17:12:51+00:00","article_modified_time":"2022-02-03T02:30:39+00:00","og_image":[{"width":700,"height":400,"url":"https:\/\/www.sonoraenequipo.com.mx\/storage\/2022\/02\/amlo-litio_opt.jpg","type":"image\/jpeg"}],"author":"enequipo","twitter_card":"summary_large_image","twitter_creator":"@sonoraenequipo","twitter_site":"@sonoraenequipo","twitter_misc":{"Escrito por":"enequipo","Tiempo de lectura":"1 minuto"},"schema":{"@context":"https:\/\/schema.org","@graph":[{"@type":"Article","@id":"https:\/\/www.sonoraenequipo.com.mx\/presidente-lopez-obrador-anuncia-creacion-de-empresa-para-explotacion-de-litio\/#article","isPartOf":{"@id":"https:\/\/www.sonoraenequipo.com.mx\/presidente-lopez-obrador-anuncia-creacion-de-empresa-para-explotacion-de-litio\/"},"author":{"name":"enequipo","@id":"https:\/\/www.sonoraenequipo.com.mx\/#\/schema\/person\/50102df0fb23a8fa9e8effad8fa81386"},"headline":"Presidente L\u00f3pez Obrador anuncia creaci\u00f3n de empresa para explotaci\u00f3n de litio","datePublished":"2022-02-02T17:12:51+00:00","dateModified":"2022-02-03T02:30:39+00:00","mainEntityOfPage":{"@id":"https:\/\/www.sonoraenequipo.com.mx\/presidente-lopez-obrador-anuncia-creacion-de-empresa-para-explotacion-de-litio\/"},"wordCount":286,"commentCount":0,"publisher":{"@id":"https:\/\/www.sonoraenequipo.com.mx\/#organization"},"image":{"@id":"https:\/\/www.sonoraenequipo.com.mx\/presidente-lopez-obrador-anuncia-creacion-de-empresa-para-explotacion-de-litio\/#primaryimage"},"thumbnailUrl":"https:\/\/www.sonoraenequipo.com.mx\/storage\/2022\/02\/amlo-litio_opt.jpg","articleSection":["Rep\u00fablica"],"inLanguage":"es","potentialAction":[{"@type":"CommentAction","name":"Comment","target":["https:\/\/www.sonoraenequipo.com.mx\/presidente-lopez-obrador-anuncia-creacion-de-empresa-para-explotacion-de-litio\/#respond"]}]},{"@type":"WebPage","@id":"https:\/\/www.sonoraenequipo.com.mx\/presidente-lopez-obrador-anuncia-creacion-de-empresa-para-explotacion-de-litio\/","url":"https:\/\/www.sonoraenequipo.com.mx\/presidente-lopez-obrador-anuncia-creacion-de-empresa-para-explotacion-de-litio\/","name":"Sonora en Equipo. Presidente L\u00f3pez Obrador anuncia creaci\u00f3n de empresa para explotaci\u00f3n de litio Rep\u00fablica","isPartOf":{"@id":"https:\/\/www.sonoraenequipo.com.mx\/#website"},"primaryImageOfPage":{"@id":"https:\/\/www.sonoraenequipo.com.mx\/presidente-lopez-obrador-anuncia-creacion-de-empresa-para-explotacion-de-litio\/#primaryimage"},"image":{"@id":"https:\/\/www.sonoraenequipo.com.mx\/presidente-lopez-obrador-anuncia-creacion-de-empresa-para-explotacion-de-litio\/#primaryimage"},"thumbnailUrl":"https:\/\/www.sonoraenequipo.com.mx\/storage\/2022\/02\/amlo-litio_opt.jpg","datePublished":"2022-02-02T17:12:51+00:00","dateModified":"2022-02-03T02:30:39+00:00","description":"CIUDAD DE M\u00c9XICO. MX. \u2014 El presidente Andr\u00e9s Manuel L\u00f3pez Obrador (AMLO) anunci\u00f3 la creaci\u00f3n de una empresa paraestatal para la explotaci\u00f3n del En Sonora en Equipo publicamos toda la informaci\u00f3n de Sonora, M\u00e9xico y el Mundo de manera oportuna y busca que la libertad de expresi\u00f3n sea real. Visita nuestro medio informativo publicado desde Hermosillo, Sonora. %","breadcrumb":{"@id":"https:\/\/www.sonoraenequipo.com.mx\/presidente-lopez-obrador-anuncia-creacion-de-empresa-para-explotacion-de-litio\/#breadcrumb"},"inLanguage":"es","potentialAction":[{"@type":"ReadAction","target":["https:\/\/www.sonoraenequipo.com.mx\/presidente-lopez-obrador-anuncia-creacion-de-empresa-para-explotacion-de-litio\/"]}]},{"@type":"ImageObject","inLanguage":"es","@id":"https:\/\/www.sonoraenequipo.com.mx\/presidente-lopez-obrador-anuncia-creacion-de-empresa-para-explotacion-de-litio\/#primaryimage","url":"https:\/\/www.sonoraenequipo.com.mx\/storage\/2022\/02\/amlo-litio_opt.jpg","contentUrl":"https:\/\/www.sonoraenequipo.com.mx\/storage\/2022\/02\/amlo-litio_opt.jpg","width":700,"height":400},{"@type":"BreadcrumbList","@id":"https:\/\/www.sonoraenequipo.com.mx\/presidente-lopez-obrador-anuncia-creacion-de-empresa-para-explotacion-de-litio\/#breadcrumb","itemListElement":[{"@type":"ListItem","position":1,"name":"Portada","item":"https:\/\/www.sonoraenequipo.com.mx\/"},{"@type":"ListItem","position":2,"name":"Presidente L\u00f3pez Obrador anuncia creaci\u00f3n de empresa para explotaci\u00f3n de litio"}]},{"@type":"WebSite","@id":"https:\/\/www.sonoraenequipo.com.mx\/#website","url":"https:\/\/www.sonoraenequipo.com.mx\/","name":"Sonora en Equipo.","description":"Diario en l\u00ednea con Noticias desde Hermosillo, Sonora","publisher":{"@id":"https:\/\/www.sonoraenequipo.com.mx\/#organization"},"potentialAction":[{"@type":"SearchAction","target":{"@type":"EntryPoint","urlTemplate":"https:\/\/www.sonoraenequipo.com.mx\/?s={search_term_string}"},"query-input":{"@type":"PropertyValueSpecification","valueRequired":true,"valueName":"search_term_string"}}],"inLanguage":"es"},{"@type":"Organization","@id":"https:\/\/www.sonoraenequipo.com.mx\/#organization","name":"Sonoraenequipo.com.mx","url":"https:\/\/www.sonoraenequipo.com.mx\/","logo":{"@type":"ImageObject","inLanguage":"es","@id":"https:\/\/www.sonoraenequipo.com.mx\/#\/schema\/logo\/image\/","url":"https:\/\/www.sonoraenequipo.com.mx\/storage\/2019\/01\/sonoraenequipo_opt.png","contentUrl":"https:\/\/www.sonoraenequipo.com.mx\/storage\/2019\/01\/sonoraenequipo_opt.png","width":375,"height":125,"caption":"Sonoraenequipo.com.mx"},"image":{"@id":"https:\/\/www.sonoraenequipo.com.mx\/#\/schema\/logo\/image\/"},"sameAs":["https:\/\/www.facebook.com\/SonoraEE\/","https:\/\/x.com\/sonoraenequipo","https:\/\/www.youtube.com\/channel\/UC338nW-lPEYmJQs4ZABQ1SQ"]},{"@type":"Person","@id":"https:\/\/www.sonoraenequipo.com.mx\/#\/schema\/person\/50102df0fb23a8fa9e8effad8fa81386","name":"enequipo","image":{"@type":"ImageObject","inLanguage":"es","@id":"https:\/\/www.sonoraenequipo.com.mx\/#\/schema\/person\/image\/","url":"https:\/\/secure.gravatar.com\/avatar\/049821681b589dabc0bc20695993ccebb09f5b5d4d790cd9251b97faac7c652b?s=96&d=blank&r=g","contentUrl":"https:\/\/secure.gravatar.com\/avatar\/049821681b589dabc0bc20695993ccebb09f5b5d4d790cd9251b97faac7c652b?s=96&d=blank&r=g","caption":"enequipo"},"sameAs":["https:\/\/www.facebook.com\/SonoraEE"]}]}},"jetpack_featured_media_url":"https:\/\/www.sonoraenequipo.com.mx\/storage\/2022\/02\/amlo-litio_opt.jpg","_links":{"self":[{"href":"https:\/\/www.sonoraenequipo.com.mx\/api\/wp\/v2\/posts\/132295","targetHints":{"allow":["GET"]}}],"collection":[{"href":"https:\/\/www.sonoraenequipo.com.mx\/api\/wp\/v2\/posts"}],"about":[{"href":"https:\/\/www.sonoraenequipo.com.mx\/api\/wp\/v2\/types\/post"}],"author":[{"embeddable":true,"href":"https:\/\/www.sonoraenequipo.com.mx\/api\/wp\/v2\/users\/1"}],"replies":[{"embeddable":true,"href":"https:\/\/www.sonoraenequipo.com.mx\/api\/wp\/v2\/comments?post=132295"}],"version-history":[{"count":1,"href":"https:\/\/www.sonoraenequipo.com.mx\/api\/wp\/v2\/posts\/132295\/revisions"}],"predecessor-version":[{"id":132296,"href":"https:\/\/www.sonoraenequipo.com.mx\/api\/wp\/v2\/posts\/132295\/revisions\/132296"}],"wp:featuredmedia":[{"embeddable":true,"href":"https:\/\/www.sonoraenequipo.com.mx\/api\/wp\/v2\/media\/132289"}],"wp:attachment":[{"href":"https:\/\/www.sonoraenequipo.com.mx\/api\/wp\/v2\/media?parent=132295"}],"wp:term":[{"taxonomy":"category","embeddable":true,"href":"https:\/\/www.sonoraenequipo.com.mx\/api\/wp\/v2\/categories?post=132295"},{"taxonomy":"post_tag","embeddable":true,"href":"https:\/\/www.sonoraenequipo.com.mx\/api\/wp\/v2\/tags?post=132295"}],"curies":[{"name":"wp","href":"https:\/\/api.w.org\/{rel}","templated":true}]}}