{"id":132297,"date":"2022-02-02T11:20:47","date_gmt":"2022-02-02T18:20:47","guid":{"rendered":"https:\/\/www.sonoraenequipo.com.mx\/?p=132297"},"modified":"2022-02-02T21:58:20","modified_gmt":"2022-02-03T04:58:20","slug":"reabren-acceso-del-palacio-municipal-de-hermosillo-a-trabajadores-y-ciudadanos","status":"publish","type":"post","link":"https:\/\/www.sonoraenequipo.com.mx\/reabren-acceso-del-palacio-municipal-de-hermosillo-a-trabajadores-y-ciudadanos\/","title":{"rendered":"Reabren acceso del Palacio Municipal de Hermosillo a trabajadores y ciudadanos"},"content":{"rendered":"<p>HERMOSILLO, SONORA. MX. \u2014 Con intervenci\u00f3n de elementos desarmados de la Polic\u00eda Preventiva y Tr\u00e1nsito Municipal y ante notario y personal de la Comisi\u00f3n Estatal de Derechos Humanos, a las 3 de la ma\u00f1ana de este mi\u00e9rcoles se reabri\u00f3 una de las puertas del Palacio Municipal para permitir la entrada a sus \u00e1reas de trabajo a empleados y a ciudadanos que requieran realizar alg\u00fan tr\u00e1mite.<\/p>\n<p>&nbsp;<\/p>\n<p> <\/p>\n<p>&nbsp;<\/p>\n<p>Florencio D\u00edaz Armenta, Secretario del Ayuntamiento, relat\u00f3 que, luego de una semana de que jubilados y pensionados cerraran todos los accesos del inmueble, y ante el hecho de que no prosper\u00f3 un acuerdo para la reapertura en ese tiempo, se tom\u00f3 la decisi\u00f3n de acceder por la puerta ubicada en la esquina del callej\u00f3n Velazco y la calle Allende, en la cual en ese momento no se encontraban manifestantes.<\/p>\n<p>&nbsp;<\/p>\n<p><em>\u201cLo hicimos con todo cuidado, para que no tuvi\u00e9ramos ning\u00fan problema, s\u00ed fueron elementos de la Polic\u00eda Preventiva y de Tr\u00e1nsito los que hicieron el operativo de reapertura de la puerta de atr\u00e1s de Palacio Municipal, la de enfrente, que da al Bulevar Hidalgo y la que colinda con la Plaza Zaragoza siguen con los manifestantes, estamos dando muestra de que no tenemos ninguna intenci\u00f3n de retirar o pedir que se retire una manifestaci\u00f3n\u201d,<\/em> explic\u00f3.<\/p>\n<p>&nbsp;<\/p>\n<p>Revel\u00f3 que no hubo intento por parte de los manifestantes de retomar el referido acceso y confi\u00f3 en que eso no suceda.<\/p>\n<p>&nbsp;<\/p>\n<p>Reiter\u00f3 el respeto absoluto de la autoridad municipal al derecho de manifestarse y anunci\u00f3 que tanto empleados, como ciudadanas y ciudadanos que requieran ingresar al inmueble, podr\u00e1n hacerlo por la puerta de Allende y callej\u00f3n Velazco.<\/p>\n<p>&nbsp;<\/p>\n<p>&nbsp;<\/p>\n<p><em>\u201cEl di\u00e1logo sigue abierto, nada m\u00e1s que tuvimos que tomar esta medida porque ya fueron muchos d\u00edas en los que nosotros buscamos por la v\u00eda del di\u00e1logo, no que se retiraran, sino que m\u00e1s bien permitieran el acceso al personal al Palacio Municipal, no accedieron\u201d<\/em>, afirm\u00f3.<\/p>\n<p>&nbsp;<\/p>\n<p>&nbsp;<\/p>\n<p>Reiter\u00f3 su disposici\u00f3n de dialogar con los manifestantes y record\u00f3 que sigue sobre la mesa un planteamiento muy concreto de otorgar un apoyo, a quienes perciben una pensi\u00f3n menor a 7 mil pesos, como una forma de no afectar a los jubilados y pensionados en condici\u00f3n m\u00e1s vulnerable.<\/p>\n<p>&nbsp;<\/p>\n<p>Revel\u00f3 que son alrededor de 240 personas las que se ubican en ese rango de ingreso.<\/p>\n<p>&nbsp;<\/p>\n<p>(Publicada el 02\/02\/2022\/ Con informaci\u00f3n de\u00a0 HMO 60\/2022)<\/p>\n","protected":false},"excerpt":{"rendered":"<p>HERMOSILLO, SONORA. MX. \u2014 Con intervenci\u00f3n de elementos desarmados de la Polic\u00eda Preventiva y Tr\u00e1nsito&#8230;<\/p>\n","protected":false},"author":1,"featured_media":132298,"comment_status":"open","ping_status":"open","sticky":false,"template":"","format":"standard","meta":{"_monsterinsights_skip_tracking":false,"_monsterinsights_sitenote_active":false,"_monsterinsights_sitenote_note":"","_monsterinsights_sitenote_category":0,"footnotes":""},"categories":[4],"tags":[],"class_list":["post"],"yoast_head":" \n<title>Sonora en Equipo. Reabren acceso del Palacio Municipal de Hermosillo a trabajadores y ciudadanos Municipios<\/title>\n<meta name=\"description\" content=\"HERMOSILLO, SONORA. MX. \u2014 Con intervenci\u00f3n de elementos desarmados de la Polic\u00eda Preventiva y Tr\u00e1nsito Municipal y ante notario y personal de la Comisi\u00f3n En Sonora en Equipo publicamos toda la informaci\u00f3n de Sonora, M\u00e9xico y el Mundo de manera oportuna y busca que la libertad de expresi\u00f3n sea real. Visita nuestro medio informativo publicado desde Hermosillo, Sonora. %\" \/>\n<meta name=\"robots\" content=\"index, follow, max-snippet:-1, max-image-preview:large, max-video-preview:-1\" \/>\n<link rel=\"canonical\" href=\"https:\/\/www.sonoraenequipo.com.mx\/reabren-acceso-del-palacio-municipal-de-hermosillo-a-trabajadores-y-ciudadanos\/\" \/>\n<meta property=\"og:locale\" content=\"es_ES\" \/>\n<meta property=\"og:type\" content=\"article\" \/>\n<meta property=\"og:title\" content=\"Sonora en Equipo. Reabren acceso del Palacio Municipal de Hermosillo a trabajadores y ciudadanos Municipios\" \/>\n<meta property=\"og:description\" content=\"HERMOSILLO, SONORA. MX. \u2014 Con intervenci\u00f3n de elementos desarmados de la Polic\u00eda Preventiva y Tr\u00e1nsito Municipal y ante notario y personal de la Comisi\u00f3n En Sonora en Equipo publicamos toda la informaci\u00f3n de Sonora, M\u00e9xico y el Mundo de manera oportuna y busca que la libertad de expresi\u00f3n sea real. Visita nuestro medio informativo publicado desde Hermosillo, Sonora. %\" \/>\n<meta property=\"og:url\" content=\"https:\/\/www.sonoraenequipo.com.mx\/reabren-acceso-del-palacio-municipal-de-hermosillo-a-trabajadores-y-ciudadanos\/\" \/>\n<meta property=\"og:site_name\" content=\"Sonora en Equipo.\" \/>\n<meta property=\"article:publisher\" content=\"https:\/\/www.facebook.com\/SonoraEE\/\" \/>\n<meta property=\"article:author\" content=\"https:\/\/www.facebook.com\/SonoraEE\" \/>\n<meta property=\"article:published_time\" content=\"2022-02-02T18:20:47+00:00\" \/>\n<meta property=\"article:modified_time\" content=\"2022-02-03T04:58:20+00:00\" \/>\n<meta property=\"og:image\" content=\"https:\/\/www.sonoraenequipo.com.mx\/storage\/2022\/02\/Florencio-Diaz-Armenta-Secretario-del-Ayuntamiento_opt.jpg\" \/>\n\t<meta property=\"og:image:width\" content=\"700\" \/>\n\t<meta property=\"og:image:height\" content=\"400\" \/>\n\t<meta property=\"og:image:type\" content=\"image\/jpeg\" \/>\n<meta name=\"author\" content=\"enequipo\" \/>\n<meta name=\"twitter:card\" content=\"summary_large_image\" \/>\n<meta name=\"twitter:creator\" content=\"@sonoraenequipo\" \/>\n<meta name=\"twitter:site\" content=\"@sonoraenequipo\" \/>\n<meta name=\"twitter:label1\" content=\"Escrito por\" \/>\n\t<meta name=\"twitter:data1\" content=\"enequipo\" \/>\n\t<meta name=\"twitter:label2\" content=\"Tiempo de lectura\" \/>\n\t<meta name=\"twitter:data2\" content=\"2 minutos\" \/>\n<script type=\"application\/ld+json\" class=\"yoast-schema-graph\">{\"@context\":\"https:\/\/schema.org\",\"@graph\":[{\"@type\":\"Article\",\"@id\":\"https:\/\/www.sonoraenequipo.com.mx\/reabren-acceso-del-palacio-municipal-de-hermosillo-a-trabajadores-y-ciudadanos\/#article\",\"isPartOf\":{\"@id\":\"https:\/\/www.sonoraenequipo.com.mx\/reabren-acceso-del-palacio-municipal-de-hermosillo-a-trabajadores-y-ciudadanos\/\"},\"author\":{\"name\":\"enequipo\",\"@id\":\"https:\/\/www.sonoraenequipo.com.mx\/#\/schema\/person\/50102df0fb23a8fa9e8effad8fa81386\"},\"headline\":\"Reabren acceso del Palacio Municipal de Hermosillo a trabajadores y ciudadanos\",\"datePublished\":\"2022-02-02T18:20:47+00:00\",\"dateModified\":\"2022-02-03T04:58:20+00:00\",\"mainEntityOfPage\":{\"@id\":\"https:\/\/www.sonoraenequipo.com.mx\/reabren-acceso-del-palacio-municipal-de-hermosillo-a-trabajadores-y-ciudadanos\/\"},\"wordCount\":432,\"commentCount\":0,\"publisher\":{\"@id\":\"https:\/\/www.sonoraenequipo.com.mx\/#organization\"},\"image\":{\"@id\":\"https:\/\/www.sonoraenequipo.com.mx\/reabren-acceso-del-palacio-municipal-de-hermosillo-a-trabajadores-y-ciudadanos\/#primaryimage\"},\"thumbnailUrl\":\"https:\/\/www.sonoraenequipo.com.mx\/storage\/2022\/02\/Florencio-Diaz-Armenta-Secretario-del-Ayuntamiento_opt.jpg\",\"articleSection\":[\"Municipios\"],\"inLanguage\":\"es\",\"potentialAction\":[{\"@type\":\"CommentAction\",\"name\":\"Comment\",\"target\":[\"https:\/\/www.sonoraenequipo.com.mx\/reabren-acceso-del-palacio-municipal-de-hermosillo-a-trabajadores-y-ciudadanos\/#respond\"]}]},{\"@type\":\"WebPage\",\"@id\":\"https:\/\/www.sonoraenequipo.com.mx\/reabren-acceso-del-palacio-municipal-de-hermosillo-a-trabajadores-y-ciudadanos\/\",\"url\":\"https:\/\/www.sonoraenequipo.com.mx\/reabren-acceso-del-palacio-municipal-de-hermosillo-a-trabajadores-y-ciudadanos\/\",\"name\":\"Sonora en Equipo. Reabren acceso del Palacio Municipal de Hermosillo a trabajadores y ciudadanos Municipios\",\"isPartOf\":{\"@id\":\"https:\/\/www.sonoraenequipo.com.mx\/#website\"},\"primaryImageOfPage\":{\"@id\":\"https:\/\/www.sonoraenequipo.com.mx\/reabren-acceso-del-palacio-municipal-de-hermosillo-a-trabajadores-y-ciudadanos\/#primaryimage\"},\"image\":{\"@id\":\"https:\/\/www.sonoraenequipo.com.mx\/reabren-acceso-del-palacio-municipal-de-hermosillo-a-trabajadores-y-ciudadanos\/#primaryimage\"},\"thumbnailUrl\":\"https:\/\/www.sonoraenequipo.com.mx\/storage\/2022\/02\/Florencio-Diaz-Armenta-Secretario-del-Ayuntamiento_opt.jpg\",\"datePublished\":\"2022-02-02T18:20:47+00:00\",\"dateModified\":\"2022-02-03T04:58:20+00:00\",\"description\":\"HERMOSILLO, SONORA. MX. \u2014 Con intervenci\u00f3n de elementos desarmados de la Polic\u00eda Preventiva y Tr\u00e1nsito Municipal y ante notario y personal de la Comisi\u00f3n En Sonora en Equipo publicamos toda la informaci\u00f3n de Sonora, M\u00e9xico y el Mundo de manera oportuna y busca que la libertad de expresi\u00f3n sea real. Visita nuestro medio informativo publicado desde Hermosillo, Sonora. %\",\"breadcrumb\":{\"@id\":\"https:\/\/www.sonoraenequipo.com.mx\/reabren-acceso-del-palacio-municipal-de-hermosillo-a-trabajadores-y-ciudadanos\/#breadcrumb\"},\"inLanguage\":\"es\",\"potentialAction\":[{\"@type\":\"ReadAction\",\"target\":[\"https:\/\/www.sonoraenequipo.com.mx\/reabren-acceso-del-palacio-municipal-de-hermosillo-a-trabajadores-y-ciudadanos\/\"]}]},{\"@type\":\"ImageObject\",\"inLanguage\":\"es\",\"@id\":\"https:\/\/www.sonoraenequipo.com.mx\/reabren-acceso-del-palacio-municipal-de-hermosillo-a-trabajadores-y-ciudadanos\/#primaryimage\",\"url\":\"https:\/\/www.sonoraenequipo.com.mx\/storage\/2022\/02\/Florencio-Diaz-Armenta-Secretario-del-Ayuntamiento_opt.jpg\",\"contentUrl\":\"https:\/\/www.sonoraenequipo.com.mx\/storage\/2022\/02\/Florencio-Diaz-Armenta-Secretario-del-Ayuntamiento_opt.jpg\",\"width\":700,\"height\":400},{\"@type\":\"BreadcrumbList\",\"@id\":\"https:\/\/www.sonoraenequipo.com.mx\/reabren-acceso-del-palacio-municipal-de-hermosillo-a-trabajadores-y-ciudadanos\/#breadcrumb\",\"itemListElement\":[{\"@type\":\"ListItem\",\"position\":1,\"name\":\"Portada\",\"item\":\"https:\/\/www.sonoraenequipo.com.mx\/\"},{\"@type\":\"ListItem\",\"position\":2,\"name\":\"Reabren acceso del Palacio Municipal de Hermosillo a trabajadores y ciudadanos\"}]},{\"@type\":\"WebSite\",\"@id\":\"https:\/\/www.sonoraenequipo.com.mx\/#website\",\"url\":\"https:\/\/www.sonoraenequipo.com.mx\/\",\"name\":\"Sonora en Equipo.\",\"description\":\"Diario en l\u00ednea con Noticias desde Hermosillo, Sonora\",\"publisher\":{\"@id\":\"https:\/\/www.sonoraenequipo.com.mx\/#organization\"},\"potentialAction\":[{\"@type\":\"SearchAction\",\"target\":{\"@type\":\"EntryPoint\",\"urlTemplate\":\"https:\/\/www.sonoraenequipo.com.mx\/?s={search_term_string}\"},\"query-input\":{\"@type\":\"PropertyValueSpecification\",\"valueRequired\":true,\"valueName\":\"search_term_string\"}}],\"inLanguage\":\"es\"},{\"@type\":\"Organization\",\"@id\":\"https:\/\/www.sonoraenequipo.com.mx\/#organization\",\"name\":\"Sonoraenequipo.com.mx\",\"url\":\"https:\/\/www.sonoraenequipo.com.mx\/\",\"logo\":{\"@type\":\"ImageObject\",\"inLanguage\":\"es\",\"@id\":\"https:\/\/www.sonoraenequipo.com.mx\/#\/schema\/logo\/image\/\",\"url\":\"https:\/\/www.sonoraenequipo.com.mx\/storage\/2019\/01\/sonoraenequipo_opt.png\",\"contentUrl\":\"https:\/\/www.sonoraenequipo.com.mx\/storage\/2019\/01\/sonoraenequipo_opt.png\",\"width\":375,\"height\":125,\"caption\":\"Sonoraenequipo.com.mx\"},\"image\":{\"@id\":\"https:\/\/www.sonoraenequipo.com.mx\/#\/schema\/logo\/image\/\"},\"sameAs\":[\"https:\/\/www.facebook.com\/SonoraEE\/\",\"https:\/\/x.com\/sonoraenequipo\",\"https:\/\/www.youtube.com\/channel\/UC338nW-lPEYmJQs4ZABQ1SQ\"]},{\"@type\":\"Person\",\"@id\":\"https:\/\/www.sonoraenequipo.com.mx\/#\/schema\/person\/50102df0fb23a8fa9e8effad8fa81386\",\"name\":\"enequipo\",\"image\":{\"@type\":\"ImageObject\",\"inLanguage\":\"es\",\"@id\":\"https:\/\/www.sonoraenequipo.com.mx\/#\/schema\/person\/image\/\",\"url\":\"https:\/\/secure.gravatar.com\/avatar\/049821681b589dabc0bc20695993ccebb09f5b5d4d790cd9251b97faac7c652b?s=96&d=blank&r=g\",\"contentUrl\":\"https:\/\/secure.gravatar.com\/avatar\/049821681b589dabc0bc20695993ccebb09f5b5d4d790cd9251b97faac7c652b?s=96&d=blank&r=g\",\"caption\":\"enequipo\"},\"sameAs\":[\"https:\/\/www.facebook.com\/SonoraEE\"]}]}<\/script>\n ","yoast_head_json":{"title":"Sonora en Equipo. Reabren acceso del Palacio Municipal de Hermosillo a trabajadores y ciudadanos Municipios","description":"HERMOSILLO, SONORA. MX. \u2014 Con intervenci\u00f3n de elementos desarmados de la Polic\u00eda Preventiva y Tr\u00e1nsito Municipal y ante notario y personal de la Comisi\u00f3n En Sonora en Equipo publicamos toda la informaci\u00f3n de Sonora, M\u00e9xico y el Mundo de manera oportuna y busca que la libertad de expresi\u00f3n sea real. Visita nuestro medio informativo publicado desde Hermosillo, Sonora. %","robots":{"index":"index","follow":"follow","max-snippet":"max-snippet:-1","max-image-preview":"max-image-preview:large","max-video-preview":"max-video-preview:-1"},"canonical":"https:\/\/www.sonoraenequipo.com.mx\/reabren-acceso-del-palacio-municipal-de-hermosillo-a-trabajadores-y-ciudadanos\/","og_locale":"es_ES","og_type":"article","og_title":"Sonora en Equipo. Reabren acceso del Palacio Municipal de Hermosillo a trabajadores y ciudadanos Municipios","og_description":"HERMOSILLO, SONORA. MX. \u2014 Con intervenci\u00f3n de elementos desarmados de la Polic\u00eda Preventiva y Tr\u00e1nsito Municipal y ante notario y personal de la Comisi\u00f3n En Sonora en Equipo publicamos toda la informaci\u00f3n de Sonora, M\u00e9xico y el Mundo de manera oportuna y busca que la libertad de expresi\u00f3n sea real. Visita nuestro medio informativo publicado desde Hermosillo, Sonora. %","og_url":"https:\/\/www.sonoraenequipo.com.mx\/reabren-acceso-del-palacio-municipal-de-hermosillo-a-trabajadores-y-ciudadanos\/","og_site_name":"Sonora en Equipo.","article_publisher":"https:\/\/www.facebook.com\/SonoraEE\/","article_author":"https:\/\/www.facebook.com\/SonoraEE","article_published_time":"2022-02-02T18:20:47+00:00","article_modified_time":"2022-02-03T04:58:20+00:00","og_image":[{"width":700,"height":400,"url":"https:\/\/www.sonoraenequipo.com.mx\/storage\/2022\/02\/Florencio-Diaz-Armenta-Secretario-del-Ayuntamiento_opt.jpg","type":"image\/jpeg"}],"author":"enequipo","twitter_card":"summary_large_image","twitter_creator":"@sonoraenequipo","twitter_site":"@sonoraenequipo","twitter_misc":{"Escrito por":"enequipo","Tiempo de lectura":"2 minutos"},"schema":{"@context":"https:\/\/schema.org","@graph":[{"@type":"Article","@id":"https:\/\/www.sonoraenequipo.com.mx\/reabren-acceso-del-palacio-municipal-de-hermosillo-a-trabajadores-y-ciudadanos\/#article","isPartOf":{"@id":"https:\/\/www.sonoraenequipo.com.mx\/reabren-acceso-del-palacio-municipal-de-hermosillo-a-trabajadores-y-ciudadanos\/"},"author":{"name":"enequipo","@id":"https:\/\/www.sonoraenequipo.com.mx\/#\/schema\/person\/50102df0fb23a8fa9e8effad8fa81386"},"headline":"Reabren acceso del Palacio Municipal de Hermosillo a trabajadores y ciudadanos","datePublished":"2022-02-02T18:20:47+00:00","dateModified":"2022-02-03T04:58:20+00:00","mainEntityOfPage":{"@id":"https:\/\/www.sonoraenequipo.com.mx\/reabren-acceso-del-palacio-municipal-de-hermosillo-a-trabajadores-y-ciudadanos\/"},"wordCount":432,"commentCount":0,"publisher":{"@id":"https:\/\/www.sonoraenequipo.com.mx\/#organization"},"image":{"@id":"https:\/\/www.sonoraenequipo.com.mx\/reabren-acceso-del-palacio-municipal-de-hermosillo-a-trabajadores-y-ciudadanos\/#primaryimage"},"thumbnailUrl":"https:\/\/www.sonoraenequipo.com.mx\/storage\/2022\/02\/Florencio-Diaz-Armenta-Secretario-del-Ayuntamiento_opt.jpg","articleSection":["Municipios"],"inLanguage":"es","potentialAction":[{"@type":"CommentAction","name":"Comment","target":["https:\/\/www.sonoraenequipo.com.mx\/reabren-acceso-del-palacio-municipal-de-hermosillo-a-trabajadores-y-ciudadanos\/#respond"]}]},{"@type":"WebPage","@id":"https:\/\/www.sonoraenequipo.com.mx\/reabren-acceso-del-palacio-municipal-de-hermosillo-a-trabajadores-y-ciudadanos\/","url":"https:\/\/www.sonoraenequipo.com.mx\/reabren-acceso-del-palacio-municipal-de-hermosillo-a-trabajadores-y-ciudadanos\/","name":"Sonora en Equipo. Reabren acceso del Palacio Municipal de Hermosillo a trabajadores y ciudadanos Municipios","isPartOf":{"@id":"https:\/\/www.sonoraenequipo.com.mx\/#website"},"primaryImageOfPage":{"@id":"https:\/\/www.sonoraenequipo.com.mx\/reabren-acceso-del-palacio-municipal-de-hermosillo-a-trabajadores-y-ciudadanos\/#primaryimage"},"image":{"@id":"https:\/\/www.sonoraenequipo.com.mx\/reabren-acceso-del-palacio-municipal-de-hermosillo-a-trabajadores-y-ciudadanos\/#primaryimage"},"thumbnailUrl":"https:\/\/www.sonoraenequipo.com.mx\/storage\/2022\/02\/Florencio-Diaz-Armenta-Secretario-del-Ayuntamiento_opt.jpg","datePublished":"2022-02-02T18:20:47+00:00","dateModified":"2022-02-03T04:58:20+00:00","description":"HERMOSILLO, SONORA. MX. \u2014 Con intervenci\u00f3n de elementos desarmados de la Polic\u00eda Preventiva y Tr\u00e1nsito Municipal y ante notario y personal de la Comisi\u00f3n En Sonora en Equipo publicamos toda la informaci\u00f3n de Sonora, M\u00e9xico y el Mundo de manera oportuna y busca que la libertad de expresi\u00f3n sea real. Visita nuestro medio informativo publicado desde Hermosillo, Sonora. %","breadcrumb":{"@id":"https:\/\/www.sonoraenequipo.com.mx\/reabren-acceso-del-palacio-municipal-de-hermosillo-a-trabajadores-y-ciudadanos\/#breadcrumb"},"inLanguage":"es","potentialAction":[{"@type":"ReadAction","target":["https:\/\/www.sonoraenequipo.com.mx\/reabren-acceso-del-palacio-municipal-de-hermosillo-a-trabajadores-y-ciudadanos\/"]}]},{"@type":"ImageObject","inLanguage":"es","@id":"https:\/\/www.sonoraenequipo.com.mx\/reabren-acceso-del-palacio-municipal-de-hermosillo-a-trabajadores-y-ciudadanos\/#primaryimage","url":"https:\/\/www.sonoraenequipo.com.mx\/storage\/2022\/02\/Florencio-Diaz-Armenta-Secretario-del-Ayuntamiento_opt.jpg","contentUrl":"https:\/\/www.sonoraenequipo.com.mx\/storage\/2022\/02\/Florencio-Diaz-Armenta-Secretario-del-Ayuntamiento_opt.jpg","width":700,"height":400},{"@type":"BreadcrumbList","@id":"https:\/\/www.sonoraenequipo.com.mx\/reabren-acceso-del-palacio-municipal-de-hermosillo-a-trabajadores-y-ciudadanos\/#breadcrumb","itemListElement":[{"@type":"ListItem","position":1,"name":"Portada","item":"https:\/\/www.sonoraenequipo.com.mx\/"},{"@type":"ListItem","position":2,"name":"Reabren acceso del Palacio Municipal de Hermosillo a trabajadores y ciudadanos"}]},{"@type":"WebSite","@id":"https:\/\/www.sonoraenequipo.com.mx\/#website","url":"https:\/\/www.sonoraenequipo.com.mx\/","name":"Sonora en Equipo.","description":"Diario en l\u00ednea con Noticias desde Hermosillo, Sonora","publisher":{"@id":"https:\/\/www.sonoraenequipo.com.mx\/#organization"},"potentialAction":[{"@type":"SearchAction","target":{"@type":"EntryPoint","urlTemplate":"https:\/\/www.sonoraenequipo.com.mx\/?s={search_term_string}"},"query-input":{"@type":"PropertyValueSpecification","valueRequired":true,"valueName":"search_term_string"}}],"inLanguage":"es"},{"@type":"Organization","@id":"https:\/\/www.sonoraenequipo.com.mx\/#organization","name":"Sonoraenequipo.com.mx","url":"https:\/\/www.sonoraenequipo.com.mx\/","logo":{"@type":"ImageObject","inLanguage":"es","@id":"https:\/\/www.sonoraenequipo.com.mx\/#\/schema\/logo\/image\/","url":"https:\/\/www.sonoraenequipo.com.mx\/storage\/2019\/01\/sonoraenequipo_opt.png","contentUrl":"https:\/\/www.sonoraenequipo.com.mx\/storage\/2019\/01\/sonoraenequipo_opt.png","width":375,"height":125,"caption":"Sonoraenequipo.com.mx"},"image":{"@id":"https:\/\/www.sonoraenequipo.com.mx\/#\/schema\/logo\/image\/"},"sameAs":["https:\/\/www.facebook.com\/SonoraEE\/","https:\/\/x.com\/sonoraenequipo","https:\/\/www.youtube.com\/channel\/UC338nW-lPEYmJQs4ZABQ1SQ"]},{"@type":"Person","@id":"https:\/\/www.sonoraenequipo.com.mx\/#\/schema\/person\/50102df0fb23a8fa9e8effad8fa81386","name":"enequipo","image":{"@type":"ImageObject","inLanguage":"es","@id":"https:\/\/www.sonoraenequipo.com.mx\/#\/schema\/person\/image\/","url":"https:\/\/secure.gravatar.com\/avatar\/049821681b589dabc0bc20695993ccebb09f5b5d4d790cd9251b97faac7c652b?s=96&d=blank&r=g","contentUrl":"https:\/\/secure.gravatar.com\/avatar\/049821681b589dabc0bc20695993ccebb09f5b5d4d790cd9251b97faac7c652b?s=96&d=blank&r=g","caption":"enequipo"},"sameAs":["https:\/\/www.facebook.com\/SonoraEE"]}]}},"jetpack_featured_media_url":"https:\/\/www.sonoraenequipo.com.mx\/storage\/2022\/02\/Florencio-Diaz-Armenta-Secretario-del-Ayuntamiento_opt.jpg","_links":{"self":[{"href":"https:\/\/www.sonoraenequipo.com.mx\/api\/wp\/v2\/posts\/132297","targetHints":{"allow":["GET"]}}],"collection":[{"href":"https:\/\/www.sonoraenequipo.com.mx\/api\/wp\/v2\/posts"}],"about":[{"href":"https:\/\/www.sonoraenequipo.com.mx\/api\/wp\/v2\/types\/post"}],"author":[{"embeddable":true,"href":"https:\/\/www.sonoraenequipo.com.mx\/api\/wp\/v2\/users\/1"}],"replies":[{"embeddable":true,"href":"https:\/\/www.sonoraenequipo.com.mx\/api\/wp\/v2\/comments?post=132297"}],"version-history":[{"count":1,"href":"https:\/\/www.sonoraenequipo.com.mx\/api\/wp\/v2\/posts\/132297\/revisions"}],"predecessor-version":[{"id":132299,"href":"https:\/\/www.sonoraenequipo.com.mx\/api\/wp\/v2\/posts\/132297\/revisions\/132299"}],"wp:featuredmedia":[{"embeddable":true,"href":"https:\/\/www.sonoraenequipo.com.mx\/api\/wp\/v2\/media\/132298"}],"wp:attachment":[{"href":"https:\/\/www.sonoraenequipo.com.mx\/api\/wp\/v2\/media?parent=132297"}],"wp:term":[{"taxonomy":"category","embeddable":true,"href":"https:\/\/www.sonoraenequipo.com.mx\/api\/wp\/v2\/categories?post=132297"},{"taxonomy":"post_tag","embeddable":true,"href":"https:\/\/www.sonoraenequipo.com.mx\/api\/wp\/v2\/tags?post=132297"}],"curies":[{"name":"wp","href":"https:\/\/api.w.org\/{rel}","templated":true}]}}