{"id":132307,"date":"2022-02-02T09:57:41","date_gmt":"2022-02-02T16:57:41","guid":{"rendered":"https:\/\/www.sonoraenequipo.com.mx\/?p=132307"},"modified":"2022-02-03T07:17:10","modified_gmt":"2022-02-03T14:17:10","slug":"presidente-explica-como-se-debe-votar-en-la-revocacion-de-mandato","status":"publish","type":"post","link":"https:\/\/www.sonoraenequipo.com.mx\/presidente-explica-como-se-debe-votar-en-la-revocacion-de-mandato\/","title":{"rendered":"Presidente explica como se debe votar en la revocaci\u00f3n de mandato"},"content":{"rendered":"<p>CIUDAD DE M\u00c9XICO. MX. \u2014\u00a0 Ante la realizaci\u00f3n de la consulta de revocaci\u00f3n de mandato el pr\u00f3ximo mes de abril, el presidente de la Rep\u00fablica, Andr\u00e9s Manuel L\u00f3pez Obrador, dio una breve explicaci\u00f3n de c\u00f3mo se debe votar, porque \u2013asegur\u00f3- la pregunta que aparecer\u00e1 en las boletas es confusa.<\/p>\n<p>&nbsp;<\/p>\n<p> <\/p>\n<p>&nbsp;<\/p>\n<p>&nbsp;<\/p>\n<p>La Suprema Corte de Justicia de la Naci\u00f3n (SCJN) rechaz\u00f3 modificar la pregunta que se realizar\u00e1 a los ciudadanos en la consulta de revocaci\u00f3n de mandato.<\/p>\n<p>&nbsp;<\/p>\n<p>Por tanto, durante su conferencia de prensa, el mandatario mexicano pidi\u00f3 a la ciudadan\u00eda que \u201cbusquen un buen traductor\u201d, para que no se equivoquen en el momento de la votaci\u00f3n.<\/p>\n<p>&nbsp;<\/p>\n<p><em>\u201cQuiero transmitir algo, a toda la gente. Hicieron tan complicada la pregunta de la consulta, que, primero, no se conoce, la gente no sabe si va a ser \u2018s\u00ed\u2019 o \u2018no\u2019; entonces, pedirles a todos que busquen un buen traductor, para que no se vayan a equivocar al momento de ir a votar y que ayuden, porque es muy sencillo, deber\u00eda ser s\u00ed o no, pero hasta ahora no creo que sepan\u201d<\/em><\/p>\n<p>&nbsp;<\/p>\n<p>Adem\u00e1s, el mandatario dijo que este mi\u00e9rcoles hablar\u00eda de la revocaci\u00f3n de mandato, pues a partir del d\u00eda de ma\u00f1ana se comenzar\u00e1 la veda electoral.<\/p>\n<p>&nbsp;<\/p>\n<p><em>\u201cComo ya no vamos a poder hablar de esto, de este tema, que corran la voz, que vaya sabiendo, si no quieren que yo contin\u00fae, c\u00f3mo tienen que marcar o si quieren que yo contin\u00fae, c\u00f3mo tienen que marcar\u201d,<\/em> reiter\u00f3 AMLO.<\/p>\n<p>&nbsp;<\/p>\n<p>Al mostrar cu\u00e1l ser\u00eda la pregunta, el presidente mostr\u00f3 que recuadro marcar en cada situaci\u00f3n, pues reiter\u00f3 la importancia de difundirlo <em>\u201cpara que los que quieren que se revoque el mandato no se vayan a equivocar\u201d.<\/em><\/p>\n<p>&nbsp;<\/p>\n<p><em>\u201cOjal\u00e1 y los organismos electorales hagan campa\u00f1a, pero van a querer que pase de noche, los medios de informaci\u00f3n, los partidos opositores, lo m\u00e1s probable es que llamen a que no vote la gente, que no participe. Entonces, s\u00ed los que quieren ayudar a este ejercicio democr\u00e1tico, que va a quedar establecido, no solo en la Constituci\u00f3n, no solo el caso nuestro, sino para el pr\u00f3ximo sexenio que va a ser lo mismo, a mitad del sexenio\u201d<\/em>, asegur\u00f3 L\u00f3pez Obrador.<\/p>\n<p>&nbsp;<\/p>\n<p>Cabe mencionar que, con la resoluci\u00f3n de la Corte, la pregunta que se har\u00e1 el pr\u00f3ximo 10 de abril ser\u00e1 la siguiente:<\/p>\n<p>&nbsp;<\/p>\n<p><em>\u201c\u00bfEst\u00e1s de acuerdo en que a (nombre), Presidente\/a de los Estados Unidos Mexicanos, se le revoque el mandato por p\u00e9rdida de la confianza o siga en la Presidencia de la Rep\u00fablica hasta que termine su periodo?\u201d,<\/em> se lee en la legislaci\u00f3n.<\/p>\n<p>&nbsp;<\/p>\n<p>&nbsp;<\/p>\n<p>(Publicada el 02\/02\/2022)<\/p>\n","protected":false},"excerpt":{"rendered":"<p>CIUDAD DE M\u00c9XICO. MX. \u2014\u00a0 Ante la realizaci\u00f3n de la consulta de revocaci\u00f3n de mandato&#8230;<\/p>\n","protected":false},"author":1,"featured_media":132308,"comment_status":"open","ping_status":"open","sticky":false,"template":"","format":"standard","meta":{"_monsterinsights_skip_tracking":false,"_monsterinsights_sitenote_active":false,"_monsterinsights_sitenote_note":"","_monsterinsights_sitenote_category":0,"footnotes":""},"categories":[5],"tags":[],"class_list":["post"],"yoast_head":" \n<title>Sonora en Equipo. Presidente explica como se debe votar en la revocaci\u00f3n de mandato Rep\u00fablica<\/title>\n<meta name=\"description\" content=\"CIUDAD DE M\u00c9XICO. MX. \u2014\u00a0 Ante la realizaci\u00f3n de la consulta de revocaci\u00f3n de mandato el pr\u00f3ximo mes de abril, el presidente de la Rep\u00fablica, Andr\u00e9s Manuel En Sonora en Equipo publicamos toda la informaci\u00f3n de Sonora, M\u00e9xico y el Mundo de manera oportuna y busca que la libertad de expresi\u00f3n sea real. Visita nuestro medio informativo publicado desde Hermosillo, Sonora. %\" \/>\n<meta name=\"robots\" content=\"index, follow, max-snippet:-1, max-image-preview:large, max-video-preview:-1\" \/>\n<link rel=\"canonical\" href=\"https:\/\/www.sonoraenequipo.com.mx\/presidente-explica-como-se-debe-votar-en-la-revocacion-de-mandato\/\" \/>\n<meta property=\"og:locale\" content=\"es_ES\" \/>\n<meta property=\"og:type\" content=\"article\" \/>\n<meta property=\"og:title\" content=\"Sonora en Equipo. Presidente explica como se debe votar en la revocaci\u00f3n de mandato Rep\u00fablica\" \/>\n<meta property=\"og:description\" content=\"CIUDAD DE M\u00c9XICO. MX. \u2014\u00a0 Ante la realizaci\u00f3n de la consulta de revocaci\u00f3n de mandato el pr\u00f3ximo mes de abril, el presidente de la Rep\u00fablica, Andr\u00e9s Manuel En Sonora en Equipo publicamos toda la informaci\u00f3n de Sonora, M\u00e9xico y el Mundo de manera oportuna y busca que la libertad de expresi\u00f3n sea real. Visita nuestro medio informativo publicado desde Hermosillo, Sonora. %\" \/>\n<meta property=\"og:url\" content=\"https:\/\/www.sonoraenequipo.com.mx\/presidente-explica-como-se-debe-votar-en-la-revocacion-de-mandato\/\" \/>\n<meta property=\"og:site_name\" content=\"Sonora en Equipo.\" \/>\n<meta property=\"article:publisher\" content=\"https:\/\/www.facebook.com\/SonoraEE\/\" \/>\n<meta property=\"article:author\" content=\"https:\/\/www.facebook.com\/SonoraEE\" \/>\n<meta property=\"article:published_time\" content=\"2022-02-02T16:57:41+00:00\" \/>\n<meta property=\"article:modified_time\" content=\"2022-02-03T14:17:10+00:00\" \/>\n<meta property=\"og:image\" content=\"https:\/\/www.sonoraenequipo.com.mx\/storage\/2022\/02\/consulta_opt.jpg\" \/>\n\t<meta property=\"og:image:width\" content=\"714\" \/>\n\t<meta property=\"og:image:height\" content=\"400\" \/>\n\t<meta property=\"og:image:type\" content=\"image\/jpeg\" \/>\n<meta name=\"author\" content=\"enequipo\" \/>\n<meta name=\"twitter:card\" content=\"summary_large_image\" \/>\n<meta name=\"twitter:creator\" content=\"@sonoraenequipo\" \/>\n<meta name=\"twitter:site\" content=\"@sonoraenequipo\" \/>\n<meta name=\"twitter:label1\" content=\"Escrito por\" \/>\n\t<meta name=\"twitter:data1\" content=\"enequipo\" \/>\n\t<meta name=\"twitter:label2\" content=\"Tiempo de lectura\" \/>\n\t<meta name=\"twitter:data2\" content=\"2 minutos\" \/>\n<script type=\"application\/ld+json\" class=\"yoast-schema-graph\">{\"@context\":\"https:\/\/schema.org\",\"@graph\":[{\"@type\":\"Article\",\"@id\":\"https:\/\/www.sonoraenequipo.com.mx\/presidente-explica-como-se-debe-votar-en-la-revocacion-de-mandato\/#article\",\"isPartOf\":{\"@id\":\"https:\/\/www.sonoraenequipo.com.mx\/presidente-explica-como-se-debe-votar-en-la-revocacion-de-mandato\/\"},\"author\":{\"name\":\"enequipo\",\"@id\":\"https:\/\/www.sonoraenequipo.com.mx\/#\/schema\/person\/50102df0fb23a8fa9e8effad8fa81386\"},\"headline\":\"Presidente explica como se debe votar en la revocaci\u00f3n de mandato\",\"datePublished\":\"2022-02-02T16:57:41+00:00\",\"dateModified\":\"2022-02-03T14:17:10+00:00\",\"mainEntityOfPage\":{\"@id\":\"https:\/\/www.sonoraenequipo.com.mx\/presidente-explica-como-se-debe-votar-en-la-revocacion-de-mandato\/\"},\"wordCount\":489,\"commentCount\":0,\"publisher\":{\"@id\":\"https:\/\/www.sonoraenequipo.com.mx\/#organization\"},\"image\":{\"@id\":\"https:\/\/www.sonoraenequipo.com.mx\/presidente-explica-como-se-debe-votar-en-la-revocacion-de-mandato\/#primaryimage\"},\"thumbnailUrl\":\"https:\/\/www.sonoraenequipo.com.mx\/storage\/2022\/02\/consulta_opt.jpg\",\"articleSection\":[\"Rep\u00fablica\"],\"inLanguage\":\"es\",\"potentialAction\":[{\"@type\":\"CommentAction\",\"name\":\"Comment\",\"target\":[\"https:\/\/www.sonoraenequipo.com.mx\/presidente-explica-como-se-debe-votar-en-la-revocacion-de-mandato\/#respond\"]}]},{\"@type\":\"WebPage\",\"@id\":\"https:\/\/www.sonoraenequipo.com.mx\/presidente-explica-como-se-debe-votar-en-la-revocacion-de-mandato\/\",\"url\":\"https:\/\/www.sonoraenequipo.com.mx\/presidente-explica-como-se-debe-votar-en-la-revocacion-de-mandato\/\",\"name\":\"Sonora en Equipo. Presidente explica como se debe votar en la revocaci\u00f3n de mandato Rep\u00fablica\",\"isPartOf\":{\"@id\":\"https:\/\/www.sonoraenequipo.com.mx\/#website\"},\"primaryImageOfPage\":{\"@id\":\"https:\/\/www.sonoraenequipo.com.mx\/presidente-explica-como-se-debe-votar-en-la-revocacion-de-mandato\/#primaryimage\"},\"image\":{\"@id\":\"https:\/\/www.sonoraenequipo.com.mx\/presidente-explica-como-se-debe-votar-en-la-revocacion-de-mandato\/#primaryimage\"},\"thumbnailUrl\":\"https:\/\/www.sonoraenequipo.com.mx\/storage\/2022\/02\/consulta_opt.jpg\",\"datePublished\":\"2022-02-02T16:57:41+00:00\",\"dateModified\":\"2022-02-03T14:17:10+00:00\",\"description\":\"CIUDAD DE M\u00c9XICO. MX. \u2014\u00a0 Ante la realizaci\u00f3n de la consulta de revocaci\u00f3n de mandato el pr\u00f3ximo mes de abril, el presidente de la Rep\u00fablica, Andr\u00e9s Manuel En Sonora en Equipo publicamos toda la informaci\u00f3n de Sonora, M\u00e9xico y el Mundo de manera oportuna y busca que la libertad de expresi\u00f3n sea real. Visita nuestro medio informativo publicado desde Hermosillo, Sonora. %\",\"breadcrumb\":{\"@id\":\"https:\/\/www.sonoraenequipo.com.mx\/presidente-explica-como-se-debe-votar-en-la-revocacion-de-mandato\/#breadcrumb\"},\"inLanguage\":\"es\",\"potentialAction\":[{\"@type\":\"ReadAction\",\"target\":[\"https:\/\/www.sonoraenequipo.com.mx\/presidente-explica-como-se-debe-votar-en-la-revocacion-de-mandato\/\"]}]},{\"@type\":\"ImageObject\",\"inLanguage\":\"es\",\"@id\":\"https:\/\/www.sonoraenequipo.com.mx\/presidente-explica-como-se-debe-votar-en-la-revocacion-de-mandato\/#primaryimage\",\"url\":\"https:\/\/www.sonoraenequipo.com.mx\/storage\/2022\/02\/consulta_opt.jpg\",\"contentUrl\":\"https:\/\/www.sonoraenequipo.com.mx\/storage\/2022\/02\/consulta_opt.jpg\",\"width\":714,\"height\":400},{\"@type\":\"BreadcrumbList\",\"@id\":\"https:\/\/www.sonoraenequipo.com.mx\/presidente-explica-como-se-debe-votar-en-la-revocacion-de-mandato\/#breadcrumb\",\"itemListElement\":[{\"@type\":\"ListItem\",\"position\":1,\"name\":\"Portada\",\"item\":\"https:\/\/www.sonoraenequipo.com.mx\/\"},{\"@type\":\"ListItem\",\"position\":2,\"name\":\"Presidente explica como se debe votar en la revocaci\u00f3n de mandato\"}]},{\"@type\":\"WebSite\",\"@id\":\"https:\/\/www.sonoraenequipo.com.mx\/#website\",\"url\":\"https:\/\/www.sonoraenequipo.com.mx\/\",\"name\":\"Sonora en Equipo.\",\"description\":\"Diario en l\u00ednea con Noticias desde Hermosillo, Sonora\",\"publisher\":{\"@id\":\"https:\/\/www.sonoraenequipo.com.mx\/#organization\"},\"potentialAction\":[{\"@type\":\"SearchAction\",\"target\":{\"@type\":\"EntryPoint\",\"urlTemplate\":\"https:\/\/www.sonoraenequipo.com.mx\/?s={search_term_string}\"},\"query-input\":{\"@type\":\"PropertyValueSpecification\",\"valueRequired\":true,\"valueName\":\"search_term_string\"}}],\"inLanguage\":\"es\"},{\"@type\":\"Organization\",\"@id\":\"https:\/\/www.sonoraenequipo.com.mx\/#organization\",\"name\":\"Sonoraenequipo.com.mx\",\"url\":\"https:\/\/www.sonoraenequipo.com.mx\/\",\"logo\":{\"@type\":\"ImageObject\",\"inLanguage\":\"es\",\"@id\":\"https:\/\/www.sonoraenequipo.com.mx\/#\/schema\/logo\/image\/\",\"url\":\"https:\/\/www.sonoraenequipo.com.mx\/storage\/2019\/01\/sonoraenequipo_opt.png\",\"contentUrl\":\"https:\/\/www.sonoraenequipo.com.mx\/storage\/2019\/01\/sonoraenequipo_opt.png\",\"width\":375,\"height\":125,\"caption\":\"Sonoraenequipo.com.mx\"},\"image\":{\"@id\":\"https:\/\/www.sonoraenequipo.com.mx\/#\/schema\/logo\/image\/\"},\"sameAs\":[\"https:\/\/www.facebook.com\/SonoraEE\/\",\"https:\/\/x.com\/sonoraenequipo\",\"https:\/\/www.youtube.com\/channel\/UC338nW-lPEYmJQs4ZABQ1SQ\"]},{\"@type\":\"Person\",\"@id\":\"https:\/\/www.sonoraenequipo.com.mx\/#\/schema\/person\/50102df0fb23a8fa9e8effad8fa81386\",\"name\":\"enequipo\",\"image\":{\"@type\":\"ImageObject\",\"inLanguage\":\"es\",\"@id\":\"https:\/\/www.sonoraenequipo.com.mx\/#\/schema\/person\/image\/\",\"url\":\"https:\/\/secure.gravatar.com\/avatar\/049821681b589dabc0bc20695993ccebb09f5b5d4d790cd9251b97faac7c652b?s=96&d=blank&r=g\",\"contentUrl\":\"https:\/\/secure.gravatar.com\/avatar\/049821681b589dabc0bc20695993ccebb09f5b5d4d790cd9251b97faac7c652b?s=96&d=blank&r=g\",\"caption\":\"enequipo\"},\"sameAs\":[\"https:\/\/www.facebook.com\/SonoraEE\"]}]}<\/script>\n ","yoast_head_json":{"title":"Sonora en Equipo. Presidente explica como se debe votar en la revocaci\u00f3n de mandato Rep\u00fablica","description":"CIUDAD DE M\u00c9XICO. MX. \u2014\u00a0 Ante la realizaci\u00f3n de la consulta de revocaci\u00f3n de mandato el pr\u00f3ximo mes de abril, el presidente de la Rep\u00fablica, Andr\u00e9s Manuel En Sonora en Equipo publicamos toda la informaci\u00f3n de Sonora, M\u00e9xico y el Mundo de manera oportuna y busca que la libertad de expresi\u00f3n sea real. Visita nuestro medio informativo publicado desde Hermosillo, Sonora. %","robots":{"index":"index","follow":"follow","max-snippet":"max-snippet:-1","max-image-preview":"max-image-preview:large","max-video-preview":"max-video-preview:-1"},"canonical":"https:\/\/www.sonoraenequipo.com.mx\/presidente-explica-como-se-debe-votar-en-la-revocacion-de-mandato\/","og_locale":"es_ES","og_type":"article","og_title":"Sonora en Equipo. Presidente explica como se debe votar en la revocaci\u00f3n de mandato Rep\u00fablica","og_description":"CIUDAD DE M\u00c9XICO. MX. \u2014\u00a0 Ante la realizaci\u00f3n de la consulta de revocaci\u00f3n de mandato el pr\u00f3ximo mes de abril, el presidente de la Rep\u00fablica, Andr\u00e9s Manuel En Sonora en Equipo publicamos toda la informaci\u00f3n de Sonora, M\u00e9xico y el Mundo de manera oportuna y busca que la libertad de expresi\u00f3n sea real. Visita nuestro medio informativo publicado desde Hermosillo, Sonora. %","og_url":"https:\/\/www.sonoraenequipo.com.mx\/presidente-explica-como-se-debe-votar-en-la-revocacion-de-mandato\/","og_site_name":"Sonora en Equipo.","article_publisher":"https:\/\/www.facebook.com\/SonoraEE\/","article_author":"https:\/\/www.facebook.com\/SonoraEE","article_published_time":"2022-02-02T16:57:41+00:00","article_modified_time":"2022-02-03T14:17:10+00:00","og_image":[{"width":714,"height":400,"url":"https:\/\/www.sonoraenequipo.com.mx\/storage\/2022\/02\/consulta_opt.jpg","type":"image\/jpeg"}],"author":"enequipo","twitter_card":"summary_large_image","twitter_creator":"@sonoraenequipo","twitter_site":"@sonoraenequipo","twitter_misc":{"Escrito por":"enequipo","Tiempo de lectura":"2 minutos"},"schema":{"@context":"https:\/\/schema.org","@graph":[{"@type":"Article","@id":"https:\/\/www.sonoraenequipo.com.mx\/presidente-explica-como-se-debe-votar-en-la-revocacion-de-mandato\/#article","isPartOf":{"@id":"https:\/\/www.sonoraenequipo.com.mx\/presidente-explica-como-se-debe-votar-en-la-revocacion-de-mandato\/"},"author":{"name":"enequipo","@id":"https:\/\/www.sonoraenequipo.com.mx\/#\/schema\/person\/50102df0fb23a8fa9e8effad8fa81386"},"headline":"Presidente explica como se debe votar en la revocaci\u00f3n de mandato","datePublished":"2022-02-02T16:57:41+00:00","dateModified":"2022-02-03T14:17:10+00:00","mainEntityOfPage":{"@id":"https:\/\/www.sonoraenequipo.com.mx\/presidente-explica-como-se-debe-votar-en-la-revocacion-de-mandato\/"},"wordCount":489,"commentCount":0,"publisher":{"@id":"https:\/\/www.sonoraenequipo.com.mx\/#organization"},"image":{"@id":"https:\/\/www.sonoraenequipo.com.mx\/presidente-explica-como-se-debe-votar-en-la-revocacion-de-mandato\/#primaryimage"},"thumbnailUrl":"https:\/\/www.sonoraenequipo.com.mx\/storage\/2022\/02\/consulta_opt.jpg","articleSection":["Rep\u00fablica"],"inLanguage":"es","potentialAction":[{"@type":"CommentAction","name":"Comment","target":["https:\/\/www.sonoraenequipo.com.mx\/presidente-explica-como-se-debe-votar-en-la-revocacion-de-mandato\/#respond"]}]},{"@type":"WebPage","@id":"https:\/\/www.sonoraenequipo.com.mx\/presidente-explica-como-se-debe-votar-en-la-revocacion-de-mandato\/","url":"https:\/\/www.sonoraenequipo.com.mx\/presidente-explica-como-se-debe-votar-en-la-revocacion-de-mandato\/","name":"Sonora en Equipo. Presidente explica como se debe votar en la revocaci\u00f3n de mandato Rep\u00fablica","isPartOf":{"@id":"https:\/\/www.sonoraenequipo.com.mx\/#website"},"primaryImageOfPage":{"@id":"https:\/\/www.sonoraenequipo.com.mx\/presidente-explica-como-se-debe-votar-en-la-revocacion-de-mandato\/#primaryimage"},"image":{"@id":"https:\/\/www.sonoraenequipo.com.mx\/presidente-explica-como-se-debe-votar-en-la-revocacion-de-mandato\/#primaryimage"},"thumbnailUrl":"https:\/\/www.sonoraenequipo.com.mx\/storage\/2022\/02\/consulta_opt.jpg","datePublished":"2022-02-02T16:57:41+00:00","dateModified":"2022-02-03T14:17:10+00:00","description":"CIUDAD DE M\u00c9XICO. MX. \u2014\u00a0 Ante la realizaci\u00f3n de la consulta de revocaci\u00f3n de mandato el pr\u00f3ximo mes de abril, el presidente de la Rep\u00fablica, Andr\u00e9s Manuel En Sonora en Equipo publicamos toda la informaci\u00f3n de Sonora, M\u00e9xico y el Mundo de manera oportuna y busca que la libertad de expresi\u00f3n sea real. Visita nuestro medio informativo publicado desde Hermosillo, Sonora. %","breadcrumb":{"@id":"https:\/\/www.sonoraenequipo.com.mx\/presidente-explica-como-se-debe-votar-en-la-revocacion-de-mandato\/#breadcrumb"},"inLanguage":"es","potentialAction":[{"@type":"ReadAction","target":["https:\/\/www.sonoraenequipo.com.mx\/presidente-explica-como-se-debe-votar-en-la-revocacion-de-mandato\/"]}]},{"@type":"ImageObject","inLanguage":"es","@id":"https:\/\/www.sonoraenequipo.com.mx\/presidente-explica-como-se-debe-votar-en-la-revocacion-de-mandato\/#primaryimage","url":"https:\/\/www.sonoraenequipo.com.mx\/storage\/2022\/02\/consulta_opt.jpg","contentUrl":"https:\/\/www.sonoraenequipo.com.mx\/storage\/2022\/02\/consulta_opt.jpg","width":714,"height":400},{"@type":"BreadcrumbList","@id":"https:\/\/www.sonoraenequipo.com.mx\/presidente-explica-como-se-debe-votar-en-la-revocacion-de-mandato\/#breadcrumb","itemListElement":[{"@type":"ListItem","position":1,"name":"Portada","item":"https:\/\/www.sonoraenequipo.com.mx\/"},{"@type":"ListItem","position":2,"name":"Presidente explica como se debe votar en la revocaci\u00f3n de mandato"}]},{"@type":"WebSite","@id":"https:\/\/www.sonoraenequipo.com.mx\/#website","url":"https:\/\/www.sonoraenequipo.com.mx\/","name":"Sonora en Equipo.","description":"Diario en l\u00ednea con Noticias desde Hermosillo, Sonora","publisher":{"@id":"https:\/\/www.sonoraenequipo.com.mx\/#organization"},"potentialAction":[{"@type":"SearchAction","target":{"@type":"EntryPoint","urlTemplate":"https:\/\/www.sonoraenequipo.com.mx\/?s={search_term_string}"},"query-input":{"@type":"PropertyValueSpecification","valueRequired":true,"valueName":"search_term_string"}}],"inLanguage":"es"},{"@type":"Organization","@id":"https:\/\/www.sonoraenequipo.com.mx\/#organization","name":"Sonoraenequipo.com.mx","url":"https:\/\/www.sonoraenequipo.com.mx\/","logo":{"@type":"ImageObject","inLanguage":"es","@id":"https:\/\/www.sonoraenequipo.com.mx\/#\/schema\/logo\/image\/","url":"https:\/\/www.sonoraenequipo.com.mx\/storage\/2019\/01\/sonoraenequipo_opt.png","contentUrl":"https:\/\/www.sonoraenequipo.com.mx\/storage\/2019\/01\/sonoraenequipo_opt.png","width":375,"height":125,"caption":"Sonoraenequipo.com.mx"},"image":{"@id":"https:\/\/www.sonoraenequipo.com.mx\/#\/schema\/logo\/image\/"},"sameAs":["https:\/\/www.facebook.com\/SonoraEE\/","https:\/\/x.com\/sonoraenequipo","https:\/\/www.youtube.com\/channel\/UC338nW-lPEYmJQs4ZABQ1SQ"]},{"@type":"Person","@id":"https:\/\/www.sonoraenequipo.com.mx\/#\/schema\/person\/50102df0fb23a8fa9e8effad8fa81386","name":"enequipo","image":{"@type":"ImageObject","inLanguage":"es","@id":"https:\/\/www.sonoraenequipo.com.mx\/#\/schema\/person\/image\/","url":"https:\/\/secure.gravatar.com\/avatar\/049821681b589dabc0bc20695993ccebb09f5b5d4d790cd9251b97faac7c652b?s=96&d=blank&r=g","contentUrl":"https:\/\/secure.gravatar.com\/avatar\/049821681b589dabc0bc20695993ccebb09f5b5d4d790cd9251b97faac7c652b?s=96&d=blank&r=g","caption":"enequipo"},"sameAs":["https:\/\/www.facebook.com\/SonoraEE"]}]}},"jetpack_featured_media_url":"https:\/\/www.sonoraenequipo.com.mx\/storage\/2022\/02\/consulta_opt.jpg","_links":{"self":[{"href":"https:\/\/www.sonoraenequipo.com.mx\/api\/wp\/v2\/posts\/132307","targetHints":{"allow":["GET"]}}],"collection":[{"href":"https:\/\/www.sonoraenequipo.com.mx\/api\/wp\/v2\/posts"}],"about":[{"href":"https:\/\/www.sonoraenequipo.com.mx\/api\/wp\/v2\/types\/post"}],"author":[{"embeddable":true,"href":"https:\/\/www.sonoraenequipo.com.mx\/api\/wp\/v2\/users\/1"}],"replies":[{"embeddable":true,"href":"https:\/\/www.sonoraenequipo.com.mx\/api\/wp\/v2\/comments?post=132307"}],"version-history":[{"count":2,"href":"https:\/\/www.sonoraenequipo.com.mx\/api\/wp\/v2\/posts\/132307\/revisions"}],"predecessor-version":[{"id":132310,"href":"https:\/\/www.sonoraenequipo.com.mx\/api\/wp\/v2\/posts\/132307\/revisions\/132310"}],"wp:featuredmedia":[{"embeddable":true,"href":"https:\/\/www.sonoraenequipo.com.mx\/api\/wp\/v2\/media\/132308"}],"wp:attachment":[{"href":"https:\/\/www.sonoraenequipo.com.mx\/api\/wp\/v2\/media?parent=132307"}],"wp:term":[{"taxonomy":"category","embeddable":true,"href":"https:\/\/www.sonoraenequipo.com.mx\/api\/wp\/v2\/categories?post=132307"},{"taxonomy":"post_tag","embeddable":true,"href":"https:\/\/www.sonoraenequipo.com.mx\/api\/wp\/v2\/tags?post=132307"}],"curies":[{"name":"wp","href":"https:\/\/api.w.org\/{rel}","templated":true}]}}