{"id":132993,"date":"2022-02-11T21:32:24","date_gmt":"2022-02-12T04:32:24","guid":{"rendered":"https:\/\/www.sonoraenequipo.com.mx\/?p=132993"},"modified":"2022-02-11T20:24:49","modified_gmt":"2022-02-12T03:24:49","slug":"hermosillo-inicia-astiazaran-junto-a-vecinos-rehabilitacion-de-la-avenida-tamaulipas","status":"publish","type":"post","link":"https:\/\/www.sonoraenequipo.com.mx\/hermosillo-inicia-astiazaran-junto-a-vecinos-rehabilitacion-de-la-avenida-tamaulipas\/","title":{"rendered":"HERMOSILLO. Inicia Astiazar\u00e1n junto a vecinos rehabilitaci\u00f3n de la avenida Tamaulipas"},"content":{"rendered":"<p>HERMOSILLO, SONORA. MX. \u2014 <em>\u201cVa a quedar como nueva\u201d<\/em>, anticip\u00f3 el presidente municipal Antonio Astiazar\u00e1n a vecinos de la colonia 5 de Mayo y asentamientos aleda\u00f1os, durante la supervisi\u00f3n del proceso constructivo de rehabilitaci\u00f3n por recarpeteo de la calle Tamaulipas, entre Revoluci\u00f3n y Luis Encinas.<\/p>\n<p>&nbsp;<\/p>\n<p> <br \/>\nLa obra, explic\u00f3 Astart\u00e9 Corro Ruiz, titular de la Coordinaci\u00f3n de Infraestructura, Desarrollo Urbano y Ecolog\u00eda (CIDUE), representa una inversi\u00f3n de 3.34 millones de pesos de recurso municipal.<\/p>\n<p>&nbsp;<\/p>\n<p>Relat\u00f3 que la fase siguiente, luego del tendido y compactado de carpeta, ser\u00e1 renivelar pozos de visita del sistema de drenaje y de las cajas de v\u00e1lvulas, que forman parte de la red de distribuci\u00f3n de agua potable, y ambos quedar\u00e1n asentados sobre placas de concreto hidr\u00e1ulico.<\/p>\n<p>&nbsp;<\/p>\n<p>El Presidente Antonio Astiazar\u00e1n y acompa\u00f1antes constataron los trabajos previos, que fueron el recorte de la carpeta anterior; calafateo de grietas aisladas y bacheo superficial y profundo.<\/p>\n<p>&nbsp;<\/p>\n<p>Pidi\u00f3 a los residentes del sector convertirse en supervisores de la calidad de la obra y hacer llegar a la autoridad cualquier observaci\u00f3n relacionada con la misma, a la vez que recomend\u00f3 no sobresaltarse al notar el corte de segmentos de la carpeta asf\u00e1ltica donde se encuentran las cajas de v\u00e1lvulas y los pozos de visita, ya que se trata de procedimientos normales dentro del proceso constructivo.<\/p>\n<p>&nbsp;<\/p>\n<p>La avenida Tamaulipas se extiende desde la calle 12 de Octubre hasta la calle Luis Encinas, lo que le permite formar parte de las colonias San Benito, Country Club y 5 de Mayo.<\/p>\n<p>&nbsp;<\/p>\n<p>Su ubicaci\u00f3n paralela al bulevar Kino le permite ser una vialidad de desfogue de la carga vehicular de esta \u00faltima, adem\u00e1s de conducir el tr\u00e1nsito interno, por lo que su rehabilitaci\u00f3n beneficia a miles de usuarios.<\/p>\n<p>&nbsp;<\/p>\n<p>&nbsp;<\/p>\n<p>(Publicada el 11\/02\/2022 \/Con informaci\u00f3n de HMO 86\/2022)<\/p>\n","protected":false},"excerpt":{"rendered":"<p>HERMOSILLO, SONORA. MX. \u2014 \u201cVa a quedar como nueva\u201d, anticip\u00f3 el presidente municipal Antonio Astiazar\u00e1n&#8230;<\/p>\n","protected":false},"author":1,"featured_media":132994,"comment_status":"open","ping_status":"open","sticky":false,"template":"","format":"standard","meta":{"_monsterinsights_skip_tracking":false,"_monsterinsights_sitenote_active":false,"_monsterinsights_sitenote_note":"","_monsterinsights_sitenote_category":0,"footnotes":""},"categories":[4],"tags":[],"class_list":["post"],"yoast_head":" \n<title>Sonora en Equipo. HERMOSILLO. Inicia Astiazar\u00e1n junto a vecinos rehabilitaci\u00f3n de la avenida Tamaulipas Municipios<\/title>\n<meta name=\"description\" content=\"HERMOSILLO, SONORA. MX. \u2014 \u201cVa a quedar como nueva\u201d, anticip\u00f3 el presidente municipal Antonio Astiazar\u00e1n a vecinos de la colonia 5 de Mayo y asentamientos En Sonora en Equipo publicamos toda la informaci\u00f3n de Sonora, M\u00e9xico y el Mundo de manera oportuna y busca que la libertad de expresi\u00f3n sea real. Visita nuestro medio informativo publicado desde Hermosillo, Sonora. %\" \/>\n<meta name=\"robots\" content=\"index, follow, max-snippet:-1, max-image-preview:large, max-video-preview:-1\" \/>\n<link rel=\"canonical\" href=\"https:\/\/www.sonoraenequipo.com.mx\/hermosillo-inicia-astiazaran-junto-a-vecinos-rehabilitacion-de-la-avenida-tamaulipas\/\" \/>\n<meta property=\"og:locale\" content=\"es_ES\" \/>\n<meta property=\"og:type\" content=\"article\" \/>\n<meta property=\"og:title\" content=\"Sonora en Equipo. HERMOSILLO. Inicia Astiazar\u00e1n junto a vecinos rehabilitaci\u00f3n de la avenida Tamaulipas Municipios\" \/>\n<meta property=\"og:description\" content=\"HERMOSILLO, SONORA. MX. \u2014 \u201cVa a quedar como nueva\u201d, anticip\u00f3 el presidente municipal Antonio Astiazar\u00e1n a vecinos de la colonia 5 de Mayo y asentamientos En Sonora en Equipo publicamos toda la informaci\u00f3n de Sonora, M\u00e9xico y el Mundo de manera oportuna y busca que la libertad de expresi\u00f3n sea real. Visita nuestro medio informativo publicado desde Hermosillo, Sonora. %\" \/>\n<meta property=\"og:url\" content=\"https:\/\/www.sonoraenequipo.com.mx\/hermosillo-inicia-astiazaran-junto-a-vecinos-rehabilitacion-de-la-avenida-tamaulipas\/\" \/>\n<meta property=\"og:site_name\" content=\"Sonora en Equipo.\" \/>\n<meta property=\"article:publisher\" content=\"https:\/\/www.facebook.com\/SonoraEE\/\" \/>\n<meta property=\"article:author\" content=\"https:\/\/www.facebook.com\/SonoraEE\" \/>\n<meta property=\"article:published_time\" content=\"2022-02-12T04:32:24+00:00\" \/>\n<meta property=\"og:image\" content=\"https:\/\/www.sonoraenequipo.com.mx\/storage\/2022\/02\/rehabilitacion-de-la-av-Tamaulipas_opt.jpg\" \/>\n\t<meta property=\"og:image:width\" content=\"700\" \/>\n\t<meta property=\"og:image:height\" content=\"400\" \/>\n\t<meta property=\"og:image:type\" content=\"image\/jpeg\" \/>\n<meta name=\"author\" content=\"enequipo\" \/>\n<meta name=\"twitter:card\" content=\"summary_large_image\" \/>\n<meta name=\"twitter:creator\" content=\"@sonoraenequipo\" \/>\n<meta name=\"twitter:site\" content=\"@sonoraenequipo\" \/>\n<meta name=\"twitter:label1\" content=\"Escrito por\" \/>\n\t<meta name=\"twitter:data1\" content=\"enequipo\" \/>\n\t<meta name=\"twitter:label2\" content=\"Tiempo de lectura\" \/>\n\t<meta name=\"twitter:data2\" content=\"2 minutos\" \/>\n<script type=\"application\/ld+json\" class=\"yoast-schema-graph\">{\"@context\":\"https:\/\/schema.org\",\"@graph\":[{\"@type\":\"Article\",\"@id\":\"https:\/\/www.sonoraenequipo.com.mx\/hermosillo-inicia-astiazaran-junto-a-vecinos-rehabilitacion-de-la-avenida-tamaulipas\/#article\",\"isPartOf\":{\"@id\":\"https:\/\/www.sonoraenequipo.com.mx\/hermosillo-inicia-astiazaran-junto-a-vecinos-rehabilitacion-de-la-avenida-tamaulipas\/\"},\"author\":{\"name\":\"enequipo\",\"@id\":\"https:\/\/www.sonoraenequipo.com.mx\/#\/schema\/person\/50102df0fb23a8fa9e8effad8fa81386\"},\"headline\":\"HERMOSILLO. Inicia Astiazar\u00e1n junto a vecinos rehabilitaci\u00f3n de la avenida Tamaulipas\",\"datePublished\":\"2022-02-12T04:32:24+00:00\",\"mainEntityOfPage\":{\"@id\":\"https:\/\/www.sonoraenequipo.com.mx\/hermosillo-inicia-astiazaran-junto-a-vecinos-rehabilitacion-de-la-avenida-tamaulipas\/\"},\"wordCount\":327,\"commentCount\":0,\"publisher\":{\"@id\":\"https:\/\/www.sonoraenequipo.com.mx\/#organization\"},\"image\":{\"@id\":\"https:\/\/www.sonoraenequipo.com.mx\/hermosillo-inicia-astiazaran-junto-a-vecinos-rehabilitacion-de-la-avenida-tamaulipas\/#primaryimage\"},\"thumbnailUrl\":\"https:\/\/www.sonoraenequipo.com.mx\/storage\/2022\/02\/rehabilitacion-de-la-av-Tamaulipas_opt.jpg\",\"articleSection\":[\"Municipios\"],\"inLanguage\":\"es\",\"potentialAction\":[{\"@type\":\"CommentAction\",\"name\":\"Comment\",\"target\":[\"https:\/\/www.sonoraenequipo.com.mx\/hermosillo-inicia-astiazaran-junto-a-vecinos-rehabilitacion-de-la-avenida-tamaulipas\/#respond\"]}]},{\"@type\":\"WebPage\",\"@id\":\"https:\/\/www.sonoraenequipo.com.mx\/hermosillo-inicia-astiazaran-junto-a-vecinos-rehabilitacion-de-la-avenida-tamaulipas\/\",\"url\":\"https:\/\/www.sonoraenequipo.com.mx\/hermosillo-inicia-astiazaran-junto-a-vecinos-rehabilitacion-de-la-avenida-tamaulipas\/\",\"name\":\"Sonora en Equipo. HERMOSILLO. Inicia Astiazar\u00e1n junto a vecinos rehabilitaci\u00f3n de la avenida Tamaulipas Municipios\",\"isPartOf\":{\"@id\":\"https:\/\/www.sonoraenequipo.com.mx\/#website\"},\"primaryImageOfPage\":{\"@id\":\"https:\/\/www.sonoraenequipo.com.mx\/hermosillo-inicia-astiazaran-junto-a-vecinos-rehabilitacion-de-la-avenida-tamaulipas\/#primaryimage\"},\"image\":{\"@id\":\"https:\/\/www.sonoraenequipo.com.mx\/hermosillo-inicia-astiazaran-junto-a-vecinos-rehabilitacion-de-la-avenida-tamaulipas\/#primaryimage\"},\"thumbnailUrl\":\"https:\/\/www.sonoraenequipo.com.mx\/storage\/2022\/02\/rehabilitacion-de-la-av-Tamaulipas_opt.jpg\",\"datePublished\":\"2022-02-12T04:32:24+00:00\",\"description\":\"HERMOSILLO, SONORA. MX. \u2014 \u201cVa a quedar como nueva\u201d, anticip\u00f3 el presidente municipal Antonio Astiazar\u00e1n a vecinos de la colonia 5 de Mayo y asentamientos En Sonora en Equipo publicamos toda la informaci\u00f3n de Sonora, M\u00e9xico y el Mundo de manera oportuna y busca que la libertad de expresi\u00f3n sea real. Visita nuestro medio informativo publicado desde Hermosillo, Sonora. %\",\"breadcrumb\":{\"@id\":\"https:\/\/www.sonoraenequipo.com.mx\/hermosillo-inicia-astiazaran-junto-a-vecinos-rehabilitacion-de-la-avenida-tamaulipas\/#breadcrumb\"},\"inLanguage\":\"es\",\"potentialAction\":[{\"@type\":\"ReadAction\",\"target\":[\"https:\/\/www.sonoraenequipo.com.mx\/hermosillo-inicia-astiazaran-junto-a-vecinos-rehabilitacion-de-la-avenida-tamaulipas\/\"]}]},{\"@type\":\"ImageObject\",\"inLanguage\":\"es\",\"@id\":\"https:\/\/www.sonoraenequipo.com.mx\/hermosillo-inicia-astiazaran-junto-a-vecinos-rehabilitacion-de-la-avenida-tamaulipas\/#primaryimage\",\"url\":\"https:\/\/www.sonoraenequipo.com.mx\/storage\/2022\/02\/rehabilitacion-de-la-av-Tamaulipas_opt.jpg\",\"contentUrl\":\"https:\/\/www.sonoraenequipo.com.mx\/storage\/2022\/02\/rehabilitacion-de-la-av-Tamaulipas_opt.jpg\",\"width\":700,\"height\":400},{\"@type\":\"BreadcrumbList\",\"@id\":\"https:\/\/www.sonoraenequipo.com.mx\/hermosillo-inicia-astiazaran-junto-a-vecinos-rehabilitacion-de-la-avenida-tamaulipas\/#breadcrumb\",\"itemListElement\":[{\"@type\":\"ListItem\",\"position\":1,\"name\":\"Portada\",\"item\":\"https:\/\/www.sonoraenequipo.com.mx\/\"},{\"@type\":\"ListItem\",\"position\":2,\"name\":\"HERMOSILLO. Inicia Astiazar\u00e1n junto a vecinos rehabilitaci\u00f3n de la avenida Tamaulipas\"}]},{\"@type\":\"WebSite\",\"@id\":\"https:\/\/www.sonoraenequipo.com.mx\/#website\",\"url\":\"https:\/\/www.sonoraenequipo.com.mx\/\",\"name\":\"Sonora en Equipo.\",\"description\":\"Diario en l\u00ednea con Noticias desde Hermosillo, Sonora\",\"publisher\":{\"@id\":\"https:\/\/www.sonoraenequipo.com.mx\/#organization\"},\"potentialAction\":[{\"@type\":\"SearchAction\",\"target\":{\"@type\":\"EntryPoint\",\"urlTemplate\":\"https:\/\/www.sonoraenequipo.com.mx\/?s={search_term_string}\"},\"query-input\":{\"@type\":\"PropertyValueSpecification\",\"valueRequired\":true,\"valueName\":\"search_term_string\"}}],\"inLanguage\":\"es\"},{\"@type\":\"Organization\",\"@id\":\"https:\/\/www.sonoraenequipo.com.mx\/#organization\",\"name\":\"Sonoraenequipo.com.mx\",\"url\":\"https:\/\/www.sonoraenequipo.com.mx\/\",\"logo\":{\"@type\":\"ImageObject\",\"inLanguage\":\"es\",\"@id\":\"https:\/\/www.sonoraenequipo.com.mx\/#\/schema\/logo\/image\/\",\"url\":\"https:\/\/www.sonoraenequipo.com.mx\/storage\/2019\/01\/sonoraenequipo_opt.png\",\"contentUrl\":\"https:\/\/www.sonoraenequipo.com.mx\/storage\/2019\/01\/sonoraenequipo_opt.png\",\"width\":375,\"height\":125,\"caption\":\"Sonoraenequipo.com.mx\"},\"image\":{\"@id\":\"https:\/\/www.sonoraenequipo.com.mx\/#\/schema\/logo\/image\/\"},\"sameAs\":[\"https:\/\/www.facebook.com\/SonoraEE\/\",\"https:\/\/x.com\/sonoraenequipo\",\"https:\/\/www.youtube.com\/channel\/UC338nW-lPEYmJQs4ZABQ1SQ\"]},{\"@type\":\"Person\",\"@id\":\"https:\/\/www.sonoraenequipo.com.mx\/#\/schema\/person\/50102df0fb23a8fa9e8effad8fa81386\",\"name\":\"enequipo\",\"image\":{\"@type\":\"ImageObject\",\"inLanguage\":\"es\",\"@id\":\"https:\/\/www.sonoraenequipo.com.mx\/#\/schema\/person\/image\/\",\"url\":\"https:\/\/secure.gravatar.com\/avatar\/049821681b589dabc0bc20695993ccebb09f5b5d4d790cd9251b97faac7c652b?s=96&d=blank&r=g\",\"contentUrl\":\"https:\/\/secure.gravatar.com\/avatar\/049821681b589dabc0bc20695993ccebb09f5b5d4d790cd9251b97faac7c652b?s=96&d=blank&r=g\",\"caption\":\"enequipo\"},\"sameAs\":[\"https:\/\/www.facebook.com\/SonoraEE\"]}]}<\/script>\n ","yoast_head_json":{"title":"Sonora en Equipo. HERMOSILLO. Inicia Astiazar\u00e1n junto a vecinos rehabilitaci\u00f3n de la avenida Tamaulipas Municipios","description":"HERMOSILLO, SONORA. MX. \u2014 \u201cVa a quedar como nueva\u201d, anticip\u00f3 el presidente municipal Antonio Astiazar\u00e1n a vecinos de la colonia 5 de Mayo y asentamientos En Sonora en Equipo publicamos toda la informaci\u00f3n de Sonora, M\u00e9xico y el Mundo de manera oportuna y busca que la libertad de expresi\u00f3n sea real. Visita nuestro medio informativo publicado desde Hermosillo, Sonora. %","robots":{"index":"index","follow":"follow","max-snippet":"max-snippet:-1","max-image-preview":"max-image-preview:large","max-video-preview":"max-video-preview:-1"},"canonical":"https:\/\/www.sonoraenequipo.com.mx\/hermosillo-inicia-astiazaran-junto-a-vecinos-rehabilitacion-de-la-avenida-tamaulipas\/","og_locale":"es_ES","og_type":"article","og_title":"Sonora en Equipo. HERMOSILLO. Inicia Astiazar\u00e1n junto a vecinos rehabilitaci\u00f3n de la avenida Tamaulipas Municipios","og_description":"HERMOSILLO, SONORA. MX. \u2014 \u201cVa a quedar como nueva\u201d, anticip\u00f3 el presidente municipal Antonio Astiazar\u00e1n a vecinos de la colonia 5 de Mayo y asentamientos En Sonora en Equipo publicamos toda la informaci\u00f3n de Sonora, M\u00e9xico y el Mundo de manera oportuna y busca que la libertad de expresi\u00f3n sea real. Visita nuestro medio informativo publicado desde Hermosillo, Sonora. %","og_url":"https:\/\/www.sonoraenequipo.com.mx\/hermosillo-inicia-astiazaran-junto-a-vecinos-rehabilitacion-de-la-avenida-tamaulipas\/","og_site_name":"Sonora en Equipo.","article_publisher":"https:\/\/www.facebook.com\/SonoraEE\/","article_author":"https:\/\/www.facebook.com\/SonoraEE","article_published_time":"2022-02-12T04:32:24+00:00","og_image":[{"width":700,"height":400,"url":"https:\/\/www.sonoraenequipo.com.mx\/storage\/2022\/02\/rehabilitacion-de-la-av-Tamaulipas_opt.jpg","type":"image\/jpeg"}],"author":"enequipo","twitter_card":"summary_large_image","twitter_creator":"@sonoraenequipo","twitter_site":"@sonoraenequipo","twitter_misc":{"Escrito por":"enequipo","Tiempo de lectura":"2 minutos"},"schema":{"@context":"https:\/\/schema.org","@graph":[{"@type":"Article","@id":"https:\/\/www.sonoraenequipo.com.mx\/hermosillo-inicia-astiazaran-junto-a-vecinos-rehabilitacion-de-la-avenida-tamaulipas\/#article","isPartOf":{"@id":"https:\/\/www.sonoraenequipo.com.mx\/hermosillo-inicia-astiazaran-junto-a-vecinos-rehabilitacion-de-la-avenida-tamaulipas\/"},"author":{"name":"enequipo","@id":"https:\/\/www.sonoraenequipo.com.mx\/#\/schema\/person\/50102df0fb23a8fa9e8effad8fa81386"},"headline":"HERMOSILLO. Inicia Astiazar\u00e1n junto a vecinos rehabilitaci\u00f3n de la avenida Tamaulipas","datePublished":"2022-02-12T04:32:24+00:00","mainEntityOfPage":{"@id":"https:\/\/www.sonoraenequipo.com.mx\/hermosillo-inicia-astiazaran-junto-a-vecinos-rehabilitacion-de-la-avenida-tamaulipas\/"},"wordCount":327,"commentCount":0,"publisher":{"@id":"https:\/\/www.sonoraenequipo.com.mx\/#organization"},"image":{"@id":"https:\/\/www.sonoraenequipo.com.mx\/hermosillo-inicia-astiazaran-junto-a-vecinos-rehabilitacion-de-la-avenida-tamaulipas\/#primaryimage"},"thumbnailUrl":"https:\/\/www.sonoraenequipo.com.mx\/storage\/2022\/02\/rehabilitacion-de-la-av-Tamaulipas_opt.jpg","articleSection":["Municipios"],"inLanguage":"es","potentialAction":[{"@type":"CommentAction","name":"Comment","target":["https:\/\/www.sonoraenequipo.com.mx\/hermosillo-inicia-astiazaran-junto-a-vecinos-rehabilitacion-de-la-avenida-tamaulipas\/#respond"]}]},{"@type":"WebPage","@id":"https:\/\/www.sonoraenequipo.com.mx\/hermosillo-inicia-astiazaran-junto-a-vecinos-rehabilitacion-de-la-avenida-tamaulipas\/","url":"https:\/\/www.sonoraenequipo.com.mx\/hermosillo-inicia-astiazaran-junto-a-vecinos-rehabilitacion-de-la-avenida-tamaulipas\/","name":"Sonora en Equipo. HERMOSILLO. Inicia Astiazar\u00e1n junto a vecinos rehabilitaci\u00f3n de la avenida Tamaulipas Municipios","isPartOf":{"@id":"https:\/\/www.sonoraenequipo.com.mx\/#website"},"primaryImageOfPage":{"@id":"https:\/\/www.sonoraenequipo.com.mx\/hermosillo-inicia-astiazaran-junto-a-vecinos-rehabilitacion-de-la-avenida-tamaulipas\/#primaryimage"},"image":{"@id":"https:\/\/www.sonoraenequipo.com.mx\/hermosillo-inicia-astiazaran-junto-a-vecinos-rehabilitacion-de-la-avenida-tamaulipas\/#primaryimage"},"thumbnailUrl":"https:\/\/www.sonoraenequipo.com.mx\/storage\/2022\/02\/rehabilitacion-de-la-av-Tamaulipas_opt.jpg","datePublished":"2022-02-12T04:32:24+00:00","description":"HERMOSILLO, SONORA. MX. \u2014 \u201cVa a quedar como nueva\u201d, anticip\u00f3 el presidente municipal Antonio Astiazar\u00e1n a vecinos de la colonia 5 de Mayo y asentamientos En Sonora en Equipo publicamos toda la informaci\u00f3n de Sonora, M\u00e9xico y el Mundo de manera oportuna y busca que la libertad de expresi\u00f3n sea real. Visita nuestro medio informativo publicado desde Hermosillo, Sonora. %","breadcrumb":{"@id":"https:\/\/www.sonoraenequipo.com.mx\/hermosillo-inicia-astiazaran-junto-a-vecinos-rehabilitacion-de-la-avenida-tamaulipas\/#breadcrumb"},"inLanguage":"es","potentialAction":[{"@type":"ReadAction","target":["https:\/\/www.sonoraenequipo.com.mx\/hermosillo-inicia-astiazaran-junto-a-vecinos-rehabilitacion-de-la-avenida-tamaulipas\/"]}]},{"@type":"ImageObject","inLanguage":"es","@id":"https:\/\/www.sonoraenequipo.com.mx\/hermosillo-inicia-astiazaran-junto-a-vecinos-rehabilitacion-de-la-avenida-tamaulipas\/#primaryimage","url":"https:\/\/www.sonoraenequipo.com.mx\/storage\/2022\/02\/rehabilitacion-de-la-av-Tamaulipas_opt.jpg","contentUrl":"https:\/\/www.sonoraenequipo.com.mx\/storage\/2022\/02\/rehabilitacion-de-la-av-Tamaulipas_opt.jpg","width":700,"height":400},{"@type":"BreadcrumbList","@id":"https:\/\/www.sonoraenequipo.com.mx\/hermosillo-inicia-astiazaran-junto-a-vecinos-rehabilitacion-de-la-avenida-tamaulipas\/#breadcrumb","itemListElement":[{"@type":"ListItem","position":1,"name":"Portada","item":"https:\/\/www.sonoraenequipo.com.mx\/"},{"@type":"ListItem","position":2,"name":"HERMOSILLO. Inicia Astiazar\u00e1n junto a vecinos rehabilitaci\u00f3n de la avenida Tamaulipas"}]},{"@type":"WebSite","@id":"https:\/\/www.sonoraenequipo.com.mx\/#website","url":"https:\/\/www.sonoraenequipo.com.mx\/","name":"Sonora en Equipo.","description":"Diario en l\u00ednea con Noticias desde Hermosillo, Sonora","publisher":{"@id":"https:\/\/www.sonoraenequipo.com.mx\/#organization"},"potentialAction":[{"@type":"SearchAction","target":{"@type":"EntryPoint","urlTemplate":"https:\/\/www.sonoraenequipo.com.mx\/?s={search_term_string}"},"query-input":{"@type":"PropertyValueSpecification","valueRequired":true,"valueName":"search_term_string"}}],"inLanguage":"es"},{"@type":"Organization","@id":"https:\/\/www.sonoraenequipo.com.mx\/#organization","name":"Sonoraenequipo.com.mx","url":"https:\/\/www.sonoraenequipo.com.mx\/","logo":{"@type":"ImageObject","inLanguage":"es","@id":"https:\/\/www.sonoraenequipo.com.mx\/#\/schema\/logo\/image\/","url":"https:\/\/www.sonoraenequipo.com.mx\/storage\/2019\/01\/sonoraenequipo_opt.png","contentUrl":"https:\/\/www.sonoraenequipo.com.mx\/storage\/2019\/01\/sonoraenequipo_opt.png","width":375,"height":125,"caption":"Sonoraenequipo.com.mx"},"image":{"@id":"https:\/\/www.sonoraenequipo.com.mx\/#\/schema\/logo\/image\/"},"sameAs":["https:\/\/www.facebook.com\/SonoraEE\/","https:\/\/x.com\/sonoraenequipo","https:\/\/www.youtube.com\/channel\/UC338nW-lPEYmJQs4ZABQ1SQ"]},{"@type":"Person","@id":"https:\/\/www.sonoraenequipo.com.mx\/#\/schema\/person\/50102df0fb23a8fa9e8effad8fa81386","name":"enequipo","image":{"@type":"ImageObject","inLanguage":"es","@id":"https:\/\/www.sonoraenequipo.com.mx\/#\/schema\/person\/image\/","url":"https:\/\/secure.gravatar.com\/avatar\/049821681b589dabc0bc20695993ccebb09f5b5d4d790cd9251b97faac7c652b?s=96&d=blank&r=g","contentUrl":"https:\/\/secure.gravatar.com\/avatar\/049821681b589dabc0bc20695993ccebb09f5b5d4d790cd9251b97faac7c652b?s=96&d=blank&r=g","caption":"enequipo"},"sameAs":["https:\/\/www.facebook.com\/SonoraEE"]}]}},"jetpack_featured_media_url":"https:\/\/www.sonoraenequipo.com.mx\/storage\/2022\/02\/rehabilitacion-de-la-av-Tamaulipas_opt.jpg","_links":{"self":[{"href":"https:\/\/www.sonoraenequipo.com.mx\/api\/wp\/v2\/posts\/132993","targetHints":{"allow":["GET"]}}],"collection":[{"href":"https:\/\/www.sonoraenequipo.com.mx\/api\/wp\/v2\/posts"}],"about":[{"href":"https:\/\/www.sonoraenequipo.com.mx\/api\/wp\/v2\/types\/post"}],"author":[{"embeddable":true,"href":"https:\/\/www.sonoraenequipo.com.mx\/api\/wp\/v2\/users\/1"}],"replies":[{"embeddable":true,"href":"https:\/\/www.sonoraenequipo.com.mx\/api\/wp\/v2\/comments?post=132993"}],"version-history":[{"count":1,"href":"https:\/\/www.sonoraenequipo.com.mx\/api\/wp\/v2\/posts\/132993\/revisions"}],"predecessor-version":[{"id":132995,"href":"https:\/\/www.sonoraenequipo.com.mx\/api\/wp\/v2\/posts\/132993\/revisions\/132995"}],"wp:featuredmedia":[{"embeddable":true,"href":"https:\/\/www.sonoraenequipo.com.mx\/api\/wp\/v2\/media\/132994"}],"wp:attachment":[{"href":"https:\/\/www.sonoraenequipo.com.mx\/api\/wp\/v2\/media?parent=132993"}],"wp:term":[{"taxonomy":"category","embeddable":true,"href":"https:\/\/www.sonoraenequipo.com.mx\/api\/wp\/v2\/categories?post=132993"},{"taxonomy":"post_tag","embeddable":true,"href":"https:\/\/www.sonoraenequipo.com.mx\/api\/wp\/v2\/tags?post=132993"}],"curies":[{"name":"wp","href":"https:\/\/api.w.org\/{rel}","templated":true}]}}