{"id":133010,"date":"2022-02-12T10:38:42","date_gmt":"2022-02-12T17:38:42","guid":{"rendered":"https:\/\/www.sonoraenequipo.com.mx\/?p=133010"},"modified":"2022-02-12T13:56:46","modified_gmt":"2022-02-12T20:56:46","slug":"van-dos-detenidos-por-asesinato-del-periodista-heber-lopez-confirma-gobierno-de-amlo","status":"publish","type":"post","link":"https:\/\/www.sonoraenequipo.com.mx\/van-dos-detenidos-por-asesinato-del-periodista-heber-lopez-confirma-gobierno-de-amlo\/","title":{"rendered":"Van dos detenidos por asesinato del periodista Heber L\u00f3pez, confirma Gobierno de AMLO"},"content":{"rendered":"<p>CIUDAD DE M\u00c9XICO. MX. \u2014 El gobierno del presidente Andr\u00e9s Manuel L\u00f3pez Obrador (AMLO) confirm\u00f3 que van dos detenidos por el asesinato del periodista Heber L\u00f3pez V\u00e1squez, qui\u00e9n fue privado de la vida, la noche del jueves 10 de febrero de 2022 cuando se encontraba en su domicilio en el estado de Oaxaca.<\/p>\n<p>&nbsp;<\/p>\n<p> <\/p>\n<p>&nbsp;<\/p>\n<p>En conferencia ma\u00f1anera de AMLO realizada desde el estado de Sonora, el subsecretario de Seguridad P\u00fablica, Ricardo Mej\u00eda Berdeja, detall\u00f3 que la pronta reacci\u00f3n de la Polic\u00eda Municipal de Salina Cruz, en coordinaci\u00f3n con la Fiscal\u00eda General de Justicia del Estado (FGJE) de Oaxaca, permitieron detener en flagrancia a dos personas identificadas por su probable participaci\u00f3n en el homicidio cometido contra el periodista Heber L\u00f3pez.<\/p>\n<p>&nbsp;<\/p>\n<p>Inform\u00f3 que se asegur\u00f3 la alarma homicida y se les detuvo en un veh\u00edculo doble cabina.<\/p>\n<p>&nbsp;<\/p>\n<p>Se\u00f1al\u00f3 que los dos sujetos responden al nombre de<em> \u201cRicardo N\u201d,<\/em> cada uno de ellos, y ya fueron puestos a disposici\u00f3n del Ministerio P\u00fablico.<\/p>\n<p>&nbsp;<\/p>\n<p>Indic\u00f3 que, por instrucciones de la secretaria de Seguridad y Protecci\u00f3n Ciudadana de M\u00e9xico, Rosa Icela Rodr\u00edguez, se mantiene en contacto con el fiscal de Oaxaca, Arturo Peimbert.<\/p>\n<p>&nbsp;<\/p>\n<p>Asegur\u00f3 que se est\u00e1n siguiendo todas las l\u00edneas de investigaci\u00f3n en el asesinato del periodista Heber L\u00f3pez para determinar el m\u00f3vil de este homicidio y detener al autor intelectual.<\/p>\n<p>&nbsp;<\/p>\n<p>Se\u00f1al\u00f3 que conforme a la informaci\u00f3n que proporcion\u00f3 el subsecretario de Derechos Humanos, Poblaci\u00f3n y Migraci\u00f3n, Alejandro Encinas, el director del portal Noticias Web no estaba incorporado al mecanismo de Protecci\u00f3n para Periodistas.<\/p>\n<p>&nbsp;<\/p>\n<p>Por su parte, el presidente L\u00f3pez Obrador prometi\u00f3 este viernes \u201ccero impunidad\u201d tras el asesinato del periodista Heber L\u00f3pez V\u00e1squez.<\/p>\n<p>&nbsp;<\/p>\n<p><em>\u201cEl que la hace la paga. No hay impunidad, cero impunidad, puede ser que se cometan estos lamentables cr\u00edmenes, pero no hay impunidad, cero impunidad, no es lo mismo de antes\u201d<\/em>, asegur\u00f3.<\/p>\n<p>&nbsp;<\/p>\n<p>Reiter\u00f3 que se est\u00e1 mejorando el Mecanismo de Protecci\u00f3n de Periodistas, sistema que protege a los trabajadores de la comunicaci\u00f3n por parte del Estado.<\/p>\n<p>&nbsp;<\/p>\n<p>AMLO inform\u00f3 que solicit\u00f3 al subsecretario Alejandro Encinas que atienda a los familiares del periodista Heber L\u00f3pez para que les proporcione informaci\u00f3n de lo que sucedi\u00f3.<\/p>\n<p>&nbsp;<\/p>\n<p>\u201cNo solo nos preocupa, nos ocupa. Y es un periodista que nosotros conocemos, como los periodistas de todas las regiones de los pueblos, es un periodista de Salina Cruz, Oaxaca, incluso sus familiares van a solicitar una audiencia conmigo\u201d, coment\u00f3 L\u00f3pez Obrador.<\/p>\n<p>&nbsp;<\/p>\n<h3>\u00bfQui\u00e9n era el periodista Heber L\u00f3pez V\u00e1squez?<\/h3>\n<p>&nbsp;<\/p>\n<p>Heber L\u00f3pez V\u00e1squez era director del portal Noticias Web, es el sexto periodista asesinado en lo que va del a\u00f1o, seg\u00fan el recuento de Reporteros Sin Fronteras (RSF), que inform\u00f3 que el comunicador hab\u00eda denunciado en 2019 \u201chaber sido amenazado por escoltas\u201d del presidente municipal de Salina Cruz.<\/p>\n<p>&nbsp;<\/p>\n<p>Su caso refleja la violencia in\u00e9dita que este 2022 afronta la prensa en M\u00e9xico, donde m\u00e1s del 90 % de los asesinatos de periodistas quedan impunes, de acuerdo con el Comit\u00e9 para la Protecci\u00f3n de los Periodistas (CPJ, en ingl\u00e9s).<\/p>\n<p>&nbsp;<\/p>\n<p>&nbsp;<\/p>\n<p>(Publicada el 11\/02\/2022 \/ Con informaci\u00f3n de Noticieros Televisa y EFE)<\/p>\n","protected":false},"excerpt":{"rendered":"<p>CIUDAD DE M\u00c9XICO. MX. \u2014 El gobierno del presidente Andr\u00e9s Manuel L\u00f3pez Obrador (AMLO) confirm\u00f3&#8230;<\/p>\n","protected":false},"author":1,"featured_media":133011,"comment_status":"open","ping_status":"open","sticky":false,"template":"","format":"standard","meta":{"_monsterinsights_skip_tracking":false,"_monsterinsights_sitenote_active":false,"_monsterinsights_sitenote_note":"","_monsterinsights_sitenote_category":0,"footnotes":""},"categories":[5],"tags":[],"class_list":["post"],"yoast_head":" \n<title>Sonora en Equipo. Van dos detenidos por asesinato del periodista Heber L\u00f3pez, confirma Gobierno de AMLO Rep\u00fablica<\/title>\n<meta name=\"description\" content=\"CIUDAD DE M\u00c9XICO. MX. \u2014 El gobierno del presidente Andr\u00e9s Manuel L\u00f3pez Obrador (AMLO) confirm\u00f3 que van dos detenidos por el asesinato del periodista Heber En Sonora en Equipo publicamos toda la informaci\u00f3n de Sonora, M\u00e9xico y el Mundo de manera oportuna y busca que la libertad de expresi\u00f3n sea real. Visita nuestro medio informativo publicado desde Hermosillo, Sonora. %\" \/>\n<meta name=\"robots\" content=\"index, follow, max-snippet:-1, max-image-preview:large, max-video-preview:-1\" \/>\n<link rel=\"canonical\" href=\"https:\/\/www.sonoraenequipo.com.mx\/van-dos-detenidos-por-asesinato-del-periodista-heber-lopez-confirma-gobierno-de-amlo\/\" \/>\n<meta property=\"og:locale\" content=\"es_ES\" \/>\n<meta property=\"og:type\" content=\"article\" \/>\n<meta property=\"og:title\" content=\"Sonora en Equipo. Van dos detenidos por asesinato del periodista Heber L\u00f3pez, confirma Gobierno de AMLO Rep\u00fablica\" \/>\n<meta property=\"og:description\" content=\"CIUDAD DE M\u00c9XICO. MX. \u2014 El gobierno del presidente Andr\u00e9s Manuel L\u00f3pez Obrador (AMLO) confirm\u00f3 que van dos detenidos por el asesinato del periodista Heber En Sonora en Equipo publicamos toda la informaci\u00f3n de Sonora, M\u00e9xico y el Mundo de manera oportuna y busca que la libertad de expresi\u00f3n sea real. Visita nuestro medio informativo publicado desde Hermosillo, Sonora. %\" \/>\n<meta property=\"og:url\" content=\"https:\/\/www.sonoraenequipo.com.mx\/van-dos-detenidos-por-asesinato-del-periodista-heber-lopez-confirma-gobierno-de-amlo\/\" \/>\n<meta property=\"og:site_name\" content=\"Sonora en Equipo.\" \/>\n<meta property=\"article:publisher\" content=\"https:\/\/www.facebook.com\/SonoraEE\/\" \/>\n<meta property=\"article:author\" content=\"https:\/\/www.facebook.com\/SonoraEE\" \/>\n<meta property=\"article:published_time\" content=\"2022-02-12T17:38:42+00:00\" \/>\n<meta property=\"article:modified_time\" content=\"2022-02-12T20:56:46+00:00\" \/>\n<meta property=\"og:image\" content=\"https:\/\/www.sonoraenequipo.com.mx\/storage\/2022\/02\/detenidos-por-asesinato-de-periodista_opt.jpg\" \/>\n\t<meta property=\"og:image:width\" content=\"700\" \/>\n\t<meta property=\"og:image:height\" content=\"400\" \/>\n\t<meta property=\"og:image:type\" content=\"image\/jpeg\" \/>\n<meta name=\"author\" content=\"enequipo\" \/>\n<meta name=\"twitter:card\" content=\"summary_large_image\" \/>\n<meta name=\"twitter:creator\" content=\"@sonoraenequipo\" \/>\n<meta name=\"twitter:site\" content=\"@sonoraenequipo\" \/>\n<meta name=\"twitter:label1\" content=\"Escrito por\" \/>\n\t<meta name=\"twitter:data1\" content=\"enequipo\" \/>\n\t<meta name=\"twitter:label2\" content=\"Tiempo de lectura\" \/>\n\t<meta name=\"twitter:data2\" content=\"3 minutos\" \/>\n<script type=\"application\/ld+json\" class=\"yoast-schema-graph\">{\"@context\":\"https:\/\/schema.org\",\"@graph\":[{\"@type\":\"Article\",\"@id\":\"https:\/\/www.sonoraenequipo.com.mx\/van-dos-detenidos-por-asesinato-del-periodista-heber-lopez-confirma-gobierno-de-amlo\/#article\",\"isPartOf\":{\"@id\":\"https:\/\/www.sonoraenequipo.com.mx\/van-dos-detenidos-por-asesinato-del-periodista-heber-lopez-confirma-gobierno-de-amlo\/\"},\"author\":{\"name\":\"enequipo\",\"@id\":\"https:\/\/www.sonoraenequipo.com.mx\/#\/schema\/person\/50102df0fb23a8fa9e8effad8fa81386\"},\"headline\":\"Van dos detenidos por asesinato del periodista Heber L\u00f3pez, confirma Gobierno de AMLO\",\"datePublished\":\"2022-02-12T17:38:42+00:00\",\"dateModified\":\"2022-02-12T20:56:46+00:00\",\"mainEntityOfPage\":{\"@id\":\"https:\/\/www.sonoraenequipo.com.mx\/van-dos-detenidos-por-asesinato-del-periodista-heber-lopez-confirma-gobierno-de-amlo\/\"},\"wordCount\":575,\"commentCount\":0,\"publisher\":{\"@id\":\"https:\/\/www.sonoraenequipo.com.mx\/#organization\"},\"image\":{\"@id\":\"https:\/\/www.sonoraenequipo.com.mx\/van-dos-detenidos-por-asesinato-del-periodista-heber-lopez-confirma-gobierno-de-amlo\/#primaryimage\"},\"thumbnailUrl\":\"https:\/\/www.sonoraenequipo.com.mx\/storage\/2022\/02\/detenidos-por-asesinato-de-periodista_opt.jpg\",\"articleSection\":[\"Rep\u00fablica\"],\"inLanguage\":\"es\",\"potentialAction\":[{\"@type\":\"CommentAction\",\"name\":\"Comment\",\"target\":[\"https:\/\/www.sonoraenequipo.com.mx\/van-dos-detenidos-por-asesinato-del-periodista-heber-lopez-confirma-gobierno-de-amlo\/#respond\"]}]},{\"@type\":\"WebPage\",\"@id\":\"https:\/\/www.sonoraenequipo.com.mx\/van-dos-detenidos-por-asesinato-del-periodista-heber-lopez-confirma-gobierno-de-amlo\/\",\"url\":\"https:\/\/www.sonoraenequipo.com.mx\/van-dos-detenidos-por-asesinato-del-periodista-heber-lopez-confirma-gobierno-de-amlo\/\",\"name\":\"Sonora en Equipo. Van dos detenidos por asesinato del periodista Heber L\u00f3pez, confirma Gobierno de AMLO Rep\u00fablica\",\"isPartOf\":{\"@id\":\"https:\/\/www.sonoraenequipo.com.mx\/#website\"},\"primaryImageOfPage\":{\"@id\":\"https:\/\/www.sonoraenequipo.com.mx\/van-dos-detenidos-por-asesinato-del-periodista-heber-lopez-confirma-gobierno-de-amlo\/#primaryimage\"},\"image\":{\"@id\":\"https:\/\/www.sonoraenequipo.com.mx\/van-dos-detenidos-por-asesinato-del-periodista-heber-lopez-confirma-gobierno-de-amlo\/#primaryimage\"},\"thumbnailUrl\":\"https:\/\/www.sonoraenequipo.com.mx\/storage\/2022\/02\/detenidos-por-asesinato-de-periodista_opt.jpg\",\"datePublished\":\"2022-02-12T17:38:42+00:00\",\"dateModified\":\"2022-02-12T20:56:46+00:00\",\"description\":\"CIUDAD DE M\u00c9XICO. MX. \u2014 El gobierno del presidente Andr\u00e9s Manuel L\u00f3pez Obrador (AMLO) confirm\u00f3 que van dos detenidos por el asesinato del periodista Heber En Sonora en Equipo publicamos toda la informaci\u00f3n de Sonora, M\u00e9xico y el Mundo de manera oportuna y busca que la libertad de expresi\u00f3n sea real. Visita nuestro medio informativo publicado desde Hermosillo, Sonora. %\",\"breadcrumb\":{\"@id\":\"https:\/\/www.sonoraenequipo.com.mx\/van-dos-detenidos-por-asesinato-del-periodista-heber-lopez-confirma-gobierno-de-amlo\/#breadcrumb\"},\"inLanguage\":\"es\",\"potentialAction\":[{\"@type\":\"ReadAction\",\"target\":[\"https:\/\/www.sonoraenequipo.com.mx\/van-dos-detenidos-por-asesinato-del-periodista-heber-lopez-confirma-gobierno-de-amlo\/\"]}]},{\"@type\":\"ImageObject\",\"inLanguage\":\"es\",\"@id\":\"https:\/\/www.sonoraenequipo.com.mx\/van-dos-detenidos-por-asesinato-del-periodista-heber-lopez-confirma-gobierno-de-amlo\/#primaryimage\",\"url\":\"https:\/\/www.sonoraenequipo.com.mx\/storage\/2022\/02\/detenidos-por-asesinato-de-periodista_opt.jpg\",\"contentUrl\":\"https:\/\/www.sonoraenequipo.com.mx\/storage\/2022\/02\/detenidos-por-asesinato-de-periodista_opt.jpg\",\"width\":700,\"height\":400},{\"@type\":\"BreadcrumbList\",\"@id\":\"https:\/\/www.sonoraenequipo.com.mx\/van-dos-detenidos-por-asesinato-del-periodista-heber-lopez-confirma-gobierno-de-amlo\/#breadcrumb\",\"itemListElement\":[{\"@type\":\"ListItem\",\"position\":1,\"name\":\"Portada\",\"item\":\"https:\/\/www.sonoraenequipo.com.mx\/\"},{\"@type\":\"ListItem\",\"position\":2,\"name\":\"Van dos detenidos por asesinato del periodista Heber L\u00f3pez, confirma Gobierno de AMLO\"}]},{\"@type\":\"WebSite\",\"@id\":\"https:\/\/www.sonoraenequipo.com.mx\/#website\",\"url\":\"https:\/\/www.sonoraenequipo.com.mx\/\",\"name\":\"Sonora en Equipo.\",\"description\":\"Diario en l\u00ednea con Noticias desde Hermosillo, Sonora\",\"publisher\":{\"@id\":\"https:\/\/www.sonoraenequipo.com.mx\/#organization\"},\"potentialAction\":[{\"@type\":\"SearchAction\",\"target\":{\"@type\":\"EntryPoint\",\"urlTemplate\":\"https:\/\/www.sonoraenequipo.com.mx\/?s={search_term_string}\"},\"query-input\":{\"@type\":\"PropertyValueSpecification\",\"valueRequired\":true,\"valueName\":\"search_term_string\"}}],\"inLanguage\":\"es\"},{\"@type\":\"Organization\",\"@id\":\"https:\/\/www.sonoraenequipo.com.mx\/#organization\",\"name\":\"Sonoraenequipo.com.mx\",\"url\":\"https:\/\/www.sonoraenequipo.com.mx\/\",\"logo\":{\"@type\":\"ImageObject\",\"inLanguage\":\"es\",\"@id\":\"https:\/\/www.sonoraenequipo.com.mx\/#\/schema\/logo\/image\/\",\"url\":\"https:\/\/www.sonoraenequipo.com.mx\/storage\/2019\/01\/sonoraenequipo_opt.png\",\"contentUrl\":\"https:\/\/www.sonoraenequipo.com.mx\/storage\/2019\/01\/sonoraenequipo_opt.png\",\"width\":375,\"height\":125,\"caption\":\"Sonoraenequipo.com.mx\"},\"image\":{\"@id\":\"https:\/\/www.sonoraenequipo.com.mx\/#\/schema\/logo\/image\/\"},\"sameAs\":[\"https:\/\/www.facebook.com\/SonoraEE\/\",\"https:\/\/x.com\/sonoraenequipo\",\"https:\/\/www.youtube.com\/channel\/UC338nW-lPEYmJQs4ZABQ1SQ\"]},{\"@type\":\"Person\",\"@id\":\"https:\/\/www.sonoraenequipo.com.mx\/#\/schema\/person\/50102df0fb23a8fa9e8effad8fa81386\",\"name\":\"enequipo\",\"image\":{\"@type\":\"ImageObject\",\"inLanguage\":\"es\",\"@id\":\"https:\/\/www.sonoraenequipo.com.mx\/#\/schema\/person\/image\/\",\"url\":\"https:\/\/secure.gravatar.com\/avatar\/049821681b589dabc0bc20695993ccebb09f5b5d4d790cd9251b97faac7c652b?s=96&d=blank&r=g\",\"contentUrl\":\"https:\/\/secure.gravatar.com\/avatar\/049821681b589dabc0bc20695993ccebb09f5b5d4d790cd9251b97faac7c652b?s=96&d=blank&r=g\",\"caption\":\"enequipo\"},\"sameAs\":[\"https:\/\/www.facebook.com\/SonoraEE\"]}]}<\/script>\n ","yoast_head_json":{"title":"Sonora en Equipo. Van dos detenidos por asesinato del periodista Heber L\u00f3pez, confirma Gobierno de AMLO Rep\u00fablica","description":"CIUDAD DE M\u00c9XICO. MX. \u2014 El gobierno del presidente Andr\u00e9s Manuel L\u00f3pez Obrador (AMLO) confirm\u00f3 que van dos detenidos por el asesinato del periodista Heber En Sonora en Equipo publicamos toda la informaci\u00f3n de Sonora, M\u00e9xico y el Mundo de manera oportuna y busca que la libertad de expresi\u00f3n sea real. Visita nuestro medio informativo publicado desde Hermosillo, Sonora. %","robots":{"index":"index","follow":"follow","max-snippet":"max-snippet:-1","max-image-preview":"max-image-preview:large","max-video-preview":"max-video-preview:-1"},"canonical":"https:\/\/www.sonoraenequipo.com.mx\/van-dos-detenidos-por-asesinato-del-periodista-heber-lopez-confirma-gobierno-de-amlo\/","og_locale":"es_ES","og_type":"article","og_title":"Sonora en Equipo. Van dos detenidos por asesinato del periodista Heber L\u00f3pez, confirma Gobierno de AMLO Rep\u00fablica","og_description":"CIUDAD DE M\u00c9XICO. MX. \u2014 El gobierno del presidente Andr\u00e9s Manuel L\u00f3pez Obrador (AMLO) confirm\u00f3 que van dos detenidos por el asesinato del periodista Heber En Sonora en Equipo publicamos toda la informaci\u00f3n de Sonora, M\u00e9xico y el Mundo de manera oportuna y busca que la libertad de expresi\u00f3n sea real. Visita nuestro medio informativo publicado desde Hermosillo, Sonora. %","og_url":"https:\/\/www.sonoraenequipo.com.mx\/van-dos-detenidos-por-asesinato-del-periodista-heber-lopez-confirma-gobierno-de-amlo\/","og_site_name":"Sonora en Equipo.","article_publisher":"https:\/\/www.facebook.com\/SonoraEE\/","article_author":"https:\/\/www.facebook.com\/SonoraEE","article_published_time":"2022-02-12T17:38:42+00:00","article_modified_time":"2022-02-12T20:56:46+00:00","og_image":[{"width":700,"height":400,"url":"https:\/\/www.sonoraenequipo.com.mx\/storage\/2022\/02\/detenidos-por-asesinato-de-periodista_opt.jpg","type":"image\/jpeg"}],"author":"enequipo","twitter_card":"summary_large_image","twitter_creator":"@sonoraenequipo","twitter_site":"@sonoraenequipo","twitter_misc":{"Escrito por":"enequipo","Tiempo de lectura":"3 minutos"},"schema":{"@context":"https:\/\/schema.org","@graph":[{"@type":"Article","@id":"https:\/\/www.sonoraenequipo.com.mx\/van-dos-detenidos-por-asesinato-del-periodista-heber-lopez-confirma-gobierno-de-amlo\/#article","isPartOf":{"@id":"https:\/\/www.sonoraenequipo.com.mx\/van-dos-detenidos-por-asesinato-del-periodista-heber-lopez-confirma-gobierno-de-amlo\/"},"author":{"name":"enequipo","@id":"https:\/\/www.sonoraenequipo.com.mx\/#\/schema\/person\/50102df0fb23a8fa9e8effad8fa81386"},"headline":"Van dos detenidos por asesinato del periodista Heber L\u00f3pez, confirma Gobierno de AMLO","datePublished":"2022-02-12T17:38:42+00:00","dateModified":"2022-02-12T20:56:46+00:00","mainEntityOfPage":{"@id":"https:\/\/www.sonoraenequipo.com.mx\/van-dos-detenidos-por-asesinato-del-periodista-heber-lopez-confirma-gobierno-de-amlo\/"},"wordCount":575,"commentCount":0,"publisher":{"@id":"https:\/\/www.sonoraenequipo.com.mx\/#organization"},"image":{"@id":"https:\/\/www.sonoraenequipo.com.mx\/van-dos-detenidos-por-asesinato-del-periodista-heber-lopez-confirma-gobierno-de-amlo\/#primaryimage"},"thumbnailUrl":"https:\/\/www.sonoraenequipo.com.mx\/storage\/2022\/02\/detenidos-por-asesinato-de-periodista_opt.jpg","articleSection":["Rep\u00fablica"],"inLanguage":"es","potentialAction":[{"@type":"CommentAction","name":"Comment","target":["https:\/\/www.sonoraenequipo.com.mx\/van-dos-detenidos-por-asesinato-del-periodista-heber-lopez-confirma-gobierno-de-amlo\/#respond"]}]},{"@type":"WebPage","@id":"https:\/\/www.sonoraenequipo.com.mx\/van-dos-detenidos-por-asesinato-del-periodista-heber-lopez-confirma-gobierno-de-amlo\/","url":"https:\/\/www.sonoraenequipo.com.mx\/van-dos-detenidos-por-asesinato-del-periodista-heber-lopez-confirma-gobierno-de-amlo\/","name":"Sonora en Equipo. Van dos detenidos por asesinato del periodista Heber L\u00f3pez, confirma Gobierno de AMLO Rep\u00fablica","isPartOf":{"@id":"https:\/\/www.sonoraenequipo.com.mx\/#website"},"primaryImageOfPage":{"@id":"https:\/\/www.sonoraenequipo.com.mx\/van-dos-detenidos-por-asesinato-del-periodista-heber-lopez-confirma-gobierno-de-amlo\/#primaryimage"},"image":{"@id":"https:\/\/www.sonoraenequipo.com.mx\/van-dos-detenidos-por-asesinato-del-periodista-heber-lopez-confirma-gobierno-de-amlo\/#primaryimage"},"thumbnailUrl":"https:\/\/www.sonoraenequipo.com.mx\/storage\/2022\/02\/detenidos-por-asesinato-de-periodista_opt.jpg","datePublished":"2022-02-12T17:38:42+00:00","dateModified":"2022-02-12T20:56:46+00:00","description":"CIUDAD DE M\u00c9XICO. MX. \u2014 El gobierno del presidente Andr\u00e9s Manuel L\u00f3pez Obrador (AMLO) confirm\u00f3 que van dos detenidos por el asesinato del periodista Heber En Sonora en Equipo publicamos toda la informaci\u00f3n de Sonora, M\u00e9xico y el Mundo de manera oportuna y busca que la libertad de expresi\u00f3n sea real. Visita nuestro medio informativo publicado desde Hermosillo, Sonora. %","breadcrumb":{"@id":"https:\/\/www.sonoraenequipo.com.mx\/van-dos-detenidos-por-asesinato-del-periodista-heber-lopez-confirma-gobierno-de-amlo\/#breadcrumb"},"inLanguage":"es","potentialAction":[{"@type":"ReadAction","target":["https:\/\/www.sonoraenequipo.com.mx\/van-dos-detenidos-por-asesinato-del-periodista-heber-lopez-confirma-gobierno-de-amlo\/"]}]},{"@type":"ImageObject","inLanguage":"es","@id":"https:\/\/www.sonoraenequipo.com.mx\/van-dos-detenidos-por-asesinato-del-periodista-heber-lopez-confirma-gobierno-de-amlo\/#primaryimage","url":"https:\/\/www.sonoraenequipo.com.mx\/storage\/2022\/02\/detenidos-por-asesinato-de-periodista_opt.jpg","contentUrl":"https:\/\/www.sonoraenequipo.com.mx\/storage\/2022\/02\/detenidos-por-asesinato-de-periodista_opt.jpg","width":700,"height":400},{"@type":"BreadcrumbList","@id":"https:\/\/www.sonoraenequipo.com.mx\/van-dos-detenidos-por-asesinato-del-periodista-heber-lopez-confirma-gobierno-de-amlo\/#breadcrumb","itemListElement":[{"@type":"ListItem","position":1,"name":"Portada","item":"https:\/\/www.sonoraenequipo.com.mx\/"},{"@type":"ListItem","position":2,"name":"Van dos detenidos por asesinato del periodista Heber L\u00f3pez, confirma Gobierno de AMLO"}]},{"@type":"WebSite","@id":"https:\/\/www.sonoraenequipo.com.mx\/#website","url":"https:\/\/www.sonoraenequipo.com.mx\/","name":"Sonora en Equipo.","description":"Diario en l\u00ednea con Noticias desde Hermosillo, Sonora","publisher":{"@id":"https:\/\/www.sonoraenequipo.com.mx\/#organization"},"potentialAction":[{"@type":"SearchAction","target":{"@type":"EntryPoint","urlTemplate":"https:\/\/www.sonoraenequipo.com.mx\/?s={search_term_string}"},"query-input":{"@type":"PropertyValueSpecification","valueRequired":true,"valueName":"search_term_string"}}],"inLanguage":"es"},{"@type":"Organization","@id":"https:\/\/www.sonoraenequipo.com.mx\/#organization","name":"Sonoraenequipo.com.mx","url":"https:\/\/www.sonoraenequipo.com.mx\/","logo":{"@type":"ImageObject","inLanguage":"es","@id":"https:\/\/www.sonoraenequipo.com.mx\/#\/schema\/logo\/image\/","url":"https:\/\/www.sonoraenequipo.com.mx\/storage\/2019\/01\/sonoraenequipo_opt.png","contentUrl":"https:\/\/www.sonoraenequipo.com.mx\/storage\/2019\/01\/sonoraenequipo_opt.png","width":375,"height":125,"caption":"Sonoraenequipo.com.mx"},"image":{"@id":"https:\/\/www.sonoraenequipo.com.mx\/#\/schema\/logo\/image\/"},"sameAs":["https:\/\/www.facebook.com\/SonoraEE\/","https:\/\/x.com\/sonoraenequipo","https:\/\/www.youtube.com\/channel\/UC338nW-lPEYmJQs4ZABQ1SQ"]},{"@type":"Person","@id":"https:\/\/www.sonoraenequipo.com.mx\/#\/schema\/person\/50102df0fb23a8fa9e8effad8fa81386","name":"enequipo","image":{"@type":"ImageObject","inLanguage":"es","@id":"https:\/\/www.sonoraenequipo.com.mx\/#\/schema\/person\/image\/","url":"https:\/\/secure.gravatar.com\/avatar\/049821681b589dabc0bc20695993ccebb09f5b5d4d790cd9251b97faac7c652b?s=96&d=blank&r=g","contentUrl":"https:\/\/secure.gravatar.com\/avatar\/049821681b589dabc0bc20695993ccebb09f5b5d4d790cd9251b97faac7c652b?s=96&d=blank&r=g","caption":"enequipo"},"sameAs":["https:\/\/www.facebook.com\/SonoraEE"]}]}},"jetpack_featured_media_url":"https:\/\/www.sonoraenequipo.com.mx\/storage\/2022\/02\/detenidos-por-asesinato-de-periodista_opt.jpg","_links":{"self":[{"href":"https:\/\/www.sonoraenequipo.com.mx\/api\/wp\/v2\/posts\/133010","targetHints":{"allow":["GET"]}}],"collection":[{"href":"https:\/\/www.sonoraenequipo.com.mx\/api\/wp\/v2\/posts"}],"about":[{"href":"https:\/\/www.sonoraenequipo.com.mx\/api\/wp\/v2\/types\/post"}],"author":[{"embeddable":true,"href":"https:\/\/www.sonoraenequipo.com.mx\/api\/wp\/v2\/users\/1"}],"replies":[{"embeddable":true,"href":"https:\/\/www.sonoraenequipo.com.mx\/api\/wp\/v2\/comments?post=133010"}],"version-history":[{"count":1,"href":"https:\/\/www.sonoraenequipo.com.mx\/api\/wp\/v2\/posts\/133010\/revisions"}],"predecessor-version":[{"id":133012,"href":"https:\/\/www.sonoraenequipo.com.mx\/api\/wp\/v2\/posts\/133010\/revisions\/133012"}],"wp:featuredmedia":[{"embeddable":true,"href":"https:\/\/www.sonoraenequipo.com.mx\/api\/wp\/v2\/media\/133011"}],"wp:attachment":[{"href":"https:\/\/www.sonoraenequipo.com.mx\/api\/wp\/v2\/media?parent=133010"}],"wp:term":[{"taxonomy":"category","embeddable":true,"href":"https:\/\/www.sonoraenequipo.com.mx\/api\/wp\/v2\/categories?post=133010"},{"taxonomy":"post_tag","embeddable":true,"href":"https:\/\/www.sonoraenequipo.com.mx\/api\/wp\/v2\/tags?post=133010"}],"curies":[{"name":"wp","href":"https:\/\/api.w.org\/{rel}","templated":true}]}}