{"id":133013,"date":"2022-02-11T23:00:37","date_gmt":"2022-02-12T06:00:37","guid":{"rendered":"https:\/\/www.sonoraenequipo.com.mx\/?p=133013"},"modified":"2022-02-12T14:23:52","modified_gmt":"2022-02-12T21:23:52","slug":"juez-en-canada-ordena-a-manifestantes-poner-fin-a-bloqueo-en-frontera-con-eeuu","status":"publish","type":"post","link":"https:\/\/www.sonoraenequipo.com.mx\/juez-en-canada-ordena-a-manifestantes-poner-fin-a-bloqueo-en-frontera-con-eeuu\/","title":{"rendered":"Juez en Canad\u00e1 ordena a manifestantes poner fin a bloqueo en frontera con EEUU"},"content":{"rendered":"<p>CANAD\u00c1. \u2014 Un juez de Canad\u00e1 orden\u00f3 a los manifestantes que se encuentran en el Puente Ambassador, en la frontera con Estados Unidos, que pongan fin al bloqueo que desde hace cinco d\u00edas ha interrumpido el tr\u00e1nsito de bienes entre ambos pa\u00edses y ha obligado a la industria automotriz de ambos lados a reducir la producci\u00f3n.<\/p>\n<p>&nbsp;<\/p>\n<p> <\/p>\n<p>&nbsp;<\/p>\n<p>Se desconoce de momento cu\u00e1ndo o si se enviar\u00e1n polic\u00edas a retirar a los inconformes, que estacionaron sus pickups y otros veh\u00edculos en protesta contra las restricciones impuestas en el pa\u00eds por la pandemia.<\/p>\n<p>&nbsp;<\/p>\n<p>El magistrado presidente Geoffrey Morawetz, de la Corte Superior de Ontario, dijo durante una audiencia virtual que la orden ser\u00eda efectiva a partir de las 19:00 horas a fin de dar a los manifestantes tiempo para que se retiren.<\/p>\n<p>&nbsp;<\/p>\n<p>La polic\u00eda de Windsor advirti\u00f3 de inmediato que cualquier persona que bloquee las calles podr\u00eda ser detenida y sus veh\u00edculos podr\u00edan ser incautados.<\/p>\n<p>&nbsp;<\/p>\n<p>Desde el lunes, los conductores, en su mayor\u00eda en pickups, han bloqueado el puente que conecta Windsor con Detroit. Otros cientos de camioneros han paralizado el centro de Ottawa en las \u00faltimas dos semanas. Adem\u00e1s, los manifestantes bloquean otros dos pasos fronterizos, en Alberta y Manitoba.<\/p>\n<p>&nbsp;<\/p>\n<p>La decisi\u00f3n del magistrado se produjo tras una audiencia judicial de cuatro horas y media en la que la ciudad de Windsor y los abogados de los fabricantes de autopartes argumentaron que el bloqueo estaba causando un da\u00f1o econ\u00f3mico indebido a la ciudad y a la regi\u00f3n.<\/p>\n<p>&nbsp;<\/p>\n<p>Los partidarios de los manifestantes, algunos de ellos camioneros, argumentaron que una orden de retirada atentar\u00eda contra su derecho a protestar pac\u00edficamente contra los mandatos de vacunaci\u00f3n que dificultan su posibilidad de ganarse la vida.<\/p>\n<p>&nbsp;<\/p>\n<p>El fallo se produjo en un d\u00eda de r\u00e1pidos desarrollos en el que funcionarios federales, provinciales y locales trabajaron en simult\u00e1neo en diferentes frentes para tratar de disipar la crisis con el llamado Convoy de la Libertad, cuyos miembros han sido vitoreados por la derecha en Estados Unidos, incluyendo personalidades de Fox News, Donald Trump y el senador de Texas, Ted Cruz.<\/p>\n<p>&nbsp;<\/p>\n<p><em>\u201cEsta actividad ilegal tiene que terminar y terminar\u00e1. Los hemos escuchado. Es hora de volver a casa\u201d<\/em>, advirti\u00f3 horas antes el primer ministro canadiense Justin Trudeau.<\/p>\n<p>&nbsp;<\/p>\n<p>(Publicada el 11\/02\/2022 \/ Con informaci\u00f3n de AP)<\/p>\n","protected":false},"excerpt":{"rendered":"<p>CANAD\u00c1. \u2014 Un juez de Canad\u00e1 orden\u00f3 a los manifestantes que se encuentran en el&#8230;<\/p>\n","protected":false},"author":1,"featured_media":133014,"comment_status":"open","ping_status":"open","sticky":false,"template":"","format":"standard","meta":{"_monsterinsights_skip_tracking":false,"_monsterinsights_sitenote_active":false,"_monsterinsights_sitenote_note":"","_monsterinsights_sitenote_category":0,"footnotes":""},"categories":[3],"tags":[],"class_list":["post"],"yoast_head":" \n<title>Sonora en Equipo. Juez en Canad\u00e1 ordena a manifestantes poner fin a bloqueo en frontera con EEUU MUNDO<\/title>\n<meta name=\"description\" content=\"CANAD\u00c1. \u2014 Un juez de Canad\u00e1 orden\u00f3 a los manifestantes que se encuentran en el Puente Ambassador, en la frontera con Estados Unidos, que pongan fin al En Sonora en Equipo publicamos toda la informaci\u00f3n de Sonora, M\u00e9xico y el Mundo de manera oportuna y busca que la libertad de expresi\u00f3n sea real. Visita nuestro medio informativo publicado desde Hermosillo, Sonora. %\" \/>\n<meta name=\"robots\" content=\"index, follow, max-snippet:-1, max-image-preview:large, max-video-preview:-1\" \/>\n<link rel=\"canonical\" href=\"https:\/\/www.sonoraenequipo.com.mx\/juez-en-canada-ordena-a-manifestantes-poner-fin-a-bloqueo-en-frontera-con-eeuu\/\" \/>\n<meta property=\"og:locale\" content=\"es_ES\" \/>\n<meta property=\"og:type\" content=\"article\" \/>\n<meta property=\"og:title\" content=\"Sonora en Equipo. Juez en Canad\u00e1 ordena a manifestantes poner fin a bloqueo en frontera con EEUU MUNDO\" \/>\n<meta property=\"og:description\" content=\"CANAD\u00c1. \u2014 Un juez de Canad\u00e1 orden\u00f3 a los manifestantes que se encuentran en el Puente Ambassador, en la frontera con Estados Unidos, que pongan fin al En Sonora en Equipo publicamos toda la informaci\u00f3n de Sonora, M\u00e9xico y el Mundo de manera oportuna y busca que la libertad de expresi\u00f3n sea real. Visita nuestro medio informativo publicado desde Hermosillo, Sonora. %\" \/>\n<meta property=\"og:url\" content=\"https:\/\/www.sonoraenequipo.com.mx\/juez-en-canada-ordena-a-manifestantes-poner-fin-a-bloqueo-en-frontera-con-eeuu\/\" \/>\n<meta property=\"og:site_name\" content=\"Sonora en Equipo.\" \/>\n<meta property=\"article:publisher\" content=\"https:\/\/www.facebook.com\/SonoraEE\/\" \/>\n<meta property=\"article:author\" content=\"https:\/\/www.facebook.com\/SonoraEE\" \/>\n<meta property=\"article:published_time\" content=\"2022-02-12T06:00:37+00:00\" \/>\n<meta property=\"article:modified_time\" content=\"2022-02-12T21:23:52+00:00\" \/>\n<meta property=\"og:image\" content=\"https:\/\/www.sonoraenequipo.com.mx\/storage\/2022\/02\/bloqueo-en-frontera-Canada-Estados-Unidos_opt.jpg\" \/>\n\t<meta property=\"og:image:width\" content=\"700\" \/>\n\t<meta property=\"og:image:height\" content=\"405\" \/>\n\t<meta property=\"og:image:type\" content=\"image\/jpeg\" \/>\n<meta name=\"author\" content=\"enequipo\" \/>\n<meta name=\"twitter:card\" content=\"summary_large_image\" \/>\n<meta name=\"twitter:creator\" content=\"@sonoraenequipo\" \/>\n<meta name=\"twitter:site\" content=\"@sonoraenequipo\" \/>\n<meta name=\"twitter:label1\" content=\"Escrito por\" \/>\n\t<meta name=\"twitter:data1\" content=\"enequipo\" \/>\n\t<meta name=\"twitter:label2\" content=\"Tiempo de lectura\" \/>\n\t<meta name=\"twitter:data2\" content=\"2 minutos\" \/>\n<script type=\"application\/ld+json\" class=\"yoast-schema-graph\">{\"@context\":\"https:\/\/schema.org\",\"@graph\":[{\"@type\":\"Article\",\"@id\":\"https:\/\/www.sonoraenequipo.com.mx\/juez-en-canada-ordena-a-manifestantes-poner-fin-a-bloqueo-en-frontera-con-eeuu\/#article\",\"isPartOf\":{\"@id\":\"https:\/\/www.sonoraenequipo.com.mx\/juez-en-canada-ordena-a-manifestantes-poner-fin-a-bloqueo-en-frontera-con-eeuu\/\"},\"author\":{\"name\":\"enequipo\",\"@id\":\"https:\/\/www.sonoraenequipo.com.mx\/#\/schema\/person\/50102df0fb23a8fa9e8effad8fa81386\"},\"headline\":\"Juez en Canad\u00e1 ordena a manifestantes poner fin a bloqueo en frontera con EEUU\",\"datePublished\":\"2022-02-12T06:00:37+00:00\",\"dateModified\":\"2022-02-12T21:23:52+00:00\",\"mainEntityOfPage\":{\"@id\":\"https:\/\/www.sonoraenequipo.com.mx\/juez-en-canada-ordena-a-manifestantes-poner-fin-a-bloqueo-en-frontera-con-eeuu\/\"},\"wordCount\":423,\"commentCount\":0,\"publisher\":{\"@id\":\"https:\/\/www.sonoraenequipo.com.mx\/#organization\"},\"image\":{\"@id\":\"https:\/\/www.sonoraenequipo.com.mx\/juez-en-canada-ordena-a-manifestantes-poner-fin-a-bloqueo-en-frontera-con-eeuu\/#primaryimage\"},\"thumbnailUrl\":\"https:\/\/www.sonoraenequipo.com.mx\/storage\/2022\/02\/bloqueo-en-frontera-Canada-Estados-Unidos_opt.jpg\",\"articleSection\":[\"MUNDO\"],\"inLanguage\":\"es\",\"potentialAction\":[{\"@type\":\"CommentAction\",\"name\":\"Comment\",\"target\":[\"https:\/\/www.sonoraenequipo.com.mx\/juez-en-canada-ordena-a-manifestantes-poner-fin-a-bloqueo-en-frontera-con-eeuu\/#respond\"]}]},{\"@type\":\"WebPage\",\"@id\":\"https:\/\/www.sonoraenequipo.com.mx\/juez-en-canada-ordena-a-manifestantes-poner-fin-a-bloqueo-en-frontera-con-eeuu\/\",\"url\":\"https:\/\/www.sonoraenequipo.com.mx\/juez-en-canada-ordena-a-manifestantes-poner-fin-a-bloqueo-en-frontera-con-eeuu\/\",\"name\":\"Sonora en Equipo. Juez en Canad\u00e1 ordena a manifestantes poner fin a bloqueo en frontera con EEUU MUNDO\",\"isPartOf\":{\"@id\":\"https:\/\/www.sonoraenequipo.com.mx\/#website\"},\"primaryImageOfPage\":{\"@id\":\"https:\/\/www.sonoraenequipo.com.mx\/juez-en-canada-ordena-a-manifestantes-poner-fin-a-bloqueo-en-frontera-con-eeuu\/#primaryimage\"},\"image\":{\"@id\":\"https:\/\/www.sonoraenequipo.com.mx\/juez-en-canada-ordena-a-manifestantes-poner-fin-a-bloqueo-en-frontera-con-eeuu\/#primaryimage\"},\"thumbnailUrl\":\"https:\/\/www.sonoraenequipo.com.mx\/storage\/2022\/02\/bloqueo-en-frontera-Canada-Estados-Unidos_opt.jpg\",\"datePublished\":\"2022-02-12T06:00:37+00:00\",\"dateModified\":\"2022-02-12T21:23:52+00:00\",\"description\":\"CANAD\u00c1. \u2014 Un juez de Canad\u00e1 orden\u00f3 a los manifestantes que se encuentran en el Puente Ambassador, en la frontera con Estados Unidos, que pongan fin al En Sonora en Equipo publicamos toda la informaci\u00f3n de Sonora, M\u00e9xico y el Mundo de manera oportuna y busca que la libertad de expresi\u00f3n sea real. Visita nuestro medio informativo publicado desde Hermosillo, Sonora. %\",\"breadcrumb\":{\"@id\":\"https:\/\/www.sonoraenequipo.com.mx\/juez-en-canada-ordena-a-manifestantes-poner-fin-a-bloqueo-en-frontera-con-eeuu\/#breadcrumb\"},\"inLanguage\":\"es\",\"potentialAction\":[{\"@type\":\"ReadAction\",\"target\":[\"https:\/\/www.sonoraenequipo.com.mx\/juez-en-canada-ordena-a-manifestantes-poner-fin-a-bloqueo-en-frontera-con-eeuu\/\"]}]},{\"@type\":\"ImageObject\",\"inLanguage\":\"es\",\"@id\":\"https:\/\/www.sonoraenequipo.com.mx\/juez-en-canada-ordena-a-manifestantes-poner-fin-a-bloqueo-en-frontera-con-eeuu\/#primaryimage\",\"url\":\"https:\/\/www.sonoraenequipo.com.mx\/storage\/2022\/02\/bloqueo-en-frontera-Canada-Estados-Unidos_opt.jpg\",\"contentUrl\":\"https:\/\/www.sonoraenequipo.com.mx\/storage\/2022\/02\/bloqueo-en-frontera-Canada-Estados-Unidos_opt.jpg\",\"width\":700,\"height\":405},{\"@type\":\"BreadcrumbList\",\"@id\":\"https:\/\/www.sonoraenequipo.com.mx\/juez-en-canada-ordena-a-manifestantes-poner-fin-a-bloqueo-en-frontera-con-eeuu\/#breadcrumb\",\"itemListElement\":[{\"@type\":\"ListItem\",\"position\":1,\"name\":\"Portada\",\"item\":\"https:\/\/www.sonoraenequipo.com.mx\/\"},{\"@type\":\"ListItem\",\"position\":2,\"name\":\"Juez en Canad\u00e1 ordena a manifestantes poner fin a bloqueo en frontera con EEUU\"}]},{\"@type\":\"WebSite\",\"@id\":\"https:\/\/www.sonoraenequipo.com.mx\/#website\",\"url\":\"https:\/\/www.sonoraenequipo.com.mx\/\",\"name\":\"Sonora en Equipo.\",\"description\":\"Diario en l\u00ednea con Noticias desde Hermosillo, Sonora\",\"publisher\":{\"@id\":\"https:\/\/www.sonoraenequipo.com.mx\/#organization\"},\"potentialAction\":[{\"@type\":\"SearchAction\",\"target\":{\"@type\":\"EntryPoint\",\"urlTemplate\":\"https:\/\/www.sonoraenequipo.com.mx\/?s={search_term_string}\"},\"query-input\":{\"@type\":\"PropertyValueSpecification\",\"valueRequired\":true,\"valueName\":\"search_term_string\"}}],\"inLanguage\":\"es\"},{\"@type\":\"Organization\",\"@id\":\"https:\/\/www.sonoraenequipo.com.mx\/#organization\",\"name\":\"Sonoraenequipo.com.mx\",\"url\":\"https:\/\/www.sonoraenequipo.com.mx\/\",\"logo\":{\"@type\":\"ImageObject\",\"inLanguage\":\"es\",\"@id\":\"https:\/\/www.sonoraenequipo.com.mx\/#\/schema\/logo\/image\/\",\"url\":\"https:\/\/www.sonoraenequipo.com.mx\/storage\/2019\/01\/sonoraenequipo_opt.png\",\"contentUrl\":\"https:\/\/www.sonoraenequipo.com.mx\/storage\/2019\/01\/sonoraenequipo_opt.png\",\"width\":375,\"height\":125,\"caption\":\"Sonoraenequipo.com.mx\"},\"image\":{\"@id\":\"https:\/\/www.sonoraenequipo.com.mx\/#\/schema\/logo\/image\/\"},\"sameAs\":[\"https:\/\/www.facebook.com\/SonoraEE\/\",\"https:\/\/x.com\/sonoraenequipo\",\"https:\/\/www.youtube.com\/channel\/UC338nW-lPEYmJQs4ZABQ1SQ\"]},{\"@type\":\"Person\",\"@id\":\"https:\/\/www.sonoraenequipo.com.mx\/#\/schema\/person\/50102df0fb23a8fa9e8effad8fa81386\",\"name\":\"enequipo\",\"image\":{\"@type\":\"ImageObject\",\"inLanguage\":\"es\",\"@id\":\"https:\/\/www.sonoraenequipo.com.mx\/#\/schema\/person\/image\/\",\"url\":\"https:\/\/secure.gravatar.com\/avatar\/049821681b589dabc0bc20695993ccebb09f5b5d4d790cd9251b97faac7c652b?s=96&d=blank&r=g\",\"contentUrl\":\"https:\/\/secure.gravatar.com\/avatar\/049821681b589dabc0bc20695993ccebb09f5b5d4d790cd9251b97faac7c652b?s=96&d=blank&r=g\",\"caption\":\"enequipo\"},\"sameAs\":[\"https:\/\/www.facebook.com\/SonoraEE\"]}]}<\/script>\n ","yoast_head_json":{"title":"Sonora en Equipo. Juez en Canad\u00e1 ordena a manifestantes poner fin a bloqueo en frontera con EEUU MUNDO","description":"CANAD\u00c1. \u2014 Un juez de Canad\u00e1 orden\u00f3 a los manifestantes que se encuentran en el Puente Ambassador, en la frontera con Estados Unidos, que pongan fin al En Sonora en Equipo publicamos toda la informaci\u00f3n de Sonora, M\u00e9xico y el Mundo de manera oportuna y busca que la libertad de expresi\u00f3n sea real. Visita nuestro medio informativo publicado desde Hermosillo, Sonora. %","robots":{"index":"index","follow":"follow","max-snippet":"max-snippet:-1","max-image-preview":"max-image-preview:large","max-video-preview":"max-video-preview:-1"},"canonical":"https:\/\/www.sonoraenequipo.com.mx\/juez-en-canada-ordena-a-manifestantes-poner-fin-a-bloqueo-en-frontera-con-eeuu\/","og_locale":"es_ES","og_type":"article","og_title":"Sonora en Equipo. Juez en Canad\u00e1 ordena a manifestantes poner fin a bloqueo en frontera con EEUU MUNDO","og_description":"CANAD\u00c1. \u2014 Un juez de Canad\u00e1 orden\u00f3 a los manifestantes que se encuentran en el Puente Ambassador, en la frontera con Estados Unidos, que pongan fin al En Sonora en Equipo publicamos toda la informaci\u00f3n de Sonora, M\u00e9xico y el Mundo de manera oportuna y busca que la libertad de expresi\u00f3n sea real. Visita nuestro medio informativo publicado desde Hermosillo, Sonora. %","og_url":"https:\/\/www.sonoraenequipo.com.mx\/juez-en-canada-ordena-a-manifestantes-poner-fin-a-bloqueo-en-frontera-con-eeuu\/","og_site_name":"Sonora en Equipo.","article_publisher":"https:\/\/www.facebook.com\/SonoraEE\/","article_author":"https:\/\/www.facebook.com\/SonoraEE","article_published_time":"2022-02-12T06:00:37+00:00","article_modified_time":"2022-02-12T21:23:52+00:00","og_image":[{"width":700,"height":405,"url":"https:\/\/www.sonoraenequipo.com.mx\/storage\/2022\/02\/bloqueo-en-frontera-Canada-Estados-Unidos_opt.jpg","type":"image\/jpeg"}],"author":"enequipo","twitter_card":"summary_large_image","twitter_creator":"@sonoraenequipo","twitter_site":"@sonoraenequipo","twitter_misc":{"Escrito por":"enequipo","Tiempo de lectura":"2 minutos"},"schema":{"@context":"https:\/\/schema.org","@graph":[{"@type":"Article","@id":"https:\/\/www.sonoraenequipo.com.mx\/juez-en-canada-ordena-a-manifestantes-poner-fin-a-bloqueo-en-frontera-con-eeuu\/#article","isPartOf":{"@id":"https:\/\/www.sonoraenequipo.com.mx\/juez-en-canada-ordena-a-manifestantes-poner-fin-a-bloqueo-en-frontera-con-eeuu\/"},"author":{"name":"enequipo","@id":"https:\/\/www.sonoraenequipo.com.mx\/#\/schema\/person\/50102df0fb23a8fa9e8effad8fa81386"},"headline":"Juez en Canad\u00e1 ordena a manifestantes poner fin a bloqueo en frontera con EEUU","datePublished":"2022-02-12T06:00:37+00:00","dateModified":"2022-02-12T21:23:52+00:00","mainEntityOfPage":{"@id":"https:\/\/www.sonoraenequipo.com.mx\/juez-en-canada-ordena-a-manifestantes-poner-fin-a-bloqueo-en-frontera-con-eeuu\/"},"wordCount":423,"commentCount":0,"publisher":{"@id":"https:\/\/www.sonoraenequipo.com.mx\/#organization"},"image":{"@id":"https:\/\/www.sonoraenequipo.com.mx\/juez-en-canada-ordena-a-manifestantes-poner-fin-a-bloqueo-en-frontera-con-eeuu\/#primaryimage"},"thumbnailUrl":"https:\/\/www.sonoraenequipo.com.mx\/storage\/2022\/02\/bloqueo-en-frontera-Canada-Estados-Unidos_opt.jpg","articleSection":["MUNDO"],"inLanguage":"es","potentialAction":[{"@type":"CommentAction","name":"Comment","target":["https:\/\/www.sonoraenequipo.com.mx\/juez-en-canada-ordena-a-manifestantes-poner-fin-a-bloqueo-en-frontera-con-eeuu\/#respond"]}]},{"@type":"WebPage","@id":"https:\/\/www.sonoraenequipo.com.mx\/juez-en-canada-ordena-a-manifestantes-poner-fin-a-bloqueo-en-frontera-con-eeuu\/","url":"https:\/\/www.sonoraenequipo.com.mx\/juez-en-canada-ordena-a-manifestantes-poner-fin-a-bloqueo-en-frontera-con-eeuu\/","name":"Sonora en Equipo. Juez en Canad\u00e1 ordena a manifestantes poner fin a bloqueo en frontera con EEUU MUNDO","isPartOf":{"@id":"https:\/\/www.sonoraenequipo.com.mx\/#website"},"primaryImageOfPage":{"@id":"https:\/\/www.sonoraenequipo.com.mx\/juez-en-canada-ordena-a-manifestantes-poner-fin-a-bloqueo-en-frontera-con-eeuu\/#primaryimage"},"image":{"@id":"https:\/\/www.sonoraenequipo.com.mx\/juez-en-canada-ordena-a-manifestantes-poner-fin-a-bloqueo-en-frontera-con-eeuu\/#primaryimage"},"thumbnailUrl":"https:\/\/www.sonoraenequipo.com.mx\/storage\/2022\/02\/bloqueo-en-frontera-Canada-Estados-Unidos_opt.jpg","datePublished":"2022-02-12T06:00:37+00:00","dateModified":"2022-02-12T21:23:52+00:00","description":"CANAD\u00c1. \u2014 Un juez de Canad\u00e1 orden\u00f3 a los manifestantes que se encuentran en el Puente Ambassador, en la frontera con Estados Unidos, que pongan fin al En Sonora en Equipo publicamos toda la informaci\u00f3n de Sonora, M\u00e9xico y el Mundo de manera oportuna y busca que la libertad de expresi\u00f3n sea real. Visita nuestro medio informativo publicado desde Hermosillo, Sonora. %","breadcrumb":{"@id":"https:\/\/www.sonoraenequipo.com.mx\/juez-en-canada-ordena-a-manifestantes-poner-fin-a-bloqueo-en-frontera-con-eeuu\/#breadcrumb"},"inLanguage":"es","potentialAction":[{"@type":"ReadAction","target":["https:\/\/www.sonoraenequipo.com.mx\/juez-en-canada-ordena-a-manifestantes-poner-fin-a-bloqueo-en-frontera-con-eeuu\/"]}]},{"@type":"ImageObject","inLanguage":"es","@id":"https:\/\/www.sonoraenequipo.com.mx\/juez-en-canada-ordena-a-manifestantes-poner-fin-a-bloqueo-en-frontera-con-eeuu\/#primaryimage","url":"https:\/\/www.sonoraenequipo.com.mx\/storage\/2022\/02\/bloqueo-en-frontera-Canada-Estados-Unidos_opt.jpg","contentUrl":"https:\/\/www.sonoraenequipo.com.mx\/storage\/2022\/02\/bloqueo-en-frontera-Canada-Estados-Unidos_opt.jpg","width":700,"height":405},{"@type":"BreadcrumbList","@id":"https:\/\/www.sonoraenequipo.com.mx\/juez-en-canada-ordena-a-manifestantes-poner-fin-a-bloqueo-en-frontera-con-eeuu\/#breadcrumb","itemListElement":[{"@type":"ListItem","position":1,"name":"Portada","item":"https:\/\/www.sonoraenequipo.com.mx\/"},{"@type":"ListItem","position":2,"name":"Juez en Canad\u00e1 ordena a manifestantes poner fin a bloqueo en frontera con EEUU"}]},{"@type":"WebSite","@id":"https:\/\/www.sonoraenequipo.com.mx\/#website","url":"https:\/\/www.sonoraenequipo.com.mx\/","name":"Sonora en Equipo.","description":"Diario en l\u00ednea con Noticias desde Hermosillo, Sonora","publisher":{"@id":"https:\/\/www.sonoraenequipo.com.mx\/#organization"},"potentialAction":[{"@type":"SearchAction","target":{"@type":"EntryPoint","urlTemplate":"https:\/\/www.sonoraenequipo.com.mx\/?s={search_term_string}"},"query-input":{"@type":"PropertyValueSpecification","valueRequired":true,"valueName":"search_term_string"}}],"inLanguage":"es"},{"@type":"Organization","@id":"https:\/\/www.sonoraenequipo.com.mx\/#organization","name":"Sonoraenequipo.com.mx","url":"https:\/\/www.sonoraenequipo.com.mx\/","logo":{"@type":"ImageObject","inLanguage":"es","@id":"https:\/\/www.sonoraenequipo.com.mx\/#\/schema\/logo\/image\/","url":"https:\/\/www.sonoraenequipo.com.mx\/storage\/2019\/01\/sonoraenequipo_opt.png","contentUrl":"https:\/\/www.sonoraenequipo.com.mx\/storage\/2019\/01\/sonoraenequipo_opt.png","width":375,"height":125,"caption":"Sonoraenequipo.com.mx"},"image":{"@id":"https:\/\/www.sonoraenequipo.com.mx\/#\/schema\/logo\/image\/"},"sameAs":["https:\/\/www.facebook.com\/SonoraEE\/","https:\/\/x.com\/sonoraenequipo","https:\/\/www.youtube.com\/channel\/UC338nW-lPEYmJQs4ZABQ1SQ"]},{"@type":"Person","@id":"https:\/\/www.sonoraenequipo.com.mx\/#\/schema\/person\/50102df0fb23a8fa9e8effad8fa81386","name":"enequipo","image":{"@type":"ImageObject","inLanguage":"es","@id":"https:\/\/www.sonoraenequipo.com.mx\/#\/schema\/person\/image\/","url":"https:\/\/secure.gravatar.com\/avatar\/049821681b589dabc0bc20695993ccebb09f5b5d4d790cd9251b97faac7c652b?s=96&d=blank&r=g","contentUrl":"https:\/\/secure.gravatar.com\/avatar\/049821681b589dabc0bc20695993ccebb09f5b5d4d790cd9251b97faac7c652b?s=96&d=blank&r=g","caption":"enequipo"},"sameAs":["https:\/\/www.facebook.com\/SonoraEE"]}]}},"jetpack_featured_media_url":"https:\/\/www.sonoraenequipo.com.mx\/storage\/2022\/02\/bloqueo-en-frontera-Canada-Estados-Unidos_opt.jpg","_links":{"self":[{"href":"https:\/\/www.sonoraenequipo.com.mx\/api\/wp\/v2\/posts\/133013","targetHints":{"allow":["GET"]}}],"collection":[{"href":"https:\/\/www.sonoraenequipo.com.mx\/api\/wp\/v2\/posts"}],"about":[{"href":"https:\/\/www.sonoraenequipo.com.mx\/api\/wp\/v2\/types\/post"}],"author":[{"embeddable":true,"href":"https:\/\/www.sonoraenequipo.com.mx\/api\/wp\/v2\/users\/1"}],"replies":[{"embeddable":true,"href":"https:\/\/www.sonoraenequipo.com.mx\/api\/wp\/v2\/comments?post=133013"}],"version-history":[{"count":1,"href":"https:\/\/www.sonoraenequipo.com.mx\/api\/wp\/v2\/posts\/133013\/revisions"}],"predecessor-version":[{"id":133015,"href":"https:\/\/www.sonoraenequipo.com.mx\/api\/wp\/v2\/posts\/133013\/revisions\/133015"}],"wp:featuredmedia":[{"embeddable":true,"href":"https:\/\/www.sonoraenequipo.com.mx\/api\/wp\/v2\/media\/133014"}],"wp:attachment":[{"href":"https:\/\/www.sonoraenequipo.com.mx\/api\/wp\/v2\/media?parent=133013"}],"wp:term":[{"taxonomy":"category","embeddable":true,"href":"https:\/\/www.sonoraenequipo.com.mx\/api\/wp\/v2\/categories?post=133013"},{"taxonomy":"post_tag","embeddable":true,"href":"https:\/\/www.sonoraenequipo.com.mx\/api\/wp\/v2\/tags?post=133013"}],"curies":[{"name":"wp","href":"https:\/\/api.w.org\/{rel}","templated":true}]}}