{"id":133023,"date":"2022-02-12T07:33:01","date_gmt":"2022-02-12T14:33:01","guid":{"rendered":"https:\/\/www.sonoraenequipo.com.mx\/?p=133023"},"modified":"2022-02-12T14:45:19","modified_gmt":"2022-02-12T21:45:19","slug":"designan-a-director-de-la-policia-preventiva-de-hermosillo","status":"publish","type":"post","link":"https:\/\/www.sonoraenequipo.com.mx\/designan-a-director-de-la-policia-preventiva-de-hermosillo\/","title":{"rendered":"Designan a director de la Polic\u00eda Preventiva de Hermosillo"},"content":{"rendered":"<p>HERMOSILLO, SONORA. MX. \u2014 El comisario general de la Direcci\u00f3n de Seguridad P\u00fablica Municipal design\u00f3 a <strong>Jos\u00e9 \u00c1ngel Rom\u00e1n Rodr\u00edguez<\/strong>, director operativo de la Polic\u00eda Preventiva en Hermosillo.<\/p>\n<p>&nbsp;<\/p>\n<p> <\/p>\n<p>Manuel Emilio Hoyos D\u00edaz conmin\u00f3 al comandante a fortalecer las acciones operativas de prevenci\u00f3n para inhibir conductas delictivas y garantizar la tranquilidad de los hermosillenses.<\/p>\n<p>&nbsp;<\/p>\n<p>Con la presencia del comisario en jefe de la corporaci\u00f3n municipal Jes\u00fas Alonso Dur\u00f3n Monta\u00f1o, el director de la Polic\u00eda Preventiva ante Hoyos D\u00edaz asumi\u00f3 el compromiso de intensificar los operativos en la zona urbana y rural.<\/p>\n<p>&nbsp;<\/p>\n<p>El nuevo director operativo ingres\u00f3 a la corporaci\u00f3n municipal en el a\u00f1o de 1998, donde se ha desempe\u00f1ado en diferentes \u00e1reas de las direcciones de la Polic\u00eda Preventiva y Tr\u00e1nsito.<\/p>\n<p>&nbsp;<\/p>\n<p>Rom\u00e1n Rodr\u00edguez fue director de la Polic\u00eda de Tr\u00e1nsito Municipal en el periodo de abril del 2021 a octubre de ese mismo a\u00f1o y los \u00faltimos meses se desempe\u00f1\u00f3 como responsable de zona en la ciudad.<\/p>\n<p>&nbsp;<\/p>\n<p>&nbsp;<\/p>\n<p>(Publicada el 11\/02\/2022)<\/p>\n","protected":false},"excerpt":{"rendered":"<p>HERMOSILLO, SONORA. MX. \u2014 El comisario general de la Direcci\u00f3n de Seguridad P\u00fablica Municipal design\u00f3&#8230;<\/p>\n","protected":false},"author":1,"featured_media":133024,"comment_status":"open","ping_status":"open","sticky":false,"template":"","format":"standard","meta":{"_monsterinsights_skip_tracking":false,"_monsterinsights_sitenote_active":false,"_monsterinsights_sitenote_note":"","_monsterinsights_sitenote_category":0,"footnotes":""},"categories":[4],"tags":[],"class_list":["post"],"yoast_head":" \n<title>Sonora en Equipo. Designan a director de la Polic\u00eda Preventiva de Hermosillo Municipios<\/title>\n<meta name=\"description\" content=\"HERMOSILLO, SONORA. MX. \u2014 El comisario general de la Direcci\u00f3n de Seguridad P\u00fablica Municipal design\u00f3 a Jos\u00e9 \u00c1ngel Rom\u00e1n Rodr\u00edguez, director operativo de En Sonora en Equipo publicamos toda la informaci\u00f3n de Sonora, M\u00e9xico y el Mundo de manera oportuna y busca que la libertad de expresi\u00f3n sea real. Visita nuestro medio informativo publicado desde Hermosillo, Sonora. %\" \/>\n<meta name=\"robots\" content=\"index, follow, max-snippet:-1, max-image-preview:large, max-video-preview:-1\" \/>\n<link rel=\"canonical\" href=\"https:\/\/www.sonoraenequipo.com.mx\/designan-a-director-de-la-policia-preventiva-de-hermosillo\/\" \/>\n<meta property=\"og:locale\" content=\"es_ES\" \/>\n<meta property=\"og:type\" content=\"article\" \/>\n<meta property=\"og:title\" content=\"Sonora en Equipo. Designan a director de la Polic\u00eda Preventiva de Hermosillo Municipios\" \/>\n<meta property=\"og:description\" content=\"HERMOSILLO, SONORA. MX. \u2014 El comisario general de la Direcci\u00f3n de Seguridad P\u00fablica Municipal design\u00f3 a Jos\u00e9 \u00c1ngel Rom\u00e1n Rodr\u00edguez, director operativo de En Sonora en Equipo publicamos toda la informaci\u00f3n de Sonora, M\u00e9xico y el Mundo de manera oportuna y busca que la libertad de expresi\u00f3n sea real. Visita nuestro medio informativo publicado desde Hermosillo, Sonora. %\" \/>\n<meta property=\"og:url\" content=\"https:\/\/www.sonoraenequipo.com.mx\/designan-a-director-de-la-policia-preventiva-de-hermosillo\/\" \/>\n<meta property=\"og:site_name\" content=\"Sonora en Equipo.\" \/>\n<meta property=\"article:publisher\" content=\"https:\/\/www.facebook.com\/SonoraEE\/\" \/>\n<meta property=\"article:author\" content=\"https:\/\/www.facebook.com\/SonoraEE\" \/>\n<meta property=\"article:published_time\" content=\"2022-02-12T14:33:01+00:00\" \/>\n<meta property=\"article:modified_time\" content=\"2022-02-12T21:45:19+00:00\" \/>\n<meta property=\"og:image\" content=\"https:\/\/www.sonoraenequipo.com.mx\/storage\/2022\/02\/Designan-a-director-de-la-Policia-Preventiva-de-Hermosillo_opt.jpg\" \/>\n\t<meta property=\"og:image:width\" content=\"700\" \/>\n\t<meta property=\"og:image:height\" content=\"400\" \/>\n\t<meta property=\"og:image:type\" content=\"image\/jpeg\" \/>\n<meta name=\"author\" content=\"enequipo\" \/>\n<meta name=\"twitter:card\" content=\"summary_large_image\" \/>\n<meta name=\"twitter:creator\" content=\"@sonoraenequipo\" \/>\n<meta name=\"twitter:site\" content=\"@sonoraenequipo\" \/>\n<meta name=\"twitter:label1\" content=\"Escrito por\" \/>\n\t<meta name=\"twitter:data1\" content=\"enequipo\" \/>\n\t<meta name=\"twitter:label2\" content=\"Tiempo de lectura\" \/>\n\t<meta name=\"twitter:data2\" content=\"1 minuto\" \/>\n<script type=\"application\/ld+json\" class=\"yoast-schema-graph\">{\"@context\":\"https:\/\/schema.org\",\"@graph\":[{\"@type\":\"Article\",\"@id\":\"https:\/\/www.sonoraenequipo.com.mx\/designan-a-director-de-la-policia-preventiva-de-hermosillo\/#article\",\"isPartOf\":{\"@id\":\"https:\/\/www.sonoraenequipo.com.mx\/designan-a-director-de-la-policia-preventiva-de-hermosillo\/\"},\"author\":{\"name\":\"enequipo\",\"@id\":\"https:\/\/www.sonoraenequipo.com.mx\/#\/schema\/person\/50102df0fb23a8fa9e8effad8fa81386\"},\"headline\":\"Designan a director de la Polic\u00eda Preventiva de Hermosillo\",\"datePublished\":\"2022-02-12T14:33:01+00:00\",\"dateModified\":\"2022-02-12T21:45:19+00:00\",\"mainEntityOfPage\":{\"@id\":\"https:\/\/www.sonoraenequipo.com.mx\/designan-a-director-de-la-policia-preventiva-de-hermosillo\/\"},\"wordCount\":194,\"commentCount\":0,\"publisher\":{\"@id\":\"https:\/\/www.sonoraenequipo.com.mx\/#organization\"},\"image\":{\"@id\":\"https:\/\/www.sonoraenequipo.com.mx\/designan-a-director-de-la-policia-preventiva-de-hermosillo\/#primaryimage\"},\"thumbnailUrl\":\"https:\/\/www.sonoraenequipo.com.mx\/storage\/2022\/02\/Designan-a-director-de-la-Policia-Preventiva-de-Hermosillo_opt.jpg\",\"articleSection\":[\"Municipios\"],\"inLanguage\":\"es\",\"potentialAction\":[{\"@type\":\"CommentAction\",\"name\":\"Comment\",\"target\":[\"https:\/\/www.sonoraenequipo.com.mx\/designan-a-director-de-la-policia-preventiva-de-hermosillo\/#respond\"]}]},{\"@type\":\"WebPage\",\"@id\":\"https:\/\/www.sonoraenequipo.com.mx\/designan-a-director-de-la-policia-preventiva-de-hermosillo\/\",\"url\":\"https:\/\/www.sonoraenequipo.com.mx\/designan-a-director-de-la-policia-preventiva-de-hermosillo\/\",\"name\":\"Sonora en Equipo. Designan a director de la Polic\u00eda Preventiva de Hermosillo Municipios\",\"isPartOf\":{\"@id\":\"https:\/\/www.sonoraenequipo.com.mx\/#website\"},\"primaryImageOfPage\":{\"@id\":\"https:\/\/www.sonoraenequipo.com.mx\/designan-a-director-de-la-policia-preventiva-de-hermosillo\/#primaryimage\"},\"image\":{\"@id\":\"https:\/\/www.sonoraenequipo.com.mx\/designan-a-director-de-la-policia-preventiva-de-hermosillo\/#primaryimage\"},\"thumbnailUrl\":\"https:\/\/www.sonoraenequipo.com.mx\/storage\/2022\/02\/Designan-a-director-de-la-Policia-Preventiva-de-Hermosillo_opt.jpg\",\"datePublished\":\"2022-02-12T14:33:01+00:00\",\"dateModified\":\"2022-02-12T21:45:19+00:00\",\"description\":\"HERMOSILLO, SONORA. MX. \u2014 El comisario general de la Direcci\u00f3n de Seguridad P\u00fablica Municipal design\u00f3 a Jos\u00e9 \u00c1ngel Rom\u00e1n Rodr\u00edguez, director operativo de En Sonora en Equipo publicamos toda la informaci\u00f3n de Sonora, M\u00e9xico y el Mundo de manera oportuna y busca que la libertad de expresi\u00f3n sea real. Visita nuestro medio informativo publicado desde Hermosillo, Sonora. %\",\"breadcrumb\":{\"@id\":\"https:\/\/www.sonoraenequipo.com.mx\/designan-a-director-de-la-policia-preventiva-de-hermosillo\/#breadcrumb\"},\"inLanguage\":\"es\",\"potentialAction\":[{\"@type\":\"ReadAction\",\"target\":[\"https:\/\/www.sonoraenequipo.com.mx\/designan-a-director-de-la-policia-preventiva-de-hermosillo\/\"]}]},{\"@type\":\"ImageObject\",\"inLanguage\":\"es\",\"@id\":\"https:\/\/www.sonoraenequipo.com.mx\/designan-a-director-de-la-policia-preventiva-de-hermosillo\/#primaryimage\",\"url\":\"https:\/\/www.sonoraenequipo.com.mx\/storage\/2022\/02\/Designan-a-director-de-la-Policia-Preventiva-de-Hermosillo_opt.jpg\",\"contentUrl\":\"https:\/\/www.sonoraenequipo.com.mx\/storage\/2022\/02\/Designan-a-director-de-la-Policia-Preventiva-de-Hermosillo_opt.jpg\",\"width\":700,\"height\":400},{\"@type\":\"BreadcrumbList\",\"@id\":\"https:\/\/www.sonoraenequipo.com.mx\/designan-a-director-de-la-policia-preventiva-de-hermosillo\/#breadcrumb\",\"itemListElement\":[{\"@type\":\"ListItem\",\"position\":1,\"name\":\"Portada\",\"item\":\"https:\/\/www.sonoraenequipo.com.mx\/\"},{\"@type\":\"ListItem\",\"position\":2,\"name\":\"Designan a director de la Polic\u00eda Preventiva de Hermosillo\"}]},{\"@type\":\"WebSite\",\"@id\":\"https:\/\/www.sonoraenequipo.com.mx\/#website\",\"url\":\"https:\/\/www.sonoraenequipo.com.mx\/\",\"name\":\"Sonora en Equipo.\",\"description\":\"Diario en l\u00ednea con Noticias desde Hermosillo, Sonora\",\"publisher\":{\"@id\":\"https:\/\/www.sonoraenequipo.com.mx\/#organization\"},\"potentialAction\":[{\"@type\":\"SearchAction\",\"target\":{\"@type\":\"EntryPoint\",\"urlTemplate\":\"https:\/\/www.sonoraenequipo.com.mx\/?s={search_term_string}\"},\"query-input\":{\"@type\":\"PropertyValueSpecification\",\"valueRequired\":true,\"valueName\":\"search_term_string\"}}],\"inLanguage\":\"es\"},{\"@type\":\"Organization\",\"@id\":\"https:\/\/www.sonoraenequipo.com.mx\/#organization\",\"name\":\"Sonoraenequipo.com.mx\",\"url\":\"https:\/\/www.sonoraenequipo.com.mx\/\",\"logo\":{\"@type\":\"ImageObject\",\"inLanguage\":\"es\",\"@id\":\"https:\/\/www.sonoraenequipo.com.mx\/#\/schema\/logo\/image\/\",\"url\":\"https:\/\/www.sonoraenequipo.com.mx\/storage\/2019\/01\/sonoraenequipo_opt.png\",\"contentUrl\":\"https:\/\/www.sonoraenequipo.com.mx\/storage\/2019\/01\/sonoraenequipo_opt.png\",\"width\":375,\"height\":125,\"caption\":\"Sonoraenequipo.com.mx\"},\"image\":{\"@id\":\"https:\/\/www.sonoraenequipo.com.mx\/#\/schema\/logo\/image\/\"},\"sameAs\":[\"https:\/\/www.facebook.com\/SonoraEE\/\",\"https:\/\/x.com\/sonoraenequipo\",\"https:\/\/www.youtube.com\/channel\/UC338nW-lPEYmJQs4ZABQ1SQ\"]},{\"@type\":\"Person\",\"@id\":\"https:\/\/www.sonoraenequipo.com.mx\/#\/schema\/person\/50102df0fb23a8fa9e8effad8fa81386\",\"name\":\"enequipo\",\"image\":{\"@type\":\"ImageObject\",\"inLanguage\":\"es\",\"@id\":\"https:\/\/www.sonoraenequipo.com.mx\/#\/schema\/person\/image\/\",\"url\":\"https:\/\/secure.gravatar.com\/avatar\/049821681b589dabc0bc20695993ccebb09f5b5d4d790cd9251b97faac7c652b?s=96&d=blank&r=g\",\"contentUrl\":\"https:\/\/secure.gravatar.com\/avatar\/049821681b589dabc0bc20695993ccebb09f5b5d4d790cd9251b97faac7c652b?s=96&d=blank&r=g\",\"caption\":\"enequipo\"},\"sameAs\":[\"https:\/\/www.facebook.com\/SonoraEE\"]}]}<\/script>\n ","yoast_head_json":{"title":"Sonora en Equipo. Designan a director de la Polic\u00eda Preventiva de Hermosillo Municipios","description":"HERMOSILLO, SONORA. MX. \u2014 El comisario general de la Direcci\u00f3n de Seguridad P\u00fablica Municipal design\u00f3 a Jos\u00e9 \u00c1ngel Rom\u00e1n Rodr\u00edguez, director operativo de En Sonora en Equipo publicamos toda la informaci\u00f3n de Sonora, M\u00e9xico y el Mundo de manera oportuna y busca que la libertad de expresi\u00f3n sea real. Visita nuestro medio informativo publicado desde Hermosillo, Sonora. %","robots":{"index":"index","follow":"follow","max-snippet":"max-snippet:-1","max-image-preview":"max-image-preview:large","max-video-preview":"max-video-preview:-1"},"canonical":"https:\/\/www.sonoraenequipo.com.mx\/designan-a-director-de-la-policia-preventiva-de-hermosillo\/","og_locale":"es_ES","og_type":"article","og_title":"Sonora en Equipo. Designan a director de la Polic\u00eda Preventiva de Hermosillo Municipios","og_description":"HERMOSILLO, SONORA. MX. \u2014 El comisario general de la Direcci\u00f3n de Seguridad P\u00fablica Municipal design\u00f3 a Jos\u00e9 \u00c1ngel Rom\u00e1n Rodr\u00edguez, director operativo de En Sonora en Equipo publicamos toda la informaci\u00f3n de Sonora, M\u00e9xico y el Mundo de manera oportuna y busca que la libertad de expresi\u00f3n sea real. Visita nuestro medio informativo publicado desde Hermosillo, Sonora. %","og_url":"https:\/\/www.sonoraenequipo.com.mx\/designan-a-director-de-la-policia-preventiva-de-hermosillo\/","og_site_name":"Sonora en Equipo.","article_publisher":"https:\/\/www.facebook.com\/SonoraEE\/","article_author":"https:\/\/www.facebook.com\/SonoraEE","article_published_time":"2022-02-12T14:33:01+00:00","article_modified_time":"2022-02-12T21:45:19+00:00","og_image":[{"width":700,"height":400,"url":"https:\/\/www.sonoraenequipo.com.mx\/storage\/2022\/02\/Designan-a-director-de-la-Policia-Preventiva-de-Hermosillo_opt.jpg","type":"image\/jpeg"}],"author":"enequipo","twitter_card":"summary_large_image","twitter_creator":"@sonoraenequipo","twitter_site":"@sonoraenequipo","twitter_misc":{"Escrito por":"enequipo","Tiempo de lectura":"1 minuto"},"schema":{"@context":"https:\/\/schema.org","@graph":[{"@type":"Article","@id":"https:\/\/www.sonoraenequipo.com.mx\/designan-a-director-de-la-policia-preventiva-de-hermosillo\/#article","isPartOf":{"@id":"https:\/\/www.sonoraenequipo.com.mx\/designan-a-director-de-la-policia-preventiva-de-hermosillo\/"},"author":{"name":"enequipo","@id":"https:\/\/www.sonoraenequipo.com.mx\/#\/schema\/person\/50102df0fb23a8fa9e8effad8fa81386"},"headline":"Designan a director de la Polic\u00eda Preventiva de Hermosillo","datePublished":"2022-02-12T14:33:01+00:00","dateModified":"2022-02-12T21:45:19+00:00","mainEntityOfPage":{"@id":"https:\/\/www.sonoraenequipo.com.mx\/designan-a-director-de-la-policia-preventiva-de-hermosillo\/"},"wordCount":194,"commentCount":0,"publisher":{"@id":"https:\/\/www.sonoraenequipo.com.mx\/#organization"},"image":{"@id":"https:\/\/www.sonoraenequipo.com.mx\/designan-a-director-de-la-policia-preventiva-de-hermosillo\/#primaryimage"},"thumbnailUrl":"https:\/\/www.sonoraenequipo.com.mx\/storage\/2022\/02\/Designan-a-director-de-la-Policia-Preventiva-de-Hermosillo_opt.jpg","articleSection":["Municipios"],"inLanguage":"es","potentialAction":[{"@type":"CommentAction","name":"Comment","target":["https:\/\/www.sonoraenequipo.com.mx\/designan-a-director-de-la-policia-preventiva-de-hermosillo\/#respond"]}]},{"@type":"WebPage","@id":"https:\/\/www.sonoraenequipo.com.mx\/designan-a-director-de-la-policia-preventiva-de-hermosillo\/","url":"https:\/\/www.sonoraenequipo.com.mx\/designan-a-director-de-la-policia-preventiva-de-hermosillo\/","name":"Sonora en Equipo. Designan a director de la Polic\u00eda Preventiva de Hermosillo Municipios","isPartOf":{"@id":"https:\/\/www.sonoraenequipo.com.mx\/#website"},"primaryImageOfPage":{"@id":"https:\/\/www.sonoraenequipo.com.mx\/designan-a-director-de-la-policia-preventiva-de-hermosillo\/#primaryimage"},"image":{"@id":"https:\/\/www.sonoraenequipo.com.mx\/designan-a-director-de-la-policia-preventiva-de-hermosillo\/#primaryimage"},"thumbnailUrl":"https:\/\/www.sonoraenequipo.com.mx\/storage\/2022\/02\/Designan-a-director-de-la-Policia-Preventiva-de-Hermosillo_opt.jpg","datePublished":"2022-02-12T14:33:01+00:00","dateModified":"2022-02-12T21:45:19+00:00","description":"HERMOSILLO, SONORA. MX. \u2014 El comisario general de la Direcci\u00f3n de Seguridad P\u00fablica Municipal design\u00f3 a Jos\u00e9 \u00c1ngel Rom\u00e1n Rodr\u00edguez, director operativo de En Sonora en Equipo publicamos toda la informaci\u00f3n de Sonora, M\u00e9xico y el Mundo de manera oportuna y busca que la libertad de expresi\u00f3n sea real. Visita nuestro medio informativo publicado desde Hermosillo, Sonora. %","breadcrumb":{"@id":"https:\/\/www.sonoraenequipo.com.mx\/designan-a-director-de-la-policia-preventiva-de-hermosillo\/#breadcrumb"},"inLanguage":"es","potentialAction":[{"@type":"ReadAction","target":["https:\/\/www.sonoraenequipo.com.mx\/designan-a-director-de-la-policia-preventiva-de-hermosillo\/"]}]},{"@type":"ImageObject","inLanguage":"es","@id":"https:\/\/www.sonoraenequipo.com.mx\/designan-a-director-de-la-policia-preventiva-de-hermosillo\/#primaryimage","url":"https:\/\/www.sonoraenequipo.com.mx\/storage\/2022\/02\/Designan-a-director-de-la-Policia-Preventiva-de-Hermosillo_opt.jpg","contentUrl":"https:\/\/www.sonoraenequipo.com.mx\/storage\/2022\/02\/Designan-a-director-de-la-Policia-Preventiva-de-Hermosillo_opt.jpg","width":700,"height":400},{"@type":"BreadcrumbList","@id":"https:\/\/www.sonoraenequipo.com.mx\/designan-a-director-de-la-policia-preventiva-de-hermosillo\/#breadcrumb","itemListElement":[{"@type":"ListItem","position":1,"name":"Portada","item":"https:\/\/www.sonoraenequipo.com.mx\/"},{"@type":"ListItem","position":2,"name":"Designan a director de la Polic\u00eda Preventiva de Hermosillo"}]},{"@type":"WebSite","@id":"https:\/\/www.sonoraenequipo.com.mx\/#website","url":"https:\/\/www.sonoraenequipo.com.mx\/","name":"Sonora en Equipo.","description":"Diario en l\u00ednea con Noticias desde Hermosillo, Sonora","publisher":{"@id":"https:\/\/www.sonoraenequipo.com.mx\/#organization"},"potentialAction":[{"@type":"SearchAction","target":{"@type":"EntryPoint","urlTemplate":"https:\/\/www.sonoraenequipo.com.mx\/?s={search_term_string}"},"query-input":{"@type":"PropertyValueSpecification","valueRequired":true,"valueName":"search_term_string"}}],"inLanguage":"es"},{"@type":"Organization","@id":"https:\/\/www.sonoraenequipo.com.mx\/#organization","name":"Sonoraenequipo.com.mx","url":"https:\/\/www.sonoraenequipo.com.mx\/","logo":{"@type":"ImageObject","inLanguage":"es","@id":"https:\/\/www.sonoraenequipo.com.mx\/#\/schema\/logo\/image\/","url":"https:\/\/www.sonoraenequipo.com.mx\/storage\/2019\/01\/sonoraenequipo_opt.png","contentUrl":"https:\/\/www.sonoraenequipo.com.mx\/storage\/2019\/01\/sonoraenequipo_opt.png","width":375,"height":125,"caption":"Sonoraenequipo.com.mx"},"image":{"@id":"https:\/\/www.sonoraenequipo.com.mx\/#\/schema\/logo\/image\/"},"sameAs":["https:\/\/www.facebook.com\/SonoraEE\/","https:\/\/x.com\/sonoraenequipo","https:\/\/www.youtube.com\/channel\/UC338nW-lPEYmJQs4ZABQ1SQ"]},{"@type":"Person","@id":"https:\/\/www.sonoraenequipo.com.mx\/#\/schema\/person\/50102df0fb23a8fa9e8effad8fa81386","name":"enequipo","image":{"@type":"ImageObject","inLanguage":"es","@id":"https:\/\/www.sonoraenequipo.com.mx\/#\/schema\/person\/image\/","url":"https:\/\/secure.gravatar.com\/avatar\/049821681b589dabc0bc20695993ccebb09f5b5d4d790cd9251b97faac7c652b?s=96&d=blank&r=g","contentUrl":"https:\/\/secure.gravatar.com\/avatar\/049821681b589dabc0bc20695993ccebb09f5b5d4d790cd9251b97faac7c652b?s=96&d=blank&r=g","caption":"enequipo"},"sameAs":["https:\/\/www.facebook.com\/SonoraEE"]}]}},"jetpack_featured_media_url":"https:\/\/www.sonoraenequipo.com.mx\/storage\/2022\/02\/Designan-a-director-de-la-Policia-Preventiva-de-Hermosillo_opt.jpg","_links":{"self":[{"href":"https:\/\/www.sonoraenequipo.com.mx\/api\/wp\/v2\/posts\/133023","targetHints":{"allow":["GET"]}}],"collection":[{"href":"https:\/\/www.sonoraenequipo.com.mx\/api\/wp\/v2\/posts"}],"about":[{"href":"https:\/\/www.sonoraenequipo.com.mx\/api\/wp\/v2\/types\/post"}],"author":[{"embeddable":true,"href":"https:\/\/www.sonoraenequipo.com.mx\/api\/wp\/v2\/users\/1"}],"replies":[{"embeddable":true,"href":"https:\/\/www.sonoraenequipo.com.mx\/api\/wp\/v2\/comments?post=133023"}],"version-history":[{"count":1,"href":"https:\/\/www.sonoraenequipo.com.mx\/api\/wp\/v2\/posts\/133023\/revisions"}],"predecessor-version":[{"id":133026,"href":"https:\/\/www.sonoraenequipo.com.mx\/api\/wp\/v2\/posts\/133023\/revisions\/133026"}],"wp:featuredmedia":[{"embeddable":true,"href":"https:\/\/www.sonoraenequipo.com.mx\/api\/wp\/v2\/media\/133024"}],"wp:attachment":[{"href":"https:\/\/www.sonoraenequipo.com.mx\/api\/wp\/v2\/media?parent=133023"}],"wp:term":[{"taxonomy":"category","embeddable":true,"href":"https:\/\/www.sonoraenequipo.com.mx\/api\/wp\/v2\/categories?post=133023"},{"taxonomy":"post_tag","embeddable":true,"href":"https:\/\/www.sonoraenequipo.com.mx\/api\/wp\/v2\/tags?post=133023"}],"curies":[{"name":"wp","href":"https:\/\/api.w.org\/{rel}","templated":true}]}}