{"id":133028,"date":"2022-02-12T15:17:50","date_gmt":"2022-02-12T22:17:50","guid":{"rendered":"https:\/\/www.sonoraenequipo.com.mx\/?p=133028"},"modified":"2022-02-12T17:11:25","modified_gmt":"2022-02-13T00:11:25","slug":"nuevo-bachillerato-deportivo-sera-una-gran-oportunidad-para-la-juventud-sonorense-alfonso-durazo","status":"publish","type":"post","link":"https:\/\/www.sonoraenequipo.com.mx\/nuevo-bachillerato-deportivo-sera-una-gran-oportunidad-para-la-juventud-sonorense-alfonso-durazo\/","title":{"rendered":"Nuevo bachillerato deportivo ser\u00e1 una gran oportunidad para la juventud sonorense: Alfonso Durazo"},"content":{"rendered":"<p>HERMOSILLO, SONORA,MX.\u2500\u2500 El gobernador Alfonso Durazo acompa\u00f1\u00f3 al presidente de la Rep\u00fablica para la supervisi\u00f3n de las obras de construcci\u00f3n del Bachillerato Tecnol\u00f3gico de Educaci\u00f3n y Promoci\u00f3n Deportiva (BTED) que se construye en las instalaciones del antiguo Estadio H\u00e9ctor Espino para beneficio de la educaci\u00f3n de las pr\u00f3ximas generaciones de deportistas sonorenses.<\/p>\n<p>El mandatario sonorense dio la bienvenida al presidente y explic\u00f3 que la obra cuenta con una inversi\u00f3n superior a los 100 millones de pesos, tiene capacidad para albergar a 100 j\u00f3venes en un espacio de m\u00e1s de 64 mil metros cuadrados, equipados con laboratorios, \u00e1reas educativas y dormitorios. Adem\u00e1s, coment\u00f3 que representa una nueva opci\u00f3n para la educaci\u00f3n de los j\u00f3venes en la entidad, con un enfoque hacia el deporte, lo que contribuir\u00e1 a la formaci\u00f3n de din\u00e1micas sociales m\u00e1s saludables.<\/p>\n<p>&nbsp;<\/p>\n<p>\u201cEste centro deportivo se presenta ahora como una opci\u00f3n m\u00e1s para la formaci\u00f3n acad\u00e9mica de los j\u00f3venes, con especial \u00e9nfasis en el b\u00e9isbol, nos ayudar\u00e1 mucho a que nuestra juventud tenga, pues, mayores oportunidades de pr\u00e1ctica deportiva, que est\u00e1 asociada obviamente a la reconstrucci\u00f3n del tejido social\u201d, afirm\u00f3 Durazo Monta\u00f1o.<\/p>\n<p>&nbsp;<\/p>\n<p>Por su parte, el titular del Ejecutivo nacional reiter\u00f3 su apoyo al Gobierno de Sonora, asegurando que el trabajo en coordinaci\u00f3n con el gobernador Alfonso Durazo es sin\u00f3nimo de ventajas para la entidad.<\/p>\n<p>&nbsp;<\/p>\n<p>El presidente de la Rep\u00fablica destac\u00f3 que en la entidad existen muchas \u00e1reas propensas al desarrollo por medio del trabajo coordinado con el gobernador Alfonso Durazo, en quien\u00a0 reconoci\u00f3 un gran aliado para lograr la transformaci\u00f3n del estado y del pa\u00eds.<\/p>\n<p><img loading=\"lazy\" decoding=\"async\" class=\"size-medium  x-center\" src=\"https:\/\/www.sonoraenequipo.com.mx\/storage\/2022\/02\/estadio-hector-espino2-1-649x365.jpg\" alt=\"\" width=\"649\" height=\"365\" \/><\/p>\n<p>Con esto en mente, agreg\u00f3 el mandatario, se ha dado la instrucci\u00f3n a las instancias correspondientes para que la propiedad de este centro, as\u00ed como el que se levanta en Cajeme donde se ubicaba el estadio Tom\u00e1s Oroz Gayt\u00e1n, vuelva a ser propiedad del Gobierno de Sonora.<\/p>\n<p>&nbsp;<\/p>\n<p>\u201cVan a buscar la manera para que se regrese el estadio al gobierno del estado coordinaci\u00f3n con la federaci\u00f3n por el plan deportivo y tambi\u00e9n que decidan sobre c\u00f3mo utilizar el resto del terreno siempre pensando en la gente en los j\u00f3venes\u201d, explic\u00f3 el mandatario nacional.<\/p>\n<p>&nbsp;<\/p>\n<p>Presente tambi\u00e9n en el evento, el secretario de Desarrollo Agrario, Territorial y Urbano Rom\u00e1n Meyer Falc\u00f3n, hizo hincapi\u00e9 en lo importante de este centro educativo como un eje identitario para la capital sonorense, por la historia que este recinto deportivo encierra.<\/p>\n<p>&nbsp;<\/p>\n<p>\u201cElementos as\u00ed como este son una de las principales infraestructuras en materia de prevenci\u00f3n, en materia de desarrollo de oportunidades, en materia de empezar a conformar un sentido de identidad para las colonias aleda\u00f1as a este estadio, a la propia, digamos, ciudad de Hermosillo, y el rescate de los elementos simb\u00f3licos en materia urbana\u201d, concluy\u00f3 el secretario.<\/p>\n<p>Fecha de publicaci\u00f3n: s\u00e1bado\/ 12 \/ febrero \/ 2022 \/<\/p>\n<p>&nbsp;<\/p>\n","protected":false},"excerpt":{"rendered":"<p>HERMOSILLO, SONORA,MX.\u2500\u2500 El gobernador Alfonso Durazo acompa\u00f1\u00f3 al presidente de la Rep\u00fablica para la supervisi\u00f3n&#8230;<\/p>\n","protected":false},"author":1,"featured_media":133029,"comment_status":"open","ping_status":"open","sticky":false,"template":"","format":"standard","meta":{"_monsterinsights_skip_tracking":false,"_monsterinsights_sitenote_active":false,"_monsterinsights_sitenote_note":"","_monsterinsights_sitenote_category":0,"footnotes":""},"categories":[22],"tags":[6792],"class_list":["post"],"yoast_head":" \n<title>Sonora en Equipo. Nuevo bachillerato deportivo ser\u00e1 una gran oportunidad para la juventud sonorense: Alfonso Durazo Sonora<\/title>\n<meta name=\"description\" content=\"HERMOSILLO, SONORA,MX.\u2500\u2500 El gobernador Alfonso Durazo acompa\u00f1\u00f3 al presidente de la Rep\u00fablica para la supervisi\u00f3n de las obras de construcci\u00f3n del En Sonora en Equipo publicamos toda la informaci\u00f3n de Sonora, M\u00e9xico y el Mundo de manera oportuna y busca que la libertad de expresi\u00f3n sea real. Visita nuestro medio informativo publicado desde Hermosillo, Sonora. %\" \/>\n<meta name=\"robots\" content=\"index, follow, max-snippet:-1, max-image-preview:large, max-video-preview:-1\" \/>\n<link rel=\"canonical\" href=\"https:\/\/www.sonoraenequipo.com.mx\/nuevo-bachillerato-deportivo-sera-una-gran-oportunidad-para-la-juventud-sonorense-alfonso-durazo\/\" \/>\n<meta property=\"og:locale\" content=\"es_ES\" \/>\n<meta property=\"og:type\" content=\"article\" \/>\n<meta property=\"og:title\" content=\"Sonora en Equipo. Nuevo bachillerato deportivo ser\u00e1 una gran oportunidad para la juventud sonorense: Alfonso Durazo Sonora\" \/>\n<meta property=\"og:description\" content=\"HERMOSILLO, SONORA,MX.\u2500\u2500 El gobernador Alfonso Durazo acompa\u00f1\u00f3 al presidente de la Rep\u00fablica para la supervisi\u00f3n de las obras de construcci\u00f3n del En Sonora en Equipo publicamos toda la informaci\u00f3n de Sonora, M\u00e9xico y el Mundo de manera oportuna y busca que la libertad de expresi\u00f3n sea real. Visita nuestro medio informativo publicado desde Hermosillo, Sonora. %\" \/>\n<meta property=\"og:url\" content=\"https:\/\/www.sonoraenequipo.com.mx\/nuevo-bachillerato-deportivo-sera-una-gran-oportunidad-para-la-juventud-sonorense-alfonso-durazo\/\" \/>\n<meta property=\"og:site_name\" content=\"Sonora en Equipo.\" \/>\n<meta property=\"article:publisher\" content=\"https:\/\/www.facebook.com\/SonoraEE\/\" \/>\n<meta property=\"article:author\" content=\"https:\/\/www.facebook.com\/SonoraEE\" \/>\n<meta property=\"article:published_time\" content=\"2022-02-12T22:17:50+00:00\" \/>\n<meta property=\"article:modified_time\" content=\"2022-02-13T00:11:25+00:00\" \/>\n<meta property=\"og:image\" content=\"https:\/\/www.sonoraenequipo.com.mx\/storage\/2022\/02\/adm-amlo.jpg\" \/>\n\t<meta property=\"og:image:width\" content=\"700\" \/>\n\t<meta property=\"og:image:height\" content=\"400\" \/>\n\t<meta property=\"og:image:type\" content=\"image\/jpeg\" \/>\n<meta name=\"author\" content=\"enequipo\" \/>\n<meta name=\"twitter:card\" content=\"summary_large_image\" \/>\n<meta name=\"twitter:creator\" content=\"@sonoraenequipo\" \/>\n<meta name=\"twitter:site\" content=\"@sonoraenequipo\" \/>\n<meta name=\"twitter:label1\" content=\"Escrito por\" \/>\n\t<meta name=\"twitter:data1\" content=\"enequipo\" \/>\n\t<meta name=\"twitter:label2\" content=\"Tiempo de lectura\" \/>\n\t<meta name=\"twitter:data2\" content=\"3 minutos\" \/>\n<script type=\"application\/ld+json\" class=\"yoast-schema-graph\">{\"@context\":\"https:\/\/schema.org\",\"@graph\":[{\"@type\":\"Article\",\"@id\":\"https:\/\/www.sonoraenequipo.com.mx\/nuevo-bachillerato-deportivo-sera-una-gran-oportunidad-para-la-juventud-sonorense-alfonso-durazo\/#article\",\"isPartOf\":{\"@id\":\"https:\/\/www.sonoraenequipo.com.mx\/nuevo-bachillerato-deportivo-sera-una-gran-oportunidad-para-la-juventud-sonorense-alfonso-durazo\/\"},\"author\":{\"name\":\"enequipo\",\"@id\":\"https:\/\/www.sonoraenequipo.com.mx\/#\/schema\/person\/50102df0fb23a8fa9e8effad8fa81386\"},\"headline\":\"Nuevo bachillerato deportivo ser\u00e1 una gran oportunidad para la juventud sonorense: Alfonso Durazo\",\"datePublished\":\"2022-02-12T22:17:50+00:00\",\"dateModified\":\"2022-02-13T00:11:25+00:00\",\"mainEntityOfPage\":{\"@id\":\"https:\/\/www.sonoraenequipo.com.mx\/nuevo-bachillerato-deportivo-sera-una-gran-oportunidad-para-la-juventud-sonorense-alfonso-durazo\/\"},\"wordCount\":520,\"commentCount\":0,\"publisher\":{\"@id\":\"https:\/\/www.sonoraenequipo.com.mx\/#organization\"},\"image\":{\"@id\":\"https:\/\/www.sonoraenequipo.com.mx\/nuevo-bachillerato-deportivo-sera-una-gran-oportunidad-para-la-juventud-sonorense-alfonso-durazo\/#primaryimage\"},\"thumbnailUrl\":\"https:\/\/www.sonoraenequipo.com.mx\/storage\/2022\/02\/adm-amlo.jpg\",\"keywords\":[\"bachillerato deportivo\"],\"articleSection\":[\"Sonora\"],\"inLanguage\":\"es\",\"potentialAction\":[{\"@type\":\"CommentAction\",\"name\":\"Comment\",\"target\":[\"https:\/\/www.sonoraenequipo.com.mx\/nuevo-bachillerato-deportivo-sera-una-gran-oportunidad-para-la-juventud-sonorense-alfonso-durazo\/#respond\"]}]},{\"@type\":\"WebPage\",\"@id\":\"https:\/\/www.sonoraenequipo.com.mx\/nuevo-bachillerato-deportivo-sera-una-gran-oportunidad-para-la-juventud-sonorense-alfonso-durazo\/\",\"url\":\"https:\/\/www.sonoraenequipo.com.mx\/nuevo-bachillerato-deportivo-sera-una-gran-oportunidad-para-la-juventud-sonorense-alfonso-durazo\/\",\"name\":\"Sonora en Equipo. Nuevo bachillerato deportivo ser\u00e1 una gran oportunidad para la juventud sonorense: Alfonso Durazo Sonora\",\"isPartOf\":{\"@id\":\"https:\/\/www.sonoraenequipo.com.mx\/#website\"},\"primaryImageOfPage\":{\"@id\":\"https:\/\/www.sonoraenequipo.com.mx\/nuevo-bachillerato-deportivo-sera-una-gran-oportunidad-para-la-juventud-sonorense-alfonso-durazo\/#primaryimage\"},\"image\":{\"@id\":\"https:\/\/www.sonoraenequipo.com.mx\/nuevo-bachillerato-deportivo-sera-una-gran-oportunidad-para-la-juventud-sonorense-alfonso-durazo\/#primaryimage\"},\"thumbnailUrl\":\"https:\/\/www.sonoraenequipo.com.mx\/storage\/2022\/02\/adm-amlo.jpg\",\"datePublished\":\"2022-02-12T22:17:50+00:00\",\"dateModified\":\"2022-02-13T00:11:25+00:00\",\"description\":\"HERMOSILLO, SONORA,MX.\u2500\u2500 El gobernador Alfonso Durazo acompa\u00f1\u00f3 al presidente de la Rep\u00fablica para la supervisi\u00f3n de las obras de construcci\u00f3n del En Sonora en Equipo publicamos toda la informaci\u00f3n de Sonora, M\u00e9xico y el Mundo de manera oportuna y busca que la libertad de expresi\u00f3n sea real. Visita nuestro medio informativo publicado desde Hermosillo, Sonora. %\",\"breadcrumb\":{\"@id\":\"https:\/\/www.sonoraenequipo.com.mx\/nuevo-bachillerato-deportivo-sera-una-gran-oportunidad-para-la-juventud-sonorense-alfonso-durazo\/#breadcrumb\"},\"inLanguage\":\"es\",\"potentialAction\":[{\"@type\":\"ReadAction\",\"target\":[\"https:\/\/www.sonoraenequipo.com.mx\/nuevo-bachillerato-deportivo-sera-una-gran-oportunidad-para-la-juventud-sonorense-alfonso-durazo\/\"]}]},{\"@type\":\"ImageObject\",\"inLanguage\":\"es\",\"@id\":\"https:\/\/www.sonoraenequipo.com.mx\/nuevo-bachillerato-deportivo-sera-una-gran-oportunidad-para-la-juventud-sonorense-alfonso-durazo\/#primaryimage\",\"url\":\"https:\/\/www.sonoraenequipo.com.mx\/storage\/2022\/02\/adm-amlo.jpg\",\"contentUrl\":\"https:\/\/www.sonoraenequipo.com.mx\/storage\/2022\/02\/adm-amlo.jpg\",\"width\":700,\"height\":400},{\"@type\":\"BreadcrumbList\",\"@id\":\"https:\/\/www.sonoraenequipo.com.mx\/nuevo-bachillerato-deportivo-sera-una-gran-oportunidad-para-la-juventud-sonorense-alfonso-durazo\/#breadcrumb\",\"itemListElement\":[{\"@type\":\"ListItem\",\"position\":1,\"name\":\"Portada\",\"item\":\"https:\/\/www.sonoraenequipo.com.mx\/\"},{\"@type\":\"ListItem\",\"position\":2,\"name\":\"Nuevo bachillerato deportivo ser\u00e1 una gran oportunidad para la juventud sonorense: Alfonso Durazo\"}]},{\"@type\":\"WebSite\",\"@id\":\"https:\/\/www.sonoraenequipo.com.mx\/#website\",\"url\":\"https:\/\/www.sonoraenequipo.com.mx\/\",\"name\":\"Sonora en Equipo.\",\"description\":\"Diario en l\u00ednea con Noticias desde Hermosillo, Sonora\",\"publisher\":{\"@id\":\"https:\/\/www.sonoraenequipo.com.mx\/#organization\"},\"potentialAction\":[{\"@type\":\"SearchAction\",\"target\":{\"@type\":\"EntryPoint\",\"urlTemplate\":\"https:\/\/www.sonoraenequipo.com.mx\/?s={search_term_string}\"},\"query-input\":{\"@type\":\"PropertyValueSpecification\",\"valueRequired\":true,\"valueName\":\"search_term_string\"}}],\"inLanguage\":\"es\"},{\"@type\":\"Organization\",\"@id\":\"https:\/\/www.sonoraenequipo.com.mx\/#organization\",\"name\":\"Sonoraenequipo.com.mx\",\"url\":\"https:\/\/www.sonoraenequipo.com.mx\/\",\"logo\":{\"@type\":\"ImageObject\",\"inLanguage\":\"es\",\"@id\":\"https:\/\/www.sonoraenequipo.com.mx\/#\/schema\/logo\/image\/\",\"url\":\"https:\/\/www.sonoraenequipo.com.mx\/storage\/2019\/01\/sonoraenequipo_opt.png\",\"contentUrl\":\"https:\/\/www.sonoraenequipo.com.mx\/storage\/2019\/01\/sonoraenequipo_opt.png\",\"width\":375,\"height\":125,\"caption\":\"Sonoraenequipo.com.mx\"},\"image\":{\"@id\":\"https:\/\/www.sonoraenequipo.com.mx\/#\/schema\/logo\/image\/\"},\"sameAs\":[\"https:\/\/www.facebook.com\/SonoraEE\/\",\"https:\/\/x.com\/sonoraenequipo\",\"https:\/\/www.youtube.com\/channel\/UC338nW-lPEYmJQs4ZABQ1SQ\"]},{\"@type\":\"Person\",\"@id\":\"https:\/\/www.sonoraenequipo.com.mx\/#\/schema\/person\/50102df0fb23a8fa9e8effad8fa81386\",\"name\":\"enequipo\",\"image\":{\"@type\":\"ImageObject\",\"inLanguage\":\"es\",\"@id\":\"https:\/\/www.sonoraenequipo.com.mx\/#\/schema\/person\/image\/\",\"url\":\"https:\/\/secure.gravatar.com\/avatar\/049821681b589dabc0bc20695993ccebb09f5b5d4d790cd9251b97faac7c652b?s=96&d=blank&r=g\",\"contentUrl\":\"https:\/\/secure.gravatar.com\/avatar\/049821681b589dabc0bc20695993ccebb09f5b5d4d790cd9251b97faac7c652b?s=96&d=blank&r=g\",\"caption\":\"enequipo\"},\"sameAs\":[\"https:\/\/www.facebook.com\/SonoraEE\"]}]}<\/script>\n ","yoast_head_json":{"title":"Sonora en Equipo. Nuevo bachillerato deportivo ser\u00e1 una gran oportunidad para la juventud sonorense: Alfonso Durazo Sonora","description":"HERMOSILLO, SONORA,MX.\u2500\u2500 El gobernador Alfonso Durazo acompa\u00f1\u00f3 al presidente de la Rep\u00fablica para la supervisi\u00f3n de las obras de construcci\u00f3n del En Sonora en Equipo publicamos toda la informaci\u00f3n de Sonora, M\u00e9xico y el Mundo de manera oportuna y busca que la libertad de expresi\u00f3n sea real. Visita nuestro medio informativo publicado desde Hermosillo, Sonora. %","robots":{"index":"index","follow":"follow","max-snippet":"max-snippet:-1","max-image-preview":"max-image-preview:large","max-video-preview":"max-video-preview:-1"},"canonical":"https:\/\/www.sonoraenequipo.com.mx\/nuevo-bachillerato-deportivo-sera-una-gran-oportunidad-para-la-juventud-sonorense-alfonso-durazo\/","og_locale":"es_ES","og_type":"article","og_title":"Sonora en Equipo. Nuevo bachillerato deportivo ser\u00e1 una gran oportunidad para la juventud sonorense: Alfonso Durazo Sonora","og_description":"HERMOSILLO, SONORA,MX.\u2500\u2500 El gobernador Alfonso Durazo acompa\u00f1\u00f3 al presidente de la Rep\u00fablica para la supervisi\u00f3n de las obras de construcci\u00f3n del En Sonora en Equipo publicamos toda la informaci\u00f3n de Sonora, M\u00e9xico y el Mundo de manera oportuna y busca que la libertad de expresi\u00f3n sea real. Visita nuestro medio informativo publicado desde Hermosillo, Sonora. %","og_url":"https:\/\/www.sonoraenequipo.com.mx\/nuevo-bachillerato-deportivo-sera-una-gran-oportunidad-para-la-juventud-sonorense-alfonso-durazo\/","og_site_name":"Sonora en Equipo.","article_publisher":"https:\/\/www.facebook.com\/SonoraEE\/","article_author":"https:\/\/www.facebook.com\/SonoraEE","article_published_time":"2022-02-12T22:17:50+00:00","article_modified_time":"2022-02-13T00:11:25+00:00","og_image":[{"width":700,"height":400,"url":"https:\/\/www.sonoraenequipo.com.mx\/storage\/2022\/02\/adm-amlo.jpg","type":"image\/jpeg"}],"author":"enequipo","twitter_card":"summary_large_image","twitter_creator":"@sonoraenequipo","twitter_site":"@sonoraenequipo","twitter_misc":{"Escrito por":"enequipo","Tiempo de lectura":"3 minutos"},"schema":{"@context":"https:\/\/schema.org","@graph":[{"@type":"Article","@id":"https:\/\/www.sonoraenequipo.com.mx\/nuevo-bachillerato-deportivo-sera-una-gran-oportunidad-para-la-juventud-sonorense-alfonso-durazo\/#article","isPartOf":{"@id":"https:\/\/www.sonoraenequipo.com.mx\/nuevo-bachillerato-deportivo-sera-una-gran-oportunidad-para-la-juventud-sonorense-alfonso-durazo\/"},"author":{"name":"enequipo","@id":"https:\/\/www.sonoraenequipo.com.mx\/#\/schema\/person\/50102df0fb23a8fa9e8effad8fa81386"},"headline":"Nuevo bachillerato deportivo ser\u00e1 una gran oportunidad para la juventud sonorense: Alfonso Durazo","datePublished":"2022-02-12T22:17:50+00:00","dateModified":"2022-02-13T00:11:25+00:00","mainEntityOfPage":{"@id":"https:\/\/www.sonoraenequipo.com.mx\/nuevo-bachillerato-deportivo-sera-una-gran-oportunidad-para-la-juventud-sonorense-alfonso-durazo\/"},"wordCount":520,"commentCount":0,"publisher":{"@id":"https:\/\/www.sonoraenequipo.com.mx\/#organization"},"image":{"@id":"https:\/\/www.sonoraenequipo.com.mx\/nuevo-bachillerato-deportivo-sera-una-gran-oportunidad-para-la-juventud-sonorense-alfonso-durazo\/#primaryimage"},"thumbnailUrl":"https:\/\/www.sonoraenequipo.com.mx\/storage\/2022\/02\/adm-amlo.jpg","keywords":["bachillerato deportivo"],"articleSection":["Sonora"],"inLanguage":"es","potentialAction":[{"@type":"CommentAction","name":"Comment","target":["https:\/\/www.sonoraenequipo.com.mx\/nuevo-bachillerato-deportivo-sera-una-gran-oportunidad-para-la-juventud-sonorense-alfonso-durazo\/#respond"]}]},{"@type":"WebPage","@id":"https:\/\/www.sonoraenequipo.com.mx\/nuevo-bachillerato-deportivo-sera-una-gran-oportunidad-para-la-juventud-sonorense-alfonso-durazo\/","url":"https:\/\/www.sonoraenequipo.com.mx\/nuevo-bachillerato-deportivo-sera-una-gran-oportunidad-para-la-juventud-sonorense-alfonso-durazo\/","name":"Sonora en Equipo. Nuevo bachillerato deportivo ser\u00e1 una gran oportunidad para la juventud sonorense: Alfonso Durazo Sonora","isPartOf":{"@id":"https:\/\/www.sonoraenequipo.com.mx\/#website"},"primaryImageOfPage":{"@id":"https:\/\/www.sonoraenequipo.com.mx\/nuevo-bachillerato-deportivo-sera-una-gran-oportunidad-para-la-juventud-sonorense-alfonso-durazo\/#primaryimage"},"image":{"@id":"https:\/\/www.sonoraenequipo.com.mx\/nuevo-bachillerato-deportivo-sera-una-gran-oportunidad-para-la-juventud-sonorense-alfonso-durazo\/#primaryimage"},"thumbnailUrl":"https:\/\/www.sonoraenequipo.com.mx\/storage\/2022\/02\/adm-amlo.jpg","datePublished":"2022-02-12T22:17:50+00:00","dateModified":"2022-02-13T00:11:25+00:00","description":"HERMOSILLO, SONORA,MX.\u2500\u2500 El gobernador Alfonso Durazo acompa\u00f1\u00f3 al presidente de la Rep\u00fablica para la supervisi\u00f3n de las obras de construcci\u00f3n del En Sonora en Equipo publicamos toda la informaci\u00f3n de Sonora, M\u00e9xico y el Mundo de manera oportuna y busca que la libertad de expresi\u00f3n sea real. Visita nuestro medio informativo publicado desde Hermosillo, Sonora. %","breadcrumb":{"@id":"https:\/\/www.sonoraenequipo.com.mx\/nuevo-bachillerato-deportivo-sera-una-gran-oportunidad-para-la-juventud-sonorense-alfonso-durazo\/#breadcrumb"},"inLanguage":"es","potentialAction":[{"@type":"ReadAction","target":["https:\/\/www.sonoraenequipo.com.mx\/nuevo-bachillerato-deportivo-sera-una-gran-oportunidad-para-la-juventud-sonorense-alfonso-durazo\/"]}]},{"@type":"ImageObject","inLanguage":"es","@id":"https:\/\/www.sonoraenequipo.com.mx\/nuevo-bachillerato-deportivo-sera-una-gran-oportunidad-para-la-juventud-sonorense-alfonso-durazo\/#primaryimage","url":"https:\/\/www.sonoraenequipo.com.mx\/storage\/2022\/02\/adm-amlo.jpg","contentUrl":"https:\/\/www.sonoraenequipo.com.mx\/storage\/2022\/02\/adm-amlo.jpg","width":700,"height":400},{"@type":"BreadcrumbList","@id":"https:\/\/www.sonoraenequipo.com.mx\/nuevo-bachillerato-deportivo-sera-una-gran-oportunidad-para-la-juventud-sonorense-alfonso-durazo\/#breadcrumb","itemListElement":[{"@type":"ListItem","position":1,"name":"Portada","item":"https:\/\/www.sonoraenequipo.com.mx\/"},{"@type":"ListItem","position":2,"name":"Nuevo bachillerato deportivo ser\u00e1 una gran oportunidad para la juventud sonorense: Alfonso Durazo"}]},{"@type":"WebSite","@id":"https:\/\/www.sonoraenequipo.com.mx\/#website","url":"https:\/\/www.sonoraenequipo.com.mx\/","name":"Sonora en Equipo.","description":"Diario en l\u00ednea con Noticias desde Hermosillo, Sonora","publisher":{"@id":"https:\/\/www.sonoraenequipo.com.mx\/#organization"},"potentialAction":[{"@type":"SearchAction","target":{"@type":"EntryPoint","urlTemplate":"https:\/\/www.sonoraenequipo.com.mx\/?s={search_term_string}"},"query-input":{"@type":"PropertyValueSpecification","valueRequired":true,"valueName":"search_term_string"}}],"inLanguage":"es"},{"@type":"Organization","@id":"https:\/\/www.sonoraenequipo.com.mx\/#organization","name":"Sonoraenequipo.com.mx","url":"https:\/\/www.sonoraenequipo.com.mx\/","logo":{"@type":"ImageObject","inLanguage":"es","@id":"https:\/\/www.sonoraenequipo.com.mx\/#\/schema\/logo\/image\/","url":"https:\/\/www.sonoraenequipo.com.mx\/storage\/2019\/01\/sonoraenequipo_opt.png","contentUrl":"https:\/\/www.sonoraenequipo.com.mx\/storage\/2019\/01\/sonoraenequipo_opt.png","width":375,"height":125,"caption":"Sonoraenequipo.com.mx"},"image":{"@id":"https:\/\/www.sonoraenequipo.com.mx\/#\/schema\/logo\/image\/"},"sameAs":["https:\/\/www.facebook.com\/SonoraEE\/","https:\/\/x.com\/sonoraenequipo","https:\/\/www.youtube.com\/channel\/UC338nW-lPEYmJQs4ZABQ1SQ"]},{"@type":"Person","@id":"https:\/\/www.sonoraenequipo.com.mx\/#\/schema\/person\/50102df0fb23a8fa9e8effad8fa81386","name":"enequipo","image":{"@type":"ImageObject","inLanguage":"es","@id":"https:\/\/www.sonoraenequipo.com.mx\/#\/schema\/person\/image\/","url":"https:\/\/secure.gravatar.com\/avatar\/049821681b589dabc0bc20695993ccebb09f5b5d4d790cd9251b97faac7c652b?s=96&d=blank&r=g","contentUrl":"https:\/\/secure.gravatar.com\/avatar\/049821681b589dabc0bc20695993ccebb09f5b5d4d790cd9251b97faac7c652b?s=96&d=blank&r=g","caption":"enequipo"},"sameAs":["https:\/\/www.facebook.com\/SonoraEE"]}]}},"jetpack_featured_media_url":"https:\/\/www.sonoraenequipo.com.mx\/storage\/2022\/02\/adm-amlo.jpg","_links":{"self":[{"href":"https:\/\/www.sonoraenequipo.com.mx\/api\/wp\/v2\/posts\/133028","targetHints":{"allow":["GET"]}}],"collection":[{"href":"https:\/\/www.sonoraenequipo.com.mx\/api\/wp\/v2\/posts"}],"about":[{"href":"https:\/\/www.sonoraenequipo.com.mx\/api\/wp\/v2\/types\/post"}],"author":[{"embeddable":true,"href":"https:\/\/www.sonoraenequipo.com.mx\/api\/wp\/v2\/users\/1"}],"replies":[{"embeddable":true,"href":"https:\/\/www.sonoraenequipo.com.mx\/api\/wp\/v2\/comments?post=133028"}],"version-history":[{"count":1,"href":"https:\/\/www.sonoraenequipo.com.mx\/api\/wp\/v2\/posts\/133028\/revisions"}],"predecessor-version":[{"id":133032,"href":"https:\/\/www.sonoraenequipo.com.mx\/api\/wp\/v2\/posts\/133028\/revisions\/133032"}],"wp:featuredmedia":[{"embeddable":true,"href":"https:\/\/www.sonoraenequipo.com.mx\/api\/wp\/v2\/media\/133029"}],"wp:attachment":[{"href":"https:\/\/www.sonoraenequipo.com.mx\/api\/wp\/v2\/media?parent=133028"}],"wp:term":[{"taxonomy":"category","embeddable":true,"href":"https:\/\/www.sonoraenequipo.com.mx\/api\/wp\/v2\/categories?post=133028"},{"taxonomy":"post_tag","embeddable":true,"href":"https:\/\/www.sonoraenequipo.com.mx\/api\/wp\/v2\/tags?post=133028"}],"curies":[{"name":"wp","href":"https:\/\/api.w.org\/{rel}","templated":true}]}}