{"id":133051,"date":"2022-02-12T18:03:02","date_gmt":"2022-02-13T01:03:02","guid":{"rendered":"https:\/\/www.sonoraenequipo.com.mx\/?p=133051"},"modified":"2022-02-12T18:09:49","modified_gmt":"2022-02-13T01:09:49","slug":"alcaldesa-de-cuauhtemoc-denuncia-a-morenistas-de-campana-de-desprestigio-en-su-contra","status":"publish","type":"post","link":"https:\/\/www.sonoraenequipo.com.mx\/alcaldesa-de-cuauhtemoc-denuncia-a-morenistas-de-campana-de-desprestigio-en-su-contra\/","title":{"rendered":"Alcaldesa de \u00a0Cuauht\u00e9moc acusa a morenistas de campa\u00f1a de desprestigio en su contra"},"content":{"rendered":"<p>Alcaldesa de \u00a0Cuauht\u00e9moc denuncia a morenistas de campa\u00f1a de desprestigio en su contra<\/p>\n<p>CUAUHT\u00c9MOC,CIUDAD DE M\u00c9XICO,MX.\u2500\u2500La Alcald\u00eda Cuauht\u00e9moc y su titular, Sandra Cuevas Nieves, denunci\u00f3 ayer p\u00fablicamente una campa\u00f1a de desprestigio que pretende desestabilizar el gobierno de la demarcaci\u00f3n en perjuicio de los m\u00e1s de 550 mil habitantes.<\/p>\n<p>&nbsp;<\/p>\n<p>Pr\u00e1cticamente a diario aparecen publicaciones acusando desv\u00edo de recursos, falta de programas sociales a favor de la poblaci\u00f3n, abuso de autoridad y, los m\u00e1s reciente, que se destinaron recursos millonarios para la edici\u00f3n de una revista impresa para informar sobre los logros alcanzados en los primeros 100 d\u00edas de gobierno.<\/p>\n<p>&nbsp;<\/p>\n<p>Sin embargo, en todas las publicaciones no se aportan argumentos s\u00f3lidos ni pruebas fehacientes que sustenten tales acusaciones provenientes principalmente de militantes de Morena.<\/p>\n<p><img loading=\"lazy\" decoding=\"async\" class=\"size-medium  x-center\" src=\"https:\/\/www.sonoraenequipo.com.mx\/storage\/2022\/02\/cuevas1-639x365.jpg\" alt=\"\" width=\"639\" height=\"365\" \/><\/p>\n<p>Un ejemplo de ello es la informaci\u00f3n que aparece hoy en el Diario Basta, cuyo Director General es Miguel Cant\u00f3n Zetina, que publica en su p\u00e1gina principal y en la p\u00e1gina 11, una informaci\u00f3n que dice: \u201cGasta Cuevas millones para anunciar logros\u201d lo que deja en claro la nula \u00e9tica tanto del propietario como de este medio as\u00ed como de su presuntos informantes que ignoran que el costo de una revista no implica erogar millones de pesos. Expuso la edil \u00a0emanada de la alianza PRI-PAN-PRD.<\/p>\n<p>&nbsp;<\/p>\n<p>Otra informaci\u00f3n falsa m\u00e1s fue la que public\u00f3 el peri\u00f3dico La Cr\u00f3nica de en el que se\u00f1ala que \u201c@SandraCuevas, titular de la @AlcCuauhtemoc desvi\u00f3 dinero orientado a asuntos de desarrollo social para publicidad. Y cre\u00f3 una revista mensual de 50 mil ejemplares. Esto a fin de contrarrestar las cr\u00edticas que @LaCronicaDeHoy publica sobre su gobierno\u201d.<\/p>\n<p>&nbsp;<\/p>\n<p>La Alcald\u00eda Cuauht\u00e9moc reiter\u00f3 que est\u00e1 abierta a atender las solicitudes de informaci\u00f3n de los diversos medios de comunicaci\u00f3n masiva pues existe un gobierno de resultados, transparente y fuerte a pesar de la guerra sucia en su contra y de la cual ha salido triunfante pues al d\u00eda de hoy las acusaciones sobre desv\u00edo de recursos carecen de sustento legal.<\/p>\n<p>Fecha de publicaci\u00f3n: s\u00e1bado \/ 12 \/ febrero \/ 2022 \/ C S Bolet\u00edn 025<\/p>\n","protected":false},"excerpt":{"rendered":"<p>Alcaldesa de \u00a0Cuauht\u00e9moc denuncia a morenistas de campa\u00f1a de desprestigio en su contra CUAUHT\u00c9MOC,CIUDAD DE&#8230;<\/p>\n","protected":false},"author":1,"featured_media":133052,"comment_status":"open","ping_status":"open","sticky":false,"template":"","format":"standard","meta":{"_monsterinsights_skip_tracking":false,"_monsterinsights_sitenote_active":false,"_monsterinsights_sitenote_note":"","_monsterinsights_sitenote_category":0,"footnotes":""},"categories":[5],"tags":[6747,6293],"class_list":["post"],"yoast_head":" \n<title>Sonora en Equipo. Alcaldesa de \u00a0Cuauht\u00e9moc acusa a morenistas de campa\u00f1a de desprestigio en su contra Rep\u00fablica<\/title>\n<meta name=\"description\" content=\"Alcaldesa de \u00a0Cuauht\u00e9moc denuncia a morenistas de campa\u00f1a de desprestigio en su contra CUAUHT\u00c9MOC,CIUDAD DE M\u00c9XICO,MX.\u2500\u2500La Alcald\u00eda Cuauht\u00e9moc y su En Sonora en Equipo publicamos toda la informaci\u00f3n de Sonora, M\u00e9xico y el Mundo de manera oportuna y busca que la libertad de expresi\u00f3n sea real. Visita nuestro medio informativo publicado desde Hermosillo, Sonora. %\" \/>\n<meta name=\"robots\" content=\"index, follow, max-snippet:-1, max-image-preview:large, max-video-preview:-1\" \/>\n<link rel=\"canonical\" href=\"https:\/\/www.sonoraenequipo.com.mx\/alcaldesa-de-cuauhtemoc-denuncia-a-morenistas-de-campana-de-desprestigio-en-su-contra\/\" \/>\n<meta property=\"og:locale\" content=\"es_ES\" \/>\n<meta property=\"og:type\" content=\"article\" \/>\n<meta property=\"og:title\" content=\"Sonora en Equipo. Alcaldesa de \u00a0Cuauht\u00e9moc acusa a morenistas de campa\u00f1a de desprestigio en su contra Rep\u00fablica\" \/>\n<meta property=\"og:description\" content=\"Alcaldesa de \u00a0Cuauht\u00e9moc denuncia a morenistas de campa\u00f1a de desprestigio en su contra CUAUHT\u00c9MOC,CIUDAD DE M\u00c9XICO,MX.\u2500\u2500La Alcald\u00eda Cuauht\u00e9moc y su En Sonora en Equipo publicamos toda la informaci\u00f3n de Sonora, M\u00e9xico y el Mundo de manera oportuna y busca que la libertad de expresi\u00f3n sea real. Visita nuestro medio informativo publicado desde Hermosillo, Sonora. %\" \/>\n<meta property=\"og:url\" content=\"https:\/\/www.sonoraenequipo.com.mx\/alcaldesa-de-cuauhtemoc-denuncia-a-morenistas-de-campana-de-desprestigio-en-su-contra\/\" \/>\n<meta property=\"og:site_name\" content=\"Sonora en Equipo.\" \/>\n<meta property=\"article:publisher\" content=\"https:\/\/www.facebook.com\/SonoraEE\/\" \/>\n<meta property=\"article:author\" content=\"https:\/\/www.facebook.com\/SonoraEE\" \/>\n<meta property=\"article:published_time\" content=\"2022-02-13T01:03:02+00:00\" \/>\n<meta property=\"article:modified_time\" content=\"2022-02-13T01:09:49+00:00\" \/>\n<meta property=\"og:image\" content=\"https:\/\/www.sonoraenequipo.com.mx\/storage\/2022\/02\/cuevas2.jpg\" \/>\n\t<meta property=\"og:image:width\" content=\"700\" \/>\n\t<meta property=\"og:image:height\" content=\"400\" \/>\n\t<meta property=\"og:image:type\" content=\"image\/jpeg\" \/>\n<meta name=\"author\" content=\"enequipo\" \/>\n<meta name=\"twitter:card\" content=\"summary_large_image\" \/>\n<meta name=\"twitter:creator\" content=\"@sonoraenequipo\" \/>\n<meta name=\"twitter:site\" content=\"@sonoraenequipo\" \/>\n<meta name=\"twitter:label1\" content=\"Escrito por\" \/>\n\t<meta name=\"twitter:data1\" content=\"enequipo\" \/>\n\t<meta name=\"twitter:label2\" content=\"Tiempo de lectura\" \/>\n\t<meta name=\"twitter:data2\" content=\"2 minutos\" \/>\n<script type=\"application\/ld+json\" class=\"yoast-schema-graph\">{\"@context\":\"https:\/\/schema.org\",\"@graph\":[{\"@type\":\"Article\",\"@id\":\"https:\/\/www.sonoraenequipo.com.mx\/alcaldesa-de-cuauhtemoc-denuncia-a-morenistas-de-campana-de-desprestigio-en-su-contra\/#article\",\"isPartOf\":{\"@id\":\"https:\/\/www.sonoraenequipo.com.mx\/alcaldesa-de-cuauhtemoc-denuncia-a-morenistas-de-campana-de-desprestigio-en-su-contra\/\"},\"author\":{\"name\":\"enequipo\",\"@id\":\"https:\/\/www.sonoraenequipo.com.mx\/#\/schema\/person\/50102df0fb23a8fa9e8effad8fa81386\"},\"headline\":\"Alcaldesa de \u00a0Cuauht\u00e9moc acusa a morenistas de campa\u00f1a de desprestigio en su contra\",\"datePublished\":\"2022-02-13T01:03:02+00:00\",\"dateModified\":\"2022-02-13T01:09:49+00:00\",\"mainEntityOfPage\":{\"@id\":\"https:\/\/www.sonoraenequipo.com.mx\/alcaldesa-de-cuauhtemoc-denuncia-a-morenistas-de-campana-de-desprestigio-en-su-contra\/\"},\"wordCount\":385,\"commentCount\":0,\"publisher\":{\"@id\":\"https:\/\/www.sonoraenequipo.com.mx\/#organization\"},\"image\":{\"@id\":\"https:\/\/www.sonoraenequipo.com.mx\/alcaldesa-de-cuauhtemoc-denuncia-a-morenistas-de-campana-de-desprestigio-en-su-contra\/#primaryimage\"},\"thumbnailUrl\":\"https:\/\/www.sonoraenequipo.com.mx\/storage\/2022\/02\/cuevas2.jpg\",\"keywords\":[\"Cuauht\u00e9moc\",\"sandra cuevas\"],\"articleSection\":[\"Rep\u00fablica\"],\"inLanguage\":\"es\",\"potentialAction\":[{\"@type\":\"CommentAction\",\"name\":\"Comment\",\"target\":[\"https:\/\/www.sonoraenequipo.com.mx\/alcaldesa-de-cuauhtemoc-denuncia-a-morenistas-de-campana-de-desprestigio-en-su-contra\/#respond\"]}]},{\"@type\":\"WebPage\",\"@id\":\"https:\/\/www.sonoraenequipo.com.mx\/alcaldesa-de-cuauhtemoc-denuncia-a-morenistas-de-campana-de-desprestigio-en-su-contra\/\",\"url\":\"https:\/\/www.sonoraenequipo.com.mx\/alcaldesa-de-cuauhtemoc-denuncia-a-morenistas-de-campana-de-desprestigio-en-su-contra\/\",\"name\":\"Sonora en Equipo. Alcaldesa de \u00a0Cuauht\u00e9moc acusa a morenistas de campa\u00f1a de desprestigio en su contra Rep\u00fablica\",\"isPartOf\":{\"@id\":\"https:\/\/www.sonoraenequipo.com.mx\/#website\"},\"primaryImageOfPage\":{\"@id\":\"https:\/\/www.sonoraenequipo.com.mx\/alcaldesa-de-cuauhtemoc-denuncia-a-morenistas-de-campana-de-desprestigio-en-su-contra\/#primaryimage\"},\"image\":{\"@id\":\"https:\/\/www.sonoraenequipo.com.mx\/alcaldesa-de-cuauhtemoc-denuncia-a-morenistas-de-campana-de-desprestigio-en-su-contra\/#primaryimage\"},\"thumbnailUrl\":\"https:\/\/www.sonoraenequipo.com.mx\/storage\/2022\/02\/cuevas2.jpg\",\"datePublished\":\"2022-02-13T01:03:02+00:00\",\"dateModified\":\"2022-02-13T01:09:49+00:00\",\"description\":\"Alcaldesa de \u00a0Cuauht\u00e9moc denuncia a morenistas de campa\u00f1a de desprestigio en su contra CUAUHT\u00c9MOC,CIUDAD DE M\u00c9XICO,MX.\u2500\u2500La Alcald\u00eda Cuauht\u00e9moc y su En Sonora en Equipo publicamos toda la informaci\u00f3n de Sonora, M\u00e9xico y el Mundo de manera oportuna y busca que la libertad de expresi\u00f3n sea real. Visita nuestro medio informativo publicado desde Hermosillo, Sonora. %\",\"breadcrumb\":{\"@id\":\"https:\/\/www.sonoraenequipo.com.mx\/alcaldesa-de-cuauhtemoc-denuncia-a-morenistas-de-campana-de-desprestigio-en-su-contra\/#breadcrumb\"},\"inLanguage\":\"es\",\"potentialAction\":[{\"@type\":\"ReadAction\",\"target\":[\"https:\/\/www.sonoraenequipo.com.mx\/alcaldesa-de-cuauhtemoc-denuncia-a-morenistas-de-campana-de-desprestigio-en-su-contra\/\"]}]},{\"@type\":\"ImageObject\",\"inLanguage\":\"es\",\"@id\":\"https:\/\/www.sonoraenequipo.com.mx\/alcaldesa-de-cuauhtemoc-denuncia-a-morenistas-de-campana-de-desprestigio-en-su-contra\/#primaryimage\",\"url\":\"https:\/\/www.sonoraenequipo.com.mx\/storage\/2022\/02\/cuevas2.jpg\",\"contentUrl\":\"https:\/\/www.sonoraenequipo.com.mx\/storage\/2022\/02\/cuevas2.jpg\",\"width\":700,\"height\":400},{\"@type\":\"BreadcrumbList\",\"@id\":\"https:\/\/www.sonoraenequipo.com.mx\/alcaldesa-de-cuauhtemoc-denuncia-a-morenistas-de-campana-de-desprestigio-en-su-contra\/#breadcrumb\",\"itemListElement\":[{\"@type\":\"ListItem\",\"position\":1,\"name\":\"Portada\",\"item\":\"https:\/\/www.sonoraenequipo.com.mx\/\"},{\"@type\":\"ListItem\",\"position\":2,\"name\":\"Alcaldesa de \u00a0Cuauht\u00e9moc acusa a morenistas de campa\u00f1a de desprestigio en su contra\"}]},{\"@type\":\"WebSite\",\"@id\":\"https:\/\/www.sonoraenequipo.com.mx\/#website\",\"url\":\"https:\/\/www.sonoraenequipo.com.mx\/\",\"name\":\"Sonora en Equipo.\",\"description\":\"Diario en l\u00ednea con Noticias desde Hermosillo, Sonora\",\"publisher\":{\"@id\":\"https:\/\/www.sonoraenequipo.com.mx\/#organization\"},\"potentialAction\":[{\"@type\":\"SearchAction\",\"target\":{\"@type\":\"EntryPoint\",\"urlTemplate\":\"https:\/\/www.sonoraenequipo.com.mx\/?s={search_term_string}\"},\"query-input\":{\"@type\":\"PropertyValueSpecification\",\"valueRequired\":true,\"valueName\":\"search_term_string\"}}],\"inLanguage\":\"es\"},{\"@type\":\"Organization\",\"@id\":\"https:\/\/www.sonoraenequipo.com.mx\/#organization\",\"name\":\"Sonoraenequipo.com.mx\",\"url\":\"https:\/\/www.sonoraenequipo.com.mx\/\",\"logo\":{\"@type\":\"ImageObject\",\"inLanguage\":\"es\",\"@id\":\"https:\/\/www.sonoraenequipo.com.mx\/#\/schema\/logo\/image\/\",\"url\":\"https:\/\/www.sonoraenequipo.com.mx\/storage\/2019\/01\/sonoraenequipo_opt.png\",\"contentUrl\":\"https:\/\/www.sonoraenequipo.com.mx\/storage\/2019\/01\/sonoraenequipo_opt.png\",\"width\":375,\"height\":125,\"caption\":\"Sonoraenequipo.com.mx\"},\"image\":{\"@id\":\"https:\/\/www.sonoraenequipo.com.mx\/#\/schema\/logo\/image\/\"},\"sameAs\":[\"https:\/\/www.facebook.com\/SonoraEE\/\",\"https:\/\/x.com\/sonoraenequipo\",\"https:\/\/www.youtube.com\/channel\/UC338nW-lPEYmJQs4ZABQ1SQ\"]},{\"@type\":\"Person\",\"@id\":\"https:\/\/www.sonoraenequipo.com.mx\/#\/schema\/person\/50102df0fb23a8fa9e8effad8fa81386\",\"name\":\"enequipo\",\"image\":{\"@type\":\"ImageObject\",\"inLanguage\":\"es\",\"@id\":\"https:\/\/www.sonoraenequipo.com.mx\/#\/schema\/person\/image\/\",\"url\":\"https:\/\/secure.gravatar.com\/avatar\/049821681b589dabc0bc20695993ccebb09f5b5d4d790cd9251b97faac7c652b?s=96&d=blank&r=g\",\"contentUrl\":\"https:\/\/secure.gravatar.com\/avatar\/049821681b589dabc0bc20695993ccebb09f5b5d4d790cd9251b97faac7c652b?s=96&d=blank&r=g\",\"caption\":\"enequipo\"},\"sameAs\":[\"https:\/\/www.facebook.com\/SonoraEE\"]}]}<\/script>\n ","yoast_head_json":{"title":"Sonora en Equipo. Alcaldesa de \u00a0Cuauht\u00e9moc acusa a morenistas de campa\u00f1a de desprestigio en su contra Rep\u00fablica","description":"Alcaldesa de \u00a0Cuauht\u00e9moc denuncia a morenistas de campa\u00f1a de desprestigio en su contra CUAUHT\u00c9MOC,CIUDAD DE M\u00c9XICO,MX.\u2500\u2500La Alcald\u00eda Cuauht\u00e9moc y su En Sonora en Equipo publicamos toda la informaci\u00f3n de Sonora, M\u00e9xico y el Mundo de manera oportuna y busca que la libertad de expresi\u00f3n sea real. Visita nuestro medio informativo publicado desde Hermosillo, Sonora. %","robots":{"index":"index","follow":"follow","max-snippet":"max-snippet:-1","max-image-preview":"max-image-preview:large","max-video-preview":"max-video-preview:-1"},"canonical":"https:\/\/www.sonoraenequipo.com.mx\/alcaldesa-de-cuauhtemoc-denuncia-a-morenistas-de-campana-de-desprestigio-en-su-contra\/","og_locale":"es_ES","og_type":"article","og_title":"Sonora en Equipo. Alcaldesa de \u00a0Cuauht\u00e9moc acusa a morenistas de campa\u00f1a de desprestigio en su contra Rep\u00fablica","og_description":"Alcaldesa de \u00a0Cuauht\u00e9moc denuncia a morenistas de campa\u00f1a de desprestigio en su contra CUAUHT\u00c9MOC,CIUDAD DE M\u00c9XICO,MX.\u2500\u2500La Alcald\u00eda Cuauht\u00e9moc y su En Sonora en Equipo publicamos toda la informaci\u00f3n de Sonora, M\u00e9xico y el Mundo de manera oportuna y busca que la libertad de expresi\u00f3n sea real. Visita nuestro medio informativo publicado desde Hermosillo, Sonora. %","og_url":"https:\/\/www.sonoraenequipo.com.mx\/alcaldesa-de-cuauhtemoc-denuncia-a-morenistas-de-campana-de-desprestigio-en-su-contra\/","og_site_name":"Sonora en Equipo.","article_publisher":"https:\/\/www.facebook.com\/SonoraEE\/","article_author":"https:\/\/www.facebook.com\/SonoraEE","article_published_time":"2022-02-13T01:03:02+00:00","article_modified_time":"2022-02-13T01:09:49+00:00","og_image":[{"width":700,"height":400,"url":"https:\/\/www.sonoraenequipo.com.mx\/storage\/2022\/02\/cuevas2.jpg","type":"image\/jpeg"}],"author":"enequipo","twitter_card":"summary_large_image","twitter_creator":"@sonoraenequipo","twitter_site":"@sonoraenequipo","twitter_misc":{"Escrito por":"enequipo","Tiempo de lectura":"2 minutos"},"schema":{"@context":"https:\/\/schema.org","@graph":[{"@type":"Article","@id":"https:\/\/www.sonoraenequipo.com.mx\/alcaldesa-de-cuauhtemoc-denuncia-a-morenistas-de-campana-de-desprestigio-en-su-contra\/#article","isPartOf":{"@id":"https:\/\/www.sonoraenequipo.com.mx\/alcaldesa-de-cuauhtemoc-denuncia-a-morenistas-de-campana-de-desprestigio-en-su-contra\/"},"author":{"name":"enequipo","@id":"https:\/\/www.sonoraenequipo.com.mx\/#\/schema\/person\/50102df0fb23a8fa9e8effad8fa81386"},"headline":"Alcaldesa de \u00a0Cuauht\u00e9moc acusa a morenistas de campa\u00f1a de desprestigio en su contra","datePublished":"2022-02-13T01:03:02+00:00","dateModified":"2022-02-13T01:09:49+00:00","mainEntityOfPage":{"@id":"https:\/\/www.sonoraenequipo.com.mx\/alcaldesa-de-cuauhtemoc-denuncia-a-morenistas-de-campana-de-desprestigio-en-su-contra\/"},"wordCount":385,"commentCount":0,"publisher":{"@id":"https:\/\/www.sonoraenequipo.com.mx\/#organization"},"image":{"@id":"https:\/\/www.sonoraenequipo.com.mx\/alcaldesa-de-cuauhtemoc-denuncia-a-morenistas-de-campana-de-desprestigio-en-su-contra\/#primaryimage"},"thumbnailUrl":"https:\/\/www.sonoraenequipo.com.mx\/storage\/2022\/02\/cuevas2.jpg","keywords":["Cuauht\u00e9moc","sandra cuevas"],"articleSection":["Rep\u00fablica"],"inLanguage":"es","potentialAction":[{"@type":"CommentAction","name":"Comment","target":["https:\/\/www.sonoraenequipo.com.mx\/alcaldesa-de-cuauhtemoc-denuncia-a-morenistas-de-campana-de-desprestigio-en-su-contra\/#respond"]}]},{"@type":"WebPage","@id":"https:\/\/www.sonoraenequipo.com.mx\/alcaldesa-de-cuauhtemoc-denuncia-a-morenistas-de-campana-de-desprestigio-en-su-contra\/","url":"https:\/\/www.sonoraenequipo.com.mx\/alcaldesa-de-cuauhtemoc-denuncia-a-morenistas-de-campana-de-desprestigio-en-su-contra\/","name":"Sonora en Equipo. Alcaldesa de \u00a0Cuauht\u00e9moc acusa a morenistas de campa\u00f1a de desprestigio en su contra Rep\u00fablica","isPartOf":{"@id":"https:\/\/www.sonoraenequipo.com.mx\/#website"},"primaryImageOfPage":{"@id":"https:\/\/www.sonoraenequipo.com.mx\/alcaldesa-de-cuauhtemoc-denuncia-a-morenistas-de-campana-de-desprestigio-en-su-contra\/#primaryimage"},"image":{"@id":"https:\/\/www.sonoraenequipo.com.mx\/alcaldesa-de-cuauhtemoc-denuncia-a-morenistas-de-campana-de-desprestigio-en-su-contra\/#primaryimage"},"thumbnailUrl":"https:\/\/www.sonoraenequipo.com.mx\/storage\/2022\/02\/cuevas2.jpg","datePublished":"2022-02-13T01:03:02+00:00","dateModified":"2022-02-13T01:09:49+00:00","description":"Alcaldesa de \u00a0Cuauht\u00e9moc denuncia a morenistas de campa\u00f1a de desprestigio en su contra CUAUHT\u00c9MOC,CIUDAD DE M\u00c9XICO,MX.\u2500\u2500La Alcald\u00eda Cuauht\u00e9moc y su En Sonora en Equipo publicamos toda la informaci\u00f3n de Sonora, M\u00e9xico y el Mundo de manera oportuna y busca que la libertad de expresi\u00f3n sea real. Visita nuestro medio informativo publicado desde Hermosillo, Sonora. %","breadcrumb":{"@id":"https:\/\/www.sonoraenequipo.com.mx\/alcaldesa-de-cuauhtemoc-denuncia-a-morenistas-de-campana-de-desprestigio-en-su-contra\/#breadcrumb"},"inLanguage":"es","potentialAction":[{"@type":"ReadAction","target":["https:\/\/www.sonoraenequipo.com.mx\/alcaldesa-de-cuauhtemoc-denuncia-a-morenistas-de-campana-de-desprestigio-en-su-contra\/"]}]},{"@type":"ImageObject","inLanguage":"es","@id":"https:\/\/www.sonoraenequipo.com.mx\/alcaldesa-de-cuauhtemoc-denuncia-a-morenistas-de-campana-de-desprestigio-en-su-contra\/#primaryimage","url":"https:\/\/www.sonoraenequipo.com.mx\/storage\/2022\/02\/cuevas2.jpg","contentUrl":"https:\/\/www.sonoraenequipo.com.mx\/storage\/2022\/02\/cuevas2.jpg","width":700,"height":400},{"@type":"BreadcrumbList","@id":"https:\/\/www.sonoraenequipo.com.mx\/alcaldesa-de-cuauhtemoc-denuncia-a-morenistas-de-campana-de-desprestigio-en-su-contra\/#breadcrumb","itemListElement":[{"@type":"ListItem","position":1,"name":"Portada","item":"https:\/\/www.sonoraenequipo.com.mx\/"},{"@type":"ListItem","position":2,"name":"Alcaldesa de \u00a0Cuauht\u00e9moc acusa a morenistas de campa\u00f1a de desprestigio en su contra"}]},{"@type":"WebSite","@id":"https:\/\/www.sonoraenequipo.com.mx\/#website","url":"https:\/\/www.sonoraenequipo.com.mx\/","name":"Sonora en Equipo.","description":"Diario en l\u00ednea con Noticias desde Hermosillo, Sonora","publisher":{"@id":"https:\/\/www.sonoraenequipo.com.mx\/#organization"},"potentialAction":[{"@type":"SearchAction","target":{"@type":"EntryPoint","urlTemplate":"https:\/\/www.sonoraenequipo.com.mx\/?s={search_term_string}"},"query-input":{"@type":"PropertyValueSpecification","valueRequired":true,"valueName":"search_term_string"}}],"inLanguage":"es"},{"@type":"Organization","@id":"https:\/\/www.sonoraenequipo.com.mx\/#organization","name":"Sonoraenequipo.com.mx","url":"https:\/\/www.sonoraenequipo.com.mx\/","logo":{"@type":"ImageObject","inLanguage":"es","@id":"https:\/\/www.sonoraenequipo.com.mx\/#\/schema\/logo\/image\/","url":"https:\/\/www.sonoraenequipo.com.mx\/storage\/2019\/01\/sonoraenequipo_opt.png","contentUrl":"https:\/\/www.sonoraenequipo.com.mx\/storage\/2019\/01\/sonoraenequipo_opt.png","width":375,"height":125,"caption":"Sonoraenequipo.com.mx"},"image":{"@id":"https:\/\/www.sonoraenequipo.com.mx\/#\/schema\/logo\/image\/"},"sameAs":["https:\/\/www.facebook.com\/SonoraEE\/","https:\/\/x.com\/sonoraenequipo","https:\/\/www.youtube.com\/channel\/UC338nW-lPEYmJQs4ZABQ1SQ"]},{"@type":"Person","@id":"https:\/\/www.sonoraenequipo.com.mx\/#\/schema\/person\/50102df0fb23a8fa9e8effad8fa81386","name":"enequipo","image":{"@type":"ImageObject","inLanguage":"es","@id":"https:\/\/www.sonoraenequipo.com.mx\/#\/schema\/person\/image\/","url":"https:\/\/secure.gravatar.com\/avatar\/049821681b589dabc0bc20695993ccebb09f5b5d4d790cd9251b97faac7c652b?s=96&d=blank&r=g","contentUrl":"https:\/\/secure.gravatar.com\/avatar\/049821681b589dabc0bc20695993ccebb09f5b5d4d790cd9251b97faac7c652b?s=96&d=blank&r=g","caption":"enequipo"},"sameAs":["https:\/\/www.facebook.com\/SonoraEE"]}]}},"jetpack_featured_media_url":"https:\/\/www.sonoraenequipo.com.mx\/storage\/2022\/02\/cuevas2.jpg","_links":{"self":[{"href":"https:\/\/www.sonoraenequipo.com.mx\/api\/wp\/v2\/posts\/133051","targetHints":{"allow":["GET"]}}],"collection":[{"href":"https:\/\/www.sonoraenequipo.com.mx\/api\/wp\/v2\/posts"}],"about":[{"href":"https:\/\/www.sonoraenequipo.com.mx\/api\/wp\/v2\/types\/post"}],"author":[{"embeddable":true,"href":"https:\/\/www.sonoraenequipo.com.mx\/api\/wp\/v2\/users\/1"}],"replies":[{"embeddable":true,"href":"https:\/\/www.sonoraenequipo.com.mx\/api\/wp\/v2\/comments?post=133051"}],"version-history":[{"count":3,"href":"https:\/\/www.sonoraenequipo.com.mx\/api\/wp\/v2\/posts\/133051\/revisions"}],"predecessor-version":[{"id":133056,"href":"https:\/\/www.sonoraenequipo.com.mx\/api\/wp\/v2\/posts\/133051\/revisions\/133056"}],"wp:featuredmedia":[{"embeddable":true,"href":"https:\/\/www.sonoraenequipo.com.mx\/api\/wp\/v2\/media\/133052"}],"wp:attachment":[{"href":"https:\/\/www.sonoraenequipo.com.mx\/api\/wp\/v2\/media?parent=133051"}],"wp:term":[{"taxonomy":"category","embeddable":true,"href":"https:\/\/www.sonoraenequipo.com.mx\/api\/wp\/v2\/categories?post=133051"},{"taxonomy":"post_tag","embeddable":true,"href":"https:\/\/www.sonoraenequipo.com.mx\/api\/wp\/v2\/tags?post=133051"}],"curies":[{"name":"wp","href":"https:\/\/api.w.org\/{rel}","templated":true}]}}