{"id":133201,"date":"2022-02-15T11:25:41","date_gmt":"2022-02-15T18:25:41","guid":{"rendered":"https:\/\/www.sonoraenequipo.com.mx\/?p=133201"},"modified":"2022-02-15T14:06:05","modified_gmt":"2022-02-15T21:06:05","slug":"administracion-federal-de-aviacion-de-eua-certifica-aeronaves-ensambladas-en-la-utg","status":"publish","type":"post","link":"https:\/\/www.sonoraenequipo.com.mx\/administracion-federal-de-aviacion-de-eua-certifica-aeronaves-ensambladas-en-la-utg\/","title":{"rendered":"Administraci\u00f3n Federal de Aviaci\u00f3n de EUA certifica aeronaves ensambladas en la UTG."},"content":{"rendered":"<p>GUAYMAS, SONORA. MX.\u2014 Tras varios d\u00edas de pruebas realizadas, la Administraci\u00f3n Federal de Aviaci\u00f3n de Estados Unidos (FAA, por sus siglas en ingl\u00e9s) finaliz\u00f3 el proceso de certificaci\u00f3n de dos aeronaves ensambladas en la Universidad Tecnol\u00f3gica de Guaymas (UTG), inform\u00f3 Javier Carrizales Salazar.<\/p>\n<p>&nbsp;<\/p>\n<p> <\/p>\n<p>&nbsp;<\/p>\n<p>El rector de la instituci\u00f3n destac\u00f3 que se trata de un importante proyecto en el cual participaron alumnos y egresados de la universidad y a\u00f1adi\u00f3 que se espera que en las pr\u00f3ximas semanas se realice el primer vuelo internacional Tucson-Guaymas.<\/p>\n<p>&nbsp;<\/p>\n<p>&nbsp;<\/p>\n<p><img loading=\"lazy\" decoding=\"async\" class=\"size-medium  x-right\" src=\"https:\/\/www.sonoraenequipo.com.mx\/storage\/2022\/02\/certifican-aeronaves-de-UTG_opt-639x365.jpg\" alt=\"\" width=\"639\" height=\"365\" \/>Explic\u00f3 que el l\u00edder del equipo, Franklin Gaxiola, fundador de la empresa GA Aerospace Corporation, inform\u00f3 a la UTG que las aeronaves fueron trasladadas a la ciudad de Tucson, Arizona, donde se llev\u00f3 a cabo el proceso certificaci\u00f3n por parte de la FAA.<\/p>\n<p>&nbsp;<\/p>\n<p>&nbsp;<\/p>\n<p>Agreg\u00f3 que al concluir con \u00e9xito la primera prueba, qued\u00f3 demostrada la excelencia con la que fueron ensambladas las aeronaves por parte de los estudiantes y egresados de la UTG, quienes tuvieron la oportunidad de formar parte del equipo de este proyecto \u00fanico en el estado de Sonora.<\/p>\n<p>&nbsp;<\/p>\n<p>&nbsp;<\/p>\n<p><em>\u201cEs un hecho hist\u00f3rico, no solo para la universidad sino del estado, lo cual nos llena de mucho orgullo. Continuaremos en este camino con el firme apoyo del gobernador Alfonso Durazo Monta\u00f1o, quien a trav\u00e9s del secretario de Educaci\u00f3n, Aar\u00f3n Grageda Bustamante, ha reiterado su apoyo para impulsar proyectos como \u00e9ste\u201d,<\/em> puntualiz\u00f3.<\/p>\n<p>&nbsp;<\/p>\n<p>&nbsp;<\/p>\n<p>Carrizales Salazar expuso que se espera que en las pr\u00f3ximas semanas se realice el primer vuelo de las aeronaves modelo RV12iS, las cuales partir\u00e1n de la ciudad de Tucson, Arizona, hacia el Aeropuerto de Internacional de Guaymas.<\/p>\n<p>&nbsp;<\/p>\n<p>&nbsp;<\/p>\n<p>Por su parte, \u00c1lvaro Esteban L\u00f3pez Corral, ingeniero Aeron\u00e1utico egresado de la UTG, docente de la universidad e integrante del proyecto desde sus inicios, explic\u00f3 que la certificaci\u00f3n fue realizada en dos etapas.<\/p>\n<p>&nbsp;<\/p>\n<p>&nbsp;<\/p>\n<p>La primera, detall\u00f3, consisti\u00f3 en la revisi\u00f3n t\u00e9cnica y pruebas de tierra, por parte del representante designado de aeronavegabilidad (DAR), Ted Desantis y piloteado por Alan Muhs, personas propuestas por la Administraci\u00f3n Federal de Aviaci\u00f3n (FAA) de Estados Unidos.<\/p>\n<p>&nbsp;<\/p>\n<p>&nbsp;<\/p>\n<p>A\u00f1adi\u00f3 que la segunda etapa finaliz\u00f3 con la prueba de vuelo, la cual obtuvo excelentes resultados.<\/p>\n<p>&nbsp;<\/p>\n<p>&nbsp;<\/p>\n<p>(Publicada el 15\/02\/2022)<\/p>\n<p>&nbsp;<\/p>\n<p>&nbsp;<\/p>\n<p>&nbsp;<\/p>\n","protected":false},"excerpt":{"rendered":"<p>GUAYMAS, SONORA. MX.\u2014 Tras varios d\u00edas de pruebas realizadas, la Administraci\u00f3n Federal de Aviaci\u00f3n de&#8230;<\/p>\n","protected":false},"author":1,"featured_media":133204,"comment_status":"open","ping_status":"open","sticky":false,"template":"","format":"standard","meta":{"_monsterinsights_skip_tracking":false,"_monsterinsights_sitenote_active":false,"_monsterinsights_sitenote_note":"","_monsterinsights_sitenote_category":0,"footnotes":""},"categories":[22],"tags":[],"class_list":["post"],"yoast_head":" \n<title>Sonora en Equipo. Administraci\u00f3n Federal de Aviaci\u00f3n de EUA certifica aeronaves ensambladas en la UTG. Sonora<\/title>\n<meta name=\"description\" content=\"GUAYMAS, SONORA. MX.\u2014 Tras varios d\u00edas de pruebas realizadas, la Administraci\u00f3n Federal de Aviaci\u00f3n de Estados Unidos (FAA, por sus siglas en ingl\u00e9s) En Sonora en Equipo publicamos toda la informaci\u00f3n de Sonora, M\u00e9xico y el Mundo de manera oportuna y busca que la libertad de expresi\u00f3n sea real. Visita nuestro medio informativo publicado desde Hermosillo, Sonora. %\" \/>\n<meta name=\"robots\" content=\"index, follow, max-snippet:-1, max-image-preview:large, max-video-preview:-1\" \/>\n<link rel=\"canonical\" href=\"https:\/\/www.sonoraenequipo.com.mx\/administracion-federal-de-aviacion-de-eua-certifica-aeronaves-ensambladas-en-la-utg\/\" \/>\n<meta property=\"og:locale\" content=\"es_ES\" \/>\n<meta property=\"og:type\" content=\"article\" \/>\n<meta property=\"og:title\" content=\"Sonora en Equipo. Administraci\u00f3n Federal de Aviaci\u00f3n de EUA certifica aeronaves ensambladas en la UTG. Sonora\" \/>\n<meta property=\"og:description\" content=\"GUAYMAS, SONORA. MX.\u2014 Tras varios d\u00edas de pruebas realizadas, la Administraci\u00f3n Federal de Aviaci\u00f3n de Estados Unidos (FAA, por sus siglas en ingl\u00e9s) En Sonora en Equipo publicamos toda la informaci\u00f3n de Sonora, M\u00e9xico y el Mundo de manera oportuna y busca que la libertad de expresi\u00f3n sea real. Visita nuestro medio informativo publicado desde Hermosillo, Sonora. %\" \/>\n<meta property=\"og:url\" content=\"https:\/\/www.sonoraenequipo.com.mx\/administracion-federal-de-aviacion-de-eua-certifica-aeronaves-ensambladas-en-la-utg\/\" \/>\n<meta property=\"og:site_name\" content=\"Sonora en Equipo.\" \/>\n<meta property=\"article:publisher\" content=\"https:\/\/www.facebook.com\/SonoraEE\/\" \/>\n<meta property=\"article:author\" content=\"https:\/\/www.facebook.com\/SonoraEE\" \/>\n<meta property=\"article:published_time\" content=\"2022-02-15T18:25:41+00:00\" \/>\n<meta property=\"article:modified_time\" content=\"2022-02-15T21:06:05+00:00\" \/>\n<meta property=\"og:image\" content=\"https:\/\/www.sonoraenequipo.com.mx\/storage\/2022\/02\/Aeronaves-hechas-en-Sonora_opt.jpg\" \/>\n\t<meta property=\"og:image:width\" content=\"700\" \/>\n\t<meta property=\"og:image:height\" content=\"400\" \/>\n\t<meta property=\"og:image:type\" content=\"image\/jpeg\" \/>\n<meta name=\"author\" content=\"enequipo\" \/>\n<meta name=\"twitter:card\" content=\"summary_large_image\" \/>\n<meta name=\"twitter:creator\" content=\"@sonoraenequipo\" \/>\n<meta name=\"twitter:site\" content=\"@sonoraenequipo\" \/>\n<meta name=\"twitter:label1\" content=\"Escrito por\" \/>\n\t<meta name=\"twitter:data1\" content=\"enequipo\" \/>\n\t<meta name=\"twitter:label2\" content=\"Tiempo de lectura\" \/>\n\t<meta name=\"twitter:data2\" content=\"2 minutos\" \/>\n<script type=\"application\/ld+json\" class=\"yoast-schema-graph\">{\"@context\":\"https:\/\/schema.org\",\"@graph\":[{\"@type\":\"Article\",\"@id\":\"https:\/\/www.sonoraenequipo.com.mx\/administracion-federal-de-aviacion-de-eua-certifica-aeronaves-ensambladas-en-la-utg\/#article\",\"isPartOf\":{\"@id\":\"https:\/\/www.sonoraenequipo.com.mx\/administracion-federal-de-aviacion-de-eua-certifica-aeronaves-ensambladas-en-la-utg\/\"},\"author\":{\"name\":\"enequipo\",\"@id\":\"https:\/\/www.sonoraenequipo.com.mx\/#\/schema\/person\/50102df0fb23a8fa9e8effad8fa81386\"},\"headline\":\"Administraci\u00f3n Federal de Aviaci\u00f3n de EUA certifica aeronaves ensambladas en la UTG.\",\"datePublished\":\"2022-02-15T18:25:41+00:00\",\"dateModified\":\"2022-02-15T21:06:05+00:00\",\"mainEntityOfPage\":{\"@id\":\"https:\/\/www.sonoraenequipo.com.mx\/administracion-federal-de-aviacion-de-eua-certifica-aeronaves-ensambladas-en-la-utg\/\"},\"wordCount\":415,\"commentCount\":0,\"publisher\":{\"@id\":\"https:\/\/www.sonoraenequipo.com.mx\/#organization\"},\"image\":{\"@id\":\"https:\/\/www.sonoraenequipo.com.mx\/administracion-federal-de-aviacion-de-eua-certifica-aeronaves-ensambladas-en-la-utg\/#primaryimage\"},\"thumbnailUrl\":\"https:\/\/www.sonoraenequipo.com.mx\/storage\/2022\/02\/Aeronaves-hechas-en-Sonora_opt.jpg\",\"articleSection\":[\"Sonora\"],\"inLanguage\":\"es\",\"potentialAction\":[{\"@type\":\"CommentAction\",\"name\":\"Comment\",\"target\":[\"https:\/\/www.sonoraenequipo.com.mx\/administracion-federal-de-aviacion-de-eua-certifica-aeronaves-ensambladas-en-la-utg\/#respond\"]}]},{\"@type\":\"WebPage\",\"@id\":\"https:\/\/www.sonoraenequipo.com.mx\/administracion-federal-de-aviacion-de-eua-certifica-aeronaves-ensambladas-en-la-utg\/\",\"url\":\"https:\/\/www.sonoraenequipo.com.mx\/administracion-federal-de-aviacion-de-eua-certifica-aeronaves-ensambladas-en-la-utg\/\",\"name\":\"Sonora en Equipo. Administraci\u00f3n Federal de Aviaci\u00f3n de EUA certifica aeronaves ensambladas en la UTG. Sonora\",\"isPartOf\":{\"@id\":\"https:\/\/www.sonoraenequipo.com.mx\/#website\"},\"primaryImageOfPage\":{\"@id\":\"https:\/\/www.sonoraenequipo.com.mx\/administracion-federal-de-aviacion-de-eua-certifica-aeronaves-ensambladas-en-la-utg\/#primaryimage\"},\"image\":{\"@id\":\"https:\/\/www.sonoraenequipo.com.mx\/administracion-federal-de-aviacion-de-eua-certifica-aeronaves-ensambladas-en-la-utg\/#primaryimage\"},\"thumbnailUrl\":\"https:\/\/www.sonoraenequipo.com.mx\/storage\/2022\/02\/Aeronaves-hechas-en-Sonora_opt.jpg\",\"datePublished\":\"2022-02-15T18:25:41+00:00\",\"dateModified\":\"2022-02-15T21:06:05+00:00\",\"description\":\"GUAYMAS, SONORA. MX.\u2014 Tras varios d\u00edas de pruebas realizadas, la Administraci\u00f3n Federal de Aviaci\u00f3n de Estados Unidos (FAA, por sus siglas en ingl\u00e9s) En Sonora en Equipo publicamos toda la informaci\u00f3n de Sonora, M\u00e9xico y el Mundo de manera oportuna y busca que la libertad de expresi\u00f3n sea real. Visita nuestro medio informativo publicado desde Hermosillo, Sonora. %\",\"breadcrumb\":{\"@id\":\"https:\/\/www.sonoraenequipo.com.mx\/administracion-federal-de-aviacion-de-eua-certifica-aeronaves-ensambladas-en-la-utg\/#breadcrumb\"},\"inLanguage\":\"es\",\"potentialAction\":[{\"@type\":\"ReadAction\",\"target\":[\"https:\/\/www.sonoraenequipo.com.mx\/administracion-federal-de-aviacion-de-eua-certifica-aeronaves-ensambladas-en-la-utg\/\"]}]},{\"@type\":\"ImageObject\",\"inLanguage\":\"es\",\"@id\":\"https:\/\/www.sonoraenequipo.com.mx\/administracion-federal-de-aviacion-de-eua-certifica-aeronaves-ensambladas-en-la-utg\/#primaryimage\",\"url\":\"https:\/\/www.sonoraenequipo.com.mx\/storage\/2022\/02\/Aeronaves-hechas-en-Sonora_opt.jpg\",\"contentUrl\":\"https:\/\/www.sonoraenequipo.com.mx\/storage\/2022\/02\/Aeronaves-hechas-en-Sonora_opt.jpg\",\"width\":700,\"height\":400},{\"@type\":\"BreadcrumbList\",\"@id\":\"https:\/\/www.sonoraenequipo.com.mx\/administracion-federal-de-aviacion-de-eua-certifica-aeronaves-ensambladas-en-la-utg\/#breadcrumb\",\"itemListElement\":[{\"@type\":\"ListItem\",\"position\":1,\"name\":\"Portada\",\"item\":\"https:\/\/www.sonoraenequipo.com.mx\/\"},{\"@type\":\"ListItem\",\"position\":2,\"name\":\"Administraci\u00f3n Federal de Aviaci\u00f3n de EUA certifica aeronaves ensambladas en la UTG.\"}]},{\"@type\":\"WebSite\",\"@id\":\"https:\/\/www.sonoraenequipo.com.mx\/#website\",\"url\":\"https:\/\/www.sonoraenequipo.com.mx\/\",\"name\":\"Sonora en Equipo.\",\"description\":\"Diario en l\u00ednea con Noticias desde Hermosillo, Sonora\",\"publisher\":{\"@id\":\"https:\/\/www.sonoraenequipo.com.mx\/#organization\"},\"potentialAction\":[{\"@type\":\"SearchAction\",\"target\":{\"@type\":\"EntryPoint\",\"urlTemplate\":\"https:\/\/www.sonoraenequipo.com.mx\/?s={search_term_string}\"},\"query-input\":{\"@type\":\"PropertyValueSpecification\",\"valueRequired\":true,\"valueName\":\"search_term_string\"}}],\"inLanguage\":\"es\"},{\"@type\":\"Organization\",\"@id\":\"https:\/\/www.sonoraenequipo.com.mx\/#organization\",\"name\":\"Sonoraenequipo.com.mx\",\"url\":\"https:\/\/www.sonoraenequipo.com.mx\/\",\"logo\":{\"@type\":\"ImageObject\",\"inLanguage\":\"es\",\"@id\":\"https:\/\/www.sonoraenequipo.com.mx\/#\/schema\/logo\/image\/\",\"url\":\"https:\/\/www.sonoraenequipo.com.mx\/storage\/2019\/01\/sonoraenequipo_opt.png\",\"contentUrl\":\"https:\/\/www.sonoraenequipo.com.mx\/storage\/2019\/01\/sonoraenequipo_opt.png\",\"width\":375,\"height\":125,\"caption\":\"Sonoraenequipo.com.mx\"},\"image\":{\"@id\":\"https:\/\/www.sonoraenequipo.com.mx\/#\/schema\/logo\/image\/\"},\"sameAs\":[\"https:\/\/www.facebook.com\/SonoraEE\/\",\"https:\/\/x.com\/sonoraenequipo\",\"https:\/\/www.youtube.com\/channel\/UC338nW-lPEYmJQs4ZABQ1SQ\"]},{\"@type\":\"Person\",\"@id\":\"https:\/\/www.sonoraenequipo.com.mx\/#\/schema\/person\/50102df0fb23a8fa9e8effad8fa81386\",\"name\":\"enequipo\",\"image\":{\"@type\":\"ImageObject\",\"inLanguage\":\"es\",\"@id\":\"https:\/\/www.sonoraenequipo.com.mx\/#\/schema\/person\/image\/\",\"url\":\"https:\/\/secure.gravatar.com\/avatar\/049821681b589dabc0bc20695993ccebb09f5b5d4d790cd9251b97faac7c652b?s=96&d=blank&r=g\",\"contentUrl\":\"https:\/\/secure.gravatar.com\/avatar\/049821681b589dabc0bc20695993ccebb09f5b5d4d790cd9251b97faac7c652b?s=96&d=blank&r=g\",\"caption\":\"enequipo\"},\"sameAs\":[\"https:\/\/www.facebook.com\/SonoraEE\"]}]}<\/script>\n ","yoast_head_json":{"title":"Sonora en Equipo. Administraci\u00f3n Federal de Aviaci\u00f3n de EUA certifica aeronaves ensambladas en la UTG. Sonora","description":"GUAYMAS, SONORA. MX.\u2014 Tras varios d\u00edas de pruebas realizadas, la Administraci\u00f3n Federal de Aviaci\u00f3n de Estados Unidos (FAA, por sus siglas en ingl\u00e9s) En Sonora en Equipo publicamos toda la informaci\u00f3n de Sonora, M\u00e9xico y el Mundo de manera oportuna y busca que la libertad de expresi\u00f3n sea real. Visita nuestro medio informativo publicado desde Hermosillo, Sonora. %","robots":{"index":"index","follow":"follow","max-snippet":"max-snippet:-1","max-image-preview":"max-image-preview:large","max-video-preview":"max-video-preview:-1"},"canonical":"https:\/\/www.sonoraenequipo.com.mx\/administracion-federal-de-aviacion-de-eua-certifica-aeronaves-ensambladas-en-la-utg\/","og_locale":"es_ES","og_type":"article","og_title":"Sonora en Equipo. Administraci\u00f3n Federal de Aviaci\u00f3n de EUA certifica aeronaves ensambladas en la UTG. Sonora","og_description":"GUAYMAS, SONORA. MX.\u2014 Tras varios d\u00edas de pruebas realizadas, la Administraci\u00f3n Federal de Aviaci\u00f3n de Estados Unidos (FAA, por sus siglas en ingl\u00e9s) En Sonora en Equipo publicamos toda la informaci\u00f3n de Sonora, M\u00e9xico y el Mundo de manera oportuna y busca que la libertad de expresi\u00f3n sea real. Visita nuestro medio informativo publicado desde Hermosillo, Sonora. %","og_url":"https:\/\/www.sonoraenequipo.com.mx\/administracion-federal-de-aviacion-de-eua-certifica-aeronaves-ensambladas-en-la-utg\/","og_site_name":"Sonora en Equipo.","article_publisher":"https:\/\/www.facebook.com\/SonoraEE\/","article_author":"https:\/\/www.facebook.com\/SonoraEE","article_published_time":"2022-02-15T18:25:41+00:00","article_modified_time":"2022-02-15T21:06:05+00:00","og_image":[{"width":700,"height":400,"url":"https:\/\/www.sonoraenequipo.com.mx\/storage\/2022\/02\/Aeronaves-hechas-en-Sonora_opt.jpg","type":"image\/jpeg"}],"author":"enequipo","twitter_card":"summary_large_image","twitter_creator":"@sonoraenequipo","twitter_site":"@sonoraenequipo","twitter_misc":{"Escrito por":"enequipo","Tiempo de lectura":"2 minutos"},"schema":{"@context":"https:\/\/schema.org","@graph":[{"@type":"Article","@id":"https:\/\/www.sonoraenequipo.com.mx\/administracion-federal-de-aviacion-de-eua-certifica-aeronaves-ensambladas-en-la-utg\/#article","isPartOf":{"@id":"https:\/\/www.sonoraenequipo.com.mx\/administracion-federal-de-aviacion-de-eua-certifica-aeronaves-ensambladas-en-la-utg\/"},"author":{"name":"enequipo","@id":"https:\/\/www.sonoraenequipo.com.mx\/#\/schema\/person\/50102df0fb23a8fa9e8effad8fa81386"},"headline":"Administraci\u00f3n Federal de Aviaci\u00f3n de EUA certifica aeronaves ensambladas en la UTG.","datePublished":"2022-02-15T18:25:41+00:00","dateModified":"2022-02-15T21:06:05+00:00","mainEntityOfPage":{"@id":"https:\/\/www.sonoraenequipo.com.mx\/administracion-federal-de-aviacion-de-eua-certifica-aeronaves-ensambladas-en-la-utg\/"},"wordCount":415,"commentCount":0,"publisher":{"@id":"https:\/\/www.sonoraenequipo.com.mx\/#organization"},"image":{"@id":"https:\/\/www.sonoraenequipo.com.mx\/administracion-federal-de-aviacion-de-eua-certifica-aeronaves-ensambladas-en-la-utg\/#primaryimage"},"thumbnailUrl":"https:\/\/www.sonoraenequipo.com.mx\/storage\/2022\/02\/Aeronaves-hechas-en-Sonora_opt.jpg","articleSection":["Sonora"],"inLanguage":"es","potentialAction":[{"@type":"CommentAction","name":"Comment","target":["https:\/\/www.sonoraenequipo.com.mx\/administracion-federal-de-aviacion-de-eua-certifica-aeronaves-ensambladas-en-la-utg\/#respond"]}]},{"@type":"WebPage","@id":"https:\/\/www.sonoraenequipo.com.mx\/administracion-federal-de-aviacion-de-eua-certifica-aeronaves-ensambladas-en-la-utg\/","url":"https:\/\/www.sonoraenequipo.com.mx\/administracion-federal-de-aviacion-de-eua-certifica-aeronaves-ensambladas-en-la-utg\/","name":"Sonora en Equipo. Administraci\u00f3n Federal de Aviaci\u00f3n de EUA certifica aeronaves ensambladas en la UTG. Sonora","isPartOf":{"@id":"https:\/\/www.sonoraenequipo.com.mx\/#website"},"primaryImageOfPage":{"@id":"https:\/\/www.sonoraenequipo.com.mx\/administracion-federal-de-aviacion-de-eua-certifica-aeronaves-ensambladas-en-la-utg\/#primaryimage"},"image":{"@id":"https:\/\/www.sonoraenequipo.com.mx\/administracion-federal-de-aviacion-de-eua-certifica-aeronaves-ensambladas-en-la-utg\/#primaryimage"},"thumbnailUrl":"https:\/\/www.sonoraenequipo.com.mx\/storage\/2022\/02\/Aeronaves-hechas-en-Sonora_opt.jpg","datePublished":"2022-02-15T18:25:41+00:00","dateModified":"2022-02-15T21:06:05+00:00","description":"GUAYMAS, SONORA. MX.\u2014 Tras varios d\u00edas de pruebas realizadas, la Administraci\u00f3n Federal de Aviaci\u00f3n de Estados Unidos (FAA, por sus siglas en ingl\u00e9s) En Sonora en Equipo publicamos toda la informaci\u00f3n de Sonora, M\u00e9xico y el Mundo de manera oportuna y busca que la libertad de expresi\u00f3n sea real. Visita nuestro medio informativo publicado desde Hermosillo, Sonora. %","breadcrumb":{"@id":"https:\/\/www.sonoraenequipo.com.mx\/administracion-federal-de-aviacion-de-eua-certifica-aeronaves-ensambladas-en-la-utg\/#breadcrumb"},"inLanguage":"es","potentialAction":[{"@type":"ReadAction","target":["https:\/\/www.sonoraenequipo.com.mx\/administracion-federal-de-aviacion-de-eua-certifica-aeronaves-ensambladas-en-la-utg\/"]}]},{"@type":"ImageObject","inLanguage":"es","@id":"https:\/\/www.sonoraenequipo.com.mx\/administracion-federal-de-aviacion-de-eua-certifica-aeronaves-ensambladas-en-la-utg\/#primaryimage","url":"https:\/\/www.sonoraenequipo.com.mx\/storage\/2022\/02\/Aeronaves-hechas-en-Sonora_opt.jpg","contentUrl":"https:\/\/www.sonoraenequipo.com.mx\/storage\/2022\/02\/Aeronaves-hechas-en-Sonora_opt.jpg","width":700,"height":400},{"@type":"BreadcrumbList","@id":"https:\/\/www.sonoraenequipo.com.mx\/administracion-federal-de-aviacion-de-eua-certifica-aeronaves-ensambladas-en-la-utg\/#breadcrumb","itemListElement":[{"@type":"ListItem","position":1,"name":"Portada","item":"https:\/\/www.sonoraenequipo.com.mx\/"},{"@type":"ListItem","position":2,"name":"Administraci\u00f3n Federal de Aviaci\u00f3n de EUA certifica aeronaves ensambladas en la UTG."}]},{"@type":"WebSite","@id":"https:\/\/www.sonoraenequipo.com.mx\/#website","url":"https:\/\/www.sonoraenequipo.com.mx\/","name":"Sonora en Equipo.","description":"Diario en l\u00ednea con Noticias desde Hermosillo, Sonora","publisher":{"@id":"https:\/\/www.sonoraenequipo.com.mx\/#organization"},"potentialAction":[{"@type":"SearchAction","target":{"@type":"EntryPoint","urlTemplate":"https:\/\/www.sonoraenequipo.com.mx\/?s={search_term_string}"},"query-input":{"@type":"PropertyValueSpecification","valueRequired":true,"valueName":"search_term_string"}}],"inLanguage":"es"},{"@type":"Organization","@id":"https:\/\/www.sonoraenequipo.com.mx\/#organization","name":"Sonoraenequipo.com.mx","url":"https:\/\/www.sonoraenequipo.com.mx\/","logo":{"@type":"ImageObject","inLanguage":"es","@id":"https:\/\/www.sonoraenequipo.com.mx\/#\/schema\/logo\/image\/","url":"https:\/\/www.sonoraenequipo.com.mx\/storage\/2019\/01\/sonoraenequipo_opt.png","contentUrl":"https:\/\/www.sonoraenequipo.com.mx\/storage\/2019\/01\/sonoraenequipo_opt.png","width":375,"height":125,"caption":"Sonoraenequipo.com.mx"},"image":{"@id":"https:\/\/www.sonoraenequipo.com.mx\/#\/schema\/logo\/image\/"},"sameAs":["https:\/\/www.facebook.com\/SonoraEE\/","https:\/\/x.com\/sonoraenequipo","https:\/\/www.youtube.com\/channel\/UC338nW-lPEYmJQs4ZABQ1SQ"]},{"@type":"Person","@id":"https:\/\/www.sonoraenequipo.com.mx\/#\/schema\/person\/50102df0fb23a8fa9e8effad8fa81386","name":"enequipo","image":{"@type":"ImageObject","inLanguage":"es","@id":"https:\/\/www.sonoraenequipo.com.mx\/#\/schema\/person\/image\/","url":"https:\/\/secure.gravatar.com\/avatar\/049821681b589dabc0bc20695993ccebb09f5b5d4d790cd9251b97faac7c652b?s=96&d=blank&r=g","contentUrl":"https:\/\/secure.gravatar.com\/avatar\/049821681b589dabc0bc20695993ccebb09f5b5d4d790cd9251b97faac7c652b?s=96&d=blank&r=g","caption":"enequipo"},"sameAs":["https:\/\/www.facebook.com\/SonoraEE"]}]}},"jetpack_featured_media_url":"https:\/\/www.sonoraenequipo.com.mx\/storage\/2022\/02\/Aeronaves-hechas-en-Sonora_opt.jpg","_links":{"self":[{"href":"https:\/\/www.sonoraenequipo.com.mx\/api\/wp\/v2\/posts\/133201","targetHints":{"allow":["GET"]}}],"collection":[{"href":"https:\/\/www.sonoraenequipo.com.mx\/api\/wp\/v2\/posts"}],"about":[{"href":"https:\/\/www.sonoraenequipo.com.mx\/api\/wp\/v2\/types\/post"}],"author":[{"embeddable":true,"href":"https:\/\/www.sonoraenequipo.com.mx\/api\/wp\/v2\/users\/1"}],"replies":[{"embeddable":true,"href":"https:\/\/www.sonoraenequipo.com.mx\/api\/wp\/v2\/comments?post=133201"}],"version-history":[{"count":1,"href":"https:\/\/www.sonoraenequipo.com.mx\/api\/wp\/v2\/posts\/133201\/revisions"}],"predecessor-version":[{"id":133205,"href":"https:\/\/www.sonoraenequipo.com.mx\/api\/wp\/v2\/posts\/133201\/revisions\/133205"}],"wp:featuredmedia":[{"embeddable":true,"href":"https:\/\/www.sonoraenequipo.com.mx\/api\/wp\/v2\/media\/133204"}],"wp:attachment":[{"href":"https:\/\/www.sonoraenequipo.com.mx\/api\/wp\/v2\/media?parent=133201"}],"wp:term":[{"taxonomy":"category","embeddable":true,"href":"https:\/\/www.sonoraenequipo.com.mx\/api\/wp\/v2\/categories?post=133201"},{"taxonomy":"post_tag","embeddable":true,"href":"https:\/\/www.sonoraenequipo.com.mx\/api\/wp\/v2\/tags?post=133201"}],"curies":[{"name":"wp","href":"https:\/\/api.w.org\/{rel}","templated":true}]}}