{"id":133289,"date":"2022-02-16T15:20:14","date_gmt":"2022-02-16T22:20:14","guid":{"rendered":"https:\/\/www.sonoraenequipo.com.mx\/?p=133289"},"modified":"2022-02-16T18:48:14","modified_gmt":"2022-02-17T01:48:14","slug":"mexico-inicia-la-evacuacion-de-al-menos-32-mexicanos-al-sur-de-ucrania","status":"publish","type":"post","link":"https:\/\/www.sonoraenequipo.com.mx\/mexico-inicia-la-evacuacion-de-al-menos-32-mexicanos-al-sur-de-ucrania\/","title":{"rendered":"M\u00e9xico inicia la evacuaci\u00f3n de al menos 32 mexicanos al sur de Ucrania."},"content":{"rendered":"<p>CIUDAD DE M\u00c9XICO. MX. \u2014 El gobierno de M\u00e9xico inici\u00f3 este mi\u00e9rcoles el proceso de movilizaci\u00f3n de al menos 32 mexicanos que viven en Ucrania al sur de ese pa\u00eds, luego de que solicitaron apoyo por seguridad y precauci\u00f3n ante la tensi\u00f3n Cque se vive con Rusia.<\/p>\n<p>&nbsp;<\/p>\n<p> <\/p>\n<p>De acuerdo con datos de la canciller\u00eda mexicana, desde la capital Kiev 15 mexicanos abordaron el autob\u00fas puesto a disposici\u00f3n por la embajada, mientras que otros 17 se trasladar\u00e1n por su cuenta ya sea en coche, tren o autob\u00fas. Se espera que m\u00e1s connacionales se integren.<\/p>\n<p>La idea es conducirlos a la ciudad Ivano-Frankivsk, situada al suroeste del pa\u00eds y a 200 kil\u00f3metros de las fronteras con Polonia, Eslovaqu\u00eda, Hungr\u00eda y Rumania.<\/p>\n<p>El secretario de Relaciones Exteriores, Marcelo Ebrard, inform\u00f3 que ante la situaci\u00f3n de incertidumbre se proporciona asistencia a las personas que buscan alejarse de cualquier zona potencial de conflicto.<\/p>\n<p>&nbsp;<\/p>\n<p><em>\u201cYa iniciamos hoy ese proceso y vamos a estar cuidando a las familias mexicanas que viven en Ucrania, son mexicanas y ucranianas, y tambi\u00e9n menores de edad\u201d<\/em>, inform\u00f3 en un mensaje.<\/p>\n<p>&nbsp;<\/p>\n<p><em>\u201cSe les proporcion\u00f3 el transporte y vamos a estar muy cerca de ellas y de ellos, son familias, para darles la asistencia debida\u201d,<\/em> agreg\u00f3.<\/p>\n<p>&nbsp;<\/p>\n<p>El canciller reiter\u00f3 que no se sabe si la tensi\u00f3n va a empeorar o no, \u201ces dif\u00edcil pronosticarlo, ojal\u00e1 que no sea as\u00ed, estamos en favor de una soluci\u00f3n pac\u00edfica, ojal\u00e1 las negociaciones tengan \u00e9xito; pero mientras tanto, hay que proteger a las personas\u201d.<\/p>\n<p>&nbsp;<\/p>\n<p>Sin detallar el presupuesto, la embajada de M\u00e9xico en Ucrania cubrir\u00e1 los gastos de transporte, alojamiento y alimentaci\u00f3n de las personas durante una semana.<\/p>\n<p><a class=\"twitter-timeline\" data-width=\"640\" data-height=\"960\" data-dnt=\"true\" href=\"https:\/\/twitter.com\/m_ebrard?ref_src=twsrc%5Etfw\">Tweets by m_ebrard<\/a><script async src=\"https:\/\/platform.twitter.com\/widgets.js\" charset=\"utf-8\"><\/script><\/p>\n<p>&nbsp;<\/p>\n<p>(Publicada el 16\/02\/2022)<\/p>\n","protected":false},"excerpt":{"rendered":"<p>CIUDAD DE M\u00c9XICO. MX. \u2014 El gobierno de M\u00e9xico inici\u00f3 este mi\u00e9rcoles el proceso de&#8230;<\/p>\n","protected":false},"author":1,"featured_media":133290,"comment_status":"open","ping_status":"open","sticky":false,"template":"","format":"standard","meta":{"_monsterinsights_skip_tracking":false,"_monsterinsights_sitenote_active":false,"_monsterinsights_sitenote_note":"","_monsterinsights_sitenote_category":0,"footnotes":""},"categories":[3],"tags":[],"class_list":["post"],"yoast_head":" \n<title>Sonora en Equipo. M\u00e9xico inicia la evacuaci\u00f3n de al menos 32 mexicanos al sur de Ucrania. MUNDO<\/title>\n<meta name=\"description\" content=\"CIUDAD DE M\u00c9XICO. MX. \u2014 El gobierno de M\u00e9xico inici\u00f3 este mi\u00e9rcoles el proceso de movilizaci\u00f3n de al menos 32 mexicanos que viven en Ucrania al sur de ese En Sonora en Equipo publicamos toda la informaci\u00f3n de Sonora, M\u00e9xico y el Mundo de manera oportuna y busca que la libertad de expresi\u00f3n sea real. Visita nuestro medio informativo publicado desde Hermosillo, Sonora. %\" \/>\n<meta name=\"robots\" content=\"index, follow, max-snippet:-1, max-image-preview:large, max-video-preview:-1\" \/>\n<link rel=\"canonical\" href=\"https:\/\/www.sonoraenequipo.com.mx\/mexico-inicia-la-evacuacion-de-al-menos-32-mexicanos-al-sur-de-ucrania\/\" \/>\n<meta property=\"og:locale\" content=\"es_ES\" \/>\n<meta property=\"og:type\" content=\"article\" \/>\n<meta property=\"og:title\" content=\"Sonora en Equipo. M\u00e9xico inicia la evacuaci\u00f3n de al menos 32 mexicanos al sur de Ucrania. MUNDO\" \/>\n<meta property=\"og:description\" content=\"CIUDAD DE M\u00c9XICO. MX. \u2014 El gobierno de M\u00e9xico inici\u00f3 este mi\u00e9rcoles el proceso de movilizaci\u00f3n de al menos 32 mexicanos que viven en Ucrania al sur de ese En Sonora en Equipo publicamos toda la informaci\u00f3n de Sonora, M\u00e9xico y el Mundo de manera oportuna y busca que la libertad de expresi\u00f3n sea real. Visita nuestro medio informativo publicado desde Hermosillo, Sonora. %\" \/>\n<meta property=\"og:url\" content=\"https:\/\/www.sonoraenequipo.com.mx\/mexico-inicia-la-evacuacion-de-al-menos-32-mexicanos-al-sur-de-ucrania\/\" \/>\n<meta property=\"og:site_name\" content=\"Sonora en Equipo.\" \/>\n<meta property=\"article:publisher\" content=\"https:\/\/www.facebook.com\/SonoraEE\/\" \/>\n<meta property=\"article:author\" content=\"https:\/\/www.facebook.com\/SonoraEE\" \/>\n<meta property=\"article:published_time\" content=\"2022-02-16T22:20:14+00:00\" \/>\n<meta property=\"article:modified_time\" content=\"2022-02-17T01:48:14+00:00\" \/>\n<meta property=\"og:image\" content=\"https:\/\/www.sonoraenequipo.com.mx\/storage\/2022\/02\/Mexicanos-evacuan-Ucrania_opt.jpg\" \/>\n\t<meta property=\"og:image:width\" content=\"700\" \/>\n\t<meta property=\"og:image:height\" content=\"400\" \/>\n\t<meta property=\"og:image:type\" content=\"image\/jpeg\" \/>\n<meta name=\"author\" content=\"enequipo\" \/>\n<meta name=\"twitter:card\" content=\"summary_large_image\" \/>\n<meta name=\"twitter:creator\" content=\"@sonoraenequipo\" \/>\n<meta name=\"twitter:site\" content=\"@sonoraenequipo\" \/>\n<meta name=\"twitter:label1\" content=\"Escrito por\" \/>\n\t<meta name=\"twitter:data1\" content=\"enequipo\" \/>\n\t<meta name=\"twitter:label2\" content=\"Tiempo de lectura\" \/>\n\t<meta name=\"twitter:data2\" content=\"2 minutos\" \/>\n<script type=\"application\/ld+json\" class=\"yoast-schema-graph\">{\"@context\":\"https:\/\/schema.org\",\"@graph\":[{\"@type\":\"Article\",\"@id\":\"https:\/\/www.sonoraenequipo.com.mx\/mexico-inicia-la-evacuacion-de-al-menos-32-mexicanos-al-sur-de-ucrania\/#article\",\"isPartOf\":{\"@id\":\"https:\/\/www.sonoraenequipo.com.mx\/mexico-inicia-la-evacuacion-de-al-menos-32-mexicanos-al-sur-de-ucrania\/\"},\"author\":{\"name\":\"enequipo\",\"@id\":\"https:\/\/www.sonoraenequipo.com.mx\/#\/schema\/person\/50102df0fb23a8fa9e8effad8fa81386\"},\"headline\":\"M\u00e9xico inicia la evacuaci\u00f3n de al menos 32 mexicanos al sur de Ucrania.\",\"datePublished\":\"2022-02-16T22:20:14+00:00\",\"dateModified\":\"2022-02-17T01:48:14+00:00\",\"mainEntityOfPage\":{\"@id\":\"https:\/\/www.sonoraenequipo.com.mx\/mexico-inicia-la-evacuacion-de-al-menos-32-mexicanos-al-sur-de-ucrania\/\"},\"wordCount\":318,\"commentCount\":0,\"publisher\":{\"@id\":\"https:\/\/www.sonoraenequipo.com.mx\/#organization\"},\"image\":{\"@id\":\"https:\/\/www.sonoraenequipo.com.mx\/mexico-inicia-la-evacuacion-de-al-menos-32-mexicanos-al-sur-de-ucrania\/#primaryimage\"},\"thumbnailUrl\":\"https:\/\/www.sonoraenequipo.com.mx\/storage\/2022\/02\/Mexicanos-evacuan-Ucrania_opt.jpg\",\"articleSection\":[\"MUNDO\"],\"inLanguage\":\"es\",\"potentialAction\":[{\"@type\":\"CommentAction\",\"name\":\"Comment\",\"target\":[\"https:\/\/www.sonoraenequipo.com.mx\/mexico-inicia-la-evacuacion-de-al-menos-32-mexicanos-al-sur-de-ucrania\/#respond\"]}]},{\"@type\":\"WebPage\",\"@id\":\"https:\/\/www.sonoraenequipo.com.mx\/mexico-inicia-la-evacuacion-de-al-menos-32-mexicanos-al-sur-de-ucrania\/\",\"url\":\"https:\/\/www.sonoraenequipo.com.mx\/mexico-inicia-la-evacuacion-de-al-menos-32-mexicanos-al-sur-de-ucrania\/\",\"name\":\"Sonora en Equipo. M\u00e9xico inicia la evacuaci\u00f3n de al menos 32 mexicanos al sur de Ucrania. MUNDO\",\"isPartOf\":{\"@id\":\"https:\/\/www.sonoraenequipo.com.mx\/#website\"},\"primaryImageOfPage\":{\"@id\":\"https:\/\/www.sonoraenequipo.com.mx\/mexico-inicia-la-evacuacion-de-al-menos-32-mexicanos-al-sur-de-ucrania\/#primaryimage\"},\"image\":{\"@id\":\"https:\/\/www.sonoraenequipo.com.mx\/mexico-inicia-la-evacuacion-de-al-menos-32-mexicanos-al-sur-de-ucrania\/#primaryimage\"},\"thumbnailUrl\":\"https:\/\/www.sonoraenequipo.com.mx\/storage\/2022\/02\/Mexicanos-evacuan-Ucrania_opt.jpg\",\"datePublished\":\"2022-02-16T22:20:14+00:00\",\"dateModified\":\"2022-02-17T01:48:14+00:00\",\"description\":\"CIUDAD DE M\u00c9XICO. MX. \u2014 El gobierno de M\u00e9xico inici\u00f3 este mi\u00e9rcoles el proceso de movilizaci\u00f3n de al menos 32 mexicanos que viven en Ucrania al sur de ese En Sonora en Equipo publicamos toda la informaci\u00f3n de Sonora, M\u00e9xico y el Mundo de manera oportuna y busca que la libertad de expresi\u00f3n sea real. Visita nuestro medio informativo publicado desde Hermosillo, Sonora. %\",\"breadcrumb\":{\"@id\":\"https:\/\/www.sonoraenequipo.com.mx\/mexico-inicia-la-evacuacion-de-al-menos-32-mexicanos-al-sur-de-ucrania\/#breadcrumb\"},\"inLanguage\":\"es\",\"potentialAction\":[{\"@type\":\"ReadAction\",\"target\":[\"https:\/\/www.sonoraenequipo.com.mx\/mexico-inicia-la-evacuacion-de-al-menos-32-mexicanos-al-sur-de-ucrania\/\"]}]},{\"@type\":\"ImageObject\",\"inLanguage\":\"es\",\"@id\":\"https:\/\/www.sonoraenequipo.com.mx\/mexico-inicia-la-evacuacion-de-al-menos-32-mexicanos-al-sur-de-ucrania\/#primaryimage\",\"url\":\"https:\/\/www.sonoraenequipo.com.mx\/storage\/2022\/02\/Mexicanos-evacuan-Ucrania_opt.jpg\",\"contentUrl\":\"https:\/\/www.sonoraenequipo.com.mx\/storage\/2022\/02\/Mexicanos-evacuan-Ucrania_opt.jpg\",\"width\":700,\"height\":400},{\"@type\":\"BreadcrumbList\",\"@id\":\"https:\/\/www.sonoraenequipo.com.mx\/mexico-inicia-la-evacuacion-de-al-menos-32-mexicanos-al-sur-de-ucrania\/#breadcrumb\",\"itemListElement\":[{\"@type\":\"ListItem\",\"position\":1,\"name\":\"Portada\",\"item\":\"https:\/\/www.sonoraenequipo.com.mx\/\"},{\"@type\":\"ListItem\",\"position\":2,\"name\":\"M\u00e9xico inicia la evacuaci\u00f3n de al menos 32 mexicanos al sur de Ucrania.\"}]},{\"@type\":\"WebSite\",\"@id\":\"https:\/\/www.sonoraenequipo.com.mx\/#website\",\"url\":\"https:\/\/www.sonoraenequipo.com.mx\/\",\"name\":\"Sonora en Equipo.\",\"description\":\"Diario en l\u00ednea con Noticias desde Hermosillo, Sonora\",\"publisher\":{\"@id\":\"https:\/\/www.sonoraenequipo.com.mx\/#organization\"},\"potentialAction\":[{\"@type\":\"SearchAction\",\"target\":{\"@type\":\"EntryPoint\",\"urlTemplate\":\"https:\/\/www.sonoraenequipo.com.mx\/?s={search_term_string}\"},\"query-input\":{\"@type\":\"PropertyValueSpecification\",\"valueRequired\":true,\"valueName\":\"search_term_string\"}}],\"inLanguage\":\"es\"},{\"@type\":\"Organization\",\"@id\":\"https:\/\/www.sonoraenequipo.com.mx\/#organization\",\"name\":\"Sonoraenequipo.com.mx\",\"url\":\"https:\/\/www.sonoraenequipo.com.mx\/\",\"logo\":{\"@type\":\"ImageObject\",\"inLanguage\":\"es\",\"@id\":\"https:\/\/www.sonoraenequipo.com.mx\/#\/schema\/logo\/image\/\",\"url\":\"https:\/\/www.sonoraenequipo.com.mx\/storage\/2019\/01\/sonoraenequipo_opt.png\",\"contentUrl\":\"https:\/\/www.sonoraenequipo.com.mx\/storage\/2019\/01\/sonoraenequipo_opt.png\",\"width\":375,\"height\":125,\"caption\":\"Sonoraenequipo.com.mx\"},\"image\":{\"@id\":\"https:\/\/www.sonoraenequipo.com.mx\/#\/schema\/logo\/image\/\"},\"sameAs\":[\"https:\/\/www.facebook.com\/SonoraEE\/\",\"https:\/\/x.com\/sonoraenequipo\",\"https:\/\/www.youtube.com\/channel\/UC338nW-lPEYmJQs4ZABQ1SQ\"]},{\"@type\":\"Person\",\"@id\":\"https:\/\/www.sonoraenequipo.com.mx\/#\/schema\/person\/50102df0fb23a8fa9e8effad8fa81386\",\"name\":\"enequipo\",\"image\":{\"@type\":\"ImageObject\",\"inLanguage\":\"es\",\"@id\":\"https:\/\/www.sonoraenequipo.com.mx\/#\/schema\/person\/image\/\",\"url\":\"https:\/\/secure.gravatar.com\/avatar\/049821681b589dabc0bc20695993ccebb09f5b5d4d790cd9251b97faac7c652b?s=96&d=blank&r=g\",\"contentUrl\":\"https:\/\/secure.gravatar.com\/avatar\/049821681b589dabc0bc20695993ccebb09f5b5d4d790cd9251b97faac7c652b?s=96&d=blank&r=g\",\"caption\":\"enequipo\"},\"sameAs\":[\"https:\/\/www.facebook.com\/SonoraEE\"]}]}<\/script>\n ","yoast_head_json":{"title":"Sonora en Equipo. M\u00e9xico inicia la evacuaci\u00f3n de al menos 32 mexicanos al sur de Ucrania. MUNDO","description":"CIUDAD DE M\u00c9XICO. MX. \u2014 El gobierno de M\u00e9xico inici\u00f3 este mi\u00e9rcoles el proceso de movilizaci\u00f3n de al menos 32 mexicanos que viven en Ucrania al sur de ese En Sonora en Equipo publicamos toda la informaci\u00f3n de Sonora, M\u00e9xico y el Mundo de manera oportuna y busca que la libertad de expresi\u00f3n sea real. Visita nuestro medio informativo publicado desde Hermosillo, Sonora. %","robots":{"index":"index","follow":"follow","max-snippet":"max-snippet:-1","max-image-preview":"max-image-preview:large","max-video-preview":"max-video-preview:-1"},"canonical":"https:\/\/www.sonoraenequipo.com.mx\/mexico-inicia-la-evacuacion-de-al-menos-32-mexicanos-al-sur-de-ucrania\/","og_locale":"es_ES","og_type":"article","og_title":"Sonora en Equipo. M\u00e9xico inicia la evacuaci\u00f3n de al menos 32 mexicanos al sur de Ucrania. MUNDO","og_description":"CIUDAD DE M\u00c9XICO. MX. \u2014 El gobierno de M\u00e9xico inici\u00f3 este mi\u00e9rcoles el proceso de movilizaci\u00f3n de al menos 32 mexicanos que viven en Ucrania al sur de ese En Sonora en Equipo publicamos toda la informaci\u00f3n de Sonora, M\u00e9xico y el Mundo de manera oportuna y busca que la libertad de expresi\u00f3n sea real. Visita nuestro medio informativo publicado desde Hermosillo, Sonora. %","og_url":"https:\/\/www.sonoraenequipo.com.mx\/mexico-inicia-la-evacuacion-de-al-menos-32-mexicanos-al-sur-de-ucrania\/","og_site_name":"Sonora en Equipo.","article_publisher":"https:\/\/www.facebook.com\/SonoraEE\/","article_author":"https:\/\/www.facebook.com\/SonoraEE","article_published_time":"2022-02-16T22:20:14+00:00","article_modified_time":"2022-02-17T01:48:14+00:00","og_image":[{"width":700,"height":400,"url":"https:\/\/www.sonoraenequipo.com.mx\/storage\/2022\/02\/Mexicanos-evacuan-Ucrania_opt.jpg","type":"image\/jpeg"}],"author":"enequipo","twitter_card":"summary_large_image","twitter_creator":"@sonoraenequipo","twitter_site":"@sonoraenequipo","twitter_misc":{"Escrito por":"enequipo","Tiempo de lectura":"2 minutos"},"schema":{"@context":"https:\/\/schema.org","@graph":[{"@type":"Article","@id":"https:\/\/www.sonoraenequipo.com.mx\/mexico-inicia-la-evacuacion-de-al-menos-32-mexicanos-al-sur-de-ucrania\/#article","isPartOf":{"@id":"https:\/\/www.sonoraenequipo.com.mx\/mexico-inicia-la-evacuacion-de-al-menos-32-mexicanos-al-sur-de-ucrania\/"},"author":{"name":"enequipo","@id":"https:\/\/www.sonoraenequipo.com.mx\/#\/schema\/person\/50102df0fb23a8fa9e8effad8fa81386"},"headline":"M\u00e9xico inicia la evacuaci\u00f3n de al menos 32 mexicanos al sur de Ucrania.","datePublished":"2022-02-16T22:20:14+00:00","dateModified":"2022-02-17T01:48:14+00:00","mainEntityOfPage":{"@id":"https:\/\/www.sonoraenequipo.com.mx\/mexico-inicia-la-evacuacion-de-al-menos-32-mexicanos-al-sur-de-ucrania\/"},"wordCount":318,"commentCount":0,"publisher":{"@id":"https:\/\/www.sonoraenequipo.com.mx\/#organization"},"image":{"@id":"https:\/\/www.sonoraenequipo.com.mx\/mexico-inicia-la-evacuacion-de-al-menos-32-mexicanos-al-sur-de-ucrania\/#primaryimage"},"thumbnailUrl":"https:\/\/www.sonoraenequipo.com.mx\/storage\/2022\/02\/Mexicanos-evacuan-Ucrania_opt.jpg","articleSection":["MUNDO"],"inLanguage":"es","potentialAction":[{"@type":"CommentAction","name":"Comment","target":["https:\/\/www.sonoraenequipo.com.mx\/mexico-inicia-la-evacuacion-de-al-menos-32-mexicanos-al-sur-de-ucrania\/#respond"]}]},{"@type":"WebPage","@id":"https:\/\/www.sonoraenequipo.com.mx\/mexico-inicia-la-evacuacion-de-al-menos-32-mexicanos-al-sur-de-ucrania\/","url":"https:\/\/www.sonoraenequipo.com.mx\/mexico-inicia-la-evacuacion-de-al-menos-32-mexicanos-al-sur-de-ucrania\/","name":"Sonora en Equipo. M\u00e9xico inicia la evacuaci\u00f3n de al menos 32 mexicanos al sur de Ucrania. MUNDO","isPartOf":{"@id":"https:\/\/www.sonoraenequipo.com.mx\/#website"},"primaryImageOfPage":{"@id":"https:\/\/www.sonoraenequipo.com.mx\/mexico-inicia-la-evacuacion-de-al-menos-32-mexicanos-al-sur-de-ucrania\/#primaryimage"},"image":{"@id":"https:\/\/www.sonoraenequipo.com.mx\/mexico-inicia-la-evacuacion-de-al-menos-32-mexicanos-al-sur-de-ucrania\/#primaryimage"},"thumbnailUrl":"https:\/\/www.sonoraenequipo.com.mx\/storage\/2022\/02\/Mexicanos-evacuan-Ucrania_opt.jpg","datePublished":"2022-02-16T22:20:14+00:00","dateModified":"2022-02-17T01:48:14+00:00","description":"CIUDAD DE M\u00c9XICO. MX. \u2014 El gobierno de M\u00e9xico inici\u00f3 este mi\u00e9rcoles el proceso de movilizaci\u00f3n de al menos 32 mexicanos que viven en Ucrania al sur de ese En Sonora en Equipo publicamos toda la informaci\u00f3n de Sonora, M\u00e9xico y el Mundo de manera oportuna y busca que la libertad de expresi\u00f3n sea real. Visita nuestro medio informativo publicado desde Hermosillo, Sonora. %","breadcrumb":{"@id":"https:\/\/www.sonoraenequipo.com.mx\/mexico-inicia-la-evacuacion-de-al-menos-32-mexicanos-al-sur-de-ucrania\/#breadcrumb"},"inLanguage":"es","potentialAction":[{"@type":"ReadAction","target":["https:\/\/www.sonoraenequipo.com.mx\/mexico-inicia-la-evacuacion-de-al-menos-32-mexicanos-al-sur-de-ucrania\/"]}]},{"@type":"ImageObject","inLanguage":"es","@id":"https:\/\/www.sonoraenequipo.com.mx\/mexico-inicia-la-evacuacion-de-al-menos-32-mexicanos-al-sur-de-ucrania\/#primaryimage","url":"https:\/\/www.sonoraenequipo.com.mx\/storage\/2022\/02\/Mexicanos-evacuan-Ucrania_opt.jpg","contentUrl":"https:\/\/www.sonoraenequipo.com.mx\/storage\/2022\/02\/Mexicanos-evacuan-Ucrania_opt.jpg","width":700,"height":400},{"@type":"BreadcrumbList","@id":"https:\/\/www.sonoraenequipo.com.mx\/mexico-inicia-la-evacuacion-de-al-menos-32-mexicanos-al-sur-de-ucrania\/#breadcrumb","itemListElement":[{"@type":"ListItem","position":1,"name":"Portada","item":"https:\/\/www.sonoraenequipo.com.mx\/"},{"@type":"ListItem","position":2,"name":"M\u00e9xico inicia la evacuaci\u00f3n de al menos 32 mexicanos al sur de Ucrania."}]},{"@type":"WebSite","@id":"https:\/\/www.sonoraenequipo.com.mx\/#website","url":"https:\/\/www.sonoraenequipo.com.mx\/","name":"Sonora en Equipo.","description":"Diario en l\u00ednea con Noticias desde Hermosillo, Sonora","publisher":{"@id":"https:\/\/www.sonoraenequipo.com.mx\/#organization"},"potentialAction":[{"@type":"SearchAction","target":{"@type":"EntryPoint","urlTemplate":"https:\/\/www.sonoraenequipo.com.mx\/?s={search_term_string}"},"query-input":{"@type":"PropertyValueSpecification","valueRequired":true,"valueName":"search_term_string"}}],"inLanguage":"es"},{"@type":"Organization","@id":"https:\/\/www.sonoraenequipo.com.mx\/#organization","name":"Sonoraenequipo.com.mx","url":"https:\/\/www.sonoraenequipo.com.mx\/","logo":{"@type":"ImageObject","inLanguage":"es","@id":"https:\/\/www.sonoraenequipo.com.mx\/#\/schema\/logo\/image\/","url":"https:\/\/www.sonoraenequipo.com.mx\/storage\/2019\/01\/sonoraenequipo_opt.png","contentUrl":"https:\/\/www.sonoraenequipo.com.mx\/storage\/2019\/01\/sonoraenequipo_opt.png","width":375,"height":125,"caption":"Sonoraenequipo.com.mx"},"image":{"@id":"https:\/\/www.sonoraenequipo.com.mx\/#\/schema\/logo\/image\/"},"sameAs":["https:\/\/www.facebook.com\/SonoraEE\/","https:\/\/x.com\/sonoraenequipo","https:\/\/www.youtube.com\/channel\/UC338nW-lPEYmJQs4ZABQ1SQ"]},{"@type":"Person","@id":"https:\/\/www.sonoraenequipo.com.mx\/#\/schema\/person\/50102df0fb23a8fa9e8effad8fa81386","name":"enequipo","image":{"@type":"ImageObject","inLanguage":"es","@id":"https:\/\/www.sonoraenequipo.com.mx\/#\/schema\/person\/image\/","url":"https:\/\/secure.gravatar.com\/avatar\/049821681b589dabc0bc20695993ccebb09f5b5d4d790cd9251b97faac7c652b?s=96&d=blank&r=g","contentUrl":"https:\/\/secure.gravatar.com\/avatar\/049821681b589dabc0bc20695993ccebb09f5b5d4d790cd9251b97faac7c652b?s=96&d=blank&r=g","caption":"enequipo"},"sameAs":["https:\/\/www.facebook.com\/SonoraEE"]}]}},"jetpack_featured_media_url":"https:\/\/www.sonoraenequipo.com.mx\/storage\/2022\/02\/Mexicanos-evacuan-Ucrania_opt.jpg","_links":{"self":[{"href":"https:\/\/www.sonoraenequipo.com.mx\/api\/wp\/v2\/posts\/133289","targetHints":{"allow":["GET"]}}],"collection":[{"href":"https:\/\/www.sonoraenequipo.com.mx\/api\/wp\/v2\/posts"}],"about":[{"href":"https:\/\/www.sonoraenequipo.com.mx\/api\/wp\/v2\/types\/post"}],"author":[{"embeddable":true,"href":"https:\/\/www.sonoraenequipo.com.mx\/api\/wp\/v2\/users\/1"}],"replies":[{"embeddable":true,"href":"https:\/\/www.sonoraenequipo.com.mx\/api\/wp\/v2\/comments?post=133289"}],"version-history":[{"count":1,"href":"https:\/\/www.sonoraenequipo.com.mx\/api\/wp\/v2\/posts\/133289\/revisions"}],"predecessor-version":[{"id":133291,"href":"https:\/\/www.sonoraenequipo.com.mx\/api\/wp\/v2\/posts\/133289\/revisions\/133291"}],"wp:featuredmedia":[{"embeddable":true,"href":"https:\/\/www.sonoraenequipo.com.mx\/api\/wp\/v2\/media\/133290"}],"wp:attachment":[{"href":"https:\/\/www.sonoraenequipo.com.mx\/api\/wp\/v2\/media?parent=133289"}],"wp:term":[{"taxonomy":"category","embeddable":true,"href":"https:\/\/www.sonoraenequipo.com.mx\/api\/wp\/v2\/categories?post=133289"},{"taxonomy":"post_tag","embeddable":true,"href":"https:\/\/www.sonoraenequipo.com.mx\/api\/wp\/v2\/tags?post=133289"}],"curies":[{"name":"wp","href":"https:\/\/api.w.org\/{rel}","templated":true}]}}