{"id":133293,"date":"2022-02-16T16:22:42","date_gmt":"2022-02-16T23:22:42","guid":{"rendered":"https:\/\/www.sonoraenequipo.com.mx\/?p=133293"},"modified":"2022-02-16T19:24:11","modified_gmt":"2022-02-17T02:24:11","slug":"renuncia-el-fiscal-general-de-justicia-del-estado-de-mexico-alejandro-gomez","status":"publish","type":"post","link":"https:\/\/www.sonoraenequipo.com.mx\/renuncia-el-fiscal-general-de-justicia-del-estado-de-mexico-alejandro-gomez\/","title":{"rendered":"Renuncia el fiscal general de Justicia del Estado de M\u00e9xico Alejandro G\u00f3mez"},"content":{"rendered":"<p>CIUDAD DE M\u00c9XICO. MX. \u2014 Alejandro G\u00f3mez S\u00e1nchez anunci\u00f3 hoy, 16 de febrero de 2022, su renuncia como fiscal general de Justicia del Estado de M\u00e9xico.<\/p>\n<p>&nbsp;<\/p>\n<p> <\/p>\n<p>&nbsp;<\/p>\n<p><em>\u201cTengo la certeza de que es momento de cerrar este ciclo despu\u00e9s de casi ocho a\u00f1os al frente de esta instituci\u00f3n\u201d,<\/em> dijo en una conferencia de prensa transmitida por la cuenta de facebook de la Fiscal\u00eda General de Justicia del Estado de M\u00e9xico (FGJEM).<\/p>\n<p>&nbsp;<\/p>\n<p>G\u00f3mez S\u00e1nchez puntualiz\u00f3 que la funci\u00f3n de procuraci\u00f3n de Justicia es compleja y exige una dedicaci\u00f3n absoluta. A\u00f1adi\u00f3 que el cargo de fiscal general de justicia conlleva un desgaste personal, f\u00edsico y emocional, as\u00ed como profesional.<\/p>\n<p>&nbsp;<\/p>\n<p>El fiscal anunci\u00f3 que presentar\u00eda ante la Sexag\u00e9sima primera legislatura del Estado de M\u00e9xico su renuncia al cargo.<\/p>\n<p>&nbsp;<\/p>\n<p>Se\u00f1al\u00f3 que en mayo de 2014 fue nombrado procurador general de Justicia del Estado de M\u00e9xico. Dijo que uno de los objetivos principales que se le encomendaron fue la transici\u00f3n de la Procuradur\u00eda General de Justicia a Fiscal\u00eda General de Justicia.<\/p>\n<p>&nbsp;<\/p>\n<p>Agreg\u00f3 que el 9 de diciembre se expidi\u00f3 la Ley de la Fiscal\u00eda General de Justicia del Estado de M\u00e9xico (FGJEM) y tuvo el honor de ser nombrado como el primer fiscal de justicia del Estado de M\u00e9xico para un periodo m\u00e1ximo de 7 a\u00f1os.<\/p>\n<p>&nbsp;<\/p>\n<p>Alejandro G\u00f3mez S\u00e1nchez agreg\u00f3 que en estos casi ocho a\u00f1os al frente de la Fiscal\u00eda del estado M\u00e9xico hay resultados positivos.<\/p>\n<p>&nbsp;<\/p>\n<p>Agradeci\u00f3 la labor de todos los empleados de la FGJEM y lament\u00f3 la muerte de algunos de ellos en cumplimiento de su trabajo o a causa de la pandemia de COVID-19.<\/p>\n<p>&nbsp;<\/p>\n<p>&nbsp;<\/p>\n<p>(Publicada el 16\/02\/2022)<\/p>\n","protected":false},"excerpt":{"rendered":"<p>CIUDAD DE M\u00c9XICO. MX. \u2014 Alejandro G\u00f3mez S\u00e1nchez anunci\u00f3 hoy, 16 de febrero de 2022,&#8230;<\/p>\n","protected":false},"author":1,"featured_media":133296,"comment_status":"open","ping_status":"open","sticky":false,"template":"","format":"standard","meta":{"_monsterinsights_skip_tracking":false,"_monsterinsights_sitenote_active":false,"_monsterinsights_sitenote_note":"","_monsterinsights_sitenote_category":0,"footnotes":""},"categories":[5],"tags":[],"class_list":["post"],"yoast_head":" \n<title>Sonora en Equipo. Renuncia el fiscal general de Justicia del Estado de M\u00e9xico Alejandro G\u00f3mez Rep\u00fablica<\/title>\n<meta name=\"description\" content=\"CIUDAD DE M\u00c9XICO. MX. \u2014 Alejandro G\u00f3mez S\u00e1nchez anunci\u00f3 hoy, 16 de febrero de 2022, su renuncia como fiscal general de Justicia del Estado de M\u00e9xico. En Sonora en Equipo publicamos toda la informaci\u00f3n de Sonora, M\u00e9xico y el Mundo de manera oportuna y busca que la libertad de expresi\u00f3n sea real. Visita nuestro medio informativo publicado desde Hermosillo, Sonora. %\" \/>\n<meta name=\"robots\" content=\"index, follow, max-snippet:-1, max-image-preview:large, max-video-preview:-1\" \/>\n<link rel=\"canonical\" href=\"https:\/\/www.sonoraenequipo.com.mx\/renuncia-el-fiscal-general-de-justicia-del-estado-de-mexico-alejandro-gomez\/\" \/>\n<meta property=\"og:locale\" content=\"es_ES\" \/>\n<meta property=\"og:type\" content=\"article\" \/>\n<meta property=\"og:title\" content=\"Sonora en Equipo. Renuncia el fiscal general de Justicia del Estado de M\u00e9xico Alejandro G\u00f3mez Rep\u00fablica\" \/>\n<meta property=\"og:description\" content=\"CIUDAD DE M\u00c9XICO. MX. \u2014 Alejandro G\u00f3mez S\u00e1nchez anunci\u00f3 hoy, 16 de febrero de 2022, su renuncia como fiscal general de Justicia del Estado de M\u00e9xico. En Sonora en Equipo publicamos toda la informaci\u00f3n de Sonora, M\u00e9xico y el Mundo de manera oportuna y busca que la libertad de expresi\u00f3n sea real. Visita nuestro medio informativo publicado desde Hermosillo, Sonora. %\" \/>\n<meta property=\"og:url\" content=\"https:\/\/www.sonoraenequipo.com.mx\/renuncia-el-fiscal-general-de-justicia-del-estado-de-mexico-alejandro-gomez\/\" \/>\n<meta property=\"og:site_name\" content=\"Sonora en Equipo.\" \/>\n<meta property=\"article:publisher\" content=\"https:\/\/www.facebook.com\/SonoraEE\/\" \/>\n<meta property=\"article:author\" content=\"https:\/\/www.facebook.com\/SonoraEE\" \/>\n<meta property=\"article:published_time\" content=\"2022-02-16T23:22:42+00:00\" \/>\n<meta property=\"article:modified_time\" content=\"2022-02-17T02:24:11+00:00\" \/>\n<meta property=\"og:image\" content=\"https:\/\/www.sonoraenequipo.com.mx\/storage\/2022\/02\/alejandro-gomez-sanchez_opt.jpg\" \/>\n\t<meta property=\"og:image:width\" content=\"711\" \/>\n\t<meta property=\"og:image:height\" content=\"400\" \/>\n\t<meta property=\"og:image:type\" content=\"image\/jpeg\" \/>\n<meta name=\"author\" content=\"enequipo\" \/>\n<meta name=\"twitter:card\" content=\"summary_large_image\" \/>\n<meta name=\"twitter:creator\" content=\"@sonoraenequipo\" \/>\n<meta name=\"twitter:site\" content=\"@sonoraenequipo\" \/>\n<meta name=\"twitter:label1\" content=\"Escrito por\" \/>\n\t<meta name=\"twitter:data1\" content=\"enequipo\" \/>\n\t<meta name=\"twitter:label2\" content=\"Tiempo de lectura\" \/>\n\t<meta name=\"twitter:data2\" content=\"2 minutos\" \/>\n<script type=\"application\/ld+json\" class=\"yoast-schema-graph\">{\"@context\":\"https:\/\/schema.org\",\"@graph\":[{\"@type\":\"Article\",\"@id\":\"https:\/\/www.sonoraenequipo.com.mx\/renuncia-el-fiscal-general-de-justicia-del-estado-de-mexico-alejandro-gomez\/#article\",\"isPartOf\":{\"@id\":\"https:\/\/www.sonoraenequipo.com.mx\/renuncia-el-fiscal-general-de-justicia-del-estado-de-mexico-alejandro-gomez\/\"},\"author\":{\"name\":\"enequipo\",\"@id\":\"https:\/\/www.sonoraenequipo.com.mx\/#\/schema\/person\/50102df0fb23a8fa9e8effad8fa81386\"},\"headline\":\"Renuncia el fiscal general de Justicia del Estado de M\u00e9xico Alejandro G\u00f3mez\",\"datePublished\":\"2022-02-16T23:22:42+00:00\",\"dateModified\":\"2022-02-17T02:24:11+00:00\",\"mainEntityOfPage\":{\"@id\":\"https:\/\/www.sonoraenequipo.com.mx\/renuncia-el-fiscal-general-de-justicia-del-estado-de-mexico-alejandro-gomez\/\"},\"wordCount\":316,\"commentCount\":0,\"publisher\":{\"@id\":\"https:\/\/www.sonoraenequipo.com.mx\/#organization\"},\"image\":{\"@id\":\"https:\/\/www.sonoraenequipo.com.mx\/renuncia-el-fiscal-general-de-justicia-del-estado-de-mexico-alejandro-gomez\/#primaryimage\"},\"thumbnailUrl\":\"https:\/\/www.sonoraenequipo.com.mx\/storage\/2022\/02\/alejandro-gomez-sanchez_opt.jpg\",\"articleSection\":[\"Rep\u00fablica\"],\"inLanguage\":\"es\",\"potentialAction\":[{\"@type\":\"CommentAction\",\"name\":\"Comment\",\"target\":[\"https:\/\/www.sonoraenequipo.com.mx\/renuncia-el-fiscal-general-de-justicia-del-estado-de-mexico-alejandro-gomez\/#respond\"]}]},{\"@type\":\"WebPage\",\"@id\":\"https:\/\/www.sonoraenequipo.com.mx\/renuncia-el-fiscal-general-de-justicia-del-estado-de-mexico-alejandro-gomez\/\",\"url\":\"https:\/\/www.sonoraenequipo.com.mx\/renuncia-el-fiscal-general-de-justicia-del-estado-de-mexico-alejandro-gomez\/\",\"name\":\"Sonora en Equipo. Renuncia el fiscal general de Justicia del Estado de M\u00e9xico Alejandro G\u00f3mez Rep\u00fablica\",\"isPartOf\":{\"@id\":\"https:\/\/www.sonoraenequipo.com.mx\/#website\"},\"primaryImageOfPage\":{\"@id\":\"https:\/\/www.sonoraenequipo.com.mx\/renuncia-el-fiscal-general-de-justicia-del-estado-de-mexico-alejandro-gomez\/#primaryimage\"},\"image\":{\"@id\":\"https:\/\/www.sonoraenequipo.com.mx\/renuncia-el-fiscal-general-de-justicia-del-estado-de-mexico-alejandro-gomez\/#primaryimage\"},\"thumbnailUrl\":\"https:\/\/www.sonoraenequipo.com.mx\/storage\/2022\/02\/alejandro-gomez-sanchez_opt.jpg\",\"datePublished\":\"2022-02-16T23:22:42+00:00\",\"dateModified\":\"2022-02-17T02:24:11+00:00\",\"description\":\"CIUDAD DE M\u00c9XICO. MX. \u2014 Alejandro G\u00f3mez S\u00e1nchez anunci\u00f3 hoy, 16 de febrero de 2022, su renuncia como fiscal general de Justicia del Estado de M\u00e9xico. En Sonora en Equipo publicamos toda la informaci\u00f3n de Sonora, M\u00e9xico y el Mundo de manera oportuna y busca que la libertad de expresi\u00f3n sea real. Visita nuestro medio informativo publicado desde Hermosillo, Sonora. %\",\"breadcrumb\":{\"@id\":\"https:\/\/www.sonoraenequipo.com.mx\/renuncia-el-fiscal-general-de-justicia-del-estado-de-mexico-alejandro-gomez\/#breadcrumb\"},\"inLanguage\":\"es\",\"potentialAction\":[{\"@type\":\"ReadAction\",\"target\":[\"https:\/\/www.sonoraenequipo.com.mx\/renuncia-el-fiscal-general-de-justicia-del-estado-de-mexico-alejandro-gomez\/\"]}]},{\"@type\":\"ImageObject\",\"inLanguage\":\"es\",\"@id\":\"https:\/\/www.sonoraenequipo.com.mx\/renuncia-el-fiscal-general-de-justicia-del-estado-de-mexico-alejandro-gomez\/#primaryimage\",\"url\":\"https:\/\/www.sonoraenequipo.com.mx\/storage\/2022\/02\/alejandro-gomez-sanchez_opt.jpg\",\"contentUrl\":\"https:\/\/www.sonoraenequipo.com.mx\/storage\/2022\/02\/alejandro-gomez-sanchez_opt.jpg\",\"width\":711,\"height\":400},{\"@type\":\"BreadcrumbList\",\"@id\":\"https:\/\/www.sonoraenequipo.com.mx\/renuncia-el-fiscal-general-de-justicia-del-estado-de-mexico-alejandro-gomez\/#breadcrumb\",\"itemListElement\":[{\"@type\":\"ListItem\",\"position\":1,\"name\":\"Portada\",\"item\":\"https:\/\/www.sonoraenequipo.com.mx\/\"},{\"@type\":\"ListItem\",\"position\":2,\"name\":\"Renuncia el fiscal general de Justicia del Estado de M\u00e9xico Alejandro G\u00f3mez\"}]},{\"@type\":\"WebSite\",\"@id\":\"https:\/\/www.sonoraenequipo.com.mx\/#website\",\"url\":\"https:\/\/www.sonoraenequipo.com.mx\/\",\"name\":\"Sonora en Equipo.\",\"description\":\"Diario en l\u00ednea con Noticias desde Hermosillo, Sonora\",\"publisher\":{\"@id\":\"https:\/\/www.sonoraenequipo.com.mx\/#organization\"},\"potentialAction\":[{\"@type\":\"SearchAction\",\"target\":{\"@type\":\"EntryPoint\",\"urlTemplate\":\"https:\/\/www.sonoraenequipo.com.mx\/?s={search_term_string}\"},\"query-input\":{\"@type\":\"PropertyValueSpecification\",\"valueRequired\":true,\"valueName\":\"search_term_string\"}}],\"inLanguage\":\"es\"},{\"@type\":\"Organization\",\"@id\":\"https:\/\/www.sonoraenequipo.com.mx\/#organization\",\"name\":\"Sonoraenequipo.com.mx\",\"url\":\"https:\/\/www.sonoraenequipo.com.mx\/\",\"logo\":{\"@type\":\"ImageObject\",\"inLanguage\":\"es\",\"@id\":\"https:\/\/www.sonoraenequipo.com.mx\/#\/schema\/logo\/image\/\",\"url\":\"https:\/\/www.sonoraenequipo.com.mx\/storage\/2019\/01\/sonoraenequipo_opt.png\",\"contentUrl\":\"https:\/\/www.sonoraenequipo.com.mx\/storage\/2019\/01\/sonoraenequipo_opt.png\",\"width\":375,\"height\":125,\"caption\":\"Sonoraenequipo.com.mx\"},\"image\":{\"@id\":\"https:\/\/www.sonoraenequipo.com.mx\/#\/schema\/logo\/image\/\"},\"sameAs\":[\"https:\/\/www.facebook.com\/SonoraEE\/\",\"https:\/\/x.com\/sonoraenequipo\",\"https:\/\/www.youtube.com\/channel\/UC338nW-lPEYmJQs4ZABQ1SQ\"]},{\"@type\":\"Person\",\"@id\":\"https:\/\/www.sonoraenequipo.com.mx\/#\/schema\/person\/50102df0fb23a8fa9e8effad8fa81386\",\"name\":\"enequipo\",\"image\":{\"@type\":\"ImageObject\",\"inLanguage\":\"es\",\"@id\":\"https:\/\/www.sonoraenequipo.com.mx\/#\/schema\/person\/image\/\",\"url\":\"https:\/\/secure.gravatar.com\/avatar\/049821681b589dabc0bc20695993ccebb09f5b5d4d790cd9251b97faac7c652b?s=96&d=blank&r=g\",\"contentUrl\":\"https:\/\/secure.gravatar.com\/avatar\/049821681b589dabc0bc20695993ccebb09f5b5d4d790cd9251b97faac7c652b?s=96&d=blank&r=g\",\"caption\":\"enequipo\"},\"sameAs\":[\"https:\/\/www.facebook.com\/SonoraEE\"]}]}<\/script>\n ","yoast_head_json":{"title":"Sonora en Equipo. Renuncia el fiscal general de Justicia del Estado de M\u00e9xico Alejandro G\u00f3mez Rep\u00fablica","description":"CIUDAD DE M\u00c9XICO. MX. \u2014 Alejandro G\u00f3mez S\u00e1nchez anunci\u00f3 hoy, 16 de febrero de 2022, su renuncia como fiscal general de Justicia del Estado de M\u00e9xico. En Sonora en Equipo publicamos toda la informaci\u00f3n de Sonora, M\u00e9xico y el Mundo de manera oportuna y busca que la libertad de expresi\u00f3n sea real. Visita nuestro medio informativo publicado desde Hermosillo, Sonora. %","robots":{"index":"index","follow":"follow","max-snippet":"max-snippet:-1","max-image-preview":"max-image-preview:large","max-video-preview":"max-video-preview:-1"},"canonical":"https:\/\/www.sonoraenequipo.com.mx\/renuncia-el-fiscal-general-de-justicia-del-estado-de-mexico-alejandro-gomez\/","og_locale":"es_ES","og_type":"article","og_title":"Sonora en Equipo. Renuncia el fiscal general de Justicia del Estado de M\u00e9xico Alejandro G\u00f3mez Rep\u00fablica","og_description":"CIUDAD DE M\u00c9XICO. MX. \u2014 Alejandro G\u00f3mez S\u00e1nchez anunci\u00f3 hoy, 16 de febrero de 2022, su renuncia como fiscal general de Justicia del Estado de M\u00e9xico. En Sonora en Equipo publicamos toda la informaci\u00f3n de Sonora, M\u00e9xico y el Mundo de manera oportuna y busca que la libertad de expresi\u00f3n sea real. Visita nuestro medio informativo publicado desde Hermosillo, Sonora. %","og_url":"https:\/\/www.sonoraenequipo.com.mx\/renuncia-el-fiscal-general-de-justicia-del-estado-de-mexico-alejandro-gomez\/","og_site_name":"Sonora en Equipo.","article_publisher":"https:\/\/www.facebook.com\/SonoraEE\/","article_author":"https:\/\/www.facebook.com\/SonoraEE","article_published_time":"2022-02-16T23:22:42+00:00","article_modified_time":"2022-02-17T02:24:11+00:00","og_image":[{"width":711,"height":400,"url":"https:\/\/www.sonoraenequipo.com.mx\/storage\/2022\/02\/alejandro-gomez-sanchez_opt.jpg","type":"image\/jpeg"}],"author":"enequipo","twitter_card":"summary_large_image","twitter_creator":"@sonoraenequipo","twitter_site":"@sonoraenequipo","twitter_misc":{"Escrito por":"enequipo","Tiempo de lectura":"2 minutos"},"schema":{"@context":"https:\/\/schema.org","@graph":[{"@type":"Article","@id":"https:\/\/www.sonoraenequipo.com.mx\/renuncia-el-fiscal-general-de-justicia-del-estado-de-mexico-alejandro-gomez\/#article","isPartOf":{"@id":"https:\/\/www.sonoraenequipo.com.mx\/renuncia-el-fiscal-general-de-justicia-del-estado-de-mexico-alejandro-gomez\/"},"author":{"name":"enequipo","@id":"https:\/\/www.sonoraenequipo.com.mx\/#\/schema\/person\/50102df0fb23a8fa9e8effad8fa81386"},"headline":"Renuncia el fiscal general de Justicia del Estado de M\u00e9xico Alejandro G\u00f3mez","datePublished":"2022-02-16T23:22:42+00:00","dateModified":"2022-02-17T02:24:11+00:00","mainEntityOfPage":{"@id":"https:\/\/www.sonoraenequipo.com.mx\/renuncia-el-fiscal-general-de-justicia-del-estado-de-mexico-alejandro-gomez\/"},"wordCount":316,"commentCount":0,"publisher":{"@id":"https:\/\/www.sonoraenequipo.com.mx\/#organization"},"image":{"@id":"https:\/\/www.sonoraenequipo.com.mx\/renuncia-el-fiscal-general-de-justicia-del-estado-de-mexico-alejandro-gomez\/#primaryimage"},"thumbnailUrl":"https:\/\/www.sonoraenequipo.com.mx\/storage\/2022\/02\/alejandro-gomez-sanchez_opt.jpg","articleSection":["Rep\u00fablica"],"inLanguage":"es","potentialAction":[{"@type":"CommentAction","name":"Comment","target":["https:\/\/www.sonoraenequipo.com.mx\/renuncia-el-fiscal-general-de-justicia-del-estado-de-mexico-alejandro-gomez\/#respond"]}]},{"@type":"WebPage","@id":"https:\/\/www.sonoraenequipo.com.mx\/renuncia-el-fiscal-general-de-justicia-del-estado-de-mexico-alejandro-gomez\/","url":"https:\/\/www.sonoraenequipo.com.mx\/renuncia-el-fiscal-general-de-justicia-del-estado-de-mexico-alejandro-gomez\/","name":"Sonora en Equipo. Renuncia el fiscal general de Justicia del Estado de M\u00e9xico Alejandro G\u00f3mez Rep\u00fablica","isPartOf":{"@id":"https:\/\/www.sonoraenequipo.com.mx\/#website"},"primaryImageOfPage":{"@id":"https:\/\/www.sonoraenequipo.com.mx\/renuncia-el-fiscal-general-de-justicia-del-estado-de-mexico-alejandro-gomez\/#primaryimage"},"image":{"@id":"https:\/\/www.sonoraenequipo.com.mx\/renuncia-el-fiscal-general-de-justicia-del-estado-de-mexico-alejandro-gomez\/#primaryimage"},"thumbnailUrl":"https:\/\/www.sonoraenequipo.com.mx\/storage\/2022\/02\/alejandro-gomez-sanchez_opt.jpg","datePublished":"2022-02-16T23:22:42+00:00","dateModified":"2022-02-17T02:24:11+00:00","description":"CIUDAD DE M\u00c9XICO. MX. \u2014 Alejandro G\u00f3mez S\u00e1nchez anunci\u00f3 hoy, 16 de febrero de 2022, su renuncia como fiscal general de Justicia del Estado de M\u00e9xico. En Sonora en Equipo publicamos toda la informaci\u00f3n de Sonora, M\u00e9xico y el Mundo de manera oportuna y busca que la libertad de expresi\u00f3n sea real. Visita nuestro medio informativo publicado desde Hermosillo, Sonora. %","breadcrumb":{"@id":"https:\/\/www.sonoraenequipo.com.mx\/renuncia-el-fiscal-general-de-justicia-del-estado-de-mexico-alejandro-gomez\/#breadcrumb"},"inLanguage":"es","potentialAction":[{"@type":"ReadAction","target":["https:\/\/www.sonoraenequipo.com.mx\/renuncia-el-fiscal-general-de-justicia-del-estado-de-mexico-alejandro-gomez\/"]}]},{"@type":"ImageObject","inLanguage":"es","@id":"https:\/\/www.sonoraenequipo.com.mx\/renuncia-el-fiscal-general-de-justicia-del-estado-de-mexico-alejandro-gomez\/#primaryimage","url":"https:\/\/www.sonoraenequipo.com.mx\/storage\/2022\/02\/alejandro-gomez-sanchez_opt.jpg","contentUrl":"https:\/\/www.sonoraenequipo.com.mx\/storage\/2022\/02\/alejandro-gomez-sanchez_opt.jpg","width":711,"height":400},{"@type":"BreadcrumbList","@id":"https:\/\/www.sonoraenequipo.com.mx\/renuncia-el-fiscal-general-de-justicia-del-estado-de-mexico-alejandro-gomez\/#breadcrumb","itemListElement":[{"@type":"ListItem","position":1,"name":"Portada","item":"https:\/\/www.sonoraenequipo.com.mx\/"},{"@type":"ListItem","position":2,"name":"Renuncia el fiscal general de Justicia del Estado de M\u00e9xico Alejandro G\u00f3mez"}]},{"@type":"WebSite","@id":"https:\/\/www.sonoraenequipo.com.mx\/#website","url":"https:\/\/www.sonoraenequipo.com.mx\/","name":"Sonora en Equipo.","description":"Diario en l\u00ednea con Noticias desde Hermosillo, Sonora","publisher":{"@id":"https:\/\/www.sonoraenequipo.com.mx\/#organization"},"potentialAction":[{"@type":"SearchAction","target":{"@type":"EntryPoint","urlTemplate":"https:\/\/www.sonoraenequipo.com.mx\/?s={search_term_string}"},"query-input":{"@type":"PropertyValueSpecification","valueRequired":true,"valueName":"search_term_string"}}],"inLanguage":"es"},{"@type":"Organization","@id":"https:\/\/www.sonoraenequipo.com.mx\/#organization","name":"Sonoraenequipo.com.mx","url":"https:\/\/www.sonoraenequipo.com.mx\/","logo":{"@type":"ImageObject","inLanguage":"es","@id":"https:\/\/www.sonoraenequipo.com.mx\/#\/schema\/logo\/image\/","url":"https:\/\/www.sonoraenequipo.com.mx\/storage\/2019\/01\/sonoraenequipo_opt.png","contentUrl":"https:\/\/www.sonoraenequipo.com.mx\/storage\/2019\/01\/sonoraenequipo_opt.png","width":375,"height":125,"caption":"Sonoraenequipo.com.mx"},"image":{"@id":"https:\/\/www.sonoraenequipo.com.mx\/#\/schema\/logo\/image\/"},"sameAs":["https:\/\/www.facebook.com\/SonoraEE\/","https:\/\/x.com\/sonoraenequipo","https:\/\/www.youtube.com\/channel\/UC338nW-lPEYmJQs4ZABQ1SQ"]},{"@type":"Person","@id":"https:\/\/www.sonoraenequipo.com.mx\/#\/schema\/person\/50102df0fb23a8fa9e8effad8fa81386","name":"enequipo","image":{"@type":"ImageObject","inLanguage":"es","@id":"https:\/\/www.sonoraenequipo.com.mx\/#\/schema\/person\/image\/","url":"https:\/\/secure.gravatar.com\/avatar\/049821681b589dabc0bc20695993ccebb09f5b5d4d790cd9251b97faac7c652b?s=96&d=blank&r=g","contentUrl":"https:\/\/secure.gravatar.com\/avatar\/049821681b589dabc0bc20695993ccebb09f5b5d4d790cd9251b97faac7c652b?s=96&d=blank&r=g","caption":"enequipo"},"sameAs":["https:\/\/www.facebook.com\/SonoraEE"]}]}},"jetpack_featured_media_url":"https:\/\/www.sonoraenequipo.com.mx\/storage\/2022\/02\/alejandro-gomez-sanchez_opt.jpg","_links":{"self":[{"href":"https:\/\/www.sonoraenequipo.com.mx\/api\/wp\/v2\/posts\/133293","targetHints":{"allow":["GET"]}}],"collection":[{"href":"https:\/\/www.sonoraenequipo.com.mx\/api\/wp\/v2\/posts"}],"about":[{"href":"https:\/\/www.sonoraenequipo.com.mx\/api\/wp\/v2\/types\/post"}],"author":[{"embeddable":true,"href":"https:\/\/www.sonoraenequipo.com.mx\/api\/wp\/v2\/users\/1"}],"replies":[{"embeddable":true,"href":"https:\/\/www.sonoraenequipo.com.mx\/api\/wp\/v2\/comments?post=133293"}],"version-history":[{"count":1,"href":"https:\/\/www.sonoraenequipo.com.mx\/api\/wp\/v2\/posts\/133293\/revisions"}],"predecessor-version":[{"id":133298,"href":"https:\/\/www.sonoraenequipo.com.mx\/api\/wp\/v2\/posts\/133293\/revisions\/133298"}],"wp:featuredmedia":[{"embeddable":true,"href":"https:\/\/www.sonoraenequipo.com.mx\/api\/wp\/v2\/media\/133296"}],"wp:attachment":[{"href":"https:\/\/www.sonoraenequipo.com.mx\/api\/wp\/v2\/media?parent=133293"}],"wp:term":[{"taxonomy":"category","embeddable":true,"href":"https:\/\/www.sonoraenequipo.com.mx\/api\/wp\/v2\/categories?post=133293"},{"taxonomy":"post_tag","embeddable":true,"href":"https:\/\/www.sonoraenequipo.com.mx\/api\/wp\/v2\/tags?post=133293"}],"curies":[{"name":"wp","href":"https:\/\/api.w.org\/{rel}","templated":true}]}}