{"id":133306,"date":"2022-02-16T18:33:48","date_gmt":"2022-02-17T01:33:48","guid":{"rendered":"https:\/\/www.sonoraenequipo.com.mx\/?p=133306"},"modified":"2022-02-16T20:22:03","modified_gmt":"2022-02-17T03:22:03","slug":"detienen-a-juan-orlando-hernandez-expresidente-de-honduras-por-tres-cargos-de-narcotrafico","status":"publish","type":"post","link":"https:\/\/www.sonoraenequipo.com.mx\/detienen-a-juan-orlando-hernandez-expresidente-de-honduras-por-tres-cargos-de-narcotrafico\/","title":{"rendered":"Detienen a Juan Orlando Hern\u00e1ndez, expresidente de Honduras por tres cargos de narcotr\u00e1fico"},"content":{"rendered":"<p>ESTADOS UNIDOS. \u2014 Un juez del Supremo de Honduras le dict\u00f3 \u201cdetenci\u00f3n provisional\u201d al expresidente Juan Orlando Hern\u00e1ndez (2014-2022), luego de su captura en Tegucigalpa ante una petici\u00f3n de EEUU, con fines de extradici\u00f3n, por tres cargos asociados a narcotr\u00e1fico.<\/p>\n<p>&nbsp;<\/p>\n<p> <\/p>\n<p>&nbsp;<\/p>\n<p>En la primera audiencia ante un juez en la Corte Suprema de Justicia, a Hern\u00e1ndez tambi\u00e9n se le fij\u00f3 la segunda audiencia, para presentaci\u00f3n de pruebas, para el 16 de marzo, dijo a los periodistas el portavoz del poder Judicial, Melvin Duarte.<\/p>\n<p>&nbsp;<\/p>\n<p>&nbsp;<\/p>\n<p>El exgobernante, por resoluci\u00f3n del juez, fue remitido de nuevo a una unidad especial de la Polic\u00eda Nacional, a la que fue llevada tras ser capturado en su casa.<\/p>\n<p>&nbsp;<\/p>\n<p>&nbsp;<\/p>\n<p>Adem\u00e1s, el juez no consider\u00f3 procedente concederle \u201carresto domiciliario\u201d al exgobernante, como lo pidieron sus abogados defensores, indic\u00f3 Duarte.<\/p>\n<p>&nbsp;<\/p>\n<p>&nbsp;<\/p>\n<p>La segunda audiencia ser\u00e1 para la <em>\u201cevacuaci\u00f3n y elementos de pruebas\u201d<\/em>, a\u00f1adi\u00f3 la misma fuente.<\/p>\n<p>&nbsp;<\/p>\n<p>&nbsp;<\/p>\n<p>Hern\u00e1ndez fue capturado el martes en su domicilio, luego de que el lunes la Embajada de Estados Unidos solicit\u00f3, a trav\u00e9s de la Canciller\u00eda, un <em>\u201cformal arresto provisional de un pol\u00edtico hondure\u00f1o\u201d<\/em>, con fines de <em>\u201cextradici\u00f3n\u201d,<\/em> adem\u00e1s de acusarlo de tres cargos por narcotr\u00e1fico.<\/p>\n<p>&nbsp;<\/p>\n<p>&nbsp;<\/p>\n<p>La audiencia de hoy se inici\u00f3 hacia las 10:00 hora local, con un receso intermedio para la comida de los asistentes a la sala, y finaliz\u00f3 a las 15:00 horas.<\/p>\n<p>&nbsp;<\/p>\n<p>&nbsp;<\/p>\n<p>El exgobernante lleg\u00f3 a la sala sin esposas, mientras en las afueras de la Corte Suprema de Justicia decenas de sus simpatizantes coreaban consignas de apoyo y solidaridad.<\/p>\n<p>&nbsp;<\/p>\n<p>&nbsp;<\/p>\n<p>En otro extremo, un grupo menor de activistas del ahora gobernante Partido Libertad y Refundaci\u00f3n (Libre, izquierda), algunos enfundados en banderas del pa\u00eds, le gritaban <em>\u201cnarcotraficante\u201d<\/em> y <em>\u201casesino\u201d,<\/em> entre otras expresiones.<\/p>\n<p>&nbsp;<\/p>\n<p>&nbsp;<\/p>\n<p>Los ocho a\u00f1os de Hern\u00e1ndez en el poder en Honduras fueron salpicados por denuncias de presunta corrupci\u00f3n y narcotr\u00e1fico, tanto en su pa\u00eds, como en Estados Unidos.<\/p>\n<p>&nbsp;<\/p>\n<p>&nbsp;<\/p>\n<p>Hern\u00e1ndez es el primer expresidente que Estados Unidos ha pedido en extradici\u00f3n con fines de enjuiciarlo por narcotr\u00e1fico, aunque hasta el \u00faltimo d\u00eda de su mandato, \u00e9l siempre rechaz\u00f3 las acusaciones.<\/p>\n<p>&nbsp;<\/p>\n<p>&nbsp;<\/p>\n<p>(Publicada el 16\/02\/2022 \/ Con informaci\u00f3n de EFE)<\/p>\n","protected":false},"excerpt":{"rendered":"<p>ESTADOS UNIDOS. \u2014 Un juez del Supremo de Honduras le dict\u00f3 \u201cdetenci\u00f3n provisional\u201d al expresidente&#8230;<\/p>\n","protected":false},"author":1,"featured_media":133307,"comment_status":"open","ping_status":"open","sticky":false,"template":"","format":"standard","meta":{"_monsterinsights_skip_tracking":false,"_monsterinsights_sitenote_active":false,"_monsterinsights_sitenote_note":"","_monsterinsights_sitenote_category":0,"footnotes":""},"categories":[3],"tags":[],"class_list":["post"],"yoast_head":" \n<title>Sonora en Equipo. Detienen a Juan Orlando Hern\u00e1ndez, expresidente de Honduras por tres cargos de narcotr\u00e1fico MUNDO<\/title>\n<meta name=\"description\" content=\"ESTADOS UNIDOS. \u2014 Un juez del Supremo de Honduras le dict\u00f3 \u201cdetenci\u00f3n provisional\u201d al expresidente Juan Orlando Hern\u00e1ndez (2014-2022), luego de su captura En Sonora en Equipo publicamos toda la informaci\u00f3n de Sonora, M\u00e9xico y el Mundo de manera oportuna y busca que la libertad de expresi\u00f3n sea real. Visita nuestro medio informativo publicado desde Hermosillo, Sonora. %\" \/>\n<meta name=\"robots\" content=\"index, follow, max-snippet:-1, max-image-preview:large, max-video-preview:-1\" \/>\n<link rel=\"canonical\" href=\"https:\/\/www.sonoraenequipo.com.mx\/detienen-a-juan-orlando-hernandez-expresidente-de-honduras-por-tres-cargos-de-narcotrafico\/\" \/>\n<meta property=\"og:locale\" content=\"es_ES\" \/>\n<meta property=\"og:type\" content=\"article\" \/>\n<meta property=\"og:title\" content=\"Sonora en Equipo. Detienen a Juan Orlando Hern\u00e1ndez, expresidente de Honduras por tres cargos de narcotr\u00e1fico MUNDO\" \/>\n<meta property=\"og:description\" content=\"ESTADOS UNIDOS. \u2014 Un juez del Supremo de Honduras le dict\u00f3 \u201cdetenci\u00f3n provisional\u201d al expresidente Juan Orlando Hern\u00e1ndez (2014-2022), luego de su captura En Sonora en Equipo publicamos toda la informaci\u00f3n de Sonora, M\u00e9xico y el Mundo de manera oportuna y busca que la libertad de expresi\u00f3n sea real. Visita nuestro medio informativo publicado desde Hermosillo, Sonora. %\" \/>\n<meta property=\"og:url\" content=\"https:\/\/www.sonoraenequipo.com.mx\/detienen-a-juan-orlando-hernandez-expresidente-de-honduras-por-tres-cargos-de-narcotrafico\/\" \/>\n<meta property=\"og:site_name\" content=\"Sonora en Equipo.\" \/>\n<meta property=\"article:publisher\" content=\"https:\/\/www.facebook.com\/SonoraEE\/\" \/>\n<meta property=\"article:author\" content=\"https:\/\/www.facebook.com\/SonoraEE\" \/>\n<meta property=\"article:published_time\" content=\"2022-02-17T01:33:48+00:00\" \/>\n<meta property=\"article:modified_time\" content=\"2022-02-17T03:22:03+00:00\" \/>\n<meta property=\"og:image\" content=\"https:\/\/www.sonoraenequipo.com.mx\/storage\/2022\/02\/expresidente-honduras1-reuters_opt.jpg\" \/>\n\t<meta property=\"og:image:width\" content=\"711\" \/>\n\t<meta property=\"og:image:height\" content=\"400\" \/>\n\t<meta property=\"og:image:type\" content=\"image\/jpeg\" \/>\n<meta name=\"author\" content=\"enequipo\" \/>\n<meta name=\"twitter:card\" content=\"summary_large_image\" \/>\n<meta name=\"twitter:creator\" content=\"@sonoraenequipo\" \/>\n<meta name=\"twitter:site\" content=\"@sonoraenequipo\" \/>\n<meta name=\"twitter:label1\" content=\"Escrito por\" \/>\n\t<meta name=\"twitter:data1\" content=\"enequipo\" \/>\n\t<meta name=\"twitter:label2\" content=\"Tiempo de lectura\" \/>\n\t<meta name=\"twitter:data2\" content=\"2 minutos\" \/>\n<script type=\"application\/ld+json\" class=\"yoast-schema-graph\">{\"@context\":\"https:\/\/schema.org\",\"@graph\":[{\"@type\":\"Article\",\"@id\":\"https:\/\/www.sonoraenequipo.com.mx\/detienen-a-juan-orlando-hernandez-expresidente-de-honduras-por-tres-cargos-de-narcotrafico\/#article\",\"isPartOf\":{\"@id\":\"https:\/\/www.sonoraenequipo.com.mx\/detienen-a-juan-orlando-hernandez-expresidente-de-honduras-por-tres-cargos-de-narcotrafico\/\"},\"author\":{\"name\":\"enequipo\",\"@id\":\"https:\/\/www.sonoraenequipo.com.mx\/#\/schema\/person\/50102df0fb23a8fa9e8effad8fa81386\"},\"headline\":\"Detienen a Juan Orlando Hern\u00e1ndez, expresidente de Honduras por tres cargos de narcotr\u00e1fico\",\"datePublished\":\"2022-02-17T01:33:48+00:00\",\"dateModified\":\"2022-02-17T03:22:03+00:00\",\"mainEntityOfPage\":{\"@id\":\"https:\/\/www.sonoraenequipo.com.mx\/detienen-a-juan-orlando-hernandez-expresidente-de-honduras-por-tres-cargos-de-narcotrafico\/\"},\"wordCount\":408,\"commentCount\":0,\"publisher\":{\"@id\":\"https:\/\/www.sonoraenequipo.com.mx\/#organization\"},\"image\":{\"@id\":\"https:\/\/www.sonoraenequipo.com.mx\/detienen-a-juan-orlando-hernandez-expresidente-de-honduras-por-tres-cargos-de-narcotrafico\/#primaryimage\"},\"thumbnailUrl\":\"https:\/\/www.sonoraenequipo.com.mx\/storage\/2022\/02\/expresidente-honduras1-reuters_opt.jpg\",\"articleSection\":[\"MUNDO\"],\"inLanguage\":\"es\",\"potentialAction\":[{\"@type\":\"CommentAction\",\"name\":\"Comment\",\"target\":[\"https:\/\/www.sonoraenequipo.com.mx\/detienen-a-juan-orlando-hernandez-expresidente-de-honduras-por-tres-cargos-de-narcotrafico\/#respond\"]}]},{\"@type\":\"WebPage\",\"@id\":\"https:\/\/www.sonoraenequipo.com.mx\/detienen-a-juan-orlando-hernandez-expresidente-de-honduras-por-tres-cargos-de-narcotrafico\/\",\"url\":\"https:\/\/www.sonoraenequipo.com.mx\/detienen-a-juan-orlando-hernandez-expresidente-de-honduras-por-tres-cargos-de-narcotrafico\/\",\"name\":\"Sonora en Equipo. Detienen a Juan Orlando Hern\u00e1ndez, expresidente de Honduras por tres cargos de narcotr\u00e1fico MUNDO\",\"isPartOf\":{\"@id\":\"https:\/\/www.sonoraenequipo.com.mx\/#website\"},\"primaryImageOfPage\":{\"@id\":\"https:\/\/www.sonoraenequipo.com.mx\/detienen-a-juan-orlando-hernandez-expresidente-de-honduras-por-tres-cargos-de-narcotrafico\/#primaryimage\"},\"image\":{\"@id\":\"https:\/\/www.sonoraenequipo.com.mx\/detienen-a-juan-orlando-hernandez-expresidente-de-honduras-por-tres-cargos-de-narcotrafico\/#primaryimage\"},\"thumbnailUrl\":\"https:\/\/www.sonoraenequipo.com.mx\/storage\/2022\/02\/expresidente-honduras1-reuters_opt.jpg\",\"datePublished\":\"2022-02-17T01:33:48+00:00\",\"dateModified\":\"2022-02-17T03:22:03+00:00\",\"description\":\"ESTADOS UNIDOS. \u2014 Un juez del Supremo de Honduras le dict\u00f3 \u201cdetenci\u00f3n provisional\u201d al expresidente Juan Orlando Hern\u00e1ndez (2014-2022), luego de su captura En Sonora en Equipo publicamos toda la informaci\u00f3n de Sonora, M\u00e9xico y el Mundo de manera oportuna y busca que la libertad de expresi\u00f3n sea real. Visita nuestro medio informativo publicado desde Hermosillo, Sonora. %\",\"breadcrumb\":{\"@id\":\"https:\/\/www.sonoraenequipo.com.mx\/detienen-a-juan-orlando-hernandez-expresidente-de-honduras-por-tres-cargos-de-narcotrafico\/#breadcrumb\"},\"inLanguage\":\"es\",\"potentialAction\":[{\"@type\":\"ReadAction\",\"target\":[\"https:\/\/www.sonoraenequipo.com.mx\/detienen-a-juan-orlando-hernandez-expresidente-de-honduras-por-tres-cargos-de-narcotrafico\/\"]}]},{\"@type\":\"ImageObject\",\"inLanguage\":\"es\",\"@id\":\"https:\/\/www.sonoraenequipo.com.mx\/detienen-a-juan-orlando-hernandez-expresidente-de-honduras-por-tres-cargos-de-narcotrafico\/#primaryimage\",\"url\":\"https:\/\/www.sonoraenequipo.com.mx\/storage\/2022\/02\/expresidente-honduras1-reuters_opt.jpg\",\"contentUrl\":\"https:\/\/www.sonoraenequipo.com.mx\/storage\/2022\/02\/expresidente-honduras1-reuters_opt.jpg\",\"width\":711,\"height\":400},{\"@type\":\"BreadcrumbList\",\"@id\":\"https:\/\/www.sonoraenequipo.com.mx\/detienen-a-juan-orlando-hernandez-expresidente-de-honduras-por-tres-cargos-de-narcotrafico\/#breadcrumb\",\"itemListElement\":[{\"@type\":\"ListItem\",\"position\":1,\"name\":\"Portada\",\"item\":\"https:\/\/www.sonoraenequipo.com.mx\/\"},{\"@type\":\"ListItem\",\"position\":2,\"name\":\"Detienen a Juan Orlando Hern\u00e1ndez, expresidente de Honduras por tres cargos de narcotr\u00e1fico\"}]},{\"@type\":\"WebSite\",\"@id\":\"https:\/\/www.sonoraenequipo.com.mx\/#website\",\"url\":\"https:\/\/www.sonoraenequipo.com.mx\/\",\"name\":\"Sonora en Equipo.\",\"description\":\"Diario en l\u00ednea con Noticias desde Hermosillo, Sonora\",\"publisher\":{\"@id\":\"https:\/\/www.sonoraenequipo.com.mx\/#organization\"},\"potentialAction\":[{\"@type\":\"SearchAction\",\"target\":{\"@type\":\"EntryPoint\",\"urlTemplate\":\"https:\/\/www.sonoraenequipo.com.mx\/?s={search_term_string}\"},\"query-input\":{\"@type\":\"PropertyValueSpecification\",\"valueRequired\":true,\"valueName\":\"search_term_string\"}}],\"inLanguage\":\"es\"},{\"@type\":\"Organization\",\"@id\":\"https:\/\/www.sonoraenequipo.com.mx\/#organization\",\"name\":\"Sonoraenequipo.com.mx\",\"url\":\"https:\/\/www.sonoraenequipo.com.mx\/\",\"logo\":{\"@type\":\"ImageObject\",\"inLanguage\":\"es\",\"@id\":\"https:\/\/www.sonoraenequipo.com.mx\/#\/schema\/logo\/image\/\",\"url\":\"https:\/\/www.sonoraenequipo.com.mx\/storage\/2019\/01\/sonoraenequipo_opt.png\",\"contentUrl\":\"https:\/\/www.sonoraenequipo.com.mx\/storage\/2019\/01\/sonoraenequipo_opt.png\",\"width\":375,\"height\":125,\"caption\":\"Sonoraenequipo.com.mx\"},\"image\":{\"@id\":\"https:\/\/www.sonoraenequipo.com.mx\/#\/schema\/logo\/image\/\"},\"sameAs\":[\"https:\/\/www.facebook.com\/SonoraEE\/\",\"https:\/\/x.com\/sonoraenequipo\",\"https:\/\/www.youtube.com\/channel\/UC338nW-lPEYmJQs4ZABQ1SQ\"]},{\"@type\":\"Person\",\"@id\":\"https:\/\/www.sonoraenequipo.com.mx\/#\/schema\/person\/50102df0fb23a8fa9e8effad8fa81386\",\"name\":\"enequipo\",\"image\":{\"@type\":\"ImageObject\",\"inLanguage\":\"es\",\"@id\":\"https:\/\/www.sonoraenequipo.com.mx\/#\/schema\/person\/image\/\",\"url\":\"https:\/\/secure.gravatar.com\/avatar\/049821681b589dabc0bc20695993ccebb09f5b5d4d790cd9251b97faac7c652b?s=96&d=blank&r=g\",\"contentUrl\":\"https:\/\/secure.gravatar.com\/avatar\/049821681b589dabc0bc20695993ccebb09f5b5d4d790cd9251b97faac7c652b?s=96&d=blank&r=g\",\"caption\":\"enequipo\"},\"sameAs\":[\"https:\/\/www.facebook.com\/SonoraEE\"]}]}<\/script>\n ","yoast_head_json":{"title":"Sonora en Equipo. Detienen a Juan Orlando Hern\u00e1ndez, expresidente de Honduras por tres cargos de narcotr\u00e1fico MUNDO","description":"ESTADOS UNIDOS. \u2014 Un juez del Supremo de Honduras le dict\u00f3 \u201cdetenci\u00f3n provisional\u201d al expresidente Juan Orlando Hern\u00e1ndez (2014-2022), luego de su captura En Sonora en Equipo publicamos toda la informaci\u00f3n de Sonora, M\u00e9xico y el Mundo de manera oportuna y busca que la libertad de expresi\u00f3n sea real. Visita nuestro medio informativo publicado desde Hermosillo, Sonora. %","robots":{"index":"index","follow":"follow","max-snippet":"max-snippet:-1","max-image-preview":"max-image-preview:large","max-video-preview":"max-video-preview:-1"},"canonical":"https:\/\/www.sonoraenequipo.com.mx\/detienen-a-juan-orlando-hernandez-expresidente-de-honduras-por-tres-cargos-de-narcotrafico\/","og_locale":"es_ES","og_type":"article","og_title":"Sonora en Equipo. Detienen a Juan Orlando Hern\u00e1ndez, expresidente de Honduras por tres cargos de narcotr\u00e1fico MUNDO","og_description":"ESTADOS UNIDOS. \u2014 Un juez del Supremo de Honduras le dict\u00f3 \u201cdetenci\u00f3n provisional\u201d al expresidente Juan Orlando Hern\u00e1ndez (2014-2022), luego de su captura En Sonora en Equipo publicamos toda la informaci\u00f3n de Sonora, M\u00e9xico y el Mundo de manera oportuna y busca que la libertad de expresi\u00f3n sea real. Visita nuestro medio informativo publicado desde Hermosillo, Sonora. %","og_url":"https:\/\/www.sonoraenequipo.com.mx\/detienen-a-juan-orlando-hernandez-expresidente-de-honduras-por-tres-cargos-de-narcotrafico\/","og_site_name":"Sonora en Equipo.","article_publisher":"https:\/\/www.facebook.com\/SonoraEE\/","article_author":"https:\/\/www.facebook.com\/SonoraEE","article_published_time":"2022-02-17T01:33:48+00:00","article_modified_time":"2022-02-17T03:22:03+00:00","og_image":[{"width":711,"height":400,"url":"https:\/\/www.sonoraenequipo.com.mx\/storage\/2022\/02\/expresidente-honduras1-reuters_opt.jpg","type":"image\/jpeg"}],"author":"enequipo","twitter_card":"summary_large_image","twitter_creator":"@sonoraenequipo","twitter_site":"@sonoraenequipo","twitter_misc":{"Escrito por":"enequipo","Tiempo de lectura":"2 minutos"},"schema":{"@context":"https:\/\/schema.org","@graph":[{"@type":"Article","@id":"https:\/\/www.sonoraenequipo.com.mx\/detienen-a-juan-orlando-hernandez-expresidente-de-honduras-por-tres-cargos-de-narcotrafico\/#article","isPartOf":{"@id":"https:\/\/www.sonoraenequipo.com.mx\/detienen-a-juan-orlando-hernandez-expresidente-de-honduras-por-tres-cargos-de-narcotrafico\/"},"author":{"name":"enequipo","@id":"https:\/\/www.sonoraenequipo.com.mx\/#\/schema\/person\/50102df0fb23a8fa9e8effad8fa81386"},"headline":"Detienen a Juan Orlando Hern\u00e1ndez, expresidente de Honduras por tres cargos de narcotr\u00e1fico","datePublished":"2022-02-17T01:33:48+00:00","dateModified":"2022-02-17T03:22:03+00:00","mainEntityOfPage":{"@id":"https:\/\/www.sonoraenequipo.com.mx\/detienen-a-juan-orlando-hernandez-expresidente-de-honduras-por-tres-cargos-de-narcotrafico\/"},"wordCount":408,"commentCount":0,"publisher":{"@id":"https:\/\/www.sonoraenequipo.com.mx\/#organization"},"image":{"@id":"https:\/\/www.sonoraenequipo.com.mx\/detienen-a-juan-orlando-hernandez-expresidente-de-honduras-por-tres-cargos-de-narcotrafico\/#primaryimage"},"thumbnailUrl":"https:\/\/www.sonoraenequipo.com.mx\/storage\/2022\/02\/expresidente-honduras1-reuters_opt.jpg","articleSection":["MUNDO"],"inLanguage":"es","potentialAction":[{"@type":"CommentAction","name":"Comment","target":["https:\/\/www.sonoraenequipo.com.mx\/detienen-a-juan-orlando-hernandez-expresidente-de-honduras-por-tres-cargos-de-narcotrafico\/#respond"]}]},{"@type":"WebPage","@id":"https:\/\/www.sonoraenequipo.com.mx\/detienen-a-juan-orlando-hernandez-expresidente-de-honduras-por-tres-cargos-de-narcotrafico\/","url":"https:\/\/www.sonoraenequipo.com.mx\/detienen-a-juan-orlando-hernandez-expresidente-de-honduras-por-tres-cargos-de-narcotrafico\/","name":"Sonora en Equipo. Detienen a Juan Orlando Hern\u00e1ndez, expresidente de Honduras por tres cargos de narcotr\u00e1fico MUNDO","isPartOf":{"@id":"https:\/\/www.sonoraenequipo.com.mx\/#website"},"primaryImageOfPage":{"@id":"https:\/\/www.sonoraenequipo.com.mx\/detienen-a-juan-orlando-hernandez-expresidente-de-honduras-por-tres-cargos-de-narcotrafico\/#primaryimage"},"image":{"@id":"https:\/\/www.sonoraenequipo.com.mx\/detienen-a-juan-orlando-hernandez-expresidente-de-honduras-por-tres-cargos-de-narcotrafico\/#primaryimage"},"thumbnailUrl":"https:\/\/www.sonoraenequipo.com.mx\/storage\/2022\/02\/expresidente-honduras1-reuters_opt.jpg","datePublished":"2022-02-17T01:33:48+00:00","dateModified":"2022-02-17T03:22:03+00:00","description":"ESTADOS UNIDOS. \u2014 Un juez del Supremo de Honduras le dict\u00f3 \u201cdetenci\u00f3n provisional\u201d al expresidente Juan Orlando Hern\u00e1ndez (2014-2022), luego de su captura En Sonora en Equipo publicamos toda la informaci\u00f3n de Sonora, M\u00e9xico y el Mundo de manera oportuna y busca que la libertad de expresi\u00f3n sea real. Visita nuestro medio informativo publicado desde Hermosillo, Sonora. %","breadcrumb":{"@id":"https:\/\/www.sonoraenequipo.com.mx\/detienen-a-juan-orlando-hernandez-expresidente-de-honduras-por-tres-cargos-de-narcotrafico\/#breadcrumb"},"inLanguage":"es","potentialAction":[{"@type":"ReadAction","target":["https:\/\/www.sonoraenequipo.com.mx\/detienen-a-juan-orlando-hernandez-expresidente-de-honduras-por-tres-cargos-de-narcotrafico\/"]}]},{"@type":"ImageObject","inLanguage":"es","@id":"https:\/\/www.sonoraenequipo.com.mx\/detienen-a-juan-orlando-hernandez-expresidente-de-honduras-por-tres-cargos-de-narcotrafico\/#primaryimage","url":"https:\/\/www.sonoraenequipo.com.mx\/storage\/2022\/02\/expresidente-honduras1-reuters_opt.jpg","contentUrl":"https:\/\/www.sonoraenequipo.com.mx\/storage\/2022\/02\/expresidente-honduras1-reuters_opt.jpg","width":711,"height":400},{"@type":"BreadcrumbList","@id":"https:\/\/www.sonoraenequipo.com.mx\/detienen-a-juan-orlando-hernandez-expresidente-de-honduras-por-tres-cargos-de-narcotrafico\/#breadcrumb","itemListElement":[{"@type":"ListItem","position":1,"name":"Portada","item":"https:\/\/www.sonoraenequipo.com.mx\/"},{"@type":"ListItem","position":2,"name":"Detienen a Juan Orlando Hern\u00e1ndez, expresidente de Honduras por tres cargos de narcotr\u00e1fico"}]},{"@type":"WebSite","@id":"https:\/\/www.sonoraenequipo.com.mx\/#website","url":"https:\/\/www.sonoraenequipo.com.mx\/","name":"Sonora en Equipo.","description":"Diario en l\u00ednea con Noticias desde Hermosillo, Sonora","publisher":{"@id":"https:\/\/www.sonoraenequipo.com.mx\/#organization"},"potentialAction":[{"@type":"SearchAction","target":{"@type":"EntryPoint","urlTemplate":"https:\/\/www.sonoraenequipo.com.mx\/?s={search_term_string}"},"query-input":{"@type":"PropertyValueSpecification","valueRequired":true,"valueName":"search_term_string"}}],"inLanguage":"es"},{"@type":"Organization","@id":"https:\/\/www.sonoraenequipo.com.mx\/#organization","name":"Sonoraenequipo.com.mx","url":"https:\/\/www.sonoraenequipo.com.mx\/","logo":{"@type":"ImageObject","inLanguage":"es","@id":"https:\/\/www.sonoraenequipo.com.mx\/#\/schema\/logo\/image\/","url":"https:\/\/www.sonoraenequipo.com.mx\/storage\/2019\/01\/sonoraenequipo_opt.png","contentUrl":"https:\/\/www.sonoraenequipo.com.mx\/storage\/2019\/01\/sonoraenequipo_opt.png","width":375,"height":125,"caption":"Sonoraenequipo.com.mx"},"image":{"@id":"https:\/\/www.sonoraenequipo.com.mx\/#\/schema\/logo\/image\/"},"sameAs":["https:\/\/www.facebook.com\/SonoraEE\/","https:\/\/x.com\/sonoraenequipo","https:\/\/www.youtube.com\/channel\/UC338nW-lPEYmJQs4ZABQ1SQ"]},{"@type":"Person","@id":"https:\/\/www.sonoraenequipo.com.mx\/#\/schema\/person\/50102df0fb23a8fa9e8effad8fa81386","name":"enequipo","image":{"@type":"ImageObject","inLanguage":"es","@id":"https:\/\/www.sonoraenequipo.com.mx\/#\/schema\/person\/image\/","url":"https:\/\/secure.gravatar.com\/avatar\/049821681b589dabc0bc20695993ccebb09f5b5d4d790cd9251b97faac7c652b?s=96&d=blank&r=g","contentUrl":"https:\/\/secure.gravatar.com\/avatar\/049821681b589dabc0bc20695993ccebb09f5b5d4d790cd9251b97faac7c652b?s=96&d=blank&r=g","caption":"enequipo"},"sameAs":["https:\/\/www.facebook.com\/SonoraEE"]}]}},"jetpack_featured_media_url":"https:\/\/www.sonoraenequipo.com.mx\/storage\/2022\/02\/expresidente-honduras1-reuters_opt.jpg","_links":{"self":[{"href":"https:\/\/www.sonoraenequipo.com.mx\/api\/wp\/v2\/posts\/133306","targetHints":{"allow":["GET"]}}],"collection":[{"href":"https:\/\/www.sonoraenequipo.com.mx\/api\/wp\/v2\/posts"}],"about":[{"href":"https:\/\/www.sonoraenequipo.com.mx\/api\/wp\/v2\/types\/post"}],"author":[{"embeddable":true,"href":"https:\/\/www.sonoraenequipo.com.mx\/api\/wp\/v2\/users\/1"}],"replies":[{"embeddable":true,"href":"https:\/\/www.sonoraenequipo.com.mx\/api\/wp\/v2\/comments?post=133306"}],"version-history":[{"count":1,"href":"https:\/\/www.sonoraenequipo.com.mx\/api\/wp\/v2\/posts\/133306\/revisions"}],"predecessor-version":[{"id":133308,"href":"https:\/\/www.sonoraenequipo.com.mx\/api\/wp\/v2\/posts\/133306\/revisions\/133308"}],"wp:featuredmedia":[{"embeddable":true,"href":"https:\/\/www.sonoraenequipo.com.mx\/api\/wp\/v2\/media\/133307"}],"wp:attachment":[{"href":"https:\/\/www.sonoraenequipo.com.mx\/api\/wp\/v2\/media?parent=133306"}],"wp:term":[{"taxonomy":"category","embeddable":true,"href":"https:\/\/www.sonoraenequipo.com.mx\/api\/wp\/v2\/categories?post=133306"},{"taxonomy":"post_tag","embeddable":true,"href":"https:\/\/www.sonoraenequipo.com.mx\/api\/wp\/v2\/tags?post=133306"}],"curies":[{"name":"wp","href":"https:\/\/api.w.org\/{rel}","templated":true}]}}