{"id":133309,"date":"2022-02-16T21:36:56","date_gmt":"2022-02-17T04:36:56","guid":{"rendered":"https:\/\/www.sonoraenequipo.com.mx\/?p=133309"},"modified":"2022-02-16T22:20:18","modified_gmt":"2022-02-17T05:20:18","slug":"tenemos-el-compromiso-de-erradicar-la-violencia-de-genero-contra-las-mujeres-alfonso-durazo","status":"publish","type":"post","link":"https:\/\/www.sonoraenequipo.com.mx\/tenemos-el-compromiso-de-erradicar-la-violencia-de-genero-contra-las-mujeres-alfonso-durazo\/","title":{"rendered":"Tenemos el compromiso de erradicar la violencia de g\u00e9nero contra las mujeres: Alfonso Durazo"},"content":{"rendered":"<p>HERMOSILLO, SONORA. MX. \u2014 Con responsabilidad y sin regateos, desde el Gobierno de Sonora trabajaremos para resolver el problema de la violencia de g\u00e9nero contra las mujeres, destac\u00f3 el gobernador Alfonso Durazo Monta\u00f1o al atestiguar la toma de protesta de la instalaci\u00f3n del Grupo Interinstitucional y Multidisciplinario que atender\u00e1 est\u00e1 declaratoria.<\/p>\n<p>&nbsp;<\/p>\n<p> <\/p>\n<p>&nbsp;<\/p>\n<p>El mandatario estatal, acompa\u00f1ado de Mar\u00eda Fabiola Alan\u00eds S\u00e1mano, comisionada nacional para Prevenir y Erradicar la Violencia; \u00c1lvaro Bracamonte Sierra, secretario de Gobierno; y Mireya Scarone Adarga, titular del Instituto Sonorense de las Mujeres (ISM); se comprometi\u00f3 a dotar presupuestalmente la atenci\u00f3n y erradicaci\u00f3n de la violencia de g\u00e9nero en Sonora, pues con ello, dijo, se lograr\u00e1 la eficacia de una pol\u00edtica p\u00fablica de lucha contra la violencia hacia las mujeres.<\/p>\n<p>&nbsp;<\/p>\n<p><em>\u201cHago aqu\u00ed el compromiso de que esta iniciativa cuente con presupuesto para impulsar una respuesta eficaz, eficiente frente a estas 32 recomendaciones que nos han hecho. No me siento culpable de la violencia hacia la mujer, me siento responsable como gobernador de hacer sin regateos, la parte que me corresponde para resolver cuanto antes el problema desde su perspectiva de prevenci\u00f3n, seguridad, justicia y, por supuesto, de reparaci\u00f3n del da\u00f1o a las v\u00edctimas\u201d,<\/em> expres\u00f3.<\/p>\n<p>&nbsp;<\/p>\n<p>El gobernador Alfonso Durazo asegur\u00f3 que otro de los retos que debe atenderse es el de regresar el reconocimiento y confianza ciudadana en los cuerpos de seguridad; as\u00ed mismo hizo el compromiso de trabajar en las recomendaciones de la alerta de g\u00e9nero junto con las y los presidentes municipales, y pidi\u00f3 a las integrantes del Grupo Interinstitucional y Multidisciplinario continuar acompa\u00f1ando al Gobierno de Sonora.<\/p>\n<p>&nbsp;<\/p>\n<p>La comisionada nacional que <em>\u00aba diferencia del pasado reconocemos el fen\u00f3meno de las violencias por razones de g\u00e9nero y actuamos en consecuencia\u201d.<\/em><\/p>\n<p>&nbsp;<\/p>\n<p>Sostuvo que las recomendaciones de la alerta son integradoras e invit\u00f3 al gobernador a instalar en los pr\u00f3ximos d\u00edas mesas de trabajo en cada uno de los seis municipios decretados, con la intenci\u00f3n de revisar, junto con las v\u00edctimas indirectas de feminicidio el seguimiento y acompa\u00f1amiento a sus casos, as\u00ed como las tentativas de feminicidio y los delitos clasificados como violaci\u00f3n.<\/p>\n<p>&nbsp;<\/p>\n<p>Este grupo interinstitucional dar\u00e1 seguimiento a la Declaratoria de Alerta de Violencia de G\u00e9nero (AVG) emitida en agosto del 2021 para los municipios de Cajeme, Empalme, Guaymas, Hermosillo, Nogales y San Luis R\u00edo Colorado. Contiene 11 medidas de prevenci\u00f3n, ocho de seguridad y siete de justicia, as\u00ed como cinco medidas de reparaci\u00f3n del da\u00f1o, adem\u00e1s dispone el desarrollo de un diagn\u00f3stico de la situaci\u00f3n que aguarda en el territorio la violencia contra las mujeres, formular\u00e1 metodolog\u00edas y otras propuestas de trabajo que formar\u00e1n parte de las acciones institucionales.<\/p>\n<p>&nbsp;<\/p>\n<p>Integran el Grupo Interinstitucional y Multidisciplinario:<strong> Mireya Scarone Adarga, <\/strong><em>coordinadora ejecutiva del Instituto Sonorense de las Mujeres (ISM);<\/em> <strong>Elizabeth P\u00e9rez G\u00f3mez,<\/strong><em> integrante del Instituto Nacional de las Mujeres (Inmujeres); <\/em><strong>Abel Salda\u00f1a,<\/strong><em> de la Comisi\u00f3n Nacional para Prevenir y Erradicar la Violencia Contra las Mujeres (Conavim)<\/em><strong>; Mar\u00eda del Carmen Ojesto, <\/strong><em>integrante de la Comisi\u00f3n Nacional de Derechos Humanos (CNDH) y responsable del mecanismo de alerta de violencia;<\/em> <strong>Amelia Iruretagoyena Quiroz, <\/strong><em>de la Universidad de Sonora (Unison)<\/em><strong>; Susana Elena Barrera Barrios, <\/strong><em>del Centro Regional de Formaci\u00f3n Docente (Creson);<\/em><strong> Janette G\u00f3ngora Soberanes, <\/strong><em>de la Universidad Aut\u00f3noma Metropolitana<\/em><strong>; Fabiola Pati\u00f1o Bautista, <\/strong><em>de la Universidad Nacional Aut\u00f3noma de M\u00e9xico.<\/em><\/p>\n<p>&nbsp;<\/p>\n<p>Representantes de las organizaciones solicitantes: <strong>Anallely P\u00e9rez Garrido, <\/strong><em>Justicia Propersona A.C<\/em><strong><em>.;<\/em> Silvia N\u00fa\u00f1ez Esquer, <\/strong><em>representante en Sonora del Observatorio Ciudadano Nacional del Feminicidio (OCNF)<\/em><strong>; Mar\u00eda de la Luz Estrada Mendoza, <\/strong><em>coordinadora ejecutiva del Observatorio Ciudadano Nacional del Feminicidio (OCNF).<\/em><\/p>\n<p>&nbsp;<\/p>\n<p>&nbsp;<\/p>\n<p>(Publicada el 16\/02\/2022 \/ Con informaci\u00f3n del GOB SON 0222096)<\/p>\n","protected":false},"excerpt":{"rendered":"<p>HERMOSILLO, SONORA. MX. \u2014 Con responsabilidad y sin regateos, desde el Gobierno de Sonora trabajaremos&#8230;<\/p>\n","protected":false},"author":1,"featured_media":133311,"comment_status":"open","ping_status":"open","sticky":false,"template":"","format":"standard","meta":{"_monsterinsights_skip_tracking":false,"_monsterinsights_sitenote_active":false,"_monsterinsights_sitenote_note":"","_monsterinsights_sitenote_category":0,"footnotes":""},"categories":[22],"tags":[],"class_list":["post"],"yoast_head":" \n<title>Sonora en Equipo. Tenemos el compromiso de erradicar la violencia de g\u00e9nero contra las mujeres: Alfonso Durazo Sonora<\/title>\n<meta name=\"description\" content=\"HERMOSILLO, SONORA. MX. \u2014 Con responsabilidad y sin regateos, desde el Gobierno de Sonora trabajaremos para resolver el problema de la violencia de g\u00e9nero En Sonora en Equipo publicamos toda la informaci\u00f3n de Sonora, M\u00e9xico y el Mundo de manera oportuna y busca que la libertad de expresi\u00f3n sea real. Visita nuestro medio informativo publicado desde Hermosillo, Sonora. %\" \/>\n<meta name=\"robots\" content=\"index, follow, max-snippet:-1, max-image-preview:large, max-video-preview:-1\" \/>\n<link rel=\"canonical\" href=\"https:\/\/www.sonoraenequipo.com.mx\/tenemos-el-compromiso-de-erradicar-la-violencia-de-genero-contra-las-mujeres-alfonso-durazo\/\" \/>\n<meta property=\"og:locale\" content=\"es_ES\" \/>\n<meta property=\"og:type\" content=\"article\" \/>\n<meta property=\"og:title\" content=\"Sonora en Equipo. Tenemos el compromiso de erradicar la violencia de g\u00e9nero contra las mujeres: Alfonso Durazo Sonora\" \/>\n<meta property=\"og:description\" content=\"HERMOSILLO, SONORA. MX. \u2014 Con responsabilidad y sin regateos, desde el Gobierno de Sonora trabajaremos para resolver el problema de la violencia de g\u00e9nero En Sonora en Equipo publicamos toda la informaci\u00f3n de Sonora, M\u00e9xico y el Mundo de manera oportuna y busca que la libertad de expresi\u00f3n sea real. Visita nuestro medio informativo publicado desde Hermosillo, Sonora. %\" \/>\n<meta property=\"og:url\" content=\"https:\/\/www.sonoraenequipo.com.mx\/tenemos-el-compromiso-de-erradicar-la-violencia-de-genero-contra-las-mujeres-alfonso-durazo\/\" \/>\n<meta property=\"og:site_name\" content=\"Sonora en Equipo.\" \/>\n<meta property=\"article:publisher\" content=\"https:\/\/www.facebook.com\/SonoraEE\/\" \/>\n<meta property=\"article:author\" content=\"https:\/\/www.facebook.com\/SonoraEE\" \/>\n<meta property=\"article:published_time\" content=\"2022-02-17T04:36:56+00:00\" \/>\n<meta property=\"article:modified_time\" content=\"2022-02-17T05:20:18+00:00\" \/>\n<meta property=\"og:image\" content=\"https:\/\/www.sonoraenequipo.com.mx\/storage\/2022\/02\/erradicar-la-violencia-de-genero-contra-las-mujeres-0222096c_opt.jpg\" \/>\n\t<meta property=\"og:image:width\" content=\"700\" \/>\n\t<meta property=\"og:image:height\" content=\"400\" \/>\n\t<meta property=\"og:image:type\" content=\"image\/jpeg\" \/>\n<meta name=\"author\" content=\"enequipo\" \/>\n<meta name=\"twitter:card\" content=\"summary_large_image\" \/>\n<meta name=\"twitter:creator\" content=\"@sonoraenequipo\" \/>\n<meta name=\"twitter:site\" content=\"@sonoraenequipo\" \/>\n<meta name=\"twitter:label1\" content=\"Escrito por\" \/>\n\t<meta name=\"twitter:data1\" content=\"enequipo\" \/>\n\t<meta name=\"twitter:label2\" content=\"Tiempo de lectura\" \/>\n\t<meta name=\"twitter:data2\" content=\"3 minutos\" \/>\n<script type=\"application\/ld+json\" class=\"yoast-schema-graph\">{\"@context\":\"https:\/\/schema.org\",\"@graph\":[{\"@type\":\"Article\",\"@id\":\"https:\/\/www.sonoraenequipo.com.mx\/tenemos-el-compromiso-de-erradicar-la-violencia-de-genero-contra-las-mujeres-alfonso-durazo\/#article\",\"isPartOf\":{\"@id\":\"https:\/\/www.sonoraenequipo.com.mx\/tenemos-el-compromiso-de-erradicar-la-violencia-de-genero-contra-las-mujeres-alfonso-durazo\/\"},\"author\":{\"name\":\"enequipo\",\"@id\":\"https:\/\/www.sonoraenequipo.com.mx\/#\/schema\/person\/50102df0fb23a8fa9e8effad8fa81386\"},\"headline\":\"Tenemos el compromiso de erradicar la violencia de g\u00e9nero contra las mujeres: Alfonso Durazo\",\"datePublished\":\"2022-02-17T04:36:56+00:00\",\"dateModified\":\"2022-02-17T05:20:18+00:00\",\"mainEntityOfPage\":{\"@id\":\"https:\/\/www.sonoraenequipo.com.mx\/tenemos-el-compromiso-de-erradicar-la-violencia-de-genero-contra-las-mujeres-alfonso-durazo\/\"},\"wordCount\":657,\"commentCount\":0,\"publisher\":{\"@id\":\"https:\/\/www.sonoraenequipo.com.mx\/#organization\"},\"image\":{\"@id\":\"https:\/\/www.sonoraenequipo.com.mx\/tenemos-el-compromiso-de-erradicar-la-violencia-de-genero-contra-las-mujeres-alfonso-durazo\/#primaryimage\"},\"thumbnailUrl\":\"https:\/\/www.sonoraenequipo.com.mx\/storage\/2022\/02\/erradicar-la-violencia-de-genero-contra-las-mujeres-0222096c_opt.jpg\",\"articleSection\":[\"Sonora\"],\"inLanguage\":\"es\",\"potentialAction\":[{\"@type\":\"CommentAction\",\"name\":\"Comment\",\"target\":[\"https:\/\/www.sonoraenequipo.com.mx\/tenemos-el-compromiso-de-erradicar-la-violencia-de-genero-contra-las-mujeres-alfonso-durazo\/#respond\"]}]},{\"@type\":\"WebPage\",\"@id\":\"https:\/\/www.sonoraenequipo.com.mx\/tenemos-el-compromiso-de-erradicar-la-violencia-de-genero-contra-las-mujeres-alfonso-durazo\/\",\"url\":\"https:\/\/www.sonoraenequipo.com.mx\/tenemos-el-compromiso-de-erradicar-la-violencia-de-genero-contra-las-mujeres-alfonso-durazo\/\",\"name\":\"Sonora en Equipo. Tenemos el compromiso de erradicar la violencia de g\u00e9nero contra las mujeres: Alfonso Durazo Sonora\",\"isPartOf\":{\"@id\":\"https:\/\/www.sonoraenequipo.com.mx\/#website\"},\"primaryImageOfPage\":{\"@id\":\"https:\/\/www.sonoraenequipo.com.mx\/tenemos-el-compromiso-de-erradicar-la-violencia-de-genero-contra-las-mujeres-alfonso-durazo\/#primaryimage\"},\"image\":{\"@id\":\"https:\/\/www.sonoraenequipo.com.mx\/tenemos-el-compromiso-de-erradicar-la-violencia-de-genero-contra-las-mujeres-alfonso-durazo\/#primaryimage\"},\"thumbnailUrl\":\"https:\/\/www.sonoraenequipo.com.mx\/storage\/2022\/02\/erradicar-la-violencia-de-genero-contra-las-mujeres-0222096c_opt.jpg\",\"datePublished\":\"2022-02-17T04:36:56+00:00\",\"dateModified\":\"2022-02-17T05:20:18+00:00\",\"description\":\"HERMOSILLO, SONORA. MX. \u2014 Con responsabilidad y sin regateos, desde el Gobierno de Sonora trabajaremos para resolver el problema de la violencia de g\u00e9nero En Sonora en Equipo publicamos toda la informaci\u00f3n de Sonora, M\u00e9xico y el Mundo de manera oportuna y busca que la libertad de expresi\u00f3n sea real. Visita nuestro medio informativo publicado desde Hermosillo, Sonora. %\",\"breadcrumb\":{\"@id\":\"https:\/\/www.sonoraenequipo.com.mx\/tenemos-el-compromiso-de-erradicar-la-violencia-de-genero-contra-las-mujeres-alfonso-durazo\/#breadcrumb\"},\"inLanguage\":\"es\",\"potentialAction\":[{\"@type\":\"ReadAction\",\"target\":[\"https:\/\/www.sonoraenequipo.com.mx\/tenemos-el-compromiso-de-erradicar-la-violencia-de-genero-contra-las-mujeres-alfonso-durazo\/\"]}]},{\"@type\":\"ImageObject\",\"inLanguage\":\"es\",\"@id\":\"https:\/\/www.sonoraenequipo.com.mx\/tenemos-el-compromiso-de-erradicar-la-violencia-de-genero-contra-las-mujeres-alfonso-durazo\/#primaryimage\",\"url\":\"https:\/\/www.sonoraenequipo.com.mx\/storage\/2022\/02\/erradicar-la-violencia-de-genero-contra-las-mujeres-0222096c_opt.jpg\",\"contentUrl\":\"https:\/\/www.sonoraenequipo.com.mx\/storage\/2022\/02\/erradicar-la-violencia-de-genero-contra-las-mujeres-0222096c_opt.jpg\",\"width\":700,\"height\":400},{\"@type\":\"BreadcrumbList\",\"@id\":\"https:\/\/www.sonoraenequipo.com.mx\/tenemos-el-compromiso-de-erradicar-la-violencia-de-genero-contra-las-mujeres-alfonso-durazo\/#breadcrumb\",\"itemListElement\":[{\"@type\":\"ListItem\",\"position\":1,\"name\":\"Portada\",\"item\":\"https:\/\/www.sonoraenequipo.com.mx\/\"},{\"@type\":\"ListItem\",\"position\":2,\"name\":\"Tenemos el compromiso de erradicar la violencia de g\u00e9nero contra las mujeres: Alfonso Durazo\"}]},{\"@type\":\"WebSite\",\"@id\":\"https:\/\/www.sonoraenequipo.com.mx\/#website\",\"url\":\"https:\/\/www.sonoraenequipo.com.mx\/\",\"name\":\"Sonora en Equipo.\",\"description\":\"Diario en l\u00ednea con Noticias desde Hermosillo, Sonora\",\"publisher\":{\"@id\":\"https:\/\/www.sonoraenequipo.com.mx\/#organization\"},\"potentialAction\":[{\"@type\":\"SearchAction\",\"target\":{\"@type\":\"EntryPoint\",\"urlTemplate\":\"https:\/\/www.sonoraenequipo.com.mx\/?s={search_term_string}\"},\"query-input\":{\"@type\":\"PropertyValueSpecification\",\"valueRequired\":true,\"valueName\":\"search_term_string\"}}],\"inLanguage\":\"es\"},{\"@type\":\"Organization\",\"@id\":\"https:\/\/www.sonoraenequipo.com.mx\/#organization\",\"name\":\"Sonoraenequipo.com.mx\",\"url\":\"https:\/\/www.sonoraenequipo.com.mx\/\",\"logo\":{\"@type\":\"ImageObject\",\"inLanguage\":\"es\",\"@id\":\"https:\/\/www.sonoraenequipo.com.mx\/#\/schema\/logo\/image\/\",\"url\":\"https:\/\/www.sonoraenequipo.com.mx\/storage\/2019\/01\/sonoraenequipo_opt.png\",\"contentUrl\":\"https:\/\/www.sonoraenequipo.com.mx\/storage\/2019\/01\/sonoraenequipo_opt.png\",\"width\":375,\"height\":125,\"caption\":\"Sonoraenequipo.com.mx\"},\"image\":{\"@id\":\"https:\/\/www.sonoraenequipo.com.mx\/#\/schema\/logo\/image\/\"},\"sameAs\":[\"https:\/\/www.facebook.com\/SonoraEE\/\",\"https:\/\/x.com\/sonoraenequipo\",\"https:\/\/www.youtube.com\/channel\/UC338nW-lPEYmJQs4ZABQ1SQ\"]},{\"@type\":\"Person\",\"@id\":\"https:\/\/www.sonoraenequipo.com.mx\/#\/schema\/person\/50102df0fb23a8fa9e8effad8fa81386\",\"name\":\"enequipo\",\"image\":{\"@type\":\"ImageObject\",\"inLanguage\":\"es\",\"@id\":\"https:\/\/www.sonoraenequipo.com.mx\/#\/schema\/person\/image\/\",\"url\":\"https:\/\/secure.gravatar.com\/avatar\/049821681b589dabc0bc20695993ccebb09f5b5d4d790cd9251b97faac7c652b?s=96&d=blank&r=g\",\"contentUrl\":\"https:\/\/secure.gravatar.com\/avatar\/049821681b589dabc0bc20695993ccebb09f5b5d4d790cd9251b97faac7c652b?s=96&d=blank&r=g\",\"caption\":\"enequipo\"},\"sameAs\":[\"https:\/\/www.facebook.com\/SonoraEE\"]}]}<\/script>\n ","yoast_head_json":{"title":"Sonora en Equipo. Tenemos el compromiso de erradicar la violencia de g\u00e9nero contra las mujeres: Alfonso Durazo Sonora","description":"HERMOSILLO, SONORA. MX. \u2014 Con responsabilidad y sin regateos, desde el Gobierno de Sonora trabajaremos para resolver el problema de la violencia de g\u00e9nero En Sonora en Equipo publicamos toda la informaci\u00f3n de Sonora, M\u00e9xico y el Mundo de manera oportuna y busca que la libertad de expresi\u00f3n sea real. Visita nuestro medio informativo publicado desde Hermosillo, Sonora. %","robots":{"index":"index","follow":"follow","max-snippet":"max-snippet:-1","max-image-preview":"max-image-preview:large","max-video-preview":"max-video-preview:-1"},"canonical":"https:\/\/www.sonoraenequipo.com.mx\/tenemos-el-compromiso-de-erradicar-la-violencia-de-genero-contra-las-mujeres-alfonso-durazo\/","og_locale":"es_ES","og_type":"article","og_title":"Sonora en Equipo. Tenemos el compromiso de erradicar la violencia de g\u00e9nero contra las mujeres: Alfonso Durazo Sonora","og_description":"HERMOSILLO, SONORA. MX. \u2014 Con responsabilidad y sin regateos, desde el Gobierno de Sonora trabajaremos para resolver el problema de la violencia de g\u00e9nero En Sonora en Equipo publicamos toda la informaci\u00f3n de Sonora, M\u00e9xico y el Mundo de manera oportuna y busca que la libertad de expresi\u00f3n sea real. Visita nuestro medio informativo publicado desde Hermosillo, Sonora. %","og_url":"https:\/\/www.sonoraenequipo.com.mx\/tenemos-el-compromiso-de-erradicar-la-violencia-de-genero-contra-las-mujeres-alfonso-durazo\/","og_site_name":"Sonora en Equipo.","article_publisher":"https:\/\/www.facebook.com\/SonoraEE\/","article_author":"https:\/\/www.facebook.com\/SonoraEE","article_published_time":"2022-02-17T04:36:56+00:00","article_modified_time":"2022-02-17T05:20:18+00:00","og_image":[{"width":700,"height":400,"url":"https:\/\/www.sonoraenequipo.com.mx\/storage\/2022\/02\/erradicar-la-violencia-de-genero-contra-las-mujeres-0222096c_opt.jpg","type":"image\/jpeg"}],"author":"enequipo","twitter_card":"summary_large_image","twitter_creator":"@sonoraenequipo","twitter_site":"@sonoraenequipo","twitter_misc":{"Escrito por":"enequipo","Tiempo de lectura":"3 minutos"},"schema":{"@context":"https:\/\/schema.org","@graph":[{"@type":"Article","@id":"https:\/\/www.sonoraenequipo.com.mx\/tenemos-el-compromiso-de-erradicar-la-violencia-de-genero-contra-las-mujeres-alfonso-durazo\/#article","isPartOf":{"@id":"https:\/\/www.sonoraenequipo.com.mx\/tenemos-el-compromiso-de-erradicar-la-violencia-de-genero-contra-las-mujeres-alfonso-durazo\/"},"author":{"name":"enequipo","@id":"https:\/\/www.sonoraenequipo.com.mx\/#\/schema\/person\/50102df0fb23a8fa9e8effad8fa81386"},"headline":"Tenemos el compromiso de erradicar la violencia de g\u00e9nero contra las mujeres: Alfonso Durazo","datePublished":"2022-02-17T04:36:56+00:00","dateModified":"2022-02-17T05:20:18+00:00","mainEntityOfPage":{"@id":"https:\/\/www.sonoraenequipo.com.mx\/tenemos-el-compromiso-de-erradicar-la-violencia-de-genero-contra-las-mujeres-alfonso-durazo\/"},"wordCount":657,"commentCount":0,"publisher":{"@id":"https:\/\/www.sonoraenequipo.com.mx\/#organization"},"image":{"@id":"https:\/\/www.sonoraenequipo.com.mx\/tenemos-el-compromiso-de-erradicar-la-violencia-de-genero-contra-las-mujeres-alfonso-durazo\/#primaryimage"},"thumbnailUrl":"https:\/\/www.sonoraenequipo.com.mx\/storage\/2022\/02\/erradicar-la-violencia-de-genero-contra-las-mujeres-0222096c_opt.jpg","articleSection":["Sonora"],"inLanguage":"es","potentialAction":[{"@type":"CommentAction","name":"Comment","target":["https:\/\/www.sonoraenequipo.com.mx\/tenemos-el-compromiso-de-erradicar-la-violencia-de-genero-contra-las-mujeres-alfonso-durazo\/#respond"]}]},{"@type":"WebPage","@id":"https:\/\/www.sonoraenequipo.com.mx\/tenemos-el-compromiso-de-erradicar-la-violencia-de-genero-contra-las-mujeres-alfonso-durazo\/","url":"https:\/\/www.sonoraenequipo.com.mx\/tenemos-el-compromiso-de-erradicar-la-violencia-de-genero-contra-las-mujeres-alfonso-durazo\/","name":"Sonora en Equipo. Tenemos el compromiso de erradicar la violencia de g\u00e9nero contra las mujeres: Alfonso Durazo Sonora","isPartOf":{"@id":"https:\/\/www.sonoraenequipo.com.mx\/#website"},"primaryImageOfPage":{"@id":"https:\/\/www.sonoraenequipo.com.mx\/tenemos-el-compromiso-de-erradicar-la-violencia-de-genero-contra-las-mujeres-alfonso-durazo\/#primaryimage"},"image":{"@id":"https:\/\/www.sonoraenequipo.com.mx\/tenemos-el-compromiso-de-erradicar-la-violencia-de-genero-contra-las-mujeres-alfonso-durazo\/#primaryimage"},"thumbnailUrl":"https:\/\/www.sonoraenequipo.com.mx\/storage\/2022\/02\/erradicar-la-violencia-de-genero-contra-las-mujeres-0222096c_opt.jpg","datePublished":"2022-02-17T04:36:56+00:00","dateModified":"2022-02-17T05:20:18+00:00","description":"HERMOSILLO, SONORA. MX. \u2014 Con responsabilidad y sin regateos, desde el Gobierno de Sonora trabajaremos para resolver el problema de la violencia de g\u00e9nero En Sonora en Equipo publicamos toda la informaci\u00f3n de Sonora, M\u00e9xico y el Mundo de manera oportuna y busca que la libertad de expresi\u00f3n sea real. Visita nuestro medio informativo publicado desde Hermosillo, Sonora. %","breadcrumb":{"@id":"https:\/\/www.sonoraenequipo.com.mx\/tenemos-el-compromiso-de-erradicar-la-violencia-de-genero-contra-las-mujeres-alfonso-durazo\/#breadcrumb"},"inLanguage":"es","potentialAction":[{"@type":"ReadAction","target":["https:\/\/www.sonoraenequipo.com.mx\/tenemos-el-compromiso-de-erradicar-la-violencia-de-genero-contra-las-mujeres-alfonso-durazo\/"]}]},{"@type":"ImageObject","inLanguage":"es","@id":"https:\/\/www.sonoraenequipo.com.mx\/tenemos-el-compromiso-de-erradicar-la-violencia-de-genero-contra-las-mujeres-alfonso-durazo\/#primaryimage","url":"https:\/\/www.sonoraenequipo.com.mx\/storage\/2022\/02\/erradicar-la-violencia-de-genero-contra-las-mujeres-0222096c_opt.jpg","contentUrl":"https:\/\/www.sonoraenequipo.com.mx\/storage\/2022\/02\/erradicar-la-violencia-de-genero-contra-las-mujeres-0222096c_opt.jpg","width":700,"height":400},{"@type":"BreadcrumbList","@id":"https:\/\/www.sonoraenequipo.com.mx\/tenemos-el-compromiso-de-erradicar-la-violencia-de-genero-contra-las-mujeres-alfonso-durazo\/#breadcrumb","itemListElement":[{"@type":"ListItem","position":1,"name":"Portada","item":"https:\/\/www.sonoraenequipo.com.mx\/"},{"@type":"ListItem","position":2,"name":"Tenemos el compromiso de erradicar la violencia de g\u00e9nero contra las mujeres: Alfonso Durazo"}]},{"@type":"WebSite","@id":"https:\/\/www.sonoraenequipo.com.mx\/#website","url":"https:\/\/www.sonoraenequipo.com.mx\/","name":"Sonora en Equipo.","description":"Diario en l\u00ednea con Noticias desde Hermosillo, Sonora","publisher":{"@id":"https:\/\/www.sonoraenequipo.com.mx\/#organization"},"potentialAction":[{"@type":"SearchAction","target":{"@type":"EntryPoint","urlTemplate":"https:\/\/www.sonoraenequipo.com.mx\/?s={search_term_string}"},"query-input":{"@type":"PropertyValueSpecification","valueRequired":true,"valueName":"search_term_string"}}],"inLanguage":"es"},{"@type":"Organization","@id":"https:\/\/www.sonoraenequipo.com.mx\/#organization","name":"Sonoraenequipo.com.mx","url":"https:\/\/www.sonoraenequipo.com.mx\/","logo":{"@type":"ImageObject","inLanguage":"es","@id":"https:\/\/www.sonoraenequipo.com.mx\/#\/schema\/logo\/image\/","url":"https:\/\/www.sonoraenequipo.com.mx\/storage\/2019\/01\/sonoraenequipo_opt.png","contentUrl":"https:\/\/www.sonoraenequipo.com.mx\/storage\/2019\/01\/sonoraenequipo_opt.png","width":375,"height":125,"caption":"Sonoraenequipo.com.mx"},"image":{"@id":"https:\/\/www.sonoraenequipo.com.mx\/#\/schema\/logo\/image\/"},"sameAs":["https:\/\/www.facebook.com\/SonoraEE\/","https:\/\/x.com\/sonoraenequipo","https:\/\/www.youtube.com\/channel\/UC338nW-lPEYmJQs4ZABQ1SQ"]},{"@type":"Person","@id":"https:\/\/www.sonoraenequipo.com.mx\/#\/schema\/person\/50102df0fb23a8fa9e8effad8fa81386","name":"enequipo","image":{"@type":"ImageObject","inLanguage":"es","@id":"https:\/\/www.sonoraenequipo.com.mx\/#\/schema\/person\/image\/","url":"https:\/\/secure.gravatar.com\/avatar\/049821681b589dabc0bc20695993ccebb09f5b5d4d790cd9251b97faac7c652b?s=96&d=blank&r=g","contentUrl":"https:\/\/secure.gravatar.com\/avatar\/049821681b589dabc0bc20695993ccebb09f5b5d4d790cd9251b97faac7c652b?s=96&d=blank&r=g","caption":"enequipo"},"sameAs":["https:\/\/www.facebook.com\/SonoraEE"]}]}},"jetpack_featured_media_url":"https:\/\/www.sonoraenequipo.com.mx\/storage\/2022\/02\/erradicar-la-violencia-de-genero-contra-las-mujeres-0222096c_opt.jpg","_links":{"self":[{"href":"https:\/\/www.sonoraenequipo.com.mx\/api\/wp\/v2\/posts\/133309","targetHints":{"allow":["GET"]}}],"collection":[{"href":"https:\/\/www.sonoraenequipo.com.mx\/api\/wp\/v2\/posts"}],"about":[{"href":"https:\/\/www.sonoraenequipo.com.mx\/api\/wp\/v2\/types\/post"}],"author":[{"embeddable":true,"href":"https:\/\/www.sonoraenequipo.com.mx\/api\/wp\/v2\/users\/1"}],"replies":[{"embeddable":true,"href":"https:\/\/www.sonoraenequipo.com.mx\/api\/wp\/v2\/comments?post=133309"}],"version-history":[{"count":1,"href":"https:\/\/www.sonoraenequipo.com.mx\/api\/wp\/v2\/posts\/133309\/revisions"}],"predecessor-version":[{"id":133312,"href":"https:\/\/www.sonoraenequipo.com.mx\/api\/wp\/v2\/posts\/133309\/revisions\/133312"}],"wp:featuredmedia":[{"embeddable":true,"href":"https:\/\/www.sonoraenequipo.com.mx\/api\/wp\/v2\/media\/133311"}],"wp:attachment":[{"href":"https:\/\/www.sonoraenequipo.com.mx\/api\/wp\/v2\/media?parent=133309"}],"wp:term":[{"taxonomy":"category","embeddable":true,"href":"https:\/\/www.sonoraenequipo.com.mx\/api\/wp\/v2\/categories?post=133309"},{"taxonomy":"post_tag","embeddable":true,"href":"https:\/\/www.sonoraenequipo.com.mx\/api\/wp\/v2\/tags?post=133309"}],"curies":[{"name":"wp","href":"https:\/\/api.w.org\/{rel}","templated":true}]}}