{"id":133340,"date":"2022-02-17T06:16:34","date_gmt":"2022-02-17T13:16:34","guid":{"rendered":"https:\/\/www.sonoraenequipo.com.mx\/?p=133340"},"modified":"2022-02-17T15:22:57","modified_gmt":"2022-02-17T22:22:57","slug":"ctm-agradece-apoyo-del-congreso-de-sonora-para-mejorar-servicios-del-imss","status":"publish","type":"post","link":"https:\/\/www.sonoraenequipo.com.mx\/ctm-agradece-apoyo-del-congreso-de-sonora-para-mejorar-servicios-del-imss\/","title":{"rendered":"CTM agradece apoyo del Congreso de Sonora para mejorar servicios del IMSS"},"content":{"rendered":"<p>HERMOSILLO, SONORA. MX. \u2014 El dirigente de la CTM Sonora, Javier Villarreal G\u00e1mez calific\u00f3 de congruente y responsable el ejercicio legislativo de las diversas fracciones parlamentarias al aprobar por unanimidad el exhorto al Gobierno federal para que mejore la calidad en cobertura de los servicios salud del Instituto Mexicano del Seguro Social.<\/p>\n<p>&nbsp;<\/p>\n<p> <\/p>\n<p>Despu\u00e9s de varios a\u00f1os de luchas y reclamos para cubrir las m\u00e1s de 500 vacantes de m\u00e9dicos especialistas y denunciado los grandes rezagos que presenta el IMSS en todos sus servicios incluidos la infraestructura hospitalaria, consider\u00f3 de gran avance el que los diputados sin importar ideolog\u00edas se hayan unido en un mismo fin que es el de respaldar la causa de los trabajadores y sus familias.<\/p>\n<p>&nbsp;<\/p>\n<p>Agradeci\u00f3 al diputado Ernesto de Lucas Hopkins por haber expuesto en tribuna ante sus compa\u00f1eros legisladores la grave situaci\u00f3n que prevalece en el IMSS y la urgencia de aliviarla a fin de que los trabajadores reciban la atenci\u00f3n que merecen.<\/p>\n<p>&nbsp;<\/p>\n<p><em>\u201cPara los cetemistas el ejercicio legislativo del pasado martes es una respuesta, pues el exhorto fue una petici\u00f3n que se hizo al Congreso del Estado el pasado mes de diciembre, despu\u00e9s de una marcha que realizamos centenares de trabajadoras de Hermosillo concluyendo en el Congreso del Estado\u201d,<\/em> precis\u00f3.<\/p>\n<p>&nbsp;<\/p>\n<p>El l\u00edder obrero al considerar alarmante la situaci\u00f3n a la que se enfrentan los derechohabientes al requerir la atenci\u00f3n dijo es urgente que el IMSS apruebe la subrogaci\u00f3n temporal de servicios m\u00e9dicos y tambi\u00e9n para cubrir las recetas en medicinas que en estos momentos la Instituci\u00f3n carece de ellas.<\/p>\n<p>&nbsp;<\/p>\n<p>Acompa\u00f1ado del dirigente de la CTM- Hermosillo Oscar Ortiz Arvayo y la secretaria de Bienestar Social de la CTM.Sonora,Isabel Vel\u00e1zquez, Villarreal G\u00e1mez dijo tener confianza en la gesti\u00f3n que realiza el gobernador Alfonso Durazo con el Director Nacional del IMSS, Zo\u00e9 Robledo a fin de lograr que se mejoren los servicios de salud en Sonora.<\/p>\n<p>&nbsp;<\/p>\n<p>Por su parte el dirigente de la CTM-Hermosillo, Oscar Ortiz Arvayo y la secretaria de Bienestar Social, Isabel Vel\u00e1zquez Rend\u00f3n coincidieron en se\u00f1alar la importancia de que el Congreso del estado haga un llamado al Director del IMSS Zo\u00e9 Robledo para que cubra las vacantes.<\/p>\n<p>&nbsp;<\/p>\n<p>Las condiciones en las salas de urgencias se sigue agravando, los tiempos de espera son muy prolongados consecuencia de la falta de m\u00e9dicos especialistas, reiter\u00f3 Ortiz Arvayo.<\/p>\n<p>&nbsp;<\/p>\n<p>(Publicada el 17\/02\/2022)<\/p>\n","protected":false},"excerpt":{"rendered":"<p>HERMOSILLO, SONORA. MX. \u2014 El dirigente de la CTM Sonora, Javier Villarreal G\u00e1mez calific\u00f3 de&#8230;<\/p>\n","protected":false},"author":1,"featured_media":0,"comment_status":"open","ping_status":"open","sticky":false,"template":"","format":"standard","meta":{"_monsterinsights_skip_tracking":false,"_monsterinsights_sitenote_active":false,"_monsterinsights_sitenote_note":"","_monsterinsights_sitenote_category":0,"footnotes":""},"categories":[1],"tags":[],"class_list":["post"],"yoast_head":" \n<title>Sonora en Equipo. CTM agradece apoyo del Congreso de Sonora para mejorar servicios del IMSS<\/title>\n<meta name=\"description\" content=\"HERMOSILLO, SONORA. MX. \u2014 El dirigente de la CTM Sonora, Javier Villarreal G\u00e1mez calific\u00f3 de congruente y responsable el ejercicio legislativo de las En Sonora en Equipo publicamos toda la informaci\u00f3n de Sonora, M\u00e9xico y el Mundo de manera oportuna y busca que la libertad de expresi\u00f3n sea real. Visita nuestro medio informativo publicado desde Hermosillo, Sonora. %\" \/>\n<meta name=\"robots\" content=\"index, follow, max-snippet:-1, max-image-preview:large, max-video-preview:-1\" \/>\n<link rel=\"canonical\" href=\"https:\/\/www.sonoraenequipo.com.mx\/ctm-agradece-apoyo-del-congreso-de-sonora-para-mejorar-servicios-del-imss\/\" \/>\n<meta property=\"og:locale\" content=\"es_ES\" \/>\n<meta property=\"og:type\" content=\"article\" \/>\n<meta property=\"og:title\" content=\"Sonora en Equipo. CTM agradece apoyo del Congreso de Sonora para mejorar servicios del IMSS\" \/>\n<meta property=\"og:description\" content=\"HERMOSILLO, SONORA. MX. \u2014 El dirigente de la CTM Sonora, Javier Villarreal G\u00e1mez calific\u00f3 de congruente y responsable el ejercicio legislativo de las En Sonora en Equipo publicamos toda la informaci\u00f3n de Sonora, M\u00e9xico y el Mundo de manera oportuna y busca que la libertad de expresi\u00f3n sea real. Visita nuestro medio informativo publicado desde Hermosillo, Sonora. %\" \/>\n<meta property=\"og:url\" content=\"https:\/\/www.sonoraenequipo.com.mx\/ctm-agradece-apoyo-del-congreso-de-sonora-para-mejorar-servicios-del-imss\/\" \/>\n<meta property=\"og:site_name\" content=\"Sonora en Equipo.\" \/>\n<meta property=\"article:publisher\" content=\"https:\/\/www.facebook.com\/SonoraEE\/\" \/>\n<meta property=\"article:author\" content=\"https:\/\/www.facebook.com\/SonoraEE\" \/>\n<meta property=\"article:published_time\" content=\"2022-02-17T13:16:34+00:00\" \/>\n<meta property=\"article:modified_time\" content=\"2022-02-17T22:22:57+00:00\" \/>\n<meta name=\"author\" content=\"enequipo\" \/>\n<meta name=\"twitter:card\" content=\"summary_large_image\" \/>\n<meta name=\"twitter:creator\" content=\"@sonoraenequipo\" \/>\n<meta name=\"twitter:site\" content=\"@sonoraenequipo\" \/>\n<meta name=\"twitter:label1\" content=\"Escrito por\" \/>\n\t<meta name=\"twitter:data1\" content=\"enequipo\" \/>\n\t<meta name=\"twitter:label2\" content=\"Tiempo de lectura\" \/>\n\t<meta name=\"twitter:data2\" content=\"2 minutos\" \/>\n<script type=\"application\/ld+json\" class=\"yoast-schema-graph\">{\"@context\":\"https:\/\/schema.org\",\"@graph\":[{\"@type\":\"Article\",\"@id\":\"https:\/\/www.sonoraenequipo.com.mx\/ctm-agradece-apoyo-del-congreso-de-sonora-para-mejorar-servicios-del-imss\/#article\",\"isPartOf\":{\"@id\":\"https:\/\/www.sonoraenequipo.com.mx\/ctm-agradece-apoyo-del-congreso-de-sonora-para-mejorar-servicios-del-imss\/\"},\"author\":{\"name\":\"enequipo\",\"@id\":\"https:\/\/www.sonoraenequipo.com.mx\/#\/schema\/person\/50102df0fb23a8fa9e8effad8fa81386\"},\"headline\":\"CTM agradece apoyo del Congreso de Sonora para mejorar servicios del IMSS\",\"datePublished\":\"2022-02-17T13:16:34+00:00\",\"dateModified\":\"2022-02-17T22:22:57+00:00\",\"mainEntityOfPage\":{\"@id\":\"https:\/\/www.sonoraenequipo.com.mx\/ctm-agradece-apoyo-del-congreso-de-sonora-para-mejorar-servicios-del-imss\/\"},\"wordCount\":430,\"commentCount\":0,\"publisher\":{\"@id\":\"https:\/\/www.sonoraenequipo.com.mx\/#organization\"},\"articleSection\":[\"Sin categorizar\"],\"inLanguage\":\"es\",\"potentialAction\":[{\"@type\":\"CommentAction\",\"name\":\"Comment\",\"target\":[\"https:\/\/www.sonoraenequipo.com.mx\/ctm-agradece-apoyo-del-congreso-de-sonora-para-mejorar-servicios-del-imss\/#respond\"]}]},{\"@type\":\"WebPage\",\"@id\":\"https:\/\/www.sonoraenequipo.com.mx\/ctm-agradece-apoyo-del-congreso-de-sonora-para-mejorar-servicios-del-imss\/\",\"url\":\"https:\/\/www.sonoraenequipo.com.mx\/ctm-agradece-apoyo-del-congreso-de-sonora-para-mejorar-servicios-del-imss\/\",\"name\":\"Sonora en Equipo. CTM agradece apoyo del Congreso de Sonora para mejorar servicios del IMSS\",\"isPartOf\":{\"@id\":\"https:\/\/www.sonoraenequipo.com.mx\/#website\"},\"datePublished\":\"2022-02-17T13:16:34+00:00\",\"dateModified\":\"2022-02-17T22:22:57+00:00\",\"description\":\"HERMOSILLO, SONORA. MX. \u2014 El dirigente de la CTM Sonora, Javier Villarreal G\u00e1mez calific\u00f3 de congruente y responsable el ejercicio legislativo de las En Sonora en Equipo publicamos toda la informaci\u00f3n de Sonora, M\u00e9xico y el Mundo de manera oportuna y busca que la libertad de expresi\u00f3n sea real. Visita nuestro medio informativo publicado desde Hermosillo, Sonora. %\",\"breadcrumb\":{\"@id\":\"https:\/\/www.sonoraenequipo.com.mx\/ctm-agradece-apoyo-del-congreso-de-sonora-para-mejorar-servicios-del-imss\/#breadcrumb\"},\"inLanguage\":\"es\",\"potentialAction\":[{\"@type\":\"ReadAction\",\"target\":[\"https:\/\/www.sonoraenequipo.com.mx\/ctm-agradece-apoyo-del-congreso-de-sonora-para-mejorar-servicios-del-imss\/\"]}]},{\"@type\":\"BreadcrumbList\",\"@id\":\"https:\/\/www.sonoraenequipo.com.mx\/ctm-agradece-apoyo-del-congreso-de-sonora-para-mejorar-servicios-del-imss\/#breadcrumb\",\"itemListElement\":[{\"@type\":\"ListItem\",\"position\":1,\"name\":\"Portada\",\"item\":\"https:\/\/www.sonoraenequipo.com.mx\/\"},{\"@type\":\"ListItem\",\"position\":2,\"name\":\"CTM agradece apoyo del Congreso de Sonora para mejorar servicios del IMSS\"}]},{\"@type\":\"WebSite\",\"@id\":\"https:\/\/www.sonoraenequipo.com.mx\/#website\",\"url\":\"https:\/\/www.sonoraenequipo.com.mx\/\",\"name\":\"Sonora en Equipo.\",\"description\":\"Diario en l\u00ednea con Noticias desde Hermosillo, Sonora\",\"publisher\":{\"@id\":\"https:\/\/www.sonoraenequipo.com.mx\/#organization\"},\"potentialAction\":[{\"@type\":\"SearchAction\",\"target\":{\"@type\":\"EntryPoint\",\"urlTemplate\":\"https:\/\/www.sonoraenequipo.com.mx\/?s={search_term_string}\"},\"query-input\":{\"@type\":\"PropertyValueSpecification\",\"valueRequired\":true,\"valueName\":\"search_term_string\"}}],\"inLanguage\":\"es\"},{\"@type\":\"Organization\",\"@id\":\"https:\/\/www.sonoraenequipo.com.mx\/#organization\",\"name\":\"Sonoraenequipo.com.mx\",\"url\":\"https:\/\/www.sonoraenequipo.com.mx\/\",\"logo\":{\"@type\":\"ImageObject\",\"inLanguage\":\"es\",\"@id\":\"https:\/\/www.sonoraenequipo.com.mx\/#\/schema\/logo\/image\/\",\"url\":\"https:\/\/www.sonoraenequipo.com.mx\/storage\/2019\/01\/sonoraenequipo_opt.png\",\"contentUrl\":\"https:\/\/www.sonoraenequipo.com.mx\/storage\/2019\/01\/sonoraenequipo_opt.png\",\"width\":375,\"height\":125,\"caption\":\"Sonoraenequipo.com.mx\"},\"image\":{\"@id\":\"https:\/\/www.sonoraenequipo.com.mx\/#\/schema\/logo\/image\/\"},\"sameAs\":[\"https:\/\/www.facebook.com\/SonoraEE\/\",\"https:\/\/x.com\/sonoraenequipo\",\"https:\/\/www.youtube.com\/channel\/UC338nW-lPEYmJQs4ZABQ1SQ\"]},{\"@type\":\"Person\",\"@id\":\"https:\/\/www.sonoraenequipo.com.mx\/#\/schema\/person\/50102df0fb23a8fa9e8effad8fa81386\",\"name\":\"enequipo\",\"image\":{\"@type\":\"ImageObject\",\"inLanguage\":\"es\",\"@id\":\"https:\/\/www.sonoraenequipo.com.mx\/#\/schema\/person\/image\/\",\"url\":\"https:\/\/secure.gravatar.com\/avatar\/049821681b589dabc0bc20695993ccebb09f5b5d4d790cd9251b97faac7c652b?s=96&d=blank&r=g\",\"contentUrl\":\"https:\/\/secure.gravatar.com\/avatar\/049821681b589dabc0bc20695993ccebb09f5b5d4d790cd9251b97faac7c652b?s=96&d=blank&r=g\",\"caption\":\"enequipo\"},\"sameAs\":[\"https:\/\/www.facebook.com\/SonoraEE\"]}]}<\/script>\n ","yoast_head_json":{"title":"Sonora en Equipo. CTM agradece apoyo del Congreso de Sonora para mejorar servicios del IMSS","description":"HERMOSILLO, SONORA. MX. \u2014 El dirigente de la CTM Sonora, Javier Villarreal G\u00e1mez calific\u00f3 de congruente y responsable el ejercicio legislativo de las En Sonora en Equipo publicamos toda la informaci\u00f3n de Sonora, M\u00e9xico y el Mundo de manera oportuna y busca que la libertad de expresi\u00f3n sea real. Visita nuestro medio informativo publicado desde Hermosillo, Sonora. %","robots":{"index":"index","follow":"follow","max-snippet":"max-snippet:-1","max-image-preview":"max-image-preview:large","max-video-preview":"max-video-preview:-1"},"canonical":"https:\/\/www.sonoraenequipo.com.mx\/ctm-agradece-apoyo-del-congreso-de-sonora-para-mejorar-servicios-del-imss\/","og_locale":"es_ES","og_type":"article","og_title":"Sonora en Equipo. CTM agradece apoyo del Congreso de Sonora para mejorar servicios del IMSS","og_description":"HERMOSILLO, SONORA. MX. \u2014 El dirigente de la CTM Sonora, Javier Villarreal G\u00e1mez calific\u00f3 de congruente y responsable el ejercicio legislativo de las En Sonora en Equipo publicamos toda la informaci\u00f3n de Sonora, M\u00e9xico y el Mundo de manera oportuna y busca que la libertad de expresi\u00f3n sea real. Visita nuestro medio informativo publicado desde Hermosillo, Sonora. %","og_url":"https:\/\/www.sonoraenequipo.com.mx\/ctm-agradece-apoyo-del-congreso-de-sonora-para-mejorar-servicios-del-imss\/","og_site_name":"Sonora en Equipo.","article_publisher":"https:\/\/www.facebook.com\/SonoraEE\/","article_author":"https:\/\/www.facebook.com\/SonoraEE","article_published_time":"2022-02-17T13:16:34+00:00","article_modified_time":"2022-02-17T22:22:57+00:00","author":"enequipo","twitter_card":"summary_large_image","twitter_creator":"@sonoraenequipo","twitter_site":"@sonoraenequipo","twitter_misc":{"Escrito por":"enequipo","Tiempo de lectura":"2 minutos"},"schema":{"@context":"https:\/\/schema.org","@graph":[{"@type":"Article","@id":"https:\/\/www.sonoraenequipo.com.mx\/ctm-agradece-apoyo-del-congreso-de-sonora-para-mejorar-servicios-del-imss\/#article","isPartOf":{"@id":"https:\/\/www.sonoraenequipo.com.mx\/ctm-agradece-apoyo-del-congreso-de-sonora-para-mejorar-servicios-del-imss\/"},"author":{"name":"enequipo","@id":"https:\/\/www.sonoraenequipo.com.mx\/#\/schema\/person\/50102df0fb23a8fa9e8effad8fa81386"},"headline":"CTM agradece apoyo del Congreso de Sonora para mejorar servicios del IMSS","datePublished":"2022-02-17T13:16:34+00:00","dateModified":"2022-02-17T22:22:57+00:00","mainEntityOfPage":{"@id":"https:\/\/www.sonoraenequipo.com.mx\/ctm-agradece-apoyo-del-congreso-de-sonora-para-mejorar-servicios-del-imss\/"},"wordCount":430,"commentCount":0,"publisher":{"@id":"https:\/\/www.sonoraenequipo.com.mx\/#organization"},"articleSection":["Sin categorizar"],"inLanguage":"es","potentialAction":[{"@type":"CommentAction","name":"Comment","target":["https:\/\/www.sonoraenequipo.com.mx\/ctm-agradece-apoyo-del-congreso-de-sonora-para-mejorar-servicios-del-imss\/#respond"]}]},{"@type":"WebPage","@id":"https:\/\/www.sonoraenequipo.com.mx\/ctm-agradece-apoyo-del-congreso-de-sonora-para-mejorar-servicios-del-imss\/","url":"https:\/\/www.sonoraenequipo.com.mx\/ctm-agradece-apoyo-del-congreso-de-sonora-para-mejorar-servicios-del-imss\/","name":"Sonora en Equipo. CTM agradece apoyo del Congreso de Sonora para mejorar servicios del IMSS","isPartOf":{"@id":"https:\/\/www.sonoraenequipo.com.mx\/#website"},"datePublished":"2022-02-17T13:16:34+00:00","dateModified":"2022-02-17T22:22:57+00:00","description":"HERMOSILLO, SONORA. MX. \u2014 El dirigente de la CTM Sonora, Javier Villarreal G\u00e1mez calific\u00f3 de congruente y responsable el ejercicio legislativo de las En Sonora en Equipo publicamos toda la informaci\u00f3n de Sonora, M\u00e9xico y el Mundo de manera oportuna y busca que la libertad de expresi\u00f3n sea real. Visita nuestro medio informativo publicado desde Hermosillo, Sonora. %","breadcrumb":{"@id":"https:\/\/www.sonoraenequipo.com.mx\/ctm-agradece-apoyo-del-congreso-de-sonora-para-mejorar-servicios-del-imss\/#breadcrumb"},"inLanguage":"es","potentialAction":[{"@type":"ReadAction","target":["https:\/\/www.sonoraenequipo.com.mx\/ctm-agradece-apoyo-del-congreso-de-sonora-para-mejorar-servicios-del-imss\/"]}]},{"@type":"BreadcrumbList","@id":"https:\/\/www.sonoraenequipo.com.mx\/ctm-agradece-apoyo-del-congreso-de-sonora-para-mejorar-servicios-del-imss\/#breadcrumb","itemListElement":[{"@type":"ListItem","position":1,"name":"Portada","item":"https:\/\/www.sonoraenequipo.com.mx\/"},{"@type":"ListItem","position":2,"name":"CTM agradece apoyo del Congreso de Sonora para mejorar servicios del IMSS"}]},{"@type":"WebSite","@id":"https:\/\/www.sonoraenequipo.com.mx\/#website","url":"https:\/\/www.sonoraenequipo.com.mx\/","name":"Sonora en Equipo.","description":"Diario en l\u00ednea con Noticias desde Hermosillo, Sonora","publisher":{"@id":"https:\/\/www.sonoraenequipo.com.mx\/#organization"},"potentialAction":[{"@type":"SearchAction","target":{"@type":"EntryPoint","urlTemplate":"https:\/\/www.sonoraenequipo.com.mx\/?s={search_term_string}"},"query-input":{"@type":"PropertyValueSpecification","valueRequired":true,"valueName":"search_term_string"}}],"inLanguage":"es"},{"@type":"Organization","@id":"https:\/\/www.sonoraenequipo.com.mx\/#organization","name":"Sonoraenequipo.com.mx","url":"https:\/\/www.sonoraenequipo.com.mx\/","logo":{"@type":"ImageObject","inLanguage":"es","@id":"https:\/\/www.sonoraenequipo.com.mx\/#\/schema\/logo\/image\/","url":"https:\/\/www.sonoraenequipo.com.mx\/storage\/2019\/01\/sonoraenequipo_opt.png","contentUrl":"https:\/\/www.sonoraenequipo.com.mx\/storage\/2019\/01\/sonoraenequipo_opt.png","width":375,"height":125,"caption":"Sonoraenequipo.com.mx"},"image":{"@id":"https:\/\/www.sonoraenequipo.com.mx\/#\/schema\/logo\/image\/"},"sameAs":["https:\/\/www.facebook.com\/SonoraEE\/","https:\/\/x.com\/sonoraenequipo","https:\/\/www.youtube.com\/channel\/UC338nW-lPEYmJQs4ZABQ1SQ"]},{"@type":"Person","@id":"https:\/\/www.sonoraenequipo.com.mx\/#\/schema\/person\/50102df0fb23a8fa9e8effad8fa81386","name":"enequipo","image":{"@type":"ImageObject","inLanguage":"es","@id":"https:\/\/www.sonoraenequipo.com.mx\/#\/schema\/person\/image\/","url":"https:\/\/secure.gravatar.com\/avatar\/049821681b589dabc0bc20695993ccebb09f5b5d4d790cd9251b97faac7c652b?s=96&d=blank&r=g","contentUrl":"https:\/\/secure.gravatar.com\/avatar\/049821681b589dabc0bc20695993ccebb09f5b5d4d790cd9251b97faac7c652b?s=96&d=blank&r=g","caption":"enequipo"},"sameAs":["https:\/\/www.facebook.com\/SonoraEE"]}]}},"jetpack_featured_media_url":"","_links":{"self":[{"href":"https:\/\/www.sonoraenequipo.com.mx\/api\/wp\/v2\/posts\/133340","targetHints":{"allow":["GET"]}}],"collection":[{"href":"https:\/\/www.sonoraenequipo.com.mx\/api\/wp\/v2\/posts"}],"about":[{"href":"https:\/\/www.sonoraenequipo.com.mx\/api\/wp\/v2\/types\/post"}],"author":[{"embeddable":true,"href":"https:\/\/www.sonoraenequipo.com.mx\/api\/wp\/v2\/users\/1"}],"replies":[{"embeddable":true,"href":"https:\/\/www.sonoraenequipo.com.mx\/api\/wp\/v2\/comments?post=133340"}],"version-history":[{"count":1,"href":"https:\/\/www.sonoraenequipo.com.mx\/api\/wp\/v2\/posts\/133340\/revisions"}],"predecessor-version":[{"id":133341,"href":"https:\/\/www.sonoraenequipo.com.mx\/api\/wp\/v2\/posts\/133340\/revisions\/133341"}],"wp:attachment":[{"href":"https:\/\/www.sonoraenequipo.com.mx\/api\/wp\/v2\/media?parent=133340"}],"wp:term":[{"taxonomy":"category","embeddable":true,"href":"https:\/\/www.sonoraenequipo.com.mx\/api\/wp\/v2\/categories?post=133340"},{"taxonomy":"post_tag","embeddable":true,"href":"https:\/\/www.sonoraenequipo.com.mx\/api\/wp\/v2\/tags?post=133340"}],"curies":[{"name":"wp","href":"https:\/\/api.w.org\/{rel}","templated":true}]}}