{"id":133343,"date":"2022-02-17T08:50:26","date_gmt":"2022-02-17T15:50:26","guid":{"rendered":"https:\/\/www.sonoraenequipo.com.mx\/?p=133343"},"modified":"2022-02-17T15:46:40","modified_gmt":"2022-02-17T22:46:40","slug":"ministros-de-defensa-de-la-alianza-aseguraron-que-rusia-incremento-su-presencia-militar-en-la-frontera-con-ucrania","status":"publish","type":"post","link":"https:\/\/www.sonoraenequipo.com.mx\/ministros-de-defensa-de-la-alianza-aseguraron-que-rusia-incremento-su-presencia-militar-en-la-frontera-con-ucrania\/","title":{"rendered":"Ministros de Defensa de la Alianza aseguraron que Rusia increment\u00f3 su presencia militar en la frontera con Ucrania"},"content":{"rendered":"<p>EUROPA. \u2014 El alto representante de la Uni\u00f3n Europea para Asuntos Exteriores, Josep Borrell, report\u00f3 hoy, 17 de febrero de 2022, bombardeos en algunas partes del este de Ucrania, pero manifest\u00f3 que los pa\u00edses de la UE no aprobar\u00e1n las sanciones contra Rusia hasta que <em><strong>\u201cel nivel de intensidad de la agresi\u00f3n lo requiera\u201d.<\/strong><\/em><\/p>\n<p>&nbsp;<\/p>\n<p> <\/p>\n<p>&nbsp;<\/p>\n<p><strong><em>\u201cHemos tenido noticias sobre una retirada de tropas (rusas), pero no hay evidencia de eso\u201d,<\/em><\/strong> dijo el ministro de Interiores de la Uni\u00f3n Europea tras una reuni\u00f3n de los jefes de Estado y de Gobierno de la UE para tratar la tensi\u00f3n en torno a Ucrania, en la que no adoptaron ninguna decisi\u00f3n.<\/p>\n<p>&nbsp;<\/p>\n<p><em><strong>\u201cDe lo que tenemos evidencia y estamos muy preocupados es sobre el aumento de los combates y fuertes bombardeos en algunas partes de la frontera, exactamente la parte que yo visit\u00e9 a principios de enero\u201d,<\/strong><\/em> dijo Borrell, en relaci\u00f3n a la visita que realiz\u00f3 a la l\u00ednea de contacto en el este de Ucrania.<\/p>\n<p>&nbsp;<\/p>\n<p>El jefe de la diplomacia europea dijo tambi\u00e9n que <em><strong>\u201cen las \u00faltimas horas\u201d han notado \u201cmucha desinformaci\u00f3n por parte de Rusia para crear una atm\u00f3sfera de ataques contra rusos en esta parte de Ucrania\u201d.<\/strong><\/em><\/p>\n<p>&nbsp;<\/p>\n<p><em><strong>\u201cY si a eso a\u00f1adimos que la Duma (la C\u00e1mara baja rusa) ha votado pedirle al presidente (Vlad\u00edmir) Putin reconocer la independencia\u201d<\/strong> <\/em>de las regiones separatistas de Donetsk y Lugansk, <strong><em>\u201ctodo el paquete aumenta nuestras preocupaciones\u201d,<\/em> <\/strong>apunt\u00f3.<\/p>\n<p>&nbsp;<\/p>\n<p><strong><em>\u201cCiertamente, estamos mucho m\u00e1s preocupados\u201d,<\/em><\/strong> dijo Borrell.<\/p>\n<p>&nbsp;<\/p>\n<p>Antes de asistir a la reuni\u00f3n con los Veintisiete, el jefe de la diplomacia europea hab\u00eda se\u00f1alado en la sede de la OTAN, donde los ministros de Defensa de la Alianza aseguraron que Rusia ha incrementado su presencia militar en la frontera con Ucrania.<\/p>\n<p>&nbsp;<\/p>\n<p>Borrell manifest\u00f3 que <em><strong>\u201ce<\/strong><strong>st\u00e1 preparado\u201d<\/strong> <\/em>para presentar<em><strong> \u201clo antes posible\u201d<\/strong> <\/em>a sus hom\u00f3logos europeos el paquete de sanciones contra Rusia que la UE ha estado preparando con sus aliados occidentales.<\/p>\n<p>&nbsp;<\/p>\n<p><em><strong>\u201cLo haremos cuando llegue el momento, cuando el nivel de intensidad de la agresi\u00f3n lo requiera\u201d,<\/strong> <\/em>asegur\u00f3 el exministro espa\u00f1ol, quien se\u00f1al\u00f3 tambi\u00e9n que <strong>\u201cEuropa est\u00e1 completamente <em>unida\u201d<\/em><\/strong> sobre las sanciones, entre las que habr\u00e1 medidas financieras y energ\u00e9ticas.<\/p>\n<p>&nbsp;<\/p>\n<p>(Publicada el 17\/02\/2022 \/ Con informaci\u00f3n de EFE)<\/p>\n","protected":false},"excerpt":{"rendered":"<p>EUROPA. \u2014 El alto representante de la Uni\u00f3n Europea para Asuntos Exteriores, Josep Borrell, report\u00f3&#8230;<\/p>\n","protected":false},"author":1,"featured_media":133347,"comment_status":"open","ping_status":"open","sticky":false,"template":"","format":"standard","meta":{"_monsterinsights_skip_tracking":false,"_monsterinsights_sitenote_active":false,"_monsterinsights_sitenote_note":"","_monsterinsights_sitenote_category":0,"footnotes":""},"categories":[3],"tags":[],"class_list":["post"],"yoast_head":" \n<title>Sonora en Equipo. Ministros de Defensa de la Alianza aseguraron que Rusia increment\u00f3 su presencia militar en la frontera con Ucrania MUNDO<\/title>\n<meta name=\"description\" content=\"EUROPA. \u2014 El alto representante de la Uni\u00f3n Europea para Asuntos Exteriores, Josep Borrell, report\u00f3 hoy, 17 de febrero de 2022, bombardeos en algunas En Sonora en Equipo publicamos toda la informaci\u00f3n de Sonora, M\u00e9xico y el Mundo de manera oportuna y busca que la libertad de expresi\u00f3n sea real. Visita nuestro medio informativo publicado desde Hermosillo, Sonora. %\" \/>\n<meta name=\"robots\" content=\"index, follow, max-snippet:-1, max-image-preview:large, max-video-preview:-1\" \/>\n<link rel=\"canonical\" href=\"https:\/\/www.sonoraenequipo.com.mx\/ministros-de-defensa-de-la-alianza-aseguraron-que-rusia-incremento-su-presencia-militar-en-la-frontera-con-ucrania\/\" \/>\n<meta property=\"og:locale\" content=\"es_ES\" \/>\n<meta property=\"og:type\" content=\"article\" \/>\n<meta property=\"og:title\" content=\"Sonora en Equipo. Ministros de Defensa de la Alianza aseguraron que Rusia increment\u00f3 su presencia militar en la frontera con Ucrania MUNDO\" \/>\n<meta property=\"og:description\" content=\"EUROPA. \u2014 El alto representante de la Uni\u00f3n Europea para Asuntos Exteriores, Josep Borrell, report\u00f3 hoy, 17 de febrero de 2022, bombardeos en algunas En Sonora en Equipo publicamos toda la informaci\u00f3n de Sonora, M\u00e9xico y el Mundo de manera oportuna y busca que la libertad de expresi\u00f3n sea real. Visita nuestro medio informativo publicado desde Hermosillo, Sonora. %\" \/>\n<meta property=\"og:url\" content=\"https:\/\/www.sonoraenequipo.com.mx\/ministros-de-defensa-de-la-alianza-aseguraron-que-rusia-incremento-su-presencia-militar-en-la-frontera-con-ucrania\/\" \/>\n<meta property=\"og:site_name\" content=\"Sonora en Equipo.\" \/>\n<meta property=\"article:publisher\" content=\"https:\/\/www.facebook.com\/SonoraEE\/\" \/>\n<meta property=\"article:author\" content=\"https:\/\/www.facebook.com\/SonoraEE\" \/>\n<meta property=\"article:published_time\" content=\"2022-02-17T15:50:26+00:00\" \/>\n<meta property=\"article:modified_time\" content=\"2022-02-17T22:46:40+00:00\" \/>\n<meta property=\"og:image\" content=\"https:\/\/www.sonoraenequipo.com.mx\/storage\/2022\/02\/tanques-rusos_opt.jpg\" \/>\n\t<meta property=\"og:image:width\" content=\"700\" \/>\n\t<meta property=\"og:image:height\" content=\"400\" \/>\n\t<meta property=\"og:image:type\" content=\"image\/jpeg\" \/>\n<meta name=\"author\" content=\"enequipo\" \/>\n<meta name=\"twitter:card\" content=\"summary_large_image\" \/>\n<meta name=\"twitter:creator\" content=\"@sonoraenequipo\" \/>\n<meta name=\"twitter:site\" content=\"@sonoraenequipo\" \/>\n<meta name=\"twitter:label1\" content=\"Escrito por\" \/>\n\t<meta name=\"twitter:data1\" content=\"enequipo\" \/>\n\t<meta name=\"twitter:label2\" content=\"Tiempo de lectura\" \/>\n\t<meta name=\"twitter:data2\" content=\"2 minutos\" \/>\n<script type=\"application\/ld+json\" class=\"yoast-schema-graph\">{\"@context\":\"https:\/\/schema.org\",\"@graph\":[{\"@type\":\"Article\",\"@id\":\"https:\/\/www.sonoraenequipo.com.mx\/ministros-de-defensa-de-la-alianza-aseguraron-que-rusia-incremento-su-presencia-militar-en-la-frontera-con-ucrania\/#article\",\"isPartOf\":{\"@id\":\"https:\/\/www.sonoraenequipo.com.mx\/ministros-de-defensa-de-la-alianza-aseguraron-que-rusia-incremento-su-presencia-militar-en-la-frontera-con-ucrania\/\"},\"author\":{\"name\":\"enequipo\",\"@id\":\"https:\/\/www.sonoraenequipo.com.mx\/#\/schema\/person\/50102df0fb23a8fa9e8effad8fa81386\"},\"headline\":\"Ministros de Defensa de la Alianza aseguraron que Rusia increment\u00f3 su presencia militar en la frontera con Ucrania\",\"datePublished\":\"2022-02-17T15:50:26+00:00\",\"dateModified\":\"2022-02-17T22:46:40+00:00\",\"mainEntityOfPage\":{\"@id\":\"https:\/\/www.sonoraenequipo.com.mx\/ministros-de-defensa-de-la-alianza-aseguraron-que-rusia-incremento-su-presencia-militar-en-la-frontera-con-ucrania\/\"},\"wordCount\":411,\"commentCount\":0,\"publisher\":{\"@id\":\"https:\/\/www.sonoraenequipo.com.mx\/#organization\"},\"image\":{\"@id\":\"https:\/\/www.sonoraenequipo.com.mx\/ministros-de-defensa-de-la-alianza-aseguraron-que-rusia-incremento-su-presencia-militar-en-la-frontera-con-ucrania\/#primaryimage\"},\"thumbnailUrl\":\"https:\/\/www.sonoraenequipo.com.mx\/storage\/2022\/02\/tanques-rusos_opt.jpg\",\"articleSection\":[\"MUNDO\"],\"inLanguage\":\"es\",\"potentialAction\":[{\"@type\":\"CommentAction\",\"name\":\"Comment\",\"target\":[\"https:\/\/www.sonoraenequipo.com.mx\/ministros-de-defensa-de-la-alianza-aseguraron-que-rusia-incremento-su-presencia-militar-en-la-frontera-con-ucrania\/#respond\"]}]},{\"@type\":\"WebPage\",\"@id\":\"https:\/\/www.sonoraenequipo.com.mx\/ministros-de-defensa-de-la-alianza-aseguraron-que-rusia-incremento-su-presencia-militar-en-la-frontera-con-ucrania\/\",\"url\":\"https:\/\/www.sonoraenequipo.com.mx\/ministros-de-defensa-de-la-alianza-aseguraron-que-rusia-incremento-su-presencia-militar-en-la-frontera-con-ucrania\/\",\"name\":\"Sonora en Equipo. Ministros de Defensa de la Alianza aseguraron que Rusia increment\u00f3 su presencia militar en la frontera con Ucrania MUNDO\",\"isPartOf\":{\"@id\":\"https:\/\/www.sonoraenequipo.com.mx\/#website\"},\"primaryImageOfPage\":{\"@id\":\"https:\/\/www.sonoraenequipo.com.mx\/ministros-de-defensa-de-la-alianza-aseguraron-que-rusia-incremento-su-presencia-militar-en-la-frontera-con-ucrania\/#primaryimage\"},\"image\":{\"@id\":\"https:\/\/www.sonoraenequipo.com.mx\/ministros-de-defensa-de-la-alianza-aseguraron-que-rusia-incremento-su-presencia-militar-en-la-frontera-con-ucrania\/#primaryimage\"},\"thumbnailUrl\":\"https:\/\/www.sonoraenequipo.com.mx\/storage\/2022\/02\/tanques-rusos_opt.jpg\",\"datePublished\":\"2022-02-17T15:50:26+00:00\",\"dateModified\":\"2022-02-17T22:46:40+00:00\",\"description\":\"EUROPA. \u2014 El alto representante de la Uni\u00f3n Europea para Asuntos Exteriores, Josep Borrell, report\u00f3 hoy, 17 de febrero de 2022, bombardeos en algunas En Sonora en Equipo publicamos toda la informaci\u00f3n de Sonora, M\u00e9xico y el Mundo de manera oportuna y busca que la libertad de expresi\u00f3n sea real. Visita nuestro medio informativo publicado desde Hermosillo, Sonora. %\",\"breadcrumb\":{\"@id\":\"https:\/\/www.sonoraenequipo.com.mx\/ministros-de-defensa-de-la-alianza-aseguraron-que-rusia-incremento-su-presencia-militar-en-la-frontera-con-ucrania\/#breadcrumb\"},\"inLanguage\":\"es\",\"potentialAction\":[{\"@type\":\"ReadAction\",\"target\":[\"https:\/\/www.sonoraenequipo.com.mx\/ministros-de-defensa-de-la-alianza-aseguraron-que-rusia-incremento-su-presencia-militar-en-la-frontera-con-ucrania\/\"]}]},{\"@type\":\"ImageObject\",\"inLanguage\":\"es\",\"@id\":\"https:\/\/www.sonoraenequipo.com.mx\/ministros-de-defensa-de-la-alianza-aseguraron-que-rusia-incremento-su-presencia-militar-en-la-frontera-con-ucrania\/#primaryimage\",\"url\":\"https:\/\/www.sonoraenequipo.com.mx\/storage\/2022\/02\/tanques-rusos_opt.jpg\",\"contentUrl\":\"https:\/\/www.sonoraenequipo.com.mx\/storage\/2022\/02\/tanques-rusos_opt.jpg\",\"width\":700,\"height\":400},{\"@type\":\"BreadcrumbList\",\"@id\":\"https:\/\/www.sonoraenequipo.com.mx\/ministros-de-defensa-de-la-alianza-aseguraron-que-rusia-incremento-su-presencia-militar-en-la-frontera-con-ucrania\/#breadcrumb\",\"itemListElement\":[{\"@type\":\"ListItem\",\"position\":1,\"name\":\"Portada\",\"item\":\"https:\/\/www.sonoraenequipo.com.mx\/\"},{\"@type\":\"ListItem\",\"position\":2,\"name\":\"Ministros de Defensa de la Alianza aseguraron que Rusia increment\u00f3 su presencia militar en la frontera con Ucrania\"}]},{\"@type\":\"WebSite\",\"@id\":\"https:\/\/www.sonoraenequipo.com.mx\/#website\",\"url\":\"https:\/\/www.sonoraenequipo.com.mx\/\",\"name\":\"Sonora en Equipo.\",\"description\":\"Diario en l\u00ednea con Noticias desde Hermosillo, Sonora\",\"publisher\":{\"@id\":\"https:\/\/www.sonoraenequipo.com.mx\/#organization\"},\"potentialAction\":[{\"@type\":\"SearchAction\",\"target\":{\"@type\":\"EntryPoint\",\"urlTemplate\":\"https:\/\/www.sonoraenequipo.com.mx\/?s={search_term_string}\"},\"query-input\":{\"@type\":\"PropertyValueSpecification\",\"valueRequired\":true,\"valueName\":\"search_term_string\"}}],\"inLanguage\":\"es\"},{\"@type\":\"Organization\",\"@id\":\"https:\/\/www.sonoraenequipo.com.mx\/#organization\",\"name\":\"Sonoraenequipo.com.mx\",\"url\":\"https:\/\/www.sonoraenequipo.com.mx\/\",\"logo\":{\"@type\":\"ImageObject\",\"inLanguage\":\"es\",\"@id\":\"https:\/\/www.sonoraenequipo.com.mx\/#\/schema\/logo\/image\/\",\"url\":\"https:\/\/www.sonoraenequipo.com.mx\/storage\/2019\/01\/sonoraenequipo_opt.png\",\"contentUrl\":\"https:\/\/www.sonoraenequipo.com.mx\/storage\/2019\/01\/sonoraenequipo_opt.png\",\"width\":375,\"height\":125,\"caption\":\"Sonoraenequipo.com.mx\"},\"image\":{\"@id\":\"https:\/\/www.sonoraenequipo.com.mx\/#\/schema\/logo\/image\/\"},\"sameAs\":[\"https:\/\/www.facebook.com\/SonoraEE\/\",\"https:\/\/x.com\/sonoraenequipo\",\"https:\/\/www.youtube.com\/channel\/UC338nW-lPEYmJQs4ZABQ1SQ\"]},{\"@type\":\"Person\",\"@id\":\"https:\/\/www.sonoraenequipo.com.mx\/#\/schema\/person\/50102df0fb23a8fa9e8effad8fa81386\",\"name\":\"enequipo\",\"image\":{\"@type\":\"ImageObject\",\"inLanguage\":\"es\",\"@id\":\"https:\/\/www.sonoraenequipo.com.mx\/#\/schema\/person\/image\/\",\"url\":\"https:\/\/secure.gravatar.com\/avatar\/049821681b589dabc0bc20695993ccebb09f5b5d4d790cd9251b97faac7c652b?s=96&d=blank&r=g\",\"contentUrl\":\"https:\/\/secure.gravatar.com\/avatar\/049821681b589dabc0bc20695993ccebb09f5b5d4d790cd9251b97faac7c652b?s=96&d=blank&r=g\",\"caption\":\"enequipo\"},\"sameAs\":[\"https:\/\/www.facebook.com\/SonoraEE\"]}]}<\/script>\n ","yoast_head_json":{"title":"Sonora en Equipo. Ministros de Defensa de la Alianza aseguraron que Rusia increment\u00f3 su presencia militar en la frontera con Ucrania MUNDO","description":"EUROPA. \u2014 El alto representante de la Uni\u00f3n Europea para Asuntos Exteriores, Josep Borrell, report\u00f3 hoy, 17 de febrero de 2022, bombardeos en algunas En Sonora en Equipo publicamos toda la informaci\u00f3n de Sonora, M\u00e9xico y el Mundo de manera oportuna y busca que la libertad de expresi\u00f3n sea real. Visita nuestro medio informativo publicado desde Hermosillo, Sonora. %","robots":{"index":"index","follow":"follow","max-snippet":"max-snippet:-1","max-image-preview":"max-image-preview:large","max-video-preview":"max-video-preview:-1"},"canonical":"https:\/\/www.sonoraenequipo.com.mx\/ministros-de-defensa-de-la-alianza-aseguraron-que-rusia-incremento-su-presencia-militar-en-la-frontera-con-ucrania\/","og_locale":"es_ES","og_type":"article","og_title":"Sonora en Equipo. Ministros de Defensa de la Alianza aseguraron que Rusia increment\u00f3 su presencia militar en la frontera con Ucrania MUNDO","og_description":"EUROPA. \u2014 El alto representante de la Uni\u00f3n Europea para Asuntos Exteriores, Josep Borrell, report\u00f3 hoy, 17 de febrero de 2022, bombardeos en algunas En Sonora en Equipo publicamos toda la informaci\u00f3n de Sonora, M\u00e9xico y el Mundo de manera oportuna y busca que la libertad de expresi\u00f3n sea real. Visita nuestro medio informativo publicado desde Hermosillo, Sonora. %","og_url":"https:\/\/www.sonoraenequipo.com.mx\/ministros-de-defensa-de-la-alianza-aseguraron-que-rusia-incremento-su-presencia-militar-en-la-frontera-con-ucrania\/","og_site_name":"Sonora en Equipo.","article_publisher":"https:\/\/www.facebook.com\/SonoraEE\/","article_author":"https:\/\/www.facebook.com\/SonoraEE","article_published_time":"2022-02-17T15:50:26+00:00","article_modified_time":"2022-02-17T22:46:40+00:00","og_image":[{"width":700,"height":400,"url":"https:\/\/www.sonoraenequipo.com.mx\/storage\/2022\/02\/tanques-rusos_opt.jpg","type":"image\/jpeg"}],"author":"enequipo","twitter_card":"summary_large_image","twitter_creator":"@sonoraenequipo","twitter_site":"@sonoraenequipo","twitter_misc":{"Escrito por":"enequipo","Tiempo de lectura":"2 minutos"},"schema":{"@context":"https:\/\/schema.org","@graph":[{"@type":"Article","@id":"https:\/\/www.sonoraenequipo.com.mx\/ministros-de-defensa-de-la-alianza-aseguraron-que-rusia-incremento-su-presencia-militar-en-la-frontera-con-ucrania\/#article","isPartOf":{"@id":"https:\/\/www.sonoraenequipo.com.mx\/ministros-de-defensa-de-la-alianza-aseguraron-que-rusia-incremento-su-presencia-militar-en-la-frontera-con-ucrania\/"},"author":{"name":"enequipo","@id":"https:\/\/www.sonoraenequipo.com.mx\/#\/schema\/person\/50102df0fb23a8fa9e8effad8fa81386"},"headline":"Ministros de Defensa de la Alianza aseguraron que Rusia increment\u00f3 su presencia militar en la frontera con Ucrania","datePublished":"2022-02-17T15:50:26+00:00","dateModified":"2022-02-17T22:46:40+00:00","mainEntityOfPage":{"@id":"https:\/\/www.sonoraenequipo.com.mx\/ministros-de-defensa-de-la-alianza-aseguraron-que-rusia-incremento-su-presencia-militar-en-la-frontera-con-ucrania\/"},"wordCount":411,"commentCount":0,"publisher":{"@id":"https:\/\/www.sonoraenequipo.com.mx\/#organization"},"image":{"@id":"https:\/\/www.sonoraenequipo.com.mx\/ministros-de-defensa-de-la-alianza-aseguraron-que-rusia-incremento-su-presencia-militar-en-la-frontera-con-ucrania\/#primaryimage"},"thumbnailUrl":"https:\/\/www.sonoraenequipo.com.mx\/storage\/2022\/02\/tanques-rusos_opt.jpg","articleSection":["MUNDO"],"inLanguage":"es","potentialAction":[{"@type":"CommentAction","name":"Comment","target":["https:\/\/www.sonoraenequipo.com.mx\/ministros-de-defensa-de-la-alianza-aseguraron-que-rusia-incremento-su-presencia-militar-en-la-frontera-con-ucrania\/#respond"]}]},{"@type":"WebPage","@id":"https:\/\/www.sonoraenequipo.com.mx\/ministros-de-defensa-de-la-alianza-aseguraron-que-rusia-incremento-su-presencia-militar-en-la-frontera-con-ucrania\/","url":"https:\/\/www.sonoraenequipo.com.mx\/ministros-de-defensa-de-la-alianza-aseguraron-que-rusia-incremento-su-presencia-militar-en-la-frontera-con-ucrania\/","name":"Sonora en Equipo. Ministros de Defensa de la Alianza aseguraron que Rusia increment\u00f3 su presencia militar en la frontera con Ucrania MUNDO","isPartOf":{"@id":"https:\/\/www.sonoraenequipo.com.mx\/#website"},"primaryImageOfPage":{"@id":"https:\/\/www.sonoraenequipo.com.mx\/ministros-de-defensa-de-la-alianza-aseguraron-que-rusia-incremento-su-presencia-militar-en-la-frontera-con-ucrania\/#primaryimage"},"image":{"@id":"https:\/\/www.sonoraenequipo.com.mx\/ministros-de-defensa-de-la-alianza-aseguraron-que-rusia-incremento-su-presencia-militar-en-la-frontera-con-ucrania\/#primaryimage"},"thumbnailUrl":"https:\/\/www.sonoraenequipo.com.mx\/storage\/2022\/02\/tanques-rusos_opt.jpg","datePublished":"2022-02-17T15:50:26+00:00","dateModified":"2022-02-17T22:46:40+00:00","description":"EUROPA. \u2014 El alto representante de la Uni\u00f3n Europea para Asuntos Exteriores, Josep Borrell, report\u00f3 hoy, 17 de febrero de 2022, bombardeos en algunas En Sonora en Equipo publicamos toda la informaci\u00f3n de Sonora, M\u00e9xico y el Mundo de manera oportuna y busca que la libertad de expresi\u00f3n sea real. Visita nuestro medio informativo publicado desde Hermosillo, Sonora. %","breadcrumb":{"@id":"https:\/\/www.sonoraenequipo.com.mx\/ministros-de-defensa-de-la-alianza-aseguraron-que-rusia-incremento-su-presencia-militar-en-la-frontera-con-ucrania\/#breadcrumb"},"inLanguage":"es","potentialAction":[{"@type":"ReadAction","target":["https:\/\/www.sonoraenequipo.com.mx\/ministros-de-defensa-de-la-alianza-aseguraron-que-rusia-incremento-su-presencia-militar-en-la-frontera-con-ucrania\/"]}]},{"@type":"ImageObject","inLanguage":"es","@id":"https:\/\/www.sonoraenequipo.com.mx\/ministros-de-defensa-de-la-alianza-aseguraron-que-rusia-incremento-su-presencia-militar-en-la-frontera-con-ucrania\/#primaryimage","url":"https:\/\/www.sonoraenequipo.com.mx\/storage\/2022\/02\/tanques-rusos_opt.jpg","contentUrl":"https:\/\/www.sonoraenequipo.com.mx\/storage\/2022\/02\/tanques-rusos_opt.jpg","width":700,"height":400},{"@type":"BreadcrumbList","@id":"https:\/\/www.sonoraenequipo.com.mx\/ministros-de-defensa-de-la-alianza-aseguraron-que-rusia-incremento-su-presencia-militar-en-la-frontera-con-ucrania\/#breadcrumb","itemListElement":[{"@type":"ListItem","position":1,"name":"Portada","item":"https:\/\/www.sonoraenequipo.com.mx\/"},{"@type":"ListItem","position":2,"name":"Ministros de Defensa de la Alianza aseguraron que Rusia increment\u00f3 su presencia militar en la frontera con Ucrania"}]},{"@type":"WebSite","@id":"https:\/\/www.sonoraenequipo.com.mx\/#website","url":"https:\/\/www.sonoraenequipo.com.mx\/","name":"Sonora en Equipo.","description":"Diario en l\u00ednea con Noticias desde Hermosillo, Sonora","publisher":{"@id":"https:\/\/www.sonoraenequipo.com.mx\/#organization"},"potentialAction":[{"@type":"SearchAction","target":{"@type":"EntryPoint","urlTemplate":"https:\/\/www.sonoraenequipo.com.mx\/?s={search_term_string}"},"query-input":{"@type":"PropertyValueSpecification","valueRequired":true,"valueName":"search_term_string"}}],"inLanguage":"es"},{"@type":"Organization","@id":"https:\/\/www.sonoraenequipo.com.mx\/#organization","name":"Sonoraenequipo.com.mx","url":"https:\/\/www.sonoraenequipo.com.mx\/","logo":{"@type":"ImageObject","inLanguage":"es","@id":"https:\/\/www.sonoraenequipo.com.mx\/#\/schema\/logo\/image\/","url":"https:\/\/www.sonoraenequipo.com.mx\/storage\/2019\/01\/sonoraenequipo_opt.png","contentUrl":"https:\/\/www.sonoraenequipo.com.mx\/storage\/2019\/01\/sonoraenequipo_opt.png","width":375,"height":125,"caption":"Sonoraenequipo.com.mx"},"image":{"@id":"https:\/\/www.sonoraenequipo.com.mx\/#\/schema\/logo\/image\/"},"sameAs":["https:\/\/www.facebook.com\/SonoraEE\/","https:\/\/x.com\/sonoraenequipo","https:\/\/www.youtube.com\/channel\/UC338nW-lPEYmJQs4ZABQ1SQ"]},{"@type":"Person","@id":"https:\/\/www.sonoraenequipo.com.mx\/#\/schema\/person\/50102df0fb23a8fa9e8effad8fa81386","name":"enequipo","image":{"@type":"ImageObject","inLanguage":"es","@id":"https:\/\/www.sonoraenequipo.com.mx\/#\/schema\/person\/image\/","url":"https:\/\/secure.gravatar.com\/avatar\/049821681b589dabc0bc20695993ccebb09f5b5d4d790cd9251b97faac7c652b?s=96&d=blank&r=g","contentUrl":"https:\/\/secure.gravatar.com\/avatar\/049821681b589dabc0bc20695993ccebb09f5b5d4d790cd9251b97faac7c652b?s=96&d=blank&r=g","caption":"enequipo"},"sameAs":["https:\/\/www.facebook.com\/SonoraEE"]}]}},"jetpack_featured_media_url":"https:\/\/www.sonoraenequipo.com.mx\/storage\/2022\/02\/tanques-rusos_opt.jpg","_links":{"self":[{"href":"https:\/\/www.sonoraenequipo.com.mx\/api\/wp\/v2\/posts\/133343","targetHints":{"allow":["GET"]}}],"collection":[{"href":"https:\/\/www.sonoraenequipo.com.mx\/api\/wp\/v2\/posts"}],"about":[{"href":"https:\/\/www.sonoraenequipo.com.mx\/api\/wp\/v2\/types\/post"}],"author":[{"embeddable":true,"href":"https:\/\/www.sonoraenequipo.com.mx\/api\/wp\/v2\/users\/1"}],"replies":[{"embeddable":true,"href":"https:\/\/www.sonoraenequipo.com.mx\/api\/wp\/v2\/comments?post=133343"}],"version-history":[{"count":1,"href":"https:\/\/www.sonoraenequipo.com.mx\/api\/wp\/v2\/posts\/133343\/revisions"}],"predecessor-version":[{"id":133345,"href":"https:\/\/www.sonoraenequipo.com.mx\/api\/wp\/v2\/posts\/133343\/revisions\/133345"}],"wp:featuredmedia":[{"embeddable":true,"href":"https:\/\/www.sonoraenequipo.com.mx\/api\/wp\/v2\/media\/133347"}],"wp:attachment":[{"href":"https:\/\/www.sonoraenequipo.com.mx\/api\/wp\/v2\/media?parent=133343"}],"wp:term":[{"taxonomy":"category","embeddable":true,"href":"https:\/\/www.sonoraenequipo.com.mx\/api\/wp\/v2\/categories?post=133343"},{"taxonomy":"post_tag","embeddable":true,"href":"https:\/\/www.sonoraenequipo.com.mx\/api\/wp\/v2\/tags?post=133343"}],"curies":[{"name":"wp","href":"https:\/\/api.w.org\/{rel}","templated":true}]}}