{"id":133348,"date":"2022-02-17T09:47:20","date_gmt":"2022-02-17T16:47:20","guid":{"rendered":"https:\/\/www.sonoraenequipo.com.mx\/?p=133348"},"modified":"2022-02-17T16:13:12","modified_gmt":"2022-02-17T23:13:12","slug":"cero-impunidad-y-cero-corrupcion-por-asesinatos-de-periodistas","status":"publish","type":"post","link":"https:\/\/www.sonoraenequipo.com.mx\/cero-impunidad-y-cero-corrupcion-por-asesinatos-de-periodistas\/","title":{"rendered":"Cero impunidad y cero corrupci\u00f3n por asesinatos de periodistas"},"content":{"rendered":"<p>TIJUANA, BAJA CALIFORNIA. MX. \u2014 La secretaria de Seguridad y Protecci\u00f3n Ciudadana, Rosa Icela Rodr\u00edguez, asegur\u00f3 que la \u201cdirectriz presidencial es clara: cero impunidad y cero corrupci\u00f3n\u201d en los asesinatos de periodistas en M\u00e9xico.<\/p>\n<p>&nbsp;<\/p>\n<p> <\/p>\n<p>&nbsp;<\/p>\n<p><em><strong>\u201cLa directriz presidencial es clara, cero impunidad y cero corrupci\u00f3n, tanto de investigaci\u00f3n como en la procuraci\u00f3n e impartici\u00f3n de justicia\u201d<\/strong><\/em>, declar\u00f3 la secretaria de Seguridad y Protecci\u00f3n Ciudadana en la conferencia ma\u00f1anera de AMLO que se realiz\u00f3 desde el estado de Baja California.<\/p>\n<p>&nbsp;<\/p>\n<p>&nbsp;<\/p>\n<p>Rosa Icela Rodr\u00edguez reiter\u00f3 la solidaridad del parte del Gabinete de Seguridad con las familias de reporteros, amigos y medios de comunicaci\u00f3n de periodistas asesinados.<\/p>\n<p>&nbsp;<\/p>\n<p>Afirm\u00f3 que existe el compromiso total de parte del Gabinete de Seguridad para dar con los responsables tanto materiales como intelectuales de los periodistas asesinados.<\/p>\n<p>&nbsp;<\/p>\n<p><em><strong>\u201cEstos cr\u00edmenes no pueden permanecer sin castigo\u201d,<\/strong> <\/em>dijo<\/p>\n<p>&nbsp;<\/p>\n<p>La secretaria de Seguridad y Protecci\u00f3n Ciudadana inform\u00f3 que se trabaja de la mano con las fiscal\u00edas de los estados, la Fiscal\u00eda General de la Rep\u00fablica (FGR) y el Poder Judicial.<\/p>\n<p>Asegur\u00f3 que no se escatimar\u00e1n recursos y se garantizar\u00e1 que no se intente inculpar a personas inocentes o construir casos ficticios.<\/p>\n<p>&nbsp;<\/p>\n<p><em><strong>\u201cDetendremos a los verdaderos responsables\u201d<\/strong><\/em>, afirm\u00f3.<\/p>\n<p>Aseguro que se seguir\u00e1 trabajando con el Mecanismo de Protecci\u00f3n a Periodistas de la Secretar\u00eda de Gobernaci\u00f3n para que proporcione apoyo a los comunicadores que lo necesiten.<\/p>\n<p>&nbsp;<\/p>\n<h3>Avances en investigaciones de asesinatos a periodistas<\/h3>\n<p>&nbsp;<\/p>\n<p><strong>Ricardo Mej\u00eda,<\/strong> subsecretario de Seguridad P\u00fablica, inform\u00f3 sobre los avances en las investigaciones de periodistas asesinados en M\u00e9xico.<br \/>\nPeriodista Lourdes Maldonado<\/p>\n<p>&nbsp;<\/p>\n<p>Sobre el caso de la periodista Lourdes Maldonado ocurrido en Tijuana, el funcionario federal inform\u00f3 que se ha contado con el respaldo del gobierno estatal y de la Fiscal\u00eda.<\/p>\n<p>&nbsp;<\/p>\n<p>&nbsp;<\/p>\n<p>El d\u00eda 25 de enero del 2022 autoridades acudieron a Villas Santa Fe, donde viv\u00eda Lourdes Maldonado, se hizo una revisi\u00f3n perimetral y se determin\u00f3 la ruta y modus operandi de los asesinos.<\/p>\n<p>Inform\u00f3 que ya est\u00e1n detenidos y sujetos a proceso penal por el homicidio tres autores materiales se trata de Erik \u201cN\u201d, Guillermo \u201cN\u201d y Kevin \u201cN\u201d.<\/p>\n<p>&nbsp;<\/p>\n<p>Anunci\u00f3 que se siguen diferentes l\u00edneas de investigaci\u00f3n para complementar la participaci\u00f3n de otro sujeto, que consideramos va a ser importante su detenci\u00f3n para determinar la autor\u00eda intelectual.<\/p>\n<p>&nbsp;<\/p>\n<p><strong>Periodista Margarito Mart\u00ednez<\/strong><\/p>\n<p>&nbsp;<\/p>\n<p>&nbsp;<\/p>\n<p>En el caso del periodista Margarito Mart\u00ednez, el subsecretario de Seguridad P\u00fablica no descart\u00f3 la participaci\u00f3n de un grupo criminal.<\/p>\n<p>&nbsp;<\/p>\n<p><em>\u201cHay un trabajo muy s\u00f3lido de inteligencia y de acopio de indicios, sin embargo, convertir la inteligencia en acciones para judicializar tiene un grado de complejidad\u2026 pero hay mucha confianza en un breve tiempo se puedan generar mandamientos judiciales para cateos y \u00f3rdenes de aprehensi\u00f3<\/em>n.<\/p>\n<p>&nbsp;<\/p>\n<p><strong>Periodista Nezahualc\u00f3yotl Cordero<\/strong><\/p>\n<p>Record\u00f3 que el periodista Nezahualc\u00f3yotl Cordero estaba en el Mecanismo de Protecci\u00f3n a Periodistas, lo que ayud\u00f3 a proteger su integridad f\u00edsica y actualmente est\u00e1 protegido, fuera del estado, resguardado con su familia.<\/p>\n<p>&nbsp;<\/p>\n<p>Inform\u00f3 que la persona que intent\u00f3 matarlo ya est\u00e1 sujeto a proceso con prisi\u00f3n oficiosa.<\/p>\n<p>&nbsp;<\/p>\n<p>M\u00e9xico suma cinco periodistas asesinados por su labor en lo que va de a\u00f1o, convirtiendo el pa\u00eds es uno de los m\u00e1s peligrosos del mundo para ejercer el periodismo.<\/p>\n<p>&nbsp;<\/p>\n<p>Desde el a\u00f1o 2000 hasta la fecha, la organizaci\u00f3n Art\u00edculo 19 ha documentado 150 asesinatos de periodistas en M\u00e9xico, en posible relaci\u00f3n con su labor. Del total, 138 son hombres y 12 son mujeres. De estos, 47 se registraron durante el mandato anterior del presidente Enrique Pe\u00f1a Nieto (2012-2018) y 30 en el actual de L\u00f3pez Obrador (2018-2024).<\/p>\n<p>&nbsp;<\/p>\n<p>&nbsp;<\/p>\n<p>&nbsp;<\/p>\n<p>(Publicada el 17\/02\/2022 \/ Con informaci\u00f3n de Ra\u00fal Axel Mendoza Guti\u00e9rrez y EFE.)<\/p>\n","protected":false},"excerpt":{"rendered":"<p>TIJUANA, BAJA CALIFORNIA. MX. \u2014 La secretaria de Seguridad y Protecci\u00f3n Ciudadana, Rosa Icela Rodr\u00edguez,&#8230;<\/p>\n","protected":false},"author":1,"featured_media":133349,"comment_status":"open","ping_status":"open","sticky":false,"template":"","format":"standard","meta":{"_monsterinsights_skip_tracking":false,"_monsterinsights_sitenote_active":false,"_monsterinsights_sitenote_note":"","_monsterinsights_sitenote_category":0,"footnotes":""},"categories":[5],"tags":[],"class_list":["post"],"yoast_head":" \n<title>Sonora en Equipo. Cero impunidad y cero corrupci\u00f3n por asesinatos de periodistas Rep\u00fablica<\/title>\n<meta name=\"description\" content=\"TIJUANA, BAJA CALIFORNIA. MX. \u2014 La secretaria de Seguridad y Protecci\u00f3n Ciudadana, Rosa Icela Rodr\u00edguez, asegur\u00f3 que la \u201cdirectriz presidencial es clara: En Sonora en Equipo publicamos toda la informaci\u00f3n de Sonora, M\u00e9xico y el Mundo de manera oportuna y busca que la libertad de expresi\u00f3n sea real. Visita nuestro medio informativo publicado desde Hermosillo, Sonora. %\" \/>\n<meta name=\"robots\" content=\"index, follow, max-snippet:-1, max-image-preview:large, max-video-preview:-1\" \/>\n<link rel=\"canonical\" href=\"https:\/\/www.sonoraenequipo.com.mx\/cero-impunidad-y-cero-corrupcion-por-asesinatos-de-periodistas\/\" \/>\n<meta property=\"og:locale\" content=\"es_ES\" \/>\n<meta property=\"og:type\" content=\"article\" \/>\n<meta property=\"og:title\" content=\"Sonora en Equipo. Cero impunidad y cero corrupci\u00f3n por asesinatos de periodistas Rep\u00fablica\" \/>\n<meta property=\"og:description\" content=\"TIJUANA, BAJA CALIFORNIA. MX. \u2014 La secretaria de Seguridad y Protecci\u00f3n Ciudadana, Rosa Icela Rodr\u00edguez, asegur\u00f3 que la \u201cdirectriz presidencial es clara: En Sonora en Equipo publicamos toda la informaci\u00f3n de Sonora, M\u00e9xico y el Mundo de manera oportuna y busca que la libertad de expresi\u00f3n sea real. Visita nuestro medio informativo publicado desde Hermosillo, Sonora. %\" \/>\n<meta property=\"og:url\" content=\"https:\/\/www.sonoraenequipo.com.mx\/cero-impunidad-y-cero-corrupcion-por-asesinatos-de-periodistas\/\" \/>\n<meta property=\"og:site_name\" content=\"Sonora en Equipo.\" \/>\n<meta property=\"article:publisher\" content=\"https:\/\/www.facebook.com\/SonoraEE\/\" \/>\n<meta property=\"article:author\" content=\"https:\/\/www.facebook.com\/SonoraEE\" \/>\n<meta property=\"article:published_time\" content=\"2022-02-17T16:47:20+00:00\" \/>\n<meta property=\"article:modified_time\" content=\"2022-02-17T23:13:12+00:00\" \/>\n<meta property=\"og:image\" content=\"https:\/\/www.sonoraenequipo.com.mx\/storage\/2022\/02\/icela-rodriguez_opt.jpg\" \/>\n\t<meta property=\"og:image:width\" content=\"711\" \/>\n\t<meta property=\"og:image:height\" content=\"400\" \/>\n\t<meta property=\"og:image:type\" content=\"image\/jpeg\" \/>\n<meta name=\"author\" content=\"enequipo\" \/>\n<meta name=\"twitter:card\" content=\"summary_large_image\" \/>\n<meta name=\"twitter:creator\" content=\"@sonoraenequipo\" \/>\n<meta name=\"twitter:site\" content=\"@sonoraenequipo\" \/>\n<meta name=\"twitter:label1\" content=\"Escrito por\" \/>\n\t<meta name=\"twitter:data1\" content=\"enequipo\" \/>\n\t<meta name=\"twitter:label2\" content=\"Tiempo de lectura\" \/>\n\t<meta name=\"twitter:data2\" content=\"3 minutos\" \/>\n<script type=\"application\/ld+json\" class=\"yoast-schema-graph\">{\"@context\":\"https:\/\/schema.org\",\"@graph\":[{\"@type\":\"Article\",\"@id\":\"https:\/\/www.sonoraenequipo.com.mx\/cero-impunidad-y-cero-corrupcion-por-asesinatos-de-periodistas\/#article\",\"isPartOf\":{\"@id\":\"https:\/\/www.sonoraenequipo.com.mx\/cero-impunidad-y-cero-corrupcion-por-asesinatos-de-periodistas\/\"},\"author\":{\"name\":\"enequipo\",\"@id\":\"https:\/\/www.sonoraenequipo.com.mx\/#\/schema\/person\/50102df0fb23a8fa9e8effad8fa81386\"},\"headline\":\"Cero impunidad y cero corrupci\u00f3n por asesinatos de periodistas\",\"datePublished\":\"2022-02-17T16:47:20+00:00\",\"dateModified\":\"2022-02-17T23:13:12+00:00\",\"mainEntityOfPage\":{\"@id\":\"https:\/\/www.sonoraenequipo.com.mx\/cero-impunidad-y-cero-corrupcion-por-asesinatos-de-periodistas\/\"},\"wordCount\":666,\"commentCount\":0,\"publisher\":{\"@id\":\"https:\/\/www.sonoraenequipo.com.mx\/#organization\"},\"image\":{\"@id\":\"https:\/\/www.sonoraenequipo.com.mx\/cero-impunidad-y-cero-corrupcion-por-asesinatos-de-periodistas\/#primaryimage\"},\"thumbnailUrl\":\"https:\/\/www.sonoraenequipo.com.mx\/storage\/2022\/02\/icela-rodriguez_opt.jpg\",\"articleSection\":[\"Rep\u00fablica\"],\"inLanguage\":\"es\",\"potentialAction\":[{\"@type\":\"CommentAction\",\"name\":\"Comment\",\"target\":[\"https:\/\/www.sonoraenequipo.com.mx\/cero-impunidad-y-cero-corrupcion-por-asesinatos-de-periodistas\/#respond\"]}]},{\"@type\":\"WebPage\",\"@id\":\"https:\/\/www.sonoraenequipo.com.mx\/cero-impunidad-y-cero-corrupcion-por-asesinatos-de-periodistas\/\",\"url\":\"https:\/\/www.sonoraenequipo.com.mx\/cero-impunidad-y-cero-corrupcion-por-asesinatos-de-periodistas\/\",\"name\":\"Sonora en Equipo. Cero impunidad y cero corrupci\u00f3n por asesinatos de periodistas Rep\u00fablica\",\"isPartOf\":{\"@id\":\"https:\/\/www.sonoraenequipo.com.mx\/#website\"},\"primaryImageOfPage\":{\"@id\":\"https:\/\/www.sonoraenequipo.com.mx\/cero-impunidad-y-cero-corrupcion-por-asesinatos-de-periodistas\/#primaryimage\"},\"image\":{\"@id\":\"https:\/\/www.sonoraenequipo.com.mx\/cero-impunidad-y-cero-corrupcion-por-asesinatos-de-periodistas\/#primaryimage\"},\"thumbnailUrl\":\"https:\/\/www.sonoraenequipo.com.mx\/storage\/2022\/02\/icela-rodriguez_opt.jpg\",\"datePublished\":\"2022-02-17T16:47:20+00:00\",\"dateModified\":\"2022-02-17T23:13:12+00:00\",\"description\":\"TIJUANA, BAJA CALIFORNIA. MX. \u2014 La secretaria de Seguridad y Protecci\u00f3n Ciudadana, Rosa Icela Rodr\u00edguez, asegur\u00f3 que la \u201cdirectriz presidencial es clara: En Sonora en Equipo publicamos toda la informaci\u00f3n de Sonora, M\u00e9xico y el Mundo de manera oportuna y busca que la libertad de expresi\u00f3n sea real. Visita nuestro medio informativo publicado desde Hermosillo, Sonora. %\",\"breadcrumb\":{\"@id\":\"https:\/\/www.sonoraenequipo.com.mx\/cero-impunidad-y-cero-corrupcion-por-asesinatos-de-periodistas\/#breadcrumb\"},\"inLanguage\":\"es\",\"potentialAction\":[{\"@type\":\"ReadAction\",\"target\":[\"https:\/\/www.sonoraenequipo.com.mx\/cero-impunidad-y-cero-corrupcion-por-asesinatos-de-periodistas\/\"]}]},{\"@type\":\"ImageObject\",\"inLanguage\":\"es\",\"@id\":\"https:\/\/www.sonoraenequipo.com.mx\/cero-impunidad-y-cero-corrupcion-por-asesinatos-de-periodistas\/#primaryimage\",\"url\":\"https:\/\/www.sonoraenequipo.com.mx\/storage\/2022\/02\/icela-rodriguez_opt.jpg\",\"contentUrl\":\"https:\/\/www.sonoraenequipo.com.mx\/storage\/2022\/02\/icela-rodriguez_opt.jpg\",\"width\":711,\"height\":400},{\"@type\":\"BreadcrumbList\",\"@id\":\"https:\/\/www.sonoraenequipo.com.mx\/cero-impunidad-y-cero-corrupcion-por-asesinatos-de-periodistas\/#breadcrumb\",\"itemListElement\":[{\"@type\":\"ListItem\",\"position\":1,\"name\":\"Portada\",\"item\":\"https:\/\/www.sonoraenequipo.com.mx\/\"},{\"@type\":\"ListItem\",\"position\":2,\"name\":\"Cero impunidad y cero corrupci\u00f3n por asesinatos de periodistas\"}]},{\"@type\":\"WebSite\",\"@id\":\"https:\/\/www.sonoraenequipo.com.mx\/#website\",\"url\":\"https:\/\/www.sonoraenequipo.com.mx\/\",\"name\":\"Sonora en Equipo.\",\"description\":\"Diario en l\u00ednea con Noticias desde Hermosillo, Sonora\",\"publisher\":{\"@id\":\"https:\/\/www.sonoraenequipo.com.mx\/#organization\"},\"potentialAction\":[{\"@type\":\"SearchAction\",\"target\":{\"@type\":\"EntryPoint\",\"urlTemplate\":\"https:\/\/www.sonoraenequipo.com.mx\/?s={search_term_string}\"},\"query-input\":{\"@type\":\"PropertyValueSpecification\",\"valueRequired\":true,\"valueName\":\"search_term_string\"}}],\"inLanguage\":\"es\"},{\"@type\":\"Organization\",\"@id\":\"https:\/\/www.sonoraenequipo.com.mx\/#organization\",\"name\":\"Sonoraenequipo.com.mx\",\"url\":\"https:\/\/www.sonoraenequipo.com.mx\/\",\"logo\":{\"@type\":\"ImageObject\",\"inLanguage\":\"es\",\"@id\":\"https:\/\/www.sonoraenequipo.com.mx\/#\/schema\/logo\/image\/\",\"url\":\"https:\/\/www.sonoraenequipo.com.mx\/storage\/2019\/01\/sonoraenequipo_opt.png\",\"contentUrl\":\"https:\/\/www.sonoraenequipo.com.mx\/storage\/2019\/01\/sonoraenequipo_opt.png\",\"width\":375,\"height\":125,\"caption\":\"Sonoraenequipo.com.mx\"},\"image\":{\"@id\":\"https:\/\/www.sonoraenequipo.com.mx\/#\/schema\/logo\/image\/\"},\"sameAs\":[\"https:\/\/www.facebook.com\/SonoraEE\/\",\"https:\/\/x.com\/sonoraenequipo\",\"https:\/\/www.youtube.com\/channel\/UC338nW-lPEYmJQs4ZABQ1SQ\"]},{\"@type\":\"Person\",\"@id\":\"https:\/\/www.sonoraenequipo.com.mx\/#\/schema\/person\/50102df0fb23a8fa9e8effad8fa81386\",\"name\":\"enequipo\",\"image\":{\"@type\":\"ImageObject\",\"inLanguage\":\"es\",\"@id\":\"https:\/\/www.sonoraenequipo.com.mx\/#\/schema\/person\/image\/\",\"url\":\"https:\/\/secure.gravatar.com\/avatar\/049821681b589dabc0bc20695993ccebb09f5b5d4d790cd9251b97faac7c652b?s=96&d=blank&r=g\",\"contentUrl\":\"https:\/\/secure.gravatar.com\/avatar\/049821681b589dabc0bc20695993ccebb09f5b5d4d790cd9251b97faac7c652b?s=96&d=blank&r=g\",\"caption\":\"enequipo\"},\"sameAs\":[\"https:\/\/www.facebook.com\/SonoraEE\"]}]}<\/script>\n ","yoast_head_json":{"title":"Sonora en Equipo. Cero impunidad y cero corrupci\u00f3n por asesinatos de periodistas Rep\u00fablica","description":"TIJUANA, BAJA CALIFORNIA. MX. \u2014 La secretaria de Seguridad y Protecci\u00f3n Ciudadana, Rosa Icela Rodr\u00edguez, asegur\u00f3 que la \u201cdirectriz presidencial es clara: En Sonora en Equipo publicamos toda la informaci\u00f3n de Sonora, M\u00e9xico y el Mundo de manera oportuna y busca que la libertad de expresi\u00f3n sea real. Visita nuestro medio informativo publicado desde Hermosillo, Sonora. %","robots":{"index":"index","follow":"follow","max-snippet":"max-snippet:-1","max-image-preview":"max-image-preview:large","max-video-preview":"max-video-preview:-1"},"canonical":"https:\/\/www.sonoraenequipo.com.mx\/cero-impunidad-y-cero-corrupcion-por-asesinatos-de-periodistas\/","og_locale":"es_ES","og_type":"article","og_title":"Sonora en Equipo. Cero impunidad y cero corrupci\u00f3n por asesinatos de periodistas Rep\u00fablica","og_description":"TIJUANA, BAJA CALIFORNIA. MX. \u2014 La secretaria de Seguridad y Protecci\u00f3n Ciudadana, Rosa Icela Rodr\u00edguez, asegur\u00f3 que la \u201cdirectriz presidencial es clara: En Sonora en Equipo publicamos toda la informaci\u00f3n de Sonora, M\u00e9xico y el Mundo de manera oportuna y busca que la libertad de expresi\u00f3n sea real. Visita nuestro medio informativo publicado desde Hermosillo, Sonora. %","og_url":"https:\/\/www.sonoraenequipo.com.mx\/cero-impunidad-y-cero-corrupcion-por-asesinatos-de-periodistas\/","og_site_name":"Sonora en Equipo.","article_publisher":"https:\/\/www.facebook.com\/SonoraEE\/","article_author":"https:\/\/www.facebook.com\/SonoraEE","article_published_time":"2022-02-17T16:47:20+00:00","article_modified_time":"2022-02-17T23:13:12+00:00","og_image":[{"width":711,"height":400,"url":"https:\/\/www.sonoraenequipo.com.mx\/storage\/2022\/02\/icela-rodriguez_opt.jpg","type":"image\/jpeg"}],"author":"enequipo","twitter_card":"summary_large_image","twitter_creator":"@sonoraenequipo","twitter_site":"@sonoraenequipo","twitter_misc":{"Escrito por":"enequipo","Tiempo de lectura":"3 minutos"},"schema":{"@context":"https:\/\/schema.org","@graph":[{"@type":"Article","@id":"https:\/\/www.sonoraenequipo.com.mx\/cero-impunidad-y-cero-corrupcion-por-asesinatos-de-periodistas\/#article","isPartOf":{"@id":"https:\/\/www.sonoraenequipo.com.mx\/cero-impunidad-y-cero-corrupcion-por-asesinatos-de-periodistas\/"},"author":{"name":"enequipo","@id":"https:\/\/www.sonoraenequipo.com.mx\/#\/schema\/person\/50102df0fb23a8fa9e8effad8fa81386"},"headline":"Cero impunidad y cero corrupci\u00f3n por asesinatos de periodistas","datePublished":"2022-02-17T16:47:20+00:00","dateModified":"2022-02-17T23:13:12+00:00","mainEntityOfPage":{"@id":"https:\/\/www.sonoraenequipo.com.mx\/cero-impunidad-y-cero-corrupcion-por-asesinatos-de-periodistas\/"},"wordCount":666,"commentCount":0,"publisher":{"@id":"https:\/\/www.sonoraenequipo.com.mx\/#organization"},"image":{"@id":"https:\/\/www.sonoraenequipo.com.mx\/cero-impunidad-y-cero-corrupcion-por-asesinatos-de-periodistas\/#primaryimage"},"thumbnailUrl":"https:\/\/www.sonoraenequipo.com.mx\/storage\/2022\/02\/icela-rodriguez_opt.jpg","articleSection":["Rep\u00fablica"],"inLanguage":"es","potentialAction":[{"@type":"CommentAction","name":"Comment","target":["https:\/\/www.sonoraenequipo.com.mx\/cero-impunidad-y-cero-corrupcion-por-asesinatos-de-periodistas\/#respond"]}]},{"@type":"WebPage","@id":"https:\/\/www.sonoraenequipo.com.mx\/cero-impunidad-y-cero-corrupcion-por-asesinatos-de-periodistas\/","url":"https:\/\/www.sonoraenequipo.com.mx\/cero-impunidad-y-cero-corrupcion-por-asesinatos-de-periodistas\/","name":"Sonora en Equipo. Cero impunidad y cero corrupci\u00f3n por asesinatos de periodistas Rep\u00fablica","isPartOf":{"@id":"https:\/\/www.sonoraenequipo.com.mx\/#website"},"primaryImageOfPage":{"@id":"https:\/\/www.sonoraenequipo.com.mx\/cero-impunidad-y-cero-corrupcion-por-asesinatos-de-periodistas\/#primaryimage"},"image":{"@id":"https:\/\/www.sonoraenequipo.com.mx\/cero-impunidad-y-cero-corrupcion-por-asesinatos-de-periodistas\/#primaryimage"},"thumbnailUrl":"https:\/\/www.sonoraenequipo.com.mx\/storage\/2022\/02\/icela-rodriguez_opt.jpg","datePublished":"2022-02-17T16:47:20+00:00","dateModified":"2022-02-17T23:13:12+00:00","description":"TIJUANA, BAJA CALIFORNIA. MX. \u2014 La secretaria de Seguridad y Protecci\u00f3n Ciudadana, Rosa Icela Rodr\u00edguez, asegur\u00f3 que la \u201cdirectriz presidencial es clara: En Sonora en Equipo publicamos toda la informaci\u00f3n de Sonora, M\u00e9xico y el Mundo de manera oportuna y busca que la libertad de expresi\u00f3n sea real. Visita nuestro medio informativo publicado desde Hermosillo, Sonora. %","breadcrumb":{"@id":"https:\/\/www.sonoraenequipo.com.mx\/cero-impunidad-y-cero-corrupcion-por-asesinatos-de-periodistas\/#breadcrumb"},"inLanguage":"es","potentialAction":[{"@type":"ReadAction","target":["https:\/\/www.sonoraenequipo.com.mx\/cero-impunidad-y-cero-corrupcion-por-asesinatos-de-periodistas\/"]}]},{"@type":"ImageObject","inLanguage":"es","@id":"https:\/\/www.sonoraenequipo.com.mx\/cero-impunidad-y-cero-corrupcion-por-asesinatos-de-periodistas\/#primaryimage","url":"https:\/\/www.sonoraenequipo.com.mx\/storage\/2022\/02\/icela-rodriguez_opt.jpg","contentUrl":"https:\/\/www.sonoraenequipo.com.mx\/storage\/2022\/02\/icela-rodriguez_opt.jpg","width":711,"height":400},{"@type":"BreadcrumbList","@id":"https:\/\/www.sonoraenequipo.com.mx\/cero-impunidad-y-cero-corrupcion-por-asesinatos-de-periodistas\/#breadcrumb","itemListElement":[{"@type":"ListItem","position":1,"name":"Portada","item":"https:\/\/www.sonoraenequipo.com.mx\/"},{"@type":"ListItem","position":2,"name":"Cero impunidad y cero corrupci\u00f3n por asesinatos de periodistas"}]},{"@type":"WebSite","@id":"https:\/\/www.sonoraenequipo.com.mx\/#website","url":"https:\/\/www.sonoraenequipo.com.mx\/","name":"Sonora en Equipo.","description":"Diario en l\u00ednea con Noticias desde Hermosillo, Sonora","publisher":{"@id":"https:\/\/www.sonoraenequipo.com.mx\/#organization"},"potentialAction":[{"@type":"SearchAction","target":{"@type":"EntryPoint","urlTemplate":"https:\/\/www.sonoraenequipo.com.mx\/?s={search_term_string}"},"query-input":{"@type":"PropertyValueSpecification","valueRequired":true,"valueName":"search_term_string"}}],"inLanguage":"es"},{"@type":"Organization","@id":"https:\/\/www.sonoraenequipo.com.mx\/#organization","name":"Sonoraenequipo.com.mx","url":"https:\/\/www.sonoraenequipo.com.mx\/","logo":{"@type":"ImageObject","inLanguage":"es","@id":"https:\/\/www.sonoraenequipo.com.mx\/#\/schema\/logo\/image\/","url":"https:\/\/www.sonoraenequipo.com.mx\/storage\/2019\/01\/sonoraenequipo_opt.png","contentUrl":"https:\/\/www.sonoraenequipo.com.mx\/storage\/2019\/01\/sonoraenequipo_opt.png","width":375,"height":125,"caption":"Sonoraenequipo.com.mx"},"image":{"@id":"https:\/\/www.sonoraenequipo.com.mx\/#\/schema\/logo\/image\/"},"sameAs":["https:\/\/www.facebook.com\/SonoraEE\/","https:\/\/x.com\/sonoraenequipo","https:\/\/www.youtube.com\/channel\/UC338nW-lPEYmJQs4ZABQ1SQ"]},{"@type":"Person","@id":"https:\/\/www.sonoraenequipo.com.mx\/#\/schema\/person\/50102df0fb23a8fa9e8effad8fa81386","name":"enequipo","image":{"@type":"ImageObject","inLanguage":"es","@id":"https:\/\/www.sonoraenequipo.com.mx\/#\/schema\/person\/image\/","url":"https:\/\/secure.gravatar.com\/avatar\/049821681b589dabc0bc20695993ccebb09f5b5d4d790cd9251b97faac7c652b?s=96&d=blank&r=g","contentUrl":"https:\/\/secure.gravatar.com\/avatar\/049821681b589dabc0bc20695993ccebb09f5b5d4d790cd9251b97faac7c652b?s=96&d=blank&r=g","caption":"enequipo"},"sameAs":["https:\/\/www.facebook.com\/SonoraEE"]}]}},"jetpack_featured_media_url":"https:\/\/www.sonoraenequipo.com.mx\/storage\/2022\/02\/icela-rodriguez_opt.jpg","_links":{"self":[{"href":"https:\/\/www.sonoraenequipo.com.mx\/api\/wp\/v2\/posts\/133348","targetHints":{"allow":["GET"]}}],"collection":[{"href":"https:\/\/www.sonoraenequipo.com.mx\/api\/wp\/v2\/posts"}],"about":[{"href":"https:\/\/www.sonoraenequipo.com.mx\/api\/wp\/v2\/types\/post"}],"author":[{"embeddable":true,"href":"https:\/\/www.sonoraenequipo.com.mx\/api\/wp\/v2\/users\/1"}],"replies":[{"embeddable":true,"href":"https:\/\/www.sonoraenequipo.com.mx\/api\/wp\/v2\/comments?post=133348"}],"version-history":[{"count":2,"href":"https:\/\/www.sonoraenequipo.com.mx\/api\/wp\/v2\/posts\/133348\/revisions"}],"predecessor-version":[{"id":133351,"href":"https:\/\/www.sonoraenequipo.com.mx\/api\/wp\/v2\/posts\/133348\/revisions\/133351"}],"wp:featuredmedia":[{"embeddable":true,"href":"https:\/\/www.sonoraenequipo.com.mx\/api\/wp\/v2\/media\/133349"}],"wp:attachment":[{"href":"https:\/\/www.sonoraenequipo.com.mx\/api\/wp\/v2\/media?parent=133348"}],"wp:term":[{"taxonomy":"category","embeddable":true,"href":"https:\/\/www.sonoraenequipo.com.mx\/api\/wp\/v2\/categories?post=133348"},{"taxonomy":"post_tag","embeddable":true,"href":"https:\/\/www.sonoraenequipo.com.mx\/api\/wp\/v2\/tags?post=133348"}],"curies":[{"name":"wp","href":"https:\/\/api.w.org\/{rel}","templated":true}]}}