{"id":133352,"date":"2022-02-17T07:43:24","date_gmt":"2022-02-17T14:43:24","guid":{"rendered":"https:\/\/www.sonoraenequipo.com.mx\/?p=133352"},"modified":"2022-02-17T18:05:39","modified_gmt":"2022-02-18T01:05:39","slug":"inglaterra-aprueba-extradicion-de-karime-macias-a-mexico","status":"publish","type":"post","link":"https:\/\/www.sonoraenequipo.com.mx\/inglaterra-aprueba-extradicion-de-karime-macias-a-mexico\/","title":{"rendered":"Inglaterra aprueba extradici\u00f3n de Karime Mac\u00edas a M\u00e9xico"},"content":{"rendered":"<p>LONDRES, INGLATERRA. \u2014 La Corte de Magistrados de Westminster, en Londres, dio luz verde a la extradici\u00f3n a M\u00e9xico de Karime Mac\u00edas Tubilla, exesposa de Javier Duarte, reclamada por las autoridades mexicanas por supuesto fraude.<\/p>\n<p>&nbsp;<\/p>\n<p> <\/p>\n<p>&nbsp;<\/p>\n<p>El juez del caso, Paul Goldspring, dijo en una vista judicial que las pruebas son suficientes para autorizar la extradici\u00f3n.<\/p>\n<p>&nbsp;<\/p>\n<p>No obstante, el magistrado indic\u00f3 que remite el caso a la ministra del Interior, Priti Patel, quien es la responsable \u00faltima de dar el visto bueno final a la entrega de Karime Mac\u00edas a M\u00e9xico.<\/p>\n<p>&nbsp;<\/p>\n<p>M\u00e9xico solicit\u00f3 la extradici\u00f3n de Mac\u00edas, exesposa del antiguo gobernador de Veracruz Javier Duarte, en relaci\u00f3n con unos fraudes supuestamente cometidos en el Sistema Estatal para el Desarrollo Integral de la Familia (DIF), pero que ella rechaza.<\/p>\n<p>&nbsp;<\/p>\n<p>Karime Mac\u00edas estaba en el Reino Unido cuando en octubre de 2019 recibi\u00f3 una notificaci\u00f3n policial para presentarse en una comisar\u00eda de Westminster, barrio del centro de la capital brit\u00e1nica, a ra\u00edz de una orden de extradici\u00f3n remitida a trav\u00e9s de Interpol.<\/p>\n<p>&nbsp;<\/p>\n<p>En ese momento Karime Mac\u00edas qued\u00f3 en libertad bajo fianza, antes de que empezara el proceso legal de extradici\u00f3n.<\/p>\n<p>&nbsp;<\/p>\n<p>Durante las vistas celebradas en la Corte de Magistrado de Westminster, a cargo del juez Paul Goldspring, tanto el abogado de Mac\u00edas, Aaron Watkins, como el del Gobierno mexicano, Mark Summers, expusieron sus argumentos sobre la extradici\u00f3n.<\/p>\n<p>&nbsp;<\/p>\n<p>Seg\u00fan Watkins, Karime Mac\u00edas no estuvo al frente de los supuestos fraudes en el DIF y arguy\u00f3 que se ha solicitado la extradici\u00f3n sin presentar pruebas sobre los cr\u00edmenes econ\u00f3micos que se le imputan, sino que se trata de acusaciones basadas en sospechas.<\/p>\n<p>&nbsp;<\/p>\n<p>Asimismo, el letrado rechaz\u00f3 el v\u00ednculo de Karime Mac\u00edas con su exmarido, que ha sido condenado a nueve a\u00f1os de prisi\u00f3n por asociaci\u00f3n delictiva y lavado de dinero, y neg\u00f3 que los nombramientos que hizo Duarte en el DIF tuvieran conexi\u00f3n con su exmujer.<\/p>\n<p>&nbsp;<\/p>\n<p>Por otro lado, el abogado de las autoridades mexicanas argument\u00f3 que las pruebas de fraude son completas y convincentes, y mencion\u00f3 los testimonios de Laura Elena Vega Mart\u00ednez, quien fuera jefa del departamento de licitaciones del DIF.<\/p>\n<p>&nbsp;<\/p>\n<p>Summers defendi\u00f3, adem\u00e1s, las garant\u00edas de seguridad ofrecidas por el Gobierno mexicano.<\/p>\n<p>&nbsp;<\/p>\n<p>(Publicada el 17\/02\/2022 \/Con informaci\u00f3n de EFE \/ Liliana S\u00e1nchez Hern\u00e1ndez)<\/p>\n","protected":false},"excerpt":{"rendered":"<p>LONDRES, INGLATERRA. \u2014 La Corte de Magistrados de Westminster, en Londres, dio luz verde a&#8230;<\/p>\n","protected":false},"author":1,"featured_media":133353,"comment_status":"open","ping_status":"open","sticky":false,"template":"","format":"standard","meta":{"_monsterinsights_skip_tracking":false,"_monsterinsights_sitenote_active":false,"_monsterinsights_sitenote_note":"","_monsterinsights_sitenote_category":0,"footnotes":""},"categories":[3],"tags":[],"class_list":["post"],"yoast_head":" \n<title>Sonora en Equipo. Inglaterra aprueba extradici\u00f3n de Karime Mac\u00edas a M\u00e9xico MUNDO<\/title>\n<meta name=\"description\" content=\"LONDRES, INGLATERRA. \u2014 La Corte de Magistrados de Westminster, en Londres, dio luz verde a la extradici\u00f3n a M\u00e9xico de Karime Mac\u00edas Tubilla, exesposa de En Sonora en Equipo publicamos toda la informaci\u00f3n de Sonora, M\u00e9xico y el Mundo de manera oportuna y busca que la libertad de expresi\u00f3n sea real. Visita nuestro medio informativo publicado desde Hermosillo, Sonora. %\" \/>\n<meta name=\"robots\" content=\"index, follow, max-snippet:-1, max-image-preview:large, max-video-preview:-1\" \/>\n<link rel=\"canonical\" href=\"https:\/\/www.sonoraenequipo.com.mx\/inglaterra-aprueba-extradicion-de-karime-macias-a-mexico\/\" \/>\n<meta property=\"og:locale\" content=\"es_ES\" \/>\n<meta property=\"og:type\" content=\"article\" \/>\n<meta property=\"og:title\" content=\"Sonora en Equipo. Inglaterra aprueba extradici\u00f3n de Karime Mac\u00edas a M\u00e9xico MUNDO\" \/>\n<meta property=\"og:description\" content=\"LONDRES, INGLATERRA. \u2014 La Corte de Magistrados de Westminster, en Londres, dio luz verde a la extradici\u00f3n a M\u00e9xico de Karime Mac\u00edas Tubilla, exesposa de En Sonora en Equipo publicamos toda la informaci\u00f3n de Sonora, M\u00e9xico y el Mundo de manera oportuna y busca que la libertad de expresi\u00f3n sea real. Visita nuestro medio informativo publicado desde Hermosillo, Sonora. %\" \/>\n<meta property=\"og:url\" content=\"https:\/\/www.sonoraenequipo.com.mx\/inglaterra-aprueba-extradicion-de-karime-macias-a-mexico\/\" \/>\n<meta property=\"og:site_name\" content=\"Sonora en Equipo.\" \/>\n<meta property=\"article:publisher\" content=\"https:\/\/www.facebook.com\/SonoraEE\/\" \/>\n<meta property=\"article:author\" content=\"https:\/\/www.facebook.com\/SonoraEE\" \/>\n<meta property=\"article:published_time\" content=\"2022-02-17T14:43:24+00:00\" \/>\n<meta property=\"article:modified_time\" content=\"2022-02-18T01:05:39+00:00\" \/>\n<meta property=\"og:image\" content=\"https:\/\/www.sonoraenequipo.com.mx\/storage\/2022\/02\/karime-macias1_opt.jpg\" \/>\n\t<meta property=\"og:image:width\" content=\"711\" \/>\n\t<meta property=\"og:image:height\" content=\"400\" \/>\n\t<meta property=\"og:image:type\" content=\"image\/jpeg\" \/>\n<meta name=\"author\" content=\"enequipo\" \/>\n<meta name=\"twitter:card\" content=\"summary_large_image\" \/>\n<meta name=\"twitter:creator\" content=\"@sonoraenequipo\" \/>\n<meta name=\"twitter:site\" content=\"@sonoraenequipo\" \/>\n<meta name=\"twitter:label1\" content=\"Escrito por\" \/>\n\t<meta name=\"twitter:data1\" content=\"enequipo\" \/>\n\t<meta name=\"twitter:label2\" content=\"Tiempo de lectura\" \/>\n\t<meta name=\"twitter:data2\" content=\"2 minutos\" \/>\n<script type=\"application\/ld+json\" class=\"yoast-schema-graph\">{\"@context\":\"https:\/\/schema.org\",\"@graph\":[{\"@type\":\"Article\",\"@id\":\"https:\/\/www.sonoraenequipo.com.mx\/inglaterra-aprueba-extradicion-de-karime-macias-a-mexico\/#article\",\"isPartOf\":{\"@id\":\"https:\/\/www.sonoraenequipo.com.mx\/inglaterra-aprueba-extradicion-de-karime-macias-a-mexico\/\"},\"author\":{\"name\":\"enequipo\",\"@id\":\"https:\/\/www.sonoraenequipo.com.mx\/#\/schema\/person\/50102df0fb23a8fa9e8effad8fa81386\"},\"headline\":\"Inglaterra aprueba extradici\u00f3n de Karime Mac\u00edas a M\u00e9xico\",\"datePublished\":\"2022-02-17T14:43:24+00:00\",\"dateModified\":\"2022-02-18T01:05:39+00:00\",\"mainEntityOfPage\":{\"@id\":\"https:\/\/www.sonoraenequipo.com.mx\/inglaterra-aprueba-extradicion-de-karime-macias-a-mexico\/\"},\"wordCount\":429,\"commentCount\":0,\"publisher\":{\"@id\":\"https:\/\/www.sonoraenequipo.com.mx\/#organization\"},\"image\":{\"@id\":\"https:\/\/www.sonoraenequipo.com.mx\/inglaterra-aprueba-extradicion-de-karime-macias-a-mexico\/#primaryimage\"},\"thumbnailUrl\":\"https:\/\/www.sonoraenequipo.com.mx\/storage\/2022\/02\/karime-macias1_opt.jpg\",\"articleSection\":[\"MUNDO\"],\"inLanguage\":\"es\",\"potentialAction\":[{\"@type\":\"CommentAction\",\"name\":\"Comment\",\"target\":[\"https:\/\/www.sonoraenequipo.com.mx\/inglaterra-aprueba-extradicion-de-karime-macias-a-mexico\/#respond\"]}]},{\"@type\":\"WebPage\",\"@id\":\"https:\/\/www.sonoraenequipo.com.mx\/inglaterra-aprueba-extradicion-de-karime-macias-a-mexico\/\",\"url\":\"https:\/\/www.sonoraenequipo.com.mx\/inglaterra-aprueba-extradicion-de-karime-macias-a-mexico\/\",\"name\":\"Sonora en Equipo. Inglaterra aprueba extradici\u00f3n de Karime Mac\u00edas a M\u00e9xico MUNDO\",\"isPartOf\":{\"@id\":\"https:\/\/www.sonoraenequipo.com.mx\/#website\"},\"primaryImageOfPage\":{\"@id\":\"https:\/\/www.sonoraenequipo.com.mx\/inglaterra-aprueba-extradicion-de-karime-macias-a-mexico\/#primaryimage\"},\"image\":{\"@id\":\"https:\/\/www.sonoraenequipo.com.mx\/inglaterra-aprueba-extradicion-de-karime-macias-a-mexico\/#primaryimage\"},\"thumbnailUrl\":\"https:\/\/www.sonoraenequipo.com.mx\/storage\/2022\/02\/karime-macias1_opt.jpg\",\"datePublished\":\"2022-02-17T14:43:24+00:00\",\"dateModified\":\"2022-02-18T01:05:39+00:00\",\"description\":\"LONDRES, INGLATERRA. \u2014 La Corte de Magistrados de Westminster, en Londres, dio luz verde a la extradici\u00f3n a M\u00e9xico de Karime Mac\u00edas Tubilla, exesposa de En Sonora en Equipo publicamos toda la informaci\u00f3n de Sonora, M\u00e9xico y el Mundo de manera oportuna y busca que la libertad de expresi\u00f3n sea real. Visita nuestro medio informativo publicado desde Hermosillo, Sonora. %\",\"breadcrumb\":{\"@id\":\"https:\/\/www.sonoraenequipo.com.mx\/inglaterra-aprueba-extradicion-de-karime-macias-a-mexico\/#breadcrumb\"},\"inLanguage\":\"es\",\"potentialAction\":[{\"@type\":\"ReadAction\",\"target\":[\"https:\/\/www.sonoraenequipo.com.mx\/inglaterra-aprueba-extradicion-de-karime-macias-a-mexico\/\"]}]},{\"@type\":\"ImageObject\",\"inLanguage\":\"es\",\"@id\":\"https:\/\/www.sonoraenequipo.com.mx\/inglaterra-aprueba-extradicion-de-karime-macias-a-mexico\/#primaryimage\",\"url\":\"https:\/\/www.sonoraenequipo.com.mx\/storage\/2022\/02\/karime-macias1_opt.jpg\",\"contentUrl\":\"https:\/\/www.sonoraenequipo.com.mx\/storage\/2022\/02\/karime-macias1_opt.jpg\",\"width\":711,\"height\":400},{\"@type\":\"BreadcrumbList\",\"@id\":\"https:\/\/www.sonoraenequipo.com.mx\/inglaterra-aprueba-extradicion-de-karime-macias-a-mexico\/#breadcrumb\",\"itemListElement\":[{\"@type\":\"ListItem\",\"position\":1,\"name\":\"Portada\",\"item\":\"https:\/\/www.sonoraenequipo.com.mx\/\"},{\"@type\":\"ListItem\",\"position\":2,\"name\":\"Inglaterra aprueba extradici\u00f3n de Karime Mac\u00edas a M\u00e9xico\"}]},{\"@type\":\"WebSite\",\"@id\":\"https:\/\/www.sonoraenequipo.com.mx\/#website\",\"url\":\"https:\/\/www.sonoraenequipo.com.mx\/\",\"name\":\"Sonora en Equipo.\",\"description\":\"Diario en l\u00ednea con Noticias desde Hermosillo, Sonora\",\"publisher\":{\"@id\":\"https:\/\/www.sonoraenequipo.com.mx\/#organization\"},\"potentialAction\":[{\"@type\":\"SearchAction\",\"target\":{\"@type\":\"EntryPoint\",\"urlTemplate\":\"https:\/\/www.sonoraenequipo.com.mx\/?s={search_term_string}\"},\"query-input\":{\"@type\":\"PropertyValueSpecification\",\"valueRequired\":true,\"valueName\":\"search_term_string\"}}],\"inLanguage\":\"es\"},{\"@type\":\"Organization\",\"@id\":\"https:\/\/www.sonoraenequipo.com.mx\/#organization\",\"name\":\"Sonoraenequipo.com.mx\",\"url\":\"https:\/\/www.sonoraenequipo.com.mx\/\",\"logo\":{\"@type\":\"ImageObject\",\"inLanguage\":\"es\",\"@id\":\"https:\/\/www.sonoraenequipo.com.mx\/#\/schema\/logo\/image\/\",\"url\":\"https:\/\/www.sonoraenequipo.com.mx\/storage\/2019\/01\/sonoraenequipo_opt.png\",\"contentUrl\":\"https:\/\/www.sonoraenequipo.com.mx\/storage\/2019\/01\/sonoraenequipo_opt.png\",\"width\":375,\"height\":125,\"caption\":\"Sonoraenequipo.com.mx\"},\"image\":{\"@id\":\"https:\/\/www.sonoraenequipo.com.mx\/#\/schema\/logo\/image\/\"},\"sameAs\":[\"https:\/\/www.facebook.com\/SonoraEE\/\",\"https:\/\/x.com\/sonoraenequipo\",\"https:\/\/www.youtube.com\/channel\/UC338nW-lPEYmJQs4ZABQ1SQ\"]},{\"@type\":\"Person\",\"@id\":\"https:\/\/www.sonoraenequipo.com.mx\/#\/schema\/person\/50102df0fb23a8fa9e8effad8fa81386\",\"name\":\"enequipo\",\"image\":{\"@type\":\"ImageObject\",\"inLanguage\":\"es\",\"@id\":\"https:\/\/www.sonoraenequipo.com.mx\/#\/schema\/person\/image\/\",\"url\":\"https:\/\/secure.gravatar.com\/avatar\/049821681b589dabc0bc20695993ccebb09f5b5d4d790cd9251b97faac7c652b?s=96&d=blank&r=g\",\"contentUrl\":\"https:\/\/secure.gravatar.com\/avatar\/049821681b589dabc0bc20695993ccebb09f5b5d4d790cd9251b97faac7c652b?s=96&d=blank&r=g\",\"caption\":\"enequipo\"},\"sameAs\":[\"https:\/\/www.facebook.com\/SonoraEE\"]}]}<\/script>\n ","yoast_head_json":{"title":"Sonora en Equipo. Inglaterra aprueba extradici\u00f3n de Karime Mac\u00edas a M\u00e9xico MUNDO","description":"LONDRES, INGLATERRA. \u2014 La Corte de Magistrados de Westminster, en Londres, dio luz verde a la extradici\u00f3n a M\u00e9xico de Karime Mac\u00edas Tubilla, exesposa de En Sonora en Equipo publicamos toda la informaci\u00f3n de Sonora, M\u00e9xico y el Mundo de manera oportuna y busca que la libertad de expresi\u00f3n sea real. Visita nuestro medio informativo publicado desde Hermosillo, Sonora. %","robots":{"index":"index","follow":"follow","max-snippet":"max-snippet:-1","max-image-preview":"max-image-preview:large","max-video-preview":"max-video-preview:-1"},"canonical":"https:\/\/www.sonoraenequipo.com.mx\/inglaterra-aprueba-extradicion-de-karime-macias-a-mexico\/","og_locale":"es_ES","og_type":"article","og_title":"Sonora en Equipo. Inglaterra aprueba extradici\u00f3n de Karime Mac\u00edas a M\u00e9xico MUNDO","og_description":"LONDRES, INGLATERRA. \u2014 La Corte de Magistrados de Westminster, en Londres, dio luz verde a la extradici\u00f3n a M\u00e9xico de Karime Mac\u00edas Tubilla, exesposa de En Sonora en Equipo publicamos toda la informaci\u00f3n de Sonora, M\u00e9xico y el Mundo de manera oportuna y busca que la libertad de expresi\u00f3n sea real. Visita nuestro medio informativo publicado desde Hermosillo, Sonora. %","og_url":"https:\/\/www.sonoraenequipo.com.mx\/inglaterra-aprueba-extradicion-de-karime-macias-a-mexico\/","og_site_name":"Sonora en Equipo.","article_publisher":"https:\/\/www.facebook.com\/SonoraEE\/","article_author":"https:\/\/www.facebook.com\/SonoraEE","article_published_time":"2022-02-17T14:43:24+00:00","article_modified_time":"2022-02-18T01:05:39+00:00","og_image":[{"width":711,"height":400,"url":"https:\/\/www.sonoraenequipo.com.mx\/storage\/2022\/02\/karime-macias1_opt.jpg","type":"image\/jpeg"}],"author":"enequipo","twitter_card":"summary_large_image","twitter_creator":"@sonoraenequipo","twitter_site":"@sonoraenequipo","twitter_misc":{"Escrito por":"enequipo","Tiempo de lectura":"2 minutos"},"schema":{"@context":"https:\/\/schema.org","@graph":[{"@type":"Article","@id":"https:\/\/www.sonoraenequipo.com.mx\/inglaterra-aprueba-extradicion-de-karime-macias-a-mexico\/#article","isPartOf":{"@id":"https:\/\/www.sonoraenequipo.com.mx\/inglaterra-aprueba-extradicion-de-karime-macias-a-mexico\/"},"author":{"name":"enequipo","@id":"https:\/\/www.sonoraenequipo.com.mx\/#\/schema\/person\/50102df0fb23a8fa9e8effad8fa81386"},"headline":"Inglaterra aprueba extradici\u00f3n de Karime Mac\u00edas a M\u00e9xico","datePublished":"2022-02-17T14:43:24+00:00","dateModified":"2022-02-18T01:05:39+00:00","mainEntityOfPage":{"@id":"https:\/\/www.sonoraenequipo.com.mx\/inglaterra-aprueba-extradicion-de-karime-macias-a-mexico\/"},"wordCount":429,"commentCount":0,"publisher":{"@id":"https:\/\/www.sonoraenequipo.com.mx\/#organization"},"image":{"@id":"https:\/\/www.sonoraenequipo.com.mx\/inglaterra-aprueba-extradicion-de-karime-macias-a-mexico\/#primaryimage"},"thumbnailUrl":"https:\/\/www.sonoraenequipo.com.mx\/storage\/2022\/02\/karime-macias1_opt.jpg","articleSection":["MUNDO"],"inLanguage":"es","potentialAction":[{"@type":"CommentAction","name":"Comment","target":["https:\/\/www.sonoraenequipo.com.mx\/inglaterra-aprueba-extradicion-de-karime-macias-a-mexico\/#respond"]}]},{"@type":"WebPage","@id":"https:\/\/www.sonoraenequipo.com.mx\/inglaterra-aprueba-extradicion-de-karime-macias-a-mexico\/","url":"https:\/\/www.sonoraenequipo.com.mx\/inglaterra-aprueba-extradicion-de-karime-macias-a-mexico\/","name":"Sonora en Equipo. Inglaterra aprueba extradici\u00f3n de Karime Mac\u00edas a M\u00e9xico MUNDO","isPartOf":{"@id":"https:\/\/www.sonoraenequipo.com.mx\/#website"},"primaryImageOfPage":{"@id":"https:\/\/www.sonoraenequipo.com.mx\/inglaterra-aprueba-extradicion-de-karime-macias-a-mexico\/#primaryimage"},"image":{"@id":"https:\/\/www.sonoraenequipo.com.mx\/inglaterra-aprueba-extradicion-de-karime-macias-a-mexico\/#primaryimage"},"thumbnailUrl":"https:\/\/www.sonoraenequipo.com.mx\/storage\/2022\/02\/karime-macias1_opt.jpg","datePublished":"2022-02-17T14:43:24+00:00","dateModified":"2022-02-18T01:05:39+00:00","description":"LONDRES, INGLATERRA. \u2014 La Corte de Magistrados de Westminster, en Londres, dio luz verde a la extradici\u00f3n a M\u00e9xico de Karime Mac\u00edas Tubilla, exesposa de En Sonora en Equipo publicamos toda la informaci\u00f3n de Sonora, M\u00e9xico y el Mundo de manera oportuna y busca que la libertad de expresi\u00f3n sea real. Visita nuestro medio informativo publicado desde Hermosillo, Sonora. %","breadcrumb":{"@id":"https:\/\/www.sonoraenequipo.com.mx\/inglaterra-aprueba-extradicion-de-karime-macias-a-mexico\/#breadcrumb"},"inLanguage":"es","potentialAction":[{"@type":"ReadAction","target":["https:\/\/www.sonoraenequipo.com.mx\/inglaterra-aprueba-extradicion-de-karime-macias-a-mexico\/"]}]},{"@type":"ImageObject","inLanguage":"es","@id":"https:\/\/www.sonoraenequipo.com.mx\/inglaterra-aprueba-extradicion-de-karime-macias-a-mexico\/#primaryimage","url":"https:\/\/www.sonoraenequipo.com.mx\/storage\/2022\/02\/karime-macias1_opt.jpg","contentUrl":"https:\/\/www.sonoraenequipo.com.mx\/storage\/2022\/02\/karime-macias1_opt.jpg","width":711,"height":400},{"@type":"BreadcrumbList","@id":"https:\/\/www.sonoraenequipo.com.mx\/inglaterra-aprueba-extradicion-de-karime-macias-a-mexico\/#breadcrumb","itemListElement":[{"@type":"ListItem","position":1,"name":"Portada","item":"https:\/\/www.sonoraenequipo.com.mx\/"},{"@type":"ListItem","position":2,"name":"Inglaterra aprueba extradici\u00f3n de Karime Mac\u00edas a M\u00e9xico"}]},{"@type":"WebSite","@id":"https:\/\/www.sonoraenequipo.com.mx\/#website","url":"https:\/\/www.sonoraenequipo.com.mx\/","name":"Sonora en Equipo.","description":"Diario en l\u00ednea con Noticias desde Hermosillo, Sonora","publisher":{"@id":"https:\/\/www.sonoraenequipo.com.mx\/#organization"},"potentialAction":[{"@type":"SearchAction","target":{"@type":"EntryPoint","urlTemplate":"https:\/\/www.sonoraenequipo.com.mx\/?s={search_term_string}"},"query-input":{"@type":"PropertyValueSpecification","valueRequired":true,"valueName":"search_term_string"}}],"inLanguage":"es"},{"@type":"Organization","@id":"https:\/\/www.sonoraenequipo.com.mx\/#organization","name":"Sonoraenequipo.com.mx","url":"https:\/\/www.sonoraenequipo.com.mx\/","logo":{"@type":"ImageObject","inLanguage":"es","@id":"https:\/\/www.sonoraenequipo.com.mx\/#\/schema\/logo\/image\/","url":"https:\/\/www.sonoraenequipo.com.mx\/storage\/2019\/01\/sonoraenequipo_opt.png","contentUrl":"https:\/\/www.sonoraenequipo.com.mx\/storage\/2019\/01\/sonoraenequipo_opt.png","width":375,"height":125,"caption":"Sonoraenequipo.com.mx"},"image":{"@id":"https:\/\/www.sonoraenequipo.com.mx\/#\/schema\/logo\/image\/"},"sameAs":["https:\/\/www.facebook.com\/SonoraEE\/","https:\/\/x.com\/sonoraenequipo","https:\/\/www.youtube.com\/channel\/UC338nW-lPEYmJQs4ZABQ1SQ"]},{"@type":"Person","@id":"https:\/\/www.sonoraenequipo.com.mx\/#\/schema\/person\/50102df0fb23a8fa9e8effad8fa81386","name":"enequipo","image":{"@type":"ImageObject","inLanguage":"es","@id":"https:\/\/www.sonoraenequipo.com.mx\/#\/schema\/person\/image\/","url":"https:\/\/secure.gravatar.com\/avatar\/049821681b589dabc0bc20695993ccebb09f5b5d4d790cd9251b97faac7c652b?s=96&d=blank&r=g","contentUrl":"https:\/\/secure.gravatar.com\/avatar\/049821681b589dabc0bc20695993ccebb09f5b5d4d790cd9251b97faac7c652b?s=96&d=blank&r=g","caption":"enequipo"},"sameAs":["https:\/\/www.facebook.com\/SonoraEE"]}]}},"jetpack_featured_media_url":"https:\/\/www.sonoraenequipo.com.mx\/storage\/2022\/02\/karime-macias1_opt.jpg","_links":{"self":[{"href":"https:\/\/www.sonoraenequipo.com.mx\/api\/wp\/v2\/posts\/133352","targetHints":{"allow":["GET"]}}],"collection":[{"href":"https:\/\/www.sonoraenequipo.com.mx\/api\/wp\/v2\/posts"}],"about":[{"href":"https:\/\/www.sonoraenequipo.com.mx\/api\/wp\/v2\/types\/post"}],"author":[{"embeddable":true,"href":"https:\/\/www.sonoraenequipo.com.mx\/api\/wp\/v2\/users\/1"}],"replies":[{"embeddable":true,"href":"https:\/\/www.sonoraenequipo.com.mx\/api\/wp\/v2\/comments?post=133352"}],"version-history":[{"count":1,"href":"https:\/\/www.sonoraenequipo.com.mx\/api\/wp\/v2\/posts\/133352\/revisions"}],"predecessor-version":[{"id":133355,"href":"https:\/\/www.sonoraenequipo.com.mx\/api\/wp\/v2\/posts\/133352\/revisions\/133355"}],"wp:featuredmedia":[{"embeddable":true,"href":"https:\/\/www.sonoraenequipo.com.mx\/api\/wp\/v2\/media\/133353"}],"wp:attachment":[{"href":"https:\/\/www.sonoraenequipo.com.mx\/api\/wp\/v2\/media?parent=133352"}],"wp:term":[{"taxonomy":"category","embeddable":true,"href":"https:\/\/www.sonoraenequipo.com.mx\/api\/wp\/v2\/categories?post=133352"},{"taxonomy":"post_tag","embeddable":true,"href":"https:\/\/www.sonoraenequipo.com.mx\/api\/wp\/v2\/tags?post=133352"}],"curies":[{"name":"wp","href":"https:\/\/api.w.org\/{rel}","templated":true}]}}