{"id":133356,"date":"2022-02-17T10:12:53","date_gmt":"2022-02-17T17:12:53","guid":{"rendered":"https:\/\/www.sonoraenequipo.com.mx\/?p=133356"},"modified":"2022-02-17T18:25:45","modified_gmt":"2022-02-18T01:25:45","slug":"amlo-acusa-prepotencia-y-violacion-de-ddhh-en-detencion-de-expresidente-de-honduras","status":"publish","type":"post","link":"https:\/\/www.sonoraenequipo.com.mx\/amlo-acusa-prepotencia-y-violacion-de-ddhh-en-detencion-de-expresidente-de-honduras\/","title":{"rendered":"AMLO acusa prepotencia y violaci\u00f3n de DDHH en detenci\u00f3n de expresidente de Honduras"},"content":{"rendered":"<p>CIUDAD DE M\u00c9XICO. MX. \u2014 El presidente, Andr\u00e9s Manuel L\u00f3pez Obrador (AMLO), acus\u00f3 que hubo prepotencia y <em><strong>\u201cviolaci\u00f3n de derechos humanos\u201d<\/strong> <\/em>durante la detenci\u00f3n del exmandatario de Honduras Juan Orlando Hern\u00e1ndez, acusado por Estados Unidos de narcotr\u00e1fico.<\/p>\n<p>&nbsp;<\/p>\n<p> <\/p>\n<p>&nbsp;<\/p>\n<p><strong><em>\u201cLo que le hicieron al (ex)presidente de Honduras, hace dos d\u00edas. Puede ser que se sostenga legalmente lo que hizo este se\u00f1or, pero \u00bfc\u00f3mo lo van a encadenar? Esto es prepotencia, violaci\u00f3n de derechos humanos, eso es indigno, encadenar a alguien\u201d,<\/em> <\/strong>afirm\u00f3 AMLO en su conferencia ma\u00f1anera desde el estado de Baja California.<\/p>\n<p>&nbsp;<\/p>\n<h3>\nL\u00f3pez Obrador agreg\u00f3:<\/h3>\n<p>&nbsp;<\/p>\n<p><strong><em>\u201c\u00bfHace falta? \u00bfQue no se puede detener una persona, tenerlo ah\u00ed con custodios, (es necesario) ponerle una cadena?\u201d<\/em><\/strong>, concluy\u00f3.<\/p>\n<p>&nbsp;<\/p>\n<p>La captura el martes del expresidente Hern\u00e1ndez en Tegucigalpa a petici\u00f3n de Estados Unidos, que lo acusa de tres delitos asociados al narcotr\u00e1fico, marca el inicio de su proceso de extradici\u00f3n a ese pa\u00eds, donde su hermano Juan Antonio <em>\u201cTony\u201d<\/em> Hern\u00e1ndez cumple una cadena perpetua.<\/p>\n<p>&nbsp;<\/p>\n<p>En una operaci\u00f3n dirigida por el ministro de Seguridad, Ram\u00f3n Sabill\u00f3n, bajo un riguroso dispositivo de seguridad, Hern\u00e1ndez fue capturado en el port\u00f3n principal de su casa y de inmediato se le coloc\u00f3 un chaleco antibalas, fue esposado de manos y pies y llevado a una unidad especial de la Polic\u00eda Nacional.<\/p>\n<p>&nbsp;<\/p>\n<p>Un juez del Supremo de Honduras dict\u00f3 <em>\u201cdetenci\u00f3n provisional\u201d<\/em> a Hern\u00e1ndez (2014-2022) tras su captura en Tegucigalpa ante una petici\u00f3n de Estados Unidos con fines de extradici\u00f3n, por tres cargos asociados a narcotr\u00e1fico.<\/p>\n<p>&nbsp;<\/p>\n<p>En esta ocasi\u00f3n, el exgobernante lleg\u00f3 a la sala sin esposas, mientras en las afueras de la Corte Suprema de Justicia decenas de sus simpatizantes coreaban consignas de apoyo y solidaridad.<\/p>\n<p>&nbsp;<\/p>\n<p>Por otro lado, un grupo menor de activistas del ahora gobernante Partido Libertad y Refundaci\u00f3n, algunos enfundados en banderas del pa\u00eds, gritaban <em>\u201cnarcotraficante\u201d y \u201casesino\u201d,<\/em> entre otras expresiones.<\/p>\n<p>&nbsp;<\/p>\n<p>Los ocho a\u00f1os de Hern\u00e1ndez en el poder en Honduras fueron salpicados por denuncias de presunta corrupci\u00f3n y narcotr\u00e1fico, tanto en su pa\u00eds, como en Estados Unidos.<\/p>\n<p>&nbsp;<\/p>\n<p>Hern\u00e1ndez es el primer expresidente que Estados Unidos ha pedido en extradici\u00f3n con fines de enjuiciarlo por narcotr\u00e1fico, aunque hasta el \u00faltimo d\u00eda de su mandato, \u00e9l siempre rechaz\u00f3 las acusaciones.<\/p>\n<p>&nbsp;<\/p>\n<p>&nbsp;<\/p>\n<p>(Publicada el 17\/02\/2022 \/Con informaci\u00f3n de EFE. )<\/p>\n","protected":false},"excerpt":{"rendered":"<p>CIUDAD DE M\u00c9XICO. MX. \u2014 El presidente, Andr\u00e9s Manuel L\u00f3pez Obrador (AMLO), acus\u00f3 que hubo&#8230;<\/p>\n","protected":false},"author":1,"featured_media":133354,"comment_status":"open","ping_status":"open","sticky":false,"template":"","format":"standard","meta":{"_monsterinsights_skip_tracking":false,"_monsterinsights_sitenote_active":false,"_monsterinsights_sitenote_note":"","_monsterinsights_sitenote_category":0,"footnotes":""},"categories":[5],"tags":[],"class_list":["post"],"yoast_head":" \n<title>Sonora en Equipo. AMLO acusa prepotencia y violaci\u00f3n de DDHH en detenci\u00f3n de expresidente de Honduras Rep\u00fablica<\/title>\n<meta name=\"description\" content=\"CIUDAD DE M\u00c9XICO. MX. \u2014 El presidente, Andr\u00e9s Manuel L\u00f3pez Obrador (AMLO), acus\u00f3 que hubo prepotencia y \u201cviolaci\u00f3n de derechos humanos\u201d durante la En Sonora en Equipo publicamos toda la informaci\u00f3n de Sonora, M\u00e9xico y el Mundo de manera oportuna y busca que la libertad de expresi\u00f3n sea real. Visita nuestro medio informativo publicado desde Hermosillo, Sonora. %\" \/>\n<meta name=\"robots\" content=\"index, follow, max-snippet:-1, max-image-preview:large, max-video-preview:-1\" \/>\n<link rel=\"canonical\" href=\"https:\/\/www.sonoraenequipo.com.mx\/amlo-acusa-prepotencia-y-violacion-de-ddhh-en-detencion-de-expresidente-de-honduras\/\" \/>\n<meta property=\"og:locale\" content=\"es_ES\" \/>\n<meta property=\"og:type\" content=\"article\" \/>\n<meta property=\"og:title\" content=\"Sonora en Equipo. AMLO acusa prepotencia y violaci\u00f3n de DDHH en detenci\u00f3n de expresidente de Honduras Rep\u00fablica\" \/>\n<meta property=\"og:description\" content=\"CIUDAD DE M\u00c9XICO. MX. \u2014 El presidente, Andr\u00e9s Manuel L\u00f3pez Obrador (AMLO), acus\u00f3 que hubo prepotencia y \u201cviolaci\u00f3n de derechos humanos\u201d durante la En Sonora en Equipo publicamos toda la informaci\u00f3n de Sonora, M\u00e9xico y el Mundo de manera oportuna y busca que la libertad de expresi\u00f3n sea real. Visita nuestro medio informativo publicado desde Hermosillo, Sonora. %\" \/>\n<meta property=\"og:url\" content=\"https:\/\/www.sonoraenequipo.com.mx\/amlo-acusa-prepotencia-y-violacion-de-ddhh-en-detencion-de-expresidente-de-honduras\/\" \/>\n<meta property=\"og:site_name\" content=\"Sonora en Equipo.\" \/>\n<meta property=\"article:publisher\" content=\"https:\/\/www.facebook.com\/SonoraEE\/\" \/>\n<meta property=\"article:author\" content=\"https:\/\/www.facebook.com\/SonoraEE\" \/>\n<meta property=\"article:published_time\" content=\"2022-02-17T17:12:53+00:00\" \/>\n<meta property=\"article:modified_time\" content=\"2022-02-18T01:25:45+00:00\" \/>\n<meta property=\"og:image\" content=\"https:\/\/www.sonoraenequipo.com.mx\/storage\/2022\/02\/Lopez-Obrador-1702_opt.jpg\" \/>\n\t<meta property=\"og:image:width\" content=\"700\" \/>\n\t<meta property=\"og:image:height\" content=\"400\" \/>\n\t<meta property=\"og:image:type\" content=\"image\/jpeg\" \/>\n<meta name=\"author\" content=\"enequipo\" \/>\n<meta name=\"twitter:card\" content=\"summary_large_image\" \/>\n<meta name=\"twitter:creator\" content=\"@sonoraenequipo\" \/>\n<meta name=\"twitter:site\" content=\"@sonoraenequipo\" \/>\n<meta name=\"twitter:label1\" content=\"Escrito por\" \/>\n\t<meta name=\"twitter:data1\" content=\"enequipo\" \/>\n\t<meta name=\"twitter:label2\" content=\"Tiempo de lectura\" \/>\n\t<meta name=\"twitter:data2\" content=\"2 minutos\" \/>\n<script type=\"application\/ld+json\" class=\"yoast-schema-graph\">{\"@context\":\"https:\/\/schema.org\",\"@graph\":[{\"@type\":\"Article\",\"@id\":\"https:\/\/www.sonoraenequipo.com.mx\/amlo-acusa-prepotencia-y-violacion-de-ddhh-en-detencion-de-expresidente-de-honduras\/#article\",\"isPartOf\":{\"@id\":\"https:\/\/www.sonoraenequipo.com.mx\/amlo-acusa-prepotencia-y-violacion-de-ddhh-en-detencion-de-expresidente-de-honduras\/\"},\"author\":{\"name\":\"enequipo\",\"@id\":\"https:\/\/www.sonoraenequipo.com.mx\/#\/schema\/person\/50102df0fb23a8fa9e8effad8fa81386\"},\"headline\":\"AMLO acusa prepotencia y violaci\u00f3n de DDHH en detenci\u00f3n de expresidente de Honduras\",\"datePublished\":\"2022-02-17T17:12:53+00:00\",\"dateModified\":\"2022-02-18T01:25:45+00:00\",\"mainEntityOfPage\":{\"@id\":\"https:\/\/www.sonoraenequipo.com.mx\/amlo-acusa-prepotencia-y-violacion-de-ddhh-en-detencion-de-expresidente-de-honduras\/\"},\"wordCount\":436,\"commentCount\":0,\"publisher\":{\"@id\":\"https:\/\/www.sonoraenequipo.com.mx\/#organization\"},\"image\":{\"@id\":\"https:\/\/www.sonoraenequipo.com.mx\/amlo-acusa-prepotencia-y-violacion-de-ddhh-en-detencion-de-expresidente-de-honduras\/#primaryimage\"},\"thumbnailUrl\":\"https:\/\/www.sonoraenequipo.com.mx\/storage\/2022\/02\/Lopez-Obrador-1702_opt.jpg\",\"articleSection\":[\"Rep\u00fablica\"],\"inLanguage\":\"es\",\"potentialAction\":[{\"@type\":\"CommentAction\",\"name\":\"Comment\",\"target\":[\"https:\/\/www.sonoraenequipo.com.mx\/amlo-acusa-prepotencia-y-violacion-de-ddhh-en-detencion-de-expresidente-de-honduras\/#respond\"]}]},{\"@type\":\"WebPage\",\"@id\":\"https:\/\/www.sonoraenequipo.com.mx\/amlo-acusa-prepotencia-y-violacion-de-ddhh-en-detencion-de-expresidente-de-honduras\/\",\"url\":\"https:\/\/www.sonoraenequipo.com.mx\/amlo-acusa-prepotencia-y-violacion-de-ddhh-en-detencion-de-expresidente-de-honduras\/\",\"name\":\"Sonora en Equipo. AMLO acusa prepotencia y violaci\u00f3n de DDHH en detenci\u00f3n de expresidente de Honduras Rep\u00fablica\",\"isPartOf\":{\"@id\":\"https:\/\/www.sonoraenequipo.com.mx\/#website\"},\"primaryImageOfPage\":{\"@id\":\"https:\/\/www.sonoraenequipo.com.mx\/amlo-acusa-prepotencia-y-violacion-de-ddhh-en-detencion-de-expresidente-de-honduras\/#primaryimage\"},\"image\":{\"@id\":\"https:\/\/www.sonoraenequipo.com.mx\/amlo-acusa-prepotencia-y-violacion-de-ddhh-en-detencion-de-expresidente-de-honduras\/#primaryimage\"},\"thumbnailUrl\":\"https:\/\/www.sonoraenequipo.com.mx\/storage\/2022\/02\/Lopez-Obrador-1702_opt.jpg\",\"datePublished\":\"2022-02-17T17:12:53+00:00\",\"dateModified\":\"2022-02-18T01:25:45+00:00\",\"description\":\"CIUDAD DE M\u00c9XICO. MX. \u2014 El presidente, Andr\u00e9s Manuel L\u00f3pez Obrador (AMLO), acus\u00f3 que hubo prepotencia y \u201cviolaci\u00f3n de derechos humanos\u201d durante la En Sonora en Equipo publicamos toda la informaci\u00f3n de Sonora, M\u00e9xico y el Mundo de manera oportuna y busca que la libertad de expresi\u00f3n sea real. Visita nuestro medio informativo publicado desde Hermosillo, Sonora. %\",\"breadcrumb\":{\"@id\":\"https:\/\/www.sonoraenequipo.com.mx\/amlo-acusa-prepotencia-y-violacion-de-ddhh-en-detencion-de-expresidente-de-honduras\/#breadcrumb\"},\"inLanguage\":\"es\",\"potentialAction\":[{\"@type\":\"ReadAction\",\"target\":[\"https:\/\/www.sonoraenequipo.com.mx\/amlo-acusa-prepotencia-y-violacion-de-ddhh-en-detencion-de-expresidente-de-honduras\/\"]}]},{\"@type\":\"ImageObject\",\"inLanguage\":\"es\",\"@id\":\"https:\/\/www.sonoraenequipo.com.mx\/amlo-acusa-prepotencia-y-violacion-de-ddhh-en-detencion-de-expresidente-de-honduras\/#primaryimage\",\"url\":\"https:\/\/www.sonoraenequipo.com.mx\/storage\/2022\/02\/Lopez-Obrador-1702_opt.jpg\",\"contentUrl\":\"https:\/\/www.sonoraenequipo.com.mx\/storage\/2022\/02\/Lopez-Obrador-1702_opt.jpg\",\"width\":700,\"height\":400},{\"@type\":\"BreadcrumbList\",\"@id\":\"https:\/\/www.sonoraenequipo.com.mx\/amlo-acusa-prepotencia-y-violacion-de-ddhh-en-detencion-de-expresidente-de-honduras\/#breadcrumb\",\"itemListElement\":[{\"@type\":\"ListItem\",\"position\":1,\"name\":\"Portada\",\"item\":\"https:\/\/www.sonoraenequipo.com.mx\/\"},{\"@type\":\"ListItem\",\"position\":2,\"name\":\"AMLO acusa prepotencia y violaci\u00f3n de DDHH en detenci\u00f3n de expresidente de Honduras\"}]},{\"@type\":\"WebSite\",\"@id\":\"https:\/\/www.sonoraenequipo.com.mx\/#website\",\"url\":\"https:\/\/www.sonoraenequipo.com.mx\/\",\"name\":\"Sonora en Equipo.\",\"description\":\"Diario en l\u00ednea con Noticias desde Hermosillo, Sonora\",\"publisher\":{\"@id\":\"https:\/\/www.sonoraenequipo.com.mx\/#organization\"},\"potentialAction\":[{\"@type\":\"SearchAction\",\"target\":{\"@type\":\"EntryPoint\",\"urlTemplate\":\"https:\/\/www.sonoraenequipo.com.mx\/?s={search_term_string}\"},\"query-input\":{\"@type\":\"PropertyValueSpecification\",\"valueRequired\":true,\"valueName\":\"search_term_string\"}}],\"inLanguage\":\"es\"},{\"@type\":\"Organization\",\"@id\":\"https:\/\/www.sonoraenequipo.com.mx\/#organization\",\"name\":\"Sonoraenequipo.com.mx\",\"url\":\"https:\/\/www.sonoraenequipo.com.mx\/\",\"logo\":{\"@type\":\"ImageObject\",\"inLanguage\":\"es\",\"@id\":\"https:\/\/www.sonoraenequipo.com.mx\/#\/schema\/logo\/image\/\",\"url\":\"https:\/\/www.sonoraenequipo.com.mx\/storage\/2019\/01\/sonoraenequipo_opt.png\",\"contentUrl\":\"https:\/\/www.sonoraenequipo.com.mx\/storage\/2019\/01\/sonoraenequipo_opt.png\",\"width\":375,\"height\":125,\"caption\":\"Sonoraenequipo.com.mx\"},\"image\":{\"@id\":\"https:\/\/www.sonoraenequipo.com.mx\/#\/schema\/logo\/image\/\"},\"sameAs\":[\"https:\/\/www.facebook.com\/SonoraEE\/\",\"https:\/\/x.com\/sonoraenequipo\",\"https:\/\/www.youtube.com\/channel\/UC338nW-lPEYmJQs4ZABQ1SQ\"]},{\"@type\":\"Person\",\"@id\":\"https:\/\/www.sonoraenequipo.com.mx\/#\/schema\/person\/50102df0fb23a8fa9e8effad8fa81386\",\"name\":\"enequipo\",\"image\":{\"@type\":\"ImageObject\",\"inLanguage\":\"es\",\"@id\":\"https:\/\/www.sonoraenequipo.com.mx\/#\/schema\/person\/image\/\",\"url\":\"https:\/\/secure.gravatar.com\/avatar\/049821681b589dabc0bc20695993ccebb09f5b5d4d790cd9251b97faac7c652b?s=96&d=blank&r=g\",\"contentUrl\":\"https:\/\/secure.gravatar.com\/avatar\/049821681b589dabc0bc20695993ccebb09f5b5d4d790cd9251b97faac7c652b?s=96&d=blank&r=g\",\"caption\":\"enequipo\"},\"sameAs\":[\"https:\/\/www.facebook.com\/SonoraEE\"]}]}<\/script>\n ","yoast_head_json":{"title":"Sonora en Equipo. AMLO acusa prepotencia y violaci\u00f3n de DDHH en detenci\u00f3n de expresidente de Honduras Rep\u00fablica","description":"CIUDAD DE M\u00c9XICO. MX. \u2014 El presidente, Andr\u00e9s Manuel L\u00f3pez Obrador (AMLO), acus\u00f3 que hubo prepotencia y \u201cviolaci\u00f3n de derechos humanos\u201d durante la En Sonora en Equipo publicamos toda la informaci\u00f3n de Sonora, M\u00e9xico y el Mundo de manera oportuna y busca que la libertad de expresi\u00f3n sea real. Visita nuestro medio informativo publicado desde Hermosillo, Sonora. %","robots":{"index":"index","follow":"follow","max-snippet":"max-snippet:-1","max-image-preview":"max-image-preview:large","max-video-preview":"max-video-preview:-1"},"canonical":"https:\/\/www.sonoraenequipo.com.mx\/amlo-acusa-prepotencia-y-violacion-de-ddhh-en-detencion-de-expresidente-de-honduras\/","og_locale":"es_ES","og_type":"article","og_title":"Sonora en Equipo. AMLO acusa prepotencia y violaci\u00f3n de DDHH en detenci\u00f3n de expresidente de Honduras Rep\u00fablica","og_description":"CIUDAD DE M\u00c9XICO. MX. \u2014 El presidente, Andr\u00e9s Manuel L\u00f3pez Obrador (AMLO), acus\u00f3 que hubo prepotencia y \u201cviolaci\u00f3n de derechos humanos\u201d durante la En Sonora en Equipo publicamos toda la informaci\u00f3n de Sonora, M\u00e9xico y el Mundo de manera oportuna y busca que la libertad de expresi\u00f3n sea real. Visita nuestro medio informativo publicado desde Hermosillo, Sonora. %","og_url":"https:\/\/www.sonoraenequipo.com.mx\/amlo-acusa-prepotencia-y-violacion-de-ddhh-en-detencion-de-expresidente-de-honduras\/","og_site_name":"Sonora en Equipo.","article_publisher":"https:\/\/www.facebook.com\/SonoraEE\/","article_author":"https:\/\/www.facebook.com\/SonoraEE","article_published_time":"2022-02-17T17:12:53+00:00","article_modified_time":"2022-02-18T01:25:45+00:00","og_image":[{"width":700,"height":400,"url":"https:\/\/www.sonoraenequipo.com.mx\/storage\/2022\/02\/Lopez-Obrador-1702_opt.jpg","type":"image\/jpeg"}],"author":"enequipo","twitter_card":"summary_large_image","twitter_creator":"@sonoraenequipo","twitter_site":"@sonoraenequipo","twitter_misc":{"Escrito por":"enequipo","Tiempo de lectura":"2 minutos"},"schema":{"@context":"https:\/\/schema.org","@graph":[{"@type":"Article","@id":"https:\/\/www.sonoraenequipo.com.mx\/amlo-acusa-prepotencia-y-violacion-de-ddhh-en-detencion-de-expresidente-de-honduras\/#article","isPartOf":{"@id":"https:\/\/www.sonoraenequipo.com.mx\/amlo-acusa-prepotencia-y-violacion-de-ddhh-en-detencion-de-expresidente-de-honduras\/"},"author":{"name":"enequipo","@id":"https:\/\/www.sonoraenequipo.com.mx\/#\/schema\/person\/50102df0fb23a8fa9e8effad8fa81386"},"headline":"AMLO acusa prepotencia y violaci\u00f3n de DDHH en detenci\u00f3n de expresidente de Honduras","datePublished":"2022-02-17T17:12:53+00:00","dateModified":"2022-02-18T01:25:45+00:00","mainEntityOfPage":{"@id":"https:\/\/www.sonoraenequipo.com.mx\/amlo-acusa-prepotencia-y-violacion-de-ddhh-en-detencion-de-expresidente-de-honduras\/"},"wordCount":436,"commentCount":0,"publisher":{"@id":"https:\/\/www.sonoraenequipo.com.mx\/#organization"},"image":{"@id":"https:\/\/www.sonoraenequipo.com.mx\/amlo-acusa-prepotencia-y-violacion-de-ddhh-en-detencion-de-expresidente-de-honduras\/#primaryimage"},"thumbnailUrl":"https:\/\/www.sonoraenequipo.com.mx\/storage\/2022\/02\/Lopez-Obrador-1702_opt.jpg","articleSection":["Rep\u00fablica"],"inLanguage":"es","potentialAction":[{"@type":"CommentAction","name":"Comment","target":["https:\/\/www.sonoraenequipo.com.mx\/amlo-acusa-prepotencia-y-violacion-de-ddhh-en-detencion-de-expresidente-de-honduras\/#respond"]}]},{"@type":"WebPage","@id":"https:\/\/www.sonoraenequipo.com.mx\/amlo-acusa-prepotencia-y-violacion-de-ddhh-en-detencion-de-expresidente-de-honduras\/","url":"https:\/\/www.sonoraenequipo.com.mx\/amlo-acusa-prepotencia-y-violacion-de-ddhh-en-detencion-de-expresidente-de-honduras\/","name":"Sonora en Equipo. AMLO acusa prepotencia y violaci\u00f3n de DDHH en detenci\u00f3n de expresidente de Honduras Rep\u00fablica","isPartOf":{"@id":"https:\/\/www.sonoraenequipo.com.mx\/#website"},"primaryImageOfPage":{"@id":"https:\/\/www.sonoraenequipo.com.mx\/amlo-acusa-prepotencia-y-violacion-de-ddhh-en-detencion-de-expresidente-de-honduras\/#primaryimage"},"image":{"@id":"https:\/\/www.sonoraenequipo.com.mx\/amlo-acusa-prepotencia-y-violacion-de-ddhh-en-detencion-de-expresidente-de-honduras\/#primaryimage"},"thumbnailUrl":"https:\/\/www.sonoraenequipo.com.mx\/storage\/2022\/02\/Lopez-Obrador-1702_opt.jpg","datePublished":"2022-02-17T17:12:53+00:00","dateModified":"2022-02-18T01:25:45+00:00","description":"CIUDAD DE M\u00c9XICO. MX. \u2014 El presidente, Andr\u00e9s Manuel L\u00f3pez Obrador (AMLO), acus\u00f3 que hubo prepotencia y \u201cviolaci\u00f3n de derechos humanos\u201d durante la En Sonora en Equipo publicamos toda la informaci\u00f3n de Sonora, M\u00e9xico y el Mundo de manera oportuna y busca que la libertad de expresi\u00f3n sea real. Visita nuestro medio informativo publicado desde Hermosillo, Sonora. %","breadcrumb":{"@id":"https:\/\/www.sonoraenequipo.com.mx\/amlo-acusa-prepotencia-y-violacion-de-ddhh-en-detencion-de-expresidente-de-honduras\/#breadcrumb"},"inLanguage":"es","potentialAction":[{"@type":"ReadAction","target":["https:\/\/www.sonoraenequipo.com.mx\/amlo-acusa-prepotencia-y-violacion-de-ddhh-en-detencion-de-expresidente-de-honduras\/"]}]},{"@type":"ImageObject","inLanguage":"es","@id":"https:\/\/www.sonoraenequipo.com.mx\/amlo-acusa-prepotencia-y-violacion-de-ddhh-en-detencion-de-expresidente-de-honduras\/#primaryimage","url":"https:\/\/www.sonoraenequipo.com.mx\/storage\/2022\/02\/Lopez-Obrador-1702_opt.jpg","contentUrl":"https:\/\/www.sonoraenequipo.com.mx\/storage\/2022\/02\/Lopez-Obrador-1702_opt.jpg","width":700,"height":400},{"@type":"BreadcrumbList","@id":"https:\/\/www.sonoraenequipo.com.mx\/amlo-acusa-prepotencia-y-violacion-de-ddhh-en-detencion-de-expresidente-de-honduras\/#breadcrumb","itemListElement":[{"@type":"ListItem","position":1,"name":"Portada","item":"https:\/\/www.sonoraenequipo.com.mx\/"},{"@type":"ListItem","position":2,"name":"AMLO acusa prepotencia y violaci\u00f3n de DDHH en detenci\u00f3n de expresidente de Honduras"}]},{"@type":"WebSite","@id":"https:\/\/www.sonoraenequipo.com.mx\/#website","url":"https:\/\/www.sonoraenequipo.com.mx\/","name":"Sonora en Equipo.","description":"Diario en l\u00ednea con Noticias desde Hermosillo, Sonora","publisher":{"@id":"https:\/\/www.sonoraenequipo.com.mx\/#organization"},"potentialAction":[{"@type":"SearchAction","target":{"@type":"EntryPoint","urlTemplate":"https:\/\/www.sonoraenequipo.com.mx\/?s={search_term_string}"},"query-input":{"@type":"PropertyValueSpecification","valueRequired":true,"valueName":"search_term_string"}}],"inLanguage":"es"},{"@type":"Organization","@id":"https:\/\/www.sonoraenequipo.com.mx\/#organization","name":"Sonoraenequipo.com.mx","url":"https:\/\/www.sonoraenequipo.com.mx\/","logo":{"@type":"ImageObject","inLanguage":"es","@id":"https:\/\/www.sonoraenequipo.com.mx\/#\/schema\/logo\/image\/","url":"https:\/\/www.sonoraenequipo.com.mx\/storage\/2019\/01\/sonoraenequipo_opt.png","contentUrl":"https:\/\/www.sonoraenequipo.com.mx\/storage\/2019\/01\/sonoraenequipo_opt.png","width":375,"height":125,"caption":"Sonoraenequipo.com.mx"},"image":{"@id":"https:\/\/www.sonoraenequipo.com.mx\/#\/schema\/logo\/image\/"},"sameAs":["https:\/\/www.facebook.com\/SonoraEE\/","https:\/\/x.com\/sonoraenequipo","https:\/\/www.youtube.com\/channel\/UC338nW-lPEYmJQs4ZABQ1SQ"]},{"@type":"Person","@id":"https:\/\/www.sonoraenequipo.com.mx\/#\/schema\/person\/50102df0fb23a8fa9e8effad8fa81386","name":"enequipo","image":{"@type":"ImageObject","inLanguage":"es","@id":"https:\/\/www.sonoraenequipo.com.mx\/#\/schema\/person\/image\/","url":"https:\/\/secure.gravatar.com\/avatar\/049821681b589dabc0bc20695993ccebb09f5b5d4d790cd9251b97faac7c652b?s=96&d=blank&r=g","contentUrl":"https:\/\/secure.gravatar.com\/avatar\/049821681b589dabc0bc20695993ccebb09f5b5d4d790cd9251b97faac7c652b?s=96&d=blank&r=g","caption":"enequipo"},"sameAs":["https:\/\/www.facebook.com\/SonoraEE"]}]}},"jetpack_featured_media_url":"https:\/\/www.sonoraenequipo.com.mx\/storage\/2022\/02\/Lopez-Obrador-1702_opt.jpg","_links":{"self":[{"href":"https:\/\/www.sonoraenequipo.com.mx\/api\/wp\/v2\/posts\/133356","targetHints":{"allow":["GET"]}}],"collection":[{"href":"https:\/\/www.sonoraenequipo.com.mx\/api\/wp\/v2\/posts"}],"about":[{"href":"https:\/\/www.sonoraenequipo.com.mx\/api\/wp\/v2\/types\/post"}],"author":[{"embeddable":true,"href":"https:\/\/www.sonoraenequipo.com.mx\/api\/wp\/v2\/users\/1"}],"replies":[{"embeddable":true,"href":"https:\/\/www.sonoraenequipo.com.mx\/api\/wp\/v2\/comments?post=133356"}],"version-history":[{"count":1,"href":"https:\/\/www.sonoraenequipo.com.mx\/api\/wp\/v2\/posts\/133356\/revisions"}],"predecessor-version":[{"id":133358,"href":"https:\/\/www.sonoraenequipo.com.mx\/api\/wp\/v2\/posts\/133356\/revisions\/133358"}],"wp:featuredmedia":[{"embeddable":true,"href":"https:\/\/www.sonoraenequipo.com.mx\/api\/wp\/v2\/media\/133354"}],"wp:attachment":[{"href":"https:\/\/www.sonoraenequipo.com.mx\/api\/wp\/v2\/media?parent=133356"}],"wp:term":[{"taxonomy":"category","embeddable":true,"href":"https:\/\/www.sonoraenequipo.com.mx\/api\/wp\/v2\/categories?post=133356"},{"taxonomy":"post_tag","embeddable":true,"href":"https:\/\/www.sonoraenequipo.com.mx\/api\/wp\/v2\/tags?post=133356"}],"curies":[{"name":"wp","href":"https:\/\/api.w.org\/{rel}","templated":true}]}}