{"id":133359,"date":"2022-02-17T11:26:09","date_gmt":"2022-02-17T18:26:09","guid":{"rendered":"https:\/\/www.sonoraenequipo.com.mx\/?p=133359"},"modified":"2022-02-17T18:37:03","modified_gmt":"2022-02-18T01:37:03","slug":"garcia-luna-promueve-amparo-contra-orden-de-aprehension-en-su-contra","status":"publish","type":"post","link":"https:\/\/www.sonoraenequipo.com.mx\/garcia-luna-promueve-amparo-contra-orden-de-aprehension-en-su-contra\/","title":{"rendered":"Garc\u00eda Luna promueve amparo contra orden de aprehensi\u00f3n en su contra"},"content":{"rendered":"<p>CIUDAD DE M\u00c9XICO. MX. \u2014 Genaro Garc\u00eda Luna, ex secretario de Seguridad P\u00fablica en el sexenio de Felipe Calder\u00f3n, promovi\u00f3 un amparo ante una orden de aprehensi\u00f3n en su contra.<\/p>\n<p>&nbsp;<\/p>\n<p> <\/p>\n<p>&nbsp;<\/p>\n<p>En su demanda no precisa qu\u00e9 orden reclama, ya que cuenta con diversos mandamientos judiciales por presuntos delitos de enriquecimiento il\u00edcito, y por su probable responsabilidad en el delito de omisi\u00f3n, por permitir el ingreso de armas a territorio mexicano, derivado del operativo R\u00e1pido y Furioso; \u00e9sta \u00faltima girada el 9 de enero.<\/p>\n<p>&nbsp;<\/p>\n<p>&nbsp;<\/p>\n<p>La demanda de garant\u00edas fue presentada el 27 de enero, pero Luz Mar\u00eda Ortega Tlapa, jueza Octavo de Distrito de Amparo en Materia Penal, a\u00fan no admite a tr\u00e1mite la petici\u00f3n.<\/p>\n<p>&nbsp;<\/p>\n<p>La juzgadora otorg\u00f3 un plazo de cinco d\u00edas para que Garc\u00eda Luna precise cu\u00e1l es el acto que reclama, las autoridades a que atribuye la orden y la fecha de conocimiento y antecedentes de dicho acto.<\/p>\n<p>&nbsp;<\/p>\n<p>La defensa del ex funcionario ha presentado escritos en dos ocasiones para cumplir con lo ordenado por Ortega Tlapa, pero la jueza determin\u00f3 que no se ha atendido la totalidad de los puntos que pidi\u00f3 desahogar.<\/p>\n<p>&nbsp;<\/p>\n<p>En enero, el juzgado Noveno de Distrito en Sonora otorg\u00f3 a la Fiscal\u00eda General de la Rep\u00fablica (FGR) siete \u00f3rdenes de aprehensi\u00f3n contra involucrados en el operativo R\u00e1pido y Furioso.<\/p>\n<p>&nbsp;<\/p>\n<p>Entre las \u00f3rdenes libradas destacan los nombres de Genaro Garc\u00eda Luna, el ex jefe de Inteligencia de la Polic\u00eda Federal, Luis C\u00e1rdenas Palomino, el ex l\u00edder del c\u00e1rtel de Sinaloa, Joaqu\u00edn El Chapo Guzm\u00e1n, y el ex comisionado de la Polic\u00eda Federal, Facundo Rosas Rosas.<\/p>\n<p>&nbsp;<\/p>\n<p>El delito que se le imputa es porque supuestamente se coludieron autoridades mexicanas y norteamericanas para introducir ilegalmente un gran n\u00famero de armas de alto poder, para ser entregadas a El Chapo Guzm\u00e1n, las cuales fueron utilizadas y han seguido siendo usadas para diversos cr\u00edmenes vinculados con el narcotr\u00e1fico.<\/p>\n<p>&nbsp;<\/p>\n<p>De acuerdo con la indagatoria SEIDO\/UEITA-SON\/0000306\/2020, la Oficina de Alcohol, Tabaco, Armas de Fuego y Explosivos (ATF por sus siglas en ingl\u00e9s), de Estados Unidos, orden\u00f3 el ingreso ilegal a M\u00e9xico de m\u00e1s de 2 mil 500 armas de fuego para detectar a los compradores, armamento que se perdi\u00f3 y cay\u00f3 en manos de c\u00e1rteles del narcotr\u00e1fico y que fue utilizado en cr\u00edmenes de alto impacto, desde 2009.<\/p>\n<p>&nbsp;<\/p>\n<p>Entre enero y febrero de 2021, la FGR cit\u00f3 a comparecer en calidad de testigos a 14 ex funcionarios federales, entre ellos, al ex presidente Felipe Calder\u00f3n.<\/p>\n<p>\u200b<\/p>\n<p>(Publicada el 17\/02\/2022 \/ )<\/p>\n","protected":false},"excerpt":{"rendered":"<p>CIUDAD DE M\u00c9XICO. MX. \u2014 Genaro Garc\u00eda Luna, ex secretario de Seguridad P\u00fablica en el&#8230;<\/p>\n","protected":false},"author":1,"featured_media":133362,"comment_status":"open","ping_status":"open","sticky":false,"template":"","format":"standard","meta":{"_monsterinsights_skip_tracking":false,"_monsterinsights_sitenote_active":false,"_monsterinsights_sitenote_note":"","_monsterinsights_sitenote_category":0,"footnotes":""},"categories":[5],"tags":[],"class_list":["post"],"yoast_head":" \n<title>Sonora en Equipo. Garc\u00eda Luna promueve amparo contra orden de aprehensi\u00f3n en su contra Rep\u00fablica<\/title>\n<meta name=\"description\" content=\"CIUDAD DE M\u00c9XICO. MX. \u2014 Genaro Garc\u00eda Luna, ex secretario de Seguridad P\u00fablica en el sexenio de Felipe Calder\u00f3n, promovi\u00f3 un amparo ante una orden de En Sonora en Equipo publicamos toda la informaci\u00f3n de Sonora, M\u00e9xico y el Mundo de manera oportuna y busca que la libertad de expresi\u00f3n sea real. Visita nuestro medio informativo publicado desde Hermosillo, Sonora. %\" \/>\n<meta name=\"robots\" content=\"index, follow, max-snippet:-1, max-image-preview:large, max-video-preview:-1\" \/>\n<link rel=\"canonical\" href=\"https:\/\/www.sonoraenequipo.com.mx\/garcia-luna-promueve-amparo-contra-orden-de-aprehension-en-su-contra\/\" \/>\n<meta property=\"og:locale\" content=\"es_ES\" \/>\n<meta property=\"og:type\" content=\"article\" \/>\n<meta property=\"og:title\" content=\"Sonora en Equipo. Garc\u00eda Luna promueve amparo contra orden de aprehensi\u00f3n en su contra Rep\u00fablica\" \/>\n<meta property=\"og:description\" content=\"CIUDAD DE M\u00c9XICO. MX. \u2014 Genaro Garc\u00eda Luna, ex secretario de Seguridad P\u00fablica en el sexenio de Felipe Calder\u00f3n, promovi\u00f3 un amparo ante una orden de En Sonora en Equipo publicamos toda la informaci\u00f3n de Sonora, M\u00e9xico y el Mundo de manera oportuna y busca que la libertad de expresi\u00f3n sea real. Visita nuestro medio informativo publicado desde Hermosillo, Sonora. %\" \/>\n<meta property=\"og:url\" content=\"https:\/\/www.sonoraenequipo.com.mx\/garcia-luna-promueve-amparo-contra-orden-de-aprehension-en-su-contra\/\" \/>\n<meta property=\"og:site_name\" content=\"Sonora en Equipo.\" \/>\n<meta property=\"article:publisher\" content=\"https:\/\/www.facebook.com\/SonoraEE\/\" \/>\n<meta property=\"article:author\" content=\"https:\/\/www.facebook.com\/SonoraEE\" \/>\n<meta property=\"article:published_time\" content=\"2022-02-17T18:26:09+00:00\" \/>\n<meta property=\"article:modified_time\" content=\"2022-02-18T01:37:03+00:00\" \/>\n<meta property=\"og:image\" content=\"https:\/\/www.sonoraenequipo.com.mx\/storage\/2022\/02\/Garcia-Luna-amparos-_opt.jpg\" \/>\n\t<meta property=\"og:image:width\" content=\"700\" \/>\n\t<meta property=\"og:image:height\" content=\"400\" \/>\n\t<meta property=\"og:image:type\" content=\"image\/jpeg\" \/>\n<meta name=\"author\" content=\"enequipo\" \/>\n<meta name=\"twitter:card\" content=\"summary_large_image\" \/>\n<meta name=\"twitter:creator\" content=\"@sonoraenequipo\" \/>\n<meta name=\"twitter:site\" content=\"@sonoraenequipo\" \/>\n<meta name=\"twitter:label1\" content=\"Escrito por\" \/>\n\t<meta name=\"twitter:data1\" content=\"enequipo\" \/>\n\t<meta name=\"twitter:label2\" content=\"Tiempo de lectura\" \/>\n\t<meta name=\"twitter:data2\" content=\"2 minutos\" \/>\n<script type=\"application\/ld+json\" class=\"yoast-schema-graph\">{\"@context\":\"https:\/\/schema.org\",\"@graph\":[{\"@type\":\"Article\",\"@id\":\"https:\/\/www.sonoraenequipo.com.mx\/garcia-luna-promueve-amparo-contra-orden-de-aprehension-en-su-contra\/#article\",\"isPartOf\":{\"@id\":\"https:\/\/www.sonoraenequipo.com.mx\/garcia-luna-promueve-amparo-contra-orden-de-aprehension-en-su-contra\/\"},\"author\":{\"name\":\"enequipo\",\"@id\":\"https:\/\/www.sonoraenequipo.com.mx\/#\/schema\/person\/50102df0fb23a8fa9e8effad8fa81386\"},\"headline\":\"Garc\u00eda Luna promueve amparo contra orden de aprehensi\u00f3n en su contra\",\"datePublished\":\"2022-02-17T18:26:09+00:00\",\"dateModified\":\"2022-02-18T01:37:03+00:00\",\"mainEntityOfPage\":{\"@id\":\"https:\/\/www.sonoraenequipo.com.mx\/garcia-luna-promueve-amparo-contra-orden-de-aprehension-en-su-contra\/\"},\"wordCount\":463,\"commentCount\":0,\"publisher\":{\"@id\":\"https:\/\/www.sonoraenequipo.com.mx\/#organization\"},\"image\":{\"@id\":\"https:\/\/www.sonoraenequipo.com.mx\/garcia-luna-promueve-amparo-contra-orden-de-aprehension-en-su-contra\/#primaryimage\"},\"thumbnailUrl\":\"https:\/\/www.sonoraenequipo.com.mx\/storage\/2022\/02\/Garcia-Luna-amparos-_opt.jpg\",\"articleSection\":[\"Rep\u00fablica\"],\"inLanguage\":\"es\",\"potentialAction\":[{\"@type\":\"CommentAction\",\"name\":\"Comment\",\"target\":[\"https:\/\/www.sonoraenequipo.com.mx\/garcia-luna-promueve-amparo-contra-orden-de-aprehension-en-su-contra\/#respond\"]}]},{\"@type\":\"WebPage\",\"@id\":\"https:\/\/www.sonoraenequipo.com.mx\/garcia-luna-promueve-amparo-contra-orden-de-aprehension-en-su-contra\/\",\"url\":\"https:\/\/www.sonoraenequipo.com.mx\/garcia-luna-promueve-amparo-contra-orden-de-aprehension-en-su-contra\/\",\"name\":\"Sonora en Equipo. Garc\u00eda Luna promueve amparo contra orden de aprehensi\u00f3n en su contra Rep\u00fablica\",\"isPartOf\":{\"@id\":\"https:\/\/www.sonoraenequipo.com.mx\/#website\"},\"primaryImageOfPage\":{\"@id\":\"https:\/\/www.sonoraenequipo.com.mx\/garcia-luna-promueve-amparo-contra-orden-de-aprehension-en-su-contra\/#primaryimage\"},\"image\":{\"@id\":\"https:\/\/www.sonoraenequipo.com.mx\/garcia-luna-promueve-amparo-contra-orden-de-aprehension-en-su-contra\/#primaryimage\"},\"thumbnailUrl\":\"https:\/\/www.sonoraenequipo.com.mx\/storage\/2022\/02\/Garcia-Luna-amparos-_opt.jpg\",\"datePublished\":\"2022-02-17T18:26:09+00:00\",\"dateModified\":\"2022-02-18T01:37:03+00:00\",\"description\":\"CIUDAD DE M\u00c9XICO. MX. \u2014 Genaro Garc\u00eda Luna, ex secretario de Seguridad P\u00fablica en el sexenio de Felipe Calder\u00f3n, promovi\u00f3 un amparo ante una orden de En Sonora en Equipo publicamos toda la informaci\u00f3n de Sonora, M\u00e9xico y el Mundo de manera oportuna y busca que la libertad de expresi\u00f3n sea real. Visita nuestro medio informativo publicado desde Hermosillo, Sonora. %\",\"breadcrumb\":{\"@id\":\"https:\/\/www.sonoraenequipo.com.mx\/garcia-luna-promueve-amparo-contra-orden-de-aprehension-en-su-contra\/#breadcrumb\"},\"inLanguage\":\"es\",\"potentialAction\":[{\"@type\":\"ReadAction\",\"target\":[\"https:\/\/www.sonoraenequipo.com.mx\/garcia-luna-promueve-amparo-contra-orden-de-aprehension-en-su-contra\/\"]}]},{\"@type\":\"ImageObject\",\"inLanguage\":\"es\",\"@id\":\"https:\/\/www.sonoraenequipo.com.mx\/garcia-luna-promueve-amparo-contra-orden-de-aprehension-en-su-contra\/#primaryimage\",\"url\":\"https:\/\/www.sonoraenequipo.com.mx\/storage\/2022\/02\/Garcia-Luna-amparos-_opt.jpg\",\"contentUrl\":\"https:\/\/www.sonoraenequipo.com.mx\/storage\/2022\/02\/Garcia-Luna-amparos-_opt.jpg\",\"width\":700,\"height\":400},{\"@type\":\"BreadcrumbList\",\"@id\":\"https:\/\/www.sonoraenequipo.com.mx\/garcia-luna-promueve-amparo-contra-orden-de-aprehension-en-su-contra\/#breadcrumb\",\"itemListElement\":[{\"@type\":\"ListItem\",\"position\":1,\"name\":\"Portada\",\"item\":\"https:\/\/www.sonoraenequipo.com.mx\/\"},{\"@type\":\"ListItem\",\"position\":2,\"name\":\"Garc\u00eda Luna promueve amparo contra orden de aprehensi\u00f3n en su contra\"}]},{\"@type\":\"WebSite\",\"@id\":\"https:\/\/www.sonoraenequipo.com.mx\/#website\",\"url\":\"https:\/\/www.sonoraenequipo.com.mx\/\",\"name\":\"Sonora en Equipo.\",\"description\":\"Diario en l\u00ednea con Noticias desde Hermosillo, Sonora\",\"publisher\":{\"@id\":\"https:\/\/www.sonoraenequipo.com.mx\/#organization\"},\"potentialAction\":[{\"@type\":\"SearchAction\",\"target\":{\"@type\":\"EntryPoint\",\"urlTemplate\":\"https:\/\/www.sonoraenequipo.com.mx\/?s={search_term_string}\"},\"query-input\":{\"@type\":\"PropertyValueSpecification\",\"valueRequired\":true,\"valueName\":\"search_term_string\"}}],\"inLanguage\":\"es\"},{\"@type\":\"Organization\",\"@id\":\"https:\/\/www.sonoraenequipo.com.mx\/#organization\",\"name\":\"Sonoraenequipo.com.mx\",\"url\":\"https:\/\/www.sonoraenequipo.com.mx\/\",\"logo\":{\"@type\":\"ImageObject\",\"inLanguage\":\"es\",\"@id\":\"https:\/\/www.sonoraenequipo.com.mx\/#\/schema\/logo\/image\/\",\"url\":\"https:\/\/www.sonoraenequipo.com.mx\/storage\/2019\/01\/sonoraenequipo_opt.png\",\"contentUrl\":\"https:\/\/www.sonoraenequipo.com.mx\/storage\/2019\/01\/sonoraenequipo_opt.png\",\"width\":375,\"height\":125,\"caption\":\"Sonoraenequipo.com.mx\"},\"image\":{\"@id\":\"https:\/\/www.sonoraenequipo.com.mx\/#\/schema\/logo\/image\/\"},\"sameAs\":[\"https:\/\/www.facebook.com\/SonoraEE\/\",\"https:\/\/x.com\/sonoraenequipo\",\"https:\/\/www.youtube.com\/channel\/UC338nW-lPEYmJQs4ZABQ1SQ\"]},{\"@type\":\"Person\",\"@id\":\"https:\/\/www.sonoraenequipo.com.mx\/#\/schema\/person\/50102df0fb23a8fa9e8effad8fa81386\",\"name\":\"enequipo\",\"image\":{\"@type\":\"ImageObject\",\"inLanguage\":\"es\",\"@id\":\"https:\/\/www.sonoraenequipo.com.mx\/#\/schema\/person\/image\/\",\"url\":\"https:\/\/secure.gravatar.com\/avatar\/049821681b589dabc0bc20695993ccebb09f5b5d4d790cd9251b97faac7c652b?s=96&d=blank&r=g\",\"contentUrl\":\"https:\/\/secure.gravatar.com\/avatar\/049821681b589dabc0bc20695993ccebb09f5b5d4d790cd9251b97faac7c652b?s=96&d=blank&r=g\",\"caption\":\"enequipo\"},\"sameAs\":[\"https:\/\/www.facebook.com\/SonoraEE\"]}]}<\/script>\n ","yoast_head_json":{"title":"Sonora en Equipo. Garc\u00eda Luna promueve amparo contra orden de aprehensi\u00f3n en su contra Rep\u00fablica","description":"CIUDAD DE M\u00c9XICO. MX. \u2014 Genaro Garc\u00eda Luna, ex secretario de Seguridad P\u00fablica en el sexenio de Felipe Calder\u00f3n, promovi\u00f3 un amparo ante una orden de En Sonora en Equipo publicamos toda la informaci\u00f3n de Sonora, M\u00e9xico y el Mundo de manera oportuna y busca que la libertad de expresi\u00f3n sea real. Visita nuestro medio informativo publicado desde Hermosillo, Sonora. %","robots":{"index":"index","follow":"follow","max-snippet":"max-snippet:-1","max-image-preview":"max-image-preview:large","max-video-preview":"max-video-preview:-1"},"canonical":"https:\/\/www.sonoraenequipo.com.mx\/garcia-luna-promueve-amparo-contra-orden-de-aprehension-en-su-contra\/","og_locale":"es_ES","og_type":"article","og_title":"Sonora en Equipo. Garc\u00eda Luna promueve amparo contra orden de aprehensi\u00f3n en su contra Rep\u00fablica","og_description":"CIUDAD DE M\u00c9XICO. MX. \u2014 Genaro Garc\u00eda Luna, ex secretario de Seguridad P\u00fablica en el sexenio de Felipe Calder\u00f3n, promovi\u00f3 un amparo ante una orden de En Sonora en Equipo publicamos toda la informaci\u00f3n de Sonora, M\u00e9xico y el Mundo de manera oportuna y busca que la libertad de expresi\u00f3n sea real. Visita nuestro medio informativo publicado desde Hermosillo, Sonora. %","og_url":"https:\/\/www.sonoraenequipo.com.mx\/garcia-luna-promueve-amparo-contra-orden-de-aprehension-en-su-contra\/","og_site_name":"Sonora en Equipo.","article_publisher":"https:\/\/www.facebook.com\/SonoraEE\/","article_author":"https:\/\/www.facebook.com\/SonoraEE","article_published_time":"2022-02-17T18:26:09+00:00","article_modified_time":"2022-02-18T01:37:03+00:00","og_image":[{"width":700,"height":400,"url":"https:\/\/www.sonoraenequipo.com.mx\/storage\/2022\/02\/Garcia-Luna-amparos-_opt.jpg","type":"image\/jpeg"}],"author":"enequipo","twitter_card":"summary_large_image","twitter_creator":"@sonoraenequipo","twitter_site":"@sonoraenequipo","twitter_misc":{"Escrito por":"enequipo","Tiempo de lectura":"2 minutos"},"schema":{"@context":"https:\/\/schema.org","@graph":[{"@type":"Article","@id":"https:\/\/www.sonoraenequipo.com.mx\/garcia-luna-promueve-amparo-contra-orden-de-aprehension-en-su-contra\/#article","isPartOf":{"@id":"https:\/\/www.sonoraenequipo.com.mx\/garcia-luna-promueve-amparo-contra-orden-de-aprehension-en-su-contra\/"},"author":{"name":"enequipo","@id":"https:\/\/www.sonoraenequipo.com.mx\/#\/schema\/person\/50102df0fb23a8fa9e8effad8fa81386"},"headline":"Garc\u00eda Luna promueve amparo contra orden de aprehensi\u00f3n en su contra","datePublished":"2022-02-17T18:26:09+00:00","dateModified":"2022-02-18T01:37:03+00:00","mainEntityOfPage":{"@id":"https:\/\/www.sonoraenequipo.com.mx\/garcia-luna-promueve-amparo-contra-orden-de-aprehension-en-su-contra\/"},"wordCount":463,"commentCount":0,"publisher":{"@id":"https:\/\/www.sonoraenequipo.com.mx\/#organization"},"image":{"@id":"https:\/\/www.sonoraenequipo.com.mx\/garcia-luna-promueve-amparo-contra-orden-de-aprehension-en-su-contra\/#primaryimage"},"thumbnailUrl":"https:\/\/www.sonoraenequipo.com.mx\/storage\/2022\/02\/Garcia-Luna-amparos-_opt.jpg","articleSection":["Rep\u00fablica"],"inLanguage":"es","potentialAction":[{"@type":"CommentAction","name":"Comment","target":["https:\/\/www.sonoraenequipo.com.mx\/garcia-luna-promueve-amparo-contra-orden-de-aprehension-en-su-contra\/#respond"]}]},{"@type":"WebPage","@id":"https:\/\/www.sonoraenequipo.com.mx\/garcia-luna-promueve-amparo-contra-orden-de-aprehension-en-su-contra\/","url":"https:\/\/www.sonoraenequipo.com.mx\/garcia-luna-promueve-amparo-contra-orden-de-aprehension-en-su-contra\/","name":"Sonora en Equipo. Garc\u00eda Luna promueve amparo contra orden de aprehensi\u00f3n en su contra Rep\u00fablica","isPartOf":{"@id":"https:\/\/www.sonoraenequipo.com.mx\/#website"},"primaryImageOfPage":{"@id":"https:\/\/www.sonoraenequipo.com.mx\/garcia-luna-promueve-amparo-contra-orden-de-aprehension-en-su-contra\/#primaryimage"},"image":{"@id":"https:\/\/www.sonoraenequipo.com.mx\/garcia-luna-promueve-amparo-contra-orden-de-aprehension-en-su-contra\/#primaryimage"},"thumbnailUrl":"https:\/\/www.sonoraenequipo.com.mx\/storage\/2022\/02\/Garcia-Luna-amparos-_opt.jpg","datePublished":"2022-02-17T18:26:09+00:00","dateModified":"2022-02-18T01:37:03+00:00","description":"CIUDAD DE M\u00c9XICO. MX. \u2014 Genaro Garc\u00eda Luna, ex secretario de Seguridad P\u00fablica en el sexenio de Felipe Calder\u00f3n, promovi\u00f3 un amparo ante una orden de En Sonora en Equipo publicamos toda la informaci\u00f3n de Sonora, M\u00e9xico y el Mundo de manera oportuna y busca que la libertad de expresi\u00f3n sea real. Visita nuestro medio informativo publicado desde Hermosillo, Sonora. %","breadcrumb":{"@id":"https:\/\/www.sonoraenequipo.com.mx\/garcia-luna-promueve-amparo-contra-orden-de-aprehension-en-su-contra\/#breadcrumb"},"inLanguage":"es","potentialAction":[{"@type":"ReadAction","target":["https:\/\/www.sonoraenequipo.com.mx\/garcia-luna-promueve-amparo-contra-orden-de-aprehension-en-su-contra\/"]}]},{"@type":"ImageObject","inLanguage":"es","@id":"https:\/\/www.sonoraenequipo.com.mx\/garcia-luna-promueve-amparo-contra-orden-de-aprehension-en-su-contra\/#primaryimage","url":"https:\/\/www.sonoraenequipo.com.mx\/storage\/2022\/02\/Garcia-Luna-amparos-_opt.jpg","contentUrl":"https:\/\/www.sonoraenequipo.com.mx\/storage\/2022\/02\/Garcia-Luna-amparos-_opt.jpg","width":700,"height":400},{"@type":"BreadcrumbList","@id":"https:\/\/www.sonoraenequipo.com.mx\/garcia-luna-promueve-amparo-contra-orden-de-aprehension-en-su-contra\/#breadcrumb","itemListElement":[{"@type":"ListItem","position":1,"name":"Portada","item":"https:\/\/www.sonoraenequipo.com.mx\/"},{"@type":"ListItem","position":2,"name":"Garc\u00eda Luna promueve amparo contra orden de aprehensi\u00f3n en su contra"}]},{"@type":"WebSite","@id":"https:\/\/www.sonoraenequipo.com.mx\/#website","url":"https:\/\/www.sonoraenequipo.com.mx\/","name":"Sonora en Equipo.","description":"Diario en l\u00ednea con Noticias desde Hermosillo, Sonora","publisher":{"@id":"https:\/\/www.sonoraenequipo.com.mx\/#organization"},"potentialAction":[{"@type":"SearchAction","target":{"@type":"EntryPoint","urlTemplate":"https:\/\/www.sonoraenequipo.com.mx\/?s={search_term_string}"},"query-input":{"@type":"PropertyValueSpecification","valueRequired":true,"valueName":"search_term_string"}}],"inLanguage":"es"},{"@type":"Organization","@id":"https:\/\/www.sonoraenequipo.com.mx\/#organization","name":"Sonoraenequipo.com.mx","url":"https:\/\/www.sonoraenequipo.com.mx\/","logo":{"@type":"ImageObject","inLanguage":"es","@id":"https:\/\/www.sonoraenequipo.com.mx\/#\/schema\/logo\/image\/","url":"https:\/\/www.sonoraenequipo.com.mx\/storage\/2019\/01\/sonoraenequipo_opt.png","contentUrl":"https:\/\/www.sonoraenequipo.com.mx\/storage\/2019\/01\/sonoraenequipo_opt.png","width":375,"height":125,"caption":"Sonoraenequipo.com.mx"},"image":{"@id":"https:\/\/www.sonoraenequipo.com.mx\/#\/schema\/logo\/image\/"},"sameAs":["https:\/\/www.facebook.com\/SonoraEE\/","https:\/\/x.com\/sonoraenequipo","https:\/\/www.youtube.com\/channel\/UC338nW-lPEYmJQs4ZABQ1SQ"]},{"@type":"Person","@id":"https:\/\/www.sonoraenequipo.com.mx\/#\/schema\/person\/50102df0fb23a8fa9e8effad8fa81386","name":"enequipo","image":{"@type":"ImageObject","inLanguage":"es","@id":"https:\/\/www.sonoraenequipo.com.mx\/#\/schema\/person\/image\/","url":"https:\/\/secure.gravatar.com\/avatar\/049821681b589dabc0bc20695993ccebb09f5b5d4d790cd9251b97faac7c652b?s=96&d=blank&r=g","contentUrl":"https:\/\/secure.gravatar.com\/avatar\/049821681b589dabc0bc20695993ccebb09f5b5d4d790cd9251b97faac7c652b?s=96&d=blank&r=g","caption":"enequipo"},"sameAs":["https:\/\/www.facebook.com\/SonoraEE"]}]}},"jetpack_featured_media_url":"https:\/\/www.sonoraenequipo.com.mx\/storage\/2022\/02\/Garcia-Luna-amparos-_opt.jpg","_links":{"self":[{"href":"https:\/\/www.sonoraenequipo.com.mx\/api\/wp\/v2\/posts\/133359","targetHints":{"allow":["GET"]}}],"collection":[{"href":"https:\/\/www.sonoraenequipo.com.mx\/api\/wp\/v2\/posts"}],"about":[{"href":"https:\/\/www.sonoraenequipo.com.mx\/api\/wp\/v2\/types\/post"}],"author":[{"embeddable":true,"href":"https:\/\/www.sonoraenequipo.com.mx\/api\/wp\/v2\/users\/1"}],"replies":[{"embeddable":true,"href":"https:\/\/www.sonoraenequipo.com.mx\/api\/wp\/v2\/comments?post=133359"}],"version-history":[{"count":1,"href":"https:\/\/www.sonoraenequipo.com.mx\/api\/wp\/v2\/posts\/133359\/revisions"}],"predecessor-version":[{"id":133363,"href":"https:\/\/www.sonoraenequipo.com.mx\/api\/wp\/v2\/posts\/133359\/revisions\/133363"}],"wp:featuredmedia":[{"embeddable":true,"href":"https:\/\/www.sonoraenequipo.com.mx\/api\/wp\/v2\/media\/133362"}],"wp:attachment":[{"href":"https:\/\/www.sonoraenequipo.com.mx\/api\/wp\/v2\/media?parent=133359"}],"wp:term":[{"taxonomy":"category","embeddable":true,"href":"https:\/\/www.sonoraenequipo.com.mx\/api\/wp\/v2\/categories?post=133359"},{"taxonomy":"post_tag","embeddable":true,"href":"https:\/\/www.sonoraenequipo.com.mx\/api\/wp\/v2\/tags?post=133359"}],"curies":[{"name":"wp","href":"https:\/\/api.w.org\/{rel}","templated":true}]}}