{"id":133374,"date":"2022-02-17T15:36:15","date_gmt":"2022-02-17T22:36:15","guid":{"rendered":"https:\/\/www.sonoraenequipo.com.mx\/?p=133374"},"modified":"2022-02-17T22:25:11","modified_gmt":"2022-02-18T05:25:11","slug":"eu-revela-como-fue-la-amenaza-a-su-agente-que-motivo-a-suspender-las-ventas-de-aguacate-mexicano-a-ese-pais","status":"publish","type":"post","link":"https:\/\/www.sonoraenequipo.com.mx\/eu-revela-como-fue-la-amenaza-a-su-agente-que-motivo-a-suspender-las-ventas-de-aguacate-mexicano-a-ese-pais\/","title":{"rendered":"EU revela c\u00f3mo fue la amenaza a su agente que motiv\u00f3 a suspender las ventas de aguacate mexicano a ese pa\u00eds"},"content":{"rendered":"<p>ESTADOS UNIDOS. \u2014 El gobierno de Estados Unidos pidi\u00f3 este jueves garant\u00edas de seguridad para sus agentes adscritos al Servicio de Inspecci\u00f3n de Sanidad Agropecuaria (APHIS) y que laboran en M\u00e9xico, luego de una amenaza a uno de sus agentes en Michoac\u00e1n y que deriv\u00f3 en la suspensi\u00f3n de exportaciones del fruto a EU previo al Super Bowl.<\/p>\n<p>&nbsp;<\/p>\n<p> <\/p>\n<p>&nbsp;<\/p>\n<p>La exportaci\u00f3n de aguacate mexicano hacia la Uni\u00f3n Americana se encuentra suspendida y se trabaja con la autoridad en M\u00e9xico para encontrar soluci\u00f3n a los problemas de inseguridad a que se enfrentan, difundi\u00f3 el Departamento de Agricultura estadounidense.<\/p>\n<p>&nbsp;<\/p>\n<p>El 11 de febrero pasado, el Oficial de Seguridad Regional (RSO) asignado a la embajada de Estados Unidos en M\u00e9xico, consider\u00f3 que una amenaza hecha a empleados que trabajan para el programa de aguacate del APHIS en Michoac\u00e1n, fue cre\u00edble, por lo que se decidi\u00f3 suspender las inspecciones requeridas para la exportaci\u00f3n del fruto michoacano.<\/p>\n<p>&nbsp;<\/p>\n<p><em><strong>\u201cDesde ese d\u00eda, el APHIS ha estado trabajando estrechamente con el RSO de la embajada, para buscar soluci\u00f3n a los continuos problemas de seguridad en M\u00e9xico.<\/strong> <strong>El APHIS y el RSO se han reunido con las cabezas de la Embajada, el Servicio Nacional de Sanidad, Inocuidad y Calidad Agroalimentaria (SENASICA) de M\u00e9xico, y la Asociaci\u00f3n de Productores y Empacadores Exportadores de Aguacate de M\u00e9xico (APEAM) para desarrollar protocolos que se aboquen a la situaci\u00f3n.<\/strong><\/em><\/p>\n<p>&nbsp;<\/p>\n<p><em><strong>Debemos recibir garant\u00edas de que las vidas de nuestros empleados no est\u00e1n en riesgo mientras trabajan para asegurar que los productos agr\u00edcolas de M\u00e9xico cumplen con los requisitos de certificaci\u00f3n y exportaci\u00f3n que protegen a los productores estadounidenses de plagas y enfermedades\u201d,<\/strong><\/em> destac\u00f3 el Departamento de Agricultura.<\/p>\n<p>&nbsp;<\/p>\n<p>Los incidentes de seguridad en M\u00e9xico, a\u00f1adi\u00f3, no se han limitado al programa de aguacate. En 2020, un empleado del USDA que llevaba a cabo actividades de detecci\u00f3n y erradicaci\u00f3n en apoyo a nuestros programas contra la mosca de la fruta y las plagas y enfermedades de los c\u00edtricos en el norte de M\u00e9xico, fue asesinado.<\/p>\n<p>&nbsp;<\/p>\n<p>En el caso de las inspecciones para el aguacate, detall\u00f3, un inspector del APHIS cuestion\u00f3 la integridad de un embarque en particular, y se rehus\u00f3 a certificarlo con base en cuestiones concretas.<\/p>\n<p>&nbsp;<\/p>\n<p>Posteriormente, el supervisor del inspector del USDA recibi\u00f3 una amenaza telef\u00f3nica contra \u00e9l y su familia.<\/p>\n<p>&nbsp;<\/p>\n<p><strong><em>\u201cEl USDA espera que esta situaci\u00f3n sea resuelta de manera que asegure que las exportaciones de aguacate puedan reanudarse, al tiempo que las vidas de las personas que trabajan para poner aguacates en las mesas estadounidenses no se encuentren en riesgo por simplemente cumplir con sus labores de protecci\u00f3n\u201d,<\/em> <\/strong>subray\u00f3.<\/p>\n<p>&nbsp;<\/p>\n<p>&nbsp;<\/p>\n<p>(Publicada el 17\/02\/2022 \/ADRIANA GARC\u00cdA\/UNIVERSAL )<\/p>\n","protected":false},"excerpt":{"rendered":"<p>ESTADOS UNIDOS. \u2014 El gobierno de Estados Unidos pidi\u00f3 este jueves garant\u00edas de seguridad para&#8230;<\/p>\n","protected":false},"author":1,"featured_media":133376,"comment_status":"open","ping_status":"open","sticky":false,"template":"","format":"standard","meta":{"_monsterinsights_skip_tracking":false,"_monsterinsights_sitenote_active":false,"_monsterinsights_sitenote_note":"","_monsterinsights_sitenote_category":0,"footnotes":""},"categories":[3],"tags":[],"class_list":["post"],"yoast_head":" \n<title>Sonora en Equipo. EU revela c\u00f3mo fue la amenaza a su agente que motiv\u00f3 a suspender las ventas de aguacate mexicano a ese pa\u00eds MUNDO<\/title>\n<meta name=\"description\" content=\"ESTADOS UNIDOS. \u2014 El gobierno de Estados Unidos pidi\u00f3 este jueves garant\u00edas de seguridad para sus agentes adscritos al Servicio de Inspecci\u00f3n de Sanidad En Sonora en Equipo publicamos toda la informaci\u00f3n de Sonora, M\u00e9xico y el Mundo de manera oportuna y busca que la libertad de expresi\u00f3n sea real. Visita nuestro medio informativo publicado desde Hermosillo, Sonora. %\" \/>\n<meta name=\"robots\" content=\"index, follow, max-snippet:-1, max-image-preview:large, max-video-preview:-1\" \/>\n<link rel=\"canonical\" href=\"https:\/\/www.sonoraenequipo.com.mx\/eu-revela-como-fue-la-amenaza-a-su-agente-que-motivo-a-suspender-las-ventas-de-aguacate-mexicano-a-ese-pais\/\" \/>\n<meta property=\"og:locale\" content=\"es_ES\" \/>\n<meta property=\"og:type\" content=\"article\" \/>\n<meta property=\"og:title\" content=\"Sonora en Equipo. EU revela c\u00f3mo fue la amenaza a su agente que motiv\u00f3 a suspender las ventas de aguacate mexicano a ese pa\u00eds MUNDO\" \/>\n<meta property=\"og:description\" content=\"ESTADOS UNIDOS. \u2014 El gobierno de Estados Unidos pidi\u00f3 este jueves garant\u00edas de seguridad para sus agentes adscritos al Servicio de Inspecci\u00f3n de Sanidad En Sonora en Equipo publicamos toda la informaci\u00f3n de Sonora, M\u00e9xico y el Mundo de manera oportuna y busca que la libertad de expresi\u00f3n sea real. Visita nuestro medio informativo publicado desde Hermosillo, Sonora. %\" \/>\n<meta property=\"og:url\" content=\"https:\/\/www.sonoraenequipo.com.mx\/eu-revela-como-fue-la-amenaza-a-su-agente-que-motivo-a-suspender-las-ventas-de-aguacate-mexicano-a-ese-pais\/\" \/>\n<meta property=\"og:site_name\" content=\"Sonora en Equipo.\" \/>\n<meta property=\"article:publisher\" content=\"https:\/\/www.facebook.com\/SonoraEE\/\" \/>\n<meta property=\"article:author\" content=\"https:\/\/www.facebook.com\/SonoraEE\" \/>\n<meta property=\"article:published_time\" content=\"2022-02-17T22:36:15+00:00\" \/>\n<meta property=\"article:modified_time\" content=\"2022-02-18T05:25:11+00:00\" \/>\n<meta property=\"og:image\" content=\"https:\/\/www.sonoraenequipo.com.mx\/storage\/2022\/02\/aguacate_mexico_opt.jpg\" \/>\n\t<meta property=\"og:image:width\" content=\"700\" \/>\n\t<meta property=\"og:image:height\" content=\"400\" \/>\n\t<meta property=\"og:image:type\" content=\"image\/jpeg\" \/>\n<meta name=\"author\" content=\"enequipo\" \/>\n<meta name=\"twitter:card\" content=\"summary_large_image\" \/>\n<meta name=\"twitter:creator\" content=\"@sonoraenequipo\" \/>\n<meta name=\"twitter:site\" content=\"@sonoraenequipo\" \/>\n<meta name=\"twitter:label1\" content=\"Escrito por\" \/>\n\t<meta name=\"twitter:data1\" content=\"enequipo\" \/>\n\t<meta name=\"twitter:label2\" content=\"Tiempo de lectura\" \/>\n\t<meta name=\"twitter:data2\" content=\"2 minutos\" \/>\n<script type=\"application\/ld+json\" class=\"yoast-schema-graph\">{\"@context\":\"https:\/\/schema.org\",\"@graph\":[{\"@type\":\"Article\",\"@id\":\"https:\/\/www.sonoraenequipo.com.mx\/eu-revela-como-fue-la-amenaza-a-su-agente-que-motivo-a-suspender-las-ventas-de-aguacate-mexicano-a-ese-pais\/#article\",\"isPartOf\":{\"@id\":\"https:\/\/www.sonoraenequipo.com.mx\/eu-revela-como-fue-la-amenaza-a-su-agente-que-motivo-a-suspender-las-ventas-de-aguacate-mexicano-a-ese-pais\/\"},\"author\":{\"name\":\"enequipo\",\"@id\":\"https:\/\/www.sonoraenequipo.com.mx\/#\/schema\/person\/50102df0fb23a8fa9e8effad8fa81386\"},\"headline\":\"EU revela c\u00f3mo fue la amenaza a su agente que motiv\u00f3 a suspender las ventas de aguacate mexicano a ese pa\u00eds\",\"datePublished\":\"2022-02-17T22:36:15+00:00\",\"dateModified\":\"2022-02-18T05:25:11+00:00\",\"mainEntityOfPage\":{\"@id\":\"https:\/\/www.sonoraenequipo.com.mx\/eu-revela-como-fue-la-amenaza-a-su-agente-que-motivo-a-suspender-las-ventas-de-aguacate-mexicano-a-ese-pais\/\"},\"wordCount\":498,\"commentCount\":0,\"publisher\":{\"@id\":\"https:\/\/www.sonoraenequipo.com.mx\/#organization\"},\"image\":{\"@id\":\"https:\/\/www.sonoraenequipo.com.mx\/eu-revela-como-fue-la-amenaza-a-su-agente-que-motivo-a-suspender-las-ventas-de-aguacate-mexicano-a-ese-pais\/#primaryimage\"},\"thumbnailUrl\":\"https:\/\/www.sonoraenequipo.com.mx\/storage\/2022\/02\/aguacate_mexico_opt.jpg\",\"articleSection\":[\"MUNDO\"],\"inLanguage\":\"es\",\"potentialAction\":[{\"@type\":\"CommentAction\",\"name\":\"Comment\",\"target\":[\"https:\/\/www.sonoraenequipo.com.mx\/eu-revela-como-fue-la-amenaza-a-su-agente-que-motivo-a-suspender-las-ventas-de-aguacate-mexicano-a-ese-pais\/#respond\"]}]},{\"@type\":\"WebPage\",\"@id\":\"https:\/\/www.sonoraenequipo.com.mx\/eu-revela-como-fue-la-amenaza-a-su-agente-que-motivo-a-suspender-las-ventas-de-aguacate-mexicano-a-ese-pais\/\",\"url\":\"https:\/\/www.sonoraenequipo.com.mx\/eu-revela-como-fue-la-amenaza-a-su-agente-que-motivo-a-suspender-las-ventas-de-aguacate-mexicano-a-ese-pais\/\",\"name\":\"Sonora en Equipo. EU revela c\u00f3mo fue la amenaza a su agente que motiv\u00f3 a suspender las ventas de aguacate mexicano a ese pa\u00eds MUNDO\",\"isPartOf\":{\"@id\":\"https:\/\/www.sonoraenequipo.com.mx\/#website\"},\"primaryImageOfPage\":{\"@id\":\"https:\/\/www.sonoraenequipo.com.mx\/eu-revela-como-fue-la-amenaza-a-su-agente-que-motivo-a-suspender-las-ventas-de-aguacate-mexicano-a-ese-pais\/#primaryimage\"},\"image\":{\"@id\":\"https:\/\/www.sonoraenequipo.com.mx\/eu-revela-como-fue-la-amenaza-a-su-agente-que-motivo-a-suspender-las-ventas-de-aguacate-mexicano-a-ese-pais\/#primaryimage\"},\"thumbnailUrl\":\"https:\/\/www.sonoraenequipo.com.mx\/storage\/2022\/02\/aguacate_mexico_opt.jpg\",\"datePublished\":\"2022-02-17T22:36:15+00:00\",\"dateModified\":\"2022-02-18T05:25:11+00:00\",\"description\":\"ESTADOS UNIDOS. \u2014 El gobierno de Estados Unidos pidi\u00f3 este jueves garant\u00edas de seguridad para sus agentes adscritos al Servicio de Inspecci\u00f3n de Sanidad En Sonora en Equipo publicamos toda la informaci\u00f3n de Sonora, M\u00e9xico y el Mundo de manera oportuna y busca que la libertad de expresi\u00f3n sea real. Visita nuestro medio informativo publicado desde Hermosillo, Sonora. %\",\"breadcrumb\":{\"@id\":\"https:\/\/www.sonoraenequipo.com.mx\/eu-revela-como-fue-la-amenaza-a-su-agente-que-motivo-a-suspender-las-ventas-de-aguacate-mexicano-a-ese-pais\/#breadcrumb\"},\"inLanguage\":\"es\",\"potentialAction\":[{\"@type\":\"ReadAction\",\"target\":[\"https:\/\/www.sonoraenequipo.com.mx\/eu-revela-como-fue-la-amenaza-a-su-agente-que-motivo-a-suspender-las-ventas-de-aguacate-mexicano-a-ese-pais\/\"]}]},{\"@type\":\"ImageObject\",\"inLanguage\":\"es\",\"@id\":\"https:\/\/www.sonoraenequipo.com.mx\/eu-revela-como-fue-la-amenaza-a-su-agente-que-motivo-a-suspender-las-ventas-de-aguacate-mexicano-a-ese-pais\/#primaryimage\",\"url\":\"https:\/\/www.sonoraenequipo.com.mx\/storage\/2022\/02\/aguacate_mexico_opt.jpg\",\"contentUrl\":\"https:\/\/www.sonoraenequipo.com.mx\/storage\/2022\/02\/aguacate_mexico_opt.jpg\",\"width\":700,\"height\":400},{\"@type\":\"BreadcrumbList\",\"@id\":\"https:\/\/www.sonoraenequipo.com.mx\/eu-revela-como-fue-la-amenaza-a-su-agente-que-motivo-a-suspender-las-ventas-de-aguacate-mexicano-a-ese-pais\/#breadcrumb\",\"itemListElement\":[{\"@type\":\"ListItem\",\"position\":1,\"name\":\"Portada\",\"item\":\"https:\/\/www.sonoraenequipo.com.mx\/\"},{\"@type\":\"ListItem\",\"position\":2,\"name\":\"EU revela c\u00f3mo fue la amenaza a su agente que motiv\u00f3 a suspender las ventas de aguacate mexicano a ese pa\u00eds\"}]},{\"@type\":\"WebSite\",\"@id\":\"https:\/\/www.sonoraenequipo.com.mx\/#website\",\"url\":\"https:\/\/www.sonoraenequipo.com.mx\/\",\"name\":\"Sonora en Equipo.\",\"description\":\"Diario en l\u00ednea con Noticias desde Hermosillo, Sonora\",\"publisher\":{\"@id\":\"https:\/\/www.sonoraenequipo.com.mx\/#organization\"},\"potentialAction\":[{\"@type\":\"SearchAction\",\"target\":{\"@type\":\"EntryPoint\",\"urlTemplate\":\"https:\/\/www.sonoraenequipo.com.mx\/?s={search_term_string}\"},\"query-input\":{\"@type\":\"PropertyValueSpecification\",\"valueRequired\":true,\"valueName\":\"search_term_string\"}}],\"inLanguage\":\"es\"},{\"@type\":\"Organization\",\"@id\":\"https:\/\/www.sonoraenequipo.com.mx\/#organization\",\"name\":\"Sonoraenequipo.com.mx\",\"url\":\"https:\/\/www.sonoraenequipo.com.mx\/\",\"logo\":{\"@type\":\"ImageObject\",\"inLanguage\":\"es\",\"@id\":\"https:\/\/www.sonoraenequipo.com.mx\/#\/schema\/logo\/image\/\",\"url\":\"https:\/\/www.sonoraenequipo.com.mx\/storage\/2019\/01\/sonoraenequipo_opt.png\",\"contentUrl\":\"https:\/\/www.sonoraenequipo.com.mx\/storage\/2019\/01\/sonoraenequipo_opt.png\",\"width\":375,\"height\":125,\"caption\":\"Sonoraenequipo.com.mx\"},\"image\":{\"@id\":\"https:\/\/www.sonoraenequipo.com.mx\/#\/schema\/logo\/image\/\"},\"sameAs\":[\"https:\/\/www.facebook.com\/SonoraEE\/\",\"https:\/\/x.com\/sonoraenequipo\",\"https:\/\/www.youtube.com\/channel\/UC338nW-lPEYmJQs4ZABQ1SQ\"]},{\"@type\":\"Person\",\"@id\":\"https:\/\/www.sonoraenequipo.com.mx\/#\/schema\/person\/50102df0fb23a8fa9e8effad8fa81386\",\"name\":\"enequipo\",\"image\":{\"@type\":\"ImageObject\",\"inLanguage\":\"es\",\"@id\":\"https:\/\/www.sonoraenequipo.com.mx\/#\/schema\/person\/image\/\",\"url\":\"https:\/\/secure.gravatar.com\/avatar\/049821681b589dabc0bc20695993ccebb09f5b5d4d790cd9251b97faac7c652b?s=96&d=blank&r=g\",\"contentUrl\":\"https:\/\/secure.gravatar.com\/avatar\/049821681b589dabc0bc20695993ccebb09f5b5d4d790cd9251b97faac7c652b?s=96&d=blank&r=g\",\"caption\":\"enequipo\"},\"sameAs\":[\"https:\/\/www.facebook.com\/SonoraEE\"]}]}<\/script>\n ","yoast_head_json":{"title":"Sonora en Equipo. EU revela c\u00f3mo fue la amenaza a su agente que motiv\u00f3 a suspender las ventas de aguacate mexicano a ese pa\u00eds MUNDO","description":"ESTADOS UNIDOS. \u2014 El gobierno de Estados Unidos pidi\u00f3 este jueves garant\u00edas de seguridad para sus agentes adscritos al Servicio de Inspecci\u00f3n de Sanidad En Sonora en Equipo publicamos toda la informaci\u00f3n de Sonora, M\u00e9xico y el Mundo de manera oportuna y busca que la libertad de expresi\u00f3n sea real. Visita nuestro medio informativo publicado desde Hermosillo, Sonora. %","robots":{"index":"index","follow":"follow","max-snippet":"max-snippet:-1","max-image-preview":"max-image-preview:large","max-video-preview":"max-video-preview:-1"},"canonical":"https:\/\/www.sonoraenequipo.com.mx\/eu-revela-como-fue-la-amenaza-a-su-agente-que-motivo-a-suspender-las-ventas-de-aguacate-mexicano-a-ese-pais\/","og_locale":"es_ES","og_type":"article","og_title":"Sonora en Equipo. EU revela c\u00f3mo fue la amenaza a su agente que motiv\u00f3 a suspender las ventas de aguacate mexicano a ese pa\u00eds MUNDO","og_description":"ESTADOS UNIDOS. \u2014 El gobierno de Estados Unidos pidi\u00f3 este jueves garant\u00edas de seguridad para sus agentes adscritos al Servicio de Inspecci\u00f3n de Sanidad En Sonora en Equipo publicamos toda la informaci\u00f3n de Sonora, M\u00e9xico y el Mundo de manera oportuna y busca que la libertad de expresi\u00f3n sea real. Visita nuestro medio informativo publicado desde Hermosillo, Sonora. %","og_url":"https:\/\/www.sonoraenequipo.com.mx\/eu-revela-como-fue-la-amenaza-a-su-agente-que-motivo-a-suspender-las-ventas-de-aguacate-mexicano-a-ese-pais\/","og_site_name":"Sonora en Equipo.","article_publisher":"https:\/\/www.facebook.com\/SonoraEE\/","article_author":"https:\/\/www.facebook.com\/SonoraEE","article_published_time":"2022-02-17T22:36:15+00:00","article_modified_time":"2022-02-18T05:25:11+00:00","og_image":[{"width":700,"height":400,"url":"https:\/\/www.sonoraenequipo.com.mx\/storage\/2022\/02\/aguacate_mexico_opt.jpg","type":"image\/jpeg"}],"author":"enequipo","twitter_card":"summary_large_image","twitter_creator":"@sonoraenequipo","twitter_site":"@sonoraenequipo","twitter_misc":{"Escrito por":"enequipo","Tiempo de lectura":"2 minutos"},"schema":{"@context":"https:\/\/schema.org","@graph":[{"@type":"Article","@id":"https:\/\/www.sonoraenequipo.com.mx\/eu-revela-como-fue-la-amenaza-a-su-agente-que-motivo-a-suspender-las-ventas-de-aguacate-mexicano-a-ese-pais\/#article","isPartOf":{"@id":"https:\/\/www.sonoraenequipo.com.mx\/eu-revela-como-fue-la-amenaza-a-su-agente-que-motivo-a-suspender-las-ventas-de-aguacate-mexicano-a-ese-pais\/"},"author":{"name":"enequipo","@id":"https:\/\/www.sonoraenequipo.com.mx\/#\/schema\/person\/50102df0fb23a8fa9e8effad8fa81386"},"headline":"EU revela c\u00f3mo fue la amenaza a su agente que motiv\u00f3 a suspender las ventas de aguacate mexicano a ese pa\u00eds","datePublished":"2022-02-17T22:36:15+00:00","dateModified":"2022-02-18T05:25:11+00:00","mainEntityOfPage":{"@id":"https:\/\/www.sonoraenequipo.com.mx\/eu-revela-como-fue-la-amenaza-a-su-agente-que-motivo-a-suspender-las-ventas-de-aguacate-mexicano-a-ese-pais\/"},"wordCount":498,"commentCount":0,"publisher":{"@id":"https:\/\/www.sonoraenequipo.com.mx\/#organization"},"image":{"@id":"https:\/\/www.sonoraenequipo.com.mx\/eu-revela-como-fue-la-amenaza-a-su-agente-que-motivo-a-suspender-las-ventas-de-aguacate-mexicano-a-ese-pais\/#primaryimage"},"thumbnailUrl":"https:\/\/www.sonoraenequipo.com.mx\/storage\/2022\/02\/aguacate_mexico_opt.jpg","articleSection":["MUNDO"],"inLanguage":"es","potentialAction":[{"@type":"CommentAction","name":"Comment","target":["https:\/\/www.sonoraenequipo.com.mx\/eu-revela-como-fue-la-amenaza-a-su-agente-que-motivo-a-suspender-las-ventas-de-aguacate-mexicano-a-ese-pais\/#respond"]}]},{"@type":"WebPage","@id":"https:\/\/www.sonoraenequipo.com.mx\/eu-revela-como-fue-la-amenaza-a-su-agente-que-motivo-a-suspender-las-ventas-de-aguacate-mexicano-a-ese-pais\/","url":"https:\/\/www.sonoraenequipo.com.mx\/eu-revela-como-fue-la-amenaza-a-su-agente-que-motivo-a-suspender-las-ventas-de-aguacate-mexicano-a-ese-pais\/","name":"Sonora en Equipo. EU revela c\u00f3mo fue la amenaza a su agente que motiv\u00f3 a suspender las ventas de aguacate mexicano a ese pa\u00eds MUNDO","isPartOf":{"@id":"https:\/\/www.sonoraenequipo.com.mx\/#website"},"primaryImageOfPage":{"@id":"https:\/\/www.sonoraenequipo.com.mx\/eu-revela-como-fue-la-amenaza-a-su-agente-que-motivo-a-suspender-las-ventas-de-aguacate-mexicano-a-ese-pais\/#primaryimage"},"image":{"@id":"https:\/\/www.sonoraenequipo.com.mx\/eu-revela-como-fue-la-amenaza-a-su-agente-que-motivo-a-suspender-las-ventas-de-aguacate-mexicano-a-ese-pais\/#primaryimage"},"thumbnailUrl":"https:\/\/www.sonoraenequipo.com.mx\/storage\/2022\/02\/aguacate_mexico_opt.jpg","datePublished":"2022-02-17T22:36:15+00:00","dateModified":"2022-02-18T05:25:11+00:00","description":"ESTADOS UNIDOS. \u2014 El gobierno de Estados Unidos pidi\u00f3 este jueves garant\u00edas de seguridad para sus agentes adscritos al Servicio de Inspecci\u00f3n de Sanidad En Sonora en Equipo publicamos toda la informaci\u00f3n de Sonora, M\u00e9xico y el Mundo de manera oportuna y busca que la libertad de expresi\u00f3n sea real. Visita nuestro medio informativo publicado desde Hermosillo, Sonora. %","breadcrumb":{"@id":"https:\/\/www.sonoraenequipo.com.mx\/eu-revela-como-fue-la-amenaza-a-su-agente-que-motivo-a-suspender-las-ventas-de-aguacate-mexicano-a-ese-pais\/#breadcrumb"},"inLanguage":"es","potentialAction":[{"@type":"ReadAction","target":["https:\/\/www.sonoraenequipo.com.mx\/eu-revela-como-fue-la-amenaza-a-su-agente-que-motivo-a-suspender-las-ventas-de-aguacate-mexicano-a-ese-pais\/"]}]},{"@type":"ImageObject","inLanguage":"es","@id":"https:\/\/www.sonoraenequipo.com.mx\/eu-revela-como-fue-la-amenaza-a-su-agente-que-motivo-a-suspender-las-ventas-de-aguacate-mexicano-a-ese-pais\/#primaryimage","url":"https:\/\/www.sonoraenequipo.com.mx\/storage\/2022\/02\/aguacate_mexico_opt.jpg","contentUrl":"https:\/\/www.sonoraenequipo.com.mx\/storage\/2022\/02\/aguacate_mexico_opt.jpg","width":700,"height":400},{"@type":"BreadcrumbList","@id":"https:\/\/www.sonoraenequipo.com.mx\/eu-revela-como-fue-la-amenaza-a-su-agente-que-motivo-a-suspender-las-ventas-de-aguacate-mexicano-a-ese-pais\/#breadcrumb","itemListElement":[{"@type":"ListItem","position":1,"name":"Portada","item":"https:\/\/www.sonoraenequipo.com.mx\/"},{"@type":"ListItem","position":2,"name":"EU revela c\u00f3mo fue la amenaza a su agente que motiv\u00f3 a suspender las ventas de aguacate mexicano a ese pa\u00eds"}]},{"@type":"WebSite","@id":"https:\/\/www.sonoraenequipo.com.mx\/#website","url":"https:\/\/www.sonoraenequipo.com.mx\/","name":"Sonora en Equipo.","description":"Diario en l\u00ednea con Noticias desde Hermosillo, Sonora","publisher":{"@id":"https:\/\/www.sonoraenequipo.com.mx\/#organization"},"potentialAction":[{"@type":"SearchAction","target":{"@type":"EntryPoint","urlTemplate":"https:\/\/www.sonoraenequipo.com.mx\/?s={search_term_string}"},"query-input":{"@type":"PropertyValueSpecification","valueRequired":true,"valueName":"search_term_string"}}],"inLanguage":"es"},{"@type":"Organization","@id":"https:\/\/www.sonoraenequipo.com.mx\/#organization","name":"Sonoraenequipo.com.mx","url":"https:\/\/www.sonoraenequipo.com.mx\/","logo":{"@type":"ImageObject","inLanguage":"es","@id":"https:\/\/www.sonoraenequipo.com.mx\/#\/schema\/logo\/image\/","url":"https:\/\/www.sonoraenequipo.com.mx\/storage\/2019\/01\/sonoraenequipo_opt.png","contentUrl":"https:\/\/www.sonoraenequipo.com.mx\/storage\/2019\/01\/sonoraenequipo_opt.png","width":375,"height":125,"caption":"Sonoraenequipo.com.mx"},"image":{"@id":"https:\/\/www.sonoraenequipo.com.mx\/#\/schema\/logo\/image\/"},"sameAs":["https:\/\/www.facebook.com\/SonoraEE\/","https:\/\/x.com\/sonoraenequipo","https:\/\/www.youtube.com\/channel\/UC338nW-lPEYmJQs4ZABQ1SQ"]},{"@type":"Person","@id":"https:\/\/www.sonoraenequipo.com.mx\/#\/schema\/person\/50102df0fb23a8fa9e8effad8fa81386","name":"enequipo","image":{"@type":"ImageObject","inLanguage":"es","@id":"https:\/\/www.sonoraenequipo.com.mx\/#\/schema\/person\/image\/","url":"https:\/\/secure.gravatar.com\/avatar\/049821681b589dabc0bc20695993ccebb09f5b5d4d790cd9251b97faac7c652b?s=96&d=blank&r=g","contentUrl":"https:\/\/secure.gravatar.com\/avatar\/049821681b589dabc0bc20695993ccebb09f5b5d4d790cd9251b97faac7c652b?s=96&d=blank&r=g","caption":"enequipo"},"sameAs":["https:\/\/www.facebook.com\/SonoraEE"]}]}},"jetpack_featured_media_url":"https:\/\/www.sonoraenequipo.com.mx\/storage\/2022\/02\/aguacate_mexico_opt.jpg","_links":{"self":[{"href":"https:\/\/www.sonoraenequipo.com.mx\/api\/wp\/v2\/posts\/133374","targetHints":{"allow":["GET"]}}],"collection":[{"href":"https:\/\/www.sonoraenequipo.com.mx\/api\/wp\/v2\/posts"}],"about":[{"href":"https:\/\/www.sonoraenequipo.com.mx\/api\/wp\/v2\/types\/post"}],"author":[{"embeddable":true,"href":"https:\/\/www.sonoraenequipo.com.mx\/api\/wp\/v2\/users\/1"}],"replies":[{"embeddable":true,"href":"https:\/\/www.sonoraenequipo.com.mx\/api\/wp\/v2\/comments?post=133374"}],"version-history":[{"count":1,"href":"https:\/\/www.sonoraenequipo.com.mx\/api\/wp\/v2\/posts\/133374\/revisions"}],"predecessor-version":[{"id":133377,"href":"https:\/\/www.sonoraenequipo.com.mx\/api\/wp\/v2\/posts\/133374\/revisions\/133377"}],"wp:featuredmedia":[{"embeddable":true,"href":"https:\/\/www.sonoraenequipo.com.mx\/api\/wp\/v2\/media\/133376"}],"wp:attachment":[{"href":"https:\/\/www.sonoraenequipo.com.mx\/api\/wp\/v2\/media?parent=133374"}],"wp:term":[{"taxonomy":"category","embeddable":true,"href":"https:\/\/www.sonoraenequipo.com.mx\/api\/wp\/v2\/categories?post=133374"},{"taxonomy":"post_tag","embeddable":true,"href":"https:\/\/www.sonoraenequipo.com.mx\/api\/wp\/v2\/tags?post=133374"}],"curies":[{"name":"wp","href":"https:\/\/api.w.org\/{rel}","templated":true}]}}