{"id":133380,"date":"2022-02-17T21:36:38","date_gmt":"2022-02-18T04:36:38","guid":{"rendered":"https:\/\/www.sonoraenequipo.com.mx\/?p=133380"},"modified":"2022-02-18T08:56:22","modified_gmt":"2022-02-18T15:56:22","slug":"cdmx-registra-recuperacion-de-empleo-en-ultimo-trimestre-de-2021-la-segunda-mas-alta-en-15-anos","status":"publish","type":"post","link":"https:\/\/www.sonoraenequipo.com.mx\/cdmx-registra-recuperacion-de-empleo-en-ultimo-trimestre-de-2021-la-segunda-mas-alta-en-15-anos\/","title":{"rendered":"CDMX registra recuperaci\u00f3n de empleo en \u00faltimo trimestre de 2021, la segunda m\u00e1s alta en 15 a\u00f1os"},"content":{"rendered":"<p>CDMX. M\u00c9XICO. \u2014 La Ciudad de M\u00e9xico registr\u00f3 una recuperaci\u00f3n en el empleo durante el \u00faltimo trimestre de 2021, con un incremento de 790 mil 819 personas que encontraron una fuente de trabajo, en comparaci\u00f3n con el mismo trimestre de 2020, inform\u00f3 la Secretar\u00eda del Trabajo y Fomento al Empleo.<\/p>\n<p>&nbsp;<\/p>\n<p> <\/p>\n<p>&nbsp;<\/p>\n<p>La dependencia capitalina inform\u00f3 sobre la recuperaci\u00f3n de empleos del \u00faltimo cuatrimestre del a\u00f1o pasado, de acuerdo con datos de la Encuesta Nacional de Ocupaci\u00f3n y Empleo, Nueva Edici\u00f3n (ENOEN) para octubre-diciembre de 2021.<\/p>\n<p>&nbsp;<\/p>\n<p>Adem\u00e1s, detall\u00f3 que en la encuesta realizada por el Instituto Nacional de Estad\u00edstica y Geograf\u00eda (INEGI) durante el \u00faltimo trimestre del 2021, en la capital del pa\u00eds 4 millones 465 mil 106 personas se encontraban ocupadas, lo que implic\u00f3 un incremento de 790 mil 819 personas registradas en el mismo trimestre de 2020, cifra equivalente a un incremento del 21.5%.<\/p>\n<p>&nbsp;<\/p>\n<p>&nbsp;<\/p>\n<p>Dicha cifra de poblaci\u00f3n durante el \u00faltimo trimestre de 2021, es la segunda m\u00e1s alta en 15 a\u00f1os, solo por debajo del \u00faltimo cuatrimestre de 2019, previo a la pandemia.<\/p>\n<p>&nbsp;<\/p>\n<p>&nbsp;<\/p>\n<p>Destac\u00f3 que todos los sectores econ\u00f3micos presentaron saldos positivos en comparaci\u00f3n al mismo trimestre del a\u00f1o anterior. Los sectores con mayores incrementos en el n\u00famero de ocupados fueron: a) Comercio con 176 mil 503 m\u00e1s de ocupados; b) Restaurantes y servicios de alojamiento con 139 mil 854 ocupados adicionales; y c) Servicios profesionales, financieros y corporativos con 131 mil 819 personas ocupadas m\u00e1s.<\/p>\n<p>&nbsp;<\/p>\n<p>Las personas ocupadas en micronegocios aumentaron en 404 mil 192 personas, en los peque\u00f1os establecimientos en 140 mil 006 personas ocupadas y en los grandes establecimientos en 64 mil 601 personas.<\/p>\n<p>&nbsp;<\/p>\n<p>La poblaci\u00f3n subocupada se ubic\u00f3 en 652 mil 625 personas en el cuarto trimestre de 2021 y represent\u00f3 una tasa de 14.6% de la poblaci\u00f3n ocupada, esto represent\u00f3 una disminuci\u00f3n de 219 mil 367 personas en dicha condici\u00f3n respecto al mismo trimestre del a\u00f1o anterior.<\/p>\n<p>&nbsp;<\/p>\n<p>&nbsp;<\/p>\n<p>(Publicada el 17\/02\/2022 \/ )<\/p>\n","protected":false},"excerpt":{"rendered":"<p>CDMX. M\u00c9XICO. \u2014 La Ciudad de M\u00e9xico registr\u00f3 una recuperaci\u00f3n en el empleo durante el&#8230;<\/p>\n","protected":false},"author":1,"featured_media":133381,"comment_status":"open","ping_status":"open","sticky":false,"template":"","format":"standard","meta":{"_monsterinsights_skip_tracking":false,"_monsterinsights_sitenote_active":false,"_monsterinsights_sitenote_note":"","_monsterinsights_sitenote_category":0,"footnotes":""},"categories":[5],"tags":[],"class_list":["post"],"yoast_head":" \n<title>Sonora en Equipo. CDMX registra recuperaci\u00f3n de empleo en \u00faltimo trimestre de 2021, la segunda m\u00e1s alta en 15 a\u00f1os Rep\u00fablica<\/title>\n<meta name=\"description\" content=\"CDMX. M\u00c9XICO. \u2014 La Ciudad de M\u00e9xico registr\u00f3 una recuperaci\u00f3n en el empleo durante el \u00faltimo trimestre de 2021, con un incremento de 790 mil 819 personas En Sonora en Equipo publicamos toda la informaci\u00f3n de Sonora, M\u00e9xico y el Mundo de manera oportuna y busca que la libertad de expresi\u00f3n sea real. Visita nuestro medio informativo publicado desde Hermosillo, Sonora. %\" \/>\n<meta name=\"robots\" content=\"index, follow, max-snippet:-1, max-image-preview:large, max-video-preview:-1\" \/>\n<link rel=\"canonical\" href=\"https:\/\/www.sonoraenequipo.com.mx\/cdmx-registra-recuperacion-de-empleo-en-ultimo-trimestre-de-2021-la-segunda-mas-alta-en-15-anos\/\" \/>\n<meta property=\"og:locale\" content=\"es_ES\" \/>\n<meta property=\"og:type\" content=\"article\" \/>\n<meta property=\"og:title\" content=\"Sonora en Equipo. CDMX registra recuperaci\u00f3n de empleo en \u00faltimo trimestre de 2021, la segunda m\u00e1s alta en 15 a\u00f1os Rep\u00fablica\" \/>\n<meta property=\"og:description\" content=\"CDMX. M\u00c9XICO. \u2014 La Ciudad de M\u00e9xico registr\u00f3 una recuperaci\u00f3n en el empleo durante el \u00faltimo trimestre de 2021, con un incremento de 790 mil 819 personas En Sonora en Equipo publicamos toda la informaci\u00f3n de Sonora, M\u00e9xico y el Mundo de manera oportuna y busca que la libertad de expresi\u00f3n sea real. Visita nuestro medio informativo publicado desde Hermosillo, Sonora. %\" \/>\n<meta property=\"og:url\" content=\"https:\/\/www.sonoraenequipo.com.mx\/cdmx-registra-recuperacion-de-empleo-en-ultimo-trimestre-de-2021-la-segunda-mas-alta-en-15-anos\/\" \/>\n<meta property=\"og:site_name\" content=\"Sonora en Equipo.\" \/>\n<meta property=\"article:publisher\" content=\"https:\/\/www.facebook.com\/SonoraEE\/\" \/>\n<meta property=\"article:author\" content=\"https:\/\/www.facebook.com\/SonoraEE\" \/>\n<meta property=\"article:published_time\" content=\"2022-02-18T04:36:38+00:00\" \/>\n<meta property=\"article:modified_time\" content=\"2022-02-18T15:56:22+00:00\" \/>\n<meta property=\"og:image\" content=\"https:\/\/www.sonoraenequipo.com.mx\/storage\/2022\/02\/aumenta-empleo_opt.jpg\" \/>\n\t<meta property=\"og:image:width\" content=\"700\" \/>\n\t<meta property=\"og:image:height\" content=\"400\" \/>\n\t<meta property=\"og:image:type\" content=\"image\/jpeg\" \/>\n<meta name=\"author\" content=\"enequipo\" \/>\n<meta name=\"twitter:card\" content=\"summary_large_image\" \/>\n<meta name=\"twitter:creator\" content=\"@sonoraenequipo\" \/>\n<meta name=\"twitter:site\" content=\"@sonoraenequipo\" \/>\n<meta name=\"twitter:label1\" content=\"Escrito por\" \/>\n\t<meta name=\"twitter:data1\" content=\"enequipo\" \/>\n\t<meta name=\"twitter:label2\" content=\"Tiempo de lectura\" \/>\n\t<meta name=\"twitter:data2\" content=\"2 minutos\" \/>\n<script type=\"application\/ld+json\" class=\"yoast-schema-graph\">{\"@context\":\"https:\/\/schema.org\",\"@graph\":[{\"@type\":\"Article\",\"@id\":\"https:\/\/www.sonoraenequipo.com.mx\/cdmx-registra-recuperacion-de-empleo-en-ultimo-trimestre-de-2021-la-segunda-mas-alta-en-15-anos\/#article\",\"isPartOf\":{\"@id\":\"https:\/\/www.sonoraenequipo.com.mx\/cdmx-registra-recuperacion-de-empleo-en-ultimo-trimestre-de-2021-la-segunda-mas-alta-en-15-anos\/\"},\"author\":{\"name\":\"enequipo\",\"@id\":\"https:\/\/www.sonoraenequipo.com.mx\/#\/schema\/person\/50102df0fb23a8fa9e8effad8fa81386\"},\"headline\":\"CDMX registra recuperaci\u00f3n de empleo en \u00faltimo trimestre de 2021, la segunda m\u00e1s alta en 15 a\u00f1os\",\"datePublished\":\"2022-02-18T04:36:38+00:00\",\"dateModified\":\"2022-02-18T15:56:22+00:00\",\"mainEntityOfPage\":{\"@id\":\"https:\/\/www.sonoraenequipo.com.mx\/cdmx-registra-recuperacion-de-empleo-en-ultimo-trimestre-de-2021-la-segunda-mas-alta-en-15-anos\/\"},\"wordCount\":337,\"commentCount\":0,\"publisher\":{\"@id\":\"https:\/\/www.sonoraenequipo.com.mx\/#organization\"},\"image\":{\"@id\":\"https:\/\/www.sonoraenequipo.com.mx\/cdmx-registra-recuperacion-de-empleo-en-ultimo-trimestre-de-2021-la-segunda-mas-alta-en-15-anos\/#primaryimage\"},\"thumbnailUrl\":\"https:\/\/www.sonoraenequipo.com.mx\/storage\/2022\/02\/aumenta-empleo_opt.jpg\",\"articleSection\":[\"Rep\u00fablica\"],\"inLanguage\":\"es\",\"potentialAction\":[{\"@type\":\"CommentAction\",\"name\":\"Comment\",\"target\":[\"https:\/\/www.sonoraenequipo.com.mx\/cdmx-registra-recuperacion-de-empleo-en-ultimo-trimestre-de-2021-la-segunda-mas-alta-en-15-anos\/#respond\"]}]},{\"@type\":\"WebPage\",\"@id\":\"https:\/\/www.sonoraenequipo.com.mx\/cdmx-registra-recuperacion-de-empleo-en-ultimo-trimestre-de-2021-la-segunda-mas-alta-en-15-anos\/\",\"url\":\"https:\/\/www.sonoraenequipo.com.mx\/cdmx-registra-recuperacion-de-empleo-en-ultimo-trimestre-de-2021-la-segunda-mas-alta-en-15-anos\/\",\"name\":\"Sonora en Equipo. CDMX registra recuperaci\u00f3n de empleo en \u00faltimo trimestre de 2021, la segunda m\u00e1s alta en 15 a\u00f1os Rep\u00fablica\",\"isPartOf\":{\"@id\":\"https:\/\/www.sonoraenequipo.com.mx\/#website\"},\"primaryImageOfPage\":{\"@id\":\"https:\/\/www.sonoraenequipo.com.mx\/cdmx-registra-recuperacion-de-empleo-en-ultimo-trimestre-de-2021-la-segunda-mas-alta-en-15-anos\/#primaryimage\"},\"image\":{\"@id\":\"https:\/\/www.sonoraenequipo.com.mx\/cdmx-registra-recuperacion-de-empleo-en-ultimo-trimestre-de-2021-la-segunda-mas-alta-en-15-anos\/#primaryimage\"},\"thumbnailUrl\":\"https:\/\/www.sonoraenequipo.com.mx\/storage\/2022\/02\/aumenta-empleo_opt.jpg\",\"datePublished\":\"2022-02-18T04:36:38+00:00\",\"dateModified\":\"2022-02-18T15:56:22+00:00\",\"description\":\"CDMX. M\u00c9XICO. \u2014 La Ciudad de M\u00e9xico registr\u00f3 una recuperaci\u00f3n en el empleo durante el \u00faltimo trimestre de 2021, con un incremento de 790 mil 819 personas En Sonora en Equipo publicamos toda la informaci\u00f3n de Sonora, M\u00e9xico y el Mundo de manera oportuna y busca que la libertad de expresi\u00f3n sea real. Visita nuestro medio informativo publicado desde Hermosillo, Sonora. %\",\"breadcrumb\":{\"@id\":\"https:\/\/www.sonoraenequipo.com.mx\/cdmx-registra-recuperacion-de-empleo-en-ultimo-trimestre-de-2021-la-segunda-mas-alta-en-15-anos\/#breadcrumb\"},\"inLanguage\":\"es\",\"potentialAction\":[{\"@type\":\"ReadAction\",\"target\":[\"https:\/\/www.sonoraenequipo.com.mx\/cdmx-registra-recuperacion-de-empleo-en-ultimo-trimestre-de-2021-la-segunda-mas-alta-en-15-anos\/\"]}]},{\"@type\":\"ImageObject\",\"inLanguage\":\"es\",\"@id\":\"https:\/\/www.sonoraenequipo.com.mx\/cdmx-registra-recuperacion-de-empleo-en-ultimo-trimestre-de-2021-la-segunda-mas-alta-en-15-anos\/#primaryimage\",\"url\":\"https:\/\/www.sonoraenequipo.com.mx\/storage\/2022\/02\/aumenta-empleo_opt.jpg\",\"contentUrl\":\"https:\/\/www.sonoraenequipo.com.mx\/storage\/2022\/02\/aumenta-empleo_opt.jpg\",\"width\":700,\"height\":400},{\"@type\":\"BreadcrumbList\",\"@id\":\"https:\/\/www.sonoraenequipo.com.mx\/cdmx-registra-recuperacion-de-empleo-en-ultimo-trimestre-de-2021-la-segunda-mas-alta-en-15-anos\/#breadcrumb\",\"itemListElement\":[{\"@type\":\"ListItem\",\"position\":1,\"name\":\"Portada\",\"item\":\"https:\/\/www.sonoraenequipo.com.mx\/\"},{\"@type\":\"ListItem\",\"position\":2,\"name\":\"CDMX registra recuperaci\u00f3n de empleo en \u00faltimo trimestre de 2021, la segunda m\u00e1s alta en 15 a\u00f1os\"}]},{\"@type\":\"WebSite\",\"@id\":\"https:\/\/www.sonoraenequipo.com.mx\/#website\",\"url\":\"https:\/\/www.sonoraenequipo.com.mx\/\",\"name\":\"Sonora en Equipo.\",\"description\":\"Diario en l\u00ednea con Noticias desde Hermosillo, Sonora\",\"publisher\":{\"@id\":\"https:\/\/www.sonoraenequipo.com.mx\/#organization\"},\"potentialAction\":[{\"@type\":\"SearchAction\",\"target\":{\"@type\":\"EntryPoint\",\"urlTemplate\":\"https:\/\/www.sonoraenequipo.com.mx\/?s={search_term_string}\"},\"query-input\":{\"@type\":\"PropertyValueSpecification\",\"valueRequired\":true,\"valueName\":\"search_term_string\"}}],\"inLanguage\":\"es\"},{\"@type\":\"Organization\",\"@id\":\"https:\/\/www.sonoraenequipo.com.mx\/#organization\",\"name\":\"Sonoraenequipo.com.mx\",\"url\":\"https:\/\/www.sonoraenequipo.com.mx\/\",\"logo\":{\"@type\":\"ImageObject\",\"inLanguage\":\"es\",\"@id\":\"https:\/\/www.sonoraenequipo.com.mx\/#\/schema\/logo\/image\/\",\"url\":\"https:\/\/www.sonoraenequipo.com.mx\/storage\/2019\/01\/sonoraenequipo_opt.png\",\"contentUrl\":\"https:\/\/www.sonoraenequipo.com.mx\/storage\/2019\/01\/sonoraenequipo_opt.png\",\"width\":375,\"height\":125,\"caption\":\"Sonoraenequipo.com.mx\"},\"image\":{\"@id\":\"https:\/\/www.sonoraenequipo.com.mx\/#\/schema\/logo\/image\/\"},\"sameAs\":[\"https:\/\/www.facebook.com\/SonoraEE\/\",\"https:\/\/x.com\/sonoraenequipo\",\"https:\/\/www.youtube.com\/channel\/UC338nW-lPEYmJQs4ZABQ1SQ\"]},{\"@type\":\"Person\",\"@id\":\"https:\/\/www.sonoraenequipo.com.mx\/#\/schema\/person\/50102df0fb23a8fa9e8effad8fa81386\",\"name\":\"enequipo\",\"image\":{\"@type\":\"ImageObject\",\"inLanguage\":\"es\",\"@id\":\"https:\/\/www.sonoraenequipo.com.mx\/#\/schema\/person\/image\/\",\"url\":\"https:\/\/secure.gravatar.com\/avatar\/049821681b589dabc0bc20695993ccebb09f5b5d4d790cd9251b97faac7c652b?s=96&d=blank&r=g\",\"contentUrl\":\"https:\/\/secure.gravatar.com\/avatar\/049821681b589dabc0bc20695993ccebb09f5b5d4d790cd9251b97faac7c652b?s=96&d=blank&r=g\",\"caption\":\"enequipo\"},\"sameAs\":[\"https:\/\/www.facebook.com\/SonoraEE\"]}]}<\/script>\n ","yoast_head_json":{"title":"Sonora en Equipo. CDMX registra recuperaci\u00f3n de empleo en \u00faltimo trimestre de 2021, la segunda m\u00e1s alta en 15 a\u00f1os Rep\u00fablica","description":"CDMX. M\u00c9XICO. \u2014 La Ciudad de M\u00e9xico registr\u00f3 una recuperaci\u00f3n en el empleo durante el \u00faltimo trimestre de 2021, con un incremento de 790 mil 819 personas En Sonora en Equipo publicamos toda la informaci\u00f3n de Sonora, M\u00e9xico y el Mundo de manera oportuna y busca que la libertad de expresi\u00f3n sea real. Visita nuestro medio informativo publicado desde Hermosillo, Sonora. %","robots":{"index":"index","follow":"follow","max-snippet":"max-snippet:-1","max-image-preview":"max-image-preview:large","max-video-preview":"max-video-preview:-1"},"canonical":"https:\/\/www.sonoraenequipo.com.mx\/cdmx-registra-recuperacion-de-empleo-en-ultimo-trimestre-de-2021-la-segunda-mas-alta-en-15-anos\/","og_locale":"es_ES","og_type":"article","og_title":"Sonora en Equipo. CDMX registra recuperaci\u00f3n de empleo en \u00faltimo trimestre de 2021, la segunda m\u00e1s alta en 15 a\u00f1os Rep\u00fablica","og_description":"CDMX. M\u00c9XICO. \u2014 La Ciudad de M\u00e9xico registr\u00f3 una recuperaci\u00f3n en el empleo durante el \u00faltimo trimestre de 2021, con un incremento de 790 mil 819 personas En Sonora en Equipo publicamos toda la informaci\u00f3n de Sonora, M\u00e9xico y el Mundo de manera oportuna y busca que la libertad de expresi\u00f3n sea real. Visita nuestro medio informativo publicado desde Hermosillo, Sonora. %","og_url":"https:\/\/www.sonoraenequipo.com.mx\/cdmx-registra-recuperacion-de-empleo-en-ultimo-trimestre-de-2021-la-segunda-mas-alta-en-15-anos\/","og_site_name":"Sonora en Equipo.","article_publisher":"https:\/\/www.facebook.com\/SonoraEE\/","article_author":"https:\/\/www.facebook.com\/SonoraEE","article_published_time":"2022-02-18T04:36:38+00:00","article_modified_time":"2022-02-18T15:56:22+00:00","og_image":[{"width":700,"height":400,"url":"https:\/\/www.sonoraenequipo.com.mx\/storage\/2022\/02\/aumenta-empleo_opt.jpg","type":"image\/jpeg"}],"author":"enequipo","twitter_card":"summary_large_image","twitter_creator":"@sonoraenequipo","twitter_site":"@sonoraenequipo","twitter_misc":{"Escrito por":"enequipo","Tiempo de lectura":"2 minutos"},"schema":{"@context":"https:\/\/schema.org","@graph":[{"@type":"Article","@id":"https:\/\/www.sonoraenequipo.com.mx\/cdmx-registra-recuperacion-de-empleo-en-ultimo-trimestre-de-2021-la-segunda-mas-alta-en-15-anos\/#article","isPartOf":{"@id":"https:\/\/www.sonoraenequipo.com.mx\/cdmx-registra-recuperacion-de-empleo-en-ultimo-trimestre-de-2021-la-segunda-mas-alta-en-15-anos\/"},"author":{"name":"enequipo","@id":"https:\/\/www.sonoraenequipo.com.mx\/#\/schema\/person\/50102df0fb23a8fa9e8effad8fa81386"},"headline":"CDMX registra recuperaci\u00f3n de empleo en \u00faltimo trimestre de 2021, la segunda m\u00e1s alta en 15 a\u00f1os","datePublished":"2022-02-18T04:36:38+00:00","dateModified":"2022-02-18T15:56:22+00:00","mainEntityOfPage":{"@id":"https:\/\/www.sonoraenequipo.com.mx\/cdmx-registra-recuperacion-de-empleo-en-ultimo-trimestre-de-2021-la-segunda-mas-alta-en-15-anos\/"},"wordCount":337,"commentCount":0,"publisher":{"@id":"https:\/\/www.sonoraenequipo.com.mx\/#organization"},"image":{"@id":"https:\/\/www.sonoraenequipo.com.mx\/cdmx-registra-recuperacion-de-empleo-en-ultimo-trimestre-de-2021-la-segunda-mas-alta-en-15-anos\/#primaryimage"},"thumbnailUrl":"https:\/\/www.sonoraenequipo.com.mx\/storage\/2022\/02\/aumenta-empleo_opt.jpg","articleSection":["Rep\u00fablica"],"inLanguage":"es","potentialAction":[{"@type":"CommentAction","name":"Comment","target":["https:\/\/www.sonoraenequipo.com.mx\/cdmx-registra-recuperacion-de-empleo-en-ultimo-trimestre-de-2021-la-segunda-mas-alta-en-15-anos\/#respond"]}]},{"@type":"WebPage","@id":"https:\/\/www.sonoraenequipo.com.mx\/cdmx-registra-recuperacion-de-empleo-en-ultimo-trimestre-de-2021-la-segunda-mas-alta-en-15-anos\/","url":"https:\/\/www.sonoraenequipo.com.mx\/cdmx-registra-recuperacion-de-empleo-en-ultimo-trimestre-de-2021-la-segunda-mas-alta-en-15-anos\/","name":"Sonora en Equipo. CDMX registra recuperaci\u00f3n de empleo en \u00faltimo trimestre de 2021, la segunda m\u00e1s alta en 15 a\u00f1os Rep\u00fablica","isPartOf":{"@id":"https:\/\/www.sonoraenequipo.com.mx\/#website"},"primaryImageOfPage":{"@id":"https:\/\/www.sonoraenequipo.com.mx\/cdmx-registra-recuperacion-de-empleo-en-ultimo-trimestre-de-2021-la-segunda-mas-alta-en-15-anos\/#primaryimage"},"image":{"@id":"https:\/\/www.sonoraenequipo.com.mx\/cdmx-registra-recuperacion-de-empleo-en-ultimo-trimestre-de-2021-la-segunda-mas-alta-en-15-anos\/#primaryimage"},"thumbnailUrl":"https:\/\/www.sonoraenequipo.com.mx\/storage\/2022\/02\/aumenta-empleo_opt.jpg","datePublished":"2022-02-18T04:36:38+00:00","dateModified":"2022-02-18T15:56:22+00:00","description":"CDMX. M\u00c9XICO. \u2014 La Ciudad de M\u00e9xico registr\u00f3 una recuperaci\u00f3n en el empleo durante el \u00faltimo trimestre de 2021, con un incremento de 790 mil 819 personas En Sonora en Equipo publicamos toda la informaci\u00f3n de Sonora, M\u00e9xico y el Mundo de manera oportuna y busca que la libertad de expresi\u00f3n sea real. Visita nuestro medio informativo publicado desde Hermosillo, Sonora. %","breadcrumb":{"@id":"https:\/\/www.sonoraenequipo.com.mx\/cdmx-registra-recuperacion-de-empleo-en-ultimo-trimestre-de-2021-la-segunda-mas-alta-en-15-anos\/#breadcrumb"},"inLanguage":"es","potentialAction":[{"@type":"ReadAction","target":["https:\/\/www.sonoraenequipo.com.mx\/cdmx-registra-recuperacion-de-empleo-en-ultimo-trimestre-de-2021-la-segunda-mas-alta-en-15-anos\/"]}]},{"@type":"ImageObject","inLanguage":"es","@id":"https:\/\/www.sonoraenequipo.com.mx\/cdmx-registra-recuperacion-de-empleo-en-ultimo-trimestre-de-2021-la-segunda-mas-alta-en-15-anos\/#primaryimage","url":"https:\/\/www.sonoraenequipo.com.mx\/storage\/2022\/02\/aumenta-empleo_opt.jpg","contentUrl":"https:\/\/www.sonoraenequipo.com.mx\/storage\/2022\/02\/aumenta-empleo_opt.jpg","width":700,"height":400},{"@type":"BreadcrumbList","@id":"https:\/\/www.sonoraenequipo.com.mx\/cdmx-registra-recuperacion-de-empleo-en-ultimo-trimestre-de-2021-la-segunda-mas-alta-en-15-anos\/#breadcrumb","itemListElement":[{"@type":"ListItem","position":1,"name":"Portada","item":"https:\/\/www.sonoraenequipo.com.mx\/"},{"@type":"ListItem","position":2,"name":"CDMX registra recuperaci\u00f3n de empleo en \u00faltimo trimestre de 2021, la segunda m\u00e1s alta en 15 a\u00f1os"}]},{"@type":"WebSite","@id":"https:\/\/www.sonoraenequipo.com.mx\/#website","url":"https:\/\/www.sonoraenequipo.com.mx\/","name":"Sonora en Equipo.","description":"Diario en l\u00ednea con Noticias desde Hermosillo, Sonora","publisher":{"@id":"https:\/\/www.sonoraenequipo.com.mx\/#organization"},"potentialAction":[{"@type":"SearchAction","target":{"@type":"EntryPoint","urlTemplate":"https:\/\/www.sonoraenequipo.com.mx\/?s={search_term_string}"},"query-input":{"@type":"PropertyValueSpecification","valueRequired":true,"valueName":"search_term_string"}}],"inLanguage":"es"},{"@type":"Organization","@id":"https:\/\/www.sonoraenequipo.com.mx\/#organization","name":"Sonoraenequipo.com.mx","url":"https:\/\/www.sonoraenequipo.com.mx\/","logo":{"@type":"ImageObject","inLanguage":"es","@id":"https:\/\/www.sonoraenequipo.com.mx\/#\/schema\/logo\/image\/","url":"https:\/\/www.sonoraenequipo.com.mx\/storage\/2019\/01\/sonoraenequipo_opt.png","contentUrl":"https:\/\/www.sonoraenequipo.com.mx\/storage\/2019\/01\/sonoraenequipo_opt.png","width":375,"height":125,"caption":"Sonoraenequipo.com.mx"},"image":{"@id":"https:\/\/www.sonoraenequipo.com.mx\/#\/schema\/logo\/image\/"},"sameAs":["https:\/\/www.facebook.com\/SonoraEE\/","https:\/\/x.com\/sonoraenequipo","https:\/\/www.youtube.com\/channel\/UC338nW-lPEYmJQs4ZABQ1SQ"]},{"@type":"Person","@id":"https:\/\/www.sonoraenequipo.com.mx\/#\/schema\/person\/50102df0fb23a8fa9e8effad8fa81386","name":"enequipo","image":{"@type":"ImageObject","inLanguage":"es","@id":"https:\/\/www.sonoraenequipo.com.mx\/#\/schema\/person\/image\/","url":"https:\/\/secure.gravatar.com\/avatar\/049821681b589dabc0bc20695993ccebb09f5b5d4d790cd9251b97faac7c652b?s=96&d=blank&r=g","contentUrl":"https:\/\/secure.gravatar.com\/avatar\/049821681b589dabc0bc20695993ccebb09f5b5d4d790cd9251b97faac7c652b?s=96&d=blank&r=g","caption":"enequipo"},"sameAs":["https:\/\/www.facebook.com\/SonoraEE"]}]}},"jetpack_featured_media_url":"https:\/\/www.sonoraenequipo.com.mx\/storage\/2022\/02\/aumenta-empleo_opt.jpg","_links":{"self":[{"href":"https:\/\/www.sonoraenequipo.com.mx\/api\/wp\/v2\/posts\/133380","targetHints":{"allow":["GET"]}}],"collection":[{"href":"https:\/\/www.sonoraenequipo.com.mx\/api\/wp\/v2\/posts"}],"about":[{"href":"https:\/\/www.sonoraenequipo.com.mx\/api\/wp\/v2\/types\/post"}],"author":[{"embeddable":true,"href":"https:\/\/www.sonoraenequipo.com.mx\/api\/wp\/v2\/users\/1"}],"replies":[{"embeddable":true,"href":"https:\/\/www.sonoraenequipo.com.mx\/api\/wp\/v2\/comments?post=133380"}],"version-history":[{"count":1,"href":"https:\/\/www.sonoraenequipo.com.mx\/api\/wp\/v2\/posts\/133380\/revisions"}],"predecessor-version":[{"id":133382,"href":"https:\/\/www.sonoraenequipo.com.mx\/api\/wp\/v2\/posts\/133380\/revisions\/133382"}],"wp:featuredmedia":[{"embeddable":true,"href":"https:\/\/www.sonoraenequipo.com.mx\/api\/wp\/v2\/media\/133381"}],"wp:attachment":[{"href":"https:\/\/www.sonoraenequipo.com.mx\/api\/wp\/v2\/media?parent=133380"}],"wp:term":[{"taxonomy":"category","embeddable":true,"href":"https:\/\/www.sonoraenequipo.com.mx\/api\/wp\/v2\/categories?post=133380"},{"taxonomy":"post_tag","embeddable":true,"href":"https:\/\/www.sonoraenequipo.com.mx\/api\/wp\/v2\/tags?post=133380"}],"curies":[{"name":"wp","href":"https:\/\/api.w.org\/{rel}","templated":true}]}}