{"id":133386,"date":"2022-02-17T16:50:12","date_gmt":"2022-02-17T23:50:12","guid":{"rendered":"https:\/\/www.sonoraenequipo.com.mx\/?p=133386"},"modified":"2022-02-18T09:17:28","modified_gmt":"2022-02-18T16:17:28","slug":"relacion-mexico-eu-esta-en-nueva-etapa-asegura-ken-salazar","status":"publish","type":"post","link":"https:\/\/www.sonoraenequipo.com.mx\/relacion-mexico-eu-esta-en-nueva-etapa-asegura-ken-salazar\/","title":{"rendered":"Relaci\u00f3n M\u00e9xico-EU est\u00e1 en nueva etapa, asegura Ken Salazar"},"content":{"rendered":"<p>CIUDAD DE\u00a0 M\u00c9XICO. MX. \u2014 M\u00e9xico y Estados Unidos est\u00e1n viviendo una nueva relaci\u00f3n bilateral, en la que se est\u00e1n priorizando asuntos migratorios y econ\u00f3micos, se\u00f1al\u00f3 Kenneth Lee Salazar, embajador estadunidense en el pa\u00eds.<\/p>\n<p>&nbsp;<\/p>\n<p> <\/p>\n<p>&nbsp;<\/p>\n<p><em>\u201cVivimos en una relaci\u00f3n nueva. Esa relaci\u00f3n del presidente Biden y el presidente L\u00f3pez Obrador en la que se comprometieron a esta uni\u00f3n econ\u00f3mica entre Estados Unidos en M\u00e9xico\u201d,<\/em> dijo a trav\u00e9s de un video transmitido en la Cumbre de Negocios.<\/p>\n<p>&nbsp;<\/p>\n<p><em>\u201cEs una cosa muy diferente, porque este tipo de relaci\u00f3n no la hab\u00edamos tenido en el pasado\u201d,<\/em> apunt\u00f3.<\/p>\n<p>&nbsp;<\/p>\n<p>El embajador resalt\u00f3 que la iniciativa privada de ambos pa\u00edses ha sido esencial para unir a ambas naciones.<\/p>\n<p>&nbsp;<\/p>\n<p>El diplom\u00e1tico apunt\u00f3 que ambas naciones est\u00e1n trabajando para fortalecer la frontera norte, <em>\u201cde una manera que sea la frontera m\u00e1s moderna de la historia de las naciones\u201d.<\/em><\/p>\n<p>&nbsp;<\/p>\n<p>Acot\u00f3 que Washington apoya al gobierno mexicano en el sureste del pa\u00eds y se est\u00e1n asegurando <em>\u201cque tengamos un futuro de energ\u00eda limpia y combatiendo el cambio clim\u00e1tico\u201d.<\/em><\/p>\n<p>&nbsp;<\/p>\n<p>&nbsp;<\/p>\n<p>Se\u00f1al\u00f3 que en esta nueva relaci\u00f3n ambos pa\u00edses trabajan en la seguridad y contra la violencia.<\/p>\n<p>&nbsp;<\/p>\n<p>&nbsp;<\/p>\n<p>En materia de migraci\u00f3n consider\u00f3 que si bien es una problem\u00e1tica, tambi\u00e9n una oportunidad, pues por primera ocasi\u00f3n se est\u00e1 buscando resolver de una manera regional, lo cual incluye la participaci\u00f3n de Canad\u00e1.<\/p>\n<p>&nbsp;<\/p>\n<p>Record\u00f3 que en diciembre de este a\u00f1o ambos pa\u00edses celebrar\u00e1n 200 a\u00f1os de relaciones diplom\u00e1ticas y destac\u00f3 que la uni\u00f3n de ambos pa\u00edses esta marcada por <em>\u201cla historia de nuestras familias, econom\u00eda, nuestras culturas\u201d,<\/em> as\u00ed como por la econom\u00eda y la democracia.<\/p>\n<p>&nbsp;<\/p>\n<p>Pamela Starr, catedr\u00e1tica en la University of Southern California, se\u00f1al\u00f3 que durante el gobierno de Donald Trump la relaci\u00f3n se caracteriz\u00f3 por la coerci\u00f3n que ejerci\u00f3 el ex mandatario estadunidense hacia a M\u00e9xico, lo cual busca cambiar el gobierno de Joe Biden.<\/p>\n<p>&nbsp;<\/p>\n<p>&nbsp;<\/p>\n<p>Apunt\u00f3 que Salazar busca ganar confianza, para que una vez que se obtenga se aliente a cambiar ciertas pol\u00edticas y que no s\u00f3lo sirven a los intereses particulares de Estados Unidos.<\/p>\n<p>&nbsp;<\/p>\n<p>La acad\u00e9mica resalt\u00f3 que el presidente Andr\u00e9s Manuel L\u00f3pez Obrdor no est\u00e1 dispuesto a cambiar como es el caso de la reforma el\u00e9ctrica y el uso del ej\u00e9rcito para luchar contra el crimen organizado.<\/p>\n<p>&nbsp;<\/p>\n<p>Gabriel Guerra, especialista en comunicaci\u00f3n, consider\u00f3 que por primera vez M\u00e9xico hay \u201c<em>una situaci\u00f3n de paridad, si no es que de relativa ventaja unidos por el tema principalmente por el tema migratorio\u201d.<\/em><\/p>\n<p>&nbsp;<\/p>\n<p>Descart\u00f3 un choque de trenes en la relaci\u00f3n entre ambos pa\u00edses, pero si visualiz\u00f3 una profundizaci\u00f3n de diferencias a pesar de que las agendas no son tan divergentes. <em>\u201cLa gran preocupaci\u00f3n que debe tener M\u00e9xico es en este momento pensar qu\u00e9 pasar\u00e1 si no le va bien a Biden y quien va a llegar en el peri\u00f3dico 2024 a 2028\u201d.<\/em><\/p>\n<p>&nbsp;<\/p>\n<p>&nbsp;<\/p>\n<p>Starr coincidi\u00f3 que no habr\u00e1 un choque de trenes y apunt\u00f3 que el presidente L\u00f3pez Obrador s\u00f3lo busca enfocarse en la cuarta transformaci\u00f3n y que Estados Unidos se mantenga fuera de los asuntos nacionales, mientras que Biden tiene muchos asuntos que resolver.<\/p>\n<p>&nbsp;<\/p>\n<p>&nbsp;<\/p>\n<p>(Publicada el 17\/02\/2022 \/ )<\/p>\n","protected":false},"excerpt":{"rendered":"<p>CIUDAD DE\u00a0 M\u00c9XICO. MX. \u2014 M\u00e9xico y Estados Unidos est\u00e1n viviendo una nueva relaci\u00f3n bilateral,&#8230;<\/p>\n","protected":false},"author":1,"featured_media":133387,"comment_status":"open","ping_status":"open","sticky":false,"template":"","format":"standard","meta":{"_monsterinsights_skip_tracking":false,"_monsterinsights_sitenote_active":false,"_monsterinsights_sitenote_note":"","_monsterinsights_sitenote_category":0,"footnotes":""},"categories":[5],"tags":[],"class_list":["post"],"yoast_head":" \n<title>Sonora en Equipo. Relaci\u00f3n M\u00e9xico-EU est\u00e1 en nueva etapa, asegura Ken Salazar Rep\u00fablica<\/title>\n<meta name=\"description\" content=\"CIUDAD DE\u00a0 M\u00c9XICO. MX. \u2014 M\u00e9xico y Estados Unidos est\u00e1n viviendo una nueva relaci\u00f3n bilateral, en la que se est\u00e1n priorizando asuntos migratorios y En Sonora en Equipo publicamos toda la informaci\u00f3n de Sonora, M\u00e9xico y el Mundo de manera oportuna y busca que la libertad de expresi\u00f3n sea real. Visita nuestro medio informativo publicado desde Hermosillo, Sonora. %\" \/>\n<meta name=\"robots\" content=\"index, follow, max-snippet:-1, max-image-preview:large, max-video-preview:-1\" \/>\n<link rel=\"canonical\" href=\"https:\/\/www.sonoraenequipo.com.mx\/relacion-mexico-eu-esta-en-nueva-etapa-asegura-ken-salazar\/\" \/>\n<meta property=\"og:locale\" content=\"es_ES\" \/>\n<meta property=\"og:type\" content=\"article\" \/>\n<meta property=\"og:title\" content=\"Sonora en Equipo. Relaci\u00f3n M\u00e9xico-EU est\u00e1 en nueva etapa, asegura Ken Salazar Rep\u00fablica\" \/>\n<meta property=\"og:description\" content=\"CIUDAD DE\u00a0 M\u00c9XICO. MX. \u2014 M\u00e9xico y Estados Unidos est\u00e1n viviendo una nueva relaci\u00f3n bilateral, en la que se est\u00e1n priorizando asuntos migratorios y En Sonora en Equipo publicamos toda la informaci\u00f3n de Sonora, M\u00e9xico y el Mundo de manera oportuna y busca que la libertad de expresi\u00f3n sea real. Visita nuestro medio informativo publicado desde Hermosillo, Sonora. %\" \/>\n<meta property=\"og:url\" content=\"https:\/\/www.sonoraenequipo.com.mx\/relacion-mexico-eu-esta-en-nueva-etapa-asegura-ken-salazar\/\" \/>\n<meta property=\"og:site_name\" content=\"Sonora en Equipo.\" \/>\n<meta property=\"article:publisher\" content=\"https:\/\/www.facebook.com\/SonoraEE\/\" \/>\n<meta property=\"article:author\" content=\"https:\/\/www.facebook.com\/SonoraEE\" \/>\n<meta property=\"article:published_time\" content=\"2022-02-17T23:50:12+00:00\" \/>\n<meta property=\"article:modified_time\" content=\"2022-02-18T16:17:28+00:00\" \/>\n<meta property=\"og:image\" content=\"https:\/\/www.sonoraenequipo.com.mx\/storage\/2022\/02\/Ken-Salazar_opt.jpg\" \/>\n\t<meta property=\"og:image:width\" content=\"700\" \/>\n\t<meta property=\"og:image:height\" content=\"400\" \/>\n\t<meta property=\"og:image:type\" content=\"image\/jpeg\" \/>\n<meta name=\"author\" content=\"enequipo\" \/>\n<meta name=\"twitter:card\" content=\"summary_large_image\" \/>\n<meta name=\"twitter:creator\" content=\"@sonoraenequipo\" \/>\n<meta name=\"twitter:site\" content=\"@sonoraenequipo\" \/>\n<meta name=\"twitter:label1\" content=\"Escrito por\" \/>\n\t<meta name=\"twitter:data1\" content=\"enequipo\" \/>\n\t<meta name=\"twitter:label2\" content=\"Tiempo de lectura\" \/>\n\t<meta name=\"twitter:data2\" content=\"3 minutos\" \/>\n<script type=\"application\/ld+json\" class=\"yoast-schema-graph\">{\"@context\":\"https:\/\/schema.org\",\"@graph\":[{\"@type\":\"Article\",\"@id\":\"https:\/\/www.sonoraenequipo.com.mx\/relacion-mexico-eu-esta-en-nueva-etapa-asegura-ken-salazar\/#article\",\"isPartOf\":{\"@id\":\"https:\/\/www.sonoraenequipo.com.mx\/relacion-mexico-eu-esta-en-nueva-etapa-asegura-ken-salazar\/\"},\"author\":{\"name\":\"enequipo\",\"@id\":\"https:\/\/www.sonoraenequipo.com.mx\/#\/schema\/person\/50102df0fb23a8fa9e8effad8fa81386\"},\"headline\":\"Relaci\u00f3n M\u00e9xico-EU est\u00e1 en nueva etapa, asegura Ken Salazar\",\"datePublished\":\"2022-02-17T23:50:12+00:00\",\"dateModified\":\"2022-02-18T16:17:28+00:00\",\"mainEntityOfPage\":{\"@id\":\"https:\/\/www.sonoraenequipo.com.mx\/relacion-mexico-eu-esta-en-nueva-etapa-asegura-ken-salazar\/\"},\"wordCount\":595,\"commentCount\":0,\"publisher\":{\"@id\":\"https:\/\/www.sonoraenequipo.com.mx\/#organization\"},\"image\":{\"@id\":\"https:\/\/www.sonoraenequipo.com.mx\/relacion-mexico-eu-esta-en-nueva-etapa-asegura-ken-salazar\/#primaryimage\"},\"thumbnailUrl\":\"https:\/\/www.sonoraenequipo.com.mx\/storage\/2022\/02\/Ken-Salazar_opt.jpg\",\"articleSection\":[\"Rep\u00fablica\"],\"inLanguage\":\"es\",\"potentialAction\":[{\"@type\":\"CommentAction\",\"name\":\"Comment\",\"target\":[\"https:\/\/www.sonoraenequipo.com.mx\/relacion-mexico-eu-esta-en-nueva-etapa-asegura-ken-salazar\/#respond\"]}]},{\"@type\":\"WebPage\",\"@id\":\"https:\/\/www.sonoraenequipo.com.mx\/relacion-mexico-eu-esta-en-nueva-etapa-asegura-ken-salazar\/\",\"url\":\"https:\/\/www.sonoraenequipo.com.mx\/relacion-mexico-eu-esta-en-nueva-etapa-asegura-ken-salazar\/\",\"name\":\"Sonora en Equipo. Relaci\u00f3n M\u00e9xico-EU est\u00e1 en nueva etapa, asegura Ken Salazar Rep\u00fablica\",\"isPartOf\":{\"@id\":\"https:\/\/www.sonoraenequipo.com.mx\/#website\"},\"primaryImageOfPage\":{\"@id\":\"https:\/\/www.sonoraenequipo.com.mx\/relacion-mexico-eu-esta-en-nueva-etapa-asegura-ken-salazar\/#primaryimage\"},\"image\":{\"@id\":\"https:\/\/www.sonoraenequipo.com.mx\/relacion-mexico-eu-esta-en-nueva-etapa-asegura-ken-salazar\/#primaryimage\"},\"thumbnailUrl\":\"https:\/\/www.sonoraenequipo.com.mx\/storage\/2022\/02\/Ken-Salazar_opt.jpg\",\"datePublished\":\"2022-02-17T23:50:12+00:00\",\"dateModified\":\"2022-02-18T16:17:28+00:00\",\"description\":\"CIUDAD DE\u00a0 M\u00c9XICO. MX. \u2014 M\u00e9xico y Estados Unidos est\u00e1n viviendo una nueva relaci\u00f3n bilateral, en la que se est\u00e1n priorizando asuntos migratorios y En Sonora en Equipo publicamos toda la informaci\u00f3n de Sonora, M\u00e9xico y el Mundo de manera oportuna y busca que la libertad de expresi\u00f3n sea real. Visita nuestro medio informativo publicado desde Hermosillo, Sonora. %\",\"breadcrumb\":{\"@id\":\"https:\/\/www.sonoraenequipo.com.mx\/relacion-mexico-eu-esta-en-nueva-etapa-asegura-ken-salazar\/#breadcrumb\"},\"inLanguage\":\"es\",\"potentialAction\":[{\"@type\":\"ReadAction\",\"target\":[\"https:\/\/www.sonoraenequipo.com.mx\/relacion-mexico-eu-esta-en-nueva-etapa-asegura-ken-salazar\/\"]}]},{\"@type\":\"ImageObject\",\"inLanguage\":\"es\",\"@id\":\"https:\/\/www.sonoraenequipo.com.mx\/relacion-mexico-eu-esta-en-nueva-etapa-asegura-ken-salazar\/#primaryimage\",\"url\":\"https:\/\/www.sonoraenequipo.com.mx\/storage\/2022\/02\/Ken-Salazar_opt.jpg\",\"contentUrl\":\"https:\/\/www.sonoraenequipo.com.mx\/storage\/2022\/02\/Ken-Salazar_opt.jpg\",\"width\":700,\"height\":400},{\"@type\":\"BreadcrumbList\",\"@id\":\"https:\/\/www.sonoraenequipo.com.mx\/relacion-mexico-eu-esta-en-nueva-etapa-asegura-ken-salazar\/#breadcrumb\",\"itemListElement\":[{\"@type\":\"ListItem\",\"position\":1,\"name\":\"Portada\",\"item\":\"https:\/\/www.sonoraenequipo.com.mx\/\"},{\"@type\":\"ListItem\",\"position\":2,\"name\":\"Relaci\u00f3n M\u00e9xico-EU est\u00e1 en nueva etapa, asegura Ken Salazar\"}]},{\"@type\":\"WebSite\",\"@id\":\"https:\/\/www.sonoraenequipo.com.mx\/#website\",\"url\":\"https:\/\/www.sonoraenequipo.com.mx\/\",\"name\":\"Sonora en Equipo.\",\"description\":\"Diario en l\u00ednea con Noticias desde Hermosillo, Sonora\",\"publisher\":{\"@id\":\"https:\/\/www.sonoraenequipo.com.mx\/#organization\"},\"potentialAction\":[{\"@type\":\"SearchAction\",\"target\":{\"@type\":\"EntryPoint\",\"urlTemplate\":\"https:\/\/www.sonoraenequipo.com.mx\/?s={search_term_string}\"},\"query-input\":{\"@type\":\"PropertyValueSpecification\",\"valueRequired\":true,\"valueName\":\"search_term_string\"}}],\"inLanguage\":\"es\"},{\"@type\":\"Organization\",\"@id\":\"https:\/\/www.sonoraenequipo.com.mx\/#organization\",\"name\":\"Sonoraenequipo.com.mx\",\"url\":\"https:\/\/www.sonoraenequipo.com.mx\/\",\"logo\":{\"@type\":\"ImageObject\",\"inLanguage\":\"es\",\"@id\":\"https:\/\/www.sonoraenequipo.com.mx\/#\/schema\/logo\/image\/\",\"url\":\"https:\/\/www.sonoraenequipo.com.mx\/storage\/2019\/01\/sonoraenequipo_opt.png\",\"contentUrl\":\"https:\/\/www.sonoraenequipo.com.mx\/storage\/2019\/01\/sonoraenequipo_opt.png\",\"width\":375,\"height\":125,\"caption\":\"Sonoraenequipo.com.mx\"},\"image\":{\"@id\":\"https:\/\/www.sonoraenequipo.com.mx\/#\/schema\/logo\/image\/\"},\"sameAs\":[\"https:\/\/www.facebook.com\/SonoraEE\/\",\"https:\/\/x.com\/sonoraenequipo\",\"https:\/\/www.youtube.com\/channel\/UC338nW-lPEYmJQs4ZABQ1SQ\"]},{\"@type\":\"Person\",\"@id\":\"https:\/\/www.sonoraenequipo.com.mx\/#\/schema\/person\/50102df0fb23a8fa9e8effad8fa81386\",\"name\":\"enequipo\",\"image\":{\"@type\":\"ImageObject\",\"inLanguage\":\"es\",\"@id\":\"https:\/\/www.sonoraenequipo.com.mx\/#\/schema\/person\/image\/\",\"url\":\"https:\/\/secure.gravatar.com\/avatar\/049821681b589dabc0bc20695993ccebb09f5b5d4d790cd9251b97faac7c652b?s=96&d=blank&r=g\",\"contentUrl\":\"https:\/\/secure.gravatar.com\/avatar\/049821681b589dabc0bc20695993ccebb09f5b5d4d790cd9251b97faac7c652b?s=96&d=blank&r=g\",\"caption\":\"enequipo\"},\"sameAs\":[\"https:\/\/www.facebook.com\/SonoraEE\"]}]}<\/script>\n ","yoast_head_json":{"title":"Sonora en Equipo. Relaci\u00f3n M\u00e9xico-EU est\u00e1 en nueva etapa, asegura Ken Salazar Rep\u00fablica","description":"CIUDAD DE\u00a0 M\u00c9XICO. MX. \u2014 M\u00e9xico y Estados Unidos est\u00e1n viviendo una nueva relaci\u00f3n bilateral, en la que se est\u00e1n priorizando asuntos migratorios y En Sonora en Equipo publicamos toda la informaci\u00f3n de Sonora, M\u00e9xico y el Mundo de manera oportuna y busca que la libertad de expresi\u00f3n sea real. Visita nuestro medio informativo publicado desde Hermosillo, Sonora. %","robots":{"index":"index","follow":"follow","max-snippet":"max-snippet:-1","max-image-preview":"max-image-preview:large","max-video-preview":"max-video-preview:-1"},"canonical":"https:\/\/www.sonoraenequipo.com.mx\/relacion-mexico-eu-esta-en-nueva-etapa-asegura-ken-salazar\/","og_locale":"es_ES","og_type":"article","og_title":"Sonora en Equipo. Relaci\u00f3n M\u00e9xico-EU est\u00e1 en nueva etapa, asegura Ken Salazar Rep\u00fablica","og_description":"CIUDAD DE\u00a0 M\u00c9XICO. MX. \u2014 M\u00e9xico y Estados Unidos est\u00e1n viviendo una nueva relaci\u00f3n bilateral, en la que se est\u00e1n priorizando asuntos migratorios y En Sonora en Equipo publicamos toda la informaci\u00f3n de Sonora, M\u00e9xico y el Mundo de manera oportuna y busca que la libertad de expresi\u00f3n sea real. Visita nuestro medio informativo publicado desde Hermosillo, Sonora. %","og_url":"https:\/\/www.sonoraenequipo.com.mx\/relacion-mexico-eu-esta-en-nueva-etapa-asegura-ken-salazar\/","og_site_name":"Sonora en Equipo.","article_publisher":"https:\/\/www.facebook.com\/SonoraEE\/","article_author":"https:\/\/www.facebook.com\/SonoraEE","article_published_time":"2022-02-17T23:50:12+00:00","article_modified_time":"2022-02-18T16:17:28+00:00","og_image":[{"width":700,"height":400,"url":"https:\/\/www.sonoraenequipo.com.mx\/storage\/2022\/02\/Ken-Salazar_opt.jpg","type":"image\/jpeg"}],"author":"enequipo","twitter_card":"summary_large_image","twitter_creator":"@sonoraenequipo","twitter_site":"@sonoraenequipo","twitter_misc":{"Escrito por":"enequipo","Tiempo de lectura":"3 minutos"},"schema":{"@context":"https:\/\/schema.org","@graph":[{"@type":"Article","@id":"https:\/\/www.sonoraenequipo.com.mx\/relacion-mexico-eu-esta-en-nueva-etapa-asegura-ken-salazar\/#article","isPartOf":{"@id":"https:\/\/www.sonoraenequipo.com.mx\/relacion-mexico-eu-esta-en-nueva-etapa-asegura-ken-salazar\/"},"author":{"name":"enequipo","@id":"https:\/\/www.sonoraenequipo.com.mx\/#\/schema\/person\/50102df0fb23a8fa9e8effad8fa81386"},"headline":"Relaci\u00f3n M\u00e9xico-EU est\u00e1 en nueva etapa, asegura Ken Salazar","datePublished":"2022-02-17T23:50:12+00:00","dateModified":"2022-02-18T16:17:28+00:00","mainEntityOfPage":{"@id":"https:\/\/www.sonoraenequipo.com.mx\/relacion-mexico-eu-esta-en-nueva-etapa-asegura-ken-salazar\/"},"wordCount":595,"commentCount":0,"publisher":{"@id":"https:\/\/www.sonoraenequipo.com.mx\/#organization"},"image":{"@id":"https:\/\/www.sonoraenequipo.com.mx\/relacion-mexico-eu-esta-en-nueva-etapa-asegura-ken-salazar\/#primaryimage"},"thumbnailUrl":"https:\/\/www.sonoraenequipo.com.mx\/storage\/2022\/02\/Ken-Salazar_opt.jpg","articleSection":["Rep\u00fablica"],"inLanguage":"es","potentialAction":[{"@type":"CommentAction","name":"Comment","target":["https:\/\/www.sonoraenequipo.com.mx\/relacion-mexico-eu-esta-en-nueva-etapa-asegura-ken-salazar\/#respond"]}]},{"@type":"WebPage","@id":"https:\/\/www.sonoraenequipo.com.mx\/relacion-mexico-eu-esta-en-nueva-etapa-asegura-ken-salazar\/","url":"https:\/\/www.sonoraenequipo.com.mx\/relacion-mexico-eu-esta-en-nueva-etapa-asegura-ken-salazar\/","name":"Sonora en Equipo. Relaci\u00f3n M\u00e9xico-EU est\u00e1 en nueva etapa, asegura Ken Salazar Rep\u00fablica","isPartOf":{"@id":"https:\/\/www.sonoraenequipo.com.mx\/#website"},"primaryImageOfPage":{"@id":"https:\/\/www.sonoraenequipo.com.mx\/relacion-mexico-eu-esta-en-nueva-etapa-asegura-ken-salazar\/#primaryimage"},"image":{"@id":"https:\/\/www.sonoraenequipo.com.mx\/relacion-mexico-eu-esta-en-nueva-etapa-asegura-ken-salazar\/#primaryimage"},"thumbnailUrl":"https:\/\/www.sonoraenequipo.com.mx\/storage\/2022\/02\/Ken-Salazar_opt.jpg","datePublished":"2022-02-17T23:50:12+00:00","dateModified":"2022-02-18T16:17:28+00:00","description":"CIUDAD DE\u00a0 M\u00c9XICO. MX. \u2014 M\u00e9xico y Estados Unidos est\u00e1n viviendo una nueva relaci\u00f3n bilateral, en la que se est\u00e1n priorizando asuntos migratorios y En Sonora en Equipo publicamos toda la informaci\u00f3n de Sonora, M\u00e9xico y el Mundo de manera oportuna y busca que la libertad de expresi\u00f3n sea real. Visita nuestro medio informativo publicado desde Hermosillo, Sonora. %","breadcrumb":{"@id":"https:\/\/www.sonoraenequipo.com.mx\/relacion-mexico-eu-esta-en-nueva-etapa-asegura-ken-salazar\/#breadcrumb"},"inLanguage":"es","potentialAction":[{"@type":"ReadAction","target":["https:\/\/www.sonoraenequipo.com.mx\/relacion-mexico-eu-esta-en-nueva-etapa-asegura-ken-salazar\/"]}]},{"@type":"ImageObject","inLanguage":"es","@id":"https:\/\/www.sonoraenequipo.com.mx\/relacion-mexico-eu-esta-en-nueva-etapa-asegura-ken-salazar\/#primaryimage","url":"https:\/\/www.sonoraenequipo.com.mx\/storage\/2022\/02\/Ken-Salazar_opt.jpg","contentUrl":"https:\/\/www.sonoraenequipo.com.mx\/storage\/2022\/02\/Ken-Salazar_opt.jpg","width":700,"height":400},{"@type":"BreadcrumbList","@id":"https:\/\/www.sonoraenequipo.com.mx\/relacion-mexico-eu-esta-en-nueva-etapa-asegura-ken-salazar\/#breadcrumb","itemListElement":[{"@type":"ListItem","position":1,"name":"Portada","item":"https:\/\/www.sonoraenequipo.com.mx\/"},{"@type":"ListItem","position":2,"name":"Relaci\u00f3n M\u00e9xico-EU est\u00e1 en nueva etapa, asegura Ken Salazar"}]},{"@type":"WebSite","@id":"https:\/\/www.sonoraenequipo.com.mx\/#website","url":"https:\/\/www.sonoraenequipo.com.mx\/","name":"Sonora en Equipo.","description":"Diario en l\u00ednea con Noticias desde Hermosillo, Sonora","publisher":{"@id":"https:\/\/www.sonoraenequipo.com.mx\/#organization"},"potentialAction":[{"@type":"SearchAction","target":{"@type":"EntryPoint","urlTemplate":"https:\/\/www.sonoraenequipo.com.mx\/?s={search_term_string}"},"query-input":{"@type":"PropertyValueSpecification","valueRequired":true,"valueName":"search_term_string"}}],"inLanguage":"es"},{"@type":"Organization","@id":"https:\/\/www.sonoraenequipo.com.mx\/#organization","name":"Sonoraenequipo.com.mx","url":"https:\/\/www.sonoraenequipo.com.mx\/","logo":{"@type":"ImageObject","inLanguage":"es","@id":"https:\/\/www.sonoraenequipo.com.mx\/#\/schema\/logo\/image\/","url":"https:\/\/www.sonoraenequipo.com.mx\/storage\/2019\/01\/sonoraenequipo_opt.png","contentUrl":"https:\/\/www.sonoraenequipo.com.mx\/storage\/2019\/01\/sonoraenequipo_opt.png","width":375,"height":125,"caption":"Sonoraenequipo.com.mx"},"image":{"@id":"https:\/\/www.sonoraenequipo.com.mx\/#\/schema\/logo\/image\/"},"sameAs":["https:\/\/www.facebook.com\/SonoraEE\/","https:\/\/x.com\/sonoraenequipo","https:\/\/www.youtube.com\/channel\/UC338nW-lPEYmJQs4ZABQ1SQ"]},{"@type":"Person","@id":"https:\/\/www.sonoraenequipo.com.mx\/#\/schema\/person\/50102df0fb23a8fa9e8effad8fa81386","name":"enequipo","image":{"@type":"ImageObject","inLanguage":"es","@id":"https:\/\/www.sonoraenequipo.com.mx\/#\/schema\/person\/image\/","url":"https:\/\/secure.gravatar.com\/avatar\/049821681b589dabc0bc20695993ccebb09f5b5d4d790cd9251b97faac7c652b?s=96&d=blank&r=g","contentUrl":"https:\/\/secure.gravatar.com\/avatar\/049821681b589dabc0bc20695993ccebb09f5b5d4d790cd9251b97faac7c652b?s=96&d=blank&r=g","caption":"enequipo"},"sameAs":["https:\/\/www.facebook.com\/SonoraEE"]}]}},"jetpack_featured_media_url":"https:\/\/www.sonoraenequipo.com.mx\/storage\/2022\/02\/Ken-Salazar_opt.jpg","_links":{"self":[{"href":"https:\/\/www.sonoraenequipo.com.mx\/api\/wp\/v2\/posts\/133386","targetHints":{"allow":["GET"]}}],"collection":[{"href":"https:\/\/www.sonoraenequipo.com.mx\/api\/wp\/v2\/posts"}],"about":[{"href":"https:\/\/www.sonoraenequipo.com.mx\/api\/wp\/v2\/types\/post"}],"author":[{"embeddable":true,"href":"https:\/\/www.sonoraenequipo.com.mx\/api\/wp\/v2\/users\/1"}],"replies":[{"embeddable":true,"href":"https:\/\/www.sonoraenequipo.com.mx\/api\/wp\/v2\/comments?post=133386"}],"version-history":[{"count":1,"href":"https:\/\/www.sonoraenequipo.com.mx\/api\/wp\/v2\/posts\/133386\/revisions"}],"predecessor-version":[{"id":133388,"href":"https:\/\/www.sonoraenequipo.com.mx\/api\/wp\/v2\/posts\/133386\/revisions\/133388"}],"wp:featuredmedia":[{"embeddable":true,"href":"https:\/\/www.sonoraenequipo.com.mx\/api\/wp\/v2\/media\/133387"}],"wp:attachment":[{"href":"https:\/\/www.sonoraenequipo.com.mx\/api\/wp\/v2\/media?parent=133386"}],"wp:term":[{"taxonomy":"category","embeddable":true,"href":"https:\/\/www.sonoraenequipo.com.mx\/api\/wp\/v2\/categories?post=133386"},{"taxonomy":"post_tag","embeddable":true,"href":"https:\/\/www.sonoraenequipo.com.mx\/api\/wp\/v2\/tags?post=133386"}],"curies":[{"name":"wp","href":"https:\/\/api.w.org\/{rel}","templated":true}]}}