{"id":133389,"date":"2022-02-17T19:40:24","date_gmt":"2022-02-18T02:40:24","guid":{"rendered":"https:\/\/www.sonoraenequipo.com.mx\/?p=133389"},"modified":"2022-02-18T09:46:20","modified_gmt":"2022-02-18T16:46:20","slug":"creara-argentina-empresa-nacional-de-alimentos-para-combatir-inflacion","status":"publish","type":"post","link":"https:\/\/www.sonoraenequipo.com.mx\/creara-argentina-empresa-nacional-de-alimentos-para-combatir-inflacion\/","title":{"rendered":"Crear\u00e1 Argentina empresa nacional de alimentos para combatir inflaci\u00f3n"},"content":{"rendered":"<p><strong>BUENOS AIRES, ARGENTINA. \u2014 <\/strong>El gobierno de Alberto Fern\u00e1ndez proyecta crear una empresa nacional de alimentos en el en\u00e9simo intento por frenar la inflaci\u00f3n tras el fracaso de la pol\u00edtica de control de precios en Argentina.<\/p>\n<p>&nbsp;<\/p>\n<p> <\/p>\n<p>La portavoz gubernamental Gabriela Cerrutti adelant\u00f3 el jueves que esta iniciativa permitir\u00e1 que la producci\u00f3n peque\u00f1a y mediana de verduras y hortalizas <em>\u201cllegue de manera m\u00e1s econ\u00f3mica, m\u00e1s barata, a los diferentes hogares\u201d.<\/em><\/p>\n<p>&nbsp;<\/p>\n<p>El anuncio se conoce d\u00edas despu\u00e9s que el Instituto Nacional de Estad\u00edsticas y Censos (INDEC) inform\u00f3 que la inflaci\u00f3n de enero fue de 3.9 por ciento. En 2021 el costo de vida aument\u00f3 50.9 por ciento pese a que en los \u00faltimos meses del a\u00f1o pasado el gobierno hab\u00eda implementado un sistema de control de precios mediante acuerdos con las c\u00e1maras empresariales de distintos sectores.<\/p>\n<p>&nbsp;<\/p>\n<p>La inflaci\u00f3n de Argentina est\u00e1 entre las m\u00e1s altas del mundo y en la regi\u00f3n s\u00f3lo es superada por la de Venezuela.<\/p>\n<p>&nbsp;<\/p>\n<p>El dato m\u00e1s alarmante en el primer mes del a\u00f1o fue que siete de los 12 rubros de referencia con los que se elabora el \u00edndice de precios al consumidor registraron incrementos superiores a 3 por ciento.<\/p>\n<p>&nbsp;<\/p>\n<p>Los analistas coinciden en que la pol\u00edtica de control de precios es como darle una aspirina a un enfermo terminal, ya que el problema de la inflaci\u00f3n en Argentina, que se remonta a principios de los 2000, requiere corregir los desequilibrios macroecon\u00f3micos.<\/p>\n<p>&nbsp;<\/p>\n<p><em>\u201cA pesar de los extensos y cada vez m\u00e1s amplios mecanismos de control de precios formales e informales la alta inflaci\u00f3n ahora est\u00e1 profundamente arraigada y arraigada en los mecanismos de formaci\u00f3n de precios y salarios\u201d,<\/em> advirti\u00f3 el economista Alberto Ramos, de la consultora Goldman Sachs.<\/p>\n<p>&nbsp;<\/p>\n<p><em>\u201cEsto atestigua los desequilibrios significativos de las pol\u00edticas macroecon\u00f3micas y el fracaso de la autoridad monetaria en asegurar el control monetario y lograr una inflaci\u00f3n baja y estable\u201d.<\/em><\/p>\n<p>&nbsp;<\/p>\n<p>Cerrutti asegur\u00f3 que <em>\u201cel gobierno est\u00e1 buscando estrategias, como que los peque\u00f1os productores puedan llegar a distribuir sus mercader\u00edas o que los precios estacionales se desacoplen de los internacionales\u201d.<\/em> No dio m\u00e1s detalles sobre la empresa nacional de alimentos ni cu\u00e1ndo entrar\u00eda en funcionamiento.<\/p>\n<p>&nbsp;<\/p>\n<p>La estrategia oficial, seg\u00fan la funcionaria, tambi\u00e9n requiere que se materialice el acuerdo con el Fondo Monetario Internacional (FMI) por la refinanciaci\u00f3n de la deuda de 44 mil 500 millones de d\u00f3lares contra\u00edda en 2018 para lograr<em> \u201ccierta estabilidad financiera\u201d.<\/em><\/p>\n<p>&nbsp;<\/p>\n<p>En la pr\u00e1ctica, Argentina toma como referencia la cotizaci\u00f3n del d\u00f3lar para fijar los precios y la divisa estadunidense super\u00f3 su valor hist\u00f3rico en el mercado informal de cambios ante el riesgo de una nueva cesaci\u00f3n de pagos.<\/p>\n<p>&nbsp;<\/p>\n<p>El gobierno y el FMI llegaron a un principio de acuerdo a fines de enero, pero todav\u00eda se est\u00e1n negociando los detalles. Adem\u00e1s, la refinanciaci\u00f3n de la deuda requiere de la aprobaci\u00f3n del Congreso y a\u00fan no est\u00e1 claro que el oficialismo obtenga los votos necesarios.<\/p>\n<p>&nbsp;<\/p>\n<p>&nbsp;<\/p>\n<p>(Publicada el 17\/02\/2022 \/ )<\/p>\n","protected":false},"excerpt":{"rendered":"<p>BUENOS AIRES, ARGENTINA. \u2014 El gobierno de Alberto Fern\u00e1ndez proyecta crear una empresa nacional de&#8230;<\/p>\n","protected":false},"author":1,"featured_media":133390,"comment_status":"open","ping_status":"open","sticky":false,"template":"","format":"standard","meta":{"_monsterinsights_skip_tracking":false,"_monsterinsights_sitenote_active":false,"_monsterinsights_sitenote_note":"","_monsterinsights_sitenote_category":0,"footnotes":""},"categories":[3],"tags":[],"class_list":["post"],"yoast_head":" \n<title>Sonora en Equipo. Crear\u00e1 Argentina empresa nacional de alimentos para combatir inflaci\u00f3n MUNDO<\/title>\n<meta name=\"description\" content=\"BUENOS AIRES, ARGENTINA. \u2014 El gobierno de Alberto Fern\u00e1ndez proyecta crear una empresa nacional de alimentos en el en\u00e9simo intento por frenar la inflaci\u00f3n En Sonora en Equipo publicamos toda la informaci\u00f3n de Sonora, M\u00e9xico y el Mundo de manera oportuna y busca que la libertad de expresi\u00f3n sea real. Visita nuestro medio informativo publicado desde Hermosillo, Sonora. %\" \/>\n<meta name=\"robots\" content=\"index, follow, max-snippet:-1, max-image-preview:large, max-video-preview:-1\" \/>\n<link rel=\"canonical\" href=\"https:\/\/www.sonoraenequipo.com.mx\/creara-argentina-empresa-nacional-de-alimentos-para-combatir-inflacion\/\" \/>\n<meta property=\"og:locale\" content=\"es_ES\" \/>\n<meta property=\"og:type\" content=\"article\" \/>\n<meta property=\"og:title\" content=\"Sonora en Equipo. Crear\u00e1 Argentina empresa nacional de alimentos para combatir inflaci\u00f3n MUNDO\" \/>\n<meta property=\"og:description\" content=\"BUENOS AIRES, ARGENTINA. \u2014 El gobierno de Alberto Fern\u00e1ndez proyecta crear una empresa nacional de alimentos en el en\u00e9simo intento por frenar la inflaci\u00f3n En Sonora en Equipo publicamos toda la informaci\u00f3n de Sonora, M\u00e9xico y el Mundo de manera oportuna y busca que la libertad de expresi\u00f3n sea real. Visita nuestro medio informativo publicado desde Hermosillo, Sonora. %\" \/>\n<meta property=\"og:url\" content=\"https:\/\/www.sonoraenequipo.com.mx\/creara-argentina-empresa-nacional-de-alimentos-para-combatir-inflacion\/\" \/>\n<meta property=\"og:site_name\" content=\"Sonora en Equipo.\" \/>\n<meta property=\"article:publisher\" content=\"https:\/\/www.facebook.com\/SonoraEE\/\" \/>\n<meta property=\"article:author\" content=\"https:\/\/www.facebook.com\/SonoraEE\" \/>\n<meta property=\"article:published_time\" content=\"2022-02-18T02:40:24+00:00\" \/>\n<meta property=\"article:modified_time\" content=\"2022-02-18T16:46:20+00:00\" \/>\n<meta property=\"og:image\" content=\"https:\/\/www.sonoraenequipo.com.mx\/storage\/2022\/02\/argentina-pobreza_opt.jpg\" \/>\n\t<meta property=\"og:image:width\" content=\"700\" \/>\n\t<meta property=\"og:image:height\" content=\"400\" \/>\n\t<meta property=\"og:image:type\" content=\"image\/jpeg\" \/>\n<meta name=\"author\" content=\"enequipo\" \/>\n<meta name=\"twitter:card\" content=\"summary_large_image\" \/>\n<meta name=\"twitter:creator\" content=\"@sonoraenequipo\" \/>\n<meta name=\"twitter:site\" content=\"@sonoraenequipo\" \/>\n<meta name=\"twitter:label1\" content=\"Escrito por\" \/>\n\t<meta name=\"twitter:data1\" content=\"enequipo\" \/>\n\t<meta name=\"twitter:label2\" content=\"Tiempo de lectura\" \/>\n\t<meta name=\"twitter:data2\" content=\"3 minutos\" \/>\n<script type=\"application\/ld+json\" class=\"yoast-schema-graph\">{\"@context\":\"https:\/\/schema.org\",\"@graph\":[{\"@type\":\"Article\",\"@id\":\"https:\/\/www.sonoraenequipo.com.mx\/creara-argentina-empresa-nacional-de-alimentos-para-combatir-inflacion\/#article\",\"isPartOf\":{\"@id\":\"https:\/\/www.sonoraenequipo.com.mx\/creara-argentina-empresa-nacional-de-alimentos-para-combatir-inflacion\/\"},\"author\":{\"name\":\"enequipo\",\"@id\":\"https:\/\/www.sonoraenequipo.com.mx\/#\/schema\/person\/50102df0fb23a8fa9e8effad8fa81386\"},\"headline\":\"Crear\u00e1 Argentina empresa nacional de alimentos para combatir inflaci\u00f3n\",\"datePublished\":\"2022-02-18T02:40:24+00:00\",\"dateModified\":\"2022-02-18T16:46:20+00:00\",\"mainEntityOfPage\":{\"@id\":\"https:\/\/www.sonoraenequipo.com.mx\/creara-argentina-empresa-nacional-de-alimentos-para-combatir-inflacion\/\"},\"wordCount\":544,\"commentCount\":0,\"publisher\":{\"@id\":\"https:\/\/www.sonoraenequipo.com.mx\/#organization\"},\"image\":{\"@id\":\"https:\/\/www.sonoraenequipo.com.mx\/creara-argentina-empresa-nacional-de-alimentos-para-combatir-inflacion\/#primaryimage\"},\"thumbnailUrl\":\"https:\/\/www.sonoraenequipo.com.mx\/storage\/2022\/02\/argentina-pobreza_opt.jpg\",\"articleSection\":[\"MUNDO\"],\"inLanguage\":\"es\",\"potentialAction\":[{\"@type\":\"CommentAction\",\"name\":\"Comment\",\"target\":[\"https:\/\/www.sonoraenequipo.com.mx\/creara-argentina-empresa-nacional-de-alimentos-para-combatir-inflacion\/#respond\"]}]},{\"@type\":\"WebPage\",\"@id\":\"https:\/\/www.sonoraenequipo.com.mx\/creara-argentina-empresa-nacional-de-alimentos-para-combatir-inflacion\/\",\"url\":\"https:\/\/www.sonoraenequipo.com.mx\/creara-argentina-empresa-nacional-de-alimentos-para-combatir-inflacion\/\",\"name\":\"Sonora en Equipo. Crear\u00e1 Argentina empresa nacional de alimentos para combatir inflaci\u00f3n MUNDO\",\"isPartOf\":{\"@id\":\"https:\/\/www.sonoraenequipo.com.mx\/#website\"},\"primaryImageOfPage\":{\"@id\":\"https:\/\/www.sonoraenequipo.com.mx\/creara-argentina-empresa-nacional-de-alimentos-para-combatir-inflacion\/#primaryimage\"},\"image\":{\"@id\":\"https:\/\/www.sonoraenequipo.com.mx\/creara-argentina-empresa-nacional-de-alimentos-para-combatir-inflacion\/#primaryimage\"},\"thumbnailUrl\":\"https:\/\/www.sonoraenequipo.com.mx\/storage\/2022\/02\/argentina-pobreza_opt.jpg\",\"datePublished\":\"2022-02-18T02:40:24+00:00\",\"dateModified\":\"2022-02-18T16:46:20+00:00\",\"description\":\"BUENOS AIRES, ARGENTINA. \u2014 El gobierno de Alberto Fern\u00e1ndez proyecta crear una empresa nacional de alimentos en el en\u00e9simo intento por frenar la inflaci\u00f3n En Sonora en Equipo publicamos toda la informaci\u00f3n de Sonora, M\u00e9xico y el Mundo de manera oportuna y busca que la libertad de expresi\u00f3n sea real. Visita nuestro medio informativo publicado desde Hermosillo, Sonora. %\",\"breadcrumb\":{\"@id\":\"https:\/\/www.sonoraenequipo.com.mx\/creara-argentina-empresa-nacional-de-alimentos-para-combatir-inflacion\/#breadcrumb\"},\"inLanguage\":\"es\",\"potentialAction\":[{\"@type\":\"ReadAction\",\"target\":[\"https:\/\/www.sonoraenequipo.com.mx\/creara-argentina-empresa-nacional-de-alimentos-para-combatir-inflacion\/\"]}]},{\"@type\":\"ImageObject\",\"inLanguage\":\"es\",\"@id\":\"https:\/\/www.sonoraenequipo.com.mx\/creara-argentina-empresa-nacional-de-alimentos-para-combatir-inflacion\/#primaryimage\",\"url\":\"https:\/\/www.sonoraenequipo.com.mx\/storage\/2022\/02\/argentina-pobreza_opt.jpg\",\"contentUrl\":\"https:\/\/www.sonoraenequipo.com.mx\/storage\/2022\/02\/argentina-pobreza_opt.jpg\",\"width\":700,\"height\":400},{\"@type\":\"BreadcrumbList\",\"@id\":\"https:\/\/www.sonoraenequipo.com.mx\/creara-argentina-empresa-nacional-de-alimentos-para-combatir-inflacion\/#breadcrumb\",\"itemListElement\":[{\"@type\":\"ListItem\",\"position\":1,\"name\":\"Portada\",\"item\":\"https:\/\/www.sonoraenequipo.com.mx\/\"},{\"@type\":\"ListItem\",\"position\":2,\"name\":\"Crear\u00e1 Argentina empresa nacional de alimentos para combatir inflaci\u00f3n\"}]},{\"@type\":\"WebSite\",\"@id\":\"https:\/\/www.sonoraenequipo.com.mx\/#website\",\"url\":\"https:\/\/www.sonoraenequipo.com.mx\/\",\"name\":\"Sonora en Equipo.\",\"description\":\"Diario en l\u00ednea con Noticias desde Hermosillo, Sonora\",\"publisher\":{\"@id\":\"https:\/\/www.sonoraenequipo.com.mx\/#organization\"},\"potentialAction\":[{\"@type\":\"SearchAction\",\"target\":{\"@type\":\"EntryPoint\",\"urlTemplate\":\"https:\/\/www.sonoraenequipo.com.mx\/?s={search_term_string}\"},\"query-input\":{\"@type\":\"PropertyValueSpecification\",\"valueRequired\":true,\"valueName\":\"search_term_string\"}}],\"inLanguage\":\"es\"},{\"@type\":\"Organization\",\"@id\":\"https:\/\/www.sonoraenequipo.com.mx\/#organization\",\"name\":\"Sonoraenequipo.com.mx\",\"url\":\"https:\/\/www.sonoraenequipo.com.mx\/\",\"logo\":{\"@type\":\"ImageObject\",\"inLanguage\":\"es\",\"@id\":\"https:\/\/www.sonoraenequipo.com.mx\/#\/schema\/logo\/image\/\",\"url\":\"https:\/\/www.sonoraenequipo.com.mx\/storage\/2019\/01\/sonoraenequipo_opt.png\",\"contentUrl\":\"https:\/\/www.sonoraenequipo.com.mx\/storage\/2019\/01\/sonoraenequipo_opt.png\",\"width\":375,\"height\":125,\"caption\":\"Sonoraenequipo.com.mx\"},\"image\":{\"@id\":\"https:\/\/www.sonoraenequipo.com.mx\/#\/schema\/logo\/image\/\"},\"sameAs\":[\"https:\/\/www.facebook.com\/SonoraEE\/\",\"https:\/\/x.com\/sonoraenequipo\",\"https:\/\/www.youtube.com\/channel\/UC338nW-lPEYmJQs4ZABQ1SQ\"]},{\"@type\":\"Person\",\"@id\":\"https:\/\/www.sonoraenequipo.com.mx\/#\/schema\/person\/50102df0fb23a8fa9e8effad8fa81386\",\"name\":\"enequipo\",\"image\":{\"@type\":\"ImageObject\",\"inLanguage\":\"es\",\"@id\":\"https:\/\/www.sonoraenequipo.com.mx\/#\/schema\/person\/image\/\",\"url\":\"https:\/\/secure.gravatar.com\/avatar\/049821681b589dabc0bc20695993ccebb09f5b5d4d790cd9251b97faac7c652b?s=96&d=blank&r=g\",\"contentUrl\":\"https:\/\/secure.gravatar.com\/avatar\/049821681b589dabc0bc20695993ccebb09f5b5d4d790cd9251b97faac7c652b?s=96&d=blank&r=g\",\"caption\":\"enequipo\"},\"sameAs\":[\"https:\/\/www.facebook.com\/SonoraEE\"]}]}<\/script>\n ","yoast_head_json":{"title":"Sonora en Equipo. Crear\u00e1 Argentina empresa nacional de alimentos para combatir inflaci\u00f3n MUNDO","description":"BUENOS AIRES, ARGENTINA. \u2014 El gobierno de Alberto Fern\u00e1ndez proyecta crear una empresa nacional de alimentos en el en\u00e9simo intento por frenar la inflaci\u00f3n En Sonora en Equipo publicamos toda la informaci\u00f3n de Sonora, M\u00e9xico y el Mundo de manera oportuna y busca que la libertad de expresi\u00f3n sea real. Visita nuestro medio informativo publicado desde Hermosillo, Sonora. %","robots":{"index":"index","follow":"follow","max-snippet":"max-snippet:-1","max-image-preview":"max-image-preview:large","max-video-preview":"max-video-preview:-1"},"canonical":"https:\/\/www.sonoraenequipo.com.mx\/creara-argentina-empresa-nacional-de-alimentos-para-combatir-inflacion\/","og_locale":"es_ES","og_type":"article","og_title":"Sonora en Equipo. Crear\u00e1 Argentina empresa nacional de alimentos para combatir inflaci\u00f3n MUNDO","og_description":"BUENOS AIRES, ARGENTINA. \u2014 El gobierno de Alberto Fern\u00e1ndez proyecta crear una empresa nacional de alimentos en el en\u00e9simo intento por frenar la inflaci\u00f3n En Sonora en Equipo publicamos toda la informaci\u00f3n de Sonora, M\u00e9xico y el Mundo de manera oportuna y busca que la libertad de expresi\u00f3n sea real. Visita nuestro medio informativo publicado desde Hermosillo, Sonora. %","og_url":"https:\/\/www.sonoraenequipo.com.mx\/creara-argentina-empresa-nacional-de-alimentos-para-combatir-inflacion\/","og_site_name":"Sonora en Equipo.","article_publisher":"https:\/\/www.facebook.com\/SonoraEE\/","article_author":"https:\/\/www.facebook.com\/SonoraEE","article_published_time":"2022-02-18T02:40:24+00:00","article_modified_time":"2022-02-18T16:46:20+00:00","og_image":[{"width":700,"height":400,"url":"https:\/\/www.sonoraenequipo.com.mx\/storage\/2022\/02\/argentina-pobreza_opt.jpg","type":"image\/jpeg"}],"author":"enequipo","twitter_card":"summary_large_image","twitter_creator":"@sonoraenequipo","twitter_site":"@sonoraenequipo","twitter_misc":{"Escrito por":"enequipo","Tiempo de lectura":"3 minutos"},"schema":{"@context":"https:\/\/schema.org","@graph":[{"@type":"Article","@id":"https:\/\/www.sonoraenequipo.com.mx\/creara-argentina-empresa-nacional-de-alimentos-para-combatir-inflacion\/#article","isPartOf":{"@id":"https:\/\/www.sonoraenequipo.com.mx\/creara-argentina-empresa-nacional-de-alimentos-para-combatir-inflacion\/"},"author":{"name":"enequipo","@id":"https:\/\/www.sonoraenequipo.com.mx\/#\/schema\/person\/50102df0fb23a8fa9e8effad8fa81386"},"headline":"Crear\u00e1 Argentina empresa nacional de alimentos para combatir inflaci\u00f3n","datePublished":"2022-02-18T02:40:24+00:00","dateModified":"2022-02-18T16:46:20+00:00","mainEntityOfPage":{"@id":"https:\/\/www.sonoraenequipo.com.mx\/creara-argentina-empresa-nacional-de-alimentos-para-combatir-inflacion\/"},"wordCount":544,"commentCount":0,"publisher":{"@id":"https:\/\/www.sonoraenequipo.com.mx\/#organization"},"image":{"@id":"https:\/\/www.sonoraenequipo.com.mx\/creara-argentina-empresa-nacional-de-alimentos-para-combatir-inflacion\/#primaryimage"},"thumbnailUrl":"https:\/\/www.sonoraenequipo.com.mx\/storage\/2022\/02\/argentina-pobreza_opt.jpg","articleSection":["MUNDO"],"inLanguage":"es","potentialAction":[{"@type":"CommentAction","name":"Comment","target":["https:\/\/www.sonoraenequipo.com.mx\/creara-argentina-empresa-nacional-de-alimentos-para-combatir-inflacion\/#respond"]}]},{"@type":"WebPage","@id":"https:\/\/www.sonoraenequipo.com.mx\/creara-argentina-empresa-nacional-de-alimentos-para-combatir-inflacion\/","url":"https:\/\/www.sonoraenequipo.com.mx\/creara-argentina-empresa-nacional-de-alimentos-para-combatir-inflacion\/","name":"Sonora en Equipo. Crear\u00e1 Argentina empresa nacional de alimentos para combatir inflaci\u00f3n MUNDO","isPartOf":{"@id":"https:\/\/www.sonoraenequipo.com.mx\/#website"},"primaryImageOfPage":{"@id":"https:\/\/www.sonoraenequipo.com.mx\/creara-argentina-empresa-nacional-de-alimentos-para-combatir-inflacion\/#primaryimage"},"image":{"@id":"https:\/\/www.sonoraenequipo.com.mx\/creara-argentina-empresa-nacional-de-alimentos-para-combatir-inflacion\/#primaryimage"},"thumbnailUrl":"https:\/\/www.sonoraenequipo.com.mx\/storage\/2022\/02\/argentina-pobreza_opt.jpg","datePublished":"2022-02-18T02:40:24+00:00","dateModified":"2022-02-18T16:46:20+00:00","description":"BUENOS AIRES, ARGENTINA. \u2014 El gobierno de Alberto Fern\u00e1ndez proyecta crear una empresa nacional de alimentos en el en\u00e9simo intento por frenar la inflaci\u00f3n En Sonora en Equipo publicamos toda la informaci\u00f3n de Sonora, M\u00e9xico y el Mundo de manera oportuna y busca que la libertad de expresi\u00f3n sea real. Visita nuestro medio informativo publicado desde Hermosillo, Sonora. %","breadcrumb":{"@id":"https:\/\/www.sonoraenequipo.com.mx\/creara-argentina-empresa-nacional-de-alimentos-para-combatir-inflacion\/#breadcrumb"},"inLanguage":"es","potentialAction":[{"@type":"ReadAction","target":["https:\/\/www.sonoraenequipo.com.mx\/creara-argentina-empresa-nacional-de-alimentos-para-combatir-inflacion\/"]}]},{"@type":"ImageObject","inLanguage":"es","@id":"https:\/\/www.sonoraenequipo.com.mx\/creara-argentina-empresa-nacional-de-alimentos-para-combatir-inflacion\/#primaryimage","url":"https:\/\/www.sonoraenequipo.com.mx\/storage\/2022\/02\/argentina-pobreza_opt.jpg","contentUrl":"https:\/\/www.sonoraenequipo.com.mx\/storage\/2022\/02\/argentina-pobreza_opt.jpg","width":700,"height":400},{"@type":"BreadcrumbList","@id":"https:\/\/www.sonoraenequipo.com.mx\/creara-argentina-empresa-nacional-de-alimentos-para-combatir-inflacion\/#breadcrumb","itemListElement":[{"@type":"ListItem","position":1,"name":"Portada","item":"https:\/\/www.sonoraenequipo.com.mx\/"},{"@type":"ListItem","position":2,"name":"Crear\u00e1 Argentina empresa nacional de alimentos para combatir inflaci\u00f3n"}]},{"@type":"WebSite","@id":"https:\/\/www.sonoraenequipo.com.mx\/#website","url":"https:\/\/www.sonoraenequipo.com.mx\/","name":"Sonora en Equipo.","description":"Diario en l\u00ednea con Noticias desde Hermosillo, Sonora","publisher":{"@id":"https:\/\/www.sonoraenequipo.com.mx\/#organization"},"potentialAction":[{"@type":"SearchAction","target":{"@type":"EntryPoint","urlTemplate":"https:\/\/www.sonoraenequipo.com.mx\/?s={search_term_string}"},"query-input":{"@type":"PropertyValueSpecification","valueRequired":true,"valueName":"search_term_string"}}],"inLanguage":"es"},{"@type":"Organization","@id":"https:\/\/www.sonoraenequipo.com.mx\/#organization","name":"Sonoraenequipo.com.mx","url":"https:\/\/www.sonoraenequipo.com.mx\/","logo":{"@type":"ImageObject","inLanguage":"es","@id":"https:\/\/www.sonoraenequipo.com.mx\/#\/schema\/logo\/image\/","url":"https:\/\/www.sonoraenequipo.com.mx\/storage\/2019\/01\/sonoraenequipo_opt.png","contentUrl":"https:\/\/www.sonoraenequipo.com.mx\/storage\/2019\/01\/sonoraenequipo_opt.png","width":375,"height":125,"caption":"Sonoraenequipo.com.mx"},"image":{"@id":"https:\/\/www.sonoraenequipo.com.mx\/#\/schema\/logo\/image\/"},"sameAs":["https:\/\/www.facebook.com\/SonoraEE\/","https:\/\/x.com\/sonoraenequipo","https:\/\/www.youtube.com\/channel\/UC338nW-lPEYmJQs4ZABQ1SQ"]},{"@type":"Person","@id":"https:\/\/www.sonoraenequipo.com.mx\/#\/schema\/person\/50102df0fb23a8fa9e8effad8fa81386","name":"enequipo","image":{"@type":"ImageObject","inLanguage":"es","@id":"https:\/\/www.sonoraenequipo.com.mx\/#\/schema\/person\/image\/","url":"https:\/\/secure.gravatar.com\/avatar\/049821681b589dabc0bc20695993ccebb09f5b5d4d790cd9251b97faac7c652b?s=96&d=blank&r=g","contentUrl":"https:\/\/secure.gravatar.com\/avatar\/049821681b589dabc0bc20695993ccebb09f5b5d4d790cd9251b97faac7c652b?s=96&d=blank&r=g","caption":"enequipo"},"sameAs":["https:\/\/www.facebook.com\/SonoraEE"]}]}},"jetpack_featured_media_url":"https:\/\/www.sonoraenequipo.com.mx\/storage\/2022\/02\/argentina-pobreza_opt.jpg","_links":{"self":[{"href":"https:\/\/www.sonoraenequipo.com.mx\/api\/wp\/v2\/posts\/133389","targetHints":{"allow":["GET"]}}],"collection":[{"href":"https:\/\/www.sonoraenequipo.com.mx\/api\/wp\/v2\/posts"}],"about":[{"href":"https:\/\/www.sonoraenequipo.com.mx\/api\/wp\/v2\/types\/post"}],"author":[{"embeddable":true,"href":"https:\/\/www.sonoraenequipo.com.mx\/api\/wp\/v2\/users\/1"}],"replies":[{"embeddable":true,"href":"https:\/\/www.sonoraenequipo.com.mx\/api\/wp\/v2\/comments?post=133389"}],"version-history":[{"count":2,"href":"https:\/\/www.sonoraenequipo.com.mx\/api\/wp\/v2\/posts\/133389\/revisions"}],"predecessor-version":[{"id":133392,"href":"https:\/\/www.sonoraenequipo.com.mx\/api\/wp\/v2\/posts\/133389\/revisions\/133392"}],"wp:featuredmedia":[{"embeddable":true,"href":"https:\/\/www.sonoraenequipo.com.mx\/api\/wp\/v2\/media\/133390"}],"wp:attachment":[{"href":"https:\/\/www.sonoraenequipo.com.mx\/api\/wp\/v2\/media?parent=133389"}],"wp:term":[{"taxonomy":"category","embeddable":true,"href":"https:\/\/www.sonoraenequipo.com.mx\/api\/wp\/v2\/categories?post=133389"},{"taxonomy":"post_tag","embeddable":true,"href":"https:\/\/www.sonoraenequipo.com.mx\/api\/wp\/v2\/tags?post=133389"}],"curies":[{"name":"wp","href":"https:\/\/api.w.org\/{rel}","templated":true}]}}