{"id":133393,"date":"2022-02-18T06:29:34","date_gmt":"2022-02-18T13:29:34","guid":{"rendered":"https:\/\/www.sonoraenequipo.com.mx\/?p=133393"},"modified":"2022-02-18T14:49:53","modified_gmt":"2022-02-18T21:49:53","slug":"el-empresario-daniel-chavez-y-grupo-vidanta-hacen-una-aclaracion-publica","status":"publish","type":"post","link":"https:\/\/www.sonoraenequipo.com.mx\/el-empresario-daniel-chavez-y-grupo-vidanta-hacen-una-aclaracion-publica\/","title":{"rendered":"El empresario Daniel Ch\u00e1vez y Grupo Vidanta hacen aclaraci\u00f3n p\u00fablica"},"content":{"rendered":"<p>CIUDAD DE M\u00c9XICO. MX. \u2014 Ante la cercan\u00eda y amistad que guarda el propietario del grupo inmobiliario VIDANTA con el presidente Andr\u00e9s Manuel L\u00f3pez Obrador, diversos articulistas y personajes ligados a los medios que atacan a la 4T han involucrado a dicho grupo tratando de manchar la imagen tanto del empresario Daniel Ch\u00e1vez como su organizaci\u00f3n.<\/p>\n<p>&nbsp;<\/p>\n<p> <\/p>\n<p>El empresario public\u00f3 hoy una serie de puntos aclaratorios para que la ciudadan\u00eda conozca la realidad de lo que hace esta empresa y sus ejecutivos. Por su importancia\u00a0 publicamos aqu\u00ed los principales puntos.<\/p>\n<p>&nbsp;<\/p>\n<p>Daniel Chavez aclara su relaci\u00f3n como Supervisor Honorario de Avance de el Tren Maya; precisando lo siguiente:<\/p>\n<p>&nbsp;<\/p>\n<p>&nbsp;<\/p>\n<p><strong>PRIMERO.\u00a0 \u2014<\/strong>\u00a0 El Tren Maya ser\u00e1 una extraordinaria herramienta que se convertir\u00e1 muy pronto en una Locomotora de Desarrollo para el Sureste de M\u00e9xico y para todo el pa\u00eds.<\/p>\n<p>&nbsp;<\/p>\n<p><strong>SEGUNDO. \u2014<\/strong> Mi funci\u00f3n como Supervisor Honorario de Avance de el Tren Maya no tiene relaci\u00f3n de ning\u00fan tipo con temas de proyecto, trazo o administraci\u00f3n. Mi labor consiste \u00fanicamente en tener una revisi\u00f3n y medici\u00f3n fidedigna de los avances de obra.<\/p>\n<p>&nbsp;<\/p>\n<p>TERCERO. \u2014\u00a0 Grupo Vidanta, mi familia y yo; NO tenemos relaci\u00f3n comercial o de trabajo de ning\u00fan tipo con cualquier nivel de gobierno o funcionarios p\u00fablicos.<\/p>\n<p>&nbsp;<\/p>\n<p><strong>CUARTO. \u2014\u00a0<\/strong> NO hemos solicitado ni recibido concesi\u00f3n alguna de parte de el actual Gobierno de M\u00e9xico. TODAS las concesiones de playa y uso que tenemos para poder prestar servicios tur\u00edsticos, fueron obtenidas en SEXENIOS ANTERIORES. A esta fecha, solo se han ido actualizando y renovando, tal y como lo marca la norma.<\/p>\n<p>&nbsp;<\/p>\n<p>La \u00fanica excepci\u00f3n es un t\u00edtulo de concesi\u00f3n, asignaci\u00f3n para escurrimientos, por una superficie de 11,663.74 m2 (19 de abril de 2021).<\/p>\n<p>&nbsp;<\/p>\n<p><strong>Nota:<\/strong> En alg\u00fan medio se public\u00f3 de forma equivocada, que en este sexenio hemos recibido concesiones nuevas; una por 384.32 m2 (12 de febrero 1986), otra por 3,888.19 m2 (11 de marzo 2005) y otra por 84,447.07 m2 (13 de abril 2005). Como claramente indican las fechas, \u00e9stas corresponden a sexenios anteriores y solo han sido renovadas conforme a ley.<\/p>\n<p>&nbsp;<\/p>\n<p><strong>QUINTO. \u2014<\/strong>\u00a0 Respecto a las 2,000 hect\u00e1reas donadas por Grupo Vidanta en Puerto Pe\u00f1asco, Sonora para que la CFE construya el octavo parque solar m\u00e1s grande del mundo, Grupo Vidanta NO participar\u00e1 de forma alguna en el proyecto. Ser\u00e1 la CFE quien suministre por igual a todos sus usuarios.<\/p>\n<p>&nbsp;<\/p>\n<p><strong>SEXTO. \u2014\u00a0<\/strong> Es falso que tengamos la intenci\u00f3n de invertir en Islas Mar\u00edas. Celebramos con gusto la decisi\u00f3n por parte del Gobierno de M\u00e9xico de NO permitir la construcci\u00f3n de nuevos hoteles y mantenerlas \u00fanica y exclusivamente como recinto de conservaci\u00f3n natural, hist\u00f3rico y cultural para investigadores, as\u00ed como para excursionistas mexicanos y extranjeros.<\/p>\n<p>&nbsp;<\/p>\n<p><strong>S\u00c9PTIMO. \u2014\u00a0<\/strong> Es tambi\u00e9n falso que Vidanta Cruises tenga planeado llegar a Islas Mar\u00edas o a un supuesto e imaginario \u201cNuevo Canc\u00fan\u201d en Riviera Nayarit.<\/p>\n<p>&nbsp;<\/p>\n<p><strong>OCTAVO. \u2014\u00a0<\/strong> Estamos agradecidos por la oportunidad de haber comprado 400 mil cachitos de la rifa de el Avi\u00f3n Presidencial.<\/p>\n<p>&nbsp;<\/p>\n<p>Lo hicimos a trav\u00e9s de la Fundaci\u00f3n Delia Mor\u00e1n Vidanta, los donamos en su totalidad a escuelas de zonas marginadas. Afortunadamente; ocho escuelas obtuvieron boletos ganadores y recibieron premios por 20 millones de pesos cada una. En total fueron 160 millones de pesos que se entregaron a los pobladores para remodelar sus instalaciones escolares y mejorar las condiciones de sus poblados.<\/p>\n<p>&nbsp;<\/p>\n<p>HACER LAS COSAS CORRECTAMENTE Y SERVIR; ES NUESTRA MISI\u00d3N.<\/p>\n<p>&nbsp;<\/p>\n<p>Finalmente el Grupo VIDANTA y Daniel Ch\u00e1vez Mor\u00e1n aclaran que salva su derecho de denunciar por la v\u00eda legal a aquellas personas cuyas falsas suposiciones o mentiras, causen un da\u00f1o moral o econ\u00f3mico a sus personas o empresas.<\/p>\n<p>&nbsp;<\/p>\n<p>(Publicada el 17\/02\/2022 )<\/p>\n","protected":false},"excerpt":{"rendered":"<p>CIUDAD DE M\u00c9XICO. MX. \u2014 Ante la cercan\u00eda y amistad que guarda el propietario del&#8230;<\/p>\n","protected":false},"author":1,"featured_media":133396,"comment_status":"open","ping_status":"open","sticky":false,"template":"","format":"standard","meta":{"_monsterinsights_skip_tracking":false,"_monsterinsights_sitenote_active":false,"_monsterinsights_sitenote_note":"","_monsterinsights_sitenote_category":0,"footnotes":""},"categories":[5],"tags":[],"class_list":["post"],"yoast_head":" \n<title>Sonora en Equipo. El empresario Daniel Ch\u00e1vez y Grupo Vidanta hacen aclaraci\u00f3n p\u00fablica Rep\u00fablica<\/title>\n<meta name=\"description\" content=\"CIUDAD DE M\u00c9XICO. MX. \u2014 Ante la cercan\u00eda y amistad que guarda el propietario del grupo inmobiliario VIDANTA con el presidente Andr\u00e9s Manuel L\u00f3pez Obrador, En Sonora en Equipo publicamos toda la informaci\u00f3n de Sonora, M\u00e9xico y el Mundo de manera oportuna y busca que la libertad de expresi\u00f3n sea real. Visita nuestro medio informativo publicado desde Hermosillo, Sonora. %\" \/>\n<meta name=\"robots\" content=\"index, follow, max-snippet:-1, max-image-preview:large, max-video-preview:-1\" \/>\n<link rel=\"canonical\" href=\"https:\/\/www.sonoraenequipo.com.mx\/el-empresario-daniel-chavez-y-grupo-vidanta-hacen-una-aclaracion-publica\/\" \/>\n<meta property=\"og:locale\" content=\"es_ES\" \/>\n<meta property=\"og:type\" content=\"article\" \/>\n<meta property=\"og:title\" content=\"Sonora en Equipo. El empresario Daniel Ch\u00e1vez y Grupo Vidanta hacen aclaraci\u00f3n p\u00fablica Rep\u00fablica\" \/>\n<meta property=\"og:description\" content=\"CIUDAD DE M\u00c9XICO. MX. \u2014 Ante la cercan\u00eda y amistad que guarda el propietario del grupo inmobiliario VIDANTA con el presidente Andr\u00e9s Manuel L\u00f3pez Obrador, En Sonora en Equipo publicamos toda la informaci\u00f3n de Sonora, M\u00e9xico y el Mundo de manera oportuna y busca que la libertad de expresi\u00f3n sea real. Visita nuestro medio informativo publicado desde Hermosillo, Sonora. %\" \/>\n<meta property=\"og:url\" content=\"https:\/\/www.sonoraenequipo.com.mx\/el-empresario-daniel-chavez-y-grupo-vidanta-hacen-una-aclaracion-publica\/\" \/>\n<meta property=\"og:site_name\" content=\"Sonora en Equipo.\" \/>\n<meta property=\"article:publisher\" content=\"https:\/\/www.facebook.com\/SonoraEE\/\" \/>\n<meta property=\"article:author\" content=\"https:\/\/www.facebook.com\/SonoraEE\" \/>\n<meta property=\"article:published_time\" content=\"2022-02-18T13:29:34+00:00\" \/>\n<meta property=\"article:modified_time\" content=\"2022-02-18T21:49:53+00:00\" \/>\n<meta property=\"og:image\" content=\"https:\/\/www.sonoraenequipo.com.mx\/storage\/2022\/02\/Daniel-Chavez-Moran_opt.jpg\" \/>\n\t<meta property=\"og:image:width\" content=\"700\" \/>\n\t<meta property=\"og:image:height\" content=\"400\" \/>\n\t<meta property=\"og:image:type\" content=\"image\/jpeg\" \/>\n<meta name=\"author\" content=\"enequipo\" \/>\n<meta name=\"twitter:card\" content=\"summary_large_image\" \/>\n<meta name=\"twitter:creator\" content=\"@sonoraenequipo\" \/>\n<meta name=\"twitter:site\" content=\"@sonoraenequipo\" \/>\n<meta name=\"twitter:label1\" content=\"Escrito por\" \/>\n\t<meta name=\"twitter:data1\" content=\"enequipo\" \/>\n\t<meta name=\"twitter:label2\" content=\"Tiempo de lectura\" \/>\n\t<meta name=\"twitter:data2\" content=\"3 minutos\" \/>\n<script type=\"application\/ld+json\" class=\"yoast-schema-graph\">{\"@context\":\"https:\/\/schema.org\",\"@graph\":[{\"@type\":\"Article\",\"@id\":\"https:\/\/www.sonoraenequipo.com.mx\/el-empresario-daniel-chavez-y-grupo-vidanta-hacen-una-aclaracion-publica\/#article\",\"isPartOf\":{\"@id\":\"https:\/\/www.sonoraenequipo.com.mx\/el-empresario-daniel-chavez-y-grupo-vidanta-hacen-una-aclaracion-publica\/\"},\"author\":{\"name\":\"enequipo\",\"@id\":\"https:\/\/www.sonoraenequipo.com.mx\/#\/schema\/person\/50102df0fb23a8fa9e8effad8fa81386\"},\"headline\":\"El empresario Daniel Ch\u00e1vez y Grupo Vidanta hacen aclaraci\u00f3n p\u00fablica\",\"datePublished\":\"2022-02-18T13:29:34+00:00\",\"dateModified\":\"2022-02-18T21:49:53+00:00\",\"mainEntityOfPage\":{\"@id\":\"https:\/\/www.sonoraenequipo.com.mx\/el-empresario-daniel-chavez-y-grupo-vidanta-hacen-una-aclaracion-publica\/\"},\"wordCount\":652,\"commentCount\":0,\"publisher\":{\"@id\":\"https:\/\/www.sonoraenequipo.com.mx\/#organization\"},\"image\":{\"@id\":\"https:\/\/www.sonoraenequipo.com.mx\/el-empresario-daniel-chavez-y-grupo-vidanta-hacen-una-aclaracion-publica\/#primaryimage\"},\"thumbnailUrl\":\"https:\/\/www.sonoraenequipo.com.mx\/storage\/2022\/02\/Daniel-Chavez-Moran_opt.jpg\",\"articleSection\":[\"Rep\u00fablica\"],\"inLanguage\":\"es\",\"potentialAction\":[{\"@type\":\"CommentAction\",\"name\":\"Comment\",\"target\":[\"https:\/\/www.sonoraenequipo.com.mx\/el-empresario-daniel-chavez-y-grupo-vidanta-hacen-una-aclaracion-publica\/#respond\"]}]},{\"@type\":\"WebPage\",\"@id\":\"https:\/\/www.sonoraenequipo.com.mx\/el-empresario-daniel-chavez-y-grupo-vidanta-hacen-una-aclaracion-publica\/\",\"url\":\"https:\/\/www.sonoraenequipo.com.mx\/el-empresario-daniel-chavez-y-grupo-vidanta-hacen-una-aclaracion-publica\/\",\"name\":\"Sonora en Equipo. El empresario Daniel Ch\u00e1vez y Grupo Vidanta hacen aclaraci\u00f3n p\u00fablica Rep\u00fablica\",\"isPartOf\":{\"@id\":\"https:\/\/www.sonoraenequipo.com.mx\/#website\"},\"primaryImageOfPage\":{\"@id\":\"https:\/\/www.sonoraenequipo.com.mx\/el-empresario-daniel-chavez-y-grupo-vidanta-hacen-una-aclaracion-publica\/#primaryimage\"},\"image\":{\"@id\":\"https:\/\/www.sonoraenequipo.com.mx\/el-empresario-daniel-chavez-y-grupo-vidanta-hacen-una-aclaracion-publica\/#primaryimage\"},\"thumbnailUrl\":\"https:\/\/www.sonoraenequipo.com.mx\/storage\/2022\/02\/Daniel-Chavez-Moran_opt.jpg\",\"datePublished\":\"2022-02-18T13:29:34+00:00\",\"dateModified\":\"2022-02-18T21:49:53+00:00\",\"description\":\"CIUDAD DE M\u00c9XICO. MX. \u2014 Ante la cercan\u00eda y amistad que guarda el propietario del grupo inmobiliario VIDANTA con el presidente Andr\u00e9s Manuel L\u00f3pez Obrador, En Sonora en Equipo publicamos toda la informaci\u00f3n de Sonora, M\u00e9xico y el Mundo de manera oportuna y busca que la libertad de expresi\u00f3n sea real. Visita nuestro medio informativo publicado desde Hermosillo, Sonora. %\",\"breadcrumb\":{\"@id\":\"https:\/\/www.sonoraenequipo.com.mx\/el-empresario-daniel-chavez-y-grupo-vidanta-hacen-una-aclaracion-publica\/#breadcrumb\"},\"inLanguage\":\"es\",\"potentialAction\":[{\"@type\":\"ReadAction\",\"target\":[\"https:\/\/www.sonoraenequipo.com.mx\/el-empresario-daniel-chavez-y-grupo-vidanta-hacen-una-aclaracion-publica\/\"]}]},{\"@type\":\"ImageObject\",\"inLanguage\":\"es\",\"@id\":\"https:\/\/www.sonoraenequipo.com.mx\/el-empresario-daniel-chavez-y-grupo-vidanta-hacen-una-aclaracion-publica\/#primaryimage\",\"url\":\"https:\/\/www.sonoraenequipo.com.mx\/storage\/2022\/02\/Daniel-Chavez-Moran_opt.jpg\",\"contentUrl\":\"https:\/\/www.sonoraenequipo.com.mx\/storage\/2022\/02\/Daniel-Chavez-Moran_opt.jpg\",\"width\":700,\"height\":400},{\"@type\":\"BreadcrumbList\",\"@id\":\"https:\/\/www.sonoraenequipo.com.mx\/el-empresario-daniel-chavez-y-grupo-vidanta-hacen-una-aclaracion-publica\/#breadcrumb\",\"itemListElement\":[{\"@type\":\"ListItem\",\"position\":1,\"name\":\"Portada\",\"item\":\"https:\/\/www.sonoraenequipo.com.mx\/\"},{\"@type\":\"ListItem\",\"position\":2,\"name\":\"El empresario Daniel Ch\u00e1vez y Grupo Vidanta hacen aclaraci\u00f3n p\u00fablica\"}]},{\"@type\":\"WebSite\",\"@id\":\"https:\/\/www.sonoraenequipo.com.mx\/#website\",\"url\":\"https:\/\/www.sonoraenequipo.com.mx\/\",\"name\":\"Sonora en Equipo.\",\"description\":\"Diario en l\u00ednea con Noticias desde Hermosillo, Sonora\",\"publisher\":{\"@id\":\"https:\/\/www.sonoraenequipo.com.mx\/#organization\"},\"potentialAction\":[{\"@type\":\"SearchAction\",\"target\":{\"@type\":\"EntryPoint\",\"urlTemplate\":\"https:\/\/www.sonoraenequipo.com.mx\/?s={search_term_string}\"},\"query-input\":{\"@type\":\"PropertyValueSpecification\",\"valueRequired\":true,\"valueName\":\"search_term_string\"}}],\"inLanguage\":\"es\"},{\"@type\":\"Organization\",\"@id\":\"https:\/\/www.sonoraenequipo.com.mx\/#organization\",\"name\":\"Sonoraenequipo.com.mx\",\"url\":\"https:\/\/www.sonoraenequipo.com.mx\/\",\"logo\":{\"@type\":\"ImageObject\",\"inLanguage\":\"es\",\"@id\":\"https:\/\/www.sonoraenequipo.com.mx\/#\/schema\/logo\/image\/\",\"url\":\"https:\/\/www.sonoraenequipo.com.mx\/storage\/2019\/01\/sonoraenequipo_opt.png\",\"contentUrl\":\"https:\/\/www.sonoraenequipo.com.mx\/storage\/2019\/01\/sonoraenequipo_opt.png\",\"width\":375,\"height\":125,\"caption\":\"Sonoraenequipo.com.mx\"},\"image\":{\"@id\":\"https:\/\/www.sonoraenequipo.com.mx\/#\/schema\/logo\/image\/\"},\"sameAs\":[\"https:\/\/www.facebook.com\/SonoraEE\/\",\"https:\/\/x.com\/sonoraenequipo\",\"https:\/\/www.youtube.com\/channel\/UC338nW-lPEYmJQs4ZABQ1SQ\"]},{\"@type\":\"Person\",\"@id\":\"https:\/\/www.sonoraenequipo.com.mx\/#\/schema\/person\/50102df0fb23a8fa9e8effad8fa81386\",\"name\":\"enequipo\",\"image\":{\"@type\":\"ImageObject\",\"inLanguage\":\"es\",\"@id\":\"https:\/\/www.sonoraenequipo.com.mx\/#\/schema\/person\/image\/\",\"url\":\"https:\/\/secure.gravatar.com\/avatar\/049821681b589dabc0bc20695993ccebb09f5b5d4d790cd9251b97faac7c652b?s=96&d=blank&r=g\",\"contentUrl\":\"https:\/\/secure.gravatar.com\/avatar\/049821681b589dabc0bc20695993ccebb09f5b5d4d790cd9251b97faac7c652b?s=96&d=blank&r=g\",\"caption\":\"enequipo\"},\"sameAs\":[\"https:\/\/www.facebook.com\/SonoraEE\"]}]}<\/script>\n ","yoast_head_json":{"title":"Sonora en Equipo. El empresario Daniel Ch\u00e1vez y Grupo Vidanta hacen aclaraci\u00f3n p\u00fablica Rep\u00fablica","description":"CIUDAD DE M\u00c9XICO. MX. \u2014 Ante la cercan\u00eda y amistad que guarda el propietario del grupo inmobiliario VIDANTA con el presidente Andr\u00e9s Manuel L\u00f3pez Obrador, En Sonora en Equipo publicamos toda la informaci\u00f3n de Sonora, M\u00e9xico y el Mundo de manera oportuna y busca que la libertad de expresi\u00f3n sea real. Visita nuestro medio informativo publicado desde Hermosillo, Sonora. %","robots":{"index":"index","follow":"follow","max-snippet":"max-snippet:-1","max-image-preview":"max-image-preview:large","max-video-preview":"max-video-preview:-1"},"canonical":"https:\/\/www.sonoraenequipo.com.mx\/el-empresario-daniel-chavez-y-grupo-vidanta-hacen-una-aclaracion-publica\/","og_locale":"es_ES","og_type":"article","og_title":"Sonora en Equipo. El empresario Daniel Ch\u00e1vez y Grupo Vidanta hacen aclaraci\u00f3n p\u00fablica Rep\u00fablica","og_description":"CIUDAD DE M\u00c9XICO. MX. \u2014 Ante la cercan\u00eda y amistad que guarda el propietario del grupo inmobiliario VIDANTA con el presidente Andr\u00e9s Manuel L\u00f3pez Obrador, En Sonora en Equipo publicamos toda la informaci\u00f3n de Sonora, M\u00e9xico y el Mundo de manera oportuna y busca que la libertad de expresi\u00f3n sea real. Visita nuestro medio informativo publicado desde Hermosillo, Sonora. %","og_url":"https:\/\/www.sonoraenequipo.com.mx\/el-empresario-daniel-chavez-y-grupo-vidanta-hacen-una-aclaracion-publica\/","og_site_name":"Sonora en Equipo.","article_publisher":"https:\/\/www.facebook.com\/SonoraEE\/","article_author":"https:\/\/www.facebook.com\/SonoraEE","article_published_time":"2022-02-18T13:29:34+00:00","article_modified_time":"2022-02-18T21:49:53+00:00","og_image":[{"width":700,"height":400,"url":"https:\/\/www.sonoraenequipo.com.mx\/storage\/2022\/02\/Daniel-Chavez-Moran_opt.jpg","type":"image\/jpeg"}],"author":"enequipo","twitter_card":"summary_large_image","twitter_creator":"@sonoraenequipo","twitter_site":"@sonoraenequipo","twitter_misc":{"Escrito por":"enequipo","Tiempo de lectura":"3 minutos"},"schema":{"@context":"https:\/\/schema.org","@graph":[{"@type":"Article","@id":"https:\/\/www.sonoraenequipo.com.mx\/el-empresario-daniel-chavez-y-grupo-vidanta-hacen-una-aclaracion-publica\/#article","isPartOf":{"@id":"https:\/\/www.sonoraenequipo.com.mx\/el-empresario-daniel-chavez-y-grupo-vidanta-hacen-una-aclaracion-publica\/"},"author":{"name":"enequipo","@id":"https:\/\/www.sonoraenequipo.com.mx\/#\/schema\/person\/50102df0fb23a8fa9e8effad8fa81386"},"headline":"El empresario Daniel Ch\u00e1vez y Grupo Vidanta hacen aclaraci\u00f3n p\u00fablica","datePublished":"2022-02-18T13:29:34+00:00","dateModified":"2022-02-18T21:49:53+00:00","mainEntityOfPage":{"@id":"https:\/\/www.sonoraenequipo.com.mx\/el-empresario-daniel-chavez-y-grupo-vidanta-hacen-una-aclaracion-publica\/"},"wordCount":652,"commentCount":0,"publisher":{"@id":"https:\/\/www.sonoraenequipo.com.mx\/#organization"},"image":{"@id":"https:\/\/www.sonoraenequipo.com.mx\/el-empresario-daniel-chavez-y-grupo-vidanta-hacen-una-aclaracion-publica\/#primaryimage"},"thumbnailUrl":"https:\/\/www.sonoraenequipo.com.mx\/storage\/2022\/02\/Daniel-Chavez-Moran_opt.jpg","articleSection":["Rep\u00fablica"],"inLanguage":"es","potentialAction":[{"@type":"CommentAction","name":"Comment","target":["https:\/\/www.sonoraenequipo.com.mx\/el-empresario-daniel-chavez-y-grupo-vidanta-hacen-una-aclaracion-publica\/#respond"]}]},{"@type":"WebPage","@id":"https:\/\/www.sonoraenequipo.com.mx\/el-empresario-daniel-chavez-y-grupo-vidanta-hacen-una-aclaracion-publica\/","url":"https:\/\/www.sonoraenequipo.com.mx\/el-empresario-daniel-chavez-y-grupo-vidanta-hacen-una-aclaracion-publica\/","name":"Sonora en Equipo. El empresario Daniel Ch\u00e1vez y Grupo Vidanta hacen aclaraci\u00f3n p\u00fablica Rep\u00fablica","isPartOf":{"@id":"https:\/\/www.sonoraenequipo.com.mx\/#website"},"primaryImageOfPage":{"@id":"https:\/\/www.sonoraenequipo.com.mx\/el-empresario-daniel-chavez-y-grupo-vidanta-hacen-una-aclaracion-publica\/#primaryimage"},"image":{"@id":"https:\/\/www.sonoraenequipo.com.mx\/el-empresario-daniel-chavez-y-grupo-vidanta-hacen-una-aclaracion-publica\/#primaryimage"},"thumbnailUrl":"https:\/\/www.sonoraenequipo.com.mx\/storage\/2022\/02\/Daniel-Chavez-Moran_opt.jpg","datePublished":"2022-02-18T13:29:34+00:00","dateModified":"2022-02-18T21:49:53+00:00","description":"CIUDAD DE M\u00c9XICO. MX. \u2014 Ante la cercan\u00eda y amistad que guarda el propietario del grupo inmobiliario VIDANTA con el presidente Andr\u00e9s Manuel L\u00f3pez Obrador, En Sonora en Equipo publicamos toda la informaci\u00f3n de Sonora, M\u00e9xico y el Mundo de manera oportuna y busca que la libertad de expresi\u00f3n sea real. Visita nuestro medio informativo publicado desde Hermosillo, Sonora. %","breadcrumb":{"@id":"https:\/\/www.sonoraenequipo.com.mx\/el-empresario-daniel-chavez-y-grupo-vidanta-hacen-una-aclaracion-publica\/#breadcrumb"},"inLanguage":"es","potentialAction":[{"@type":"ReadAction","target":["https:\/\/www.sonoraenequipo.com.mx\/el-empresario-daniel-chavez-y-grupo-vidanta-hacen-una-aclaracion-publica\/"]}]},{"@type":"ImageObject","inLanguage":"es","@id":"https:\/\/www.sonoraenequipo.com.mx\/el-empresario-daniel-chavez-y-grupo-vidanta-hacen-una-aclaracion-publica\/#primaryimage","url":"https:\/\/www.sonoraenequipo.com.mx\/storage\/2022\/02\/Daniel-Chavez-Moran_opt.jpg","contentUrl":"https:\/\/www.sonoraenequipo.com.mx\/storage\/2022\/02\/Daniel-Chavez-Moran_opt.jpg","width":700,"height":400},{"@type":"BreadcrumbList","@id":"https:\/\/www.sonoraenequipo.com.mx\/el-empresario-daniel-chavez-y-grupo-vidanta-hacen-una-aclaracion-publica\/#breadcrumb","itemListElement":[{"@type":"ListItem","position":1,"name":"Portada","item":"https:\/\/www.sonoraenequipo.com.mx\/"},{"@type":"ListItem","position":2,"name":"El empresario Daniel Ch\u00e1vez y Grupo Vidanta hacen aclaraci\u00f3n p\u00fablica"}]},{"@type":"WebSite","@id":"https:\/\/www.sonoraenequipo.com.mx\/#website","url":"https:\/\/www.sonoraenequipo.com.mx\/","name":"Sonora en Equipo.","description":"Diario en l\u00ednea con Noticias desde Hermosillo, Sonora","publisher":{"@id":"https:\/\/www.sonoraenequipo.com.mx\/#organization"},"potentialAction":[{"@type":"SearchAction","target":{"@type":"EntryPoint","urlTemplate":"https:\/\/www.sonoraenequipo.com.mx\/?s={search_term_string}"},"query-input":{"@type":"PropertyValueSpecification","valueRequired":true,"valueName":"search_term_string"}}],"inLanguage":"es"},{"@type":"Organization","@id":"https:\/\/www.sonoraenequipo.com.mx\/#organization","name":"Sonoraenequipo.com.mx","url":"https:\/\/www.sonoraenequipo.com.mx\/","logo":{"@type":"ImageObject","inLanguage":"es","@id":"https:\/\/www.sonoraenequipo.com.mx\/#\/schema\/logo\/image\/","url":"https:\/\/www.sonoraenequipo.com.mx\/storage\/2019\/01\/sonoraenequipo_opt.png","contentUrl":"https:\/\/www.sonoraenequipo.com.mx\/storage\/2019\/01\/sonoraenequipo_opt.png","width":375,"height":125,"caption":"Sonoraenequipo.com.mx"},"image":{"@id":"https:\/\/www.sonoraenequipo.com.mx\/#\/schema\/logo\/image\/"},"sameAs":["https:\/\/www.facebook.com\/SonoraEE\/","https:\/\/x.com\/sonoraenequipo","https:\/\/www.youtube.com\/channel\/UC338nW-lPEYmJQs4ZABQ1SQ"]},{"@type":"Person","@id":"https:\/\/www.sonoraenequipo.com.mx\/#\/schema\/person\/50102df0fb23a8fa9e8effad8fa81386","name":"enequipo","image":{"@type":"ImageObject","inLanguage":"es","@id":"https:\/\/www.sonoraenequipo.com.mx\/#\/schema\/person\/image\/","url":"https:\/\/secure.gravatar.com\/avatar\/049821681b589dabc0bc20695993ccebb09f5b5d4d790cd9251b97faac7c652b?s=96&d=blank&r=g","contentUrl":"https:\/\/secure.gravatar.com\/avatar\/049821681b589dabc0bc20695993ccebb09f5b5d4d790cd9251b97faac7c652b?s=96&d=blank&r=g","caption":"enequipo"},"sameAs":["https:\/\/www.facebook.com\/SonoraEE"]}]}},"jetpack_featured_media_url":"https:\/\/www.sonoraenequipo.com.mx\/storage\/2022\/02\/Daniel-Chavez-Moran_opt.jpg","_links":{"self":[{"href":"https:\/\/www.sonoraenequipo.com.mx\/api\/wp\/v2\/posts\/133393","targetHints":{"allow":["GET"]}}],"collection":[{"href":"https:\/\/www.sonoraenequipo.com.mx\/api\/wp\/v2\/posts"}],"about":[{"href":"https:\/\/www.sonoraenequipo.com.mx\/api\/wp\/v2\/types\/post"}],"author":[{"embeddable":true,"href":"https:\/\/www.sonoraenequipo.com.mx\/api\/wp\/v2\/users\/1"}],"replies":[{"embeddable":true,"href":"https:\/\/www.sonoraenequipo.com.mx\/api\/wp\/v2\/comments?post=133393"}],"version-history":[{"count":2,"href":"https:\/\/www.sonoraenequipo.com.mx\/api\/wp\/v2\/posts\/133393\/revisions"}],"predecessor-version":[{"id":133399,"href":"https:\/\/www.sonoraenequipo.com.mx\/api\/wp\/v2\/posts\/133393\/revisions\/133399"}],"wp:featuredmedia":[{"embeddable":true,"href":"https:\/\/www.sonoraenequipo.com.mx\/api\/wp\/v2\/media\/133396"}],"wp:attachment":[{"href":"https:\/\/www.sonoraenequipo.com.mx\/api\/wp\/v2\/media?parent=133393"}],"wp:term":[{"taxonomy":"category","embeddable":true,"href":"https:\/\/www.sonoraenequipo.com.mx\/api\/wp\/v2\/categories?post=133393"},{"taxonomy":"post_tag","embeddable":true,"href":"https:\/\/www.sonoraenequipo.com.mx\/api\/wp\/v2\/tags?post=133393"}],"curies":[{"name":"wp","href":"https:\/\/api.w.org\/{rel}","templated":true}]}}