{"id":133401,"date":"2022-02-18T13:12:03","date_gmt":"2022-02-18T20:12:03","guid":{"rendered":"https:\/\/www.sonoraenequipo.com.mx\/?p=133401"},"modified":"2022-02-19T09:30:20","modified_gmt":"2022-02-19T16:30:20","slug":"concluye-lopez-obrador-visita-a-juarez","status":"publish","type":"post","link":"https:\/\/www.sonoraenequipo.com.mx\/concluye-lopez-obrador-visita-a-juarez\/","title":{"rendered":"Concluye L\u00f3pez Obrador visita a Ju\u00e1rez"},"content":{"rendered":"<p>CIUDAD JU\u00c1REZ, CHIHUAHUA. MX. \u2014 Al concluir su s\u00e9ptima gira de trabajo por Ciudad Ju\u00e1rez, el presidente Andr\u00e9s Manuel L\u00f3pez Obrador y su comitiva abordaron el avi\u00f3n de la Fuerza A\u00e9rea que est\u00e1 utilizando en esta gira, como lo anunci\u00f3 ayer en Tijuana.<\/p>\n<p>&nbsp;<\/p>\n<p> <\/p>\n<p>&nbsp;<\/p>\n<p>El mandatario dijo que debido a que no hay vuelos comerciales se trasladar\u00eda en \u201chelic\u00f3pteros y en un avi\u00f3n de la Fuerza A\u00e9rea en este recorrido, en esta gira, hasta Nuevo Laredo\u201d, que ah\u00ed s\u00ed ya hay vuelo comercial.<\/p>\n<p>&nbsp;<\/p>\n<p>Seg\u00fan la agenda anunciada por L\u00f3pez Obrador se dirige a Piedras Negras.<\/p>\n<p>&nbsp;<\/p>\n<p>Para ma\u00f1ana, 19 de febrero, D\u00eda del Ej\u00e9rcito, va a estar en Coahuila, en la Hacienda de Guadalupe, y ese mismo d\u00eda por la tarde en Nuevo Laredo, regresa a la Ciudad de M\u00e9xico para el domingo estar en Chilpancingo.<\/p>\n<p>&nbsp;<\/p>\n<p><em>\u201cEse es el programa de esta semana, es Tijuana, Nogales, Ciudad Ju\u00e1rez, Piedras Negras, la Hacienda de Guadalupe <\/em>\u2014en Coahuila\u2014<em> para la conmemoraci\u00f3n del D\u00eda del Ej\u00e9rcito, y la aduana de Nuevo Laredo, y regresamos el s\u00e1bado por la tarde a la Ciudad de M\u00e9xico y el domingo a Chilpancingo\u201d,<\/em> dijo L\u00f3pez Obrador al inicio de la gira por la franja fronteriza en una revisi\u00f3n de las Aduanas.<\/p>\n<p>&nbsp;<\/p>\n<p>(Publicada el 18\/02\/2022)<\/p>\n","protected":false},"excerpt":{"rendered":"<p>CIUDAD JU\u00c1REZ, CHIHUAHUA. MX. \u2014 Al concluir su s\u00e9ptima gira de trabajo por Ciudad Ju\u00e1rez,&#8230;<\/p>\n","protected":false},"author":1,"featured_media":133402,"comment_status":"open","ping_status":"open","sticky":false,"template":"","format":"standard","meta":{"_monsterinsights_skip_tracking":false,"_monsterinsights_sitenote_active":false,"_monsterinsights_sitenote_note":"","_monsterinsights_sitenote_category":0,"footnotes":""},"categories":[5],"tags":[],"class_list":["post"],"yoast_head":" \n<title>Sonora en Equipo. Concluye L\u00f3pez Obrador visita a Ju\u00e1rez Rep\u00fablica<\/title>\n<meta name=\"description\" content=\"CIUDAD JU\u00c1REZ, CHIHUAHUA. MX. \u2014 Al concluir su s\u00e9ptima gira de trabajo por Ciudad Ju\u00e1rez, el presidente Andr\u00e9s Manuel L\u00f3pez Obrador y su comitiva En Sonora en Equipo publicamos toda la informaci\u00f3n de Sonora, M\u00e9xico y el Mundo de manera oportuna y busca que la libertad de expresi\u00f3n sea real. Visita nuestro medio informativo publicado desde Hermosillo, Sonora. %\" \/>\n<meta name=\"robots\" content=\"index, follow, max-snippet:-1, max-image-preview:large, max-video-preview:-1\" \/>\n<link rel=\"canonical\" href=\"https:\/\/www.sonoraenequipo.com.mx\/concluye-lopez-obrador-visita-a-juarez\/\" \/>\n<meta property=\"og:locale\" content=\"es_ES\" \/>\n<meta property=\"og:type\" content=\"article\" \/>\n<meta property=\"og:title\" content=\"Sonora en Equipo. Concluye L\u00f3pez Obrador visita a Ju\u00e1rez Rep\u00fablica\" \/>\n<meta property=\"og:description\" content=\"CIUDAD JU\u00c1REZ, CHIHUAHUA. MX. \u2014 Al concluir su s\u00e9ptima gira de trabajo por Ciudad Ju\u00e1rez, el presidente Andr\u00e9s Manuel L\u00f3pez Obrador y su comitiva En Sonora en Equipo publicamos toda la informaci\u00f3n de Sonora, M\u00e9xico y el Mundo de manera oportuna y busca que la libertad de expresi\u00f3n sea real. Visita nuestro medio informativo publicado desde Hermosillo, Sonora. %\" \/>\n<meta property=\"og:url\" content=\"https:\/\/www.sonoraenequipo.com.mx\/concluye-lopez-obrador-visita-a-juarez\/\" \/>\n<meta property=\"og:site_name\" content=\"Sonora en Equipo.\" \/>\n<meta property=\"article:publisher\" content=\"https:\/\/www.facebook.com\/SonoraEE\/\" \/>\n<meta property=\"article:author\" content=\"https:\/\/www.facebook.com\/SonoraEE\" \/>\n<meta property=\"article:published_time\" content=\"2022-02-18T20:12:03+00:00\" \/>\n<meta property=\"article:modified_time\" content=\"2022-02-19T16:30:20+00:00\" \/>\n<meta property=\"og:image\" content=\"https:\/\/www.sonoraenequipo.com.mx\/storage\/2022\/02\/chihuahua_opt.jpg\" \/>\n\t<meta property=\"og:image:width\" content=\"711\" \/>\n\t<meta property=\"og:image:height\" content=\"400\" \/>\n\t<meta property=\"og:image:type\" content=\"image\/jpeg\" \/>\n<meta name=\"author\" content=\"enequipo\" \/>\n<meta name=\"twitter:card\" content=\"summary_large_image\" \/>\n<meta name=\"twitter:creator\" content=\"@sonoraenequipo\" \/>\n<meta name=\"twitter:site\" content=\"@sonoraenequipo\" \/>\n<meta name=\"twitter:label1\" content=\"Escrito por\" \/>\n\t<meta name=\"twitter:data1\" content=\"enequipo\" \/>\n\t<meta name=\"twitter:label2\" content=\"Tiempo de lectura\" \/>\n\t<meta name=\"twitter:data2\" content=\"1 minuto\" \/>\n<script type=\"application\/ld+json\" class=\"yoast-schema-graph\">{\"@context\":\"https:\/\/schema.org\",\"@graph\":[{\"@type\":\"Article\",\"@id\":\"https:\/\/www.sonoraenequipo.com.mx\/concluye-lopez-obrador-visita-a-juarez\/#article\",\"isPartOf\":{\"@id\":\"https:\/\/www.sonoraenequipo.com.mx\/concluye-lopez-obrador-visita-a-juarez\/\"},\"author\":{\"name\":\"enequipo\",\"@id\":\"https:\/\/www.sonoraenequipo.com.mx\/#\/schema\/person\/50102df0fb23a8fa9e8effad8fa81386\"},\"headline\":\"Concluye L\u00f3pez Obrador visita a Ju\u00e1rez\",\"datePublished\":\"2022-02-18T20:12:03+00:00\",\"dateModified\":\"2022-02-19T16:30:20+00:00\",\"mainEntityOfPage\":{\"@id\":\"https:\/\/www.sonoraenequipo.com.mx\/concluye-lopez-obrador-visita-a-juarez\/\"},\"wordCount\":242,\"commentCount\":0,\"publisher\":{\"@id\":\"https:\/\/www.sonoraenequipo.com.mx\/#organization\"},\"image\":{\"@id\":\"https:\/\/www.sonoraenequipo.com.mx\/concluye-lopez-obrador-visita-a-juarez\/#primaryimage\"},\"thumbnailUrl\":\"https:\/\/www.sonoraenequipo.com.mx\/storage\/2022\/02\/chihuahua_opt.jpg\",\"articleSection\":[\"Rep\u00fablica\"],\"inLanguage\":\"es\",\"potentialAction\":[{\"@type\":\"CommentAction\",\"name\":\"Comment\",\"target\":[\"https:\/\/www.sonoraenequipo.com.mx\/concluye-lopez-obrador-visita-a-juarez\/#respond\"]}]},{\"@type\":\"WebPage\",\"@id\":\"https:\/\/www.sonoraenequipo.com.mx\/concluye-lopez-obrador-visita-a-juarez\/\",\"url\":\"https:\/\/www.sonoraenequipo.com.mx\/concluye-lopez-obrador-visita-a-juarez\/\",\"name\":\"Sonora en Equipo. Concluye L\u00f3pez Obrador visita a Ju\u00e1rez Rep\u00fablica\",\"isPartOf\":{\"@id\":\"https:\/\/www.sonoraenequipo.com.mx\/#website\"},\"primaryImageOfPage\":{\"@id\":\"https:\/\/www.sonoraenequipo.com.mx\/concluye-lopez-obrador-visita-a-juarez\/#primaryimage\"},\"image\":{\"@id\":\"https:\/\/www.sonoraenequipo.com.mx\/concluye-lopez-obrador-visita-a-juarez\/#primaryimage\"},\"thumbnailUrl\":\"https:\/\/www.sonoraenequipo.com.mx\/storage\/2022\/02\/chihuahua_opt.jpg\",\"datePublished\":\"2022-02-18T20:12:03+00:00\",\"dateModified\":\"2022-02-19T16:30:20+00:00\",\"description\":\"CIUDAD JU\u00c1REZ, CHIHUAHUA. MX. \u2014 Al concluir su s\u00e9ptima gira de trabajo por Ciudad Ju\u00e1rez, el presidente Andr\u00e9s Manuel L\u00f3pez Obrador y su comitiva En Sonora en Equipo publicamos toda la informaci\u00f3n de Sonora, M\u00e9xico y el Mundo de manera oportuna y busca que la libertad de expresi\u00f3n sea real. Visita nuestro medio informativo publicado desde Hermosillo, Sonora. %\",\"breadcrumb\":{\"@id\":\"https:\/\/www.sonoraenequipo.com.mx\/concluye-lopez-obrador-visita-a-juarez\/#breadcrumb\"},\"inLanguage\":\"es\",\"potentialAction\":[{\"@type\":\"ReadAction\",\"target\":[\"https:\/\/www.sonoraenequipo.com.mx\/concluye-lopez-obrador-visita-a-juarez\/\"]}]},{\"@type\":\"ImageObject\",\"inLanguage\":\"es\",\"@id\":\"https:\/\/www.sonoraenequipo.com.mx\/concluye-lopez-obrador-visita-a-juarez\/#primaryimage\",\"url\":\"https:\/\/www.sonoraenequipo.com.mx\/storage\/2022\/02\/chihuahua_opt.jpg\",\"contentUrl\":\"https:\/\/www.sonoraenequipo.com.mx\/storage\/2022\/02\/chihuahua_opt.jpg\",\"width\":711,\"height\":400},{\"@type\":\"BreadcrumbList\",\"@id\":\"https:\/\/www.sonoraenequipo.com.mx\/concluye-lopez-obrador-visita-a-juarez\/#breadcrumb\",\"itemListElement\":[{\"@type\":\"ListItem\",\"position\":1,\"name\":\"Portada\",\"item\":\"https:\/\/www.sonoraenequipo.com.mx\/\"},{\"@type\":\"ListItem\",\"position\":2,\"name\":\"Concluye L\u00f3pez Obrador visita a Ju\u00e1rez\"}]},{\"@type\":\"WebSite\",\"@id\":\"https:\/\/www.sonoraenequipo.com.mx\/#website\",\"url\":\"https:\/\/www.sonoraenequipo.com.mx\/\",\"name\":\"Sonora en Equipo.\",\"description\":\"Diario en l\u00ednea con Noticias desde Hermosillo, Sonora\",\"publisher\":{\"@id\":\"https:\/\/www.sonoraenequipo.com.mx\/#organization\"},\"potentialAction\":[{\"@type\":\"SearchAction\",\"target\":{\"@type\":\"EntryPoint\",\"urlTemplate\":\"https:\/\/www.sonoraenequipo.com.mx\/?s={search_term_string}\"},\"query-input\":{\"@type\":\"PropertyValueSpecification\",\"valueRequired\":true,\"valueName\":\"search_term_string\"}}],\"inLanguage\":\"es\"},{\"@type\":\"Organization\",\"@id\":\"https:\/\/www.sonoraenequipo.com.mx\/#organization\",\"name\":\"Sonoraenequipo.com.mx\",\"url\":\"https:\/\/www.sonoraenequipo.com.mx\/\",\"logo\":{\"@type\":\"ImageObject\",\"inLanguage\":\"es\",\"@id\":\"https:\/\/www.sonoraenequipo.com.mx\/#\/schema\/logo\/image\/\",\"url\":\"https:\/\/www.sonoraenequipo.com.mx\/storage\/2019\/01\/sonoraenequipo_opt.png\",\"contentUrl\":\"https:\/\/www.sonoraenequipo.com.mx\/storage\/2019\/01\/sonoraenequipo_opt.png\",\"width\":375,\"height\":125,\"caption\":\"Sonoraenequipo.com.mx\"},\"image\":{\"@id\":\"https:\/\/www.sonoraenequipo.com.mx\/#\/schema\/logo\/image\/\"},\"sameAs\":[\"https:\/\/www.facebook.com\/SonoraEE\/\",\"https:\/\/x.com\/sonoraenequipo\",\"https:\/\/www.youtube.com\/channel\/UC338nW-lPEYmJQs4ZABQ1SQ\"]},{\"@type\":\"Person\",\"@id\":\"https:\/\/www.sonoraenequipo.com.mx\/#\/schema\/person\/50102df0fb23a8fa9e8effad8fa81386\",\"name\":\"enequipo\",\"image\":{\"@type\":\"ImageObject\",\"inLanguage\":\"es\",\"@id\":\"https:\/\/www.sonoraenequipo.com.mx\/#\/schema\/person\/image\/\",\"url\":\"https:\/\/secure.gravatar.com\/avatar\/049821681b589dabc0bc20695993ccebb09f5b5d4d790cd9251b97faac7c652b?s=96&d=blank&r=g\",\"contentUrl\":\"https:\/\/secure.gravatar.com\/avatar\/049821681b589dabc0bc20695993ccebb09f5b5d4d790cd9251b97faac7c652b?s=96&d=blank&r=g\",\"caption\":\"enequipo\"},\"sameAs\":[\"https:\/\/www.facebook.com\/SonoraEE\"]}]}<\/script>\n ","yoast_head_json":{"title":"Sonora en Equipo. Concluye L\u00f3pez Obrador visita a Ju\u00e1rez Rep\u00fablica","description":"CIUDAD JU\u00c1REZ, CHIHUAHUA. MX. \u2014 Al concluir su s\u00e9ptima gira de trabajo por Ciudad Ju\u00e1rez, el presidente Andr\u00e9s Manuel L\u00f3pez Obrador y su comitiva En Sonora en Equipo publicamos toda la informaci\u00f3n de Sonora, M\u00e9xico y el Mundo de manera oportuna y busca que la libertad de expresi\u00f3n sea real. Visita nuestro medio informativo publicado desde Hermosillo, Sonora. %","robots":{"index":"index","follow":"follow","max-snippet":"max-snippet:-1","max-image-preview":"max-image-preview:large","max-video-preview":"max-video-preview:-1"},"canonical":"https:\/\/www.sonoraenequipo.com.mx\/concluye-lopez-obrador-visita-a-juarez\/","og_locale":"es_ES","og_type":"article","og_title":"Sonora en Equipo. Concluye L\u00f3pez Obrador visita a Ju\u00e1rez Rep\u00fablica","og_description":"CIUDAD JU\u00c1REZ, CHIHUAHUA. MX. \u2014 Al concluir su s\u00e9ptima gira de trabajo por Ciudad Ju\u00e1rez, el presidente Andr\u00e9s Manuel L\u00f3pez Obrador y su comitiva En Sonora en Equipo publicamos toda la informaci\u00f3n de Sonora, M\u00e9xico y el Mundo de manera oportuna y busca que la libertad de expresi\u00f3n sea real. Visita nuestro medio informativo publicado desde Hermosillo, Sonora. %","og_url":"https:\/\/www.sonoraenequipo.com.mx\/concluye-lopez-obrador-visita-a-juarez\/","og_site_name":"Sonora en Equipo.","article_publisher":"https:\/\/www.facebook.com\/SonoraEE\/","article_author":"https:\/\/www.facebook.com\/SonoraEE","article_published_time":"2022-02-18T20:12:03+00:00","article_modified_time":"2022-02-19T16:30:20+00:00","og_image":[{"width":711,"height":400,"url":"https:\/\/www.sonoraenequipo.com.mx\/storage\/2022\/02\/chihuahua_opt.jpg","type":"image\/jpeg"}],"author":"enequipo","twitter_card":"summary_large_image","twitter_creator":"@sonoraenequipo","twitter_site":"@sonoraenequipo","twitter_misc":{"Escrito por":"enequipo","Tiempo de lectura":"1 minuto"},"schema":{"@context":"https:\/\/schema.org","@graph":[{"@type":"Article","@id":"https:\/\/www.sonoraenequipo.com.mx\/concluye-lopez-obrador-visita-a-juarez\/#article","isPartOf":{"@id":"https:\/\/www.sonoraenequipo.com.mx\/concluye-lopez-obrador-visita-a-juarez\/"},"author":{"name":"enequipo","@id":"https:\/\/www.sonoraenequipo.com.mx\/#\/schema\/person\/50102df0fb23a8fa9e8effad8fa81386"},"headline":"Concluye L\u00f3pez Obrador visita a Ju\u00e1rez","datePublished":"2022-02-18T20:12:03+00:00","dateModified":"2022-02-19T16:30:20+00:00","mainEntityOfPage":{"@id":"https:\/\/www.sonoraenequipo.com.mx\/concluye-lopez-obrador-visita-a-juarez\/"},"wordCount":242,"commentCount":0,"publisher":{"@id":"https:\/\/www.sonoraenequipo.com.mx\/#organization"},"image":{"@id":"https:\/\/www.sonoraenequipo.com.mx\/concluye-lopez-obrador-visita-a-juarez\/#primaryimage"},"thumbnailUrl":"https:\/\/www.sonoraenequipo.com.mx\/storage\/2022\/02\/chihuahua_opt.jpg","articleSection":["Rep\u00fablica"],"inLanguage":"es","potentialAction":[{"@type":"CommentAction","name":"Comment","target":["https:\/\/www.sonoraenequipo.com.mx\/concluye-lopez-obrador-visita-a-juarez\/#respond"]}]},{"@type":"WebPage","@id":"https:\/\/www.sonoraenequipo.com.mx\/concluye-lopez-obrador-visita-a-juarez\/","url":"https:\/\/www.sonoraenequipo.com.mx\/concluye-lopez-obrador-visita-a-juarez\/","name":"Sonora en Equipo. Concluye L\u00f3pez Obrador visita a Ju\u00e1rez Rep\u00fablica","isPartOf":{"@id":"https:\/\/www.sonoraenequipo.com.mx\/#website"},"primaryImageOfPage":{"@id":"https:\/\/www.sonoraenequipo.com.mx\/concluye-lopez-obrador-visita-a-juarez\/#primaryimage"},"image":{"@id":"https:\/\/www.sonoraenequipo.com.mx\/concluye-lopez-obrador-visita-a-juarez\/#primaryimage"},"thumbnailUrl":"https:\/\/www.sonoraenequipo.com.mx\/storage\/2022\/02\/chihuahua_opt.jpg","datePublished":"2022-02-18T20:12:03+00:00","dateModified":"2022-02-19T16:30:20+00:00","description":"CIUDAD JU\u00c1REZ, CHIHUAHUA. MX. \u2014 Al concluir su s\u00e9ptima gira de trabajo por Ciudad Ju\u00e1rez, el presidente Andr\u00e9s Manuel L\u00f3pez Obrador y su comitiva En Sonora en Equipo publicamos toda la informaci\u00f3n de Sonora, M\u00e9xico y el Mundo de manera oportuna y busca que la libertad de expresi\u00f3n sea real. Visita nuestro medio informativo publicado desde Hermosillo, Sonora. %","breadcrumb":{"@id":"https:\/\/www.sonoraenequipo.com.mx\/concluye-lopez-obrador-visita-a-juarez\/#breadcrumb"},"inLanguage":"es","potentialAction":[{"@type":"ReadAction","target":["https:\/\/www.sonoraenequipo.com.mx\/concluye-lopez-obrador-visita-a-juarez\/"]}]},{"@type":"ImageObject","inLanguage":"es","@id":"https:\/\/www.sonoraenequipo.com.mx\/concluye-lopez-obrador-visita-a-juarez\/#primaryimage","url":"https:\/\/www.sonoraenequipo.com.mx\/storage\/2022\/02\/chihuahua_opt.jpg","contentUrl":"https:\/\/www.sonoraenequipo.com.mx\/storage\/2022\/02\/chihuahua_opt.jpg","width":711,"height":400},{"@type":"BreadcrumbList","@id":"https:\/\/www.sonoraenequipo.com.mx\/concluye-lopez-obrador-visita-a-juarez\/#breadcrumb","itemListElement":[{"@type":"ListItem","position":1,"name":"Portada","item":"https:\/\/www.sonoraenequipo.com.mx\/"},{"@type":"ListItem","position":2,"name":"Concluye L\u00f3pez Obrador visita a Ju\u00e1rez"}]},{"@type":"WebSite","@id":"https:\/\/www.sonoraenequipo.com.mx\/#website","url":"https:\/\/www.sonoraenequipo.com.mx\/","name":"Sonora en Equipo.","description":"Diario en l\u00ednea con Noticias desde Hermosillo, Sonora","publisher":{"@id":"https:\/\/www.sonoraenequipo.com.mx\/#organization"},"potentialAction":[{"@type":"SearchAction","target":{"@type":"EntryPoint","urlTemplate":"https:\/\/www.sonoraenequipo.com.mx\/?s={search_term_string}"},"query-input":{"@type":"PropertyValueSpecification","valueRequired":true,"valueName":"search_term_string"}}],"inLanguage":"es"},{"@type":"Organization","@id":"https:\/\/www.sonoraenequipo.com.mx\/#organization","name":"Sonoraenequipo.com.mx","url":"https:\/\/www.sonoraenequipo.com.mx\/","logo":{"@type":"ImageObject","inLanguage":"es","@id":"https:\/\/www.sonoraenequipo.com.mx\/#\/schema\/logo\/image\/","url":"https:\/\/www.sonoraenequipo.com.mx\/storage\/2019\/01\/sonoraenequipo_opt.png","contentUrl":"https:\/\/www.sonoraenequipo.com.mx\/storage\/2019\/01\/sonoraenequipo_opt.png","width":375,"height":125,"caption":"Sonoraenequipo.com.mx"},"image":{"@id":"https:\/\/www.sonoraenequipo.com.mx\/#\/schema\/logo\/image\/"},"sameAs":["https:\/\/www.facebook.com\/SonoraEE\/","https:\/\/x.com\/sonoraenequipo","https:\/\/www.youtube.com\/channel\/UC338nW-lPEYmJQs4ZABQ1SQ"]},{"@type":"Person","@id":"https:\/\/www.sonoraenequipo.com.mx\/#\/schema\/person\/50102df0fb23a8fa9e8effad8fa81386","name":"enequipo","image":{"@type":"ImageObject","inLanguage":"es","@id":"https:\/\/www.sonoraenequipo.com.mx\/#\/schema\/person\/image\/","url":"https:\/\/secure.gravatar.com\/avatar\/049821681b589dabc0bc20695993ccebb09f5b5d4d790cd9251b97faac7c652b?s=96&d=blank&r=g","contentUrl":"https:\/\/secure.gravatar.com\/avatar\/049821681b589dabc0bc20695993ccebb09f5b5d4d790cd9251b97faac7c652b?s=96&d=blank&r=g","caption":"enequipo"},"sameAs":["https:\/\/www.facebook.com\/SonoraEE"]}]}},"jetpack_featured_media_url":"https:\/\/www.sonoraenequipo.com.mx\/storage\/2022\/02\/chihuahua_opt.jpg","_links":{"self":[{"href":"https:\/\/www.sonoraenequipo.com.mx\/api\/wp\/v2\/posts\/133401","targetHints":{"allow":["GET"]}}],"collection":[{"href":"https:\/\/www.sonoraenequipo.com.mx\/api\/wp\/v2\/posts"}],"about":[{"href":"https:\/\/www.sonoraenequipo.com.mx\/api\/wp\/v2\/types\/post"}],"author":[{"embeddable":true,"href":"https:\/\/www.sonoraenequipo.com.mx\/api\/wp\/v2\/users\/1"}],"replies":[{"embeddable":true,"href":"https:\/\/www.sonoraenequipo.com.mx\/api\/wp\/v2\/comments?post=133401"}],"version-history":[{"count":2,"href":"https:\/\/www.sonoraenequipo.com.mx\/api\/wp\/v2\/posts\/133401\/revisions"}],"predecessor-version":[{"id":133404,"href":"https:\/\/www.sonoraenequipo.com.mx\/api\/wp\/v2\/posts\/133401\/revisions\/133404"}],"wp:featuredmedia":[{"embeddable":true,"href":"https:\/\/www.sonoraenequipo.com.mx\/api\/wp\/v2\/media\/133402"}],"wp:attachment":[{"href":"https:\/\/www.sonoraenequipo.com.mx\/api\/wp\/v2\/media?parent=133401"}],"wp:term":[{"taxonomy":"category","embeddable":true,"href":"https:\/\/www.sonoraenequipo.com.mx\/api\/wp\/v2\/categories?post=133401"},{"taxonomy":"post_tag","embeddable":true,"href":"https:\/\/www.sonoraenequipo.com.mx\/api\/wp\/v2\/tags?post=133401"}],"curies":[{"name":"wp","href":"https:\/\/api.w.org\/{rel}","templated":true}]}}