{"id":133410,"date":"2022-02-18T10:42:12","date_gmt":"2022-02-18T17:42:12","guid":{"rendered":"https:\/\/www.sonoraenequipo.com.mx\/?p=133410"},"modified":"2022-02-19T10:29:16","modified_gmt":"2022-02-19T17:29:16","slug":"actividad-economica-retrocedio-0-1-en-enero-reporta-inegi","status":"publish","type":"post","link":"https:\/\/www.sonoraenequipo.com.mx\/actividad-economica-retrocedio-0-1-en-enero-reporta-inegi\/","title":{"rendered":"Actividad econ\u00f3mica retrocedi\u00f3 0.1% en enero, reporta Inegi"},"content":{"rendered":"<p>CIUDAD DE M\u00c9XICO. MX. \u2014 La econom\u00eda mexicana observ\u00f3 un retroceso mensual de 0.1 por ciento al iniciar el a\u00f1o, desempe\u00f1o que muestra un ligero efecto negativo de la cuarta ola de contagios de covid-19, inform\u00f3 este viernes el Instituto Nacional de Estad\u00edstica y Geograf\u00eda (Inegi).<\/p>\n<p>&nbsp;<\/p>\n<p> <\/p>\n<p>&nbsp;<\/p>\n<p>De acuerdo con el Indicador Oportuno de la Actividad Econ\u00f3mica (IOAE), que muestra los datos preliminares de la evoluci\u00f3n econ\u00f3mica, se\u00f1ala que en enero la econom\u00eda creci\u00f3 0.7 por ciento con respecto a igual mes del a\u00f1o pasado.<\/p>\n<p>&nbsp;<\/p>\n<p>El comportamiento mensual observado en el primer mes de 2022 se explica por el aumento en los contagios de \u00f3micron, los cuales causaron ausentismo laboral, m\u00e1s que cierres de empresas o reducci\u00f3n de aforos, gracias al avance en el proceso de vacunaci\u00f3n en el pa\u00eds.<\/p>\n<p>&nbsp;<\/p>\n<p>El sector industrial tuvo el mayor impacto por esta situaci\u00f3n, pues se contrajo 0.4 por ciento respecto a diciembre del a\u00f1o pasado.<\/p>\n<p>&nbsp;<\/p>\n<p>Las actividades secundarias continuaron resintiendo la escasez de semiconductores \u2014especialmente la industria automotriz\u2014, as\u00ed como las disrupciones de las cadenas de suministros, principalmente por el alto costo de los contenedores y la falta de estos para movilizar mercanc\u00edas e insumos en transporte mar\u00edtimo a nivel global. En su variaci\u00f3n anual, la actividad industrial mostr\u00f3 un crecimiento de 2.1 por ciento.<\/p>\n<p>&nbsp;<\/p>\n<p>El comercio y servicios, que aportan dos terceras partes del producto interno bruto (PIB), se estancaron en comparaci\u00f3n con el \u00faltimo mes de 2021.<\/p>\n<p>&nbsp;<\/p>\n<p>A pesar de que no hubo cierres de comercios y los centros tur\u00edsticos y restaurantes no tuvieron restricciones como en las primeras olas de covid, no lograron crecer en enero. En su variaci\u00f3n anual, s\u00f3lo avanzaron 0.1 por ciento.<\/p>\n<p>&nbsp;<\/p>\n<p>El Inegi se\u00f1al\u00f3 que en diciembre la actividad econ\u00f3mica creci\u00f3 1 por ciento frente a noviembre del a\u00f1o pasado.<\/p>\n<p>&nbsp;<\/p>\n<p>La evoluci\u00f3n positiva se explic\u00f3 por el avance de 1.9 por ciento de la industria y 0.6 por ciento del comercio y servicios.<\/p>\n<p>&nbsp;<\/p>\n<p>Durante el \u00faltimo mes de 2021 a\u00fan no comenzaba en M\u00e9xico la cuarta ola de covid e incluso la mayor parte del territorio nacional se encontraba en mejores condiciones sanitarias, lo que se tradujo en restricciones menos estrictas.<\/p>\n<p>&nbsp;<\/p>\n<p>En su variaci\u00f3n anual, el IOAE de diciembre avanz\u00f3 0.7 por ciento, luego de que las actividades secundarias crecieron 2.4 por ciento, aunque las terciarias retrocedieron 0.7 por ciento.<\/p>\n<p>&nbsp;<\/p>\n<p>Analistas de Monex comentaron que si se materializan los primeros datos de la actividad econ\u00f3mica se constituir\u00eda una buena noticia, pues a partir de otros indicadores se hab\u00eda generado el temor de que el declive en la actividad fuera mucho mayor.<\/p>\n<p>&nbsp;<\/p>\n<p>Resaltaron que el indicador oportuno \u201cplantea un giro en la narrativa econ\u00f3mica, pues a pesar de que durante los \u00faltimos dos meses se registraron fuertes repuntes en los contagios de covid-19 por la aparici\u00f3n de la variante \u00f3micron en M\u00e9xico y el mundo, la actividad en nuestro pa\u00eds habr\u00eda tenido casi nulas afectaciones\u201d.<\/p>\n<p>&nbsp;<\/p>\n<p>Insistieron que a pesar de la debilidad del panorama econ\u00f3mico, \u201cla trayectoria esbozada por el IOAE en el corto plazo brinda cierto optimismo, sobre todo en t\u00e9rminos simb\u00f3licos\u201d.<\/p>\n<p>&nbsp;<\/p>\n<p>&nbsp;<\/p>\n<p>(Publicada el 18\/02\/2022 \/Con informaci\u00f3n de Alejandro Alegr\u00eda )<\/p>\n","protected":false},"excerpt":{"rendered":"<p>CIUDAD DE M\u00c9XICO. MX. \u2014 La econom\u00eda mexicana observ\u00f3 un retroceso mensual de 0.1 por&#8230;<\/p>\n","protected":false},"author":1,"featured_media":133411,"comment_status":"open","ping_status":"open","sticky":false,"template":"","format":"standard","meta":{"_monsterinsights_skip_tracking":false,"_monsterinsights_sitenote_active":false,"_monsterinsights_sitenote_note":"","_monsterinsights_sitenote_category":0,"footnotes":""},"categories":[5],"tags":[],"class_list":["post"],"yoast_head":" \n<title>Sonora en Equipo. Actividad econ\u00f3mica retrocedi\u00f3 0.1% en enero, reporta Inegi Rep\u00fablica<\/title>\n<meta name=\"description\" content=\"CIUDAD DE M\u00c9XICO. MX. \u2014 La econom\u00eda mexicana observ\u00f3 un retroceso mensual de 0.1 por ciento al iniciar el a\u00f1o, desempe\u00f1o que muestra un ligero efecto En Sonora en Equipo publicamos toda la informaci\u00f3n de Sonora, M\u00e9xico y el Mundo de manera oportuna y busca que la libertad de expresi\u00f3n sea real. Visita nuestro medio informativo publicado desde Hermosillo, Sonora. %\" \/>\n<meta name=\"robots\" content=\"index, follow, max-snippet:-1, max-image-preview:large, max-video-preview:-1\" \/>\n<link rel=\"canonical\" href=\"https:\/\/www.sonoraenequipo.com.mx\/actividad-economica-retrocedio-0-1-en-enero-reporta-inegi\/\" \/>\n<meta property=\"og:locale\" content=\"es_ES\" \/>\n<meta property=\"og:type\" content=\"article\" \/>\n<meta property=\"og:title\" content=\"Sonora en Equipo. Actividad econ\u00f3mica retrocedi\u00f3 0.1% en enero, reporta Inegi Rep\u00fablica\" \/>\n<meta property=\"og:description\" content=\"CIUDAD DE M\u00c9XICO. MX. \u2014 La econom\u00eda mexicana observ\u00f3 un retroceso mensual de 0.1 por ciento al iniciar el a\u00f1o, desempe\u00f1o que muestra un ligero efecto En Sonora en Equipo publicamos toda la informaci\u00f3n de Sonora, M\u00e9xico y el Mundo de manera oportuna y busca que la libertad de expresi\u00f3n sea real. Visita nuestro medio informativo publicado desde Hermosillo, Sonora. %\" \/>\n<meta property=\"og:url\" content=\"https:\/\/www.sonoraenequipo.com.mx\/actividad-economica-retrocedio-0-1-en-enero-reporta-inegi\/\" \/>\n<meta property=\"og:site_name\" content=\"Sonora en Equipo.\" \/>\n<meta property=\"article:publisher\" content=\"https:\/\/www.facebook.com\/SonoraEE\/\" \/>\n<meta property=\"article:author\" content=\"https:\/\/www.facebook.com\/SonoraEE\" \/>\n<meta property=\"article:published_time\" content=\"2022-02-18T17:42:12+00:00\" \/>\n<meta property=\"article:modified_time\" content=\"2022-02-19T17:29:16+00:00\" \/>\n<meta property=\"og:image\" content=\"https:\/\/www.sonoraenequipo.com.mx\/storage\/2022\/02\/economia-retrocede-en-feb_opt.jpg\" \/>\n\t<meta property=\"og:image:width\" content=\"700\" \/>\n\t<meta property=\"og:image:height\" content=\"400\" \/>\n\t<meta property=\"og:image:type\" content=\"image\/jpeg\" \/>\n<meta name=\"author\" content=\"enequipo\" \/>\n<meta name=\"twitter:card\" content=\"summary_large_image\" \/>\n<meta name=\"twitter:creator\" content=\"@sonoraenequipo\" \/>\n<meta name=\"twitter:site\" content=\"@sonoraenequipo\" \/>\n<meta name=\"twitter:label1\" content=\"Escrito por\" \/>\n\t<meta name=\"twitter:data1\" content=\"enequipo\" \/>\n\t<meta name=\"twitter:label2\" content=\"Tiempo de lectura\" \/>\n\t<meta name=\"twitter:data2\" content=\"3 minutos\" \/>\n<script type=\"application\/ld+json\" class=\"yoast-schema-graph\">{\"@context\":\"https:\/\/schema.org\",\"@graph\":[{\"@type\":\"Article\",\"@id\":\"https:\/\/www.sonoraenequipo.com.mx\/actividad-economica-retrocedio-0-1-en-enero-reporta-inegi\/#article\",\"isPartOf\":{\"@id\":\"https:\/\/www.sonoraenequipo.com.mx\/actividad-economica-retrocedio-0-1-en-enero-reporta-inegi\/\"},\"author\":{\"name\":\"enequipo\",\"@id\":\"https:\/\/www.sonoraenequipo.com.mx\/#\/schema\/person\/50102df0fb23a8fa9e8effad8fa81386\"},\"headline\":\"Actividad econ\u00f3mica retrocedi\u00f3 0.1% en enero, reporta Inegi\",\"datePublished\":\"2022-02-18T17:42:12+00:00\",\"dateModified\":\"2022-02-19T17:29:16+00:00\",\"mainEntityOfPage\":{\"@id\":\"https:\/\/www.sonoraenequipo.com.mx\/actividad-economica-retrocedio-0-1-en-enero-reporta-inegi\/\"},\"wordCount\":566,\"commentCount\":0,\"publisher\":{\"@id\":\"https:\/\/www.sonoraenequipo.com.mx\/#organization\"},\"image\":{\"@id\":\"https:\/\/www.sonoraenequipo.com.mx\/actividad-economica-retrocedio-0-1-en-enero-reporta-inegi\/#primaryimage\"},\"thumbnailUrl\":\"https:\/\/www.sonoraenequipo.com.mx\/storage\/2022\/02\/economia-retrocede-en-feb_opt.jpg\",\"articleSection\":[\"Rep\u00fablica\"],\"inLanguage\":\"es\",\"potentialAction\":[{\"@type\":\"CommentAction\",\"name\":\"Comment\",\"target\":[\"https:\/\/www.sonoraenequipo.com.mx\/actividad-economica-retrocedio-0-1-en-enero-reporta-inegi\/#respond\"]}]},{\"@type\":\"WebPage\",\"@id\":\"https:\/\/www.sonoraenequipo.com.mx\/actividad-economica-retrocedio-0-1-en-enero-reporta-inegi\/\",\"url\":\"https:\/\/www.sonoraenequipo.com.mx\/actividad-economica-retrocedio-0-1-en-enero-reporta-inegi\/\",\"name\":\"Sonora en Equipo. Actividad econ\u00f3mica retrocedi\u00f3 0.1% en enero, reporta Inegi Rep\u00fablica\",\"isPartOf\":{\"@id\":\"https:\/\/www.sonoraenequipo.com.mx\/#website\"},\"primaryImageOfPage\":{\"@id\":\"https:\/\/www.sonoraenequipo.com.mx\/actividad-economica-retrocedio-0-1-en-enero-reporta-inegi\/#primaryimage\"},\"image\":{\"@id\":\"https:\/\/www.sonoraenequipo.com.mx\/actividad-economica-retrocedio-0-1-en-enero-reporta-inegi\/#primaryimage\"},\"thumbnailUrl\":\"https:\/\/www.sonoraenequipo.com.mx\/storage\/2022\/02\/economia-retrocede-en-feb_opt.jpg\",\"datePublished\":\"2022-02-18T17:42:12+00:00\",\"dateModified\":\"2022-02-19T17:29:16+00:00\",\"description\":\"CIUDAD DE M\u00c9XICO. MX. \u2014 La econom\u00eda mexicana observ\u00f3 un retroceso mensual de 0.1 por ciento al iniciar el a\u00f1o, desempe\u00f1o que muestra un ligero efecto En Sonora en Equipo publicamos toda la informaci\u00f3n de Sonora, M\u00e9xico y el Mundo de manera oportuna y busca que la libertad de expresi\u00f3n sea real. Visita nuestro medio informativo publicado desde Hermosillo, Sonora. %\",\"breadcrumb\":{\"@id\":\"https:\/\/www.sonoraenequipo.com.mx\/actividad-economica-retrocedio-0-1-en-enero-reporta-inegi\/#breadcrumb\"},\"inLanguage\":\"es\",\"potentialAction\":[{\"@type\":\"ReadAction\",\"target\":[\"https:\/\/www.sonoraenequipo.com.mx\/actividad-economica-retrocedio-0-1-en-enero-reporta-inegi\/\"]}]},{\"@type\":\"ImageObject\",\"inLanguage\":\"es\",\"@id\":\"https:\/\/www.sonoraenequipo.com.mx\/actividad-economica-retrocedio-0-1-en-enero-reporta-inegi\/#primaryimage\",\"url\":\"https:\/\/www.sonoraenequipo.com.mx\/storage\/2022\/02\/economia-retrocede-en-feb_opt.jpg\",\"contentUrl\":\"https:\/\/www.sonoraenequipo.com.mx\/storage\/2022\/02\/economia-retrocede-en-feb_opt.jpg\",\"width\":700,\"height\":400},{\"@type\":\"BreadcrumbList\",\"@id\":\"https:\/\/www.sonoraenequipo.com.mx\/actividad-economica-retrocedio-0-1-en-enero-reporta-inegi\/#breadcrumb\",\"itemListElement\":[{\"@type\":\"ListItem\",\"position\":1,\"name\":\"Portada\",\"item\":\"https:\/\/www.sonoraenequipo.com.mx\/\"},{\"@type\":\"ListItem\",\"position\":2,\"name\":\"Actividad econ\u00f3mica retrocedi\u00f3 0.1% en enero, reporta Inegi\"}]},{\"@type\":\"WebSite\",\"@id\":\"https:\/\/www.sonoraenequipo.com.mx\/#website\",\"url\":\"https:\/\/www.sonoraenequipo.com.mx\/\",\"name\":\"Sonora en Equipo.\",\"description\":\"Diario en l\u00ednea con Noticias desde Hermosillo, Sonora\",\"publisher\":{\"@id\":\"https:\/\/www.sonoraenequipo.com.mx\/#organization\"},\"potentialAction\":[{\"@type\":\"SearchAction\",\"target\":{\"@type\":\"EntryPoint\",\"urlTemplate\":\"https:\/\/www.sonoraenequipo.com.mx\/?s={search_term_string}\"},\"query-input\":{\"@type\":\"PropertyValueSpecification\",\"valueRequired\":true,\"valueName\":\"search_term_string\"}}],\"inLanguage\":\"es\"},{\"@type\":\"Organization\",\"@id\":\"https:\/\/www.sonoraenequipo.com.mx\/#organization\",\"name\":\"Sonoraenequipo.com.mx\",\"url\":\"https:\/\/www.sonoraenequipo.com.mx\/\",\"logo\":{\"@type\":\"ImageObject\",\"inLanguage\":\"es\",\"@id\":\"https:\/\/www.sonoraenequipo.com.mx\/#\/schema\/logo\/image\/\",\"url\":\"https:\/\/www.sonoraenequipo.com.mx\/storage\/2019\/01\/sonoraenequipo_opt.png\",\"contentUrl\":\"https:\/\/www.sonoraenequipo.com.mx\/storage\/2019\/01\/sonoraenequipo_opt.png\",\"width\":375,\"height\":125,\"caption\":\"Sonoraenequipo.com.mx\"},\"image\":{\"@id\":\"https:\/\/www.sonoraenequipo.com.mx\/#\/schema\/logo\/image\/\"},\"sameAs\":[\"https:\/\/www.facebook.com\/SonoraEE\/\",\"https:\/\/x.com\/sonoraenequipo\",\"https:\/\/www.youtube.com\/channel\/UC338nW-lPEYmJQs4ZABQ1SQ\"]},{\"@type\":\"Person\",\"@id\":\"https:\/\/www.sonoraenequipo.com.mx\/#\/schema\/person\/50102df0fb23a8fa9e8effad8fa81386\",\"name\":\"enequipo\",\"image\":{\"@type\":\"ImageObject\",\"inLanguage\":\"es\",\"@id\":\"https:\/\/www.sonoraenequipo.com.mx\/#\/schema\/person\/image\/\",\"url\":\"https:\/\/secure.gravatar.com\/avatar\/049821681b589dabc0bc20695993ccebb09f5b5d4d790cd9251b97faac7c652b?s=96&d=blank&r=g\",\"contentUrl\":\"https:\/\/secure.gravatar.com\/avatar\/049821681b589dabc0bc20695993ccebb09f5b5d4d790cd9251b97faac7c652b?s=96&d=blank&r=g\",\"caption\":\"enequipo\"},\"sameAs\":[\"https:\/\/www.facebook.com\/SonoraEE\"]}]}<\/script>\n ","yoast_head_json":{"title":"Sonora en Equipo. Actividad econ\u00f3mica retrocedi\u00f3 0.1% en enero, reporta Inegi Rep\u00fablica","description":"CIUDAD DE M\u00c9XICO. MX. \u2014 La econom\u00eda mexicana observ\u00f3 un retroceso mensual de 0.1 por ciento al iniciar el a\u00f1o, desempe\u00f1o que muestra un ligero efecto En Sonora en Equipo publicamos toda la informaci\u00f3n de Sonora, M\u00e9xico y el Mundo de manera oportuna y busca que la libertad de expresi\u00f3n sea real. Visita nuestro medio informativo publicado desde Hermosillo, Sonora. %","robots":{"index":"index","follow":"follow","max-snippet":"max-snippet:-1","max-image-preview":"max-image-preview:large","max-video-preview":"max-video-preview:-1"},"canonical":"https:\/\/www.sonoraenequipo.com.mx\/actividad-economica-retrocedio-0-1-en-enero-reporta-inegi\/","og_locale":"es_ES","og_type":"article","og_title":"Sonora en Equipo. Actividad econ\u00f3mica retrocedi\u00f3 0.1% en enero, reporta Inegi Rep\u00fablica","og_description":"CIUDAD DE M\u00c9XICO. MX. \u2014 La econom\u00eda mexicana observ\u00f3 un retroceso mensual de 0.1 por ciento al iniciar el a\u00f1o, desempe\u00f1o que muestra un ligero efecto En Sonora en Equipo publicamos toda la informaci\u00f3n de Sonora, M\u00e9xico y el Mundo de manera oportuna y busca que la libertad de expresi\u00f3n sea real. Visita nuestro medio informativo publicado desde Hermosillo, Sonora. %","og_url":"https:\/\/www.sonoraenequipo.com.mx\/actividad-economica-retrocedio-0-1-en-enero-reporta-inegi\/","og_site_name":"Sonora en Equipo.","article_publisher":"https:\/\/www.facebook.com\/SonoraEE\/","article_author":"https:\/\/www.facebook.com\/SonoraEE","article_published_time":"2022-02-18T17:42:12+00:00","article_modified_time":"2022-02-19T17:29:16+00:00","og_image":[{"width":700,"height":400,"url":"https:\/\/www.sonoraenequipo.com.mx\/storage\/2022\/02\/economia-retrocede-en-feb_opt.jpg","type":"image\/jpeg"}],"author":"enequipo","twitter_card":"summary_large_image","twitter_creator":"@sonoraenequipo","twitter_site":"@sonoraenequipo","twitter_misc":{"Escrito por":"enequipo","Tiempo de lectura":"3 minutos"},"schema":{"@context":"https:\/\/schema.org","@graph":[{"@type":"Article","@id":"https:\/\/www.sonoraenequipo.com.mx\/actividad-economica-retrocedio-0-1-en-enero-reporta-inegi\/#article","isPartOf":{"@id":"https:\/\/www.sonoraenequipo.com.mx\/actividad-economica-retrocedio-0-1-en-enero-reporta-inegi\/"},"author":{"name":"enequipo","@id":"https:\/\/www.sonoraenequipo.com.mx\/#\/schema\/person\/50102df0fb23a8fa9e8effad8fa81386"},"headline":"Actividad econ\u00f3mica retrocedi\u00f3 0.1% en enero, reporta Inegi","datePublished":"2022-02-18T17:42:12+00:00","dateModified":"2022-02-19T17:29:16+00:00","mainEntityOfPage":{"@id":"https:\/\/www.sonoraenequipo.com.mx\/actividad-economica-retrocedio-0-1-en-enero-reporta-inegi\/"},"wordCount":566,"commentCount":0,"publisher":{"@id":"https:\/\/www.sonoraenequipo.com.mx\/#organization"},"image":{"@id":"https:\/\/www.sonoraenequipo.com.mx\/actividad-economica-retrocedio-0-1-en-enero-reporta-inegi\/#primaryimage"},"thumbnailUrl":"https:\/\/www.sonoraenequipo.com.mx\/storage\/2022\/02\/economia-retrocede-en-feb_opt.jpg","articleSection":["Rep\u00fablica"],"inLanguage":"es","potentialAction":[{"@type":"CommentAction","name":"Comment","target":["https:\/\/www.sonoraenequipo.com.mx\/actividad-economica-retrocedio-0-1-en-enero-reporta-inegi\/#respond"]}]},{"@type":"WebPage","@id":"https:\/\/www.sonoraenequipo.com.mx\/actividad-economica-retrocedio-0-1-en-enero-reporta-inegi\/","url":"https:\/\/www.sonoraenequipo.com.mx\/actividad-economica-retrocedio-0-1-en-enero-reporta-inegi\/","name":"Sonora en Equipo. Actividad econ\u00f3mica retrocedi\u00f3 0.1% en enero, reporta Inegi Rep\u00fablica","isPartOf":{"@id":"https:\/\/www.sonoraenequipo.com.mx\/#website"},"primaryImageOfPage":{"@id":"https:\/\/www.sonoraenequipo.com.mx\/actividad-economica-retrocedio-0-1-en-enero-reporta-inegi\/#primaryimage"},"image":{"@id":"https:\/\/www.sonoraenequipo.com.mx\/actividad-economica-retrocedio-0-1-en-enero-reporta-inegi\/#primaryimage"},"thumbnailUrl":"https:\/\/www.sonoraenequipo.com.mx\/storage\/2022\/02\/economia-retrocede-en-feb_opt.jpg","datePublished":"2022-02-18T17:42:12+00:00","dateModified":"2022-02-19T17:29:16+00:00","description":"CIUDAD DE M\u00c9XICO. MX. \u2014 La econom\u00eda mexicana observ\u00f3 un retroceso mensual de 0.1 por ciento al iniciar el a\u00f1o, desempe\u00f1o que muestra un ligero efecto En Sonora en Equipo publicamos toda la informaci\u00f3n de Sonora, M\u00e9xico y el Mundo de manera oportuna y busca que la libertad de expresi\u00f3n sea real. Visita nuestro medio informativo publicado desde Hermosillo, Sonora. %","breadcrumb":{"@id":"https:\/\/www.sonoraenequipo.com.mx\/actividad-economica-retrocedio-0-1-en-enero-reporta-inegi\/#breadcrumb"},"inLanguage":"es","potentialAction":[{"@type":"ReadAction","target":["https:\/\/www.sonoraenequipo.com.mx\/actividad-economica-retrocedio-0-1-en-enero-reporta-inegi\/"]}]},{"@type":"ImageObject","inLanguage":"es","@id":"https:\/\/www.sonoraenequipo.com.mx\/actividad-economica-retrocedio-0-1-en-enero-reporta-inegi\/#primaryimage","url":"https:\/\/www.sonoraenequipo.com.mx\/storage\/2022\/02\/economia-retrocede-en-feb_opt.jpg","contentUrl":"https:\/\/www.sonoraenequipo.com.mx\/storage\/2022\/02\/economia-retrocede-en-feb_opt.jpg","width":700,"height":400},{"@type":"BreadcrumbList","@id":"https:\/\/www.sonoraenequipo.com.mx\/actividad-economica-retrocedio-0-1-en-enero-reporta-inegi\/#breadcrumb","itemListElement":[{"@type":"ListItem","position":1,"name":"Portada","item":"https:\/\/www.sonoraenequipo.com.mx\/"},{"@type":"ListItem","position":2,"name":"Actividad econ\u00f3mica retrocedi\u00f3 0.1% en enero, reporta Inegi"}]},{"@type":"WebSite","@id":"https:\/\/www.sonoraenequipo.com.mx\/#website","url":"https:\/\/www.sonoraenequipo.com.mx\/","name":"Sonora en Equipo.","description":"Diario en l\u00ednea con Noticias desde Hermosillo, Sonora","publisher":{"@id":"https:\/\/www.sonoraenequipo.com.mx\/#organization"},"potentialAction":[{"@type":"SearchAction","target":{"@type":"EntryPoint","urlTemplate":"https:\/\/www.sonoraenequipo.com.mx\/?s={search_term_string}"},"query-input":{"@type":"PropertyValueSpecification","valueRequired":true,"valueName":"search_term_string"}}],"inLanguage":"es"},{"@type":"Organization","@id":"https:\/\/www.sonoraenequipo.com.mx\/#organization","name":"Sonoraenequipo.com.mx","url":"https:\/\/www.sonoraenequipo.com.mx\/","logo":{"@type":"ImageObject","inLanguage":"es","@id":"https:\/\/www.sonoraenequipo.com.mx\/#\/schema\/logo\/image\/","url":"https:\/\/www.sonoraenequipo.com.mx\/storage\/2019\/01\/sonoraenequipo_opt.png","contentUrl":"https:\/\/www.sonoraenequipo.com.mx\/storage\/2019\/01\/sonoraenequipo_opt.png","width":375,"height":125,"caption":"Sonoraenequipo.com.mx"},"image":{"@id":"https:\/\/www.sonoraenequipo.com.mx\/#\/schema\/logo\/image\/"},"sameAs":["https:\/\/www.facebook.com\/SonoraEE\/","https:\/\/x.com\/sonoraenequipo","https:\/\/www.youtube.com\/channel\/UC338nW-lPEYmJQs4ZABQ1SQ"]},{"@type":"Person","@id":"https:\/\/www.sonoraenequipo.com.mx\/#\/schema\/person\/50102df0fb23a8fa9e8effad8fa81386","name":"enequipo","image":{"@type":"ImageObject","inLanguage":"es","@id":"https:\/\/www.sonoraenequipo.com.mx\/#\/schema\/person\/image\/","url":"https:\/\/secure.gravatar.com\/avatar\/049821681b589dabc0bc20695993ccebb09f5b5d4d790cd9251b97faac7c652b?s=96&d=blank&r=g","contentUrl":"https:\/\/secure.gravatar.com\/avatar\/049821681b589dabc0bc20695993ccebb09f5b5d4d790cd9251b97faac7c652b?s=96&d=blank&r=g","caption":"enequipo"},"sameAs":["https:\/\/www.facebook.com\/SonoraEE"]}]}},"jetpack_featured_media_url":"https:\/\/www.sonoraenequipo.com.mx\/storage\/2022\/02\/economia-retrocede-en-feb_opt.jpg","_links":{"self":[{"href":"https:\/\/www.sonoraenequipo.com.mx\/api\/wp\/v2\/posts\/133410","targetHints":{"allow":["GET"]}}],"collection":[{"href":"https:\/\/www.sonoraenequipo.com.mx\/api\/wp\/v2\/posts"}],"about":[{"href":"https:\/\/www.sonoraenequipo.com.mx\/api\/wp\/v2\/types\/post"}],"author":[{"embeddable":true,"href":"https:\/\/www.sonoraenequipo.com.mx\/api\/wp\/v2\/users\/1"}],"replies":[{"embeddable":true,"href":"https:\/\/www.sonoraenequipo.com.mx\/api\/wp\/v2\/comments?post=133410"}],"version-history":[{"count":1,"href":"https:\/\/www.sonoraenequipo.com.mx\/api\/wp\/v2\/posts\/133410\/revisions"}],"predecessor-version":[{"id":133413,"href":"https:\/\/www.sonoraenequipo.com.mx\/api\/wp\/v2\/posts\/133410\/revisions\/133413"}],"wp:featuredmedia":[{"embeddable":true,"href":"https:\/\/www.sonoraenequipo.com.mx\/api\/wp\/v2\/media\/133411"}],"wp:attachment":[{"href":"https:\/\/www.sonoraenequipo.com.mx\/api\/wp\/v2\/media?parent=133410"}],"wp:term":[{"taxonomy":"category","embeddable":true,"href":"https:\/\/www.sonoraenequipo.com.mx\/api\/wp\/v2\/categories?post=133410"},{"taxonomy":"post_tag","embeddable":true,"href":"https:\/\/www.sonoraenequipo.com.mx\/api\/wp\/v2\/tags?post=133410"}],"curies":[{"name":"wp","href":"https:\/\/api.w.org\/{rel}","templated":true}]}}