{"id":133422,"date":"2022-02-18T08:20:42","date_gmt":"2022-02-18T15:20:42","guid":{"rendered":"https:\/\/www.sonoraenequipo.com.mx\/?p=133422"},"modified":"2022-02-19T11:11:25","modified_gmt":"2022-02-19T18:11:25","slug":"incidencia-delictiva-chihuahua-va-a-la-baja","status":"publish","type":"post","link":"https:\/\/www.sonoraenequipo.com.mx\/incidencia-delictiva-chihuahua-va-a-la-baja\/","title":{"rendered":"Incidencia delictiva Chihuahua va a la baja."},"content":{"rendered":"<p><strong>CIUDAD JU\u00c1REZ, CHIHUAHUA. MX. \u2014<\/strong> En Ciudad Ju\u00e1rez, Chihuahua, constatamos la tendencia a la baja en la incidencia delictiva. Seguimos trabajando en coordinaci\u00f3n con la gobernadora Mar\u00eda Eugenia Campos Galv\u00e1n. El inter\u00e9s del pueblo siempre estar\u00e1 por encima de cualquier otro.<\/p>\n<p>&nbsp;<\/p>\n<p> <\/p>\n<p>&nbsp;<\/p>\n<p>El secretario de la Defensa Nacional, Luis Cresencio Sandoval Gonz\u00e1lez, explic\u00f3 que los delitos de alto impacto, homicidio doloso, trata de personas, robo de veh\u00edculos, a casa habitaci\u00f3n y en transporte registran una tendencia a la baja en la entidad, de acuerdo con datos del Secretariado Ejecutivo del Sistema Nacional de Seguridad P\u00fablica.<\/p>\n<p>&nbsp;<\/p>\n<p>La entidad ocupa el lugar n\u00famero 8 de las 32 entidades federativas en delitos de alto impacto.<\/p>\n<p>&nbsp;<\/p>\n<p>Un total de 10 mil elementos del Ej\u00e9rcito, la Fuerza A\u00e9rea y Guardia Nacional refuerzan la seguridad en el estado.<\/p>\n<p>&nbsp;<\/p>\n<p>La entidad se divide en diez coordinaciones regionales y cuenta con 12 instalaciones de la Guardia Nacional en Ciudad Ju\u00e1rez, Ahumada, Almada, Ciudad Guerrero, Chihuahua, Ignacio Zaragoza, Jim\u00e9nez, Ojinaga, Valle de Zaragoza y Camargo.<\/p>\n<p>&nbsp;<\/p>\n<p>Para 2022 se tiene proyectado instalar cinco cuarteles en Ciudad Ju\u00e1rez, Chihuahua y Cuaut\u00e9moc.<\/p>\n<p>&nbsp;<\/p>\n<p>La decisi\u00f3n de adjudicar a la Secretar\u00eda de la Defensa Nacional la administraci\u00f3n de las aduanas ha dado buenos resultados: disminuy\u00f3 el contrabando de combustibles y aument\u00f3 la recaudaci\u00f3n; en 2021 ascendi\u00f3 a cerca de un bill\u00f3n de pesos.<\/p>\n<p>&nbsp;<\/p>\n<p>El gobierno federal trabaja en acciones para el fortalecimiento y modernizaci\u00f3n de las aduanas de todo el pa\u00eds con el objetivo de frenar el tr\u00e1fico de drogas y el contrabando, adem\u00e1s de garantizar la seguridad.<\/p>\n<p>&nbsp;<\/p>\n<p>Este fin de semana en el norte del pa\u00eds estamos haciendo un recorrido por toda la frontera para fortalecer las aduanas con la presencia de elementos de la Sedena. Garantizaremos que no haya corrupci\u00f3n, que estos puntos no sean un bot\u00edn y exista un manejo honesto.<\/p>\n<p>&nbsp;<\/p>\n<p>Se mejorar\u00e1 el sistema de vigilancia \u2014el Estado asumir\u00e1 el uso de la tecnolog\u00eda\u2014 y la infraestructura, particularmente en la aduana de Nogales, donde se construir\u00e1 un libramiento ferroviario.<\/p>\n<p>&nbsp;<\/p>\n<p>El programa de modernizaci\u00f3n abona al comercio con Estados Unidos y el desarrollo econ\u00f3mico de M\u00e9xico.<\/p>\n<p><iframe loading=\"lazy\" title=\"Incidencia delictiva Chihuahua va a la baja. Conferencia presidente AMLO\" width=\"640\" height=\"360\" src=\"https:\/\/www.youtube.com\/embed\/qN2aL0jMMMs?feature=oembed\" frameborder=\"0\" allow=\"accelerometer; autoplay; clipboard-write; encrypted-media; gyroscope; picture-in-picture; web-share\" referrerpolicy=\"strict-origin-when-cross-origin\" allowfullscreen><\/iframe><\/p>\n<p>&nbsp;<\/p>\n<p>&nbsp;<\/p>\n<p>(Publicada el 18\/02\/2022 \/ )<\/p>\n","protected":false},"excerpt":{"rendered":"<p>CIUDAD JU\u00c1REZ, CHIHUAHUA. MX. \u2014 En Ciudad Ju\u00e1rez, Chihuahua, constatamos la tendencia a la baja&#8230;<\/p>\n","protected":false},"author":1,"featured_media":133423,"comment_status":"open","ping_status":"open","sticky":false,"template":"","format":"standard","meta":{"_monsterinsights_skip_tracking":false,"_monsterinsights_sitenote_active":false,"_monsterinsights_sitenote_note":"","_monsterinsights_sitenote_category":0,"footnotes":""},"categories":[5],"tags":[],"class_list":["post"],"yoast_head":" \n<title>Sonora en Equipo. Incidencia delictiva Chihuahua va a la baja. Rep\u00fablica<\/title>\n<meta name=\"description\" content=\"CIUDAD JU\u00c1REZ, CHIHUAHUA. MX. \u2014 En Ciudad Ju\u00e1rez, Chihuahua, constatamos la tendencia a la baja en la incidencia delictiva. Seguimos trabajando en En Sonora en Equipo publicamos toda la informaci\u00f3n de Sonora, M\u00e9xico y el Mundo de manera oportuna y busca que la libertad de expresi\u00f3n sea real. Visita nuestro medio informativo publicado desde Hermosillo, Sonora. %\" \/>\n<meta name=\"robots\" content=\"index, follow, max-snippet:-1, max-image-preview:large, max-video-preview:-1\" \/>\n<link rel=\"canonical\" href=\"https:\/\/www.sonoraenequipo.com.mx\/incidencia-delictiva-chihuahua-va-a-la-baja\/\" \/>\n<meta property=\"og:locale\" content=\"es_ES\" \/>\n<meta property=\"og:type\" content=\"article\" \/>\n<meta property=\"og:title\" content=\"Sonora en Equipo. Incidencia delictiva Chihuahua va a la baja. Rep\u00fablica\" \/>\n<meta property=\"og:description\" content=\"CIUDAD JU\u00c1REZ, CHIHUAHUA. MX. \u2014 En Ciudad Ju\u00e1rez, Chihuahua, constatamos la tendencia a la baja en la incidencia delictiva. Seguimos trabajando en En Sonora en Equipo publicamos toda la informaci\u00f3n de Sonora, M\u00e9xico y el Mundo de manera oportuna y busca que la libertad de expresi\u00f3n sea real. Visita nuestro medio informativo publicado desde Hermosillo, Sonora. %\" \/>\n<meta property=\"og:url\" content=\"https:\/\/www.sonoraenequipo.com.mx\/incidencia-delictiva-chihuahua-va-a-la-baja\/\" \/>\n<meta property=\"og:site_name\" content=\"Sonora en Equipo.\" \/>\n<meta property=\"article:publisher\" content=\"https:\/\/www.facebook.com\/SonoraEE\/\" \/>\n<meta property=\"article:author\" content=\"https:\/\/www.facebook.com\/SonoraEE\" \/>\n<meta property=\"article:published_time\" content=\"2022-02-18T15:20:42+00:00\" \/>\n<meta property=\"article:modified_time\" content=\"2022-02-19T18:11:25+00:00\" \/>\n<meta property=\"og:image\" content=\"https:\/\/www.sonoraenequipo.com.mx\/storage\/2022\/02\/18-02-2022-Conf-de-prensa-Chihuahua_opt.jpg\" \/>\n\t<meta property=\"og:image:width\" content=\"700\" \/>\n\t<meta property=\"og:image:height\" content=\"400\" \/>\n\t<meta property=\"og:image:type\" content=\"image\/jpeg\" \/>\n<meta name=\"author\" content=\"enequipo\" \/>\n<meta name=\"twitter:card\" content=\"summary_large_image\" \/>\n<meta name=\"twitter:creator\" content=\"@sonoraenequipo\" \/>\n<meta name=\"twitter:site\" content=\"@sonoraenequipo\" \/>\n<meta name=\"twitter:label1\" content=\"Escrito por\" \/>\n\t<meta name=\"twitter:data1\" content=\"enequipo\" \/>\n\t<meta name=\"twitter:label2\" content=\"Tiempo de lectura\" \/>\n\t<meta name=\"twitter:data2\" content=\"2 minutos\" \/>\n<script type=\"application\/ld+json\" class=\"yoast-schema-graph\">{\"@context\":\"https:\/\/schema.org\",\"@graph\":[{\"@type\":\"Article\",\"@id\":\"https:\/\/www.sonoraenequipo.com.mx\/incidencia-delictiva-chihuahua-va-a-la-baja\/#article\",\"isPartOf\":{\"@id\":\"https:\/\/www.sonoraenequipo.com.mx\/incidencia-delictiva-chihuahua-va-a-la-baja\/\"},\"author\":{\"name\":\"enequipo\",\"@id\":\"https:\/\/www.sonoraenequipo.com.mx\/#\/schema\/person\/50102df0fb23a8fa9e8effad8fa81386\"},\"headline\":\"Incidencia delictiva Chihuahua va a la baja.\",\"datePublished\":\"2022-02-18T15:20:42+00:00\",\"dateModified\":\"2022-02-19T18:11:25+00:00\",\"mainEntityOfPage\":{\"@id\":\"https:\/\/www.sonoraenequipo.com.mx\/incidencia-delictiva-chihuahua-va-a-la-baja\/\"},\"wordCount\":401,\"commentCount\":0,\"publisher\":{\"@id\":\"https:\/\/www.sonoraenequipo.com.mx\/#organization\"},\"image\":{\"@id\":\"https:\/\/www.sonoraenequipo.com.mx\/incidencia-delictiva-chihuahua-va-a-la-baja\/#primaryimage\"},\"thumbnailUrl\":\"https:\/\/www.sonoraenequipo.com.mx\/storage\/2022\/02\/18-02-2022-Conf-de-prensa-Chihuahua_opt.jpg\",\"articleSection\":[\"Rep\u00fablica\"],\"inLanguage\":\"es\",\"potentialAction\":[{\"@type\":\"CommentAction\",\"name\":\"Comment\",\"target\":[\"https:\/\/www.sonoraenequipo.com.mx\/incidencia-delictiva-chihuahua-va-a-la-baja\/#respond\"]}]},{\"@type\":\"WebPage\",\"@id\":\"https:\/\/www.sonoraenequipo.com.mx\/incidencia-delictiva-chihuahua-va-a-la-baja\/\",\"url\":\"https:\/\/www.sonoraenequipo.com.mx\/incidencia-delictiva-chihuahua-va-a-la-baja\/\",\"name\":\"Sonora en Equipo. Incidencia delictiva Chihuahua va a la baja. Rep\u00fablica\",\"isPartOf\":{\"@id\":\"https:\/\/www.sonoraenequipo.com.mx\/#website\"},\"primaryImageOfPage\":{\"@id\":\"https:\/\/www.sonoraenequipo.com.mx\/incidencia-delictiva-chihuahua-va-a-la-baja\/#primaryimage\"},\"image\":{\"@id\":\"https:\/\/www.sonoraenequipo.com.mx\/incidencia-delictiva-chihuahua-va-a-la-baja\/#primaryimage\"},\"thumbnailUrl\":\"https:\/\/www.sonoraenequipo.com.mx\/storage\/2022\/02\/18-02-2022-Conf-de-prensa-Chihuahua_opt.jpg\",\"datePublished\":\"2022-02-18T15:20:42+00:00\",\"dateModified\":\"2022-02-19T18:11:25+00:00\",\"description\":\"CIUDAD JU\u00c1REZ, CHIHUAHUA. MX. \u2014 En Ciudad Ju\u00e1rez, Chihuahua, constatamos la tendencia a la baja en la incidencia delictiva. Seguimos trabajando en En Sonora en Equipo publicamos toda la informaci\u00f3n de Sonora, M\u00e9xico y el Mundo de manera oportuna y busca que la libertad de expresi\u00f3n sea real. Visita nuestro medio informativo publicado desde Hermosillo, Sonora. %\",\"breadcrumb\":{\"@id\":\"https:\/\/www.sonoraenequipo.com.mx\/incidencia-delictiva-chihuahua-va-a-la-baja\/#breadcrumb\"},\"inLanguage\":\"es\",\"potentialAction\":[{\"@type\":\"ReadAction\",\"target\":[\"https:\/\/www.sonoraenequipo.com.mx\/incidencia-delictiva-chihuahua-va-a-la-baja\/\"]}]},{\"@type\":\"ImageObject\",\"inLanguage\":\"es\",\"@id\":\"https:\/\/www.sonoraenequipo.com.mx\/incidencia-delictiva-chihuahua-va-a-la-baja\/#primaryimage\",\"url\":\"https:\/\/www.sonoraenequipo.com.mx\/storage\/2022\/02\/18-02-2022-Conf-de-prensa-Chihuahua_opt.jpg\",\"contentUrl\":\"https:\/\/www.sonoraenequipo.com.mx\/storage\/2022\/02\/18-02-2022-Conf-de-prensa-Chihuahua_opt.jpg\",\"width\":700,\"height\":400},{\"@type\":\"BreadcrumbList\",\"@id\":\"https:\/\/www.sonoraenequipo.com.mx\/incidencia-delictiva-chihuahua-va-a-la-baja\/#breadcrumb\",\"itemListElement\":[{\"@type\":\"ListItem\",\"position\":1,\"name\":\"Portada\",\"item\":\"https:\/\/www.sonoraenequipo.com.mx\/\"},{\"@type\":\"ListItem\",\"position\":2,\"name\":\"Incidencia delictiva Chihuahua va a la baja.\"}]},{\"@type\":\"WebSite\",\"@id\":\"https:\/\/www.sonoraenequipo.com.mx\/#website\",\"url\":\"https:\/\/www.sonoraenequipo.com.mx\/\",\"name\":\"Sonora en Equipo.\",\"description\":\"Diario en l\u00ednea con Noticias desde Hermosillo, Sonora\",\"publisher\":{\"@id\":\"https:\/\/www.sonoraenequipo.com.mx\/#organization\"},\"potentialAction\":[{\"@type\":\"SearchAction\",\"target\":{\"@type\":\"EntryPoint\",\"urlTemplate\":\"https:\/\/www.sonoraenequipo.com.mx\/?s={search_term_string}\"},\"query-input\":{\"@type\":\"PropertyValueSpecification\",\"valueRequired\":true,\"valueName\":\"search_term_string\"}}],\"inLanguage\":\"es\"},{\"@type\":\"Organization\",\"@id\":\"https:\/\/www.sonoraenequipo.com.mx\/#organization\",\"name\":\"Sonoraenequipo.com.mx\",\"url\":\"https:\/\/www.sonoraenequipo.com.mx\/\",\"logo\":{\"@type\":\"ImageObject\",\"inLanguage\":\"es\",\"@id\":\"https:\/\/www.sonoraenequipo.com.mx\/#\/schema\/logo\/image\/\",\"url\":\"https:\/\/www.sonoraenequipo.com.mx\/storage\/2019\/01\/sonoraenequipo_opt.png\",\"contentUrl\":\"https:\/\/www.sonoraenequipo.com.mx\/storage\/2019\/01\/sonoraenequipo_opt.png\",\"width\":375,\"height\":125,\"caption\":\"Sonoraenequipo.com.mx\"},\"image\":{\"@id\":\"https:\/\/www.sonoraenequipo.com.mx\/#\/schema\/logo\/image\/\"},\"sameAs\":[\"https:\/\/www.facebook.com\/SonoraEE\/\",\"https:\/\/x.com\/sonoraenequipo\",\"https:\/\/www.youtube.com\/channel\/UC338nW-lPEYmJQs4ZABQ1SQ\"]},{\"@type\":\"Person\",\"@id\":\"https:\/\/www.sonoraenequipo.com.mx\/#\/schema\/person\/50102df0fb23a8fa9e8effad8fa81386\",\"name\":\"enequipo\",\"image\":{\"@type\":\"ImageObject\",\"inLanguage\":\"es\",\"@id\":\"https:\/\/www.sonoraenequipo.com.mx\/#\/schema\/person\/image\/\",\"url\":\"https:\/\/secure.gravatar.com\/avatar\/049821681b589dabc0bc20695993ccebb09f5b5d4d790cd9251b97faac7c652b?s=96&d=blank&r=g\",\"contentUrl\":\"https:\/\/secure.gravatar.com\/avatar\/049821681b589dabc0bc20695993ccebb09f5b5d4d790cd9251b97faac7c652b?s=96&d=blank&r=g\",\"caption\":\"enequipo\"},\"sameAs\":[\"https:\/\/www.facebook.com\/SonoraEE\"]}]}<\/script>\n ","yoast_head_json":{"title":"Sonora en Equipo. Incidencia delictiva Chihuahua va a la baja. Rep\u00fablica","description":"CIUDAD JU\u00c1REZ, CHIHUAHUA. MX. \u2014 En Ciudad Ju\u00e1rez, Chihuahua, constatamos la tendencia a la baja en la incidencia delictiva. Seguimos trabajando en En Sonora en Equipo publicamos toda la informaci\u00f3n de Sonora, M\u00e9xico y el Mundo de manera oportuna y busca que la libertad de expresi\u00f3n sea real. Visita nuestro medio informativo publicado desde Hermosillo, Sonora. %","robots":{"index":"index","follow":"follow","max-snippet":"max-snippet:-1","max-image-preview":"max-image-preview:large","max-video-preview":"max-video-preview:-1"},"canonical":"https:\/\/www.sonoraenequipo.com.mx\/incidencia-delictiva-chihuahua-va-a-la-baja\/","og_locale":"es_ES","og_type":"article","og_title":"Sonora en Equipo. Incidencia delictiva Chihuahua va a la baja. Rep\u00fablica","og_description":"CIUDAD JU\u00c1REZ, CHIHUAHUA. MX. \u2014 En Ciudad Ju\u00e1rez, Chihuahua, constatamos la tendencia a la baja en la incidencia delictiva. Seguimos trabajando en En Sonora en Equipo publicamos toda la informaci\u00f3n de Sonora, M\u00e9xico y el Mundo de manera oportuna y busca que la libertad de expresi\u00f3n sea real. Visita nuestro medio informativo publicado desde Hermosillo, Sonora. %","og_url":"https:\/\/www.sonoraenequipo.com.mx\/incidencia-delictiva-chihuahua-va-a-la-baja\/","og_site_name":"Sonora en Equipo.","article_publisher":"https:\/\/www.facebook.com\/SonoraEE\/","article_author":"https:\/\/www.facebook.com\/SonoraEE","article_published_time":"2022-02-18T15:20:42+00:00","article_modified_time":"2022-02-19T18:11:25+00:00","og_image":[{"width":700,"height":400,"url":"https:\/\/www.sonoraenequipo.com.mx\/storage\/2022\/02\/18-02-2022-Conf-de-prensa-Chihuahua_opt.jpg","type":"image\/jpeg"}],"author":"enequipo","twitter_card":"summary_large_image","twitter_creator":"@sonoraenequipo","twitter_site":"@sonoraenequipo","twitter_misc":{"Escrito por":"enequipo","Tiempo de lectura":"2 minutos"},"schema":{"@context":"https:\/\/schema.org","@graph":[{"@type":"Article","@id":"https:\/\/www.sonoraenequipo.com.mx\/incidencia-delictiva-chihuahua-va-a-la-baja\/#article","isPartOf":{"@id":"https:\/\/www.sonoraenequipo.com.mx\/incidencia-delictiva-chihuahua-va-a-la-baja\/"},"author":{"name":"enequipo","@id":"https:\/\/www.sonoraenequipo.com.mx\/#\/schema\/person\/50102df0fb23a8fa9e8effad8fa81386"},"headline":"Incidencia delictiva Chihuahua va a la baja.","datePublished":"2022-02-18T15:20:42+00:00","dateModified":"2022-02-19T18:11:25+00:00","mainEntityOfPage":{"@id":"https:\/\/www.sonoraenequipo.com.mx\/incidencia-delictiva-chihuahua-va-a-la-baja\/"},"wordCount":401,"commentCount":0,"publisher":{"@id":"https:\/\/www.sonoraenequipo.com.mx\/#organization"},"image":{"@id":"https:\/\/www.sonoraenequipo.com.mx\/incidencia-delictiva-chihuahua-va-a-la-baja\/#primaryimage"},"thumbnailUrl":"https:\/\/www.sonoraenequipo.com.mx\/storage\/2022\/02\/18-02-2022-Conf-de-prensa-Chihuahua_opt.jpg","articleSection":["Rep\u00fablica"],"inLanguage":"es","potentialAction":[{"@type":"CommentAction","name":"Comment","target":["https:\/\/www.sonoraenequipo.com.mx\/incidencia-delictiva-chihuahua-va-a-la-baja\/#respond"]}]},{"@type":"WebPage","@id":"https:\/\/www.sonoraenequipo.com.mx\/incidencia-delictiva-chihuahua-va-a-la-baja\/","url":"https:\/\/www.sonoraenequipo.com.mx\/incidencia-delictiva-chihuahua-va-a-la-baja\/","name":"Sonora en Equipo. Incidencia delictiva Chihuahua va a la baja. Rep\u00fablica","isPartOf":{"@id":"https:\/\/www.sonoraenequipo.com.mx\/#website"},"primaryImageOfPage":{"@id":"https:\/\/www.sonoraenequipo.com.mx\/incidencia-delictiva-chihuahua-va-a-la-baja\/#primaryimage"},"image":{"@id":"https:\/\/www.sonoraenequipo.com.mx\/incidencia-delictiva-chihuahua-va-a-la-baja\/#primaryimage"},"thumbnailUrl":"https:\/\/www.sonoraenequipo.com.mx\/storage\/2022\/02\/18-02-2022-Conf-de-prensa-Chihuahua_opt.jpg","datePublished":"2022-02-18T15:20:42+00:00","dateModified":"2022-02-19T18:11:25+00:00","description":"CIUDAD JU\u00c1REZ, CHIHUAHUA. MX. \u2014 En Ciudad Ju\u00e1rez, Chihuahua, constatamos la tendencia a la baja en la incidencia delictiva. Seguimos trabajando en En Sonora en Equipo publicamos toda la informaci\u00f3n de Sonora, M\u00e9xico y el Mundo de manera oportuna y busca que la libertad de expresi\u00f3n sea real. Visita nuestro medio informativo publicado desde Hermosillo, Sonora. %","breadcrumb":{"@id":"https:\/\/www.sonoraenequipo.com.mx\/incidencia-delictiva-chihuahua-va-a-la-baja\/#breadcrumb"},"inLanguage":"es","potentialAction":[{"@type":"ReadAction","target":["https:\/\/www.sonoraenequipo.com.mx\/incidencia-delictiva-chihuahua-va-a-la-baja\/"]}]},{"@type":"ImageObject","inLanguage":"es","@id":"https:\/\/www.sonoraenequipo.com.mx\/incidencia-delictiva-chihuahua-va-a-la-baja\/#primaryimage","url":"https:\/\/www.sonoraenequipo.com.mx\/storage\/2022\/02\/18-02-2022-Conf-de-prensa-Chihuahua_opt.jpg","contentUrl":"https:\/\/www.sonoraenequipo.com.mx\/storage\/2022\/02\/18-02-2022-Conf-de-prensa-Chihuahua_opt.jpg","width":700,"height":400},{"@type":"BreadcrumbList","@id":"https:\/\/www.sonoraenequipo.com.mx\/incidencia-delictiva-chihuahua-va-a-la-baja\/#breadcrumb","itemListElement":[{"@type":"ListItem","position":1,"name":"Portada","item":"https:\/\/www.sonoraenequipo.com.mx\/"},{"@type":"ListItem","position":2,"name":"Incidencia delictiva Chihuahua va a la baja."}]},{"@type":"WebSite","@id":"https:\/\/www.sonoraenequipo.com.mx\/#website","url":"https:\/\/www.sonoraenequipo.com.mx\/","name":"Sonora en Equipo.","description":"Diario en l\u00ednea con Noticias desde Hermosillo, Sonora","publisher":{"@id":"https:\/\/www.sonoraenequipo.com.mx\/#organization"},"potentialAction":[{"@type":"SearchAction","target":{"@type":"EntryPoint","urlTemplate":"https:\/\/www.sonoraenequipo.com.mx\/?s={search_term_string}"},"query-input":{"@type":"PropertyValueSpecification","valueRequired":true,"valueName":"search_term_string"}}],"inLanguage":"es"},{"@type":"Organization","@id":"https:\/\/www.sonoraenequipo.com.mx\/#organization","name":"Sonoraenequipo.com.mx","url":"https:\/\/www.sonoraenequipo.com.mx\/","logo":{"@type":"ImageObject","inLanguage":"es","@id":"https:\/\/www.sonoraenequipo.com.mx\/#\/schema\/logo\/image\/","url":"https:\/\/www.sonoraenequipo.com.mx\/storage\/2019\/01\/sonoraenequipo_opt.png","contentUrl":"https:\/\/www.sonoraenequipo.com.mx\/storage\/2019\/01\/sonoraenequipo_opt.png","width":375,"height":125,"caption":"Sonoraenequipo.com.mx"},"image":{"@id":"https:\/\/www.sonoraenequipo.com.mx\/#\/schema\/logo\/image\/"},"sameAs":["https:\/\/www.facebook.com\/SonoraEE\/","https:\/\/x.com\/sonoraenequipo","https:\/\/www.youtube.com\/channel\/UC338nW-lPEYmJQs4ZABQ1SQ"]},{"@type":"Person","@id":"https:\/\/www.sonoraenequipo.com.mx\/#\/schema\/person\/50102df0fb23a8fa9e8effad8fa81386","name":"enequipo","image":{"@type":"ImageObject","inLanguage":"es","@id":"https:\/\/www.sonoraenequipo.com.mx\/#\/schema\/person\/image\/","url":"https:\/\/secure.gravatar.com\/avatar\/049821681b589dabc0bc20695993ccebb09f5b5d4d790cd9251b97faac7c652b?s=96&d=blank&r=g","contentUrl":"https:\/\/secure.gravatar.com\/avatar\/049821681b589dabc0bc20695993ccebb09f5b5d4d790cd9251b97faac7c652b?s=96&d=blank&r=g","caption":"enequipo"},"sameAs":["https:\/\/www.facebook.com\/SonoraEE"]}]}},"jetpack_featured_media_url":"https:\/\/www.sonoraenequipo.com.mx\/storage\/2022\/02\/18-02-2022-Conf-de-prensa-Chihuahua_opt.jpg","_links":{"self":[{"href":"https:\/\/www.sonoraenequipo.com.mx\/api\/wp\/v2\/posts\/133422","targetHints":{"allow":["GET"]}}],"collection":[{"href":"https:\/\/www.sonoraenequipo.com.mx\/api\/wp\/v2\/posts"}],"about":[{"href":"https:\/\/www.sonoraenequipo.com.mx\/api\/wp\/v2\/types\/post"}],"author":[{"embeddable":true,"href":"https:\/\/www.sonoraenequipo.com.mx\/api\/wp\/v2\/users\/1"}],"replies":[{"embeddable":true,"href":"https:\/\/www.sonoraenequipo.com.mx\/api\/wp\/v2\/comments?post=133422"}],"version-history":[{"count":1,"href":"https:\/\/www.sonoraenequipo.com.mx\/api\/wp\/v2\/posts\/133422\/revisions"}],"predecessor-version":[{"id":133424,"href":"https:\/\/www.sonoraenequipo.com.mx\/api\/wp\/v2\/posts\/133422\/revisions\/133424"}],"wp:featuredmedia":[{"embeddable":true,"href":"https:\/\/www.sonoraenequipo.com.mx\/api\/wp\/v2\/media\/133423"}],"wp:attachment":[{"href":"https:\/\/www.sonoraenequipo.com.mx\/api\/wp\/v2\/media?parent=133422"}],"wp:term":[{"taxonomy":"category","embeddable":true,"href":"https:\/\/www.sonoraenequipo.com.mx\/api\/wp\/v2\/categories?post=133422"},{"taxonomy":"post_tag","embeddable":true,"href":"https:\/\/www.sonoraenequipo.com.mx\/api\/wp\/v2\/tags?post=133422"}],"curies":[{"name":"wp","href":"https:\/\/api.w.org\/{rel}","templated":true}]}}