{"id":133455,"date":"2022-02-19T06:04:22","date_gmt":"2022-02-19T13:04:22","guid":{"rendered":"https:\/\/www.sonoraenequipo.com.mx\/?p=133455"},"modified":"2022-02-19T17:15:06","modified_gmt":"2022-02-20T00:15:06","slug":"vinculan-a-proceso-a-supuestos-asesinos-del-periodista-heber-lopez","status":"publish","type":"post","link":"https:\/\/www.sonoraenequipo.com.mx\/vinculan-a-proceso-a-supuestos-asesinos-del-periodista-heber-lopez\/","title":{"rendered":"Vinculan a proceso a supuestos asesinos del periodista Heber L\u00f3pez"},"content":{"rendered":"<p>OAXACA, OAXACA. MX. \u2014 Un juez de Oaxaca vincul\u00f3 a proceso a dos sujetos detenidos se\u00f1alados por el asesinado de periodista Heber L\u00f3pez V\u00e1squez, atentado que ocurri\u00f3 el 10 de febrero en el municipio Salina Cruz; as\u00ed lo dio a conocer el presidente del Tribunal Superior de Justicia, Eduardo Pinacho.<\/p>\n<p>&nbsp;<\/p>\n<p>&nbsp;<\/p>\n<p> <\/p>\n<p>En audiencia con el juez Jorge Armando F\u00e9lix Toledano valid\u00f3 pruebas presentadas por la Fiscal\u00eda de Justicia y determin\u00f3 la pena a Ricardo \u201cE\u201d y Ricardo \u201cG\u201d. A ambos se les interpuso prisi\u00f3n preventiva oficiosa debido que el delito se calific\u00f3 de alto impacto.<\/p>\n<p>&nbsp;<\/p>\n<p>El fiscal Arturo Peimbert Calvo mencion\u00f3 que tiene una l\u00ednea s\u00f3lida para identificar a los autores intelectuales del crimen contra el periodista.<\/p>\n<p>&nbsp;<\/p>\n<p>El computo RSF sit\u00faa a M\u00e9xico como el pa\u00eds m\u00e1s mort\u00edfero del mundo para la prensa con siete asesinatos a reporteros y periodistas en 2021.<\/p>\n<p>&nbsp;<\/p>\n<p>Heber L\u00f3pez V\u00e1squez era fundador del medio de comunicaci\u00f3n digital \u201cNoticias Web\u201d, le fue arrebatada la vida en su estudio de grabaci\u00f3n en el municipio oaxaque\u00f1o antes mencionado.<\/p>\n<p>&nbsp;<\/p>\n<p>&nbsp;<\/p>\n<p>En v\u00edsperas a su atentado, L\u00f3pez hab\u00eda publicado una nota llamada \u201cLa ambici\u00f3n no tiene l\u00edmites en Arminda Espinosa Sosas\u201d, donde denunciaba las maniobras pol\u00edticas de la servidora p\u00fablica para hacerse reelegir con el fin de liderar un proyecto de obras p\u00fablicas.<\/p>\n<p><a class=\"twitter-timeline\" data-width=\"640\" data-height=\"960\" data-dnt=\"true\" href=\"https:\/\/twitter.com\/FISCALIA_GobOax?ref_src=twsrc%5Etfw\">Tweets by FISCALIA_GobOax<\/a><script async src=\"https:\/\/platform.twitter.com\/widgets.js\" charset=\"utf-8\"><\/script><\/p>\n<p>&nbsp;<\/p>\n<p>&nbsp;<\/p>\n<p>(Publicada el 19\/02\/2022 \/ )<\/p>\n","protected":false},"excerpt":{"rendered":"<p>OAXACA, OAXACA. MX. \u2014 Un juez de Oaxaca vincul\u00f3 a proceso a dos sujetos detenidos&#8230;<\/p>\n","protected":false},"author":1,"featured_media":133456,"comment_status":"open","ping_status":"open","sticky":false,"template":"","format":"standard","meta":{"_monsterinsights_skip_tracking":false,"_monsterinsights_sitenote_active":false,"_monsterinsights_sitenote_note":"","_monsterinsights_sitenote_category":0,"footnotes":""},"categories":[5],"tags":[],"class_list":["post"],"yoast_head":" \n<title>Sonora en Equipo. Vinculan a proceso a supuestos asesinos del periodista Heber L\u00f3pez Rep\u00fablica<\/title>\n<meta name=\"description\" content=\"OAXACA, OAXACA. MX. \u2014 Un juez de Oaxaca vincul\u00f3 a proceso a dos sujetos detenidos se\u00f1alados por el asesinado de periodista Heber L\u00f3pez V\u00e1squez, atentado En Sonora en Equipo publicamos toda la informaci\u00f3n de Sonora, M\u00e9xico y el Mundo de manera oportuna y busca que la libertad de expresi\u00f3n sea real. Visita nuestro medio informativo publicado desde Hermosillo, Sonora. %\" \/>\n<meta name=\"robots\" content=\"index, follow, max-snippet:-1, max-image-preview:large, max-video-preview:-1\" \/>\n<link rel=\"canonical\" href=\"https:\/\/www.sonoraenequipo.com.mx\/vinculan-a-proceso-a-supuestos-asesinos-del-periodista-heber-lopez\/\" \/>\n<meta property=\"og:locale\" content=\"es_ES\" \/>\n<meta property=\"og:type\" content=\"article\" \/>\n<meta property=\"og:title\" content=\"Sonora en Equipo. Vinculan a proceso a supuestos asesinos del periodista Heber L\u00f3pez Rep\u00fablica\" \/>\n<meta property=\"og:description\" content=\"OAXACA, OAXACA. MX. \u2014 Un juez de Oaxaca vincul\u00f3 a proceso a dos sujetos detenidos se\u00f1alados por el asesinado de periodista Heber L\u00f3pez V\u00e1squez, atentado En Sonora en Equipo publicamos toda la informaci\u00f3n de Sonora, M\u00e9xico y el Mundo de manera oportuna y busca que la libertad de expresi\u00f3n sea real. Visita nuestro medio informativo publicado desde Hermosillo, Sonora. %\" \/>\n<meta property=\"og:url\" content=\"https:\/\/www.sonoraenequipo.com.mx\/vinculan-a-proceso-a-supuestos-asesinos-del-periodista-heber-lopez\/\" \/>\n<meta property=\"og:site_name\" content=\"Sonora en Equipo.\" \/>\n<meta property=\"article:publisher\" content=\"https:\/\/www.facebook.com\/SonoraEE\/\" \/>\n<meta property=\"article:author\" content=\"https:\/\/www.facebook.com\/SonoraEE\" \/>\n<meta property=\"article:published_time\" content=\"2022-02-19T13:04:22+00:00\" \/>\n<meta property=\"article:modified_time\" content=\"2022-02-20T00:15:06+00:00\" \/>\n<meta property=\"og:image\" content=\"https:\/\/www.sonoraenequipo.com.mx\/storage\/2022\/02\/periodista-Heber-Lopez_opt.jpg\" \/>\n\t<meta property=\"og:image:width\" content=\"700\" \/>\n\t<meta property=\"og:image:height\" content=\"400\" \/>\n\t<meta property=\"og:image:type\" content=\"image\/jpeg\" \/>\n<meta name=\"author\" content=\"enequipo\" \/>\n<meta name=\"twitter:card\" content=\"summary_large_image\" \/>\n<meta name=\"twitter:creator\" content=\"@sonoraenequipo\" \/>\n<meta name=\"twitter:site\" content=\"@sonoraenequipo\" \/>\n<meta name=\"twitter:label1\" content=\"Escrito por\" \/>\n\t<meta name=\"twitter:data1\" content=\"enequipo\" \/>\n\t<meta name=\"twitter:label2\" content=\"Tiempo de lectura\" \/>\n\t<meta name=\"twitter:data2\" content=\"1 minuto\" \/>\n<script type=\"application\/ld+json\" class=\"yoast-schema-graph\">{\"@context\":\"https:\/\/schema.org\",\"@graph\":[{\"@type\":\"Article\",\"@id\":\"https:\/\/www.sonoraenequipo.com.mx\/vinculan-a-proceso-a-supuestos-asesinos-del-periodista-heber-lopez\/#article\",\"isPartOf\":{\"@id\":\"https:\/\/www.sonoraenequipo.com.mx\/vinculan-a-proceso-a-supuestos-asesinos-del-periodista-heber-lopez\/\"},\"author\":{\"name\":\"enequipo\",\"@id\":\"https:\/\/www.sonoraenequipo.com.mx\/#\/schema\/person\/50102df0fb23a8fa9e8effad8fa81386\"},\"headline\":\"Vinculan a proceso a supuestos asesinos del periodista Heber L\u00f3pez\",\"datePublished\":\"2022-02-19T13:04:22+00:00\",\"dateModified\":\"2022-02-20T00:15:06+00:00\",\"mainEntityOfPage\":{\"@id\":\"https:\/\/www.sonoraenequipo.com.mx\/vinculan-a-proceso-a-supuestos-asesinos-del-periodista-heber-lopez\/\"},\"wordCount\":261,\"commentCount\":0,\"publisher\":{\"@id\":\"https:\/\/www.sonoraenequipo.com.mx\/#organization\"},\"image\":{\"@id\":\"https:\/\/www.sonoraenequipo.com.mx\/vinculan-a-proceso-a-supuestos-asesinos-del-periodista-heber-lopez\/#primaryimage\"},\"thumbnailUrl\":\"https:\/\/www.sonoraenequipo.com.mx\/storage\/2022\/02\/periodista-Heber-Lopez_opt.jpg\",\"articleSection\":[\"Rep\u00fablica\"],\"inLanguage\":\"es\",\"potentialAction\":[{\"@type\":\"CommentAction\",\"name\":\"Comment\",\"target\":[\"https:\/\/www.sonoraenequipo.com.mx\/vinculan-a-proceso-a-supuestos-asesinos-del-periodista-heber-lopez\/#respond\"]}]},{\"@type\":\"WebPage\",\"@id\":\"https:\/\/www.sonoraenequipo.com.mx\/vinculan-a-proceso-a-supuestos-asesinos-del-periodista-heber-lopez\/\",\"url\":\"https:\/\/www.sonoraenequipo.com.mx\/vinculan-a-proceso-a-supuestos-asesinos-del-periodista-heber-lopez\/\",\"name\":\"Sonora en Equipo. Vinculan a proceso a supuestos asesinos del periodista Heber L\u00f3pez Rep\u00fablica\",\"isPartOf\":{\"@id\":\"https:\/\/www.sonoraenequipo.com.mx\/#website\"},\"primaryImageOfPage\":{\"@id\":\"https:\/\/www.sonoraenequipo.com.mx\/vinculan-a-proceso-a-supuestos-asesinos-del-periodista-heber-lopez\/#primaryimage\"},\"image\":{\"@id\":\"https:\/\/www.sonoraenequipo.com.mx\/vinculan-a-proceso-a-supuestos-asesinos-del-periodista-heber-lopez\/#primaryimage\"},\"thumbnailUrl\":\"https:\/\/www.sonoraenequipo.com.mx\/storage\/2022\/02\/periodista-Heber-Lopez_opt.jpg\",\"datePublished\":\"2022-02-19T13:04:22+00:00\",\"dateModified\":\"2022-02-20T00:15:06+00:00\",\"description\":\"OAXACA, OAXACA. MX. \u2014 Un juez de Oaxaca vincul\u00f3 a proceso a dos sujetos detenidos se\u00f1alados por el asesinado de periodista Heber L\u00f3pez V\u00e1squez, atentado En Sonora en Equipo publicamos toda la informaci\u00f3n de Sonora, M\u00e9xico y el Mundo de manera oportuna y busca que la libertad de expresi\u00f3n sea real. Visita nuestro medio informativo publicado desde Hermosillo, Sonora. %\",\"breadcrumb\":{\"@id\":\"https:\/\/www.sonoraenequipo.com.mx\/vinculan-a-proceso-a-supuestos-asesinos-del-periodista-heber-lopez\/#breadcrumb\"},\"inLanguage\":\"es\",\"potentialAction\":[{\"@type\":\"ReadAction\",\"target\":[\"https:\/\/www.sonoraenequipo.com.mx\/vinculan-a-proceso-a-supuestos-asesinos-del-periodista-heber-lopez\/\"]}]},{\"@type\":\"ImageObject\",\"inLanguage\":\"es\",\"@id\":\"https:\/\/www.sonoraenequipo.com.mx\/vinculan-a-proceso-a-supuestos-asesinos-del-periodista-heber-lopez\/#primaryimage\",\"url\":\"https:\/\/www.sonoraenequipo.com.mx\/storage\/2022\/02\/periodista-Heber-Lopez_opt.jpg\",\"contentUrl\":\"https:\/\/www.sonoraenequipo.com.mx\/storage\/2022\/02\/periodista-Heber-Lopez_opt.jpg\",\"width\":700,\"height\":400},{\"@type\":\"BreadcrumbList\",\"@id\":\"https:\/\/www.sonoraenequipo.com.mx\/vinculan-a-proceso-a-supuestos-asesinos-del-periodista-heber-lopez\/#breadcrumb\",\"itemListElement\":[{\"@type\":\"ListItem\",\"position\":1,\"name\":\"Portada\",\"item\":\"https:\/\/www.sonoraenequipo.com.mx\/\"},{\"@type\":\"ListItem\",\"position\":2,\"name\":\"Vinculan a proceso a supuestos asesinos del periodista Heber L\u00f3pez\"}]},{\"@type\":\"WebSite\",\"@id\":\"https:\/\/www.sonoraenequipo.com.mx\/#website\",\"url\":\"https:\/\/www.sonoraenequipo.com.mx\/\",\"name\":\"Sonora en Equipo.\",\"description\":\"Diario en l\u00ednea con Noticias desde Hermosillo, Sonora\",\"publisher\":{\"@id\":\"https:\/\/www.sonoraenequipo.com.mx\/#organization\"},\"potentialAction\":[{\"@type\":\"SearchAction\",\"target\":{\"@type\":\"EntryPoint\",\"urlTemplate\":\"https:\/\/www.sonoraenequipo.com.mx\/?s={search_term_string}\"},\"query-input\":{\"@type\":\"PropertyValueSpecification\",\"valueRequired\":true,\"valueName\":\"search_term_string\"}}],\"inLanguage\":\"es\"},{\"@type\":\"Organization\",\"@id\":\"https:\/\/www.sonoraenequipo.com.mx\/#organization\",\"name\":\"Sonoraenequipo.com.mx\",\"url\":\"https:\/\/www.sonoraenequipo.com.mx\/\",\"logo\":{\"@type\":\"ImageObject\",\"inLanguage\":\"es\",\"@id\":\"https:\/\/www.sonoraenequipo.com.mx\/#\/schema\/logo\/image\/\",\"url\":\"https:\/\/www.sonoraenequipo.com.mx\/storage\/2019\/01\/sonoraenequipo_opt.png\",\"contentUrl\":\"https:\/\/www.sonoraenequipo.com.mx\/storage\/2019\/01\/sonoraenequipo_opt.png\",\"width\":375,\"height\":125,\"caption\":\"Sonoraenequipo.com.mx\"},\"image\":{\"@id\":\"https:\/\/www.sonoraenequipo.com.mx\/#\/schema\/logo\/image\/\"},\"sameAs\":[\"https:\/\/www.facebook.com\/SonoraEE\/\",\"https:\/\/x.com\/sonoraenequipo\",\"https:\/\/www.youtube.com\/channel\/UC338nW-lPEYmJQs4ZABQ1SQ\"]},{\"@type\":\"Person\",\"@id\":\"https:\/\/www.sonoraenequipo.com.mx\/#\/schema\/person\/50102df0fb23a8fa9e8effad8fa81386\",\"name\":\"enequipo\",\"image\":{\"@type\":\"ImageObject\",\"inLanguage\":\"es\",\"@id\":\"https:\/\/www.sonoraenequipo.com.mx\/#\/schema\/person\/image\/\",\"url\":\"https:\/\/secure.gravatar.com\/avatar\/049821681b589dabc0bc20695993ccebb09f5b5d4d790cd9251b97faac7c652b?s=96&d=blank&r=g\",\"contentUrl\":\"https:\/\/secure.gravatar.com\/avatar\/049821681b589dabc0bc20695993ccebb09f5b5d4d790cd9251b97faac7c652b?s=96&d=blank&r=g\",\"caption\":\"enequipo\"},\"sameAs\":[\"https:\/\/www.facebook.com\/SonoraEE\"]}]}<\/script>\n ","yoast_head_json":{"title":"Sonora en Equipo. Vinculan a proceso a supuestos asesinos del periodista Heber L\u00f3pez Rep\u00fablica","description":"OAXACA, OAXACA. MX. \u2014 Un juez de Oaxaca vincul\u00f3 a proceso a dos sujetos detenidos se\u00f1alados por el asesinado de periodista Heber L\u00f3pez V\u00e1squez, atentado En Sonora en Equipo publicamos toda la informaci\u00f3n de Sonora, M\u00e9xico y el Mundo de manera oportuna y busca que la libertad de expresi\u00f3n sea real. Visita nuestro medio informativo publicado desde Hermosillo, Sonora. %","robots":{"index":"index","follow":"follow","max-snippet":"max-snippet:-1","max-image-preview":"max-image-preview:large","max-video-preview":"max-video-preview:-1"},"canonical":"https:\/\/www.sonoraenequipo.com.mx\/vinculan-a-proceso-a-supuestos-asesinos-del-periodista-heber-lopez\/","og_locale":"es_ES","og_type":"article","og_title":"Sonora en Equipo. Vinculan a proceso a supuestos asesinos del periodista Heber L\u00f3pez Rep\u00fablica","og_description":"OAXACA, OAXACA. MX. \u2014 Un juez de Oaxaca vincul\u00f3 a proceso a dos sujetos detenidos se\u00f1alados por el asesinado de periodista Heber L\u00f3pez V\u00e1squez, atentado En Sonora en Equipo publicamos toda la informaci\u00f3n de Sonora, M\u00e9xico y el Mundo de manera oportuna y busca que la libertad de expresi\u00f3n sea real. Visita nuestro medio informativo publicado desde Hermosillo, Sonora. %","og_url":"https:\/\/www.sonoraenequipo.com.mx\/vinculan-a-proceso-a-supuestos-asesinos-del-periodista-heber-lopez\/","og_site_name":"Sonora en Equipo.","article_publisher":"https:\/\/www.facebook.com\/SonoraEE\/","article_author":"https:\/\/www.facebook.com\/SonoraEE","article_published_time":"2022-02-19T13:04:22+00:00","article_modified_time":"2022-02-20T00:15:06+00:00","og_image":[{"width":700,"height":400,"url":"https:\/\/www.sonoraenequipo.com.mx\/storage\/2022\/02\/periodista-Heber-Lopez_opt.jpg","type":"image\/jpeg"}],"author":"enequipo","twitter_card":"summary_large_image","twitter_creator":"@sonoraenequipo","twitter_site":"@sonoraenequipo","twitter_misc":{"Escrito por":"enequipo","Tiempo de lectura":"1 minuto"},"schema":{"@context":"https:\/\/schema.org","@graph":[{"@type":"Article","@id":"https:\/\/www.sonoraenequipo.com.mx\/vinculan-a-proceso-a-supuestos-asesinos-del-periodista-heber-lopez\/#article","isPartOf":{"@id":"https:\/\/www.sonoraenequipo.com.mx\/vinculan-a-proceso-a-supuestos-asesinos-del-periodista-heber-lopez\/"},"author":{"name":"enequipo","@id":"https:\/\/www.sonoraenequipo.com.mx\/#\/schema\/person\/50102df0fb23a8fa9e8effad8fa81386"},"headline":"Vinculan a proceso a supuestos asesinos del periodista Heber L\u00f3pez","datePublished":"2022-02-19T13:04:22+00:00","dateModified":"2022-02-20T00:15:06+00:00","mainEntityOfPage":{"@id":"https:\/\/www.sonoraenequipo.com.mx\/vinculan-a-proceso-a-supuestos-asesinos-del-periodista-heber-lopez\/"},"wordCount":261,"commentCount":0,"publisher":{"@id":"https:\/\/www.sonoraenequipo.com.mx\/#organization"},"image":{"@id":"https:\/\/www.sonoraenequipo.com.mx\/vinculan-a-proceso-a-supuestos-asesinos-del-periodista-heber-lopez\/#primaryimage"},"thumbnailUrl":"https:\/\/www.sonoraenequipo.com.mx\/storage\/2022\/02\/periodista-Heber-Lopez_opt.jpg","articleSection":["Rep\u00fablica"],"inLanguage":"es","potentialAction":[{"@type":"CommentAction","name":"Comment","target":["https:\/\/www.sonoraenequipo.com.mx\/vinculan-a-proceso-a-supuestos-asesinos-del-periodista-heber-lopez\/#respond"]}]},{"@type":"WebPage","@id":"https:\/\/www.sonoraenequipo.com.mx\/vinculan-a-proceso-a-supuestos-asesinos-del-periodista-heber-lopez\/","url":"https:\/\/www.sonoraenequipo.com.mx\/vinculan-a-proceso-a-supuestos-asesinos-del-periodista-heber-lopez\/","name":"Sonora en Equipo. Vinculan a proceso a supuestos asesinos del periodista Heber L\u00f3pez Rep\u00fablica","isPartOf":{"@id":"https:\/\/www.sonoraenequipo.com.mx\/#website"},"primaryImageOfPage":{"@id":"https:\/\/www.sonoraenequipo.com.mx\/vinculan-a-proceso-a-supuestos-asesinos-del-periodista-heber-lopez\/#primaryimage"},"image":{"@id":"https:\/\/www.sonoraenequipo.com.mx\/vinculan-a-proceso-a-supuestos-asesinos-del-periodista-heber-lopez\/#primaryimage"},"thumbnailUrl":"https:\/\/www.sonoraenequipo.com.mx\/storage\/2022\/02\/periodista-Heber-Lopez_opt.jpg","datePublished":"2022-02-19T13:04:22+00:00","dateModified":"2022-02-20T00:15:06+00:00","description":"OAXACA, OAXACA. MX. \u2014 Un juez de Oaxaca vincul\u00f3 a proceso a dos sujetos detenidos se\u00f1alados por el asesinado de periodista Heber L\u00f3pez V\u00e1squez, atentado En Sonora en Equipo publicamos toda la informaci\u00f3n de Sonora, M\u00e9xico y el Mundo de manera oportuna y busca que la libertad de expresi\u00f3n sea real. Visita nuestro medio informativo publicado desde Hermosillo, Sonora. %","breadcrumb":{"@id":"https:\/\/www.sonoraenequipo.com.mx\/vinculan-a-proceso-a-supuestos-asesinos-del-periodista-heber-lopez\/#breadcrumb"},"inLanguage":"es","potentialAction":[{"@type":"ReadAction","target":["https:\/\/www.sonoraenequipo.com.mx\/vinculan-a-proceso-a-supuestos-asesinos-del-periodista-heber-lopez\/"]}]},{"@type":"ImageObject","inLanguage":"es","@id":"https:\/\/www.sonoraenequipo.com.mx\/vinculan-a-proceso-a-supuestos-asesinos-del-periodista-heber-lopez\/#primaryimage","url":"https:\/\/www.sonoraenequipo.com.mx\/storage\/2022\/02\/periodista-Heber-Lopez_opt.jpg","contentUrl":"https:\/\/www.sonoraenequipo.com.mx\/storage\/2022\/02\/periodista-Heber-Lopez_opt.jpg","width":700,"height":400},{"@type":"BreadcrumbList","@id":"https:\/\/www.sonoraenequipo.com.mx\/vinculan-a-proceso-a-supuestos-asesinos-del-periodista-heber-lopez\/#breadcrumb","itemListElement":[{"@type":"ListItem","position":1,"name":"Portada","item":"https:\/\/www.sonoraenequipo.com.mx\/"},{"@type":"ListItem","position":2,"name":"Vinculan a proceso a supuestos asesinos del periodista Heber L\u00f3pez"}]},{"@type":"WebSite","@id":"https:\/\/www.sonoraenequipo.com.mx\/#website","url":"https:\/\/www.sonoraenequipo.com.mx\/","name":"Sonora en Equipo.","description":"Diario en l\u00ednea con Noticias desde Hermosillo, Sonora","publisher":{"@id":"https:\/\/www.sonoraenequipo.com.mx\/#organization"},"potentialAction":[{"@type":"SearchAction","target":{"@type":"EntryPoint","urlTemplate":"https:\/\/www.sonoraenequipo.com.mx\/?s={search_term_string}"},"query-input":{"@type":"PropertyValueSpecification","valueRequired":true,"valueName":"search_term_string"}}],"inLanguage":"es"},{"@type":"Organization","@id":"https:\/\/www.sonoraenequipo.com.mx\/#organization","name":"Sonoraenequipo.com.mx","url":"https:\/\/www.sonoraenequipo.com.mx\/","logo":{"@type":"ImageObject","inLanguage":"es","@id":"https:\/\/www.sonoraenequipo.com.mx\/#\/schema\/logo\/image\/","url":"https:\/\/www.sonoraenequipo.com.mx\/storage\/2019\/01\/sonoraenequipo_opt.png","contentUrl":"https:\/\/www.sonoraenequipo.com.mx\/storage\/2019\/01\/sonoraenequipo_opt.png","width":375,"height":125,"caption":"Sonoraenequipo.com.mx"},"image":{"@id":"https:\/\/www.sonoraenequipo.com.mx\/#\/schema\/logo\/image\/"},"sameAs":["https:\/\/www.facebook.com\/SonoraEE\/","https:\/\/x.com\/sonoraenequipo","https:\/\/www.youtube.com\/channel\/UC338nW-lPEYmJQs4ZABQ1SQ"]},{"@type":"Person","@id":"https:\/\/www.sonoraenequipo.com.mx\/#\/schema\/person\/50102df0fb23a8fa9e8effad8fa81386","name":"enequipo","image":{"@type":"ImageObject","inLanguage":"es","@id":"https:\/\/www.sonoraenequipo.com.mx\/#\/schema\/person\/image\/","url":"https:\/\/secure.gravatar.com\/avatar\/049821681b589dabc0bc20695993ccebb09f5b5d4d790cd9251b97faac7c652b?s=96&d=blank&r=g","contentUrl":"https:\/\/secure.gravatar.com\/avatar\/049821681b589dabc0bc20695993ccebb09f5b5d4d790cd9251b97faac7c652b?s=96&d=blank&r=g","caption":"enequipo"},"sameAs":["https:\/\/www.facebook.com\/SonoraEE"]}]}},"jetpack_featured_media_url":"https:\/\/www.sonoraenequipo.com.mx\/storage\/2022\/02\/periodista-Heber-Lopez_opt.jpg","_links":{"self":[{"href":"https:\/\/www.sonoraenequipo.com.mx\/api\/wp\/v2\/posts\/133455","targetHints":{"allow":["GET"]}}],"collection":[{"href":"https:\/\/www.sonoraenequipo.com.mx\/api\/wp\/v2\/posts"}],"about":[{"href":"https:\/\/www.sonoraenequipo.com.mx\/api\/wp\/v2\/types\/post"}],"author":[{"embeddable":true,"href":"https:\/\/www.sonoraenequipo.com.mx\/api\/wp\/v2\/users\/1"}],"replies":[{"embeddable":true,"href":"https:\/\/www.sonoraenequipo.com.mx\/api\/wp\/v2\/comments?post=133455"}],"version-history":[{"count":1,"href":"https:\/\/www.sonoraenequipo.com.mx\/api\/wp\/v2\/posts\/133455\/revisions"}],"predecessor-version":[{"id":133457,"href":"https:\/\/www.sonoraenequipo.com.mx\/api\/wp\/v2\/posts\/133455\/revisions\/133457"}],"wp:featuredmedia":[{"embeddable":true,"href":"https:\/\/www.sonoraenequipo.com.mx\/api\/wp\/v2\/media\/133456"}],"wp:attachment":[{"href":"https:\/\/www.sonoraenequipo.com.mx\/api\/wp\/v2\/media?parent=133455"}],"wp:term":[{"taxonomy":"category","embeddable":true,"href":"https:\/\/www.sonoraenequipo.com.mx\/api\/wp\/v2\/categories?post=133455"},{"taxonomy":"post_tag","embeddable":true,"href":"https:\/\/www.sonoraenequipo.com.mx\/api\/wp\/v2\/tags?post=133455"}],"curies":[{"name":"wp","href":"https:\/\/api.w.org\/{rel}","templated":true}]}}