{"id":133458,"date":"2022-02-18T09:16:16","date_gmt":"2022-02-18T16:16:16","guid":{"rendered":"https:\/\/www.sonoraenequipo.com.mx\/?p=133458"},"modified":"2022-02-19T21:02:42","modified_gmt":"2022-02-20T04:02:42","slug":"prohiben-publicidad-de-tabaco-y-fijan-areas-libres-de-humo","status":"publish","type":"post","link":"https:\/\/www.sonoraenequipo.com.mx\/prohiben-publicidad-de-tabaco-y-fijan-areas-libres-de-humo\/","title":{"rendered":"Proh\u00edben publicidad de tabaco y fijan \u00e1reas libres de humo"},"content":{"rendered":"<p>CIUDAD DE M\u00c9XICO. MX. \u2014 A partir del viernes (18.02.2022), en todo el pa\u00eds se proh\u00edbe la publicidad, promoci\u00f3n y patrocinio de los productos de tabaco en medios de comunicaci\u00f3n y se establecen como espacios 100 por ciento libres de humo de cigarro los centros de trabajo, escuelas, \u00e1reas de acceso p\u00fablico, instalaciones deportivas, entretenimiento y en el transporte.<\/p>\n<p>&nbsp;<\/p>\n<p> <\/p>\n<p>&nbsp;<\/p>\n<p>Ello luego de que se publicara un decreto en el Diario Oficial de la Federaci\u00f3n que reforma y adiciona diversas disposiciones de la Ley General para el Control del Tabaco luego de 13 a\u00f1os de lucha de organizaciones que alertan sobre el riesgo de este producto para la salud.<\/p>\n<p>&nbsp;<\/p>\n<p>&nbsp;<\/p>\n<p>De acuerdo con la Secretar\u00eda de Salud, m\u00e1s del 25 por ciento de las muertes por c\u00e1ncer se asocian con el consumo de tabaco.<\/p>\n<p>&nbsp;<\/p>\n<p><em>\u00abGran logro para la salud p\u00fablica nacional la publicaci\u00f3n del decreto por el que se reforman, adicionan y derogan diversas disposiciones de la Ley General para el Control del Tabaco\u00bb<\/em>, festej\u00f3 ayer Mauricio Hern\u00e1ndez, director de Prestaciones Econ\u00f3micas y Sociales del IMSS.<\/p>\n<p>&nbsp;<\/p>\n<p>El pasado 14 de diciembre de 2021, el pleno del Senado aprob\u00f3 el proyecto de decreto por el que se proh\u00edbe cualquier tipo de publicidad sobre productos de tabaco y define los espacios cien por ciento libres de humo y lo remiti\u00f3 al Ejecutivo federal.<\/p>\n<p>&nbsp;<\/p>\n<p>En el decreto publicado ayer en el DOF se establece que las entidades federativas y los municipios deber\u00e1n adecuar sus leyes, reglamentos, bandos y dem\u00e1s disposiciones jur\u00eddicas, de acuerdo con las competencias que a cada uno corresponda, para que sean congruentes con la reforma.<\/p>\n<p>&nbsp;<\/p>\n<p><em>\u00abEn t\u00e9rminos de lo dispuesto por los art\u00edculos 26 y 27 del presente decreto, los propietarios, administradores o responsables de los establecimientos o lugares con acceso al p\u00fablico, \u00e1reas de trabajo, p\u00fablicas y privadas, deber\u00e1n ubicar las zonas exclusivas para fumar en espacios no interiores al aire libre en un plazo no mayor a 60 d\u00edas posteriores a la publicaci\u00f3n del presente Decreto\u00bb,<\/em> report\u00f3 el Gobierno federal.<\/p>\n<p>&nbsp;<\/p>\n<p>De acuerdo con la Ssa, los fumadores tienen m\u00e1s probabilidades que los no fumadores de presentar cuadros graves de Covid-19.<\/p>\n<p>&nbsp;<\/p>\n<p>Los no fumadores expuestos al humo de tabaco ajeno (fumadores pasivos) tambi\u00e9n est\u00e1n en riesgo de padecer c\u00e1ncer de pulm\u00f3n.<\/p>\n<p>&nbsp;<\/p>\n<p>Unos pocos cigarrillos al d\u00eda, fumar ocasionalmente, o estar expuesto al humo de tabaco ajeno, incrementan hasta el doble el riesgo de sufrir un accidente cerebrovascular y el cu\u00e1druple de sufrir cardiopat\u00edas.<\/p>\n<p>&nbsp;<\/p>\n<p>(Publicada el 18\/02\/2022 \/ )<\/p>\n","protected":false},"excerpt":{"rendered":"<p>CIUDAD DE M\u00c9XICO. MX. \u2014 A partir del viernes (18.02.2022), en todo el pa\u00eds se&#8230;<\/p>\n","protected":false},"author":1,"featured_media":133459,"comment_status":"open","ping_status":"open","sticky":false,"template":"","format":"standard","meta":{"_monsterinsights_skip_tracking":false,"_monsterinsights_sitenote_active":false,"_monsterinsights_sitenote_note":"","_monsterinsights_sitenote_category":0,"footnotes":""},"categories":[5],"tags":[],"class_list":["post"],"yoast_head":" \n<title>Sonora en Equipo. Proh\u00edben publicidad de tabaco y fijan \u00e1reas libres de humo Rep\u00fablica<\/title>\n<meta name=\"description\" content=\"CIUDAD DE M\u00c9XICO. MX. \u2014 A partir del viernes (18.02.2022), en todo el pa\u00eds se proh\u00edbe la publicidad, promoci\u00f3n y patrocinio de los productos de tabaco en En Sonora en Equipo publicamos toda la informaci\u00f3n de Sonora, M\u00e9xico y el Mundo de manera oportuna y busca que la libertad de expresi\u00f3n sea real. Visita nuestro medio informativo publicado desde Hermosillo, Sonora. %\" \/>\n<meta name=\"robots\" content=\"index, follow, max-snippet:-1, max-image-preview:large, max-video-preview:-1\" \/>\n<link rel=\"canonical\" href=\"https:\/\/www.sonoraenequipo.com.mx\/prohiben-publicidad-de-tabaco-y-fijan-areas-libres-de-humo\/\" \/>\n<meta property=\"og:locale\" content=\"es_ES\" \/>\n<meta property=\"og:type\" content=\"article\" \/>\n<meta property=\"og:title\" content=\"Sonora en Equipo. Proh\u00edben publicidad de tabaco y fijan \u00e1reas libres de humo Rep\u00fablica\" \/>\n<meta property=\"og:description\" content=\"CIUDAD DE M\u00c9XICO. MX. \u2014 A partir del viernes (18.02.2022), en todo el pa\u00eds se proh\u00edbe la publicidad, promoci\u00f3n y patrocinio de los productos de tabaco en En Sonora en Equipo publicamos toda la informaci\u00f3n de Sonora, M\u00e9xico y el Mundo de manera oportuna y busca que la libertad de expresi\u00f3n sea real. Visita nuestro medio informativo publicado desde Hermosillo, Sonora. %\" \/>\n<meta property=\"og:url\" content=\"https:\/\/www.sonoraenequipo.com.mx\/prohiben-publicidad-de-tabaco-y-fijan-areas-libres-de-humo\/\" \/>\n<meta property=\"og:site_name\" content=\"Sonora en Equipo.\" \/>\n<meta property=\"article:publisher\" content=\"https:\/\/www.facebook.com\/SonoraEE\/\" \/>\n<meta property=\"article:author\" content=\"https:\/\/www.facebook.com\/SonoraEE\" \/>\n<meta property=\"article:published_time\" content=\"2022-02-18T16:16:16+00:00\" \/>\n<meta property=\"article:modified_time\" content=\"2022-02-20T04:02:42+00:00\" \/>\n<meta property=\"og:image\" content=\"https:\/\/www.sonoraenequipo.com.mx\/storage\/2022\/02\/anuncios-contra-el-tabaco_opt.jpg\" \/>\n\t<meta property=\"og:image:width\" content=\"700\" \/>\n\t<meta property=\"og:image:height\" content=\"400\" \/>\n\t<meta property=\"og:image:type\" content=\"image\/jpeg\" \/>\n<meta name=\"author\" content=\"enequipo\" \/>\n<meta name=\"twitter:card\" content=\"summary_large_image\" \/>\n<meta name=\"twitter:creator\" content=\"@sonoraenequipo\" \/>\n<meta name=\"twitter:site\" content=\"@sonoraenequipo\" \/>\n<meta name=\"twitter:label1\" content=\"Escrito por\" \/>\n\t<meta name=\"twitter:data1\" content=\"enequipo\" \/>\n\t<meta name=\"twitter:label2\" content=\"Tiempo de lectura\" \/>\n\t<meta name=\"twitter:data2\" content=\"2 minutos\" \/>\n<script type=\"application\/ld+json\" class=\"yoast-schema-graph\">{\"@context\":\"https:\/\/schema.org\",\"@graph\":[{\"@type\":\"Article\",\"@id\":\"https:\/\/www.sonoraenequipo.com.mx\/prohiben-publicidad-de-tabaco-y-fijan-areas-libres-de-humo\/#article\",\"isPartOf\":{\"@id\":\"https:\/\/www.sonoraenequipo.com.mx\/prohiben-publicidad-de-tabaco-y-fijan-areas-libres-de-humo\/\"},\"author\":{\"name\":\"enequipo\",\"@id\":\"https:\/\/www.sonoraenequipo.com.mx\/#\/schema\/person\/50102df0fb23a8fa9e8effad8fa81386\"},\"headline\":\"Proh\u00edben publicidad de tabaco y fijan \u00e1reas libres de humo\",\"datePublished\":\"2022-02-18T16:16:16+00:00\",\"dateModified\":\"2022-02-20T04:02:42+00:00\",\"mainEntityOfPage\":{\"@id\":\"https:\/\/www.sonoraenequipo.com.mx\/prohiben-publicidad-de-tabaco-y-fijan-areas-libres-de-humo\/\"},\"wordCount\":451,\"commentCount\":0,\"publisher\":{\"@id\":\"https:\/\/www.sonoraenequipo.com.mx\/#organization\"},\"image\":{\"@id\":\"https:\/\/www.sonoraenequipo.com.mx\/prohiben-publicidad-de-tabaco-y-fijan-areas-libres-de-humo\/#primaryimage\"},\"thumbnailUrl\":\"https:\/\/www.sonoraenequipo.com.mx\/storage\/2022\/02\/anuncios-contra-el-tabaco_opt.jpg\",\"articleSection\":[\"Rep\u00fablica\"],\"inLanguage\":\"es\",\"potentialAction\":[{\"@type\":\"CommentAction\",\"name\":\"Comment\",\"target\":[\"https:\/\/www.sonoraenequipo.com.mx\/prohiben-publicidad-de-tabaco-y-fijan-areas-libres-de-humo\/#respond\"]}]},{\"@type\":\"WebPage\",\"@id\":\"https:\/\/www.sonoraenequipo.com.mx\/prohiben-publicidad-de-tabaco-y-fijan-areas-libres-de-humo\/\",\"url\":\"https:\/\/www.sonoraenequipo.com.mx\/prohiben-publicidad-de-tabaco-y-fijan-areas-libres-de-humo\/\",\"name\":\"Sonora en Equipo. Proh\u00edben publicidad de tabaco y fijan \u00e1reas libres de humo Rep\u00fablica\",\"isPartOf\":{\"@id\":\"https:\/\/www.sonoraenequipo.com.mx\/#website\"},\"primaryImageOfPage\":{\"@id\":\"https:\/\/www.sonoraenequipo.com.mx\/prohiben-publicidad-de-tabaco-y-fijan-areas-libres-de-humo\/#primaryimage\"},\"image\":{\"@id\":\"https:\/\/www.sonoraenequipo.com.mx\/prohiben-publicidad-de-tabaco-y-fijan-areas-libres-de-humo\/#primaryimage\"},\"thumbnailUrl\":\"https:\/\/www.sonoraenequipo.com.mx\/storage\/2022\/02\/anuncios-contra-el-tabaco_opt.jpg\",\"datePublished\":\"2022-02-18T16:16:16+00:00\",\"dateModified\":\"2022-02-20T04:02:42+00:00\",\"description\":\"CIUDAD DE M\u00c9XICO. MX. \u2014 A partir del viernes (18.02.2022), en todo el pa\u00eds se proh\u00edbe la publicidad, promoci\u00f3n y patrocinio de los productos de tabaco en En Sonora en Equipo publicamos toda la informaci\u00f3n de Sonora, M\u00e9xico y el Mundo de manera oportuna y busca que la libertad de expresi\u00f3n sea real. Visita nuestro medio informativo publicado desde Hermosillo, Sonora. %\",\"breadcrumb\":{\"@id\":\"https:\/\/www.sonoraenequipo.com.mx\/prohiben-publicidad-de-tabaco-y-fijan-areas-libres-de-humo\/#breadcrumb\"},\"inLanguage\":\"es\",\"potentialAction\":[{\"@type\":\"ReadAction\",\"target\":[\"https:\/\/www.sonoraenequipo.com.mx\/prohiben-publicidad-de-tabaco-y-fijan-areas-libres-de-humo\/\"]}]},{\"@type\":\"ImageObject\",\"inLanguage\":\"es\",\"@id\":\"https:\/\/www.sonoraenequipo.com.mx\/prohiben-publicidad-de-tabaco-y-fijan-areas-libres-de-humo\/#primaryimage\",\"url\":\"https:\/\/www.sonoraenequipo.com.mx\/storage\/2022\/02\/anuncios-contra-el-tabaco_opt.jpg\",\"contentUrl\":\"https:\/\/www.sonoraenequipo.com.mx\/storage\/2022\/02\/anuncios-contra-el-tabaco_opt.jpg\",\"width\":700,\"height\":400},{\"@type\":\"BreadcrumbList\",\"@id\":\"https:\/\/www.sonoraenequipo.com.mx\/prohiben-publicidad-de-tabaco-y-fijan-areas-libres-de-humo\/#breadcrumb\",\"itemListElement\":[{\"@type\":\"ListItem\",\"position\":1,\"name\":\"Portada\",\"item\":\"https:\/\/www.sonoraenequipo.com.mx\/\"},{\"@type\":\"ListItem\",\"position\":2,\"name\":\"Proh\u00edben publicidad de tabaco y fijan \u00e1reas libres de humo\"}]},{\"@type\":\"WebSite\",\"@id\":\"https:\/\/www.sonoraenequipo.com.mx\/#website\",\"url\":\"https:\/\/www.sonoraenequipo.com.mx\/\",\"name\":\"Sonora en Equipo.\",\"description\":\"Diario en l\u00ednea con Noticias desde Hermosillo, Sonora\",\"publisher\":{\"@id\":\"https:\/\/www.sonoraenequipo.com.mx\/#organization\"},\"potentialAction\":[{\"@type\":\"SearchAction\",\"target\":{\"@type\":\"EntryPoint\",\"urlTemplate\":\"https:\/\/www.sonoraenequipo.com.mx\/?s={search_term_string}\"},\"query-input\":{\"@type\":\"PropertyValueSpecification\",\"valueRequired\":true,\"valueName\":\"search_term_string\"}}],\"inLanguage\":\"es\"},{\"@type\":\"Organization\",\"@id\":\"https:\/\/www.sonoraenequipo.com.mx\/#organization\",\"name\":\"Sonoraenequipo.com.mx\",\"url\":\"https:\/\/www.sonoraenequipo.com.mx\/\",\"logo\":{\"@type\":\"ImageObject\",\"inLanguage\":\"es\",\"@id\":\"https:\/\/www.sonoraenequipo.com.mx\/#\/schema\/logo\/image\/\",\"url\":\"https:\/\/www.sonoraenequipo.com.mx\/storage\/2019\/01\/sonoraenequipo_opt.png\",\"contentUrl\":\"https:\/\/www.sonoraenequipo.com.mx\/storage\/2019\/01\/sonoraenequipo_opt.png\",\"width\":375,\"height\":125,\"caption\":\"Sonoraenequipo.com.mx\"},\"image\":{\"@id\":\"https:\/\/www.sonoraenequipo.com.mx\/#\/schema\/logo\/image\/\"},\"sameAs\":[\"https:\/\/www.facebook.com\/SonoraEE\/\",\"https:\/\/x.com\/sonoraenequipo\",\"https:\/\/www.youtube.com\/channel\/UC338nW-lPEYmJQs4ZABQ1SQ\"]},{\"@type\":\"Person\",\"@id\":\"https:\/\/www.sonoraenequipo.com.mx\/#\/schema\/person\/50102df0fb23a8fa9e8effad8fa81386\",\"name\":\"enequipo\",\"image\":{\"@type\":\"ImageObject\",\"inLanguage\":\"es\",\"@id\":\"https:\/\/www.sonoraenequipo.com.mx\/#\/schema\/person\/image\/\",\"url\":\"https:\/\/secure.gravatar.com\/avatar\/049821681b589dabc0bc20695993ccebb09f5b5d4d790cd9251b97faac7c652b?s=96&d=blank&r=g\",\"contentUrl\":\"https:\/\/secure.gravatar.com\/avatar\/049821681b589dabc0bc20695993ccebb09f5b5d4d790cd9251b97faac7c652b?s=96&d=blank&r=g\",\"caption\":\"enequipo\"},\"sameAs\":[\"https:\/\/www.facebook.com\/SonoraEE\"]}]}<\/script>\n ","yoast_head_json":{"title":"Sonora en Equipo. Proh\u00edben publicidad de tabaco y fijan \u00e1reas libres de humo Rep\u00fablica","description":"CIUDAD DE M\u00c9XICO. MX. \u2014 A partir del viernes (18.02.2022), en todo el pa\u00eds se proh\u00edbe la publicidad, promoci\u00f3n y patrocinio de los productos de tabaco en En Sonora en Equipo publicamos toda la informaci\u00f3n de Sonora, M\u00e9xico y el Mundo de manera oportuna y busca que la libertad de expresi\u00f3n sea real. Visita nuestro medio informativo publicado desde Hermosillo, Sonora. %","robots":{"index":"index","follow":"follow","max-snippet":"max-snippet:-1","max-image-preview":"max-image-preview:large","max-video-preview":"max-video-preview:-1"},"canonical":"https:\/\/www.sonoraenequipo.com.mx\/prohiben-publicidad-de-tabaco-y-fijan-areas-libres-de-humo\/","og_locale":"es_ES","og_type":"article","og_title":"Sonora en Equipo. Proh\u00edben publicidad de tabaco y fijan \u00e1reas libres de humo Rep\u00fablica","og_description":"CIUDAD DE M\u00c9XICO. MX. \u2014 A partir del viernes (18.02.2022), en todo el pa\u00eds se proh\u00edbe la publicidad, promoci\u00f3n y patrocinio de los productos de tabaco en En Sonora en Equipo publicamos toda la informaci\u00f3n de Sonora, M\u00e9xico y el Mundo de manera oportuna y busca que la libertad de expresi\u00f3n sea real. Visita nuestro medio informativo publicado desde Hermosillo, Sonora. %","og_url":"https:\/\/www.sonoraenequipo.com.mx\/prohiben-publicidad-de-tabaco-y-fijan-areas-libres-de-humo\/","og_site_name":"Sonora en Equipo.","article_publisher":"https:\/\/www.facebook.com\/SonoraEE\/","article_author":"https:\/\/www.facebook.com\/SonoraEE","article_published_time":"2022-02-18T16:16:16+00:00","article_modified_time":"2022-02-20T04:02:42+00:00","og_image":[{"width":700,"height":400,"url":"https:\/\/www.sonoraenequipo.com.mx\/storage\/2022\/02\/anuncios-contra-el-tabaco_opt.jpg","type":"image\/jpeg"}],"author":"enequipo","twitter_card":"summary_large_image","twitter_creator":"@sonoraenequipo","twitter_site":"@sonoraenequipo","twitter_misc":{"Escrito por":"enequipo","Tiempo de lectura":"2 minutos"},"schema":{"@context":"https:\/\/schema.org","@graph":[{"@type":"Article","@id":"https:\/\/www.sonoraenequipo.com.mx\/prohiben-publicidad-de-tabaco-y-fijan-areas-libres-de-humo\/#article","isPartOf":{"@id":"https:\/\/www.sonoraenequipo.com.mx\/prohiben-publicidad-de-tabaco-y-fijan-areas-libres-de-humo\/"},"author":{"name":"enequipo","@id":"https:\/\/www.sonoraenequipo.com.mx\/#\/schema\/person\/50102df0fb23a8fa9e8effad8fa81386"},"headline":"Proh\u00edben publicidad de tabaco y fijan \u00e1reas libres de humo","datePublished":"2022-02-18T16:16:16+00:00","dateModified":"2022-02-20T04:02:42+00:00","mainEntityOfPage":{"@id":"https:\/\/www.sonoraenequipo.com.mx\/prohiben-publicidad-de-tabaco-y-fijan-areas-libres-de-humo\/"},"wordCount":451,"commentCount":0,"publisher":{"@id":"https:\/\/www.sonoraenequipo.com.mx\/#organization"},"image":{"@id":"https:\/\/www.sonoraenequipo.com.mx\/prohiben-publicidad-de-tabaco-y-fijan-areas-libres-de-humo\/#primaryimage"},"thumbnailUrl":"https:\/\/www.sonoraenequipo.com.mx\/storage\/2022\/02\/anuncios-contra-el-tabaco_opt.jpg","articleSection":["Rep\u00fablica"],"inLanguage":"es","potentialAction":[{"@type":"CommentAction","name":"Comment","target":["https:\/\/www.sonoraenequipo.com.mx\/prohiben-publicidad-de-tabaco-y-fijan-areas-libres-de-humo\/#respond"]}]},{"@type":"WebPage","@id":"https:\/\/www.sonoraenequipo.com.mx\/prohiben-publicidad-de-tabaco-y-fijan-areas-libres-de-humo\/","url":"https:\/\/www.sonoraenequipo.com.mx\/prohiben-publicidad-de-tabaco-y-fijan-areas-libres-de-humo\/","name":"Sonora en Equipo. Proh\u00edben publicidad de tabaco y fijan \u00e1reas libres de humo Rep\u00fablica","isPartOf":{"@id":"https:\/\/www.sonoraenequipo.com.mx\/#website"},"primaryImageOfPage":{"@id":"https:\/\/www.sonoraenequipo.com.mx\/prohiben-publicidad-de-tabaco-y-fijan-areas-libres-de-humo\/#primaryimage"},"image":{"@id":"https:\/\/www.sonoraenequipo.com.mx\/prohiben-publicidad-de-tabaco-y-fijan-areas-libres-de-humo\/#primaryimage"},"thumbnailUrl":"https:\/\/www.sonoraenequipo.com.mx\/storage\/2022\/02\/anuncios-contra-el-tabaco_opt.jpg","datePublished":"2022-02-18T16:16:16+00:00","dateModified":"2022-02-20T04:02:42+00:00","description":"CIUDAD DE M\u00c9XICO. MX. \u2014 A partir del viernes (18.02.2022), en todo el pa\u00eds se proh\u00edbe la publicidad, promoci\u00f3n y patrocinio de los productos de tabaco en En Sonora en Equipo publicamos toda la informaci\u00f3n de Sonora, M\u00e9xico y el Mundo de manera oportuna y busca que la libertad de expresi\u00f3n sea real. Visita nuestro medio informativo publicado desde Hermosillo, Sonora. %","breadcrumb":{"@id":"https:\/\/www.sonoraenequipo.com.mx\/prohiben-publicidad-de-tabaco-y-fijan-areas-libres-de-humo\/#breadcrumb"},"inLanguage":"es","potentialAction":[{"@type":"ReadAction","target":["https:\/\/www.sonoraenequipo.com.mx\/prohiben-publicidad-de-tabaco-y-fijan-areas-libres-de-humo\/"]}]},{"@type":"ImageObject","inLanguage":"es","@id":"https:\/\/www.sonoraenequipo.com.mx\/prohiben-publicidad-de-tabaco-y-fijan-areas-libres-de-humo\/#primaryimage","url":"https:\/\/www.sonoraenequipo.com.mx\/storage\/2022\/02\/anuncios-contra-el-tabaco_opt.jpg","contentUrl":"https:\/\/www.sonoraenequipo.com.mx\/storage\/2022\/02\/anuncios-contra-el-tabaco_opt.jpg","width":700,"height":400},{"@type":"BreadcrumbList","@id":"https:\/\/www.sonoraenequipo.com.mx\/prohiben-publicidad-de-tabaco-y-fijan-areas-libres-de-humo\/#breadcrumb","itemListElement":[{"@type":"ListItem","position":1,"name":"Portada","item":"https:\/\/www.sonoraenequipo.com.mx\/"},{"@type":"ListItem","position":2,"name":"Proh\u00edben publicidad de tabaco y fijan \u00e1reas libres de humo"}]},{"@type":"WebSite","@id":"https:\/\/www.sonoraenequipo.com.mx\/#website","url":"https:\/\/www.sonoraenequipo.com.mx\/","name":"Sonora en Equipo.","description":"Diario en l\u00ednea con Noticias desde Hermosillo, Sonora","publisher":{"@id":"https:\/\/www.sonoraenequipo.com.mx\/#organization"},"potentialAction":[{"@type":"SearchAction","target":{"@type":"EntryPoint","urlTemplate":"https:\/\/www.sonoraenequipo.com.mx\/?s={search_term_string}"},"query-input":{"@type":"PropertyValueSpecification","valueRequired":true,"valueName":"search_term_string"}}],"inLanguage":"es"},{"@type":"Organization","@id":"https:\/\/www.sonoraenequipo.com.mx\/#organization","name":"Sonoraenequipo.com.mx","url":"https:\/\/www.sonoraenequipo.com.mx\/","logo":{"@type":"ImageObject","inLanguage":"es","@id":"https:\/\/www.sonoraenequipo.com.mx\/#\/schema\/logo\/image\/","url":"https:\/\/www.sonoraenequipo.com.mx\/storage\/2019\/01\/sonoraenequipo_opt.png","contentUrl":"https:\/\/www.sonoraenequipo.com.mx\/storage\/2019\/01\/sonoraenequipo_opt.png","width":375,"height":125,"caption":"Sonoraenequipo.com.mx"},"image":{"@id":"https:\/\/www.sonoraenequipo.com.mx\/#\/schema\/logo\/image\/"},"sameAs":["https:\/\/www.facebook.com\/SonoraEE\/","https:\/\/x.com\/sonoraenequipo","https:\/\/www.youtube.com\/channel\/UC338nW-lPEYmJQs4ZABQ1SQ"]},{"@type":"Person","@id":"https:\/\/www.sonoraenequipo.com.mx\/#\/schema\/person\/50102df0fb23a8fa9e8effad8fa81386","name":"enequipo","image":{"@type":"ImageObject","inLanguage":"es","@id":"https:\/\/www.sonoraenequipo.com.mx\/#\/schema\/person\/image\/","url":"https:\/\/secure.gravatar.com\/avatar\/049821681b589dabc0bc20695993ccebb09f5b5d4d790cd9251b97faac7c652b?s=96&d=blank&r=g","contentUrl":"https:\/\/secure.gravatar.com\/avatar\/049821681b589dabc0bc20695993ccebb09f5b5d4d790cd9251b97faac7c652b?s=96&d=blank&r=g","caption":"enequipo"},"sameAs":["https:\/\/www.facebook.com\/SonoraEE"]}]}},"jetpack_featured_media_url":"https:\/\/www.sonoraenequipo.com.mx\/storage\/2022\/02\/anuncios-contra-el-tabaco_opt.jpg","_links":{"self":[{"href":"https:\/\/www.sonoraenequipo.com.mx\/api\/wp\/v2\/posts\/133458","targetHints":{"allow":["GET"]}}],"collection":[{"href":"https:\/\/www.sonoraenequipo.com.mx\/api\/wp\/v2\/posts"}],"about":[{"href":"https:\/\/www.sonoraenequipo.com.mx\/api\/wp\/v2\/types\/post"}],"author":[{"embeddable":true,"href":"https:\/\/www.sonoraenequipo.com.mx\/api\/wp\/v2\/users\/1"}],"replies":[{"embeddable":true,"href":"https:\/\/www.sonoraenequipo.com.mx\/api\/wp\/v2\/comments?post=133458"}],"version-history":[{"count":1,"href":"https:\/\/www.sonoraenequipo.com.mx\/api\/wp\/v2\/posts\/133458\/revisions"}],"predecessor-version":[{"id":133460,"href":"https:\/\/www.sonoraenequipo.com.mx\/api\/wp\/v2\/posts\/133458\/revisions\/133460"}],"wp:featuredmedia":[{"embeddable":true,"href":"https:\/\/www.sonoraenequipo.com.mx\/api\/wp\/v2\/media\/133459"}],"wp:attachment":[{"href":"https:\/\/www.sonoraenequipo.com.mx\/api\/wp\/v2\/media?parent=133458"}],"wp:term":[{"taxonomy":"category","embeddable":true,"href":"https:\/\/www.sonoraenequipo.com.mx\/api\/wp\/v2\/categories?post=133458"},{"taxonomy":"post_tag","embeddable":true,"href":"https:\/\/www.sonoraenequipo.com.mx\/api\/wp\/v2\/tags?post=133458"}],"curies":[{"name":"wp","href":"https:\/\/api.w.org\/{rel}","templated":true}]}}