{"id":133478,"date":"2022-02-18T15:05:53","date_gmt":"2022-02-18T22:05:53","guid":{"rendered":"https:\/\/www.sonoraenequipo.com.mx\/?p=133478"},"modified":"2022-02-20T11:17:58","modified_gmt":"2022-02-20T18:17:58","slug":"ordena-ine-a-amlo-frenar-propaganda","status":"publish","type":"post","link":"https:\/\/www.sonoraenequipo.com.mx\/ordena-ine-a-amlo-frenar-propaganda\/","title":{"rendered":"Ordena INE a AMLO frenar propaganda"},"content":{"rendered":"<p>CIUDAD DE M\u00c9XICO. MX. \u2014\u00a0 El INE orden\u00f3 al presidente Andr\u00e9s Manuel L\u00f3pez Obrador frenar la difusi\u00f3n de propaganda gubernamental hasta el 10 de abril que se realiza la consulta de revocaci\u00f3n de mandato.<\/p>\n<p>&nbsp;<\/p>\n<p> <\/p>\n<p>&nbsp;<\/p>\n<p>Los consejeros advirtieron que, desde que asumi\u00f3 la Presidencia, sistem\u00e1ticamente el mandatario federal viola la Constituci\u00f3n al presumir sus logros en periodo prohibido y no atiende las medidas cautelares.<\/p>\n<p>&nbsp;<\/p>\n<p>Ante las acusaciones que han recibido por parte de morenistas de censurar a servidores p\u00fablicos, las autoridades electorales respondieron que la libertad de expresi\u00f3n de funcionarios tiene un l\u00edmite en tiempos de veda, y fueron sus legisladores quienes aprobaron las reglas en el proceso de revocaci\u00f3n de mandato, no el INE.<\/p>\n<p>&nbsp;<\/p>\n<p><em>\u00abEsta Comisi\u00f3n ha conocido de asuntos en los que el Presidente se ha colocado en situaciones de posible ilicitud por la emisi\u00f3n, difusi\u00f3n, de expresiones, opiniones o llamados que pudieran catalogarse como propaganda gubernamental el periodo prohibido.<\/em><\/p>\n<p>&nbsp;<\/p>\n<p><em>\u00abSe ordena al denunciado abstenerse de realizar o emitir manifestaciones, se\u00f1alamientos, comentarios u opiniones que pueden configurar propaganda gubernamental\u00bb,<\/em> mandata el acuerdo de la Comisi\u00f3n de Quejas del Instituto.<\/p>\n<p>&nbsp;<\/p>\n<p>Las medidas cautelares, en la modalidad de tutela preventiva para que no puedan repetirse, son resultado de la queja del PAN por la gira de trabajo del Presidente, el 12 y 13 de febrero, por Sonora, y cuyos logros presumidos est\u00e1n en sus p\u00e1ginas oficiales, por lo que se orden\u00f3 retirar dichas publicaciones.<\/p>\n<p>&nbsp;<\/p>\n<p>Los consejeros insistieron en que este modelo de comunicaci\u00f3n tiene m\u00e1s de 10 a\u00f1os, por lo que nadie deber\u00eda sentirse sorprendido de que el organismo aplique la ley, porque se ha sancionado a otros Presidentes.<\/p>\n<p>&nbsp;<\/p>\n<p>Advirti\u00f3 que este viernes L\u00f3pez Obrador nuevamente hizo referencia a programas y obras, y se difundieron en sus p\u00e1ginas oficiales.<\/p>\n<p>&nbsp;<\/p>\n<p><em>\u00abInvitar de la manera m\u00e1s cordial y respetuosa, y al mismo tiempo firme, a que seamos congruentes como servidores p\u00fablicos.<\/em><\/p>\n<p>&nbsp;<\/p>\n<p><em>\u00abEstamos emitiendo cautelares una y otra vez, tratando de hacer valer el orden constitucional, pero nos estamos encontrando conductas reiteradas que ignoran la Constituci\u00f3n. No debe ser una tensi\u00f3n entre esta autoridad y los servidores p\u00fablicos lo que rija las semanas por venir, de cara a la revocaci\u00f3n, ojal\u00e1 haya la disposici\u00f3n de respetar las reglas\u00bb<\/em>, exhort\u00f3 el consejero Ciro Murayama.<\/p>\n<p>&nbsp;<\/p>\n<p>La consejera Adriana Favela le record\u00f3 al Presidente que incluso el Tribunal Electoral ya resolvi\u00f3 que no debe influir en el proceso de revocaci\u00f3n de mandato.<\/p>\n<p>&nbsp;<\/p>\n<p><em>\u00abNosotros en el INE no hacemos las reglas, fueron emitidas por el Poder Legislativo en el 2019, nadie se puede sorprender de estas reglas porque el partido en el Gobierno y mayor\u00eda en el Congreso fueron los que adoptaron estas reglas\u00bb<\/em>, dijo.<\/p>\n<p>&nbsp;<\/p>\n<p>Su compa\u00f1era Claudia Zavala insisti\u00f3 en que no se est\u00e1 censurando a nadie, y estas semanas son de la ciudadan\u00eda, por lo que los servidores p\u00fablicos deben guardar silencio.<\/p>\n<p>&nbsp;<\/p>\n<p>Aclararon que los funcionarios pueden seguir con sus actividades, pero cuando se trata de propaganda gubernamental, \u00e9sta no puede difundirse en ninguna plataforma oficial.<\/p>\n<p>&nbsp;<\/p>\n<p>Y tambi\u00e9n ordenan a senadores bajar desplegado<\/p>\n<p>&nbsp;<\/p>\n<p>La Comisi\u00f3n de Quejas tambi\u00e9n orden\u00f3 a la bancada de Morena en el Senado borrar, en un plazo de tres horas, sus publicaciones en internet en las que defienden al Presidente y hablan sobre sus logros legislativos, pues se considera propaganda gubernamental.<\/p>\n<p>&nbsp;<\/p>\n<p>Se pide al coordinador de la fracci\u00f3n, Ricardo Monreal, que informe a sus 61 legisladores que suscribieron el documento en el que <em>\u00abrespaldan incondicionalmente\u00bb<\/em> al tabasque\u00f1o que lo borren de sus plataformas.<\/p>\n<p>&nbsp;<\/p>\n<p>Los consejeros argumentaron que est\u00e1n aplicando el mismo criterio que al Presidente y a los Gobernadores morenistas, por lo que insistieron en que los servidores p\u00fablicos deben guardar silencio en esta veda de propaganda gubernamental.<\/p>\n<p>&nbsp;<\/p>\n<p>La consejera Claudia Zavala inform\u00f3 que revis\u00f3 todas las iniciativas presentadas por Morena y por los otros partidos sobre revocaci\u00f3n de mandato y en ninguna de ellas planteaban eliminar la prohibici\u00f3n de difundir propaganda gubernamental.<\/p>\n<p>&nbsp;<\/p>\n<p>Por ello, reclam\u00f3, los legisladores aprobaron dicha disposici\u00f3n, y ahora les corresponde cumplir lo que avalaron.<\/p>\n<p>&nbsp;<\/p>\n<p><em>\u00abEn este primer ejercicio de participaci\u00f3n ciudadana, son los ciudadanos los que van a evaluar lo que se hizo, y es importante que no se difunda lo que se hizo, es un deber de tener cuidado.<\/em><\/p>\n<p>&nbsp;<\/p>\n<p><em>\u00abUn llamado a todos los servidores p\u00fablicos a que en esta etapa, lo cumplamos, que seamos ejemplo de lo que debemos hacer como servidores p\u00fablicos m\u00e1s all\u00e1 de que estemos convencidos o no de esa regla constitucional, es momento de la ciudadan\u00eda y silencio de los servidores p\u00fablicos\u00bb,<\/em> insisti\u00f3.<\/p>\n<p>&nbsp;<\/p>\n<p>(Publicada el 18\/02\/2022 \/ )<\/p>\n","protected":false},"excerpt":{"rendered":"<p>CIUDAD DE M\u00c9XICO. MX. \u2014\u00a0 El INE orden\u00f3 al presidente Andr\u00e9s Manuel L\u00f3pez Obrador frenar&#8230;<\/p>\n","protected":false},"author":1,"featured_media":133479,"comment_status":"open","ping_status":"open","sticky":false,"template":"","format":"standard","meta":{"_monsterinsights_skip_tracking":false,"_monsterinsights_sitenote_active":false,"_monsterinsights_sitenote_note":"","_monsterinsights_sitenote_category":0,"footnotes":""},"categories":[5],"tags":[],"class_list":["post"],"yoast_head":" \n<title>Sonora en Equipo. Ordena INE a AMLO frenar propaganda Rep\u00fablica<\/title>\n<meta name=\"description\" content=\"CIUDAD DE M\u00c9XICO. MX. \u2014\u00a0 El INE orden\u00f3 al presidente Andr\u00e9s Manuel L\u00f3pez Obrador frenar la difusi\u00f3n de propaganda gubernamental hasta el 10 de abril que En Sonora en Equipo publicamos toda la informaci\u00f3n de Sonora, M\u00e9xico y el Mundo de manera oportuna y busca que la libertad de expresi\u00f3n sea real. Visita nuestro medio informativo publicado desde Hermosillo, Sonora. %\" \/>\n<meta name=\"robots\" content=\"index, follow, max-snippet:-1, max-image-preview:large, max-video-preview:-1\" \/>\n<link rel=\"canonical\" href=\"https:\/\/www.sonoraenequipo.com.mx\/ordena-ine-a-amlo-frenar-propaganda\/\" \/>\n<meta property=\"og:locale\" content=\"es_ES\" \/>\n<meta property=\"og:type\" content=\"article\" \/>\n<meta property=\"og:title\" content=\"Sonora en Equipo. Ordena INE a AMLO frenar propaganda Rep\u00fablica\" \/>\n<meta property=\"og:description\" content=\"CIUDAD DE M\u00c9XICO. MX. \u2014\u00a0 El INE orden\u00f3 al presidente Andr\u00e9s Manuel L\u00f3pez Obrador frenar la difusi\u00f3n de propaganda gubernamental hasta el 10 de abril que En Sonora en Equipo publicamos toda la informaci\u00f3n de Sonora, M\u00e9xico y el Mundo de manera oportuna y busca que la libertad de expresi\u00f3n sea real. Visita nuestro medio informativo publicado desde Hermosillo, Sonora. %\" \/>\n<meta property=\"og:url\" content=\"https:\/\/www.sonoraenequipo.com.mx\/ordena-ine-a-amlo-frenar-propaganda\/\" \/>\n<meta property=\"og:site_name\" content=\"Sonora en Equipo.\" \/>\n<meta property=\"article:publisher\" content=\"https:\/\/www.facebook.com\/SonoraEE\/\" \/>\n<meta property=\"article:author\" content=\"https:\/\/www.facebook.com\/SonoraEE\" \/>\n<meta property=\"article:published_time\" content=\"2022-02-18T22:05:53+00:00\" \/>\n<meta property=\"article:modified_time\" content=\"2022-02-20T18:17:58+00:00\" \/>\n<meta property=\"og:image\" content=\"https:\/\/www.sonoraenequipo.com.mx\/storage\/2022\/02\/ine_ordena-al-presidente_opt.jpg\" \/>\n\t<meta property=\"og:image:width\" content=\"700\" \/>\n\t<meta property=\"og:image:height\" content=\"400\" \/>\n\t<meta property=\"og:image:type\" content=\"image\/jpeg\" \/>\n<meta name=\"author\" content=\"enequipo\" \/>\n<meta name=\"twitter:card\" content=\"summary_large_image\" \/>\n<meta name=\"twitter:creator\" content=\"@sonoraenequipo\" \/>\n<meta name=\"twitter:site\" content=\"@sonoraenequipo\" \/>\n<meta name=\"twitter:label1\" content=\"Escrito por\" \/>\n\t<meta name=\"twitter:data1\" content=\"enequipo\" \/>\n\t<meta name=\"twitter:label2\" content=\"Tiempo de lectura\" \/>\n\t<meta name=\"twitter:data2\" content=\"4 minutos\" \/>\n<script type=\"application\/ld+json\" class=\"yoast-schema-graph\">{\"@context\":\"https:\/\/schema.org\",\"@graph\":[{\"@type\":\"Article\",\"@id\":\"https:\/\/www.sonoraenequipo.com.mx\/ordena-ine-a-amlo-frenar-propaganda\/#article\",\"isPartOf\":{\"@id\":\"https:\/\/www.sonoraenequipo.com.mx\/ordena-ine-a-amlo-frenar-propaganda\/\"},\"author\":{\"name\":\"enequipo\",\"@id\":\"https:\/\/www.sonoraenequipo.com.mx\/#\/schema\/person\/50102df0fb23a8fa9e8effad8fa81386\"},\"headline\":\"Ordena INE a AMLO frenar propaganda\",\"datePublished\":\"2022-02-18T22:05:53+00:00\",\"dateModified\":\"2022-02-20T18:17:58+00:00\",\"mainEntityOfPage\":{\"@id\":\"https:\/\/www.sonoraenequipo.com.mx\/ordena-ine-a-amlo-frenar-propaganda\/\"},\"wordCount\":818,\"commentCount\":0,\"publisher\":{\"@id\":\"https:\/\/www.sonoraenequipo.com.mx\/#organization\"},\"image\":{\"@id\":\"https:\/\/www.sonoraenequipo.com.mx\/ordena-ine-a-amlo-frenar-propaganda\/#primaryimage\"},\"thumbnailUrl\":\"https:\/\/www.sonoraenequipo.com.mx\/storage\/2022\/02\/ine_ordena-al-presidente_opt.jpg\",\"articleSection\":[\"Rep\u00fablica\"],\"inLanguage\":\"es\",\"potentialAction\":[{\"@type\":\"CommentAction\",\"name\":\"Comment\",\"target\":[\"https:\/\/www.sonoraenequipo.com.mx\/ordena-ine-a-amlo-frenar-propaganda\/#respond\"]}]},{\"@type\":\"WebPage\",\"@id\":\"https:\/\/www.sonoraenequipo.com.mx\/ordena-ine-a-amlo-frenar-propaganda\/\",\"url\":\"https:\/\/www.sonoraenequipo.com.mx\/ordena-ine-a-amlo-frenar-propaganda\/\",\"name\":\"Sonora en Equipo. Ordena INE a AMLO frenar propaganda Rep\u00fablica\",\"isPartOf\":{\"@id\":\"https:\/\/www.sonoraenequipo.com.mx\/#website\"},\"primaryImageOfPage\":{\"@id\":\"https:\/\/www.sonoraenequipo.com.mx\/ordena-ine-a-amlo-frenar-propaganda\/#primaryimage\"},\"image\":{\"@id\":\"https:\/\/www.sonoraenequipo.com.mx\/ordena-ine-a-amlo-frenar-propaganda\/#primaryimage\"},\"thumbnailUrl\":\"https:\/\/www.sonoraenequipo.com.mx\/storage\/2022\/02\/ine_ordena-al-presidente_opt.jpg\",\"datePublished\":\"2022-02-18T22:05:53+00:00\",\"dateModified\":\"2022-02-20T18:17:58+00:00\",\"description\":\"CIUDAD DE M\u00c9XICO. MX. \u2014\u00a0 El INE orden\u00f3 al presidente Andr\u00e9s Manuel L\u00f3pez Obrador frenar la difusi\u00f3n de propaganda gubernamental hasta el 10 de abril que En Sonora en Equipo publicamos toda la informaci\u00f3n de Sonora, M\u00e9xico y el Mundo de manera oportuna y busca que la libertad de expresi\u00f3n sea real. Visita nuestro medio informativo publicado desde Hermosillo, Sonora. %\",\"breadcrumb\":{\"@id\":\"https:\/\/www.sonoraenequipo.com.mx\/ordena-ine-a-amlo-frenar-propaganda\/#breadcrumb\"},\"inLanguage\":\"es\",\"potentialAction\":[{\"@type\":\"ReadAction\",\"target\":[\"https:\/\/www.sonoraenequipo.com.mx\/ordena-ine-a-amlo-frenar-propaganda\/\"]}]},{\"@type\":\"ImageObject\",\"inLanguage\":\"es\",\"@id\":\"https:\/\/www.sonoraenequipo.com.mx\/ordena-ine-a-amlo-frenar-propaganda\/#primaryimage\",\"url\":\"https:\/\/www.sonoraenequipo.com.mx\/storage\/2022\/02\/ine_ordena-al-presidente_opt.jpg\",\"contentUrl\":\"https:\/\/www.sonoraenequipo.com.mx\/storage\/2022\/02\/ine_ordena-al-presidente_opt.jpg\",\"width\":700,\"height\":400},{\"@type\":\"BreadcrumbList\",\"@id\":\"https:\/\/www.sonoraenequipo.com.mx\/ordena-ine-a-amlo-frenar-propaganda\/#breadcrumb\",\"itemListElement\":[{\"@type\":\"ListItem\",\"position\":1,\"name\":\"Portada\",\"item\":\"https:\/\/www.sonoraenequipo.com.mx\/\"},{\"@type\":\"ListItem\",\"position\":2,\"name\":\"Ordena INE a AMLO frenar propaganda\"}]},{\"@type\":\"WebSite\",\"@id\":\"https:\/\/www.sonoraenequipo.com.mx\/#website\",\"url\":\"https:\/\/www.sonoraenequipo.com.mx\/\",\"name\":\"Sonora en Equipo.\",\"description\":\"Diario en l\u00ednea con Noticias desde Hermosillo, Sonora\",\"publisher\":{\"@id\":\"https:\/\/www.sonoraenequipo.com.mx\/#organization\"},\"potentialAction\":[{\"@type\":\"SearchAction\",\"target\":{\"@type\":\"EntryPoint\",\"urlTemplate\":\"https:\/\/www.sonoraenequipo.com.mx\/?s={search_term_string}\"},\"query-input\":{\"@type\":\"PropertyValueSpecification\",\"valueRequired\":true,\"valueName\":\"search_term_string\"}}],\"inLanguage\":\"es\"},{\"@type\":\"Organization\",\"@id\":\"https:\/\/www.sonoraenequipo.com.mx\/#organization\",\"name\":\"Sonoraenequipo.com.mx\",\"url\":\"https:\/\/www.sonoraenequipo.com.mx\/\",\"logo\":{\"@type\":\"ImageObject\",\"inLanguage\":\"es\",\"@id\":\"https:\/\/www.sonoraenequipo.com.mx\/#\/schema\/logo\/image\/\",\"url\":\"https:\/\/www.sonoraenequipo.com.mx\/storage\/2019\/01\/sonoraenequipo_opt.png\",\"contentUrl\":\"https:\/\/www.sonoraenequipo.com.mx\/storage\/2019\/01\/sonoraenequipo_opt.png\",\"width\":375,\"height\":125,\"caption\":\"Sonoraenequipo.com.mx\"},\"image\":{\"@id\":\"https:\/\/www.sonoraenequipo.com.mx\/#\/schema\/logo\/image\/\"},\"sameAs\":[\"https:\/\/www.facebook.com\/SonoraEE\/\",\"https:\/\/x.com\/sonoraenequipo\",\"https:\/\/www.youtube.com\/channel\/UC338nW-lPEYmJQs4ZABQ1SQ\"]},{\"@type\":\"Person\",\"@id\":\"https:\/\/www.sonoraenequipo.com.mx\/#\/schema\/person\/50102df0fb23a8fa9e8effad8fa81386\",\"name\":\"enequipo\",\"image\":{\"@type\":\"ImageObject\",\"inLanguage\":\"es\",\"@id\":\"https:\/\/www.sonoraenequipo.com.mx\/#\/schema\/person\/image\/\",\"url\":\"https:\/\/secure.gravatar.com\/avatar\/049821681b589dabc0bc20695993ccebb09f5b5d4d790cd9251b97faac7c652b?s=96&d=blank&r=g\",\"contentUrl\":\"https:\/\/secure.gravatar.com\/avatar\/049821681b589dabc0bc20695993ccebb09f5b5d4d790cd9251b97faac7c652b?s=96&d=blank&r=g\",\"caption\":\"enequipo\"},\"sameAs\":[\"https:\/\/www.facebook.com\/SonoraEE\"]}]}<\/script>\n ","yoast_head_json":{"title":"Sonora en Equipo. Ordena INE a AMLO frenar propaganda Rep\u00fablica","description":"CIUDAD DE M\u00c9XICO. MX. \u2014\u00a0 El INE orden\u00f3 al presidente Andr\u00e9s Manuel L\u00f3pez Obrador frenar la difusi\u00f3n de propaganda gubernamental hasta el 10 de abril que En Sonora en Equipo publicamos toda la informaci\u00f3n de Sonora, M\u00e9xico y el Mundo de manera oportuna y busca que la libertad de expresi\u00f3n sea real. Visita nuestro medio informativo publicado desde Hermosillo, Sonora. %","robots":{"index":"index","follow":"follow","max-snippet":"max-snippet:-1","max-image-preview":"max-image-preview:large","max-video-preview":"max-video-preview:-1"},"canonical":"https:\/\/www.sonoraenequipo.com.mx\/ordena-ine-a-amlo-frenar-propaganda\/","og_locale":"es_ES","og_type":"article","og_title":"Sonora en Equipo. Ordena INE a AMLO frenar propaganda Rep\u00fablica","og_description":"CIUDAD DE M\u00c9XICO. MX. \u2014\u00a0 El INE orden\u00f3 al presidente Andr\u00e9s Manuel L\u00f3pez Obrador frenar la difusi\u00f3n de propaganda gubernamental hasta el 10 de abril que En Sonora en Equipo publicamos toda la informaci\u00f3n de Sonora, M\u00e9xico y el Mundo de manera oportuna y busca que la libertad de expresi\u00f3n sea real. Visita nuestro medio informativo publicado desde Hermosillo, Sonora. %","og_url":"https:\/\/www.sonoraenequipo.com.mx\/ordena-ine-a-amlo-frenar-propaganda\/","og_site_name":"Sonora en Equipo.","article_publisher":"https:\/\/www.facebook.com\/SonoraEE\/","article_author":"https:\/\/www.facebook.com\/SonoraEE","article_published_time":"2022-02-18T22:05:53+00:00","article_modified_time":"2022-02-20T18:17:58+00:00","og_image":[{"width":700,"height":400,"url":"https:\/\/www.sonoraenequipo.com.mx\/storage\/2022\/02\/ine_ordena-al-presidente_opt.jpg","type":"image\/jpeg"}],"author":"enequipo","twitter_card":"summary_large_image","twitter_creator":"@sonoraenequipo","twitter_site":"@sonoraenequipo","twitter_misc":{"Escrito por":"enequipo","Tiempo de lectura":"4 minutos"},"schema":{"@context":"https:\/\/schema.org","@graph":[{"@type":"Article","@id":"https:\/\/www.sonoraenequipo.com.mx\/ordena-ine-a-amlo-frenar-propaganda\/#article","isPartOf":{"@id":"https:\/\/www.sonoraenequipo.com.mx\/ordena-ine-a-amlo-frenar-propaganda\/"},"author":{"name":"enequipo","@id":"https:\/\/www.sonoraenequipo.com.mx\/#\/schema\/person\/50102df0fb23a8fa9e8effad8fa81386"},"headline":"Ordena INE a AMLO frenar propaganda","datePublished":"2022-02-18T22:05:53+00:00","dateModified":"2022-02-20T18:17:58+00:00","mainEntityOfPage":{"@id":"https:\/\/www.sonoraenequipo.com.mx\/ordena-ine-a-amlo-frenar-propaganda\/"},"wordCount":818,"commentCount":0,"publisher":{"@id":"https:\/\/www.sonoraenequipo.com.mx\/#organization"},"image":{"@id":"https:\/\/www.sonoraenequipo.com.mx\/ordena-ine-a-amlo-frenar-propaganda\/#primaryimage"},"thumbnailUrl":"https:\/\/www.sonoraenequipo.com.mx\/storage\/2022\/02\/ine_ordena-al-presidente_opt.jpg","articleSection":["Rep\u00fablica"],"inLanguage":"es","potentialAction":[{"@type":"CommentAction","name":"Comment","target":["https:\/\/www.sonoraenequipo.com.mx\/ordena-ine-a-amlo-frenar-propaganda\/#respond"]}]},{"@type":"WebPage","@id":"https:\/\/www.sonoraenequipo.com.mx\/ordena-ine-a-amlo-frenar-propaganda\/","url":"https:\/\/www.sonoraenequipo.com.mx\/ordena-ine-a-amlo-frenar-propaganda\/","name":"Sonora en Equipo. Ordena INE a AMLO frenar propaganda Rep\u00fablica","isPartOf":{"@id":"https:\/\/www.sonoraenequipo.com.mx\/#website"},"primaryImageOfPage":{"@id":"https:\/\/www.sonoraenequipo.com.mx\/ordena-ine-a-amlo-frenar-propaganda\/#primaryimage"},"image":{"@id":"https:\/\/www.sonoraenequipo.com.mx\/ordena-ine-a-amlo-frenar-propaganda\/#primaryimage"},"thumbnailUrl":"https:\/\/www.sonoraenequipo.com.mx\/storage\/2022\/02\/ine_ordena-al-presidente_opt.jpg","datePublished":"2022-02-18T22:05:53+00:00","dateModified":"2022-02-20T18:17:58+00:00","description":"CIUDAD DE M\u00c9XICO. MX. \u2014\u00a0 El INE orden\u00f3 al presidente Andr\u00e9s Manuel L\u00f3pez Obrador frenar la difusi\u00f3n de propaganda gubernamental hasta el 10 de abril que En Sonora en Equipo publicamos toda la informaci\u00f3n de Sonora, M\u00e9xico y el Mundo de manera oportuna y busca que la libertad de expresi\u00f3n sea real. Visita nuestro medio informativo publicado desde Hermosillo, Sonora. %","breadcrumb":{"@id":"https:\/\/www.sonoraenequipo.com.mx\/ordena-ine-a-amlo-frenar-propaganda\/#breadcrumb"},"inLanguage":"es","potentialAction":[{"@type":"ReadAction","target":["https:\/\/www.sonoraenequipo.com.mx\/ordena-ine-a-amlo-frenar-propaganda\/"]}]},{"@type":"ImageObject","inLanguage":"es","@id":"https:\/\/www.sonoraenequipo.com.mx\/ordena-ine-a-amlo-frenar-propaganda\/#primaryimage","url":"https:\/\/www.sonoraenequipo.com.mx\/storage\/2022\/02\/ine_ordena-al-presidente_opt.jpg","contentUrl":"https:\/\/www.sonoraenequipo.com.mx\/storage\/2022\/02\/ine_ordena-al-presidente_opt.jpg","width":700,"height":400},{"@type":"BreadcrumbList","@id":"https:\/\/www.sonoraenequipo.com.mx\/ordena-ine-a-amlo-frenar-propaganda\/#breadcrumb","itemListElement":[{"@type":"ListItem","position":1,"name":"Portada","item":"https:\/\/www.sonoraenequipo.com.mx\/"},{"@type":"ListItem","position":2,"name":"Ordena INE a AMLO frenar propaganda"}]},{"@type":"WebSite","@id":"https:\/\/www.sonoraenequipo.com.mx\/#website","url":"https:\/\/www.sonoraenequipo.com.mx\/","name":"Sonora en Equipo.","description":"Diario en l\u00ednea con Noticias desde Hermosillo, Sonora","publisher":{"@id":"https:\/\/www.sonoraenequipo.com.mx\/#organization"},"potentialAction":[{"@type":"SearchAction","target":{"@type":"EntryPoint","urlTemplate":"https:\/\/www.sonoraenequipo.com.mx\/?s={search_term_string}"},"query-input":{"@type":"PropertyValueSpecification","valueRequired":true,"valueName":"search_term_string"}}],"inLanguage":"es"},{"@type":"Organization","@id":"https:\/\/www.sonoraenequipo.com.mx\/#organization","name":"Sonoraenequipo.com.mx","url":"https:\/\/www.sonoraenequipo.com.mx\/","logo":{"@type":"ImageObject","inLanguage":"es","@id":"https:\/\/www.sonoraenequipo.com.mx\/#\/schema\/logo\/image\/","url":"https:\/\/www.sonoraenequipo.com.mx\/storage\/2019\/01\/sonoraenequipo_opt.png","contentUrl":"https:\/\/www.sonoraenequipo.com.mx\/storage\/2019\/01\/sonoraenequipo_opt.png","width":375,"height":125,"caption":"Sonoraenequipo.com.mx"},"image":{"@id":"https:\/\/www.sonoraenequipo.com.mx\/#\/schema\/logo\/image\/"},"sameAs":["https:\/\/www.facebook.com\/SonoraEE\/","https:\/\/x.com\/sonoraenequipo","https:\/\/www.youtube.com\/channel\/UC338nW-lPEYmJQs4ZABQ1SQ"]},{"@type":"Person","@id":"https:\/\/www.sonoraenequipo.com.mx\/#\/schema\/person\/50102df0fb23a8fa9e8effad8fa81386","name":"enequipo","image":{"@type":"ImageObject","inLanguage":"es","@id":"https:\/\/www.sonoraenequipo.com.mx\/#\/schema\/person\/image\/","url":"https:\/\/secure.gravatar.com\/avatar\/049821681b589dabc0bc20695993ccebb09f5b5d4d790cd9251b97faac7c652b?s=96&d=blank&r=g","contentUrl":"https:\/\/secure.gravatar.com\/avatar\/049821681b589dabc0bc20695993ccebb09f5b5d4d790cd9251b97faac7c652b?s=96&d=blank&r=g","caption":"enequipo"},"sameAs":["https:\/\/www.facebook.com\/SonoraEE"]}]}},"jetpack_featured_media_url":"https:\/\/www.sonoraenequipo.com.mx\/storage\/2022\/02\/ine_ordena-al-presidente_opt.jpg","_links":{"self":[{"href":"https:\/\/www.sonoraenequipo.com.mx\/api\/wp\/v2\/posts\/133478","targetHints":{"allow":["GET"]}}],"collection":[{"href":"https:\/\/www.sonoraenequipo.com.mx\/api\/wp\/v2\/posts"}],"about":[{"href":"https:\/\/www.sonoraenequipo.com.mx\/api\/wp\/v2\/types\/post"}],"author":[{"embeddable":true,"href":"https:\/\/www.sonoraenequipo.com.mx\/api\/wp\/v2\/users\/1"}],"replies":[{"embeddable":true,"href":"https:\/\/www.sonoraenequipo.com.mx\/api\/wp\/v2\/comments?post=133478"}],"version-history":[{"count":2,"href":"https:\/\/www.sonoraenequipo.com.mx\/api\/wp\/v2\/posts\/133478\/revisions"}],"predecessor-version":[{"id":133481,"href":"https:\/\/www.sonoraenequipo.com.mx\/api\/wp\/v2\/posts\/133478\/revisions\/133481"}],"wp:featuredmedia":[{"embeddable":true,"href":"https:\/\/www.sonoraenequipo.com.mx\/api\/wp\/v2\/media\/133479"}],"wp:attachment":[{"href":"https:\/\/www.sonoraenequipo.com.mx\/api\/wp\/v2\/media?parent=133478"}],"wp:term":[{"taxonomy":"category","embeddable":true,"href":"https:\/\/www.sonoraenequipo.com.mx\/api\/wp\/v2\/categories?post=133478"},{"taxonomy":"post_tag","embeddable":true,"href":"https:\/\/www.sonoraenequipo.com.mx\/api\/wp\/v2\/tags?post=133478"}],"curies":[{"name":"wp","href":"https:\/\/api.w.org\/{rel}","templated":true}]}}