{"id":133531,"date":"2022-02-20T22:40:23","date_gmt":"2022-02-21T05:40:23","guid":{"rendered":"https:\/\/www.sonoraenequipo.com.mx\/?p=133531"},"modified":"2022-02-21T11:46:37","modified_gmt":"2022-02-21T18:46:37","slug":"arriba-brigada-internacional-a-puerto-penasco","status":"publish","type":"post","link":"https:\/\/www.sonoraenequipo.com.mx\/arriba-brigada-internacional-a-puerto-penasco\/","title":{"rendered":"Arriba Brigada Internacional a Puerto Pe\u00f1asco"},"content":{"rendered":"<p>PUERTO PE\u00d1ASCO, SONORA. MX. \u2014 Personal de la Coordinaci\u00f3n Estatal de Protecci\u00f3n Civil (CEPC), con el apoyo de autoridades de los tres niveles de gobierno, mantiene el acompa\u00f1amiento a integrantes de la Brigada Internacional de Personas Desaparecidas, mismas que arribaron al municipio de Puerto Pe\u00f1asco, Sonora, para continuar con sus actividades.<\/p>\n<p>&nbsp;<\/p>\n<p> <\/p>\n<p>&nbsp;<\/p>\n<p>Protecci\u00f3n Civil estatal se ha coordinado y contado con el apoyo de los municipios participantes, DIF Sonora, Secretar\u00eda de la Defensa Nacional (Sedena) , Guardia Nacional, Bienestar Social, Salud Sonora, Polic\u00eda Estatal de Seguridad P\u00fablica (PESP) y Fiscal\u00eda Estatal, para brindar todas las garant\u00edas en las actividades de los colectivos.<\/p>\n<p>&nbsp;<\/p>\n<p>Alrededor de 100 personas provenientes del extranjero, varios estados de la Rep\u00fablica mexicana y municipios de Sonora, arribaron este domingo a Puerto Pe\u00f1asco, en donde recibir\u00e1n alimentaci\u00f3n y hospedaje para retomar fuerzas y continuar con sus labores.<\/p>\n<p>&nbsp;<\/p>\n<p>Recientemente concluyeron su primera etapa llevada a cabo en Nogales, Sonora.<\/p>\n<p>&nbsp;<\/p>\n<p>Durante su traslado, contaron con el acompa\u00f1amiento y resguardo de autoridades de los tres niveles de gobierno.<\/p>\n<p>&nbsp;<\/p>\n<p>Realizar\u00e1n actividades de b\u00fasqueda en Puerto Pe\u00f1asco este lunes y martes entrante, mientras que el mi\u00e9rcoles se trasladar\u00e1n a Sonoyta para continuar con su operativo en esa zona.<\/p>\n<p>&nbsp;<\/p>\n<p>La Brigada Internacional de Personas Desaparecidas seguir\u00e1 con sus labores el 24 y 25 en San Luis R\u00edo Colorado, en donde culminar\u00e1 con su participaci\u00f3n en Sonora, pues el 26 se trasladar\u00e1 al vecino estado de Baja California.<\/p>\n<p>&nbsp;<\/p>\n<p>(Publicada el 20\/02\/2022 \/ Con informaci\u00f3n de GOBSON 0222120 )<\/p>\n","protected":false},"excerpt":{"rendered":"<p>PUERTO PE\u00d1ASCO, SONORA. MX. \u2014 Personal de la Coordinaci\u00f3n Estatal de Protecci\u00f3n Civil (CEPC), con&#8230;<\/p>\n","protected":false},"author":1,"featured_media":133534,"comment_status":"open","ping_status":"open","sticky":false,"template":"","format":"standard","meta":{"_monsterinsights_skip_tracking":false,"_monsterinsights_sitenote_active":false,"_monsterinsights_sitenote_note":"","_monsterinsights_sitenote_category":0,"footnotes":""},"categories":[22],"tags":[],"class_list":["post"],"yoast_head":" \n<title>Sonora en Equipo. Arriba Brigada Internacional a Puerto Pe\u00f1asco Sonora<\/title>\n<meta name=\"description\" content=\"PUERTO PE\u00d1ASCO, SONORA. MX. \u2014 Personal de la Coordinaci\u00f3n Estatal de Protecci\u00f3n Civil (CEPC), con el apoyo de autoridades de los tres niveles de gobierno, En Sonora en Equipo publicamos toda la informaci\u00f3n de Sonora, M\u00e9xico y el Mundo de manera oportuna y busca que la libertad de expresi\u00f3n sea real. Visita nuestro medio informativo publicado desde Hermosillo, Sonora. %\" \/>\n<meta name=\"robots\" content=\"index, follow, max-snippet:-1, max-image-preview:large, max-video-preview:-1\" \/>\n<link rel=\"canonical\" href=\"https:\/\/www.sonoraenequipo.com.mx\/arriba-brigada-internacional-a-puerto-penasco\/\" \/>\n<meta property=\"og:locale\" content=\"es_ES\" \/>\n<meta property=\"og:type\" content=\"article\" \/>\n<meta property=\"og:title\" content=\"Sonora en Equipo. Arriba Brigada Internacional a Puerto Pe\u00f1asco Sonora\" \/>\n<meta property=\"og:description\" content=\"PUERTO PE\u00d1ASCO, SONORA. MX. \u2014 Personal de la Coordinaci\u00f3n Estatal de Protecci\u00f3n Civil (CEPC), con el apoyo de autoridades de los tres niveles de gobierno, En Sonora en Equipo publicamos toda la informaci\u00f3n de Sonora, M\u00e9xico y el Mundo de manera oportuna y busca que la libertad de expresi\u00f3n sea real. Visita nuestro medio informativo publicado desde Hermosillo, Sonora. %\" \/>\n<meta property=\"og:url\" content=\"https:\/\/www.sonoraenequipo.com.mx\/arriba-brigada-internacional-a-puerto-penasco\/\" \/>\n<meta property=\"og:site_name\" content=\"Sonora en Equipo.\" \/>\n<meta property=\"article:publisher\" content=\"https:\/\/www.facebook.com\/SonoraEE\/\" \/>\n<meta property=\"article:author\" content=\"https:\/\/www.facebook.com\/SonoraEE\" \/>\n<meta property=\"article:published_time\" content=\"2022-02-21T05:40:23+00:00\" \/>\n<meta property=\"article:modified_time\" content=\"2022-02-21T18:46:37+00:00\" \/>\n<meta property=\"og:image\" content=\"https:\/\/www.sonoraenequipo.com.mx\/storage\/2022\/02\/Arriba-Brigada-Internacional-a-Puerto-Penasco-0222120a_opt.jpg\" \/>\n\t<meta property=\"og:image:width\" content=\"700\" \/>\n\t<meta property=\"og:image:height\" content=\"400\" \/>\n\t<meta property=\"og:image:type\" content=\"image\/jpeg\" \/>\n<meta name=\"author\" content=\"enequipo\" \/>\n<meta name=\"twitter:card\" content=\"summary_large_image\" \/>\n<meta name=\"twitter:creator\" content=\"@sonoraenequipo\" \/>\n<meta name=\"twitter:site\" content=\"@sonoraenequipo\" \/>\n<meta name=\"twitter:label1\" content=\"Escrito por\" \/>\n\t<meta name=\"twitter:data1\" content=\"enequipo\" \/>\n\t<meta name=\"twitter:label2\" content=\"Tiempo de lectura\" \/>\n\t<meta name=\"twitter:data2\" content=\"1 minuto\" \/>\n<script type=\"application\/ld+json\" class=\"yoast-schema-graph\">{\"@context\":\"https:\/\/schema.org\",\"@graph\":[{\"@type\":\"Article\",\"@id\":\"https:\/\/www.sonoraenequipo.com.mx\/arriba-brigada-internacional-a-puerto-penasco\/#article\",\"isPartOf\":{\"@id\":\"https:\/\/www.sonoraenequipo.com.mx\/arriba-brigada-internacional-a-puerto-penasco\/\"},\"author\":{\"name\":\"enequipo\",\"@id\":\"https:\/\/www.sonoraenequipo.com.mx\/#\/schema\/person\/50102df0fb23a8fa9e8effad8fa81386\"},\"headline\":\"Arriba Brigada Internacional a Puerto Pe\u00f1asco\",\"datePublished\":\"2022-02-21T05:40:23+00:00\",\"dateModified\":\"2022-02-21T18:46:37+00:00\",\"mainEntityOfPage\":{\"@id\":\"https:\/\/www.sonoraenequipo.com.mx\/arriba-brigada-internacional-a-puerto-penasco\/\"},\"wordCount\":271,\"commentCount\":0,\"publisher\":{\"@id\":\"https:\/\/www.sonoraenequipo.com.mx\/#organization\"},\"image\":{\"@id\":\"https:\/\/www.sonoraenequipo.com.mx\/arriba-brigada-internacional-a-puerto-penasco\/#primaryimage\"},\"thumbnailUrl\":\"https:\/\/www.sonoraenequipo.com.mx\/storage\/2022\/02\/Arriba-Brigada-Internacional-a-Puerto-Penasco-0222120a_opt.jpg\",\"articleSection\":[\"Sonora\"],\"inLanguage\":\"es\",\"potentialAction\":[{\"@type\":\"CommentAction\",\"name\":\"Comment\",\"target\":[\"https:\/\/www.sonoraenequipo.com.mx\/arriba-brigada-internacional-a-puerto-penasco\/#respond\"]}]},{\"@type\":\"WebPage\",\"@id\":\"https:\/\/www.sonoraenequipo.com.mx\/arriba-brigada-internacional-a-puerto-penasco\/\",\"url\":\"https:\/\/www.sonoraenequipo.com.mx\/arriba-brigada-internacional-a-puerto-penasco\/\",\"name\":\"Sonora en Equipo. Arriba Brigada Internacional a Puerto Pe\u00f1asco Sonora\",\"isPartOf\":{\"@id\":\"https:\/\/www.sonoraenequipo.com.mx\/#website\"},\"primaryImageOfPage\":{\"@id\":\"https:\/\/www.sonoraenequipo.com.mx\/arriba-brigada-internacional-a-puerto-penasco\/#primaryimage\"},\"image\":{\"@id\":\"https:\/\/www.sonoraenequipo.com.mx\/arriba-brigada-internacional-a-puerto-penasco\/#primaryimage\"},\"thumbnailUrl\":\"https:\/\/www.sonoraenequipo.com.mx\/storage\/2022\/02\/Arriba-Brigada-Internacional-a-Puerto-Penasco-0222120a_opt.jpg\",\"datePublished\":\"2022-02-21T05:40:23+00:00\",\"dateModified\":\"2022-02-21T18:46:37+00:00\",\"description\":\"PUERTO PE\u00d1ASCO, SONORA. MX. \u2014 Personal de la Coordinaci\u00f3n Estatal de Protecci\u00f3n Civil (CEPC), con el apoyo de autoridades de los tres niveles de gobierno, En Sonora en Equipo publicamos toda la informaci\u00f3n de Sonora, M\u00e9xico y el Mundo de manera oportuna y busca que la libertad de expresi\u00f3n sea real. Visita nuestro medio informativo publicado desde Hermosillo, Sonora. %\",\"breadcrumb\":{\"@id\":\"https:\/\/www.sonoraenequipo.com.mx\/arriba-brigada-internacional-a-puerto-penasco\/#breadcrumb\"},\"inLanguage\":\"es\",\"potentialAction\":[{\"@type\":\"ReadAction\",\"target\":[\"https:\/\/www.sonoraenequipo.com.mx\/arriba-brigada-internacional-a-puerto-penasco\/\"]}]},{\"@type\":\"ImageObject\",\"inLanguage\":\"es\",\"@id\":\"https:\/\/www.sonoraenequipo.com.mx\/arriba-brigada-internacional-a-puerto-penasco\/#primaryimage\",\"url\":\"https:\/\/www.sonoraenequipo.com.mx\/storage\/2022\/02\/Arriba-Brigada-Internacional-a-Puerto-Penasco-0222120a_opt.jpg\",\"contentUrl\":\"https:\/\/www.sonoraenequipo.com.mx\/storage\/2022\/02\/Arriba-Brigada-Internacional-a-Puerto-Penasco-0222120a_opt.jpg\",\"width\":700,\"height\":400},{\"@type\":\"BreadcrumbList\",\"@id\":\"https:\/\/www.sonoraenequipo.com.mx\/arriba-brigada-internacional-a-puerto-penasco\/#breadcrumb\",\"itemListElement\":[{\"@type\":\"ListItem\",\"position\":1,\"name\":\"Portada\",\"item\":\"https:\/\/www.sonoraenequipo.com.mx\/\"},{\"@type\":\"ListItem\",\"position\":2,\"name\":\"Arriba Brigada Internacional a Puerto Pe\u00f1asco\"}]},{\"@type\":\"WebSite\",\"@id\":\"https:\/\/www.sonoraenequipo.com.mx\/#website\",\"url\":\"https:\/\/www.sonoraenequipo.com.mx\/\",\"name\":\"Sonora en Equipo.\",\"description\":\"Diario en l\u00ednea con Noticias desde Hermosillo, Sonora\",\"publisher\":{\"@id\":\"https:\/\/www.sonoraenequipo.com.mx\/#organization\"},\"potentialAction\":[{\"@type\":\"SearchAction\",\"target\":{\"@type\":\"EntryPoint\",\"urlTemplate\":\"https:\/\/www.sonoraenequipo.com.mx\/?s={search_term_string}\"},\"query-input\":{\"@type\":\"PropertyValueSpecification\",\"valueRequired\":true,\"valueName\":\"search_term_string\"}}],\"inLanguage\":\"es\"},{\"@type\":\"Organization\",\"@id\":\"https:\/\/www.sonoraenequipo.com.mx\/#organization\",\"name\":\"Sonoraenequipo.com.mx\",\"url\":\"https:\/\/www.sonoraenequipo.com.mx\/\",\"logo\":{\"@type\":\"ImageObject\",\"inLanguage\":\"es\",\"@id\":\"https:\/\/www.sonoraenequipo.com.mx\/#\/schema\/logo\/image\/\",\"url\":\"https:\/\/www.sonoraenequipo.com.mx\/storage\/2019\/01\/sonoraenequipo_opt.png\",\"contentUrl\":\"https:\/\/www.sonoraenequipo.com.mx\/storage\/2019\/01\/sonoraenequipo_opt.png\",\"width\":375,\"height\":125,\"caption\":\"Sonoraenequipo.com.mx\"},\"image\":{\"@id\":\"https:\/\/www.sonoraenequipo.com.mx\/#\/schema\/logo\/image\/\"},\"sameAs\":[\"https:\/\/www.facebook.com\/SonoraEE\/\",\"https:\/\/x.com\/sonoraenequipo\",\"https:\/\/www.youtube.com\/channel\/UC338nW-lPEYmJQs4ZABQ1SQ\"]},{\"@type\":\"Person\",\"@id\":\"https:\/\/www.sonoraenequipo.com.mx\/#\/schema\/person\/50102df0fb23a8fa9e8effad8fa81386\",\"name\":\"enequipo\",\"image\":{\"@type\":\"ImageObject\",\"inLanguage\":\"es\",\"@id\":\"https:\/\/www.sonoraenequipo.com.mx\/#\/schema\/person\/image\/\",\"url\":\"https:\/\/secure.gravatar.com\/avatar\/049821681b589dabc0bc20695993ccebb09f5b5d4d790cd9251b97faac7c652b?s=96&d=blank&r=g\",\"contentUrl\":\"https:\/\/secure.gravatar.com\/avatar\/049821681b589dabc0bc20695993ccebb09f5b5d4d790cd9251b97faac7c652b?s=96&d=blank&r=g\",\"caption\":\"enequipo\"},\"sameAs\":[\"https:\/\/www.facebook.com\/SonoraEE\"]}]}<\/script>\n ","yoast_head_json":{"title":"Sonora en Equipo. Arriba Brigada Internacional a Puerto Pe\u00f1asco Sonora","description":"PUERTO PE\u00d1ASCO, SONORA. MX. \u2014 Personal de la Coordinaci\u00f3n Estatal de Protecci\u00f3n Civil (CEPC), con el apoyo de autoridades de los tres niveles de gobierno, En Sonora en Equipo publicamos toda la informaci\u00f3n de Sonora, M\u00e9xico y el Mundo de manera oportuna y busca que la libertad de expresi\u00f3n sea real. Visita nuestro medio informativo publicado desde Hermosillo, Sonora. %","robots":{"index":"index","follow":"follow","max-snippet":"max-snippet:-1","max-image-preview":"max-image-preview:large","max-video-preview":"max-video-preview:-1"},"canonical":"https:\/\/www.sonoraenequipo.com.mx\/arriba-brigada-internacional-a-puerto-penasco\/","og_locale":"es_ES","og_type":"article","og_title":"Sonora en Equipo. Arriba Brigada Internacional a Puerto Pe\u00f1asco Sonora","og_description":"PUERTO PE\u00d1ASCO, SONORA. MX. \u2014 Personal de la Coordinaci\u00f3n Estatal de Protecci\u00f3n Civil (CEPC), con el apoyo de autoridades de los tres niveles de gobierno, En Sonora en Equipo publicamos toda la informaci\u00f3n de Sonora, M\u00e9xico y el Mundo de manera oportuna y busca que la libertad de expresi\u00f3n sea real. Visita nuestro medio informativo publicado desde Hermosillo, Sonora. %","og_url":"https:\/\/www.sonoraenequipo.com.mx\/arriba-brigada-internacional-a-puerto-penasco\/","og_site_name":"Sonora en Equipo.","article_publisher":"https:\/\/www.facebook.com\/SonoraEE\/","article_author":"https:\/\/www.facebook.com\/SonoraEE","article_published_time":"2022-02-21T05:40:23+00:00","article_modified_time":"2022-02-21T18:46:37+00:00","og_image":[{"width":700,"height":400,"url":"https:\/\/www.sonoraenequipo.com.mx\/storage\/2022\/02\/Arriba-Brigada-Internacional-a-Puerto-Penasco-0222120a_opt.jpg","type":"image\/jpeg"}],"author":"enequipo","twitter_card":"summary_large_image","twitter_creator":"@sonoraenequipo","twitter_site":"@sonoraenequipo","twitter_misc":{"Escrito por":"enequipo","Tiempo de lectura":"1 minuto"},"schema":{"@context":"https:\/\/schema.org","@graph":[{"@type":"Article","@id":"https:\/\/www.sonoraenequipo.com.mx\/arriba-brigada-internacional-a-puerto-penasco\/#article","isPartOf":{"@id":"https:\/\/www.sonoraenequipo.com.mx\/arriba-brigada-internacional-a-puerto-penasco\/"},"author":{"name":"enequipo","@id":"https:\/\/www.sonoraenequipo.com.mx\/#\/schema\/person\/50102df0fb23a8fa9e8effad8fa81386"},"headline":"Arriba Brigada Internacional a Puerto Pe\u00f1asco","datePublished":"2022-02-21T05:40:23+00:00","dateModified":"2022-02-21T18:46:37+00:00","mainEntityOfPage":{"@id":"https:\/\/www.sonoraenequipo.com.mx\/arriba-brigada-internacional-a-puerto-penasco\/"},"wordCount":271,"commentCount":0,"publisher":{"@id":"https:\/\/www.sonoraenequipo.com.mx\/#organization"},"image":{"@id":"https:\/\/www.sonoraenequipo.com.mx\/arriba-brigada-internacional-a-puerto-penasco\/#primaryimage"},"thumbnailUrl":"https:\/\/www.sonoraenequipo.com.mx\/storage\/2022\/02\/Arriba-Brigada-Internacional-a-Puerto-Penasco-0222120a_opt.jpg","articleSection":["Sonora"],"inLanguage":"es","potentialAction":[{"@type":"CommentAction","name":"Comment","target":["https:\/\/www.sonoraenequipo.com.mx\/arriba-brigada-internacional-a-puerto-penasco\/#respond"]}]},{"@type":"WebPage","@id":"https:\/\/www.sonoraenequipo.com.mx\/arriba-brigada-internacional-a-puerto-penasco\/","url":"https:\/\/www.sonoraenequipo.com.mx\/arriba-brigada-internacional-a-puerto-penasco\/","name":"Sonora en Equipo. Arriba Brigada Internacional a Puerto Pe\u00f1asco Sonora","isPartOf":{"@id":"https:\/\/www.sonoraenequipo.com.mx\/#website"},"primaryImageOfPage":{"@id":"https:\/\/www.sonoraenequipo.com.mx\/arriba-brigada-internacional-a-puerto-penasco\/#primaryimage"},"image":{"@id":"https:\/\/www.sonoraenequipo.com.mx\/arriba-brigada-internacional-a-puerto-penasco\/#primaryimage"},"thumbnailUrl":"https:\/\/www.sonoraenequipo.com.mx\/storage\/2022\/02\/Arriba-Brigada-Internacional-a-Puerto-Penasco-0222120a_opt.jpg","datePublished":"2022-02-21T05:40:23+00:00","dateModified":"2022-02-21T18:46:37+00:00","description":"PUERTO PE\u00d1ASCO, SONORA. MX. \u2014 Personal de la Coordinaci\u00f3n Estatal de Protecci\u00f3n Civil (CEPC), con el apoyo de autoridades de los tres niveles de gobierno, En Sonora en Equipo publicamos toda la informaci\u00f3n de Sonora, M\u00e9xico y el Mundo de manera oportuna y busca que la libertad de expresi\u00f3n sea real. Visita nuestro medio informativo publicado desde Hermosillo, Sonora. %","breadcrumb":{"@id":"https:\/\/www.sonoraenequipo.com.mx\/arriba-brigada-internacional-a-puerto-penasco\/#breadcrumb"},"inLanguage":"es","potentialAction":[{"@type":"ReadAction","target":["https:\/\/www.sonoraenequipo.com.mx\/arriba-brigada-internacional-a-puerto-penasco\/"]}]},{"@type":"ImageObject","inLanguage":"es","@id":"https:\/\/www.sonoraenequipo.com.mx\/arriba-brigada-internacional-a-puerto-penasco\/#primaryimage","url":"https:\/\/www.sonoraenequipo.com.mx\/storage\/2022\/02\/Arriba-Brigada-Internacional-a-Puerto-Penasco-0222120a_opt.jpg","contentUrl":"https:\/\/www.sonoraenequipo.com.mx\/storage\/2022\/02\/Arriba-Brigada-Internacional-a-Puerto-Penasco-0222120a_opt.jpg","width":700,"height":400},{"@type":"BreadcrumbList","@id":"https:\/\/www.sonoraenequipo.com.mx\/arriba-brigada-internacional-a-puerto-penasco\/#breadcrumb","itemListElement":[{"@type":"ListItem","position":1,"name":"Portada","item":"https:\/\/www.sonoraenequipo.com.mx\/"},{"@type":"ListItem","position":2,"name":"Arriba Brigada Internacional a Puerto Pe\u00f1asco"}]},{"@type":"WebSite","@id":"https:\/\/www.sonoraenequipo.com.mx\/#website","url":"https:\/\/www.sonoraenequipo.com.mx\/","name":"Sonora en Equipo.","description":"Diario en l\u00ednea con Noticias desde Hermosillo, Sonora","publisher":{"@id":"https:\/\/www.sonoraenequipo.com.mx\/#organization"},"potentialAction":[{"@type":"SearchAction","target":{"@type":"EntryPoint","urlTemplate":"https:\/\/www.sonoraenequipo.com.mx\/?s={search_term_string}"},"query-input":{"@type":"PropertyValueSpecification","valueRequired":true,"valueName":"search_term_string"}}],"inLanguage":"es"},{"@type":"Organization","@id":"https:\/\/www.sonoraenequipo.com.mx\/#organization","name":"Sonoraenequipo.com.mx","url":"https:\/\/www.sonoraenequipo.com.mx\/","logo":{"@type":"ImageObject","inLanguage":"es","@id":"https:\/\/www.sonoraenequipo.com.mx\/#\/schema\/logo\/image\/","url":"https:\/\/www.sonoraenequipo.com.mx\/storage\/2019\/01\/sonoraenequipo_opt.png","contentUrl":"https:\/\/www.sonoraenequipo.com.mx\/storage\/2019\/01\/sonoraenequipo_opt.png","width":375,"height":125,"caption":"Sonoraenequipo.com.mx"},"image":{"@id":"https:\/\/www.sonoraenequipo.com.mx\/#\/schema\/logo\/image\/"},"sameAs":["https:\/\/www.facebook.com\/SonoraEE\/","https:\/\/x.com\/sonoraenequipo","https:\/\/www.youtube.com\/channel\/UC338nW-lPEYmJQs4ZABQ1SQ"]},{"@type":"Person","@id":"https:\/\/www.sonoraenequipo.com.mx\/#\/schema\/person\/50102df0fb23a8fa9e8effad8fa81386","name":"enequipo","image":{"@type":"ImageObject","inLanguage":"es","@id":"https:\/\/www.sonoraenequipo.com.mx\/#\/schema\/person\/image\/","url":"https:\/\/secure.gravatar.com\/avatar\/049821681b589dabc0bc20695993ccebb09f5b5d4d790cd9251b97faac7c652b?s=96&d=blank&r=g","contentUrl":"https:\/\/secure.gravatar.com\/avatar\/049821681b589dabc0bc20695993ccebb09f5b5d4d790cd9251b97faac7c652b?s=96&d=blank&r=g","caption":"enequipo"},"sameAs":["https:\/\/www.facebook.com\/SonoraEE"]}]}},"jetpack_featured_media_url":"https:\/\/www.sonoraenequipo.com.mx\/storage\/2022\/02\/Arriba-Brigada-Internacional-a-Puerto-Penasco-0222120a_opt.jpg","_links":{"self":[{"href":"https:\/\/www.sonoraenequipo.com.mx\/api\/wp\/v2\/posts\/133531","targetHints":{"allow":["GET"]}}],"collection":[{"href":"https:\/\/www.sonoraenequipo.com.mx\/api\/wp\/v2\/posts"}],"about":[{"href":"https:\/\/www.sonoraenequipo.com.mx\/api\/wp\/v2\/types\/post"}],"author":[{"embeddable":true,"href":"https:\/\/www.sonoraenequipo.com.mx\/api\/wp\/v2\/users\/1"}],"replies":[{"embeddable":true,"href":"https:\/\/www.sonoraenequipo.com.mx\/api\/wp\/v2\/comments?post=133531"}],"version-history":[{"count":1,"href":"https:\/\/www.sonoraenequipo.com.mx\/api\/wp\/v2\/posts\/133531\/revisions"}],"predecessor-version":[{"id":133532,"href":"https:\/\/www.sonoraenequipo.com.mx\/api\/wp\/v2\/posts\/133531\/revisions\/133532"}],"wp:featuredmedia":[{"embeddable":true,"href":"https:\/\/www.sonoraenequipo.com.mx\/api\/wp\/v2\/media\/133534"}],"wp:attachment":[{"href":"https:\/\/www.sonoraenequipo.com.mx\/api\/wp\/v2\/media?parent=133531"}],"wp:term":[{"taxonomy":"category","embeddable":true,"href":"https:\/\/www.sonoraenequipo.com.mx\/api\/wp\/v2\/categories?post=133531"},{"taxonomy":"post_tag","embeddable":true,"href":"https:\/\/www.sonoraenequipo.com.mx\/api\/wp\/v2\/tags?post=133531"}],"curies":[{"name":"wp","href":"https:\/\/api.w.org\/{rel}","templated":true}]}}