{"id":133544,"date":"2022-02-21T13:02:34","date_gmt":"2022-02-21T20:02:34","guid":{"rendered":"https:\/\/www.sonoraenequipo.com.mx\/?p=133544"},"modified":"2022-02-21T21:40:03","modified_gmt":"2022-02-22T04:40:03","slug":"sec-impulsara-nuevamente-valores-civicos-en-estudiantes-subsecretario-de-educacion-basica","status":"publish","type":"post","link":"https:\/\/www.sonoraenequipo.com.mx\/sec-impulsara-nuevamente-valores-civicos-en-estudiantes-subsecretario-de-educacion-basica\/","title":{"rendered":"SEC impulsar\u00e1 nuevamente valores c\u00edvicos en estudiantes: subsecretario de Educaci\u00f3n B\u00e1sica."},"content":{"rendered":"<p>HERMOSILLO, SONORA. MX. \u2014 Para formar hombres y mujeres comprometidos con su pa\u00eds, la Secretar\u00eda de Educaci\u00f3n y Cultura (SEC), con el apoyo de los docentes, impulsar\u00e1 nuevamente estrategias que fomenten valores c\u00edvicos y de respeto a los s\u00edmbolos patrios entre los estudiantes.<\/p>\n<p>&nbsp;<\/p>\n<p> <\/p>\n<p>Durante la ceremonia de Lunes C\u00edvicos realizada en la Telesecundaria No. 186, ubicada en la localidad de San Pedro El Saucito, el subsecretario de Educaci\u00f3n B\u00e1sica, Ricardo Arag\u00f3n P\u00e9rez, mencion\u00f3 la alta responsabilidad que representa la formaci\u00f3n de ciudadanos responsables.<\/p>\n<p>&nbsp;<\/p>\n<p>Desde que ingresan a las aulas en nivel preescolar, dijo, inicia la ardua labor de inculcarles el conocimiento de la historia de M\u00e9xico y el proceso a trav\u00e9s del cual alcanzamos la soberan\u00eda que hoy distingue a la naci\u00f3n y se identifica por medio de los s\u00edmbolos patrios, como la Bandera.<\/p>\n<p>&nbsp;<\/p>\n<p>En la ceremonia, en la que participaron alumnos, docentes y directivos escolares, se rindi\u00f3 homenaje al L\u00e1baro Patrio como s\u00edmbolo de independencia, libertad, soberan\u00eda, democracia, identidad, pero sobre todo de unidad entre los mexicanos.<\/p>\n<p>&nbsp;<\/p>\n<p>Arag\u00f3n P\u00e9rez resalt\u00f3 que el lienzo tricolor es una de las herencias hist\u00f3ricas m\u00e1s importantes, que recuerda el sacrificio hecho por miles de mexicanos que dieron sus vidas para que el pa\u00eds alcanzar la democracia, el desarrollo y el bienestar al que tienen acceso las nuevas generaciones.<\/p>\n<p>&nbsp;<\/p>\n<p><em>\u201cMostrar respeto a la ense\u00f1a nacional es una oportunidad para reconocernos como mexicanos y debe recordarnos que tenemos el valor, la capacidad y la fuerza para enfrentar cualquier desaf\u00edo\u201d<\/em>, enfatiz\u00f3.<\/p>\n<p>&nbsp;<\/p>\n<p>Finalmente, el funcionario estatal alent\u00f3 a la comunidad escolar y a la sociedad en general, a participar activa y responsablemente en la construcci\u00f3n de un entorno que ofrezca mejores oportunidades de desarrollo para los sonorenses, mediante el respeto a los valores y derechos humanos.<\/p>\n<p>&nbsp;<\/p>\n<p>&nbsp;<\/p>\n<p>(Publicada el 21\/02\/2022 \/Con informaci\u00f3n de GOBSON 0222124 )<\/p>\n","protected":false},"excerpt":{"rendered":"<p>HERMOSILLO, SONORA. MX. \u2014 Para formar hombres y mujeres comprometidos con su pa\u00eds, la Secretar\u00eda&#8230;<\/p>\n","protected":false},"author":1,"featured_media":133545,"comment_status":"open","ping_status":"open","sticky":false,"template":"","format":"standard","meta":{"_monsterinsights_skip_tracking":false,"_monsterinsights_sitenote_active":false,"_monsterinsights_sitenote_note":"","_monsterinsights_sitenote_category":0,"footnotes":""},"categories":[22],"tags":[],"class_list":["post"],"yoast_head":" \n<title>Sonora en Equipo. SEC impulsar\u00e1 nuevamente valores c\u00edvicos en estudiantes: subsecretario de Educaci\u00f3n B\u00e1sica. Sonora<\/title>\n<meta name=\"description\" content=\"HERMOSILLO, SONORA. MX. \u2014 Para formar hombres y mujeres comprometidos con su pa\u00eds, la Secretar\u00eda de Educaci\u00f3n y Cultura (SEC), con el apoyo de los En Sonora en Equipo publicamos toda la informaci\u00f3n de Sonora, M\u00e9xico y el Mundo de manera oportuna y busca que la libertad de expresi\u00f3n sea real. Visita nuestro medio informativo publicado desde Hermosillo, Sonora. %\" \/>\n<meta name=\"robots\" content=\"index, follow, max-snippet:-1, max-image-preview:large, max-video-preview:-1\" \/>\n<link rel=\"canonical\" href=\"https:\/\/www.sonoraenequipo.com.mx\/sec-impulsara-nuevamente-valores-civicos-en-estudiantes-subsecretario-de-educacion-basica\/\" \/>\n<meta property=\"og:locale\" content=\"es_ES\" \/>\n<meta property=\"og:type\" content=\"article\" \/>\n<meta property=\"og:title\" content=\"Sonora en Equipo. SEC impulsar\u00e1 nuevamente valores c\u00edvicos en estudiantes: subsecretario de Educaci\u00f3n B\u00e1sica. Sonora\" \/>\n<meta property=\"og:description\" content=\"HERMOSILLO, SONORA. MX. \u2014 Para formar hombres y mujeres comprometidos con su pa\u00eds, la Secretar\u00eda de Educaci\u00f3n y Cultura (SEC), con el apoyo de los En Sonora en Equipo publicamos toda la informaci\u00f3n de Sonora, M\u00e9xico y el Mundo de manera oportuna y busca que la libertad de expresi\u00f3n sea real. Visita nuestro medio informativo publicado desde Hermosillo, Sonora. %\" \/>\n<meta property=\"og:url\" content=\"https:\/\/www.sonoraenequipo.com.mx\/sec-impulsara-nuevamente-valores-civicos-en-estudiantes-subsecretario-de-educacion-basica\/\" \/>\n<meta property=\"og:site_name\" content=\"Sonora en Equipo.\" \/>\n<meta property=\"article:publisher\" content=\"https:\/\/www.facebook.com\/SonoraEE\/\" \/>\n<meta property=\"article:author\" content=\"https:\/\/www.facebook.com\/SonoraEE\" \/>\n<meta property=\"article:published_time\" content=\"2022-02-21T20:02:34+00:00\" \/>\n<meta property=\"article:modified_time\" content=\"2022-02-22T04:40:03+00:00\" \/>\n<meta property=\"og:image\" content=\"https:\/\/www.sonoraenequipo.com.mx\/storage\/2022\/02\/0222124bSEC-impulsara-nuevamente-valores-civicos_opt.jpg\" \/>\n\t<meta property=\"og:image:width\" content=\"700\" \/>\n\t<meta property=\"og:image:height\" content=\"400\" \/>\n\t<meta property=\"og:image:type\" content=\"image\/jpeg\" \/>\n<meta name=\"author\" content=\"enequipo\" \/>\n<meta name=\"twitter:card\" content=\"summary_large_image\" \/>\n<meta name=\"twitter:creator\" content=\"@sonoraenequipo\" \/>\n<meta name=\"twitter:site\" content=\"@sonoraenequipo\" \/>\n<meta name=\"twitter:label1\" content=\"Escrito por\" \/>\n\t<meta name=\"twitter:data1\" content=\"enequipo\" \/>\n\t<meta name=\"twitter:label2\" content=\"Tiempo de lectura\" \/>\n\t<meta name=\"twitter:data2\" content=\"2 minutos\" \/>\n<script type=\"application\/ld+json\" class=\"yoast-schema-graph\">{\"@context\":\"https:\/\/schema.org\",\"@graph\":[{\"@type\":\"Article\",\"@id\":\"https:\/\/www.sonoraenequipo.com.mx\/sec-impulsara-nuevamente-valores-civicos-en-estudiantes-subsecretario-de-educacion-basica\/#article\",\"isPartOf\":{\"@id\":\"https:\/\/www.sonoraenequipo.com.mx\/sec-impulsara-nuevamente-valores-civicos-en-estudiantes-subsecretario-de-educacion-basica\/\"},\"author\":{\"name\":\"enequipo\",\"@id\":\"https:\/\/www.sonoraenequipo.com.mx\/#\/schema\/person\/50102df0fb23a8fa9e8effad8fa81386\"},\"headline\":\"SEC impulsar\u00e1 nuevamente valores c\u00edvicos en estudiantes: subsecretario de Educaci\u00f3n B\u00e1sica.\",\"datePublished\":\"2022-02-21T20:02:34+00:00\",\"dateModified\":\"2022-02-22T04:40:03+00:00\",\"mainEntityOfPage\":{\"@id\":\"https:\/\/www.sonoraenequipo.com.mx\/sec-impulsara-nuevamente-valores-civicos-en-estudiantes-subsecretario-de-educacion-basica\/\"},\"wordCount\":343,\"commentCount\":0,\"publisher\":{\"@id\":\"https:\/\/www.sonoraenequipo.com.mx\/#organization\"},\"image\":{\"@id\":\"https:\/\/www.sonoraenequipo.com.mx\/sec-impulsara-nuevamente-valores-civicos-en-estudiantes-subsecretario-de-educacion-basica\/#primaryimage\"},\"thumbnailUrl\":\"https:\/\/www.sonoraenequipo.com.mx\/storage\/2022\/02\/0222124bSEC-impulsara-nuevamente-valores-civicos_opt.jpg\",\"articleSection\":[\"Sonora\"],\"inLanguage\":\"es\",\"potentialAction\":[{\"@type\":\"CommentAction\",\"name\":\"Comment\",\"target\":[\"https:\/\/www.sonoraenequipo.com.mx\/sec-impulsara-nuevamente-valores-civicos-en-estudiantes-subsecretario-de-educacion-basica\/#respond\"]}]},{\"@type\":\"WebPage\",\"@id\":\"https:\/\/www.sonoraenequipo.com.mx\/sec-impulsara-nuevamente-valores-civicos-en-estudiantes-subsecretario-de-educacion-basica\/\",\"url\":\"https:\/\/www.sonoraenequipo.com.mx\/sec-impulsara-nuevamente-valores-civicos-en-estudiantes-subsecretario-de-educacion-basica\/\",\"name\":\"Sonora en Equipo. SEC impulsar\u00e1 nuevamente valores c\u00edvicos en estudiantes: subsecretario de Educaci\u00f3n B\u00e1sica. Sonora\",\"isPartOf\":{\"@id\":\"https:\/\/www.sonoraenequipo.com.mx\/#website\"},\"primaryImageOfPage\":{\"@id\":\"https:\/\/www.sonoraenequipo.com.mx\/sec-impulsara-nuevamente-valores-civicos-en-estudiantes-subsecretario-de-educacion-basica\/#primaryimage\"},\"image\":{\"@id\":\"https:\/\/www.sonoraenequipo.com.mx\/sec-impulsara-nuevamente-valores-civicos-en-estudiantes-subsecretario-de-educacion-basica\/#primaryimage\"},\"thumbnailUrl\":\"https:\/\/www.sonoraenequipo.com.mx\/storage\/2022\/02\/0222124bSEC-impulsara-nuevamente-valores-civicos_opt.jpg\",\"datePublished\":\"2022-02-21T20:02:34+00:00\",\"dateModified\":\"2022-02-22T04:40:03+00:00\",\"description\":\"HERMOSILLO, SONORA. MX. \u2014 Para formar hombres y mujeres comprometidos con su pa\u00eds, la Secretar\u00eda de Educaci\u00f3n y Cultura (SEC), con el apoyo de los En Sonora en Equipo publicamos toda la informaci\u00f3n de Sonora, M\u00e9xico y el Mundo de manera oportuna y busca que la libertad de expresi\u00f3n sea real. Visita nuestro medio informativo publicado desde Hermosillo, Sonora. %\",\"breadcrumb\":{\"@id\":\"https:\/\/www.sonoraenequipo.com.mx\/sec-impulsara-nuevamente-valores-civicos-en-estudiantes-subsecretario-de-educacion-basica\/#breadcrumb\"},\"inLanguage\":\"es\",\"potentialAction\":[{\"@type\":\"ReadAction\",\"target\":[\"https:\/\/www.sonoraenequipo.com.mx\/sec-impulsara-nuevamente-valores-civicos-en-estudiantes-subsecretario-de-educacion-basica\/\"]}]},{\"@type\":\"ImageObject\",\"inLanguage\":\"es\",\"@id\":\"https:\/\/www.sonoraenequipo.com.mx\/sec-impulsara-nuevamente-valores-civicos-en-estudiantes-subsecretario-de-educacion-basica\/#primaryimage\",\"url\":\"https:\/\/www.sonoraenequipo.com.mx\/storage\/2022\/02\/0222124bSEC-impulsara-nuevamente-valores-civicos_opt.jpg\",\"contentUrl\":\"https:\/\/www.sonoraenequipo.com.mx\/storage\/2022\/02\/0222124bSEC-impulsara-nuevamente-valores-civicos_opt.jpg\",\"width\":700,\"height\":400},{\"@type\":\"BreadcrumbList\",\"@id\":\"https:\/\/www.sonoraenequipo.com.mx\/sec-impulsara-nuevamente-valores-civicos-en-estudiantes-subsecretario-de-educacion-basica\/#breadcrumb\",\"itemListElement\":[{\"@type\":\"ListItem\",\"position\":1,\"name\":\"Portada\",\"item\":\"https:\/\/www.sonoraenequipo.com.mx\/\"},{\"@type\":\"ListItem\",\"position\":2,\"name\":\"SEC impulsar\u00e1 nuevamente valores c\u00edvicos en estudiantes: subsecretario de Educaci\u00f3n B\u00e1sica.\"}]},{\"@type\":\"WebSite\",\"@id\":\"https:\/\/www.sonoraenequipo.com.mx\/#website\",\"url\":\"https:\/\/www.sonoraenequipo.com.mx\/\",\"name\":\"Sonora en Equipo.\",\"description\":\"Diario en l\u00ednea con Noticias desde Hermosillo, Sonora\",\"publisher\":{\"@id\":\"https:\/\/www.sonoraenequipo.com.mx\/#organization\"},\"potentialAction\":[{\"@type\":\"SearchAction\",\"target\":{\"@type\":\"EntryPoint\",\"urlTemplate\":\"https:\/\/www.sonoraenequipo.com.mx\/?s={search_term_string}\"},\"query-input\":{\"@type\":\"PropertyValueSpecification\",\"valueRequired\":true,\"valueName\":\"search_term_string\"}}],\"inLanguage\":\"es\"},{\"@type\":\"Organization\",\"@id\":\"https:\/\/www.sonoraenequipo.com.mx\/#organization\",\"name\":\"Sonoraenequipo.com.mx\",\"url\":\"https:\/\/www.sonoraenequipo.com.mx\/\",\"logo\":{\"@type\":\"ImageObject\",\"inLanguage\":\"es\",\"@id\":\"https:\/\/www.sonoraenequipo.com.mx\/#\/schema\/logo\/image\/\",\"url\":\"https:\/\/www.sonoraenequipo.com.mx\/storage\/2019\/01\/sonoraenequipo_opt.png\",\"contentUrl\":\"https:\/\/www.sonoraenequipo.com.mx\/storage\/2019\/01\/sonoraenequipo_opt.png\",\"width\":375,\"height\":125,\"caption\":\"Sonoraenequipo.com.mx\"},\"image\":{\"@id\":\"https:\/\/www.sonoraenequipo.com.mx\/#\/schema\/logo\/image\/\"},\"sameAs\":[\"https:\/\/www.facebook.com\/SonoraEE\/\",\"https:\/\/x.com\/sonoraenequipo\",\"https:\/\/www.youtube.com\/channel\/UC338nW-lPEYmJQs4ZABQ1SQ\"]},{\"@type\":\"Person\",\"@id\":\"https:\/\/www.sonoraenequipo.com.mx\/#\/schema\/person\/50102df0fb23a8fa9e8effad8fa81386\",\"name\":\"enequipo\",\"image\":{\"@type\":\"ImageObject\",\"inLanguage\":\"es\",\"@id\":\"https:\/\/www.sonoraenequipo.com.mx\/#\/schema\/person\/image\/\",\"url\":\"https:\/\/secure.gravatar.com\/avatar\/049821681b589dabc0bc20695993ccebb09f5b5d4d790cd9251b97faac7c652b?s=96&d=blank&r=g\",\"contentUrl\":\"https:\/\/secure.gravatar.com\/avatar\/049821681b589dabc0bc20695993ccebb09f5b5d4d790cd9251b97faac7c652b?s=96&d=blank&r=g\",\"caption\":\"enequipo\"},\"sameAs\":[\"https:\/\/www.facebook.com\/SonoraEE\"]}]}<\/script>\n ","yoast_head_json":{"title":"Sonora en Equipo. SEC impulsar\u00e1 nuevamente valores c\u00edvicos en estudiantes: subsecretario de Educaci\u00f3n B\u00e1sica. Sonora","description":"HERMOSILLO, SONORA. MX. \u2014 Para formar hombres y mujeres comprometidos con su pa\u00eds, la Secretar\u00eda de Educaci\u00f3n y Cultura (SEC), con el apoyo de los En Sonora en Equipo publicamos toda la informaci\u00f3n de Sonora, M\u00e9xico y el Mundo de manera oportuna y busca que la libertad de expresi\u00f3n sea real. Visita nuestro medio informativo publicado desde Hermosillo, Sonora. %","robots":{"index":"index","follow":"follow","max-snippet":"max-snippet:-1","max-image-preview":"max-image-preview:large","max-video-preview":"max-video-preview:-1"},"canonical":"https:\/\/www.sonoraenequipo.com.mx\/sec-impulsara-nuevamente-valores-civicos-en-estudiantes-subsecretario-de-educacion-basica\/","og_locale":"es_ES","og_type":"article","og_title":"Sonora en Equipo. SEC impulsar\u00e1 nuevamente valores c\u00edvicos en estudiantes: subsecretario de Educaci\u00f3n B\u00e1sica. Sonora","og_description":"HERMOSILLO, SONORA. MX. \u2014 Para formar hombres y mujeres comprometidos con su pa\u00eds, la Secretar\u00eda de Educaci\u00f3n y Cultura (SEC), con el apoyo de los En Sonora en Equipo publicamos toda la informaci\u00f3n de Sonora, M\u00e9xico y el Mundo de manera oportuna y busca que la libertad de expresi\u00f3n sea real. Visita nuestro medio informativo publicado desde Hermosillo, Sonora. %","og_url":"https:\/\/www.sonoraenequipo.com.mx\/sec-impulsara-nuevamente-valores-civicos-en-estudiantes-subsecretario-de-educacion-basica\/","og_site_name":"Sonora en Equipo.","article_publisher":"https:\/\/www.facebook.com\/SonoraEE\/","article_author":"https:\/\/www.facebook.com\/SonoraEE","article_published_time":"2022-02-21T20:02:34+00:00","article_modified_time":"2022-02-22T04:40:03+00:00","og_image":[{"width":700,"height":400,"url":"https:\/\/www.sonoraenequipo.com.mx\/storage\/2022\/02\/0222124bSEC-impulsara-nuevamente-valores-civicos_opt.jpg","type":"image\/jpeg"}],"author":"enequipo","twitter_card":"summary_large_image","twitter_creator":"@sonoraenequipo","twitter_site":"@sonoraenequipo","twitter_misc":{"Escrito por":"enequipo","Tiempo de lectura":"2 minutos"},"schema":{"@context":"https:\/\/schema.org","@graph":[{"@type":"Article","@id":"https:\/\/www.sonoraenequipo.com.mx\/sec-impulsara-nuevamente-valores-civicos-en-estudiantes-subsecretario-de-educacion-basica\/#article","isPartOf":{"@id":"https:\/\/www.sonoraenequipo.com.mx\/sec-impulsara-nuevamente-valores-civicos-en-estudiantes-subsecretario-de-educacion-basica\/"},"author":{"name":"enequipo","@id":"https:\/\/www.sonoraenequipo.com.mx\/#\/schema\/person\/50102df0fb23a8fa9e8effad8fa81386"},"headline":"SEC impulsar\u00e1 nuevamente valores c\u00edvicos en estudiantes: subsecretario de Educaci\u00f3n B\u00e1sica.","datePublished":"2022-02-21T20:02:34+00:00","dateModified":"2022-02-22T04:40:03+00:00","mainEntityOfPage":{"@id":"https:\/\/www.sonoraenequipo.com.mx\/sec-impulsara-nuevamente-valores-civicos-en-estudiantes-subsecretario-de-educacion-basica\/"},"wordCount":343,"commentCount":0,"publisher":{"@id":"https:\/\/www.sonoraenequipo.com.mx\/#organization"},"image":{"@id":"https:\/\/www.sonoraenequipo.com.mx\/sec-impulsara-nuevamente-valores-civicos-en-estudiantes-subsecretario-de-educacion-basica\/#primaryimage"},"thumbnailUrl":"https:\/\/www.sonoraenequipo.com.mx\/storage\/2022\/02\/0222124bSEC-impulsara-nuevamente-valores-civicos_opt.jpg","articleSection":["Sonora"],"inLanguage":"es","potentialAction":[{"@type":"CommentAction","name":"Comment","target":["https:\/\/www.sonoraenequipo.com.mx\/sec-impulsara-nuevamente-valores-civicos-en-estudiantes-subsecretario-de-educacion-basica\/#respond"]}]},{"@type":"WebPage","@id":"https:\/\/www.sonoraenequipo.com.mx\/sec-impulsara-nuevamente-valores-civicos-en-estudiantes-subsecretario-de-educacion-basica\/","url":"https:\/\/www.sonoraenequipo.com.mx\/sec-impulsara-nuevamente-valores-civicos-en-estudiantes-subsecretario-de-educacion-basica\/","name":"Sonora en Equipo. SEC impulsar\u00e1 nuevamente valores c\u00edvicos en estudiantes: subsecretario de Educaci\u00f3n B\u00e1sica. Sonora","isPartOf":{"@id":"https:\/\/www.sonoraenequipo.com.mx\/#website"},"primaryImageOfPage":{"@id":"https:\/\/www.sonoraenequipo.com.mx\/sec-impulsara-nuevamente-valores-civicos-en-estudiantes-subsecretario-de-educacion-basica\/#primaryimage"},"image":{"@id":"https:\/\/www.sonoraenequipo.com.mx\/sec-impulsara-nuevamente-valores-civicos-en-estudiantes-subsecretario-de-educacion-basica\/#primaryimage"},"thumbnailUrl":"https:\/\/www.sonoraenequipo.com.mx\/storage\/2022\/02\/0222124bSEC-impulsara-nuevamente-valores-civicos_opt.jpg","datePublished":"2022-02-21T20:02:34+00:00","dateModified":"2022-02-22T04:40:03+00:00","description":"HERMOSILLO, SONORA. MX. \u2014 Para formar hombres y mujeres comprometidos con su pa\u00eds, la Secretar\u00eda de Educaci\u00f3n y Cultura (SEC), con el apoyo de los En Sonora en Equipo publicamos toda la informaci\u00f3n de Sonora, M\u00e9xico y el Mundo de manera oportuna y busca que la libertad de expresi\u00f3n sea real. Visita nuestro medio informativo publicado desde Hermosillo, Sonora. %","breadcrumb":{"@id":"https:\/\/www.sonoraenequipo.com.mx\/sec-impulsara-nuevamente-valores-civicos-en-estudiantes-subsecretario-de-educacion-basica\/#breadcrumb"},"inLanguage":"es","potentialAction":[{"@type":"ReadAction","target":["https:\/\/www.sonoraenequipo.com.mx\/sec-impulsara-nuevamente-valores-civicos-en-estudiantes-subsecretario-de-educacion-basica\/"]}]},{"@type":"ImageObject","inLanguage":"es","@id":"https:\/\/www.sonoraenequipo.com.mx\/sec-impulsara-nuevamente-valores-civicos-en-estudiantes-subsecretario-de-educacion-basica\/#primaryimage","url":"https:\/\/www.sonoraenequipo.com.mx\/storage\/2022\/02\/0222124bSEC-impulsara-nuevamente-valores-civicos_opt.jpg","contentUrl":"https:\/\/www.sonoraenequipo.com.mx\/storage\/2022\/02\/0222124bSEC-impulsara-nuevamente-valores-civicos_opt.jpg","width":700,"height":400},{"@type":"BreadcrumbList","@id":"https:\/\/www.sonoraenequipo.com.mx\/sec-impulsara-nuevamente-valores-civicos-en-estudiantes-subsecretario-de-educacion-basica\/#breadcrumb","itemListElement":[{"@type":"ListItem","position":1,"name":"Portada","item":"https:\/\/www.sonoraenequipo.com.mx\/"},{"@type":"ListItem","position":2,"name":"SEC impulsar\u00e1 nuevamente valores c\u00edvicos en estudiantes: subsecretario de Educaci\u00f3n B\u00e1sica."}]},{"@type":"WebSite","@id":"https:\/\/www.sonoraenequipo.com.mx\/#website","url":"https:\/\/www.sonoraenequipo.com.mx\/","name":"Sonora en Equipo.","description":"Diario en l\u00ednea con Noticias desde Hermosillo, Sonora","publisher":{"@id":"https:\/\/www.sonoraenequipo.com.mx\/#organization"},"potentialAction":[{"@type":"SearchAction","target":{"@type":"EntryPoint","urlTemplate":"https:\/\/www.sonoraenequipo.com.mx\/?s={search_term_string}"},"query-input":{"@type":"PropertyValueSpecification","valueRequired":true,"valueName":"search_term_string"}}],"inLanguage":"es"},{"@type":"Organization","@id":"https:\/\/www.sonoraenequipo.com.mx\/#organization","name":"Sonoraenequipo.com.mx","url":"https:\/\/www.sonoraenequipo.com.mx\/","logo":{"@type":"ImageObject","inLanguage":"es","@id":"https:\/\/www.sonoraenequipo.com.mx\/#\/schema\/logo\/image\/","url":"https:\/\/www.sonoraenequipo.com.mx\/storage\/2019\/01\/sonoraenequipo_opt.png","contentUrl":"https:\/\/www.sonoraenequipo.com.mx\/storage\/2019\/01\/sonoraenequipo_opt.png","width":375,"height":125,"caption":"Sonoraenequipo.com.mx"},"image":{"@id":"https:\/\/www.sonoraenequipo.com.mx\/#\/schema\/logo\/image\/"},"sameAs":["https:\/\/www.facebook.com\/SonoraEE\/","https:\/\/x.com\/sonoraenequipo","https:\/\/www.youtube.com\/channel\/UC338nW-lPEYmJQs4ZABQ1SQ"]},{"@type":"Person","@id":"https:\/\/www.sonoraenequipo.com.mx\/#\/schema\/person\/50102df0fb23a8fa9e8effad8fa81386","name":"enequipo","image":{"@type":"ImageObject","inLanguage":"es","@id":"https:\/\/www.sonoraenequipo.com.mx\/#\/schema\/person\/image\/","url":"https:\/\/secure.gravatar.com\/avatar\/049821681b589dabc0bc20695993ccebb09f5b5d4d790cd9251b97faac7c652b?s=96&d=blank&r=g","contentUrl":"https:\/\/secure.gravatar.com\/avatar\/049821681b589dabc0bc20695993ccebb09f5b5d4d790cd9251b97faac7c652b?s=96&d=blank&r=g","caption":"enequipo"},"sameAs":["https:\/\/www.facebook.com\/SonoraEE"]}]}},"jetpack_featured_media_url":"https:\/\/www.sonoraenequipo.com.mx\/storage\/2022\/02\/0222124bSEC-impulsara-nuevamente-valores-civicos_opt.jpg","_links":{"self":[{"href":"https:\/\/www.sonoraenequipo.com.mx\/api\/wp\/v2\/posts\/133544","targetHints":{"allow":["GET"]}}],"collection":[{"href":"https:\/\/www.sonoraenequipo.com.mx\/api\/wp\/v2\/posts"}],"about":[{"href":"https:\/\/www.sonoraenequipo.com.mx\/api\/wp\/v2\/types\/post"}],"author":[{"embeddable":true,"href":"https:\/\/www.sonoraenequipo.com.mx\/api\/wp\/v2\/users\/1"}],"replies":[{"embeddable":true,"href":"https:\/\/www.sonoraenequipo.com.mx\/api\/wp\/v2\/comments?post=133544"}],"version-history":[{"count":1,"href":"https:\/\/www.sonoraenequipo.com.mx\/api\/wp\/v2\/posts\/133544\/revisions"}],"predecessor-version":[{"id":133546,"href":"https:\/\/www.sonoraenequipo.com.mx\/api\/wp\/v2\/posts\/133544\/revisions\/133546"}],"wp:featuredmedia":[{"embeddable":true,"href":"https:\/\/www.sonoraenequipo.com.mx\/api\/wp\/v2\/media\/133545"}],"wp:attachment":[{"href":"https:\/\/www.sonoraenequipo.com.mx\/api\/wp\/v2\/media?parent=133544"}],"wp:term":[{"taxonomy":"category","embeddable":true,"href":"https:\/\/www.sonoraenequipo.com.mx\/api\/wp\/v2\/categories?post=133544"},{"taxonomy":"post_tag","embeddable":true,"href":"https:\/\/www.sonoraenequipo.com.mx\/api\/wp\/v2\/tags?post=133544"}],"curies":[{"name":"wp","href":"https:\/\/api.w.org\/{rel}","templated":true}]}}