{"id":133547,"date":"2022-02-21T08:15:15","date_gmt":"2022-02-21T15:15:15","guid":{"rendered":"https:\/\/www.sonoraenequipo.com.mx\/?p=133547"},"modified":"2022-02-21T22:24:56","modified_gmt":"2022-02-22T05:24:56","slug":"putin-anuncio-este-21-de-febrero-a-francia-y-alemania-la-intencion-de-reconocer-la-independencia-de-las-regiones-separatistas-de-ucrania","status":"publish","type":"post","link":"https:\/\/www.sonoraenequipo.com.mx\/putin-anuncio-este-21-de-febrero-a-francia-y-alemania-la-intencion-de-reconocer-la-independencia-de-las-regiones-separatistas-de-ucrania\/","title":{"rendered":"Putin anunci\u00f3 la intenci\u00f3n de reconocer la independencia de las regiones separatistas de Ucrania."},"content":{"rendered":"<p>MOSC\u00da, RUSIA. \u2014 El presidente ruso Vladimir Putin se\u00f1al\u00f3 que podr\u00eda reconocer como independientes las regiones separatistas ucranianas respaldadas por Rusia, una medida agresiva que probablemente bloquear\u00eda un intento de \u00faltima hora para celebrar una cumbre que evite un conflicto armado. El presidente de Francia, Emmanuel Macron, convoc\u00f3 a una reuni\u00f3n de emergencia del Consejo de Seguridad de su pa\u00eds.<\/p>\n<p>&nbsp;<\/p>\n<p> <\/p>\n<p>La diplomacia para solucionar la crisis ruso-ucraniana pende de un hilo. Pese a semanas de negociaciones de alto nivel entre Occidente y Mosc\u00fa, a\u00fan no hay una salida a la crisis, mientras escalan las acciones armadas en zonas del este de Ucrania, controladas por los separatistas prorrusos.<\/p>\n<p>&nbsp;<\/p>\n<p><strong>Donetsk y Lugansk podr\u00edan ser reconocidas como independientes por Putin<\/strong><\/p>\n<p>&nbsp;<\/p>\n<p>El presidente ruso, Vladimir Putin, finalmente se presta a dar uno de los pasos que m\u00e1s han temido Kiev y Occidente: el reconocimiento formal de la independencia de las autoproclamadas rep\u00fablicas de Donetsk y Lugansk, en el este de Ucrania.<\/p>\n<p>&nbsp;<\/p>\n<p>Esa medida se vislumbra como uno de los peores escenarios para la actual escalada entre Mosc\u00fa y Kiev y aumenta las alarmas por una posible invasi\u00f3n rusa a territorio ucraniano.<\/p>\n<p>&nbsp;<\/p>\n<p>Seg\u00fan informaci\u00f3n de inteligencia citada por Washington, ahora Rusia estar\u00eda lista para proceder con un ataque contra su vecino pa\u00eds, que ha quedado en una fr\u00e1gil posici\u00f3n.<\/p>\n<p>&nbsp;<\/p>\n<p>La joven naci\u00f3n que surgi\u00f3 como rep\u00fablica independiente hace solo cerca de 30 a\u00f1os con la ca\u00edda de la Uni\u00f3n Sovi\u00e9tica tiene el gran desaf\u00edo de mantener su soberan\u00eda frente al poder\u00edo militar del Kremlin y ante un bloque occidental que por ahora no asegura que intervendr\u00e1 en el terreno, en caso de una invasi\u00f3n.<\/p>\n<p>&nbsp;<\/p>\n<p>Las sospechas han aumentado en medio de las evacuaciones hacia Rusia de cientos de residentes prorrusos en las zonas secesionistas, que inici\u00f3 desde el pasado viernes 18 de febrero. De hecho, Mosc\u00fa inform\u00f3 en las \u00faltimas horas que ha recibido m\u00e1s de 60.000 personas que clasific\u00f3 como \u201crefugiados\u201d desde el este ucraniano.<\/p>\n<p>&nbsp;<\/p>\n<p>De acuerdo con las estimaciones de Estados Unidos, para este momento Rusia ha reunido entre 169.000 y 190.000 tropas a lo largo de las fronteras de Ucrania, incluidos los rebeldes prorrusos en la regi\u00f3n del Donbass, este ucraniano, y podr\u00eda invadirla en cuesti\u00f3n de d\u00edas.<\/p>\n<p>&nbsp;<\/p>\n<p>De corroborar la independencia de las \u00e1reas controladas desde 2014 por los rebeldes de habla rusa, Mosc\u00fa estar\u00eda formando el escenario perfecto o el \u201cpretexto\u201d, se\u00f1ala EE. UU., para que el Ej\u00e9rcito ruso cruce la frontera hacia esas \u00e1reas.<\/p>\n<p>&nbsp;<\/p>\n<p>&nbsp;<\/p>\n<p>Aunque el Gobierno de Putin ha negado de forma reiterada que planee atacar a Kiev, ha amenazado con acciones \u00abt\u00e9cnico-militares\u00bb no especificadas a menos de que reciba amplias garant\u00edas de seguridad.<\/p>\n<p>&nbsp;<\/p>\n<p>Sus demandas est\u00e1n recogidas en la lista de exigencias que el pasado 17 de diciembre entreg\u00f3 a Estados Unidos y a la OTAN. Se destacan: las garant\u00edas de que Ucrania nunca se unir\u00eda a la alianza militar y que la organizaci\u00f3n repliegue sus tropas a donde se encontraban antes de 1997. Es decir, antes de que otras naciones exsovi\u00e9ticas se unieran como Bulgaria y Rumania.<\/p>\n<p>&nbsp;<\/p>\n<p>La cercan\u00eda de las tropas occidentales a su territorio ha sido justificada por Putin como una amenaza para su pa\u00eds. Aunque el Gobierno de Joe Biden se neg\u00f3 a cumplir con las exigencias del mandatario ruso, s\u00ed le ofreci\u00f3 negociar acuerdos de transparencia en la regi\u00f3n para rebajar sus preocupaciones.<\/p>\n<p>&nbsp;<\/p>\n<p>Sin embargo, ahora Putin parece evadir un posible encuentro directo con su hom\u00f3logo estadounidense, algo en lo que Washington mostr\u00f3 su disposici\u00f3n, tras la mediaci\u00f3n del mandatario franc\u00e9s, Emmanuel Macron, el domingo 20 de febrero.<\/p>\n<p>&nbsp;<\/p>\n<p>El Kremlin se limit\u00f3 a responder que hablar de una reuni\u00f3n entre los presidentes de las dos potencias es \u201cprematuro\u201d.<\/p>\n<p>&nbsp;<\/p>\n<p>&nbsp;<\/p>\n<p>(Publicada el 21\/02\/2022 \/ Con Reuters, AP y EFE)<\/p>\n","protected":false},"excerpt":{"rendered":"<p>MOSC\u00da, RUSIA. \u2014 El presidente ruso Vladimir Putin se\u00f1al\u00f3 que podr\u00eda reconocer como independientes las&#8230;<\/p>\n","protected":false},"author":1,"featured_media":0,"comment_status":"open","ping_status":"open","sticky":false,"template":"","format":"standard","meta":{"_monsterinsights_skip_tracking":false,"_monsterinsights_sitenote_active":false,"_monsterinsights_sitenote_note":"","_monsterinsights_sitenote_category":0,"footnotes":""},"categories":[3],"tags":[],"class_list":["post"],"yoast_head":" \n<title>Sonora en Equipo. Putin anunci\u00f3 la intenci\u00f3n de reconocer la independencia de las regiones separatistas de Ucrania. MUNDO<\/title>\n<meta name=\"description\" content=\"MOSC\u00da, RUSIA. \u2014 El presidente ruso Vladimir Putin se\u00f1al\u00f3 que podr\u00eda reconocer como independientes las regiones separatistas ucranianas respaldadas por En Sonora en Equipo publicamos toda la informaci\u00f3n de Sonora, M\u00e9xico y el Mundo de manera oportuna y busca que la libertad de expresi\u00f3n sea real. Visita nuestro medio informativo publicado desde Hermosillo, Sonora. %\" \/>\n<meta name=\"robots\" content=\"index, follow, max-snippet:-1, max-image-preview:large, max-video-preview:-1\" \/>\n<link rel=\"canonical\" href=\"https:\/\/www.sonoraenequipo.com.mx\/putin-anuncio-este-21-de-febrero-a-francia-y-alemania-la-intencion-de-reconocer-la-independencia-de-las-regiones-separatistas-de-ucrania\/\" \/>\n<meta property=\"og:locale\" content=\"es_ES\" \/>\n<meta property=\"og:type\" content=\"article\" \/>\n<meta property=\"og:title\" content=\"Sonora en Equipo. Putin anunci\u00f3 la intenci\u00f3n de reconocer la independencia de las regiones separatistas de Ucrania. MUNDO\" \/>\n<meta property=\"og:description\" content=\"MOSC\u00da, RUSIA. \u2014 El presidente ruso Vladimir Putin se\u00f1al\u00f3 que podr\u00eda reconocer como independientes las regiones separatistas ucranianas respaldadas por En Sonora en Equipo publicamos toda la informaci\u00f3n de Sonora, M\u00e9xico y el Mundo de manera oportuna y busca que la libertad de expresi\u00f3n sea real. Visita nuestro medio informativo publicado desde Hermosillo, Sonora. %\" \/>\n<meta property=\"og:url\" content=\"https:\/\/www.sonoraenequipo.com.mx\/putin-anuncio-este-21-de-febrero-a-francia-y-alemania-la-intencion-de-reconocer-la-independencia-de-las-regiones-separatistas-de-ucrania\/\" \/>\n<meta property=\"og:site_name\" content=\"Sonora en Equipo.\" \/>\n<meta property=\"article:publisher\" content=\"https:\/\/www.facebook.com\/SonoraEE\/\" \/>\n<meta property=\"article:author\" content=\"https:\/\/www.facebook.com\/SonoraEE\" \/>\n<meta property=\"article:published_time\" content=\"2022-02-21T15:15:15+00:00\" \/>\n<meta property=\"article:modified_time\" content=\"2022-02-22T05:24:56+00:00\" \/>\n<meta name=\"author\" content=\"enequipo\" \/>\n<meta name=\"twitter:card\" content=\"summary_large_image\" \/>\n<meta name=\"twitter:creator\" content=\"@sonoraenequipo\" \/>\n<meta name=\"twitter:site\" content=\"@sonoraenequipo\" \/>\n<meta name=\"twitter:label1\" content=\"Escrito por\" \/>\n\t<meta name=\"twitter:data1\" content=\"enequipo\" \/>\n\t<meta name=\"twitter:label2\" content=\"Tiempo de lectura\" \/>\n\t<meta name=\"twitter:data2\" content=\"3 minutos\" \/>\n<script type=\"application\/ld+json\" class=\"yoast-schema-graph\">{\"@context\":\"https:\/\/schema.org\",\"@graph\":[{\"@type\":\"Article\",\"@id\":\"https:\/\/www.sonoraenequipo.com.mx\/putin-anuncio-este-21-de-febrero-a-francia-y-alemania-la-intencion-de-reconocer-la-independencia-de-las-regiones-separatistas-de-ucrania\/#article\",\"isPartOf\":{\"@id\":\"https:\/\/www.sonoraenequipo.com.mx\/putin-anuncio-este-21-de-febrero-a-francia-y-alemania-la-intencion-de-reconocer-la-independencia-de-las-regiones-separatistas-de-ucrania\/\"},\"author\":{\"name\":\"enequipo\",\"@id\":\"https:\/\/www.sonoraenequipo.com.mx\/#\/schema\/person\/50102df0fb23a8fa9e8effad8fa81386\"},\"headline\":\"Putin anunci\u00f3 la intenci\u00f3n de reconocer la independencia de las regiones separatistas de Ucrania.\",\"datePublished\":\"2022-02-21T15:15:15+00:00\",\"dateModified\":\"2022-02-22T05:24:56+00:00\",\"mainEntityOfPage\":{\"@id\":\"https:\/\/www.sonoraenequipo.com.mx\/putin-anuncio-este-21-de-febrero-a-francia-y-alemania-la-intencion-de-reconocer-la-independencia-de-las-regiones-separatistas-de-ucrania\/\"},\"wordCount\":684,\"commentCount\":0,\"publisher\":{\"@id\":\"https:\/\/www.sonoraenequipo.com.mx\/#organization\"},\"articleSection\":[\"MUNDO\"],\"inLanguage\":\"es\",\"potentialAction\":[{\"@type\":\"CommentAction\",\"name\":\"Comment\",\"target\":[\"https:\/\/www.sonoraenequipo.com.mx\/putin-anuncio-este-21-de-febrero-a-francia-y-alemania-la-intencion-de-reconocer-la-independencia-de-las-regiones-separatistas-de-ucrania\/#respond\"]}]},{\"@type\":\"WebPage\",\"@id\":\"https:\/\/www.sonoraenequipo.com.mx\/putin-anuncio-este-21-de-febrero-a-francia-y-alemania-la-intencion-de-reconocer-la-independencia-de-las-regiones-separatistas-de-ucrania\/\",\"url\":\"https:\/\/www.sonoraenequipo.com.mx\/putin-anuncio-este-21-de-febrero-a-francia-y-alemania-la-intencion-de-reconocer-la-independencia-de-las-regiones-separatistas-de-ucrania\/\",\"name\":\"Sonora en Equipo. Putin anunci\u00f3 la intenci\u00f3n de reconocer la independencia de las regiones separatistas de Ucrania. MUNDO\",\"isPartOf\":{\"@id\":\"https:\/\/www.sonoraenequipo.com.mx\/#website\"},\"datePublished\":\"2022-02-21T15:15:15+00:00\",\"dateModified\":\"2022-02-22T05:24:56+00:00\",\"description\":\"MOSC\u00da, RUSIA. \u2014 El presidente ruso Vladimir Putin se\u00f1al\u00f3 que podr\u00eda reconocer como independientes las regiones separatistas ucranianas respaldadas por En Sonora en Equipo publicamos toda la informaci\u00f3n de Sonora, M\u00e9xico y el Mundo de manera oportuna y busca que la libertad de expresi\u00f3n sea real. Visita nuestro medio informativo publicado desde Hermosillo, Sonora. %\",\"breadcrumb\":{\"@id\":\"https:\/\/www.sonoraenequipo.com.mx\/putin-anuncio-este-21-de-febrero-a-francia-y-alemania-la-intencion-de-reconocer-la-independencia-de-las-regiones-separatistas-de-ucrania\/#breadcrumb\"},\"inLanguage\":\"es\",\"potentialAction\":[{\"@type\":\"ReadAction\",\"target\":[\"https:\/\/www.sonoraenequipo.com.mx\/putin-anuncio-este-21-de-febrero-a-francia-y-alemania-la-intencion-de-reconocer-la-independencia-de-las-regiones-separatistas-de-ucrania\/\"]}]},{\"@type\":\"BreadcrumbList\",\"@id\":\"https:\/\/www.sonoraenequipo.com.mx\/putin-anuncio-este-21-de-febrero-a-francia-y-alemania-la-intencion-de-reconocer-la-independencia-de-las-regiones-separatistas-de-ucrania\/#breadcrumb\",\"itemListElement\":[{\"@type\":\"ListItem\",\"position\":1,\"name\":\"Portada\",\"item\":\"https:\/\/www.sonoraenequipo.com.mx\/\"},{\"@type\":\"ListItem\",\"position\":2,\"name\":\"Putin anunci\u00f3 la intenci\u00f3n de reconocer la independencia de las regiones separatistas de Ucrania.\"}]},{\"@type\":\"WebSite\",\"@id\":\"https:\/\/www.sonoraenequipo.com.mx\/#website\",\"url\":\"https:\/\/www.sonoraenequipo.com.mx\/\",\"name\":\"Sonora en Equipo.\",\"description\":\"Diario en l\u00ednea con Noticias desde Hermosillo, Sonora\",\"publisher\":{\"@id\":\"https:\/\/www.sonoraenequipo.com.mx\/#organization\"},\"potentialAction\":[{\"@type\":\"SearchAction\",\"target\":{\"@type\":\"EntryPoint\",\"urlTemplate\":\"https:\/\/www.sonoraenequipo.com.mx\/?s={search_term_string}\"},\"query-input\":{\"@type\":\"PropertyValueSpecification\",\"valueRequired\":true,\"valueName\":\"search_term_string\"}}],\"inLanguage\":\"es\"},{\"@type\":\"Organization\",\"@id\":\"https:\/\/www.sonoraenequipo.com.mx\/#organization\",\"name\":\"Sonoraenequipo.com.mx\",\"url\":\"https:\/\/www.sonoraenequipo.com.mx\/\",\"logo\":{\"@type\":\"ImageObject\",\"inLanguage\":\"es\",\"@id\":\"https:\/\/www.sonoraenequipo.com.mx\/#\/schema\/logo\/image\/\",\"url\":\"https:\/\/www.sonoraenequipo.com.mx\/storage\/2019\/01\/sonoraenequipo_opt.png\",\"contentUrl\":\"https:\/\/www.sonoraenequipo.com.mx\/storage\/2019\/01\/sonoraenequipo_opt.png\",\"width\":375,\"height\":125,\"caption\":\"Sonoraenequipo.com.mx\"},\"image\":{\"@id\":\"https:\/\/www.sonoraenequipo.com.mx\/#\/schema\/logo\/image\/\"},\"sameAs\":[\"https:\/\/www.facebook.com\/SonoraEE\/\",\"https:\/\/x.com\/sonoraenequipo\",\"https:\/\/www.youtube.com\/channel\/UC338nW-lPEYmJQs4ZABQ1SQ\"]},{\"@type\":\"Person\",\"@id\":\"https:\/\/www.sonoraenequipo.com.mx\/#\/schema\/person\/50102df0fb23a8fa9e8effad8fa81386\",\"name\":\"enequipo\",\"image\":{\"@type\":\"ImageObject\",\"inLanguage\":\"es\",\"@id\":\"https:\/\/www.sonoraenequipo.com.mx\/#\/schema\/person\/image\/\",\"url\":\"https:\/\/secure.gravatar.com\/avatar\/049821681b589dabc0bc20695993ccebb09f5b5d4d790cd9251b97faac7c652b?s=96&d=blank&r=g\",\"contentUrl\":\"https:\/\/secure.gravatar.com\/avatar\/049821681b589dabc0bc20695993ccebb09f5b5d4d790cd9251b97faac7c652b?s=96&d=blank&r=g\",\"caption\":\"enequipo\"},\"sameAs\":[\"https:\/\/www.facebook.com\/SonoraEE\"]}]}<\/script>\n ","yoast_head_json":{"title":"Sonora en Equipo. Putin anunci\u00f3 la intenci\u00f3n de reconocer la independencia de las regiones separatistas de Ucrania. MUNDO","description":"MOSC\u00da, RUSIA. \u2014 El presidente ruso Vladimir Putin se\u00f1al\u00f3 que podr\u00eda reconocer como independientes las regiones separatistas ucranianas respaldadas por En Sonora en Equipo publicamos toda la informaci\u00f3n de Sonora, M\u00e9xico y el Mundo de manera oportuna y busca que la libertad de expresi\u00f3n sea real. Visita nuestro medio informativo publicado desde Hermosillo, Sonora. %","robots":{"index":"index","follow":"follow","max-snippet":"max-snippet:-1","max-image-preview":"max-image-preview:large","max-video-preview":"max-video-preview:-1"},"canonical":"https:\/\/www.sonoraenequipo.com.mx\/putin-anuncio-este-21-de-febrero-a-francia-y-alemania-la-intencion-de-reconocer-la-independencia-de-las-regiones-separatistas-de-ucrania\/","og_locale":"es_ES","og_type":"article","og_title":"Sonora en Equipo. Putin anunci\u00f3 la intenci\u00f3n de reconocer la independencia de las regiones separatistas de Ucrania. MUNDO","og_description":"MOSC\u00da, RUSIA. \u2014 El presidente ruso Vladimir Putin se\u00f1al\u00f3 que podr\u00eda reconocer como independientes las regiones separatistas ucranianas respaldadas por En Sonora en Equipo publicamos toda la informaci\u00f3n de Sonora, M\u00e9xico y el Mundo de manera oportuna y busca que la libertad de expresi\u00f3n sea real. Visita nuestro medio informativo publicado desde Hermosillo, Sonora. %","og_url":"https:\/\/www.sonoraenequipo.com.mx\/putin-anuncio-este-21-de-febrero-a-francia-y-alemania-la-intencion-de-reconocer-la-independencia-de-las-regiones-separatistas-de-ucrania\/","og_site_name":"Sonora en Equipo.","article_publisher":"https:\/\/www.facebook.com\/SonoraEE\/","article_author":"https:\/\/www.facebook.com\/SonoraEE","article_published_time":"2022-02-21T15:15:15+00:00","article_modified_time":"2022-02-22T05:24:56+00:00","author":"enequipo","twitter_card":"summary_large_image","twitter_creator":"@sonoraenequipo","twitter_site":"@sonoraenequipo","twitter_misc":{"Escrito por":"enequipo","Tiempo de lectura":"3 minutos"},"schema":{"@context":"https:\/\/schema.org","@graph":[{"@type":"Article","@id":"https:\/\/www.sonoraenequipo.com.mx\/putin-anuncio-este-21-de-febrero-a-francia-y-alemania-la-intencion-de-reconocer-la-independencia-de-las-regiones-separatistas-de-ucrania\/#article","isPartOf":{"@id":"https:\/\/www.sonoraenequipo.com.mx\/putin-anuncio-este-21-de-febrero-a-francia-y-alemania-la-intencion-de-reconocer-la-independencia-de-las-regiones-separatistas-de-ucrania\/"},"author":{"name":"enequipo","@id":"https:\/\/www.sonoraenequipo.com.mx\/#\/schema\/person\/50102df0fb23a8fa9e8effad8fa81386"},"headline":"Putin anunci\u00f3 la intenci\u00f3n de reconocer la independencia de las regiones separatistas de Ucrania.","datePublished":"2022-02-21T15:15:15+00:00","dateModified":"2022-02-22T05:24:56+00:00","mainEntityOfPage":{"@id":"https:\/\/www.sonoraenequipo.com.mx\/putin-anuncio-este-21-de-febrero-a-francia-y-alemania-la-intencion-de-reconocer-la-independencia-de-las-regiones-separatistas-de-ucrania\/"},"wordCount":684,"commentCount":0,"publisher":{"@id":"https:\/\/www.sonoraenequipo.com.mx\/#organization"},"articleSection":["MUNDO"],"inLanguage":"es","potentialAction":[{"@type":"CommentAction","name":"Comment","target":["https:\/\/www.sonoraenequipo.com.mx\/putin-anuncio-este-21-de-febrero-a-francia-y-alemania-la-intencion-de-reconocer-la-independencia-de-las-regiones-separatistas-de-ucrania\/#respond"]}]},{"@type":"WebPage","@id":"https:\/\/www.sonoraenequipo.com.mx\/putin-anuncio-este-21-de-febrero-a-francia-y-alemania-la-intencion-de-reconocer-la-independencia-de-las-regiones-separatistas-de-ucrania\/","url":"https:\/\/www.sonoraenequipo.com.mx\/putin-anuncio-este-21-de-febrero-a-francia-y-alemania-la-intencion-de-reconocer-la-independencia-de-las-regiones-separatistas-de-ucrania\/","name":"Sonora en Equipo. Putin anunci\u00f3 la intenci\u00f3n de reconocer la independencia de las regiones separatistas de Ucrania. MUNDO","isPartOf":{"@id":"https:\/\/www.sonoraenequipo.com.mx\/#website"},"datePublished":"2022-02-21T15:15:15+00:00","dateModified":"2022-02-22T05:24:56+00:00","description":"MOSC\u00da, RUSIA. \u2014 El presidente ruso Vladimir Putin se\u00f1al\u00f3 que podr\u00eda reconocer como independientes las regiones separatistas ucranianas respaldadas por En Sonora en Equipo publicamos toda la informaci\u00f3n de Sonora, M\u00e9xico y el Mundo de manera oportuna y busca que la libertad de expresi\u00f3n sea real. Visita nuestro medio informativo publicado desde Hermosillo, Sonora. %","breadcrumb":{"@id":"https:\/\/www.sonoraenequipo.com.mx\/putin-anuncio-este-21-de-febrero-a-francia-y-alemania-la-intencion-de-reconocer-la-independencia-de-las-regiones-separatistas-de-ucrania\/#breadcrumb"},"inLanguage":"es","potentialAction":[{"@type":"ReadAction","target":["https:\/\/www.sonoraenequipo.com.mx\/putin-anuncio-este-21-de-febrero-a-francia-y-alemania-la-intencion-de-reconocer-la-independencia-de-las-regiones-separatistas-de-ucrania\/"]}]},{"@type":"BreadcrumbList","@id":"https:\/\/www.sonoraenequipo.com.mx\/putin-anuncio-este-21-de-febrero-a-francia-y-alemania-la-intencion-de-reconocer-la-independencia-de-las-regiones-separatistas-de-ucrania\/#breadcrumb","itemListElement":[{"@type":"ListItem","position":1,"name":"Portada","item":"https:\/\/www.sonoraenequipo.com.mx\/"},{"@type":"ListItem","position":2,"name":"Putin anunci\u00f3 la intenci\u00f3n de reconocer la independencia de las regiones separatistas de Ucrania."}]},{"@type":"WebSite","@id":"https:\/\/www.sonoraenequipo.com.mx\/#website","url":"https:\/\/www.sonoraenequipo.com.mx\/","name":"Sonora en Equipo.","description":"Diario en l\u00ednea con Noticias desde Hermosillo, Sonora","publisher":{"@id":"https:\/\/www.sonoraenequipo.com.mx\/#organization"},"potentialAction":[{"@type":"SearchAction","target":{"@type":"EntryPoint","urlTemplate":"https:\/\/www.sonoraenequipo.com.mx\/?s={search_term_string}"},"query-input":{"@type":"PropertyValueSpecification","valueRequired":true,"valueName":"search_term_string"}}],"inLanguage":"es"},{"@type":"Organization","@id":"https:\/\/www.sonoraenequipo.com.mx\/#organization","name":"Sonoraenequipo.com.mx","url":"https:\/\/www.sonoraenequipo.com.mx\/","logo":{"@type":"ImageObject","inLanguage":"es","@id":"https:\/\/www.sonoraenequipo.com.mx\/#\/schema\/logo\/image\/","url":"https:\/\/www.sonoraenequipo.com.mx\/storage\/2019\/01\/sonoraenequipo_opt.png","contentUrl":"https:\/\/www.sonoraenequipo.com.mx\/storage\/2019\/01\/sonoraenequipo_opt.png","width":375,"height":125,"caption":"Sonoraenequipo.com.mx"},"image":{"@id":"https:\/\/www.sonoraenequipo.com.mx\/#\/schema\/logo\/image\/"},"sameAs":["https:\/\/www.facebook.com\/SonoraEE\/","https:\/\/x.com\/sonoraenequipo","https:\/\/www.youtube.com\/channel\/UC338nW-lPEYmJQs4ZABQ1SQ"]},{"@type":"Person","@id":"https:\/\/www.sonoraenequipo.com.mx\/#\/schema\/person\/50102df0fb23a8fa9e8effad8fa81386","name":"enequipo","image":{"@type":"ImageObject","inLanguage":"es","@id":"https:\/\/www.sonoraenequipo.com.mx\/#\/schema\/person\/image\/","url":"https:\/\/secure.gravatar.com\/avatar\/049821681b589dabc0bc20695993ccebb09f5b5d4d790cd9251b97faac7c652b?s=96&d=blank&r=g","contentUrl":"https:\/\/secure.gravatar.com\/avatar\/049821681b589dabc0bc20695993ccebb09f5b5d4d790cd9251b97faac7c652b?s=96&d=blank&r=g","caption":"enequipo"},"sameAs":["https:\/\/www.facebook.com\/SonoraEE"]}]}},"jetpack_featured_media_url":"","_links":{"self":[{"href":"https:\/\/www.sonoraenequipo.com.mx\/api\/wp\/v2\/posts\/133547","targetHints":{"allow":["GET"]}}],"collection":[{"href":"https:\/\/www.sonoraenequipo.com.mx\/api\/wp\/v2\/posts"}],"about":[{"href":"https:\/\/www.sonoraenequipo.com.mx\/api\/wp\/v2\/types\/post"}],"author":[{"embeddable":true,"href":"https:\/\/www.sonoraenequipo.com.mx\/api\/wp\/v2\/users\/1"}],"replies":[{"embeddable":true,"href":"https:\/\/www.sonoraenequipo.com.mx\/api\/wp\/v2\/comments?post=133547"}],"version-history":[{"count":3,"href":"https:\/\/www.sonoraenequipo.com.mx\/api\/wp\/v2\/posts\/133547\/revisions"}],"predecessor-version":[{"id":133552,"href":"https:\/\/www.sonoraenequipo.com.mx\/api\/wp\/v2\/posts\/133547\/revisions\/133552"}],"wp:attachment":[{"href":"https:\/\/www.sonoraenequipo.com.mx\/api\/wp\/v2\/media?parent=133547"}],"wp:term":[{"taxonomy":"category","embeddable":true,"href":"https:\/\/www.sonoraenequipo.com.mx\/api\/wp\/v2\/categories?post=133547"},{"taxonomy":"post_tag","embeddable":true,"href":"https:\/\/www.sonoraenequipo.com.mx\/api\/wp\/v2\/tags?post=133547"}],"curies":[{"name":"wp","href":"https:\/\/api.w.org\/{rel}","templated":true}]}}