{"id":133553,"date":"2022-02-21T11:25:22","date_gmt":"2022-02-21T18:25:22","guid":{"rendered":"https:\/\/www.sonoraenequipo.com.mx\/?p=133553"},"modified":"2022-02-21T22:34:50","modified_gmt":"2022-02-22T05:34:50","slug":"concluye-brigada-medica-para-comunidades-yaquis","status":"publish","type":"post","link":"https:\/\/www.sonoraenequipo.com.mx\/concluye-brigada-medica-para-comunidades-yaquis\/","title":{"rendered":"Concluye Brigada M\u00e9dica para Comunidades Yaquis"},"content":{"rendered":"<p>RAHUM, GUAYMAS, SONORA. MX. \u2014\u00a0 Para atender a la poblaci\u00f3n vulnerable, se llev\u00f3 a cabo la Brigada M\u00e9dica para Comunidades Yaquis, la cual se realiz\u00f3 del 14 al 18 de febrero beneficiando a m\u00e1s de 250 integrantes de esta etnia.<\/p>\n<p>&nbsp;<\/p>\n<p> <\/p>\n<p>El Gobierno de Sonora impuls\u00f3 la alianza con la Universidad Estatal de Arizona (ASU, por sus siglas en ingl\u00e9s) a trav\u00e9s del Consejo para el Desarrollo Sostenible del Estado de Sonora (Codeso). As\u00ed mismo, la Fundaci\u00f3n T\u00eda trabaj\u00f3 con Codeso y la Secretar\u00eda de Salud para la aplicaci\u00f3n del programa.<\/p>\n<p>&nbsp;<\/p>\n<p>Estas brigadas m\u00e9dicas se realizaron en T\u00f3rim, Bah\u00eda de Lobos, Loma de Guam\u00fachil, Belem, Rahum y Hu\u00edribis, donde se ofrecieron servicios de atenci\u00f3n m\u00e9dica para adultos y ni\u00f1os; asesor\u00eda nutricional; atenci\u00f3n psicol\u00f3gica para ni\u00f1os, adolescentes y adultos; servicio de fisioterapia enfocado a lesiones laborales del campo; servicio de farmacia m\u00f3vil gratuita; cribado y detecci\u00f3n de enfermedades cr\u00f3nico degenerativas; tomas de presi\u00f3n arterial y glucometr\u00edas, entre otras.<\/p>\n<p>&nbsp;<\/p>\n<p>Tambi\u00e9n se realizaron cursos de capacitaci\u00f3n para auxiliares de salud y parteras tradicionales; toma correcta de signos vitales, interpretaci\u00f3n y manejo de los mismos; t\u00e9cnica correcta para aplicaci\u00f3n de medicamentos intramusculares, subcut\u00e1neos e intravenosos; manejo de heridas, luxaciones, esguinces y fracturas; resucitaci\u00f3n cardio pulmonar; situaciones m\u00e9dicas de emergencia y salud preventiva, y m\u00e1s.<\/p>\n<p>&nbsp;<\/p>\n<p>El Gobierno de Sonora tiene el compromiso de continuar con estas brigadas m\u00e9dicas para llevarlas a los lugares donde la poblaci\u00f3n m\u00e1s vulnerable pueda beneficiarse a trav\u00e9s de atenci\u00f3n a la salud, y con cursos y capacitaciones que pueda replicar en atenci\u00f3n a su comunidad.<\/p>\n<p>&nbsp;<\/p>\n<p>&nbsp;<\/p>\n<p>&nbsp;<\/p>\n<p>(Publicada el 21\/02\/2022 \/ 0222122)<\/p>\n","protected":false},"excerpt":{"rendered":"<p>RAHUM, GUAYMAS, SONORA. MX. \u2014\u00a0 Para atender a la poblaci\u00f3n vulnerable, se llev\u00f3 a cabo&#8230;<\/p>\n","protected":false},"author":1,"featured_media":133555,"comment_status":"open","ping_status":"open","sticky":false,"template":"","format":"standard","meta":{"_monsterinsights_skip_tracking":false,"_monsterinsights_sitenote_active":false,"_monsterinsights_sitenote_note":"","_monsterinsights_sitenote_category":0,"footnotes":""},"categories":[22],"tags":[],"class_list":["post"],"yoast_head":" \n<title>Sonora en Equipo. Concluye Brigada M\u00e9dica para Comunidades Yaquis Sonora<\/title>\n<meta name=\"description\" content=\"RAHUM, GUAYMAS, SONORA. MX. \u2014\u00a0 Para atender a la poblaci\u00f3n vulnerable, se llev\u00f3 a cabo la Brigada M\u00e9dica para Comunidades Yaquis, la cual se realiz\u00f3 del En Sonora en Equipo publicamos toda la informaci\u00f3n de Sonora, M\u00e9xico y el Mundo de manera oportuna y busca que la libertad de expresi\u00f3n sea real. Visita nuestro medio informativo publicado desde Hermosillo, Sonora. %\" \/>\n<meta name=\"robots\" content=\"index, follow, max-snippet:-1, max-image-preview:large, max-video-preview:-1\" \/>\n<link rel=\"canonical\" href=\"https:\/\/www.sonoraenequipo.com.mx\/concluye-brigada-medica-para-comunidades-yaquis\/\" \/>\n<meta property=\"og:locale\" content=\"es_ES\" \/>\n<meta property=\"og:type\" content=\"article\" \/>\n<meta property=\"og:title\" content=\"Sonora en Equipo. Concluye Brigada M\u00e9dica para Comunidades Yaquis Sonora\" \/>\n<meta property=\"og:description\" content=\"RAHUM, GUAYMAS, SONORA. MX. \u2014\u00a0 Para atender a la poblaci\u00f3n vulnerable, se llev\u00f3 a cabo la Brigada M\u00e9dica para Comunidades Yaquis, la cual se realiz\u00f3 del En Sonora en Equipo publicamos toda la informaci\u00f3n de Sonora, M\u00e9xico y el Mundo de manera oportuna y busca que la libertad de expresi\u00f3n sea real. Visita nuestro medio informativo publicado desde Hermosillo, Sonora. %\" \/>\n<meta property=\"og:url\" content=\"https:\/\/www.sonoraenequipo.com.mx\/concluye-brigada-medica-para-comunidades-yaquis\/\" \/>\n<meta property=\"og:site_name\" content=\"Sonora en Equipo.\" \/>\n<meta property=\"article:publisher\" content=\"https:\/\/www.facebook.com\/SonoraEE\/\" \/>\n<meta property=\"article:author\" content=\"https:\/\/www.facebook.com\/SonoraEE\" \/>\n<meta property=\"article:published_time\" content=\"2022-02-21T18:25:22+00:00\" \/>\n<meta property=\"article:modified_time\" content=\"2022-02-22T05:34:50+00:00\" \/>\n<meta property=\"og:image\" content=\"https:\/\/www.sonoraenequipo.com.mx\/storage\/2022\/02\/0222122bBrigada-Medica-para-Comunidades-Yaquis_opt.jpg\" \/>\n\t<meta property=\"og:image:width\" content=\"700\" \/>\n\t<meta property=\"og:image:height\" content=\"400\" \/>\n\t<meta property=\"og:image:type\" content=\"image\/jpeg\" \/>\n<meta name=\"author\" content=\"enequipo\" \/>\n<meta name=\"twitter:card\" content=\"summary_large_image\" \/>\n<meta name=\"twitter:creator\" content=\"@sonoraenequipo\" \/>\n<meta name=\"twitter:site\" content=\"@sonoraenequipo\" \/>\n<meta name=\"twitter:label1\" content=\"Escrito por\" \/>\n\t<meta name=\"twitter:data1\" content=\"enequipo\" \/>\n\t<meta name=\"twitter:label2\" content=\"Tiempo de lectura\" \/>\n\t<meta name=\"twitter:data2\" content=\"2 minutos\" \/>\n<script type=\"application\/ld+json\" class=\"yoast-schema-graph\">{\"@context\":\"https:\/\/schema.org\",\"@graph\":[{\"@type\":\"Article\",\"@id\":\"https:\/\/www.sonoraenequipo.com.mx\/concluye-brigada-medica-para-comunidades-yaquis\/#article\",\"isPartOf\":{\"@id\":\"https:\/\/www.sonoraenequipo.com.mx\/concluye-brigada-medica-para-comunidades-yaquis\/\"},\"author\":{\"name\":\"enequipo\",\"@id\":\"https:\/\/www.sonoraenequipo.com.mx\/#\/schema\/person\/50102df0fb23a8fa9e8effad8fa81386\"},\"headline\":\"Concluye Brigada M\u00e9dica para Comunidades Yaquis\",\"datePublished\":\"2022-02-21T18:25:22+00:00\",\"dateModified\":\"2022-02-22T05:34:50+00:00\",\"mainEntityOfPage\":{\"@id\":\"https:\/\/www.sonoraenequipo.com.mx\/concluye-brigada-medica-para-comunidades-yaquis\/\"},\"wordCount\":307,\"commentCount\":0,\"publisher\":{\"@id\":\"https:\/\/www.sonoraenequipo.com.mx\/#organization\"},\"image\":{\"@id\":\"https:\/\/www.sonoraenequipo.com.mx\/concluye-brigada-medica-para-comunidades-yaquis\/#primaryimage\"},\"thumbnailUrl\":\"https:\/\/www.sonoraenequipo.com.mx\/storage\/2022\/02\/0222122bBrigada-Medica-para-Comunidades-Yaquis_opt.jpg\",\"articleSection\":[\"Sonora\"],\"inLanguage\":\"es\",\"potentialAction\":[{\"@type\":\"CommentAction\",\"name\":\"Comment\",\"target\":[\"https:\/\/www.sonoraenequipo.com.mx\/concluye-brigada-medica-para-comunidades-yaquis\/#respond\"]}]},{\"@type\":\"WebPage\",\"@id\":\"https:\/\/www.sonoraenequipo.com.mx\/concluye-brigada-medica-para-comunidades-yaquis\/\",\"url\":\"https:\/\/www.sonoraenequipo.com.mx\/concluye-brigada-medica-para-comunidades-yaquis\/\",\"name\":\"Sonora en Equipo. Concluye Brigada M\u00e9dica para Comunidades Yaquis Sonora\",\"isPartOf\":{\"@id\":\"https:\/\/www.sonoraenequipo.com.mx\/#website\"},\"primaryImageOfPage\":{\"@id\":\"https:\/\/www.sonoraenequipo.com.mx\/concluye-brigada-medica-para-comunidades-yaquis\/#primaryimage\"},\"image\":{\"@id\":\"https:\/\/www.sonoraenequipo.com.mx\/concluye-brigada-medica-para-comunidades-yaquis\/#primaryimage\"},\"thumbnailUrl\":\"https:\/\/www.sonoraenequipo.com.mx\/storage\/2022\/02\/0222122bBrigada-Medica-para-Comunidades-Yaquis_opt.jpg\",\"datePublished\":\"2022-02-21T18:25:22+00:00\",\"dateModified\":\"2022-02-22T05:34:50+00:00\",\"description\":\"RAHUM, GUAYMAS, SONORA. MX. \u2014\u00a0 Para atender a la poblaci\u00f3n vulnerable, se llev\u00f3 a cabo la Brigada M\u00e9dica para Comunidades Yaquis, la cual se realiz\u00f3 del En Sonora en Equipo publicamos toda la informaci\u00f3n de Sonora, M\u00e9xico y el Mundo de manera oportuna y busca que la libertad de expresi\u00f3n sea real. Visita nuestro medio informativo publicado desde Hermosillo, Sonora. %\",\"breadcrumb\":{\"@id\":\"https:\/\/www.sonoraenequipo.com.mx\/concluye-brigada-medica-para-comunidades-yaquis\/#breadcrumb\"},\"inLanguage\":\"es\",\"potentialAction\":[{\"@type\":\"ReadAction\",\"target\":[\"https:\/\/www.sonoraenequipo.com.mx\/concluye-brigada-medica-para-comunidades-yaquis\/\"]}]},{\"@type\":\"ImageObject\",\"inLanguage\":\"es\",\"@id\":\"https:\/\/www.sonoraenequipo.com.mx\/concluye-brigada-medica-para-comunidades-yaquis\/#primaryimage\",\"url\":\"https:\/\/www.sonoraenequipo.com.mx\/storage\/2022\/02\/0222122bBrigada-Medica-para-Comunidades-Yaquis_opt.jpg\",\"contentUrl\":\"https:\/\/www.sonoraenequipo.com.mx\/storage\/2022\/02\/0222122bBrigada-Medica-para-Comunidades-Yaquis_opt.jpg\",\"width\":700,\"height\":400},{\"@type\":\"BreadcrumbList\",\"@id\":\"https:\/\/www.sonoraenequipo.com.mx\/concluye-brigada-medica-para-comunidades-yaquis\/#breadcrumb\",\"itemListElement\":[{\"@type\":\"ListItem\",\"position\":1,\"name\":\"Portada\",\"item\":\"https:\/\/www.sonoraenequipo.com.mx\/\"},{\"@type\":\"ListItem\",\"position\":2,\"name\":\"Concluye Brigada M\u00e9dica para Comunidades Yaquis\"}]},{\"@type\":\"WebSite\",\"@id\":\"https:\/\/www.sonoraenequipo.com.mx\/#website\",\"url\":\"https:\/\/www.sonoraenequipo.com.mx\/\",\"name\":\"Sonora en Equipo.\",\"description\":\"Diario en l\u00ednea con Noticias desde Hermosillo, Sonora\",\"publisher\":{\"@id\":\"https:\/\/www.sonoraenequipo.com.mx\/#organization\"},\"potentialAction\":[{\"@type\":\"SearchAction\",\"target\":{\"@type\":\"EntryPoint\",\"urlTemplate\":\"https:\/\/www.sonoraenequipo.com.mx\/?s={search_term_string}\"},\"query-input\":{\"@type\":\"PropertyValueSpecification\",\"valueRequired\":true,\"valueName\":\"search_term_string\"}}],\"inLanguage\":\"es\"},{\"@type\":\"Organization\",\"@id\":\"https:\/\/www.sonoraenequipo.com.mx\/#organization\",\"name\":\"Sonoraenequipo.com.mx\",\"url\":\"https:\/\/www.sonoraenequipo.com.mx\/\",\"logo\":{\"@type\":\"ImageObject\",\"inLanguage\":\"es\",\"@id\":\"https:\/\/www.sonoraenequipo.com.mx\/#\/schema\/logo\/image\/\",\"url\":\"https:\/\/www.sonoraenequipo.com.mx\/storage\/2019\/01\/sonoraenequipo_opt.png\",\"contentUrl\":\"https:\/\/www.sonoraenequipo.com.mx\/storage\/2019\/01\/sonoraenequipo_opt.png\",\"width\":375,\"height\":125,\"caption\":\"Sonoraenequipo.com.mx\"},\"image\":{\"@id\":\"https:\/\/www.sonoraenequipo.com.mx\/#\/schema\/logo\/image\/\"},\"sameAs\":[\"https:\/\/www.facebook.com\/SonoraEE\/\",\"https:\/\/x.com\/sonoraenequipo\",\"https:\/\/www.youtube.com\/channel\/UC338nW-lPEYmJQs4ZABQ1SQ\"]},{\"@type\":\"Person\",\"@id\":\"https:\/\/www.sonoraenequipo.com.mx\/#\/schema\/person\/50102df0fb23a8fa9e8effad8fa81386\",\"name\":\"enequipo\",\"image\":{\"@type\":\"ImageObject\",\"inLanguage\":\"es\",\"@id\":\"https:\/\/www.sonoraenequipo.com.mx\/#\/schema\/person\/image\/\",\"url\":\"https:\/\/secure.gravatar.com\/avatar\/049821681b589dabc0bc20695993ccebb09f5b5d4d790cd9251b97faac7c652b?s=96&d=blank&r=g\",\"contentUrl\":\"https:\/\/secure.gravatar.com\/avatar\/049821681b589dabc0bc20695993ccebb09f5b5d4d790cd9251b97faac7c652b?s=96&d=blank&r=g\",\"caption\":\"enequipo\"},\"sameAs\":[\"https:\/\/www.facebook.com\/SonoraEE\"]}]}<\/script>\n ","yoast_head_json":{"title":"Sonora en Equipo. Concluye Brigada M\u00e9dica para Comunidades Yaquis Sonora","description":"RAHUM, GUAYMAS, SONORA. MX. \u2014\u00a0 Para atender a la poblaci\u00f3n vulnerable, se llev\u00f3 a cabo la Brigada M\u00e9dica para Comunidades Yaquis, la cual se realiz\u00f3 del En Sonora en Equipo publicamos toda la informaci\u00f3n de Sonora, M\u00e9xico y el Mundo de manera oportuna y busca que la libertad de expresi\u00f3n sea real. Visita nuestro medio informativo publicado desde Hermosillo, Sonora. %","robots":{"index":"index","follow":"follow","max-snippet":"max-snippet:-1","max-image-preview":"max-image-preview:large","max-video-preview":"max-video-preview:-1"},"canonical":"https:\/\/www.sonoraenequipo.com.mx\/concluye-brigada-medica-para-comunidades-yaquis\/","og_locale":"es_ES","og_type":"article","og_title":"Sonora en Equipo. Concluye Brigada M\u00e9dica para Comunidades Yaquis Sonora","og_description":"RAHUM, GUAYMAS, SONORA. MX. \u2014\u00a0 Para atender a la poblaci\u00f3n vulnerable, se llev\u00f3 a cabo la Brigada M\u00e9dica para Comunidades Yaquis, la cual se realiz\u00f3 del En Sonora en Equipo publicamos toda la informaci\u00f3n de Sonora, M\u00e9xico y el Mundo de manera oportuna y busca que la libertad de expresi\u00f3n sea real. Visita nuestro medio informativo publicado desde Hermosillo, Sonora. %","og_url":"https:\/\/www.sonoraenequipo.com.mx\/concluye-brigada-medica-para-comunidades-yaquis\/","og_site_name":"Sonora en Equipo.","article_publisher":"https:\/\/www.facebook.com\/SonoraEE\/","article_author":"https:\/\/www.facebook.com\/SonoraEE","article_published_time":"2022-02-21T18:25:22+00:00","article_modified_time":"2022-02-22T05:34:50+00:00","og_image":[{"width":700,"height":400,"url":"https:\/\/www.sonoraenequipo.com.mx\/storage\/2022\/02\/0222122bBrigada-Medica-para-Comunidades-Yaquis_opt.jpg","type":"image\/jpeg"}],"author":"enequipo","twitter_card":"summary_large_image","twitter_creator":"@sonoraenequipo","twitter_site":"@sonoraenequipo","twitter_misc":{"Escrito por":"enequipo","Tiempo de lectura":"2 minutos"},"schema":{"@context":"https:\/\/schema.org","@graph":[{"@type":"Article","@id":"https:\/\/www.sonoraenequipo.com.mx\/concluye-brigada-medica-para-comunidades-yaquis\/#article","isPartOf":{"@id":"https:\/\/www.sonoraenequipo.com.mx\/concluye-brigada-medica-para-comunidades-yaquis\/"},"author":{"name":"enequipo","@id":"https:\/\/www.sonoraenequipo.com.mx\/#\/schema\/person\/50102df0fb23a8fa9e8effad8fa81386"},"headline":"Concluye Brigada M\u00e9dica para Comunidades Yaquis","datePublished":"2022-02-21T18:25:22+00:00","dateModified":"2022-02-22T05:34:50+00:00","mainEntityOfPage":{"@id":"https:\/\/www.sonoraenequipo.com.mx\/concluye-brigada-medica-para-comunidades-yaquis\/"},"wordCount":307,"commentCount":0,"publisher":{"@id":"https:\/\/www.sonoraenequipo.com.mx\/#organization"},"image":{"@id":"https:\/\/www.sonoraenequipo.com.mx\/concluye-brigada-medica-para-comunidades-yaquis\/#primaryimage"},"thumbnailUrl":"https:\/\/www.sonoraenequipo.com.mx\/storage\/2022\/02\/0222122bBrigada-Medica-para-Comunidades-Yaquis_opt.jpg","articleSection":["Sonora"],"inLanguage":"es","potentialAction":[{"@type":"CommentAction","name":"Comment","target":["https:\/\/www.sonoraenequipo.com.mx\/concluye-brigada-medica-para-comunidades-yaquis\/#respond"]}]},{"@type":"WebPage","@id":"https:\/\/www.sonoraenequipo.com.mx\/concluye-brigada-medica-para-comunidades-yaquis\/","url":"https:\/\/www.sonoraenequipo.com.mx\/concluye-brigada-medica-para-comunidades-yaquis\/","name":"Sonora en Equipo. Concluye Brigada M\u00e9dica para Comunidades Yaquis Sonora","isPartOf":{"@id":"https:\/\/www.sonoraenequipo.com.mx\/#website"},"primaryImageOfPage":{"@id":"https:\/\/www.sonoraenequipo.com.mx\/concluye-brigada-medica-para-comunidades-yaquis\/#primaryimage"},"image":{"@id":"https:\/\/www.sonoraenequipo.com.mx\/concluye-brigada-medica-para-comunidades-yaquis\/#primaryimage"},"thumbnailUrl":"https:\/\/www.sonoraenequipo.com.mx\/storage\/2022\/02\/0222122bBrigada-Medica-para-Comunidades-Yaquis_opt.jpg","datePublished":"2022-02-21T18:25:22+00:00","dateModified":"2022-02-22T05:34:50+00:00","description":"RAHUM, GUAYMAS, SONORA. MX. \u2014\u00a0 Para atender a la poblaci\u00f3n vulnerable, se llev\u00f3 a cabo la Brigada M\u00e9dica para Comunidades Yaquis, la cual se realiz\u00f3 del En Sonora en Equipo publicamos toda la informaci\u00f3n de Sonora, M\u00e9xico y el Mundo de manera oportuna y busca que la libertad de expresi\u00f3n sea real. Visita nuestro medio informativo publicado desde Hermosillo, Sonora. %","breadcrumb":{"@id":"https:\/\/www.sonoraenequipo.com.mx\/concluye-brigada-medica-para-comunidades-yaquis\/#breadcrumb"},"inLanguage":"es","potentialAction":[{"@type":"ReadAction","target":["https:\/\/www.sonoraenequipo.com.mx\/concluye-brigada-medica-para-comunidades-yaquis\/"]}]},{"@type":"ImageObject","inLanguage":"es","@id":"https:\/\/www.sonoraenequipo.com.mx\/concluye-brigada-medica-para-comunidades-yaquis\/#primaryimage","url":"https:\/\/www.sonoraenequipo.com.mx\/storage\/2022\/02\/0222122bBrigada-Medica-para-Comunidades-Yaquis_opt.jpg","contentUrl":"https:\/\/www.sonoraenequipo.com.mx\/storage\/2022\/02\/0222122bBrigada-Medica-para-Comunidades-Yaquis_opt.jpg","width":700,"height":400},{"@type":"BreadcrumbList","@id":"https:\/\/www.sonoraenequipo.com.mx\/concluye-brigada-medica-para-comunidades-yaquis\/#breadcrumb","itemListElement":[{"@type":"ListItem","position":1,"name":"Portada","item":"https:\/\/www.sonoraenequipo.com.mx\/"},{"@type":"ListItem","position":2,"name":"Concluye Brigada M\u00e9dica para Comunidades Yaquis"}]},{"@type":"WebSite","@id":"https:\/\/www.sonoraenequipo.com.mx\/#website","url":"https:\/\/www.sonoraenequipo.com.mx\/","name":"Sonora en Equipo.","description":"Diario en l\u00ednea con Noticias desde Hermosillo, Sonora","publisher":{"@id":"https:\/\/www.sonoraenequipo.com.mx\/#organization"},"potentialAction":[{"@type":"SearchAction","target":{"@type":"EntryPoint","urlTemplate":"https:\/\/www.sonoraenequipo.com.mx\/?s={search_term_string}"},"query-input":{"@type":"PropertyValueSpecification","valueRequired":true,"valueName":"search_term_string"}}],"inLanguage":"es"},{"@type":"Organization","@id":"https:\/\/www.sonoraenequipo.com.mx\/#organization","name":"Sonoraenequipo.com.mx","url":"https:\/\/www.sonoraenequipo.com.mx\/","logo":{"@type":"ImageObject","inLanguage":"es","@id":"https:\/\/www.sonoraenequipo.com.mx\/#\/schema\/logo\/image\/","url":"https:\/\/www.sonoraenequipo.com.mx\/storage\/2019\/01\/sonoraenequipo_opt.png","contentUrl":"https:\/\/www.sonoraenequipo.com.mx\/storage\/2019\/01\/sonoraenequipo_opt.png","width":375,"height":125,"caption":"Sonoraenequipo.com.mx"},"image":{"@id":"https:\/\/www.sonoraenequipo.com.mx\/#\/schema\/logo\/image\/"},"sameAs":["https:\/\/www.facebook.com\/SonoraEE\/","https:\/\/x.com\/sonoraenequipo","https:\/\/www.youtube.com\/channel\/UC338nW-lPEYmJQs4ZABQ1SQ"]},{"@type":"Person","@id":"https:\/\/www.sonoraenequipo.com.mx\/#\/schema\/person\/50102df0fb23a8fa9e8effad8fa81386","name":"enequipo","image":{"@type":"ImageObject","inLanguage":"es","@id":"https:\/\/www.sonoraenequipo.com.mx\/#\/schema\/person\/image\/","url":"https:\/\/secure.gravatar.com\/avatar\/049821681b589dabc0bc20695993ccebb09f5b5d4d790cd9251b97faac7c652b?s=96&d=blank&r=g","contentUrl":"https:\/\/secure.gravatar.com\/avatar\/049821681b589dabc0bc20695993ccebb09f5b5d4d790cd9251b97faac7c652b?s=96&d=blank&r=g","caption":"enequipo"},"sameAs":["https:\/\/www.facebook.com\/SonoraEE"]}]}},"jetpack_featured_media_url":"https:\/\/www.sonoraenequipo.com.mx\/storage\/2022\/02\/0222122bBrigada-Medica-para-Comunidades-Yaquis_opt.jpg","_links":{"self":[{"href":"https:\/\/www.sonoraenequipo.com.mx\/api\/wp\/v2\/posts\/133553","targetHints":{"allow":["GET"]}}],"collection":[{"href":"https:\/\/www.sonoraenequipo.com.mx\/api\/wp\/v2\/posts"}],"about":[{"href":"https:\/\/www.sonoraenequipo.com.mx\/api\/wp\/v2\/types\/post"}],"author":[{"embeddable":true,"href":"https:\/\/www.sonoraenequipo.com.mx\/api\/wp\/v2\/users\/1"}],"replies":[{"embeddable":true,"href":"https:\/\/www.sonoraenequipo.com.mx\/api\/wp\/v2\/comments?post=133553"}],"version-history":[{"count":1,"href":"https:\/\/www.sonoraenequipo.com.mx\/api\/wp\/v2\/posts\/133553\/revisions"}],"predecessor-version":[{"id":133556,"href":"https:\/\/www.sonoraenequipo.com.mx\/api\/wp\/v2\/posts\/133553\/revisions\/133556"}],"wp:featuredmedia":[{"embeddable":true,"href":"https:\/\/www.sonoraenequipo.com.mx\/api\/wp\/v2\/media\/133555"}],"wp:attachment":[{"href":"https:\/\/www.sonoraenequipo.com.mx\/api\/wp\/v2\/media?parent=133553"}],"wp:term":[{"taxonomy":"category","embeddable":true,"href":"https:\/\/www.sonoraenequipo.com.mx\/api\/wp\/v2\/categories?post=133553"},{"taxonomy":"post_tag","embeddable":true,"href":"https:\/\/www.sonoraenequipo.com.mx\/api\/wp\/v2\/tags?post=133553"}],"curies":[{"name":"wp","href":"https:\/\/api.w.org\/{rel}","templated":true}]}}