{"id":133564,"date":"2022-02-21T07:53:00","date_gmt":"2022-02-21T14:53:00","guid":{"rendered":"https:\/\/www.sonoraenequipo.com.mx\/?p=133564"},"modified":"2022-02-22T08:03:47","modified_gmt":"2022-02-22T15:03:47","slug":"fgr-abrio-investigacion-contra-jose-ramon-lopez-beltran-y-carolyn-adams-tras-denuncias","status":"publish","type":"post","link":"https:\/\/www.sonoraenequipo.com.mx\/fgr-abrio-investigacion-contra-jose-ramon-lopez-beltran-y-carolyn-adams-tras-denuncias\/","title":{"rendered":"FGR abri\u00f3 investigaci\u00f3n contra Jos\u00e9 Ram\u00f3n L\u00f3pez Beltr\u00e1n y Carolyn Adams tras denuncias"},"content":{"rendered":"<p>CIUDAD DE M\u00c9XICO. MX. \u2014 La Fiscal\u00eda General de Justicia de la Rep\u00fablica (FGR) abri\u00f3 una carpeta de investigaci\u00f3n contra Jos\u00e9 Ram\u00f3n L\u00f3pez Beltr\u00e1n y Carolyn Adams, luego de que se presentaran denuncias por posibles hechos de corrupci\u00f3n y delitos relacionados con la renta de una casa ubicada Houston, Texas, la cual, de acuerdo a una investigaci\u00f3n de Mexicanos Contra la Corrupci\u00f3n y la Impunidad (MCCI), podr\u00eda estar ligada a presuntos conflictos de inter\u00e9s.<\/p>\n<p>&nbsp;<\/p>\n<p> <\/p>\n<p>&nbsp;<\/p>\n<p>Esto luego de que se diera a conocer que dicha mansi\u00f3n es propiedad de un exejecutivo de la empresa Baker Hughes, la cual trabaja en algunos contratos con Petr\u00f3leos Mexicanos (Pemex) en el actual gobierno.<\/p>\n<p>&nbsp;<\/p>\n<p>Seg\u00fan el medio digital, Animal Pol\u00edtico, autoridades federales confirmaron la apertura de dicha carpeta de investigaci\u00f3n a partir de las denuncias que el Ministerio P\u00fablico Federal ha recibido. Cabe se\u00f1alar que una de ellas fue la que hizo el PAN el pasado 3 de febrero.<\/p>\n<p>&nbsp;<\/p>\n<p>De hecho Julen Rementer\u00eda del Puerto, senador del Partido Acci\u00f3n Nacional (PAN), pidi\u00f3 a la Fiscal\u00eda General de la Rep\u00fablica (FGR) ser \u201cimplacable\u201d ante la denuncia presentada por su partido en contra del hijo mayor del presidente Andr\u00e9s Manuel L\u00f3pez Obrador (AMLO).<\/p>\n<p>&nbsp;<\/p>\n<p>Seg\u00fan dicho medio, la Fiscal\u00eda Especializada en Combate a la Corrupci\u00f3n de la FGR, se encargar\u00e1 de llevar el caso, y actualmente est\u00e1 elaborando el plan de investigaci\u00f3n que se llevar\u00e1 a cabo en este caso y definiendo la informaci\u00f3n que ser\u00e1 solicitada a diversas entidades.<\/p>\n<p>&nbsp;<\/p>\n<p>La investigaci\u00f3n inici\u00f3 dadas las denuncia presentadas ente el Ministerio Publico, el cual tiene la obligaci\u00f3n dar seguimiento a las mismas, sin embargo, no prejuzga que se hayan cometido los presuntos delitos. Asimismo, de llegar a encontrar elementos que pudieran acreditar un delito, se presentar\u00edan las imputaciones correspondientes ante un juez, y de no ser el caso, se cerrar\u00eda la indagatoria.<\/p>\n<p>&nbsp;<\/p>\n<p><strong>El caso de la casa de Jos\u00e9 Ram\u00f3n<br \/>\n<\/strong><\/p>\n<p>&nbsp;<\/p>\n<p>\u201cEl que nada debe, nada teme (\u2026) Si van a presentar denuncias, que le den curso\u201d, coment\u00f3 este 21 de febrero, en en su conferencia matutina el presidente L\u00f3pez Obrador, tras asegurar que \u201cno tendr\u00eda problema\u201d en comparecer ante la Fiscal\u00eda General de la Rep\u00fablica (FGR) en caso de iniciarse un proceso contra Jos\u00e9 Ram\u00f3n.<\/p>\n<p>&nbsp;<\/p>\n<p><strong>El pasado 20 de febrero, el periodista Julio Astillero comparti\u00f3 unos documentos en los que se probar\u00eda la validaci\u00f3n del contrato de arrendamiento entre Carolyn Adams y Keith y Lauren Schilling, informaci\u00f3n que podr\u00eda desechar la teor\u00eda de un presunto delito por parte del hijo del mandatario mexicano.<\/strong><\/p>\n<p><iframe loading=\"lazy\" title=\"No hay conflicto de inter\u00e9s: auditor\u00eda de Baker Hughes sobre casa de Houston\" width=\"640\" height=\"360\" src=\"https:\/\/www.youtube.com\/embed\/Jr4K1L6_02U?feature=oembed\" frameborder=\"0\" allow=\"accelerometer; autoplay; clipboard-write; encrypted-media; gyroscope; picture-in-picture; web-share\" referrerpolicy=\"strict-origin-when-cross-origin\" allowfullscreen><\/iframe><\/p>\n<p>&nbsp;<\/p>\n<p>&nbsp;<\/p>\n<p>Aunado a ello, Jos\u00e9 Ram\u00f3n L\u00f3pez Beltr\u00e1n tambi\u00e9n comparti\u00f3 las copias de los contratos e indic\u00f3 que con estas presuntas pruebas \u201cse desmiente la campa\u00f1a contra la familia del hijo de AMLO\u201d.<\/p>\n<p>&nbsp;<\/p>\n<p>Cabe aclarar que Astillero indic\u00f3 que dicha informaci\u00f3n a\u00fan deben de pasar por una prueba de confirmaci\u00f3n, es decir, explic\u00f3 que lo ideal ser\u00eda que se muestre la validaci\u00f3n del contrato y del pago mensual que se dieron entre agosto de 2019 y julio de 2020, fecha en la que dura el contrato que se mostr\u00f3.<\/p>\n<p>&nbsp;<\/p>\n<p>En medio de la pol\u00e9mica, este 21 de febrero, un informe entregado a la C\u00e1mara de Diputados, el pasado 20 la Auditor\u00eda Superior de la Federaci\u00f3n (ASF) report\u00f3 casi de 40 mil millones de pesos en irregularidades de la Cuenta P\u00fablica 2020, correspondiente a la suma de dos entregas anteriores. Ante ellos, Andr\u00e9s Manuel L\u00f3pez Obrador (AMLO), asegur\u00f3 que dicho informe \u201ces preliminar\u201d, y dijo, las cifras se aclarar\u00e1n conforme las siguientes ediciones.<\/p>\n<p>&nbsp;<\/p>\n<p>&nbsp;<\/p>\n<p>(Publicada el 21\/02\/2022)<\/p>\n","protected":false},"excerpt":{"rendered":"<p>CIUDAD DE M\u00c9XICO. MX. \u2014 La Fiscal\u00eda General de Justicia de la Rep\u00fablica (FGR) abri\u00f3&#8230;<\/p>\n","protected":false},"author":1,"featured_media":133565,"comment_status":"open","ping_status":"open","sticky":false,"template":"","format":"standard","meta":{"_monsterinsights_skip_tracking":false,"_monsterinsights_sitenote_active":false,"_monsterinsights_sitenote_note":"","_monsterinsights_sitenote_category":0,"footnotes":""},"categories":[1],"tags":[],"class_list":["post"],"yoast_head":" \n<title>Sonora en Equipo. FGR abri\u00f3 investigaci\u00f3n contra Jos\u00e9 Ram\u00f3n L\u00f3pez Beltr\u00e1n y Carolyn Adams tras denuncias<\/title>\n<meta name=\"description\" content=\"CIUDAD DE M\u00c9XICO. MX. \u2014 La Fiscal\u00eda General de Justicia de la Rep\u00fablica (FGR) abri\u00f3 una carpeta de investigaci\u00f3n contra Jos\u00e9 Ram\u00f3n L\u00f3pez Beltr\u00e1n y Carolyn En Sonora en Equipo publicamos toda la informaci\u00f3n de Sonora, M\u00e9xico y el Mundo de manera oportuna y busca que la libertad de expresi\u00f3n sea real. Visita nuestro medio informativo publicado desde Hermosillo, Sonora. %\" \/>\n<meta name=\"robots\" content=\"index, follow, max-snippet:-1, max-image-preview:large, max-video-preview:-1\" \/>\n<link rel=\"canonical\" href=\"https:\/\/www.sonoraenequipo.com.mx\/fgr-abrio-investigacion-contra-jose-ramon-lopez-beltran-y-carolyn-adams-tras-denuncias\/\" \/>\n<meta property=\"og:locale\" content=\"es_ES\" \/>\n<meta property=\"og:type\" content=\"article\" \/>\n<meta property=\"og:title\" content=\"Sonora en Equipo. FGR abri\u00f3 investigaci\u00f3n contra Jos\u00e9 Ram\u00f3n L\u00f3pez Beltr\u00e1n y Carolyn Adams tras denuncias\" \/>\n<meta property=\"og:description\" content=\"CIUDAD DE M\u00c9XICO. MX. \u2014 La Fiscal\u00eda General de Justicia de la Rep\u00fablica (FGR) abri\u00f3 una carpeta de investigaci\u00f3n contra Jos\u00e9 Ram\u00f3n L\u00f3pez Beltr\u00e1n y Carolyn En Sonora en Equipo publicamos toda la informaci\u00f3n de Sonora, M\u00e9xico y el Mundo de manera oportuna y busca que la libertad de expresi\u00f3n sea real. Visita nuestro medio informativo publicado desde Hermosillo, Sonora. %\" \/>\n<meta property=\"og:url\" content=\"https:\/\/www.sonoraenequipo.com.mx\/fgr-abrio-investigacion-contra-jose-ramon-lopez-beltran-y-carolyn-adams-tras-denuncias\/\" \/>\n<meta property=\"og:site_name\" content=\"Sonora en Equipo.\" \/>\n<meta property=\"article:publisher\" content=\"https:\/\/www.facebook.com\/SonoraEE\/\" \/>\n<meta property=\"article:author\" content=\"https:\/\/www.facebook.com\/SonoraEE\" \/>\n<meta property=\"article:published_time\" content=\"2022-02-21T14:53:00+00:00\" \/>\n<meta property=\"article:modified_time\" content=\"2022-02-22T15:03:47+00:00\" \/>\n<meta property=\"og:image\" content=\"https:\/\/www.sonoraenequipo.com.mx\/storage\/2022\/02\/fgr_investiga_a_jose_ramon_lopez_beltran_y_carolyn_adams_opt.jpg\" \/>\n\t<meta property=\"og:image:width\" content=\"711\" \/>\n\t<meta property=\"og:image:height\" content=\"400\" \/>\n\t<meta property=\"og:image:type\" content=\"image\/jpeg\" \/>\n<meta name=\"author\" content=\"enequipo\" \/>\n<meta name=\"twitter:card\" content=\"summary_large_image\" \/>\n<meta name=\"twitter:creator\" content=\"@sonoraenequipo\" \/>\n<meta name=\"twitter:site\" content=\"@sonoraenequipo\" \/>\n<meta name=\"twitter:label1\" content=\"Escrito por\" \/>\n\t<meta name=\"twitter:data1\" content=\"enequipo\" \/>\n\t<meta name=\"twitter:label2\" content=\"Tiempo de lectura\" \/>\n\t<meta name=\"twitter:data2\" content=\"3 minutos\" \/>\n<script type=\"application\/ld+json\" class=\"yoast-schema-graph\">{\"@context\":\"https:\/\/schema.org\",\"@graph\":[{\"@type\":\"Article\",\"@id\":\"https:\/\/www.sonoraenequipo.com.mx\/fgr-abrio-investigacion-contra-jose-ramon-lopez-beltran-y-carolyn-adams-tras-denuncias\/#article\",\"isPartOf\":{\"@id\":\"https:\/\/www.sonoraenequipo.com.mx\/fgr-abrio-investigacion-contra-jose-ramon-lopez-beltran-y-carolyn-adams-tras-denuncias\/\"},\"author\":{\"name\":\"enequipo\",\"@id\":\"https:\/\/www.sonoraenequipo.com.mx\/#\/schema\/person\/50102df0fb23a8fa9e8effad8fa81386\"},\"headline\":\"FGR abri\u00f3 investigaci\u00f3n contra Jos\u00e9 Ram\u00f3n L\u00f3pez Beltr\u00e1n y Carolyn Adams tras denuncias\",\"datePublished\":\"2022-02-21T14:53:00+00:00\",\"dateModified\":\"2022-02-22T15:03:47+00:00\",\"mainEntityOfPage\":{\"@id\":\"https:\/\/www.sonoraenequipo.com.mx\/fgr-abrio-investigacion-contra-jose-ramon-lopez-beltran-y-carolyn-adams-tras-denuncias\/\"},\"wordCount\":671,\"commentCount\":0,\"publisher\":{\"@id\":\"https:\/\/www.sonoraenequipo.com.mx\/#organization\"},\"image\":{\"@id\":\"https:\/\/www.sonoraenequipo.com.mx\/fgr-abrio-investigacion-contra-jose-ramon-lopez-beltran-y-carolyn-adams-tras-denuncias\/#primaryimage\"},\"thumbnailUrl\":\"https:\/\/www.sonoraenequipo.com.mx\/storage\/2022\/02\/fgr_investiga_a_jose_ramon_lopez_beltran_y_carolyn_adams_opt.jpg\",\"articleSection\":[\"Sin categorizar\"],\"inLanguage\":\"es\",\"potentialAction\":[{\"@type\":\"CommentAction\",\"name\":\"Comment\",\"target\":[\"https:\/\/www.sonoraenequipo.com.mx\/fgr-abrio-investigacion-contra-jose-ramon-lopez-beltran-y-carolyn-adams-tras-denuncias\/#respond\"]}]},{\"@type\":\"WebPage\",\"@id\":\"https:\/\/www.sonoraenequipo.com.mx\/fgr-abrio-investigacion-contra-jose-ramon-lopez-beltran-y-carolyn-adams-tras-denuncias\/\",\"url\":\"https:\/\/www.sonoraenequipo.com.mx\/fgr-abrio-investigacion-contra-jose-ramon-lopez-beltran-y-carolyn-adams-tras-denuncias\/\",\"name\":\"Sonora en Equipo. FGR abri\u00f3 investigaci\u00f3n contra Jos\u00e9 Ram\u00f3n L\u00f3pez Beltr\u00e1n y Carolyn Adams tras denuncias\",\"isPartOf\":{\"@id\":\"https:\/\/www.sonoraenequipo.com.mx\/#website\"},\"primaryImageOfPage\":{\"@id\":\"https:\/\/www.sonoraenequipo.com.mx\/fgr-abrio-investigacion-contra-jose-ramon-lopez-beltran-y-carolyn-adams-tras-denuncias\/#primaryimage\"},\"image\":{\"@id\":\"https:\/\/www.sonoraenequipo.com.mx\/fgr-abrio-investigacion-contra-jose-ramon-lopez-beltran-y-carolyn-adams-tras-denuncias\/#primaryimage\"},\"thumbnailUrl\":\"https:\/\/www.sonoraenequipo.com.mx\/storage\/2022\/02\/fgr_investiga_a_jose_ramon_lopez_beltran_y_carolyn_adams_opt.jpg\",\"datePublished\":\"2022-02-21T14:53:00+00:00\",\"dateModified\":\"2022-02-22T15:03:47+00:00\",\"description\":\"CIUDAD DE M\u00c9XICO. MX. \u2014 La Fiscal\u00eda General de Justicia de la Rep\u00fablica (FGR) abri\u00f3 una carpeta de investigaci\u00f3n contra Jos\u00e9 Ram\u00f3n L\u00f3pez Beltr\u00e1n y Carolyn En Sonora en Equipo publicamos toda la informaci\u00f3n de Sonora, M\u00e9xico y el Mundo de manera oportuna y busca que la libertad de expresi\u00f3n sea real. Visita nuestro medio informativo publicado desde Hermosillo, Sonora. %\",\"breadcrumb\":{\"@id\":\"https:\/\/www.sonoraenequipo.com.mx\/fgr-abrio-investigacion-contra-jose-ramon-lopez-beltran-y-carolyn-adams-tras-denuncias\/#breadcrumb\"},\"inLanguage\":\"es\",\"potentialAction\":[{\"@type\":\"ReadAction\",\"target\":[\"https:\/\/www.sonoraenequipo.com.mx\/fgr-abrio-investigacion-contra-jose-ramon-lopez-beltran-y-carolyn-adams-tras-denuncias\/\"]}]},{\"@type\":\"ImageObject\",\"inLanguage\":\"es\",\"@id\":\"https:\/\/www.sonoraenequipo.com.mx\/fgr-abrio-investigacion-contra-jose-ramon-lopez-beltran-y-carolyn-adams-tras-denuncias\/#primaryimage\",\"url\":\"https:\/\/www.sonoraenequipo.com.mx\/storage\/2022\/02\/fgr_investiga_a_jose_ramon_lopez_beltran_y_carolyn_adams_opt.jpg\",\"contentUrl\":\"https:\/\/www.sonoraenequipo.com.mx\/storage\/2022\/02\/fgr_investiga_a_jose_ramon_lopez_beltran_y_carolyn_adams_opt.jpg\",\"width\":711,\"height\":400},{\"@type\":\"BreadcrumbList\",\"@id\":\"https:\/\/www.sonoraenequipo.com.mx\/fgr-abrio-investigacion-contra-jose-ramon-lopez-beltran-y-carolyn-adams-tras-denuncias\/#breadcrumb\",\"itemListElement\":[{\"@type\":\"ListItem\",\"position\":1,\"name\":\"Portada\",\"item\":\"https:\/\/www.sonoraenequipo.com.mx\/\"},{\"@type\":\"ListItem\",\"position\":2,\"name\":\"FGR abri\u00f3 investigaci\u00f3n contra Jos\u00e9 Ram\u00f3n L\u00f3pez Beltr\u00e1n y Carolyn Adams tras denuncias\"}]},{\"@type\":\"WebSite\",\"@id\":\"https:\/\/www.sonoraenequipo.com.mx\/#website\",\"url\":\"https:\/\/www.sonoraenequipo.com.mx\/\",\"name\":\"Sonora en Equipo.\",\"description\":\"Diario en l\u00ednea con Noticias desde Hermosillo, Sonora\",\"publisher\":{\"@id\":\"https:\/\/www.sonoraenequipo.com.mx\/#organization\"},\"potentialAction\":[{\"@type\":\"SearchAction\",\"target\":{\"@type\":\"EntryPoint\",\"urlTemplate\":\"https:\/\/www.sonoraenequipo.com.mx\/?s={search_term_string}\"},\"query-input\":{\"@type\":\"PropertyValueSpecification\",\"valueRequired\":true,\"valueName\":\"search_term_string\"}}],\"inLanguage\":\"es\"},{\"@type\":\"Organization\",\"@id\":\"https:\/\/www.sonoraenequipo.com.mx\/#organization\",\"name\":\"Sonoraenequipo.com.mx\",\"url\":\"https:\/\/www.sonoraenequipo.com.mx\/\",\"logo\":{\"@type\":\"ImageObject\",\"inLanguage\":\"es\",\"@id\":\"https:\/\/www.sonoraenequipo.com.mx\/#\/schema\/logo\/image\/\",\"url\":\"https:\/\/www.sonoraenequipo.com.mx\/storage\/2019\/01\/sonoraenequipo_opt.png\",\"contentUrl\":\"https:\/\/www.sonoraenequipo.com.mx\/storage\/2019\/01\/sonoraenequipo_opt.png\",\"width\":375,\"height\":125,\"caption\":\"Sonoraenequipo.com.mx\"},\"image\":{\"@id\":\"https:\/\/www.sonoraenequipo.com.mx\/#\/schema\/logo\/image\/\"},\"sameAs\":[\"https:\/\/www.facebook.com\/SonoraEE\/\",\"https:\/\/x.com\/sonoraenequipo\",\"https:\/\/www.youtube.com\/channel\/UC338nW-lPEYmJQs4ZABQ1SQ\"]},{\"@type\":\"Person\",\"@id\":\"https:\/\/www.sonoraenequipo.com.mx\/#\/schema\/person\/50102df0fb23a8fa9e8effad8fa81386\",\"name\":\"enequipo\",\"image\":{\"@type\":\"ImageObject\",\"inLanguage\":\"es\",\"@id\":\"https:\/\/www.sonoraenequipo.com.mx\/#\/schema\/person\/image\/\",\"url\":\"https:\/\/secure.gravatar.com\/avatar\/049821681b589dabc0bc20695993ccebb09f5b5d4d790cd9251b97faac7c652b?s=96&d=blank&r=g\",\"contentUrl\":\"https:\/\/secure.gravatar.com\/avatar\/049821681b589dabc0bc20695993ccebb09f5b5d4d790cd9251b97faac7c652b?s=96&d=blank&r=g\",\"caption\":\"enequipo\"},\"sameAs\":[\"https:\/\/www.facebook.com\/SonoraEE\"]}]}<\/script>\n ","yoast_head_json":{"title":"Sonora en Equipo. FGR abri\u00f3 investigaci\u00f3n contra Jos\u00e9 Ram\u00f3n L\u00f3pez Beltr\u00e1n y Carolyn Adams tras denuncias","description":"CIUDAD DE M\u00c9XICO. MX. \u2014 La Fiscal\u00eda General de Justicia de la Rep\u00fablica (FGR) abri\u00f3 una carpeta de investigaci\u00f3n contra Jos\u00e9 Ram\u00f3n L\u00f3pez Beltr\u00e1n y Carolyn En Sonora en Equipo publicamos toda la informaci\u00f3n de Sonora, M\u00e9xico y el Mundo de manera oportuna y busca que la libertad de expresi\u00f3n sea real. Visita nuestro medio informativo publicado desde Hermosillo, Sonora. %","robots":{"index":"index","follow":"follow","max-snippet":"max-snippet:-1","max-image-preview":"max-image-preview:large","max-video-preview":"max-video-preview:-1"},"canonical":"https:\/\/www.sonoraenequipo.com.mx\/fgr-abrio-investigacion-contra-jose-ramon-lopez-beltran-y-carolyn-adams-tras-denuncias\/","og_locale":"es_ES","og_type":"article","og_title":"Sonora en Equipo. FGR abri\u00f3 investigaci\u00f3n contra Jos\u00e9 Ram\u00f3n L\u00f3pez Beltr\u00e1n y Carolyn Adams tras denuncias","og_description":"CIUDAD DE M\u00c9XICO. MX. \u2014 La Fiscal\u00eda General de Justicia de la Rep\u00fablica (FGR) abri\u00f3 una carpeta de investigaci\u00f3n contra Jos\u00e9 Ram\u00f3n L\u00f3pez Beltr\u00e1n y Carolyn En Sonora en Equipo publicamos toda la informaci\u00f3n de Sonora, M\u00e9xico y el Mundo de manera oportuna y busca que la libertad de expresi\u00f3n sea real. Visita nuestro medio informativo publicado desde Hermosillo, Sonora. %","og_url":"https:\/\/www.sonoraenequipo.com.mx\/fgr-abrio-investigacion-contra-jose-ramon-lopez-beltran-y-carolyn-adams-tras-denuncias\/","og_site_name":"Sonora en Equipo.","article_publisher":"https:\/\/www.facebook.com\/SonoraEE\/","article_author":"https:\/\/www.facebook.com\/SonoraEE","article_published_time":"2022-02-21T14:53:00+00:00","article_modified_time":"2022-02-22T15:03:47+00:00","og_image":[{"width":711,"height":400,"url":"https:\/\/www.sonoraenequipo.com.mx\/storage\/2022\/02\/fgr_investiga_a_jose_ramon_lopez_beltran_y_carolyn_adams_opt.jpg","type":"image\/jpeg"}],"author":"enequipo","twitter_card":"summary_large_image","twitter_creator":"@sonoraenequipo","twitter_site":"@sonoraenequipo","twitter_misc":{"Escrito por":"enequipo","Tiempo de lectura":"3 minutos"},"schema":{"@context":"https:\/\/schema.org","@graph":[{"@type":"Article","@id":"https:\/\/www.sonoraenequipo.com.mx\/fgr-abrio-investigacion-contra-jose-ramon-lopez-beltran-y-carolyn-adams-tras-denuncias\/#article","isPartOf":{"@id":"https:\/\/www.sonoraenequipo.com.mx\/fgr-abrio-investigacion-contra-jose-ramon-lopez-beltran-y-carolyn-adams-tras-denuncias\/"},"author":{"name":"enequipo","@id":"https:\/\/www.sonoraenequipo.com.mx\/#\/schema\/person\/50102df0fb23a8fa9e8effad8fa81386"},"headline":"FGR abri\u00f3 investigaci\u00f3n contra Jos\u00e9 Ram\u00f3n L\u00f3pez Beltr\u00e1n y Carolyn Adams tras denuncias","datePublished":"2022-02-21T14:53:00+00:00","dateModified":"2022-02-22T15:03:47+00:00","mainEntityOfPage":{"@id":"https:\/\/www.sonoraenequipo.com.mx\/fgr-abrio-investigacion-contra-jose-ramon-lopez-beltran-y-carolyn-adams-tras-denuncias\/"},"wordCount":671,"commentCount":0,"publisher":{"@id":"https:\/\/www.sonoraenequipo.com.mx\/#organization"},"image":{"@id":"https:\/\/www.sonoraenequipo.com.mx\/fgr-abrio-investigacion-contra-jose-ramon-lopez-beltran-y-carolyn-adams-tras-denuncias\/#primaryimage"},"thumbnailUrl":"https:\/\/www.sonoraenequipo.com.mx\/storage\/2022\/02\/fgr_investiga_a_jose_ramon_lopez_beltran_y_carolyn_adams_opt.jpg","articleSection":["Sin categorizar"],"inLanguage":"es","potentialAction":[{"@type":"CommentAction","name":"Comment","target":["https:\/\/www.sonoraenequipo.com.mx\/fgr-abrio-investigacion-contra-jose-ramon-lopez-beltran-y-carolyn-adams-tras-denuncias\/#respond"]}]},{"@type":"WebPage","@id":"https:\/\/www.sonoraenequipo.com.mx\/fgr-abrio-investigacion-contra-jose-ramon-lopez-beltran-y-carolyn-adams-tras-denuncias\/","url":"https:\/\/www.sonoraenequipo.com.mx\/fgr-abrio-investigacion-contra-jose-ramon-lopez-beltran-y-carolyn-adams-tras-denuncias\/","name":"Sonora en Equipo. FGR abri\u00f3 investigaci\u00f3n contra Jos\u00e9 Ram\u00f3n L\u00f3pez Beltr\u00e1n y Carolyn Adams tras denuncias","isPartOf":{"@id":"https:\/\/www.sonoraenequipo.com.mx\/#website"},"primaryImageOfPage":{"@id":"https:\/\/www.sonoraenequipo.com.mx\/fgr-abrio-investigacion-contra-jose-ramon-lopez-beltran-y-carolyn-adams-tras-denuncias\/#primaryimage"},"image":{"@id":"https:\/\/www.sonoraenequipo.com.mx\/fgr-abrio-investigacion-contra-jose-ramon-lopez-beltran-y-carolyn-adams-tras-denuncias\/#primaryimage"},"thumbnailUrl":"https:\/\/www.sonoraenequipo.com.mx\/storage\/2022\/02\/fgr_investiga_a_jose_ramon_lopez_beltran_y_carolyn_adams_opt.jpg","datePublished":"2022-02-21T14:53:00+00:00","dateModified":"2022-02-22T15:03:47+00:00","description":"CIUDAD DE M\u00c9XICO. MX. \u2014 La Fiscal\u00eda General de Justicia de la Rep\u00fablica (FGR) abri\u00f3 una carpeta de investigaci\u00f3n contra Jos\u00e9 Ram\u00f3n L\u00f3pez Beltr\u00e1n y Carolyn En Sonora en Equipo publicamos toda la informaci\u00f3n de Sonora, M\u00e9xico y el Mundo de manera oportuna y busca que la libertad de expresi\u00f3n sea real. Visita nuestro medio informativo publicado desde Hermosillo, Sonora. %","breadcrumb":{"@id":"https:\/\/www.sonoraenequipo.com.mx\/fgr-abrio-investigacion-contra-jose-ramon-lopez-beltran-y-carolyn-adams-tras-denuncias\/#breadcrumb"},"inLanguage":"es","potentialAction":[{"@type":"ReadAction","target":["https:\/\/www.sonoraenequipo.com.mx\/fgr-abrio-investigacion-contra-jose-ramon-lopez-beltran-y-carolyn-adams-tras-denuncias\/"]}]},{"@type":"ImageObject","inLanguage":"es","@id":"https:\/\/www.sonoraenequipo.com.mx\/fgr-abrio-investigacion-contra-jose-ramon-lopez-beltran-y-carolyn-adams-tras-denuncias\/#primaryimage","url":"https:\/\/www.sonoraenequipo.com.mx\/storage\/2022\/02\/fgr_investiga_a_jose_ramon_lopez_beltran_y_carolyn_adams_opt.jpg","contentUrl":"https:\/\/www.sonoraenequipo.com.mx\/storage\/2022\/02\/fgr_investiga_a_jose_ramon_lopez_beltran_y_carolyn_adams_opt.jpg","width":711,"height":400},{"@type":"BreadcrumbList","@id":"https:\/\/www.sonoraenequipo.com.mx\/fgr-abrio-investigacion-contra-jose-ramon-lopez-beltran-y-carolyn-adams-tras-denuncias\/#breadcrumb","itemListElement":[{"@type":"ListItem","position":1,"name":"Portada","item":"https:\/\/www.sonoraenequipo.com.mx\/"},{"@type":"ListItem","position":2,"name":"FGR abri\u00f3 investigaci\u00f3n contra Jos\u00e9 Ram\u00f3n L\u00f3pez Beltr\u00e1n y Carolyn Adams tras denuncias"}]},{"@type":"WebSite","@id":"https:\/\/www.sonoraenequipo.com.mx\/#website","url":"https:\/\/www.sonoraenequipo.com.mx\/","name":"Sonora en Equipo.","description":"Diario en l\u00ednea con Noticias desde Hermosillo, Sonora","publisher":{"@id":"https:\/\/www.sonoraenequipo.com.mx\/#organization"},"potentialAction":[{"@type":"SearchAction","target":{"@type":"EntryPoint","urlTemplate":"https:\/\/www.sonoraenequipo.com.mx\/?s={search_term_string}"},"query-input":{"@type":"PropertyValueSpecification","valueRequired":true,"valueName":"search_term_string"}}],"inLanguage":"es"},{"@type":"Organization","@id":"https:\/\/www.sonoraenequipo.com.mx\/#organization","name":"Sonoraenequipo.com.mx","url":"https:\/\/www.sonoraenequipo.com.mx\/","logo":{"@type":"ImageObject","inLanguage":"es","@id":"https:\/\/www.sonoraenequipo.com.mx\/#\/schema\/logo\/image\/","url":"https:\/\/www.sonoraenequipo.com.mx\/storage\/2019\/01\/sonoraenequipo_opt.png","contentUrl":"https:\/\/www.sonoraenequipo.com.mx\/storage\/2019\/01\/sonoraenequipo_opt.png","width":375,"height":125,"caption":"Sonoraenequipo.com.mx"},"image":{"@id":"https:\/\/www.sonoraenequipo.com.mx\/#\/schema\/logo\/image\/"},"sameAs":["https:\/\/www.facebook.com\/SonoraEE\/","https:\/\/x.com\/sonoraenequipo","https:\/\/www.youtube.com\/channel\/UC338nW-lPEYmJQs4ZABQ1SQ"]},{"@type":"Person","@id":"https:\/\/www.sonoraenequipo.com.mx\/#\/schema\/person\/50102df0fb23a8fa9e8effad8fa81386","name":"enequipo","image":{"@type":"ImageObject","inLanguage":"es","@id":"https:\/\/www.sonoraenequipo.com.mx\/#\/schema\/person\/image\/","url":"https:\/\/secure.gravatar.com\/avatar\/049821681b589dabc0bc20695993ccebb09f5b5d4d790cd9251b97faac7c652b?s=96&d=blank&r=g","contentUrl":"https:\/\/secure.gravatar.com\/avatar\/049821681b589dabc0bc20695993ccebb09f5b5d4d790cd9251b97faac7c652b?s=96&d=blank&r=g","caption":"enequipo"},"sameAs":["https:\/\/www.facebook.com\/SonoraEE"]}]}},"jetpack_featured_media_url":"https:\/\/www.sonoraenequipo.com.mx\/storage\/2022\/02\/fgr_investiga_a_jose_ramon_lopez_beltran_y_carolyn_adams_opt.jpg","_links":{"self":[{"href":"https:\/\/www.sonoraenequipo.com.mx\/api\/wp\/v2\/posts\/133564","targetHints":{"allow":["GET"]}}],"collection":[{"href":"https:\/\/www.sonoraenequipo.com.mx\/api\/wp\/v2\/posts"}],"about":[{"href":"https:\/\/www.sonoraenequipo.com.mx\/api\/wp\/v2\/types\/post"}],"author":[{"embeddable":true,"href":"https:\/\/www.sonoraenequipo.com.mx\/api\/wp\/v2\/users\/1"}],"replies":[{"embeddable":true,"href":"https:\/\/www.sonoraenequipo.com.mx\/api\/wp\/v2\/comments?post=133564"}],"version-history":[{"count":1,"href":"https:\/\/www.sonoraenequipo.com.mx\/api\/wp\/v2\/posts\/133564\/revisions"}],"predecessor-version":[{"id":133566,"href":"https:\/\/www.sonoraenequipo.com.mx\/api\/wp\/v2\/posts\/133564\/revisions\/133566"}],"wp:featuredmedia":[{"embeddable":true,"href":"https:\/\/www.sonoraenequipo.com.mx\/api\/wp\/v2\/media\/133565"}],"wp:attachment":[{"href":"https:\/\/www.sonoraenequipo.com.mx\/api\/wp\/v2\/media?parent=133564"}],"wp:term":[{"taxonomy":"category","embeddable":true,"href":"https:\/\/www.sonoraenequipo.com.mx\/api\/wp\/v2\/categories?post=133564"},{"taxonomy":"post_tag","embeddable":true,"href":"https:\/\/www.sonoraenequipo.com.mx\/api\/wp\/v2\/tags?post=133564"}],"curies":[{"name":"wp","href":"https:\/\/api.w.org\/{rel}","templated":true}]}}