{"id":133571,"date":"2022-02-21T15:00:25","date_gmt":"2022-02-21T22:00:25","guid":{"rendered":"https:\/\/www.sonoraenequipo.com.mx\/?p=133571"},"modified":"2022-02-22T10:22:29","modified_gmt":"2022-02-22T17:22:29","slug":"realiza-unison-foro-de-fomento-a-la-preservacion-de-la-lengua-materna","status":"publish","type":"post","link":"https:\/\/www.sonoraenequipo.com.mx\/realiza-unison-foro-de-fomento-a-la-preservacion-de-la-lengua-materna\/","title":{"rendered":"Realiza Unison Foro de Fomento a la Preservaci\u00f3n de la Lengua Materna"},"content":{"rendered":"<p>HERMOSILLO,\u00a0 SONORA. MX. \u2014 Como una oportunidad para visibilizar una sociedad que est\u00e1 compuesta por m\u00faltiples grupos culturales y pensar en c\u00f3mo ayudar a conservar su lengua originaria que representa sus costumbres, consider\u00f3 la rectora Mar\u00eda Rita Plancarte Mart\u00ednez, la realizaci\u00f3n del Foro de Fomento a la Preservaci\u00f3n de la Lengua Materna.<\/p>\n<p>&nbsp;<\/p>\n<p> <\/p>\n<p>&nbsp;<\/p>\n<p>El evento se desarroll\u00f3 el lunes (22.02.2022) en el marco del D\u00eda Internacional de la Lengua Materna a trav\u00e9s de la Direcci\u00f3n de Apoyo a Estudiantes, la subdirecci\u00f3n de Bienestar Estudiantil y el Programa de Apoyo Acad\u00e9mico a Estudiantes Ind\u00edgenas (Paaei).<\/p>\n<p>&nbsp;<\/p>\n<p><em>\u201cEste evento significa mucho para la Universidad pues permite, fundamentalmente, visibilizar un aspecto de nuestra comunidad universitaria que ha sido pasado por alto; nos permite hacerla presente en la vida cotidiana y nos obliga a pensar, como organizaci\u00f3n institucional, c\u00f3mo trabajar y hacer que nuestros hablantes de lenguas originarias tengan un espacio vivo para su expresi\u00f3n\u201d<\/em>, destac\u00f3.<\/p>\n<p>&nbsp;<\/p>\n<p>Plancarte Mart\u00ednez dijo que pronto se ver\u00e1n pol\u00edticas encaminadas a que m\u00e1s j\u00f3venes de comunidades originarias, a quienes les cuesta m\u00e1s trabajo acceder a la universidad, puedan tener \u00e9xito en sus estudios universitarios.<\/p>\n<p>&nbsp;<\/p>\n<p><em>\u201cEs en ese sentido que este foro muestra la preocupaci\u00f3n de la Direcci\u00f3n de Apoyo a Estudiantes, el programa de apoyo a estudiantes de los grupos originarios, de los pueblos ind\u00edgenas y la propia institucional por hacer de manera efectivo el derecho a la educaci\u00f3n que tienen estos grupos que hasta hoy, han sido vulnerables y han sido quienes no han tenido las mismas oportunidades\u201d<\/em>, reiter\u00f3.<\/p>\n<p>&nbsp;<\/p>\n<p>6 mil leguas en el mundo en peligro de extinci\u00f3n<\/p>\n<p>&nbsp;<\/p>\n<p>En la inauguraci\u00f3n del evento, presidido por la rectora Plancarte Mart\u00ednez, la titular de la Direcci\u00f3n de Apoyo a Estudiantes, Mar\u00eda Olga Quintana Zavala, habl\u00f3 de la amenaza permanente que existe sobre las lenguas originarias en el mundo e indic\u00f3 que al menos el 43% de las aproximadamente 6 mil lenguas que existen, se encuentran en peligro de extinci\u00f3n.<\/p>\n<p>&nbsp;<\/p>\n<p><em>\u201cM\u00e9xico es uno de los pa\u00edses con m\u00e1s diversidad ling\u00fc\u00edstica en el mundo, pues, en su territorio se hablan al menos 68 lenguas ind\u00edgenas y sin embargo, el 60% est\u00e1 en riesgo de desaparecer\u201d<\/em> puntualiz\u00f3, al se\u00f1alar que por ello, la preservaci\u00f3n de la lengua es muy importante pues en ella se refieren los primeros significados de la humanidad con el mundo.<\/p>\n<p>&nbsp;<\/p>\n<p>Se\u00f1al\u00f3 que el 21 de febrero fue elegido para conmemorar el D\u00eda Internacional de la Lengua Materna en recuerdo de estudiantes muertos a tiros por la polic\u00eda cuando se manifestaban en el movimiento por el idioma bengal\u00ed para que fuera reconocida como lengua oficial de Pakist\u00e1n en el a\u00f1o de 1952.<\/p>\n<p>&nbsp;<\/p>\n<p><em>\u201cLa idea de celebrar el D\u00eda Internacional de la Lengua Materna fue iniciativa de Bangladesh y se aprob\u00f3 en la Conferencia General de la Unesco de 1999 y fue el 8 de junio de 2007 cuando la Asamblea General de la ONU acogi\u00f3 la decisi\u00f3n adoptada por dicha conferencia\u201d<\/em>, cit\u00f3.<\/p>\n<p>&nbsp;<\/p>\n<p>Reconoci\u00f3 la iniciativa de la subdirecci\u00f3n de Bienestar Estudiantil y del \u00e1rea de apoyo acad\u00e9mico a estudiantes ind\u00edgenas Paaei, a cargo de Lynda D\u00edaz Guti\u00e9rrez e Ilze Viviana L\u00f3pez Teposte para organizar el Foro que de seguro enriquecer\u00e1 la formaci\u00f3n integral de los estudiantes.<\/p>\n<p>&nbsp;<\/p>\n<p>&nbsp;<\/p>\n<p>Durante el Foro, realizado en el auditorio del Centro de las Artes, se desarrollaron dos conversatorios en los que se abordaron los temas del Reto de la preservaci\u00f3n de la lengua materna en las nuevas generaciones y Expresi\u00f3n y uso de la Lengua Materna. Experiencia estudiantil, adem\u00e1s de talleres para aprender lengua Yaqui y lengua Mayo.<\/p>\n<p>&nbsp;<\/p>\n<p>&nbsp;<\/p>\n<p>(Publicada el 21\/02\/2022 \/ )<\/p>\n","protected":false},"excerpt":{"rendered":"<p>HERMOSILLO,\u00a0 SONORA. MX. \u2014 Como una oportunidad para visibilizar una sociedad que est\u00e1 compuesta por&#8230;<\/p>\n","protected":false},"author":1,"featured_media":133573,"comment_status":"open","ping_status":"open","sticky":false,"template":"","format":"standard","meta":{"_monsterinsights_skip_tracking":false,"_monsterinsights_sitenote_active":false,"_monsterinsights_sitenote_note":"","_monsterinsights_sitenote_category":0,"footnotes":""},"categories":[22],"tags":[],"class_list":["post"],"yoast_head":" \n<title>Sonora en Equipo. Realiza Unison Foro de Fomento a la Preservaci\u00f3n de la Lengua Materna Sonora<\/title>\n<meta name=\"description\" content=\"HERMOSILLO,\u00a0 SONORA. MX. \u2014 Como una oportunidad para visibilizar una sociedad que est\u00e1 compuesta por m\u00faltiples grupos culturales y pensar en c\u00f3mo ayudar a En Sonora en Equipo publicamos toda la informaci\u00f3n de Sonora, M\u00e9xico y el Mundo de manera oportuna y busca que la libertad de expresi\u00f3n sea real. Visita nuestro medio informativo publicado desde Hermosillo, Sonora. %\" \/>\n<meta name=\"robots\" content=\"index, follow, max-snippet:-1, max-image-preview:large, max-video-preview:-1\" \/>\n<link rel=\"canonical\" href=\"https:\/\/www.sonoraenequipo.com.mx\/realiza-unison-foro-de-fomento-a-la-preservacion-de-la-lengua-materna\/\" \/>\n<meta property=\"og:locale\" content=\"es_ES\" \/>\n<meta property=\"og:type\" content=\"article\" \/>\n<meta property=\"og:title\" content=\"Sonora en Equipo. Realiza Unison Foro de Fomento a la Preservaci\u00f3n de la Lengua Materna Sonora\" \/>\n<meta property=\"og:description\" content=\"HERMOSILLO,\u00a0 SONORA. MX. \u2014 Como una oportunidad para visibilizar una sociedad que est\u00e1 compuesta por m\u00faltiples grupos culturales y pensar en c\u00f3mo ayudar a En Sonora en Equipo publicamos toda la informaci\u00f3n de Sonora, M\u00e9xico y el Mundo de manera oportuna y busca que la libertad de expresi\u00f3n sea real. Visita nuestro medio informativo publicado desde Hermosillo, Sonora. %\" \/>\n<meta property=\"og:url\" content=\"https:\/\/www.sonoraenequipo.com.mx\/realiza-unison-foro-de-fomento-a-la-preservacion-de-la-lengua-materna\/\" \/>\n<meta property=\"og:site_name\" content=\"Sonora en Equipo.\" \/>\n<meta property=\"article:publisher\" content=\"https:\/\/www.facebook.com\/SonoraEE\/\" \/>\n<meta property=\"article:author\" content=\"https:\/\/www.facebook.com\/SonoraEE\" \/>\n<meta property=\"article:published_time\" content=\"2022-02-21T22:00:25+00:00\" \/>\n<meta property=\"article:modified_time\" content=\"2022-02-22T17:22:29+00:00\" \/>\n<meta property=\"og:image\" content=\"https:\/\/www.sonoraenequipo.com.mx\/storage\/2022\/02\/Foro_lengua-materna_opt.jpg\" \/>\n\t<meta property=\"og:image:width\" content=\"700\" \/>\n\t<meta property=\"og:image:height\" content=\"400\" \/>\n\t<meta property=\"og:image:type\" content=\"image\/jpeg\" \/>\n<meta name=\"author\" content=\"enequipo\" \/>\n<meta name=\"twitter:card\" content=\"summary_large_image\" \/>\n<meta name=\"twitter:creator\" content=\"@sonoraenequipo\" \/>\n<meta name=\"twitter:site\" content=\"@sonoraenequipo\" \/>\n<meta name=\"twitter:label1\" content=\"Escrito por\" \/>\n\t<meta name=\"twitter:data1\" content=\"enequipo\" \/>\n\t<meta name=\"twitter:label2\" content=\"Tiempo de lectura\" \/>\n\t<meta name=\"twitter:data2\" content=\"3 minutos\" \/>\n<script type=\"application\/ld+json\" class=\"yoast-schema-graph\">{\"@context\":\"https:\/\/schema.org\",\"@graph\":[{\"@type\":\"Article\",\"@id\":\"https:\/\/www.sonoraenequipo.com.mx\/realiza-unison-foro-de-fomento-a-la-preservacion-de-la-lengua-materna\/#article\",\"isPartOf\":{\"@id\":\"https:\/\/www.sonoraenequipo.com.mx\/realiza-unison-foro-de-fomento-a-la-preservacion-de-la-lengua-materna\/\"},\"author\":{\"name\":\"enequipo\",\"@id\":\"https:\/\/www.sonoraenequipo.com.mx\/#\/schema\/person\/50102df0fb23a8fa9e8effad8fa81386\"},\"headline\":\"Realiza Unison Foro de Fomento a la Preservaci\u00f3n de la Lengua Materna\",\"datePublished\":\"2022-02-21T22:00:25+00:00\",\"dateModified\":\"2022-02-22T17:22:29+00:00\",\"mainEntityOfPage\":{\"@id\":\"https:\/\/www.sonoraenequipo.com.mx\/realiza-unison-foro-de-fomento-a-la-preservacion-de-la-lengua-materna\/\"},\"wordCount\":654,\"commentCount\":0,\"publisher\":{\"@id\":\"https:\/\/www.sonoraenequipo.com.mx\/#organization\"},\"image\":{\"@id\":\"https:\/\/www.sonoraenequipo.com.mx\/realiza-unison-foro-de-fomento-a-la-preservacion-de-la-lengua-materna\/#primaryimage\"},\"thumbnailUrl\":\"https:\/\/www.sonoraenequipo.com.mx\/storage\/2022\/02\/Foro_lengua-materna_opt.jpg\",\"articleSection\":[\"Sonora\"],\"inLanguage\":\"es\",\"potentialAction\":[{\"@type\":\"CommentAction\",\"name\":\"Comment\",\"target\":[\"https:\/\/www.sonoraenequipo.com.mx\/realiza-unison-foro-de-fomento-a-la-preservacion-de-la-lengua-materna\/#respond\"]}]},{\"@type\":\"WebPage\",\"@id\":\"https:\/\/www.sonoraenequipo.com.mx\/realiza-unison-foro-de-fomento-a-la-preservacion-de-la-lengua-materna\/\",\"url\":\"https:\/\/www.sonoraenequipo.com.mx\/realiza-unison-foro-de-fomento-a-la-preservacion-de-la-lengua-materna\/\",\"name\":\"Sonora en Equipo. Realiza Unison Foro de Fomento a la Preservaci\u00f3n de la Lengua Materna Sonora\",\"isPartOf\":{\"@id\":\"https:\/\/www.sonoraenequipo.com.mx\/#website\"},\"primaryImageOfPage\":{\"@id\":\"https:\/\/www.sonoraenequipo.com.mx\/realiza-unison-foro-de-fomento-a-la-preservacion-de-la-lengua-materna\/#primaryimage\"},\"image\":{\"@id\":\"https:\/\/www.sonoraenequipo.com.mx\/realiza-unison-foro-de-fomento-a-la-preservacion-de-la-lengua-materna\/#primaryimage\"},\"thumbnailUrl\":\"https:\/\/www.sonoraenequipo.com.mx\/storage\/2022\/02\/Foro_lengua-materna_opt.jpg\",\"datePublished\":\"2022-02-21T22:00:25+00:00\",\"dateModified\":\"2022-02-22T17:22:29+00:00\",\"description\":\"HERMOSILLO,\u00a0 SONORA. MX. \u2014 Como una oportunidad para visibilizar una sociedad que est\u00e1 compuesta por m\u00faltiples grupos culturales y pensar en c\u00f3mo ayudar a En Sonora en Equipo publicamos toda la informaci\u00f3n de Sonora, M\u00e9xico y el Mundo de manera oportuna y busca que la libertad de expresi\u00f3n sea real. Visita nuestro medio informativo publicado desde Hermosillo, Sonora. %\",\"breadcrumb\":{\"@id\":\"https:\/\/www.sonoraenequipo.com.mx\/realiza-unison-foro-de-fomento-a-la-preservacion-de-la-lengua-materna\/#breadcrumb\"},\"inLanguage\":\"es\",\"potentialAction\":[{\"@type\":\"ReadAction\",\"target\":[\"https:\/\/www.sonoraenequipo.com.mx\/realiza-unison-foro-de-fomento-a-la-preservacion-de-la-lengua-materna\/\"]}]},{\"@type\":\"ImageObject\",\"inLanguage\":\"es\",\"@id\":\"https:\/\/www.sonoraenequipo.com.mx\/realiza-unison-foro-de-fomento-a-la-preservacion-de-la-lengua-materna\/#primaryimage\",\"url\":\"https:\/\/www.sonoraenequipo.com.mx\/storage\/2022\/02\/Foro_lengua-materna_opt.jpg\",\"contentUrl\":\"https:\/\/www.sonoraenequipo.com.mx\/storage\/2022\/02\/Foro_lengua-materna_opt.jpg\",\"width\":700,\"height\":400},{\"@type\":\"BreadcrumbList\",\"@id\":\"https:\/\/www.sonoraenequipo.com.mx\/realiza-unison-foro-de-fomento-a-la-preservacion-de-la-lengua-materna\/#breadcrumb\",\"itemListElement\":[{\"@type\":\"ListItem\",\"position\":1,\"name\":\"Portada\",\"item\":\"https:\/\/www.sonoraenequipo.com.mx\/\"},{\"@type\":\"ListItem\",\"position\":2,\"name\":\"Realiza Unison Foro de Fomento a la Preservaci\u00f3n de la Lengua Materna\"}]},{\"@type\":\"WebSite\",\"@id\":\"https:\/\/www.sonoraenequipo.com.mx\/#website\",\"url\":\"https:\/\/www.sonoraenequipo.com.mx\/\",\"name\":\"Sonora en Equipo.\",\"description\":\"Diario en l\u00ednea con Noticias desde Hermosillo, Sonora\",\"publisher\":{\"@id\":\"https:\/\/www.sonoraenequipo.com.mx\/#organization\"},\"potentialAction\":[{\"@type\":\"SearchAction\",\"target\":{\"@type\":\"EntryPoint\",\"urlTemplate\":\"https:\/\/www.sonoraenequipo.com.mx\/?s={search_term_string}\"},\"query-input\":{\"@type\":\"PropertyValueSpecification\",\"valueRequired\":true,\"valueName\":\"search_term_string\"}}],\"inLanguage\":\"es\"},{\"@type\":\"Organization\",\"@id\":\"https:\/\/www.sonoraenequipo.com.mx\/#organization\",\"name\":\"Sonoraenequipo.com.mx\",\"url\":\"https:\/\/www.sonoraenequipo.com.mx\/\",\"logo\":{\"@type\":\"ImageObject\",\"inLanguage\":\"es\",\"@id\":\"https:\/\/www.sonoraenequipo.com.mx\/#\/schema\/logo\/image\/\",\"url\":\"https:\/\/www.sonoraenequipo.com.mx\/storage\/2019\/01\/sonoraenequipo_opt.png\",\"contentUrl\":\"https:\/\/www.sonoraenequipo.com.mx\/storage\/2019\/01\/sonoraenequipo_opt.png\",\"width\":375,\"height\":125,\"caption\":\"Sonoraenequipo.com.mx\"},\"image\":{\"@id\":\"https:\/\/www.sonoraenequipo.com.mx\/#\/schema\/logo\/image\/\"},\"sameAs\":[\"https:\/\/www.facebook.com\/SonoraEE\/\",\"https:\/\/x.com\/sonoraenequipo\",\"https:\/\/www.youtube.com\/channel\/UC338nW-lPEYmJQs4ZABQ1SQ\"]},{\"@type\":\"Person\",\"@id\":\"https:\/\/www.sonoraenequipo.com.mx\/#\/schema\/person\/50102df0fb23a8fa9e8effad8fa81386\",\"name\":\"enequipo\",\"image\":{\"@type\":\"ImageObject\",\"inLanguage\":\"es\",\"@id\":\"https:\/\/www.sonoraenequipo.com.mx\/#\/schema\/person\/image\/\",\"url\":\"https:\/\/secure.gravatar.com\/avatar\/049821681b589dabc0bc20695993ccebb09f5b5d4d790cd9251b97faac7c652b?s=96&d=blank&r=g\",\"contentUrl\":\"https:\/\/secure.gravatar.com\/avatar\/049821681b589dabc0bc20695993ccebb09f5b5d4d790cd9251b97faac7c652b?s=96&d=blank&r=g\",\"caption\":\"enequipo\"},\"sameAs\":[\"https:\/\/www.facebook.com\/SonoraEE\"]}]}<\/script>\n ","yoast_head_json":{"title":"Sonora en Equipo. Realiza Unison Foro de Fomento a la Preservaci\u00f3n de la Lengua Materna Sonora","description":"HERMOSILLO,\u00a0 SONORA. MX. \u2014 Como una oportunidad para visibilizar una sociedad que est\u00e1 compuesta por m\u00faltiples grupos culturales y pensar en c\u00f3mo ayudar a En Sonora en Equipo publicamos toda la informaci\u00f3n de Sonora, M\u00e9xico y el Mundo de manera oportuna y busca que la libertad de expresi\u00f3n sea real. Visita nuestro medio informativo publicado desde Hermosillo, Sonora. %","robots":{"index":"index","follow":"follow","max-snippet":"max-snippet:-1","max-image-preview":"max-image-preview:large","max-video-preview":"max-video-preview:-1"},"canonical":"https:\/\/www.sonoraenequipo.com.mx\/realiza-unison-foro-de-fomento-a-la-preservacion-de-la-lengua-materna\/","og_locale":"es_ES","og_type":"article","og_title":"Sonora en Equipo. Realiza Unison Foro de Fomento a la Preservaci\u00f3n de la Lengua Materna Sonora","og_description":"HERMOSILLO,\u00a0 SONORA. MX. \u2014 Como una oportunidad para visibilizar una sociedad que est\u00e1 compuesta por m\u00faltiples grupos culturales y pensar en c\u00f3mo ayudar a En Sonora en Equipo publicamos toda la informaci\u00f3n de Sonora, M\u00e9xico y el Mundo de manera oportuna y busca que la libertad de expresi\u00f3n sea real. Visita nuestro medio informativo publicado desde Hermosillo, Sonora. %","og_url":"https:\/\/www.sonoraenequipo.com.mx\/realiza-unison-foro-de-fomento-a-la-preservacion-de-la-lengua-materna\/","og_site_name":"Sonora en Equipo.","article_publisher":"https:\/\/www.facebook.com\/SonoraEE\/","article_author":"https:\/\/www.facebook.com\/SonoraEE","article_published_time":"2022-02-21T22:00:25+00:00","article_modified_time":"2022-02-22T17:22:29+00:00","og_image":[{"width":700,"height":400,"url":"https:\/\/www.sonoraenequipo.com.mx\/storage\/2022\/02\/Foro_lengua-materna_opt.jpg","type":"image\/jpeg"}],"author":"enequipo","twitter_card":"summary_large_image","twitter_creator":"@sonoraenequipo","twitter_site":"@sonoraenequipo","twitter_misc":{"Escrito por":"enequipo","Tiempo de lectura":"3 minutos"},"schema":{"@context":"https:\/\/schema.org","@graph":[{"@type":"Article","@id":"https:\/\/www.sonoraenequipo.com.mx\/realiza-unison-foro-de-fomento-a-la-preservacion-de-la-lengua-materna\/#article","isPartOf":{"@id":"https:\/\/www.sonoraenequipo.com.mx\/realiza-unison-foro-de-fomento-a-la-preservacion-de-la-lengua-materna\/"},"author":{"name":"enequipo","@id":"https:\/\/www.sonoraenequipo.com.mx\/#\/schema\/person\/50102df0fb23a8fa9e8effad8fa81386"},"headline":"Realiza Unison Foro de Fomento a la Preservaci\u00f3n de la Lengua Materna","datePublished":"2022-02-21T22:00:25+00:00","dateModified":"2022-02-22T17:22:29+00:00","mainEntityOfPage":{"@id":"https:\/\/www.sonoraenequipo.com.mx\/realiza-unison-foro-de-fomento-a-la-preservacion-de-la-lengua-materna\/"},"wordCount":654,"commentCount":0,"publisher":{"@id":"https:\/\/www.sonoraenequipo.com.mx\/#organization"},"image":{"@id":"https:\/\/www.sonoraenequipo.com.mx\/realiza-unison-foro-de-fomento-a-la-preservacion-de-la-lengua-materna\/#primaryimage"},"thumbnailUrl":"https:\/\/www.sonoraenequipo.com.mx\/storage\/2022\/02\/Foro_lengua-materna_opt.jpg","articleSection":["Sonora"],"inLanguage":"es","potentialAction":[{"@type":"CommentAction","name":"Comment","target":["https:\/\/www.sonoraenequipo.com.mx\/realiza-unison-foro-de-fomento-a-la-preservacion-de-la-lengua-materna\/#respond"]}]},{"@type":"WebPage","@id":"https:\/\/www.sonoraenequipo.com.mx\/realiza-unison-foro-de-fomento-a-la-preservacion-de-la-lengua-materna\/","url":"https:\/\/www.sonoraenequipo.com.mx\/realiza-unison-foro-de-fomento-a-la-preservacion-de-la-lengua-materna\/","name":"Sonora en Equipo. Realiza Unison Foro de Fomento a la Preservaci\u00f3n de la Lengua Materna Sonora","isPartOf":{"@id":"https:\/\/www.sonoraenequipo.com.mx\/#website"},"primaryImageOfPage":{"@id":"https:\/\/www.sonoraenequipo.com.mx\/realiza-unison-foro-de-fomento-a-la-preservacion-de-la-lengua-materna\/#primaryimage"},"image":{"@id":"https:\/\/www.sonoraenequipo.com.mx\/realiza-unison-foro-de-fomento-a-la-preservacion-de-la-lengua-materna\/#primaryimage"},"thumbnailUrl":"https:\/\/www.sonoraenequipo.com.mx\/storage\/2022\/02\/Foro_lengua-materna_opt.jpg","datePublished":"2022-02-21T22:00:25+00:00","dateModified":"2022-02-22T17:22:29+00:00","description":"HERMOSILLO,\u00a0 SONORA. MX. \u2014 Como una oportunidad para visibilizar una sociedad que est\u00e1 compuesta por m\u00faltiples grupos culturales y pensar en c\u00f3mo ayudar a En Sonora en Equipo publicamos toda la informaci\u00f3n de Sonora, M\u00e9xico y el Mundo de manera oportuna y busca que la libertad de expresi\u00f3n sea real. Visita nuestro medio informativo publicado desde Hermosillo, Sonora. %","breadcrumb":{"@id":"https:\/\/www.sonoraenequipo.com.mx\/realiza-unison-foro-de-fomento-a-la-preservacion-de-la-lengua-materna\/#breadcrumb"},"inLanguage":"es","potentialAction":[{"@type":"ReadAction","target":["https:\/\/www.sonoraenequipo.com.mx\/realiza-unison-foro-de-fomento-a-la-preservacion-de-la-lengua-materna\/"]}]},{"@type":"ImageObject","inLanguage":"es","@id":"https:\/\/www.sonoraenequipo.com.mx\/realiza-unison-foro-de-fomento-a-la-preservacion-de-la-lengua-materna\/#primaryimage","url":"https:\/\/www.sonoraenequipo.com.mx\/storage\/2022\/02\/Foro_lengua-materna_opt.jpg","contentUrl":"https:\/\/www.sonoraenequipo.com.mx\/storage\/2022\/02\/Foro_lengua-materna_opt.jpg","width":700,"height":400},{"@type":"BreadcrumbList","@id":"https:\/\/www.sonoraenequipo.com.mx\/realiza-unison-foro-de-fomento-a-la-preservacion-de-la-lengua-materna\/#breadcrumb","itemListElement":[{"@type":"ListItem","position":1,"name":"Portada","item":"https:\/\/www.sonoraenequipo.com.mx\/"},{"@type":"ListItem","position":2,"name":"Realiza Unison Foro de Fomento a la Preservaci\u00f3n de la Lengua Materna"}]},{"@type":"WebSite","@id":"https:\/\/www.sonoraenequipo.com.mx\/#website","url":"https:\/\/www.sonoraenequipo.com.mx\/","name":"Sonora en Equipo.","description":"Diario en l\u00ednea con Noticias desde Hermosillo, Sonora","publisher":{"@id":"https:\/\/www.sonoraenequipo.com.mx\/#organization"},"potentialAction":[{"@type":"SearchAction","target":{"@type":"EntryPoint","urlTemplate":"https:\/\/www.sonoraenequipo.com.mx\/?s={search_term_string}"},"query-input":{"@type":"PropertyValueSpecification","valueRequired":true,"valueName":"search_term_string"}}],"inLanguage":"es"},{"@type":"Organization","@id":"https:\/\/www.sonoraenequipo.com.mx\/#organization","name":"Sonoraenequipo.com.mx","url":"https:\/\/www.sonoraenequipo.com.mx\/","logo":{"@type":"ImageObject","inLanguage":"es","@id":"https:\/\/www.sonoraenequipo.com.mx\/#\/schema\/logo\/image\/","url":"https:\/\/www.sonoraenequipo.com.mx\/storage\/2019\/01\/sonoraenequipo_opt.png","contentUrl":"https:\/\/www.sonoraenequipo.com.mx\/storage\/2019\/01\/sonoraenequipo_opt.png","width":375,"height":125,"caption":"Sonoraenequipo.com.mx"},"image":{"@id":"https:\/\/www.sonoraenequipo.com.mx\/#\/schema\/logo\/image\/"},"sameAs":["https:\/\/www.facebook.com\/SonoraEE\/","https:\/\/x.com\/sonoraenequipo","https:\/\/www.youtube.com\/channel\/UC338nW-lPEYmJQs4ZABQ1SQ"]},{"@type":"Person","@id":"https:\/\/www.sonoraenequipo.com.mx\/#\/schema\/person\/50102df0fb23a8fa9e8effad8fa81386","name":"enequipo","image":{"@type":"ImageObject","inLanguage":"es","@id":"https:\/\/www.sonoraenequipo.com.mx\/#\/schema\/person\/image\/","url":"https:\/\/secure.gravatar.com\/avatar\/049821681b589dabc0bc20695993ccebb09f5b5d4d790cd9251b97faac7c652b?s=96&d=blank&r=g","contentUrl":"https:\/\/secure.gravatar.com\/avatar\/049821681b589dabc0bc20695993ccebb09f5b5d4d790cd9251b97faac7c652b?s=96&d=blank&r=g","caption":"enequipo"},"sameAs":["https:\/\/www.facebook.com\/SonoraEE"]}]}},"jetpack_featured_media_url":"https:\/\/www.sonoraenequipo.com.mx\/storage\/2022\/02\/Foro_lengua-materna_opt.jpg","_links":{"self":[{"href":"https:\/\/www.sonoraenequipo.com.mx\/api\/wp\/v2\/posts\/133571","targetHints":{"allow":["GET"]}}],"collection":[{"href":"https:\/\/www.sonoraenequipo.com.mx\/api\/wp\/v2\/posts"}],"about":[{"href":"https:\/\/www.sonoraenequipo.com.mx\/api\/wp\/v2\/types\/post"}],"author":[{"embeddable":true,"href":"https:\/\/www.sonoraenequipo.com.mx\/api\/wp\/v2\/users\/1"}],"replies":[{"embeddable":true,"href":"https:\/\/www.sonoraenequipo.com.mx\/api\/wp\/v2\/comments?post=133571"}],"version-history":[{"count":1,"href":"https:\/\/www.sonoraenequipo.com.mx\/api\/wp\/v2\/posts\/133571\/revisions"}],"predecessor-version":[{"id":133574,"href":"https:\/\/www.sonoraenequipo.com.mx\/api\/wp\/v2\/posts\/133571\/revisions\/133574"}],"wp:featuredmedia":[{"embeddable":true,"href":"https:\/\/www.sonoraenequipo.com.mx\/api\/wp\/v2\/media\/133573"}],"wp:attachment":[{"href":"https:\/\/www.sonoraenequipo.com.mx\/api\/wp\/v2\/media?parent=133571"}],"wp:term":[{"taxonomy":"category","embeddable":true,"href":"https:\/\/www.sonoraenequipo.com.mx\/api\/wp\/v2\/categories?post=133571"},{"taxonomy":"post_tag","embeddable":true,"href":"https:\/\/www.sonoraenequipo.com.mx\/api\/wp\/v2\/tags?post=133571"}],"curies":[{"name":"wp","href":"https:\/\/api.w.org\/{rel}","templated":true}]}}