{"id":133575,"date":"2022-02-21T19:15:24","date_gmt":"2022-02-22T02:15:24","guid":{"rendered":"https:\/\/www.sonoraenequipo.com.mx\/?p=133575"},"modified":"2022-02-22T13:35:03","modified_gmt":"2022-02-22T20:35:03","slug":"organiza-sec-foro-de-analisis-de-la-ley-general-de-educacion-superior","status":"publish","type":"post","link":"https:\/\/www.sonoraenequipo.com.mx\/organiza-sec-foro-de-analisis-de-la-ley-general-de-educacion-superior\/","title":{"rendered":"Organiza SEC Foro de An\u00e1lisis de la Ley General de Educaci\u00f3n Superior"},"content":{"rendered":"<p>HERMOSILLO,\u00a0 SONORA\u00a0 MX. \u2014\u00a0 A fin de identificar los cambios necesarios en la normativa estatal, la Secretar\u00eda de Educaci\u00f3n y Cultura (SEC), a trav\u00e9s de la Comisi\u00f3n Estatal para la Planeaci\u00f3n de la Educaci\u00f3n Superior en Sonora (Coepes), realizar\u00e1 el Foro estatal de An\u00e1lisis para la Armonizaci\u00f3n Normativa derivada de la Ley General de Educaci\u00f3n Superior (LGES).<\/p>\n<p>&nbsp;<\/p>\n<p> <\/p>\n<p>El subsecretario de Educaci\u00f3n Media Superior y Superior; Rodolfo Basurto \u00c1lvarez, indic\u00f3 que el evento se efectuar\u00e1 el 28 de febrero en modalidad h\u00edbrida, en nueve sedes simult\u00e1neas en el estado, y se instalar\u00e1n mesas tem\u00e1ticas, paneles de expertos y la conferencia magistral del subsecretario de Educaci\u00f3n Media y Media Superior a nivel federal, Luciano Concheiro B\u00f3rquez.<\/p>\n<p>&nbsp;<\/p>\n<p>A\u00f1adi\u00f3 que el registro como ponente o asistente se encuentra abierto hasta el 24 de febrero, y va dirigido a estudiantes, acad\u00e9micas y acad\u00e9micos de las Instituciones de Educaci\u00f3n Superior (IES) estatales, as\u00ed como a representantes de los sectores sindical, productivo y legislativo interesados en la materia.<\/p>\n<p>&nbsp;<\/p>\n<p><em>\u201cEl an\u00e1lisis se organizar\u00e1 en mesas referentes a temas como: el Derecho a la educaci\u00f3n superior; la Educaci\u00f3n Superior en el Sistema Educativo Nacional; las Acciones, concurrencia y competencias del Estado; el Financiamiento de la Educaci\u00f3n superior, entre otros\u201d,<\/em> abund\u00f3.<\/p>\n<p>&nbsp;<\/p>\n<p>Por su parte, la titular de la Coepes Sonora, Blanca Aurelia Valenzuela, indic\u00f3 que, adem\u00e1s de armonizar el marco normativo estatal y de las IES con la LGES, publicada en abril de 2021, el prop\u00f3sito del evento es generar productos que se conviertan en material de consulta acad\u00e9mica.<\/p>\n<p>&nbsp;<\/p>\n<p><em>\u201cPor eso tambi\u00e9n el proyecto de generar una publicaci\u00f3n con registro ISBN y generar constancias de participaci\u00f3n para que los interesados en esta l\u00ednea puedan seguir dialogando en el tema\u201d,<\/em> puntualiz\u00f3.<\/p>\n<p>&nbsp;<\/p>\n<p>&nbsp;<\/p>\n<p>(Publicada el 21\/02\/2022 \/Con informaci\u00f3n de GOBSON 0222127)<\/p>\n","protected":false},"excerpt":{"rendered":"<p>HERMOSILLO,\u00a0 SONORA\u00a0 MX. \u2014\u00a0 A fin de identificar los cambios necesarios en la normativa estatal,&#8230;<\/p>\n","protected":false},"author":1,"featured_media":133576,"comment_status":"open","ping_status":"open","sticky":false,"template":"","format":"standard","meta":{"_monsterinsights_skip_tracking":false,"_monsterinsights_sitenote_active":false,"_monsterinsights_sitenote_note":"","_monsterinsights_sitenote_category":0,"footnotes":""},"categories":[22],"tags":[],"class_list":["post"],"yoast_head":" \n<title>Sonora en Equipo. Organiza SEC Foro de An\u00e1lisis de la Ley General de Educaci\u00f3n Superior Sonora<\/title>\n<meta name=\"description\" content=\"HERMOSILLO,\u00a0 SONORA\u00a0 MX. \u2014\u00a0 A fin de identificar los cambios necesarios en la normativa estatal, la Secretar\u00eda de Educaci\u00f3n y Cultura (SEC), a trav\u00e9s de En Sonora en Equipo publicamos toda la informaci\u00f3n de Sonora, M\u00e9xico y el Mundo de manera oportuna y busca que la libertad de expresi\u00f3n sea real. Visita nuestro medio informativo publicado desde Hermosillo, Sonora. %\" \/>\n<meta name=\"robots\" content=\"index, follow, max-snippet:-1, max-image-preview:large, max-video-preview:-1\" \/>\n<link rel=\"canonical\" href=\"https:\/\/www.sonoraenequipo.com.mx\/organiza-sec-foro-de-analisis-de-la-ley-general-de-educacion-superior\/\" \/>\n<meta property=\"og:locale\" content=\"es_ES\" \/>\n<meta property=\"og:type\" content=\"article\" \/>\n<meta property=\"og:title\" content=\"Sonora en Equipo. Organiza SEC Foro de An\u00e1lisis de la Ley General de Educaci\u00f3n Superior Sonora\" \/>\n<meta property=\"og:description\" content=\"HERMOSILLO,\u00a0 SONORA\u00a0 MX. \u2014\u00a0 A fin de identificar los cambios necesarios en la normativa estatal, la Secretar\u00eda de Educaci\u00f3n y Cultura (SEC), a trav\u00e9s de En Sonora en Equipo publicamos toda la informaci\u00f3n de Sonora, M\u00e9xico y el Mundo de manera oportuna y busca que la libertad de expresi\u00f3n sea real. Visita nuestro medio informativo publicado desde Hermosillo, Sonora. %\" \/>\n<meta property=\"og:url\" content=\"https:\/\/www.sonoraenequipo.com.mx\/organiza-sec-foro-de-analisis-de-la-ley-general-de-educacion-superior\/\" \/>\n<meta property=\"og:site_name\" content=\"Sonora en Equipo.\" \/>\n<meta property=\"article:publisher\" content=\"https:\/\/www.facebook.com\/SonoraEE\/\" \/>\n<meta property=\"article:author\" content=\"https:\/\/www.facebook.com\/SonoraEE\" \/>\n<meta property=\"article:published_time\" content=\"2022-02-22T02:15:24+00:00\" \/>\n<meta property=\"article:modified_time\" content=\"2022-02-22T20:35:03+00:00\" \/>\n<meta property=\"og:image\" content=\"https:\/\/www.sonoraenequipo.com.mx\/storage\/2022\/02\/organiza-SEC-foro-de-analisis-Ley-Gral-de-EDUCACION-SUPERIOR-0222127_opt.jpg\" \/>\n\t<meta property=\"og:image:width\" content=\"700\" \/>\n\t<meta property=\"og:image:height\" content=\"400\" \/>\n\t<meta property=\"og:image:type\" content=\"image\/jpeg\" \/>\n<meta name=\"author\" content=\"enequipo\" \/>\n<meta name=\"twitter:card\" content=\"summary_large_image\" \/>\n<meta name=\"twitter:creator\" content=\"@sonoraenequipo\" \/>\n<meta name=\"twitter:site\" content=\"@sonoraenequipo\" \/>\n<meta name=\"twitter:label1\" content=\"Escrito por\" \/>\n\t<meta name=\"twitter:data1\" content=\"enequipo\" \/>\n\t<meta name=\"twitter:label2\" content=\"Tiempo de lectura\" \/>\n\t<meta name=\"twitter:data2\" content=\"2 minutos\" \/>\n<script type=\"application\/ld+json\" class=\"yoast-schema-graph\">{\"@context\":\"https:\/\/schema.org\",\"@graph\":[{\"@type\":\"Article\",\"@id\":\"https:\/\/www.sonoraenequipo.com.mx\/organiza-sec-foro-de-analisis-de-la-ley-general-de-educacion-superior\/#article\",\"isPartOf\":{\"@id\":\"https:\/\/www.sonoraenequipo.com.mx\/organiza-sec-foro-de-analisis-de-la-ley-general-de-educacion-superior\/\"},\"author\":{\"name\":\"enequipo\",\"@id\":\"https:\/\/www.sonoraenequipo.com.mx\/#\/schema\/person\/50102df0fb23a8fa9e8effad8fa81386\"},\"headline\":\"Organiza SEC Foro de An\u00e1lisis de la Ley General de Educaci\u00f3n Superior\",\"datePublished\":\"2022-02-22T02:15:24+00:00\",\"dateModified\":\"2022-02-22T20:35:03+00:00\",\"mainEntityOfPage\":{\"@id\":\"https:\/\/www.sonoraenequipo.com.mx\/organiza-sec-foro-de-analisis-de-la-ley-general-de-educacion-superior\/\"},\"wordCount\":335,\"commentCount\":0,\"publisher\":{\"@id\":\"https:\/\/www.sonoraenequipo.com.mx\/#organization\"},\"image\":{\"@id\":\"https:\/\/www.sonoraenequipo.com.mx\/organiza-sec-foro-de-analisis-de-la-ley-general-de-educacion-superior\/#primaryimage\"},\"thumbnailUrl\":\"https:\/\/www.sonoraenequipo.com.mx\/storage\/2022\/02\/organiza-SEC-foro-de-analisis-Ley-Gral-de-EDUCACION-SUPERIOR-0222127_opt.jpg\",\"articleSection\":[\"Sonora\"],\"inLanguage\":\"es\",\"potentialAction\":[{\"@type\":\"CommentAction\",\"name\":\"Comment\",\"target\":[\"https:\/\/www.sonoraenequipo.com.mx\/organiza-sec-foro-de-analisis-de-la-ley-general-de-educacion-superior\/#respond\"]}]},{\"@type\":\"WebPage\",\"@id\":\"https:\/\/www.sonoraenequipo.com.mx\/organiza-sec-foro-de-analisis-de-la-ley-general-de-educacion-superior\/\",\"url\":\"https:\/\/www.sonoraenequipo.com.mx\/organiza-sec-foro-de-analisis-de-la-ley-general-de-educacion-superior\/\",\"name\":\"Sonora en Equipo. Organiza SEC Foro de An\u00e1lisis de la Ley General de Educaci\u00f3n Superior Sonora\",\"isPartOf\":{\"@id\":\"https:\/\/www.sonoraenequipo.com.mx\/#website\"},\"primaryImageOfPage\":{\"@id\":\"https:\/\/www.sonoraenequipo.com.mx\/organiza-sec-foro-de-analisis-de-la-ley-general-de-educacion-superior\/#primaryimage\"},\"image\":{\"@id\":\"https:\/\/www.sonoraenequipo.com.mx\/organiza-sec-foro-de-analisis-de-la-ley-general-de-educacion-superior\/#primaryimage\"},\"thumbnailUrl\":\"https:\/\/www.sonoraenequipo.com.mx\/storage\/2022\/02\/organiza-SEC-foro-de-analisis-Ley-Gral-de-EDUCACION-SUPERIOR-0222127_opt.jpg\",\"datePublished\":\"2022-02-22T02:15:24+00:00\",\"dateModified\":\"2022-02-22T20:35:03+00:00\",\"description\":\"HERMOSILLO,\u00a0 SONORA\u00a0 MX. \u2014\u00a0 A fin de identificar los cambios necesarios en la normativa estatal, la Secretar\u00eda de Educaci\u00f3n y Cultura (SEC), a trav\u00e9s de En Sonora en Equipo publicamos toda la informaci\u00f3n de Sonora, M\u00e9xico y el Mundo de manera oportuna y busca que la libertad de expresi\u00f3n sea real. Visita nuestro medio informativo publicado desde Hermosillo, Sonora. %\",\"breadcrumb\":{\"@id\":\"https:\/\/www.sonoraenequipo.com.mx\/organiza-sec-foro-de-analisis-de-la-ley-general-de-educacion-superior\/#breadcrumb\"},\"inLanguage\":\"es\",\"potentialAction\":[{\"@type\":\"ReadAction\",\"target\":[\"https:\/\/www.sonoraenequipo.com.mx\/organiza-sec-foro-de-analisis-de-la-ley-general-de-educacion-superior\/\"]}]},{\"@type\":\"ImageObject\",\"inLanguage\":\"es\",\"@id\":\"https:\/\/www.sonoraenequipo.com.mx\/organiza-sec-foro-de-analisis-de-la-ley-general-de-educacion-superior\/#primaryimage\",\"url\":\"https:\/\/www.sonoraenequipo.com.mx\/storage\/2022\/02\/organiza-SEC-foro-de-analisis-Ley-Gral-de-EDUCACION-SUPERIOR-0222127_opt.jpg\",\"contentUrl\":\"https:\/\/www.sonoraenequipo.com.mx\/storage\/2022\/02\/organiza-SEC-foro-de-analisis-Ley-Gral-de-EDUCACION-SUPERIOR-0222127_opt.jpg\",\"width\":700,\"height\":400},{\"@type\":\"BreadcrumbList\",\"@id\":\"https:\/\/www.sonoraenequipo.com.mx\/organiza-sec-foro-de-analisis-de-la-ley-general-de-educacion-superior\/#breadcrumb\",\"itemListElement\":[{\"@type\":\"ListItem\",\"position\":1,\"name\":\"Portada\",\"item\":\"https:\/\/www.sonoraenequipo.com.mx\/\"},{\"@type\":\"ListItem\",\"position\":2,\"name\":\"Organiza SEC Foro de An\u00e1lisis de la Ley General de Educaci\u00f3n Superior\"}]},{\"@type\":\"WebSite\",\"@id\":\"https:\/\/www.sonoraenequipo.com.mx\/#website\",\"url\":\"https:\/\/www.sonoraenequipo.com.mx\/\",\"name\":\"Sonora en Equipo.\",\"description\":\"Diario en l\u00ednea con Noticias desde Hermosillo, Sonora\",\"publisher\":{\"@id\":\"https:\/\/www.sonoraenequipo.com.mx\/#organization\"},\"potentialAction\":[{\"@type\":\"SearchAction\",\"target\":{\"@type\":\"EntryPoint\",\"urlTemplate\":\"https:\/\/www.sonoraenequipo.com.mx\/?s={search_term_string}\"},\"query-input\":{\"@type\":\"PropertyValueSpecification\",\"valueRequired\":true,\"valueName\":\"search_term_string\"}}],\"inLanguage\":\"es\"},{\"@type\":\"Organization\",\"@id\":\"https:\/\/www.sonoraenequipo.com.mx\/#organization\",\"name\":\"Sonoraenequipo.com.mx\",\"url\":\"https:\/\/www.sonoraenequipo.com.mx\/\",\"logo\":{\"@type\":\"ImageObject\",\"inLanguage\":\"es\",\"@id\":\"https:\/\/www.sonoraenequipo.com.mx\/#\/schema\/logo\/image\/\",\"url\":\"https:\/\/www.sonoraenequipo.com.mx\/storage\/2019\/01\/sonoraenequipo_opt.png\",\"contentUrl\":\"https:\/\/www.sonoraenequipo.com.mx\/storage\/2019\/01\/sonoraenequipo_opt.png\",\"width\":375,\"height\":125,\"caption\":\"Sonoraenequipo.com.mx\"},\"image\":{\"@id\":\"https:\/\/www.sonoraenequipo.com.mx\/#\/schema\/logo\/image\/\"},\"sameAs\":[\"https:\/\/www.facebook.com\/SonoraEE\/\",\"https:\/\/x.com\/sonoraenequipo\",\"https:\/\/www.youtube.com\/channel\/UC338nW-lPEYmJQs4ZABQ1SQ\"]},{\"@type\":\"Person\",\"@id\":\"https:\/\/www.sonoraenequipo.com.mx\/#\/schema\/person\/50102df0fb23a8fa9e8effad8fa81386\",\"name\":\"enequipo\",\"image\":{\"@type\":\"ImageObject\",\"inLanguage\":\"es\",\"@id\":\"https:\/\/www.sonoraenequipo.com.mx\/#\/schema\/person\/image\/\",\"url\":\"https:\/\/secure.gravatar.com\/avatar\/049821681b589dabc0bc20695993ccebb09f5b5d4d790cd9251b97faac7c652b?s=96&d=blank&r=g\",\"contentUrl\":\"https:\/\/secure.gravatar.com\/avatar\/049821681b589dabc0bc20695993ccebb09f5b5d4d790cd9251b97faac7c652b?s=96&d=blank&r=g\",\"caption\":\"enequipo\"},\"sameAs\":[\"https:\/\/www.facebook.com\/SonoraEE\"]}]}<\/script>\n ","yoast_head_json":{"title":"Sonora en Equipo. Organiza SEC Foro de An\u00e1lisis de la Ley General de Educaci\u00f3n Superior Sonora","description":"HERMOSILLO,\u00a0 SONORA\u00a0 MX. \u2014\u00a0 A fin de identificar los cambios necesarios en la normativa estatal, la Secretar\u00eda de Educaci\u00f3n y Cultura (SEC), a trav\u00e9s de En Sonora en Equipo publicamos toda la informaci\u00f3n de Sonora, M\u00e9xico y el Mundo de manera oportuna y busca que la libertad de expresi\u00f3n sea real. Visita nuestro medio informativo publicado desde Hermosillo, Sonora. %","robots":{"index":"index","follow":"follow","max-snippet":"max-snippet:-1","max-image-preview":"max-image-preview:large","max-video-preview":"max-video-preview:-1"},"canonical":"https:\/\/www.sonoraenequipo.com.mx\/organiza-sec-foro-de-analisis-de-la-ley-general-de-educacion-superior\/","og_locale":"es_ES","og_type":"article","og_title":"Sonora en Equipo. Organiza SEC Foro de An\u00e1lisis de la Ley General de Educaci\u00f3n Superior Sonora","og_description":"HERMOSILLO,\u00a0 SONORA\u00a0 MX. \u2014\u00a0 A fin de identificar los cambios necesarios en la normativa estatal, la Secretar\u00eda de Educaci\u00f3n y Cultura (SEC), a trav\u00e9s de En Sonora en Equipo publicamos toda la informaci\u00f3n de Sonora, M\u00e9xico y el Mundo de manera oportuna y busca que la libertad de expresi\u00f3n sea real. Visita nuestro medio informativo publicado desde Hermosillo, Sonora. %","og_url":"https:\/\/www.sonoraenequipo.com.mx\/organiza-sec-foro-de-analisis-de-la-ley-general-de-educacion-superior\/","og_site_name":"Sonora en Equipo.","article_publisher":"https:\/\/www.facebook.com\/SonoraEE\/","article_author":"https:\/\/www.facebook.com\/SonoraEE","article_published_time":"2022-02-22T02:15:24+00:00","article_modified_time":"2022-02-22T20:35:03+00:00","og_image":[{"width":700,"height":400,"url":"https:\/\/www.sonoraenequipo.com.mx\/storage\/2022\/02\/organiza-SEC-foro-de-analisis-Ley-Gral-de-EDUCACION-SUPERIOR-0222127_opt.jpg","type":"image\/jpeg"}],"author":"enequipo","twitter_card":"summary_large_image","twitter_creator":"@sonoraenequipo","twitter_site":"@sonoraenequipo","twitter_misc":{"Escrito por":"enequipo","Tiempo de lectura":"2 minutos"},"schema":{"@context":"https:\/\/schema.org","@graph":[{"@type":"Article","@id":"https:\/\/www.sonoraenequipo.com.mx\/organiza-sec-foro-de-analisis-de-la-ley-general-de-educacion-superior\/#article","isPartOf":{"@id":"https:\/\/www.sonoraenequipo.com.mx\/organiza-sec-foro-de-analisis-de-la-ley-general-de-educacion-superior\/"},"author":{"name":"enequipo","@id":"https:\/\/www.sonoraenequipo.com.mx\/#\/schema\/person\/50102df0fb23a8fa9e8effad8fa81386"},"headline":"Organiza SEC Foro de An\u00e1lisis de la Ley General de Educaci\u00f3n Superior","datePublished":"2022-02-22T02:15:24+00:00","dateModified":"2022-02-22T20:35:03+00:00","mainEntityOfPage":{"@id":"https:\/\/www.sonoraenequipo.com.mx\/organiza-sec-foro-de-analisis-de-la-ley-general-de-educacion-superior\/"},"wordCount":335,"commentCount":0,"publisher":{"@id":"https:\/\/www.sonoraenequipo.com.mx\/#organization"},"image":{"@id":"https:\/\/www.sonoraenequipo.com.mx\/organiza-sec-foro-de-analisis-de-la-ley-general-de-educacion-superior\/#primaryimage"},"thumbnailUrl":"https:\/\/www.sonoraenequipo.com.mx\/storage\/2022\/02\/organiza-SEC-foro-de-analisis-Ley-Gral-de-EDUCACION-SUPERIOR-0222127_opt.jpg","articleSection":["Sonora"],"inLanguage":"es","potentialAction":[{"@type":"CommentAction","name":"Comment","target":["https:\/\/www.sonoraenequipo.com.mx\/organiza-sec-foro-de-analisis-de-la-ley-general-de-educacion-superior\/#respond"]}]},{"@type":"WebPage","@id":"https:\/\/www.sonoraenequipo.com.mx\/organiza-sec-foro-de-analisis-de-la-ley-general-de-educacion-superior\/","url":"https:\/\/www.sonoraenequipo.com.mx\/organiza-sec-foro-de-analisis-de-la-ley-general-de-educacion-superior\/","name":"Sonora en Equipo. Organiza SEC Foro de An\u00e1lisis de la Ley General de Educaci\u00f3n Superior Sonora","isPartOf":{"@id":"https:\/\/www.sonoraenequipo.com.mx\/#website"},"primaryImageOfPage":{"@id":"https:\/\/www.sonoraenequipo.com.mx\/organiza-sec-foro-de-analisis-de-la-ley-general-de-educacion-superior\/#primaryimage"},"image":{"@id":"https:\/\/www.sonoraenequipo.com.mx\/organiza-sec-foro-de-analisis-de-la-ley-general-de-educacion-superior\/#primaryimage"},"thumbnailUrl":"https:\/\/www.sonoraenequipo.com.mx\/storage\/2022\/02\/organiza-SEC-foro-de-analisis-Ley-Gral-de-EDUCACION-SUPERIOR-0222127_opt.jpg","datePublished":"2022-02-22T02:15:24+00:00","dateModified":"2022-02-22T20:35:03+00:00","description":"HERMOSILLO,\u00a0 SONORA\u00a0 MX. \u2014\u00a0 A fin de identificar los cambios necesarios en la normativa estatal, la Secretar\u00eda de Educaci\u00f3n y Cultura (SEC), a trav\u00e9s de En Sonora en Equipo publicamos toda la informaci\u00f3n de Sonora, M\u00e9xico y el Mundo de manera oportuna y busca que la libertad de expresi\u00f3n sea real. Visita nuestro medio informativo publicado desde Hermosillo, Sonora. %","breadcrumb":{"@id":"https:\/\/www.sonoraenequipo.com.mx\/organiza-sec-foro-de-analisis-de-la-ley-general-de-educacion-superior\/#breadcrumb"},"inLanguage":"es","potentialAction":[{"@type":"ReadAction","target":["https:\/\/www.sonoraenequipo.com.mx\/organiza-sec-foro-de-analisis-de-la-ley-general-de-educacion-superior\/"]}]},{"@type":"ImageObject","inLanguage":"es","@id":"https:\/\/www.sonoraenequipo.com.mx\/organiza-sec-foro-de-analisis-de-la-ley-general-de-educacion-superior\/#primaryimage","url":"https:\/\/www.sonoraenequipo.com.mx\/storage\/2022\/02\/organiza-SEC-foro-de-analisis-Ley-Gral-de-EDUCACION-SUPERIOR-0222127_opt.jpg","contentUrl":"https:\/\/www.sonoraenequipo.com.mx\/storage\/2022\/02\/organiza-SEC-foro-de-analisis-Ley-Gral-de-EDUCACION-SUPERIOR-0222127_opt.jpg","width":700,"height":400},{"@type":"BreadcrumbList","@id":"https:\/\/www.sonoraenequipo.com.mx\/organiza-sec-foro-de-analisis-de-la-ley-general-de-educacion-superior\/#breadcrumb","itemListElement":[{"@type":"ListItem","position":1,"name":"Portada","item":"https:\/\/www.sonoraenequipo.com.mx\/"},{"@type":"ListItem","position":2,"name":"Organiza SEC Foro de An\u00e1lisis de la Ley General de Educaci\u00f3n Superior"}]},{"@type":"WebSite","@id":"https:\/\/www.sonoraenequipo.com.mx\/#website","url":"https:\/\/www.sonoraenequipo.com.mx\/","name":"Sonora en Equipo.","description":"Diario en l\u00ednea con Noticias desde Hermosillo, Sonora","publisher":{"@id":"https:\/\/www.sonoraenequipo.com.mx\/#organization"},"potentialAction":[{"@type":"SearchAction","target":{"@type":"EntryPoint","urlTemplate":"https:\/\/www.sonoraenequipo.com.mx\/?s={search_term_string}"},"query-input":{"@type":"PropertyValueSpecification","valueRequired":true,"valueName":"search_term_string"}}],"inLanguage":"es"},{"@type":"Organization","@id":"https:\/\/www.sonoraenequipo.com.mx\/#organization","name":"Sonoraenequipo.com.mx","url":"https:\/\/www.sonoraenequipo.com.mx\/","logo":{"@type":"ImageObject","inLanguage":"es","@id":"https:\/\/www.sonoraenequipo.com.mx\/#\/schema\/logo\/image\/","url":"https:\/\/www.sonoraenequipo.com.mx\/storage\/2019\/01\/sonoraenequipo_opt.png","contentUrl":"https:\/\/www.sonoraenequipo.com.mx\/storage\/2019\/01\/sonoraenequipo_opt.png","width":375,"height":125,"caption":"Sonoraenequipo.com.mx"},"image":{"@id":"https:\/\/www.sonoraenequipo.com.mx\/#\/schema\/logo\/image\/"},"sameAs":["https:\/\/www.facebook.com\/SonoraEE\/","https:\/\/x.com\/sonoraenequipo","https:\/\/www.youtube.com\/channel\/UC338nW-lPEYmJQs4ZABQ1SQ"]},{"@type":"Person","@id":"https:\/\/www.sonoraenequipo.com.mx\/#\/schema\/person\/50102df0fb23a8fa9e8effad8fa81386","name":"enequipo","image":{"@type":"ImageObject","inLanguage":"es","@id":"https:\/\/www.sonoraenequipo.com.mx\/#\/schema\/person\/image\/","url":"https:\/\/secure.gravatar.com\/avatar\/049821681b589dabc0bc20695993ccebb09f5b5d4d790cd9251b97faac7c652b?s=96&d=blank&r=g","contentUrl":"https:\/\/secure.gravatar.com\/avatar\/049821681b589dabc0bc20695993ccebb09f5b5d4d790cd9251b97faac7c652b?s=96&d=blank&r=g","caption":"enequipo"},"sameAs":["https:\/\/www.facebook.com\/SonoraEE"]}]}},"jetpack_featured_media_url":"https:\/\/www.sonoraenequipo.com.mx\/storage\/2022\/02\/organiza-SEC-foro-de-analisis-Ley-Gral-de-EDUCACION-SUPERIOR-0222127_opt.jpg","_links":{"self":[{"href":"https:\/\/www.sonoraenequipo.com.mx\/api\/wp\/v2\/posts\/133575","targetHints":{"allow":["GET"]}}],"collection":[{"href":"https:\/\/www.sonoraenequipo.com.mx\/api\/wp\/v2\/posts"}],"about":[{"href":"https:\/\/www.sonoraenequipo.com.mx\/api\/wp\/v2\/types\/post"}],"author":[{"embeddable":true,"href":"https:\/\/www.sonoraenequipo.com.mx\/api\/wp\/v2\/users\/1"}],"replies":[{"embeddable":true,"href":"https:\/\/www.sonoraenequipo.com.mx\/api\/wp\/v2\/comments?post=133575"}],"version-history":[{"count":1,"href":"https:\/\/www.sonoraenequipo.com.mx\/api\/wp\/v2\/posts\/133575\/revisions"}],"predecessor-version":[{"id":133577,"href":"https:\/\/www.sonoraenequipo.com.mx\/api\/wp\/v2\/posts\/133575\/revisions\/133577"}],"wp:featuredmedia":[{"embeddable":true,"href":"https:\/\/www.sonoraenequipo.com.mx\/api\/wp\/v2\/media\/133576"}],"wp:attachment":[{"href":"https:\/\/www.sonoraenequipo.com.mx\/api\/wp\/v2\/media?parent=133575"}],"wp:term":[{"taxonomy":"category","embeddable":true,"href":"https:\/\/www.sonoraenequipo.com.mx\/api\/wp\/v2\/categories?post=133575"},{"taxonomy":"post_tag","embeddable":true,"href":"https:\/\/www.sonoraenequipo.com.mx\/api\/wp\/v2\/tags?post=133575"}],"curies":[{"name":"wp","href":"https:\/\/api.w.org\/{rel}","templated":true}]}}