{"id":133620,"date":"2022-02-22T08:58:40","date_gmt":"2022-02-22T15:58:40","guid":{"rendered":"https:\/\/www.sonoraenequipo.com.mx\/?p=133620"},"modified":"2022-02-23T06:08:48","modified_gmt":"2022-02-23T13:08:48","slug":"salud-destaca-baja-de-82-en-hospitalizaciones-por-covid-19-en-mexico","status":"publish","type":"post","link":"https:\/\/www.sonoraenequipo.com.mx\/salud-destaca-baja-de-82-en-hospitalizaciones-por-covid-19-en-mexico\/","title":{"rendered":"Salud destaca baja de 82% en hospitalizaciones por COVID-19 en M\u00e9xico"},"content":{"rendered":"<p>CIUDAD DE M\u00c9XICO. MX. \u2014 Al afirmar que \u00ablas noticias han sido muy positivas durante un mes consecutivo\u00bb, Hugo L\u00f3pez-Gatell, subsecretario de Prevenci\u00f3n y Promoci\u00f3n de la Salud, destac\u00f3 que la ocupaci\u00f3n hospitalaria presenta una baja del 82% respecto al punto m\u00e1ximo que ha tenido la pandemia del COVID-19, a\u00f1adiendo que suman dos semanas de reducci\u00f3n en cuanto a mortalidad.<\/p>\n<p>&nbsp;<\/p>\n<p> <\/p>\n<p>&nbsp;<\/p>\n<p>En el Informe del Pulso de la Salud en la conferencia de prensa del presidente Andr\u00e9s Manuel L\u00f3pez Obrador, el subsecretario se\u00f1al\u00f3 que en la cuarta ola de la pandemia la ocupaci\u00f3n hospitalaria no ha superado el 50%, debido a que se tienen suficientes camas y por el alto porcentaje de poblaci\u00f3n vacunada contra el SARS-CoV-2.<\/p>\n<p>&nbsp;<\/p>\n<p>&nbsp;<\/p>\n<p>Detall\u00f3 que hay una diferencia del 76% en cuanto a defunciones entre el punto m\u00e1ximo de la pandemia al d\u00eda de hoy.<\/p>\n<p>&nbsp;<\/p>\n<p>(Publicada el 22\/02\/2022<\/p>\n","protected":false},"excerpt":{"rendered":"<p>CIUDAD DE M\u00c9XICO. MX. \u2014 Al afirmar que \u00ablas noticias han sido muy positivas durante&#8230;<\/p>\n","protected":false},"author":1,"featured_media":133621,"comment_status":"open","ping_status":"open","sticky":false,"template":"","format":"standard","meta":{"_monsterinsights_skip_tracking":false,"_monsterinsights_sitenote_active":false,"_monsterinsights_sitenote_note":"","_monsterinsights_sitenote_category":0,"footnotes":""},"categories":[5],"tags":[],"class_list":["post"],"yoast_head":" \n<title>Sonora en Equipo. Salud destaca baja de 82% en hospitalizaciones por COVID-19 en M\u00e9xico Rep\u00fablica<\/title>\n<meta name=\"description\" content=\"CIUDAD DE M\u00c9XICO. MX. \u2014 Al afirmar que &quot;las noticias han sido muy positivas durante un mes consecutivo&quot;, Hugo L\u00f3pez-Gatell, subsecretario de Prevenci\u00f3n y En Sonora en Equipo publicamos toda la informaci\u00f3n de Sonora, M\u00e9xico y el Mundo de manera oportuna y busca que la libertad de expresi\u00f3n sea real. Visita nuestro medio informativo publicado desde Hermosillo, Sonora. %\" \/>\n<meta name=\"robots\" content=\"index, follow, max-snippet:-1, max-image-preview:large, max-video-preview:-1\" \/>\n<link rel=\"canonical\" href=\"https:\/\/www.sonoraenequipo.com.mx\/salud-destaca-baja-de-82-en-hospitalizaciones-por-covid-19-en-mexico\/\" \/>\n<meta property=\"og:locale\" content=\"es_ES\" \/>\n<meta property=\"og:type\" content=\"article\" \/>\n<meta property=\"og:title\" content=\"Sonora en Equipo. Salud destaca baja de 82% en hospitalizaciones por COVID-19 en M\u00e9xico Rep\u00fablica\" \/>\n<meta property=\"og:description\" content=\"CIUDAD DE M\u00c9XICO. MX. \u2014 Al afirmar que &quot;las noticias han sido muy positivas durante un mes consecutivo&quot;, Hugo L\u00f3pez-Gatell, subsecretario de Prevenci\u00f3n y En Sonora en Equipo publicamos toda la informaci\u00f3n de Sonora, M\u00e9xico y el Mundo de manera oportuna y busca que la libertad de expresi\u00f3n sea real. Visita nuestro medio informativo publicado desde Hermosillo, Sonora. %\" \/>\n<meta property=\"og:url\" content=\"https:\/\/www.sonoraenequipo.com.mx\/salud-destaca-baja-de-82-en-hospitalizaciones-por-covid-19-en-mexico\/\" \/>\n<meta property=\"og:site_name\" content=\"Sonora en Equipo.\" \/>\n<meta property=\"article:publisher\" content=\"https:\/\/www.facebook.com\/SonoraEE\/\" \/>\n<meta property=\"article:author\" content=\"https:\/\/www.facebook.com\/SonoraEE\" \/>\n<meta property=\"article:published_time\" content=\"2022-02-22T15:58:40+00:00\" \/>\n<meta property=\"article:modified_time\" content=\"2022-02-23T13:08:48+00:00\" \/>\n<meta property=\"og:image\" content=\"https:\/\/www.sonoraenequipo.com.mx\/storage\/2022\/02\/Lopez-Gatell-en-Conferencia-presidencial_opt.jpg\" \/>\n\t<meta property=\"og:image:width\" content=\"700\" \/>\n\t<meta property=\"og:image:height\" content=\"400\" \/>\n\t<meta property=\"og:image:type\" content=\"image\/jpeg\" \/>\n<meta name=\"author\" content=\"enequipo\" \/>\n<meta name=\"twitter:card\" content=\"summary_large_image\" \/>\n<meta name=\"twitter:creator\" content=\"@sonoraenequipo\" \/>\n<meta name=\"twitter:site\" content=\"@sonoraenequipo\" \/>\n<meta name=\"twitter:label1\" content=\"Escrito por\" \/>\n\t<meta name=\"twitter:data1\" content=\"enequipo\" \/>\n\t<meta name=\"twitter:label2\" content=\"Tiempo de lectura\" \/>\n\t<meta name=\"twitter:data2\" content=\"1 minuto\" \/>\n<script type=\"application\/ld+json\" class=\"yoast-schema-graph\">{\"@context\":\"https:\/\/schema.org\",\"@graph\":[{\"@type\":\"Article\",\"@id\":\"https:\/\/www.sonoraenequipo.com.mx\/salud-destaca-baja-de-82-en-hospitalizaciones-por-covid-19-en-mexico\/#article\",\"isPartOf\":{\"@id\":\"https:\/\/www.sonoraenequipo.com.mx\/salud-destaca-baja-de-82-en-hospitalizaciones-por-covid-19-en-mexico\/\"},\"author\":{\"name\":\"enequipo\",\"@id\":\"https:\/\/www.sonoraenequipo.com.mx\/#\/schema\/person\/50102df0fb23a8fa9e8effad8fa81386\"},\"headline\":\"Salud destaca baja de 82% en hospitalizaciones por COVID-19 en M\u00e9xico\",\"datePublished\":\"2022-02-22T15:58:40+00:00\",\"dateModified\":\"2022-02-23T13:08:48+00:00\",\"mainEntityOfPage\":{\"@id\":\"https:\/\/www.sonoraenequipo.com.mx\/salud-destaca-baja-de-82-en-hospitalizaciones-por-covid-19-en-mexico\/\"},\"wordCount\":167,\"commentCount\":0,\"publisher\":{\"@id\":\"https:\/\/www.sonoraenequipo.com.mx\/#organization\"},\"image\":{\"@id\":\"https:\/\/www.sonoraenequipo.com.mx\/salud-destaca-baja-de-82-en-hospitalizaciones-por-covid-19-en-mexico\/#primaryimage\"},\"thumbnailUrl\":\"https:\/\/www.sonoraenequipo.com.mx\/storage\/2022\/02\/Lopez-Gatell-en-Conferencia-presidencial_opt.jpg\",\"articleSection\":[\"Rep\u00fablica\"],\"inLanguage\":\"es\",\"potentialAction\":[{\"@type\":\"CommentAction\",\"name\":\"Comment\",\"target\":[\"https:\/\/www.sonoraenequipo.com.mx\/salud-destaca-baja-de-82-en-hospitalizaciones-por-covid-19-en-mexico\/#respond\"]}]},{\"@type\":\"WebPage\",\"@id\":\"https:\/\/www.sonoraenequipo.com.mx\/salud-destaca-baja-de-82-en-hospitalizaciones-por-covid-19-en-mexico\/\",\"url\":\"https:\/\/www.sonoraenequipo.com.mx\/salud-destaca-baja-de-82-en-hospitalizaciones-por-covid-19-en-mexico\/\",\"name\":\"Sonora en Equipo. Salud destaca baja de 82% en hospitalizaciones por COVID-19 en M\u00e9xico Rep\u00fablica\",\"isPartOf\":{\"@id\":\"https:\/\/www.sonoraenequipo.com.mx\/#website\"},\"primaryImageOfPage\":{\"@id\":\"https:\/\/www.sonoraenequipo.com.mx\/salud-destaca-baja-de-82-en-hospitalizaciones-por-covid-19-en-mexico\/#primaryimage\"},\"image\":{\"@id\":\"https:\/\/www.sonoraenequipo.com.mx\/salud-destaca-baja-de-82-en-hospitalizaciones-por-covid-19-en-mexico\/#primaryimage\"},\"thumbnailUrl\":\"https:\/\/www.sonoraenequipo.com.mx\/storage\/2022\/02\/Lopez-Gatell-en-Conferencia-presidencial_opt.jpg\",\"datePublished\":\"2022-02-22T15:58:40+00:00\",\"dateModified\":\"2022-02-23T13:08:48+00:00\",\"description\":\"CIUDAD DE M\u00c9XICO. MX. \u2014 Al afirmar que \\\"las noticias han sido muy positivas durante un mes consecutivo\\\", Hugo L\u00f3pez-Gatell, subsecretario de Prevenci\u00f3n y En Sonora en Equipo publicamos toda la informaci\u00f3n de Sonora, M\u00e9xico y el Mundo de manera oportuna y busca que la libertad de expresi\u00f3n sea real. Visita nuestro medio informativo publicado desde Hermosillo, Sonora. %\",\"breadcrumb\":{\"@id\":\"https:\/\/www.sonoraenequipo.com.mx\/salud-destaca-baja-de-82-en-hospitalizaciones-por-covid-19-en-mexico\/#breadcrumb\"},\"inLanguage\":\"es\",\"potentialAction\":[{\"@type\":\"ReadAction\",\"target\":[\"https:\/\/www.sonoraenequipo.com.mx\/salud-destaca-baja-de-82-en-hospitalizaciones-por-covid-19-en-mexico\/\"]}]},{\"@type\":\"ImageObject\",\"inLanguage\":\"es\",\"@id\":\"https:\/\/www.sonoraenequipo.com.mx\/salud-destaca-baja-de-82-en-hospitalizaciones-por-covid-19-en-mexico\/#primaryimage\",\"url\":\"https:\/\/www.sonoraenequipo.com.mx\/storage\/2022\/02\/Lopez-Gatell-en-Conferencia-presidencial_opt.jpg\",\"contentUrl\":\"https:\/\/www.sonoraenequipo.com.mx\/storage\/2022\/02\/Lopez-Gatell-en-Conferencia-presidencial_opt.jpg\",\"width\":700,\"height\":400},{\"@type\":\"BreadcrumbList\",\"@id\":\"https:\/\/www.sonoraenequipo.com.mx\/salud-destaca-baja-de-82-en-hospitalizaciones-por-covid-19-en-mexico\/#breadcrumb\",\"itemListElement\":[{\"@type\":\"ListItem\",\"position\":1,\"name\":\"Portada\",\"item\":\"https:\/\/www.sonoraenequipo.com.mx\/\"},{\"@type\":\"ListItem\",\"position\":2,\"name\":\"Salud destaca baja de 82% en hospitalizaciones por COVID-19 en M\u00e9xico\"}]},{\"@type\":\"WebSite\",\"@id\":\"https:\/\/www.sonoraenequipo.com.mx\/#website\",\"url\":\"https:\/\/www.sonoraenequipo.com.mx\/\",\"name\":\"Sonora en Equipo.\",\"description\":\"Diario en l\u00ednea con Noticias desde Hermosillo, Sonora\",\"publisher\":{\"@id\":\"https:\/\/www.sonoraenequipo.com.mx\/#organization\"},\"potentialAction\":[{\"@type\":\"SearchAction\",\"target\":{\"@type\":\"EntryPoint\",\"urlTemplate\":\"https:\/\/www.sonoraenequipo.com.mx\/?s={search_term_string}\"},\"query-input\":{\"@type\":\"PropertyValueSpecification\",\"valueRequired\":true,\"valueName\":\"search_term_string\"}}],\"inLanguage\":\"es\"},{\"@type\":\"Organization\",\"@id\":\"https:\/\/www.sonoraenequipo.com.mx\/#organization\",\"name\":\"Sonoraenequipo.com.mx\",\"url\":\"https:\/\/www.sonoraenequipo.com.mx\/\",\"logo\":{\"@type\":\"ImageObject\",\"inLanguage\":\"es\",\"@id\":\"https:\/\/www.sonoraenequipo.com.mx\/#\/schema\/logo\/image\/\",\"url\":\"https:\/\/www.sonoraenequipo.com.mx\/storage\/2019\/01\/sonoraenequipo_opt.png\",\"contentUrl\":\"https:\/\/www.sonoraenequipo.com.mx\/storage\/2019\/01\/sonoraenequipo_opt.png\",\"width\":375,\"height\":125,\"caption\":\"Sonoraenequipo.com.mx\"},\"image\":{\"@id\":\"https:\/\/www.sonoraenequipo.com.mx\/#\/schema\/logo\/image\/\"},\"sameAs\":[\"https:\/\/www.facebook.com\/SonoraEE\/\",\"https:\/\/x.com\/sonoraenequipo\",\"https:\/\/www.youtube.com\/channel\/UC338nW-lPEYmJQs4ZABQ1SQ\"]},{\"@type\":\"Person\",\"@id\":\"https:\/\/www.sonoraenequipo.com.mx\/#\/schema\/person\/50102df0fb23a8fa9e8effad8fa81386\",\"name\":\"enequipo\",\"image\":{\"@type\":\"ImageObject\",\"inLanguage\":\"es\",\"@id\":\"https:\/\/www.sonoraenequipo.com.mx\/#\/schema\/person\/image\/\",\"url\":\"https:\/\/secure.gravatar.com\/avatar\/049821681b589dabc0bc20695993ccebb09f5b5d4d790cd9251b97faac7c652b?s=96&d=blank&r=g\",\"contentUrl\":\"https:\/\/secure.gravatar.com\/avatar\/049821681b589dabc0bc20695993ccebb09f5b5d4d790cd9251b97faac7c652b?s=96&d=blank&r=g\",\"caption\":\"enequipo\"},\"sameAs\":[\"https:\/\/www.facebook.com\/SonoraEE\"]}]}<\/script>\n ","yoast_head_json":{"title":"Sonora en Equipo. Salud destaca baja de 82% en hospitalizaciones por COVID-19 en M\u00e9xico Rep\u00fablica","description":"CIUDAD DE M\u00c9XICO. MX. \u2014 Al afirmar que \"las noticias han sido muy positivas durante un mes consecutivo\", Hugo L\u00f3pez-Gatell, subsecretario de Prevenci\u00f3n y En Sonora en Equipo publicamos toda la informaci\u00f3n de Sonora, M\u00e9xico y el Mundo de manera oportuna y busca que la libertad de expresi\u00f3n sea real. Visita nuestro medio informativo publicado desde Hermosillo, Sonora. %","robots":{"index":"index","follow":"follow","max-snippet":"max-snippet:-1","max-image-preview":"max-image-preview:large","max-video-preview":"max-video-preview:-1"},"canonical":"https:\/\/www.sonoraenequipo.com.mx\/salud-destaca-baja-de-82-en-hospitalizaciones-por-covid-19-en-mexico\/","og_locale":"es_ES","og_type":"article","og_title":"Sonora en Equipo. Salud destaca baja de 82% en hospitalizaciones por COVID-19 en M\u00e9xico Rep\u00fablica","og_description":"CIUDAD DE M\u00c9XICO. MX. \u2014 Al afirmar que \"las noticias han sido muy positivas durante un mes consecutivo\", Hugo L\u00f3pez-Gatell, subsecretario de Prevenci\u00f3n y En Sonora en Equipo publicamos toda la informaci\u00f3n de Sonora, M\u00e9xico y el Mundo de manera oportuna y busca que la libertad de expresi\u00f3n sea real. Visita nuestro medio informativo publicado desde Hermosillo, Sonora. %","og_url":"https:\/\/www.sonoraenequipo.com.mx\/salud-destaca-baja-de-82-en-hospitalizaciones-por-covid-19-en-mexico\/","og_site_name":"Sonora en Equipo.","article_publisher":"https:\/\/www.facebook.com\/SonoraEE\/","article_author":"https:\/\/www.facebook.com\/SonoraEE","article_published_time":"2022-02-22T15:58:40+00:00","article_modified_time":"2022-02-23T13:08:48+00:00","og_image":[{"width":700,"height":400,"url":"https:\/\/www.sonoraenequipo.com.mx\/storage\/2022\/02\/Lopez-Gatell-en-Conferencia-presidencial_opt.jpg","type":"image\/jpeg"}],"author":"enequipo","twitter_card":"summary_large_image","twitter_creator":"@sonoraenequipo","twitter_site":"@sonoraenequipo","twitter_misc":{"Escrito por":"enequipo","Tiempo de lectura":"1 minuto"},"schema":{"@context":"https:\/\/schema.org","@graph":[{"@type":"Article","@id":"https:\/\/www.sonoraenequipo.com.mx\/salud-destaca-baja-de-82-en-hospitalizaciones-por-covid-19-en-mexico\/#article","isPartOf":{"@id":"https:\/\/www.sonoraenequipo.com.mx\/salud-destaca-baja-de-82-en-hospitalizaciones-por-covid-19-en-mexico\/"},"author":{"name":"enequipo","@id":"https:\/\/www.sonoraenequipo.com.mx\/#\/schema\/person\/50102df0fb23a8fa9e8effad8fa81386"},"headline":"Salud destaca baja de 82% en hospitalizaciones por COVID-19 en M\u00e9xico","datePublished":"2022-02-22T15:58:40+00:00","dateModified":"2022-02-23T13:08:48+00:00","mainEntityOfPage":{"@id":"https:\/\/www.sonoraenequipo.com.mx\/salud-destaca-baja-de-82-en-hospitalizaciones-por-covid-19-en-mexico\/"},"wordCount":167,"commentCount":0,"publisher":{"@id":"https:\/\/www.sonoraenequipo.com.mx\/#organization"},"image":{"@id":"https:\/\/www.sonoraenequipo.com.mx\/salud-destaca-baja-de-82-en-hospitalizaciones-por-covid-19-en-mexico\/#primaryimage"},"thumbnailUrl":"https:\/\/www.sonoraenequipo.com.mx\/storage\/2022\/02\/Lopez-Gatell-en-Conferencia-presidencial_opt.jpg","articleSection":["Rep\u00fablica"],"inLanguage":"es","potentialAction":[{"@type":"CommentAction","name":"Comment","target":["https:\/\/www.sonoraenequipo.com.mx\/salud-destaca-baja-de-82-en-hospitalizaciones-por-covid-19-en-mexico\/#respond"]}]},{"@type":"WebPage","@id":"https:\/\/www.sonoraenequipo.com.mx\/salud-destaca-baja-de-82-en-hospitalizaciones-por-covid-19-en-mexico\/","url":"https:\/\/www.sonoraenequipo.com.mx\/salud-destaca-baja-de-82-en-hospitalizaciones-por-covid-19-en-mexico\/","name":"Sonora en Equipo. Salud destaca baja de 82% en hospitalizaciones por COVID-19 en M\u00e9xico Rep\u00fablica","isPartOf":{"@id":"https:\/\/www.sonoraenequipo.com.mx\/#website"},"primaryImageOfPage":{"@id":"https:\/\/www.sonoraenequipo.com.mx\/salud-destaca-baja-de-82-en-hospitalizaciones-por-covid-19-en-mexico\/#primaryimage"},"image":{"@id":"https:\/\/www.sonoraenequipo.com.mx\/salud-destaca-baja-de-82-en-hospitalizaciones-por-covid-19-en-mexico\/#primaryimage"},"thumbnailUrl":"https:\/\/www.sonoraenequipo.com.mx\/storage\/2022\/02\/Lopez-Gatell-en-Conferencia-presidencial_opt.jpg","datePublished":"2022-02-22T15:58:40+00:00","dateModified":"2022-02-23T13:08:48+00:00","description":"CIUDAD DE M\u00c9XICO. MX. \u2014 Al afirmar que \"las noticias han sido muy positivas durante un mes consecutivo\", Hugo L\u00f3pez-Gatell, subsecretario de Prevenci\u00f3n y En Sonora en Equipo publicamos toda la informaci\u00f3n de Sonora, M\u00e9xico y el Mundo de manera oportuna y busca que la libertad de expresi\u00f3n sea real. Visita nuestro medio informativo publicado desde Hermosillo, Sonora. %","breadcrumb":{"@id":"https:\/\/www.sonoraenequipo.com.mx\/salud-destaca-baja-de-82-en-hospitalizaciones-por-covid-19-en-mexico\/#breadcrumb"},"inLanguage":"es","potentialAction":[{"@type":"ReadAction","target":["https:\/\/www.sonoraenequipo.com.mx\/salud-destaca-baja-de-82-en-hospitalizaciones-por-covid-19-en-mexico\/"]}]},{"@type":"ImageObject","inLanguage":"es","@id":"https:\/\/www.sonoraenequipo.com.mx\/salud-destaca-baja-de-82-en-hospitalizaciones-por-covid-19-en-mexico\/#primaryimage","url":"https:\/\/www.sonoraenequipo.com.mx\/storage\/2022\/02\/Lopez-Gatell-en-Conferencia-presidencial_opt.jpg","contentUrl":"https:\/\/www.sonoraenequipo.com.mx\/storage\/2022\/02\/Lopez-Gatell-en-Conferencia-presidencial_opt.jpg","width":700,"height":400},{"@type":"BreadcrumbList","@id":"https:\/\/www.sonoraenequipo.com.mx\/salud-destaca-baja-de-82-en-hospitalizaciones-por-covid-19-en-mexico\/#breadcrumb","itemListElement":[{"@type":"ListItem","position":1,"name":"Portada","item":"https:\/\/www.sonoraenequipo.com.mx\/"},{"@type":"ListItem","position":2,"name":"Salud destaca baja de 82% en hospitalizaciones por COVID-19 en M\u00e9xico"}]},{"@type":"WebSite","@id":"https:\/\/www.sonoraenequipo.com.mx\/#website","url":"https:\/\/www.sonoraenequipo.com.mx\/","name":"Sonora en Equipo.","description":"Diario en l\u00ednea con Noticias desde Hermosillo, Sonora","publisher":{"@id":"https:\/\/www.sonoraenequipo.com.mx\/#organization"},"potentialAction":[{"@type":"SearchAction","target":{"@type":"EntryPoint","urlTemplate":"https:\/\/www.sonoraenequipo.com.mx\/?s={search_term_string}"},"query-input":{"@type":"PropertyValueSpecification","valueRequired":true,"valueName":"search_term_string"}}],"inLanguage":"es"},{"@type":"Organization","@id":"https:\/\/www.sonoraenequipo.com.mx\/#organization","name":"Sonoraenequipo.com.mx","url":"https:\/\/www.sonoraenequipo.com.mx\/","logo":{"@type":"ImageObject","inLanguage":"es","@id":"https:\/\/www.sonoraenequipo.com.mx\/#\/schema\/logo\/image\/","url":"https:\/\/www.sonoraenequipo.com.mx\/storage\/2019\/01\/sonoraenequipo_opt.png","contentUrl":"https:\/\/www.sonoraenequipo.com.mx\/storage\/2019\/01\/sonoraenequipo_opt.png","width":375,"height":125,"caption":"Sonoraenequipo.com.mx"},"image":{"@id":"https:\/\/www.sonoraenequipo.com.mx\/#\/schema\/logo\/image\/"},"sameAs":["https:\/\/www.facebook.com\/SonoraEE\/","https:\/\/x.com\/sonoraenequipo","https:\/\/www.youtube.com\/channel\/UC338nW-lPEYmJQs4ZABQ1SQ"]},{"@type":"Person","@id":"https:\/\/www.sonoraenequipo.com.mx\/#\/schema\/person\/50102df0fb23a8fa9e8effad8fa81386","name":"enequipo","image":{"@type":"ImageObject","inLanguage":"es","@id":"https:\/\/www.sonoraenequipo.com.mx\/#\/schema\/person\/image\/","url":"https:\/\/secure.gravatar.com\/avatar\/049821681b589dabc0bc20695993ccebb09f5b5d4d790cd9251b97faac7c652b?s=96&d=blank&r=g","contentUrl":"https:\/\/secure.gravatar.com\/avatar\/049821681b589dabc0bc20695993ccebb09f5b5d4d790cd9251b97faac7c652b?s=96&d=blank&r=g","caption":"enequipo"},"sameAs":["https:\/\/www.facebook.com\/SonoraEE"]}]}},"jetpack_featured_media_url":"https:\/\/www.sonoraenequipo.com.mx\/storage\/2022\/02\/Lopez-Gatell-en-Conferencia-presidencial_opt.jpg","_links":{"self":[{"href":"https:\/\/www.sonoraenequipo.com.mx\/api\/wp\/v2\/posts\/133620","targetHints":{"allow":["GET"]}}],"collection":[{"href":"https:\/\/www.sonoraenequipo.com.mx\/api\/wp\/v2\/posts"}],"about":[{"href":"https:\/\/www.sonoraenequipo.com.mx\/api\/wp\/v2\/types\/post"}],"author":[{"embeddable":true,"href":"https:\/\/www.sonoraenequipo.com.mx\/api\/wp\/v2\/users\/1"}],"replies":[{"embeddable":true,"href":"https:\/\/www.sonoraenequipo.com.mx\/api\/wp\/v2\/comments?post=133620"}],"version-history":[{"count":2,"href":"https:\/\/www.sonoraenequipo.com.mx\/api\/wp\/v2\/posts\/133620\/revisions"}],"predecessor-version":[{"id":133623,"href":"https:\/\/www.sonoraenequipo.com.mx\/api\/wp\/v2\/posts\/133620\/revisions\/133623"}],"wp:featuredmedia":[{"embeddable":true,"href":"https:\/\/www.sonoraenequipo.com.mx\/api\/wp\/v2\/media\/133621"}],"wp:attachment":[{"href":"https:\/\/www.sonoraenequipo.com.mx\/api\/wp\/v2\/media?parent=133620"}],"wp:term":[{"taxonomy":"category","embeddable":true,"href":"https:\/\/www.sonoraenequipo.com.mx\/api\/wp\/v2\/categories?post=133620"},{"taxonomy":"post_tag","embeddable":true,"href":"https:\/\/www.sonoraenequipo.com.mx\/api\/wp\/v2\/tags?post=133620"}],"curies":[{"name":"wp","href":"https:\/\/api.w.org\/{rel}","templated":true}]}}