{"id":133919,"date":"2022-02-27T16:48:59","date_gmt":"2022-02-27T23:48:59","guid":{"rendered":"https:\/\/www.sonoraenequipo.com.mx\/?p=133919"},"modified":"2022-02-27T17:30:52","modified_gmt":"2022-02-28T00:30:52","slug":"promoveran-sec-e-isj-reactivacion-de-ligas-deportivas-escolares","status":"publish","type":"post","link":"https:\/\/www.sonoraenequipo.com.mx\/promoveran-sec-e-isj-reactivacion-de-ligas-deportivas-escolares\/","title":{"rendered":"Promover\u00e1n SEC e ISJ reactivaci\u00f3n de ligas deportivas escolares"},"content":{"rendered":"<p>HERMOSILLO, SONORA,MX.\u2500\u2500 Que las nuevas generaciones se enamoren del deporte y adopten h\u00e1bitos saludables como estilo de vida, son algunas de las aspiraciones del Gobierno de Sonora, por lo que se buscar\u00e1 reactivar las ligas escolares, anunci\u00f3 Aar\u00f3n Grageda Bustamante.<\/p>\n<p>\u00abEl deporte, al igual que la cultura, la educaci\u00f3n y las artes, tiene mucho que aportar para el desarrollo de la entidad. Es un medio para alcanzar ciertos objetivos como el combate a problemas de salud, restauraci\u00f3n del tejido social, la resoluci\u00f3n no violenta de conflictos sociales y la prevenci\u00f3n de adicciones, entre otros\u00bb, dijo el titular de educaci\u00f3n y cultura<\/p>\n<p>Rebeca Valenzuela \u00c1lvarez detall\u00f3 que el an\u00e1lisis realizado por el ISJ incluye un diagn\u00f3stico general del deporte estudiantil en Sonora, desde nivel preescolar al superior, as\u00ed como propuestas de acci\u00f3n integral para aprovechar la infraestructura deportiva y el recurso humano disponibles.<\/p>\n<p>Fecha de publicaci\u00f3n: domingo \/ 27 \/ febrero \/ 2022 \/<\/p>\n<p>&nbsp;<\/p>\n","protected":false},"excerpt":{"rendered":"<p>HERMOSILLO, SONORA,MX.\u2500\u2500 Que las nuevas generaciones se enamoren del deporte y adopten h\u00e1bitos saludables como&#8230;<\/p>\n","protected":false},"author":4,"featured_media":133920,"comment_status":"open","ping_status":"open","sticky":false,"template":"","format":"standard","meta":{"_monsterinsights_skip_tracking":false,"_monsterinsights_sitenote_active":false,"_monsterinsights_sitenote_note":"","_monsterinsights_sitenote_category":0,"footnotes":""},"categories":[22],"tags":[],"class_list":["post"],"yoast_head":" \n<title>Sonora en Equipo. Promover\u00e1n SEC e ISJ reactivaci\u00f3n de ligas deportivas escolares Sonora<\/title>\n<meta name=\"description\" content=\"HERMOSILLO, SONORA,MX.\u2500\u2500 Que las nuevas generaciones se enamoren del deporte y adopten h\u00e1bitos saludables como estilo de vida, son algunas de las En Sonora en Equipo publicamos toda la informaci\u00f3n de Sonora, M\u00e9xico y el Mundo de manera oportuna y busca que la libertad de expresi\u00f3n sea real. Visita nuestro medio informativo publicado desde Hermosillo, Sonora. %\" \/>\n<meta name=\"robots\" content=\"index, follow, max-snippet:-1, max-image-preview:large, max-video-preview:-1\" \/>\n<link rel=\"canonical\" href=\"https:\/\/www.sonoraenequipo.com.mx\/promoveran-sec-e-isj-reactivacion-de-ligas-deportivas-escolares\/\" \/>\n<meta property=\"og:locale\" content=\"es_ES\" \/>\n<meta property=\"og:type\" content=\"article\" \/>\n<meta property=\"og:title\" content=\"Sonora en Equipo. Promover\u00e1n SEC e ISJ reactivaci\u00f3n de ligas deportivas escolares Sonora\" \/>\n<meta property=\"og:description\" content=\"HERMOSILLO, SONORA,MX.\u2500\u2500 Que las nuevas generaciones se enamoren del deporte y adopten h\u00e1bitos saludables como estilo de vida, son algunas de las En Sonora en Equipo publicamos toda la informaci\u00f3n de Sonora, M\u00e9xico y el Mundo de manera oportuna y busca que la libertad de expresi\u00f3n sea real. Visita nuestro medio informativo publicado desde Hermosillo, Sonora. %\" \/>\n<meta property=\"og:url\" content=\"https:\/\/www.sonoraenequipo.com.mx\/promoveran-sec-e-isj-reactivacion-de-ligas-deportivas-escolares\/\" \/>\n<meta property=\"og:site_name\" content=\"Sonora en Equipo.\" \/>\n<meta property=\"article:publisher\" content=\"https:\/\/www.facebook.com\/SonoraEE\/\" \/>\n<meta property=\"article:published_time\" content=\"2022-02-27T23:48:59+00:00\" \/>\n<meta property=\"article:modified_time\" content=\"2022-02-28T00:30:52+00:00\" \/>\n<meta property=\"og:image\" content=\"https:\/\/www.sonoraenequipo.com.mx\/storage\/2022\/02\/ligas-escolares.jpg\" \/>\n\t<meta property=\"og:image:width\" content=\"700\" \/>\n\t<meta property=\"og:image:height\" content=\"400\" \/>\n\t<meta property=\"og:image:type\" content=\"image\/jpeg\" \/>\n<meta name=\"author\" content=\"Redacci\u00f3n\" \/>\n<meta name=\"twitter:card\" content=\"summary_large_image\" \/>\n<meta name=\"twitter:creator\" content=\"@sonoraenequipo\" \/>\n<meta name=\"twitter:site\" content=\"@sonoraenequipo\" \/>\n<meta name=\"twitter:label1\" content=\"Escrito por\" \/>\n\t<meta name=\"twitter:data1\" content=\"Redacci\u00f3n\" \/>\n\t<meta name=\"twitter:label2\" content=\"Tiempo de lectura\" \/>\n\t<meta name=\"twitter:data2\" content=\"1 minuto\" \/>\n<script type=\"application\/ld+json\" class=\"yoast-schema-graph\">{\"@context\":\"https:\/\/schema.org\",\"@graph\":[{\"@type\":\"Article\",\"@id\":\"https:\/\/www.sonoraenequipo.com.mx\/promoveran-sec-e-isj-reactivacion-de-ligas-deportivas-escolares\/#article\",\"isPartOf\":{\"@id\":\"https:\/\/www.sonoraenequipo.com.mx\/promoveran-sec-e-isj-reactivacion-de-ligas-deportivas-escolares\/\"},\"author\":{\"name\":\"Redacci\u00f3n\",\"@id\":\"https:\/\/www.sonoraenequipo.com.mx\/#\/schema\/person\/3e506c30006ba6091952ed27b4accc26\"},\"headline\":\"Promover\u00e1n SEC e ISJ reactivaci\u00f3n de ligas deportivas escolares\",\"datePublished\":\"2022-02-27T23:48:59+00:00\",\"dateModified\":\"2022-02-28T00:30:52+00:00\",\"mainEntityOfPage\":{\"@id\":\"https:\/\/www.sonoraenequipo.com.mx\/promoveran-sec-e-isj-reactivacion-de-ligas-deportivas-escolares\/\"},\"wordCount\":171,\"commentCount\":0,\"publisher\":{\"@id\":\"https:\/\/www.sonoraenequipo.com.mx\/#organization\"},\"image\":{\"@id\":\"https:\/\/www.sonoraenequipo.com.mx\/promoveran-sec-e-isj-reactivacion-de-ligas-deportivas-escolares\/#primaryimage\"},\"thumbnailUrl\":\"https:\/\/www.sonoraenequipo.com.mx\/storage\/2022\/02\/ligas-escolares.jpg\",\"articleSection\":[\"Sonora\"],\"inLanguage\":\"es\",\"potentialAction\":[{\"@type\":\"CommentAction\",\"name\":\"Comment\",\"target\":[\"https:\/\/www.sonoraenequipo.com.mx\/promoveran-sec-e-isj-reactivacion-de-ligas-deportivas-escolares\/#respond\"]}]},{\"@type\":\"WebPage\",\"@id\":\"https:\/\/www.sonoraenequipo.com.mx\/promoveran-sec-e-isj-reactivacion-de-ligas-deportivas-escolares\/\",\"url\":\"https:\/\/www.sonoraenequipo.com.mx\/promoveran-sec-e-isj-reactivacion-de-ligas-deportivas-escolares\/\",\"name\":\"Sonora en Equipo. Promover\u00e1n SEC e ISJ reactivaci\u00f3n de ligas deportivas escolares Sonora\",\"isPartOf\":{\"@id\":\"https:\/\/www.sonoraenequipo.com.mx\/#website\"},\"primaryImageOfPage\":{\"@id\":\"https:\/\/www.sonoraenequipo.com.mx\/promoveran-sec-e-isj-reactivacion-de-ligas-deportivas-escolares\/#primaryimage\"},\"image\":{\"@id\":\"https:\/\/www.sonoraenequipo.com.mx\/promoveran-sec-e-isj-reactivacion-de-ligas-deportivas-escolares\/#primaryimage\"},\"thumbnailUrl\":\"https:\/\/www.sonoraenequipo.com.mx\/storage\/2022\/02\/ligas-escolares.jpg\",\"datePublished\":\"2022-02-27T23:48:59+00:00\",\"dateModified\":\"2022-02-28T00:30:52+00:00\",\"description\":\"HERMOSILLO, SONORA,MX.\u2500\u2500 Que las nuevas generaciones se enamoren del deporte y adopten h\u00e1bitos saludables como estilo de vida, son algunas de las En Sonora en Equipo publicamos toda la informaci\u00f3n de Sonora, M\u00e9xico y el Mundo de manera oportuna y busca que la libertad de expresi\u00f3n sea real. Visita nuestro medio informativo publicado desde Hermosillo, Sonora. %\",\"breadcrumb\":{\"@id\":\"https:\/\/www.sonoraenequipo.com.mx\/promoveran-sec-e-isj-reactivacion-de-ligas-deportivas-escolares\/#breadcrumb\"},\"inLanguage\":\"es\",\"potentialAction\":[{\"@type\":\"ReadAction\",\"target\":[\"https:\/\/www.sonoraenequipo.com.mx\/promoveran-sec-e-isj-reactivacion-de-ligas-deportivas-escolares\/\"]}]},{\"@type\":\"ImageObject\",\"inLanguage\":\"es\",\"@id\":\"https:\/\/www.sonoraenequipo.com.mx\/promoveran-sec-e-isj-reactivacion-de-ligas-deportivas-escolares\/#primaryimage\",\"url\":\"https:\/\/www.sonoraenequipo.com.mx\/storage\/2022\/02\/ligas-escolares.jpg\",\"contentUrl\":\"https:\/\/www.sonoraenequipo.com.mx\/storage\/2022\/02\/ligas-escolares.jpg\",\"width\":700,\"height\":400},{\"@type\":\"BreadcrumbList\",\"@id\":\"https:\/\/www.sonoraenequipo.com.mx\/promoveran-sec-e-isj-reactivacion-de-ligas-deportivas-escolares\/#breadcrumb\",\"itemListElement\":[{\"@type\":\"ListItem\",\"position\":1,\"name\":\"Portada\",\"item\":\"https:\/\/www.sonoraenequipo.com.mx\/\"},{\"@type\":\"ListItem\",\"position\":2,\"name\":\"Promover\u00e1n SEC e ISJ reactivaci\u00f3n de ligas deportivas escolares\"}]},{\"@type\":\"WebSite\",\"@id\":\"https:\/\/www.sonoraenequipo.com.mx\/#website\",\"url\":\"https:\/\/www.sonoraenequipo.com.mx\/\",\"name\":\"Sonora en Equipo.\",\"description\":\"Diario en l\u00ednea con Noticias desde Hermosillo, Sonora\",\"publisher\":{\"@id\":\"https:\/\/www.sonoraenequipo.com.mx\/#organization\"},\"potentialAction\":[{\"@type\":\"SearchAction\",\"target\":{\"@type\":\"EntryPoint\",\"urlTemplate\":\"https:\/\/www.sonoraenequipo.com.mx\/?s={search_term_string}\"},\"query-input\":{\"@type\":\"PropertyValueSpecification\",\"valueRequired\":true,\"valueName\":\"search_term_string\"}}],\"inLanguage\":\"es\"},{\"@type\":\"Organization\",\"@id\":\"https:\/\/www.sonoraenequipo.com.mx\/#organization\",\"name\":\"Sonoraenequipo.com.mx\",\"url\":\"https:\/\/www.sonoraenequipo.com.mx\/\",\"logo\":{\"@type\":\"ImageObject\",\"inLanguage\":\"es\",\"@id\":\"https:\/\/www.sonoraenequipo.com.mx\/#\/schema\/logo\/image\/\",\"url\":\"https:\/\/www.sonoraenequipo.com.mx\/storage\/2019\/01\/sonoraenequipo_opt.png\",\"contentUrl\":\"https:\/\/www.sonoraenequipo.com.mx\/storage\/2019\/01\/sonoraenequipo_opt.png\",\"width\":375,\"height\":125,\"caption\":\"Sonoraenequipo.com.mx\"},\"image\":{\"@id\":\"https:\/\/www.sonoraenequipo.com.mx\/#\/schema\/logo\/image\/\"},\"sameAs\":[\"https:\/\/www.facebook.com\/SonoraEE\/\",\"https:\/\/x.com\/sonoraenequipo\",\"https:\/\/www.youtube.com\/channel\/UC338nW-lPEYmJQs4ZABQ1SQ\"]},{\"@type\":\"Person\",\"@id\":\"https:\/\/www.sonoraenequipo.com.mx\/#\/schema\/person\/3e506c30006ba6091952ed27b4accc26\",\"name\":\"Redacci\u00f3n\",\"image\":{\"@type\":\"ImageObject\",\"inLanguage\":\"es\",\"@id\":\"https:\/\/www.sonoraenequipo.com.mx\/#\/schema\/person\/image\/\",\"url\":\"https:\/\/secure.gravatar.com\/avatar\/9e8091cd4065893f14e161ece1f64c54b09b76c20d7d73609bb6e3387d3bdb75?s=96&d=blank&r=g\",\"contentUrl\":\"https:\/\/secure.gravatar.com\/avatar\/9e8091cd4065893f14e161ece1f64c54b09b76c20d7d73609bb6e3387d3bdb75?s=96&d=blank&r=g\",\"caption\":\"Redacci\u00f3n\"},\"sameAs\":[\"http:\/\/www.sonoraenequipo.com\"]}]}<\/script>\n ","yoast_head_json":{"title":"Sonora en Equipo. Promover\u00e1n SEC e ISJ reactivaci\u00f3n de ligas deportivas escolares Sonora","description":"HERMOSILLO, SONORA,MX.\u2500\u2500 Que las nuevas generaciones se enamoren del deporte y adopten h\u00e1bitos saludables como estilo de vida, son algunas de las En Sonora en Equipo publicamos toda la informaci\u00f3n de Sonora, M\u00e9xico y el Mundo de manera oportuna y busca que la libertad de expresi\u00f3n sea real. Visita nuestro medio informativo publicado desde Hermosillo, Sonora. %","robots":{"index":"index","follow":"follow","max-snippet":"max-snippet:-1","max-image-preview":"max-image-preview:large","max-video-preview":"max-video-preview:-1"},"canonical":"https:\/\/www.sonoraenequipo.com.mx\/promoveran-sec-e-isj-reactivacion-de-ligas-deportivas-escolares\/","og_locale":"es_ES","og_type":"article","og_title":"Sonora en Equipo. Promover\u00e1n SEC e ISJ reactivaci\u00f3n de ligas deportivas escolares Sonora","og_description":"HERMOSILLO, SONORA,MX.\u2500\u2500 Que las nuevas generaciones se enamoren del deporte y adopten h\u00e1bitos saludables como estilo de vida, son algunas de las En Sonora en Equipo publicamos toda la informaci\u00f3n de Sonora, M\u00e9xico y el Mundo de manera oportuna y busca que la libertad de expresi\u00f3n sea real. Visita nuestro medio informativo publicado desde Hermosillo, Sonora. %","og_url":"https:\/\/www.sonoraenequipo.com.mx\/promoveran-sec-e-isj-reactivacion-de-ligas-deportivas-escolares\/","og_site_name":"Sonora en Equipo.","article_publisher":"https:\/\/www.facebook.com\/SonoraEE\/","article_published_time":"2022-02-27T23:48:59+00:00","article_modified_time":"2022-02-28T00:30:52+00:00","og_image":[{"width":700,"height":400,"url":"https:\/\/www.sonoraenequipo.com.mx\/storage\/2022\/02\/ligas-escolares.jpg","type":"image\/jpeg"}],"author":"Redacci\u00f3n","twitter_card":"summary_large_image","twitter_creator":"@sonoraenequipo","twitter_site":"@sonoraenequipo","twitter_misc":{"Escrito por":"Redacci\u00f3n","Tiempo de lectura":"1 minuto"},"schema":{"@context":"https:\/\/schema.org","@graph":[{"@type":"Article","@id":"https:\/\/www.sonoraenequipo.com.mx\/promoveran-sec-e-isj-reactivacion-de-ligas-deportivas-escolares\/#article","isPartOf":{"@id":"https:\/\/www.sonoraenequipo.com.mx\/promoveran-sec-e-isj-reactivacion-de-ligas-deportivas-escolares\/"},"author":{"name":"Redacci\u00f3n","@id":"https:\/\/www.sonoraenequipo.com.mx\/#\/schema\/person\/3e506c30006ba6091952ed27b4accc26"},"headline":"Promover\u00e1n SEC e ISJ reactivaci\u00f3n de ligas deportivas escolares","datePublished":"2022-02-27T23:48:59+00:00","dateModified":"2022-02-28T00:30:52+00:00","mainEntityOfPage":{"@id":"https:\/\/www.sonoraenequipo.com.mx\/promoveran-sec-e-isj-reactivacion-de-ligas-deportivas-escolares\/"},"wordCount":171,"commentCount":0,"publisher":{"@id":"https:\/\/www.sonoraenequipo.com.mx\/#organization"},"image":{"@id":"https:\/\/www.sonoraenequipo.com.mx\/promoveran-sec-e-isj-reactivacion-de-ligas-deportivas-escolares\/#primaryimage"},"thumbnailUrl":"https:\/\/www.sonoraenequipo.com.mx\/storage\/2022\/02\/ligas-escolares.jpg","articleSection":["Sonora"],"inLanguage":"es","potentialAction":[{"@type":"CommentAction","name":"Comment","target":["https:\/\/www.sonoraenequipo.com.mx\/promoveran-sec-e-isj-reactivacion-de-ligas-deportivas-escolares\/#respond"]}]},{"@type":"WebPage","@id":"https:\/\/www.sonoraenequipo.com.mx\/promoveran-sec-e-isj-reactivacion-de-ligas-deportivas-escolares\/","url":"https:\/\/www.sonoraenequipo.com.mx\/promoveran-sec-e-isj-reactivacion-de-ligas-deportivas-escolares\/","name":"Sonora en Equipo. Promover\u00e1n SEC e ISJ reactivaci\u00f3n de ligas deportivas escolares Sonora","isPartOf":{"@id":"https:\/\/www.sonoraenequipo.com.mx\/#website"},"primaryImageOfPage":{"@id":"https:\/\/www.sonoraenequipo.com.mx\/promoveran-sec-e-isj-reactivacion-de-ligas-deportivas-escolares\/#primaryimage"},"image":{"@id":"https:\/\/www.sonoraenequipo.com.mx\/promoveran-sec-e-isj-reactivacion-de-ligas-deportivas-escolares\/#primaryimage"},"thumbnailUrl":"https:\/\/www.sonoraenequipo.com.mx\/storage\/2022\/02\/ligas-escolares.jpg","datePublished":"2022-02-27T23:48:59+00:00","dateModified":"2022-02-28T00:30:52+00:00","description":"HERMOSILLO, SONORA,MX.\u2500\u2500 Que las nuevas generaciones se enamoren del deporte y adopten h\u00e1bitos saludables como estilo de vida, son algunas de las En Sonora en Equipo publicamos toda la informaci\u00f3n de Sonora, M\u00e9xico y el Mundo de manera oportuna y busca que la libertad de expresi\u00f3n sea real. Visita nuestro medio informativo publicado desde Hermosillo, Sonora. %","breadcrumb":{"@id":"https:\/\/www.sonoraenequipo.com.mx\/promoveran-sec-e-isj-reactivacion-de-ligas-deportivas-escolares\/#breadcrumb"},"inLanguage":"es","potentialAction":[{"@type":"ReadAction","target":["https:\/\/www.sonoraenequipo.com.mx\/promoveran-sec-e-isj-reactivacion-de-ligas-deportivas-escolares\/"]}]},{"@type":"ImageObject","inLanguage":"es","@id":"https:\/\/www.sonoraenequipo.com.mx\/promoveran-sec-e-isj-reactivacion-de-ligas-deportivas-escolares\/#primaryimage","url":"https:\/\/www.sonoraenequipo.com.mx\/storage\/2022\/02\/ligas-escolares.jpg","contentUrl":"https:\/\/www.sonoraenequipo.com.mx\/storage\/2022\/02\/ligas-escolares.jpg","width":700,"height":400},{"@type":"BreadcrumbList","@id":"https:\/\/www.sonoraenequipo.com.mx\/promoveran-sec-e-isj-reactivacion-de-ligas-deportivas-escolares\/#breadcrumb","itemListElement":[{"@type":"ListItem","position":1,"name":"Portada","item":"https:\/\/www.sonoraenequipo.com.mx\/"},{"@type":"ListItem","position":2,"name":"Promover\u00e1n SEC e ISJ reactivaci\u00f3n de ligas deportivas escolares"}]},{"@type":"WebSite","@id":"https:\/\/www.sonoraenequipo.com.mx\/#website","url":"https:\/\/www.sonoraenequipo.com.mx\/","name":"Sonora en Equipo.","description":"Diario en l\u00ednea con Noticias desde Hermosillo, Sonora","publisher":{"@id":"https:\/\/www.sonoraenequipo.com.mx\/#organization"},"potentialAction":[{"@type":"SearchAction","target":{"@type":"EntryPoint","urlTemplate":"https:\/\/www.sonoraenequipo.com.mx\/?s={search_term_string}"},"query-input":{"@type":"PropertyValueSpecification","valueRequired":true,"valueName":"search_term_string"}}],"inLanguage":"es"},{"@type":"Organization","@id":"https:\/\/www.sonoraenequipo.com.mx\/#organization","name":"Sonoraenequipo.com.mx","url":"https:\/\/www.sonoraenequipo.com.mx\/","logo":{"@type":"ImageObject","inLanguage":"es","@id":"https:\/\/www.sonoraenequipo.com.mx\/#\/schema\/logo\/image\/","url":"https:\/\/www.sonoraenequipo.com.mx\/storage\/2019\/01\/sonoraenequipo_opt.png","contentUrl":"https:\/\/www.sonoraenequipo.com.mx\/storage\/2019\/01\/sonoraenequipo_opt.png","width":375,"height":125,"caption":"Sonoraenequipo.com.mx"},"image":{"@id":"https:\/\/www.sonoraenequipo.com.mx\/#\/schema\/logo\/image\/"},"sameAs":["https:\/\/www.facebook.com\/SonoraEE\/","https:\/\/x.com\/sonoraenequipo","https:\/\/www.youtube.com\/channel\/UC338nW-lPEYmJQs4ZABQ1SQ"]},{"@type":"Person","@id":"https:\/\/www.sonoraenequipo.com.mx\/#\/schema\/person\/3e506c30006ba6091952ed27b4accc26","name":"Redacci\u00f3n","image":{"@type":"ImageObject","inLanguage":"es","@id":"https:\/\/www.sonoraenequipo.com.mx\/#\/schema\/person\/image\/","url":"https:\/\/secure.gravatar.com\/avatar\/9e8091cd4065893f14e161ece1f64c54b09b76c20d7d73609bb6e3387d3bdb75?s=96&d=blank&r=g","contentUrl":"https:\/\/secure.gravatar.com\/avatar\/9e8091cd4065893f14e161ece1f64c54b09b76c20d7d73609bb6e3387d3bdb75?s=96&d=blank&r=g","caption":"Redacci\u00f3n"},"sameAs":["http:\/\/www.sonoraenequipo.com"]}]}},"jetpack_featured_media_url":"https:\/\/www.sonoraenequipo.com.mx\/storage\/2022\/02\/ligas-escolares.jpg","_links":{"self":[{"href":"https:\/\/www.sonoraenequipo.com.mx\/api\/wp\/v2\/posts\/133919","targetHints":{"allow":["GET"]}}],"collection":[{"href":"https:\/\/www.sonoraenequipo.com.mx\/api\/wp\/v2\/posts"}],"about":[{"href":"https:\/\/www.sonoraenequipo.com.mx\/api\/wp\/v2\/types\/post"}],"author":[{"embeddable":true,"href":"https:\/\/www.sonoraenequipo.com.mx\/api\/wp\/v2\/users\/4"}],"replies":[{"embeddable":true,"href":"https:\/\/www.sonoraenequipo.com.mx\/api\/wp\/v2\/comments?post=133919"}],"version-history":[{"count":1,"href":"https:\/\/www.sonoraenequipo.com.mx\/api\/wp\/v2\/posts\/133919\/revisions"}],"predecessor-version":[{"id":133921,"href":"https:\/\/www.sonoraenequipo.com.mx\/api\/wp\/v2\/posts\/133919\/revisions\/133921"}],"wp:featuredmedia":[{"embeddable":true,"href":"https:\/\/www.sonoraenequipo.com.mx\/api\/wp\/v2\/media\/133920"}],"wp:attachment":[{"href":"https:\/\/www.sonoraenequipo.com.mx\/api\/wp\/v2\/media?parent=133919"}],"wp:term":[{"taxonomy":"category","embeddable":true,"href":"https:\/\/www.sonoraenequipo.com.mx\/api\/wp\/v2\/categories?post=133919"},{"taxonomy":"post_tag","embeddable":true,"href":"https:\/\/www.sonoraenequipo.com.mx\/api\/wp\/v2\/tags?post=133919"}],"curies":[{"name":"wp","href":"https:\/\/api.w.org\/{rel}","templated":true}]}}