{"id":133922,"date":"2022-02-27T17:53:54","date_gmt":"2022-02-28T00:53:54","guid":{"rendered":"https:\/\/www.sonoraenequipo.com.mx\/?p=133922"},"modified":"2022-02-27T17:31:21","modified_gmt":"2022-02-28T00:31:21","slug":"localizan-salvas-a-seis-personas-reportadas-como-desaparecidas","status":"publish","type":"post","link":"https:\/\/www.sonoraenequipo.com.mx\/localizan-salvas-a-seis-personas-reportadas-como-desaparecidas\/","title":{"rendered":"Localizan salvas a seis personas reportadas como desaparecidas"},"content":{"rendered":"<p>GUAYMAS, SONORA,MX.\u2500\u2500 Luego de tres\u00a0 d\u00edas de intensa b\u00fasqueda en territorio del pueblo originario Yaqui por integrantes de la Mesa Estatal de Seguridad, seis personas, entre ellas una del sexo femenino, fueron localizadas ayer sanas y a salvo.<\/p>\n<p>&nbsp;<\/p>\n<p>Por aire, tierra y mar, con m\u00e1s de 100 elementos de seguridad de los tres \u00f3rdenes de Gobierno se inici\u00f3 la b\u00fasqueda a las primeras horas del pasado mi\u00e9rcoles 23 de febrero, cuando se recibi\u00f3 denuncia por la desaparici\u00f3n o extrav\u00edo de dos personas.<\/p>\n<p>&nbsp;<\/p>\n<p>El viernes 25 de febrero, personal de la Fiscal\u00eda General de Justicia del Estado de Sonora (FGJE) recibi\u00f3 otra denuncia por persona desaparecida o extraviada, habiendo un total de 3 denuncias recibidas por privaci\u00f3n ilegal de la libertad, por lo que se redoblaron los operativos coordinados de b\u00fasqueda.<\/p>\n<p>&nbsp;<\/p>\n<p>Sanos y a salvos se localiz\u00f3 a Leticia, Fabricio Alonso, Olegario y Germ\u00e1n Esteban, integrantes del pueblo originario Yaqui, nacidos en P\u00f3tam, as\u00ed como a Francisco Leonardo y Jes\u00fas Orlando, nacidos en V\u00edcam, pero no pertenecen a la etnia.<\/p>\n<p>&nbsp;<\/p>\n<p>La Fiscal\u00eda Estatal pone a disposici\u00f3n de todas las personas, atenci\u00f3n y acompa\u00f1amiento psicol\u00f3gico por personal del Centro de Atenci\u00f3n a Victimas (CAVID).<\/p>\n<p>&nbsp;<\/p>\n<p>En los operativos particip\u00f3 la Fiscal\u00eda de Justicia del Estado, con elementos de la Agencia Ministerial de Investigaci\u00f3n Criminal (AMIC), y la Secretar\u00eda Estatal de Seguridad P\u00fablica, con agentes de la Polic\u00eda Estatal de Seguridad P\u00fablica (PESP).<\/p>\n<p>&nbsp;<\/p>\n<p>Tambi\u00e9n personal de la Guardia Nacional (GN), Coordinaci\u00f3n Nacional Antisecuestro (CONASE), Secretar\u00eda de la Defensa Nacional (SEDENA) y Secretar\u00eda de Marina (SEMAR), as\u00ed como Polic\u00eda Municipal, todos en compa\u00f1\u00eda por miembros de la Guardia Tradicional Yaqui.<\/p>\n<p>Fecha de publicaci\u00f3n: domingo \/ 27 \/ febrero \/ 2022 \/<\/p>\n<p>&nbsp;<\/p>\n<p>&nbsp;<\/p>\n","protected":false},"excerpt":{"rendered":"<p>GUAYMAS, SONORA,MX.\u2500\u2500 Luego de tres\u00a0 d\u00edas de intensa b\u00fasqueda en territorio del pueblo originario Yaqui&#8230;<\/p>\n","protected":false},"author":1,"featured_media":133923,"comment_status":"open","ping_status":"open","sticky":false,"template":"","format":"standard","meta":{"_monsterinsights_skip_tracking":false,"_monsterinsights_sitenote_active":false,"_monsterinsights_sitenote_note":"","_monsterinsights_sitenote_category":0,"footnotes":""},"categories":[3144],"tags":[299,15],"class_list":["post"],"yoast_head":" \n<title>Sonora en Equipo. Localizan salvas a seis personas reportadas como desaparecidas Polic\u00edaca<\/title>\n<meta name=\"description\" content=\"GUAYMAS, SONORA,MX.\u2500\u2500 Luego de tres\u00a0 d\u00edas de intensa b\u00fasqueda en territorio del pueblo originario Yaqui por integrantes de la Mesa Estatal de Seguridad, En Sonora en Equipo publicamos toda la informaci\u00f3n de Sonora, M\u00e9xico y el Mundo de manera oportuna y busca que la libertad de expresi\u00f3n sea real. Visita nuestro medio informativo publicado desde Hermosillo, Sonora. %\" \/>\n<meta name=\"robots\" content=\"index, follow, max-snippet:-1, max-image-preview:large, max-video-preview:-1\" \/>\n<link rel=\"canonical\" href=\"https:\/\/www.sonoraenequipo.com.mx\/localizan-salvas-a-seis-personas-reportadas-como-desaparecidas\/\" \/>\n<meta property=\"og:locale\" content=\"es_ES\" \/>\n<meta property=\"og:type\" content=\"article\" \/>\n<meta property=\"og:title\" content=\"Sonora en Equipo. Localizan salvas a seis personas reportadas como desaparecidas Polic\u00edaca\" \/>\n<meta property=\"og:description\" content=\"GUAYMAS, SONORA,MX.\u2500\u2500 Luego de tres\u00a0 d\u00edas de intensa b\u00fasqueda en territorio del pueblo originario Yaqui por integrantes de la Mesa Estatal de Seguridad, En Sonora en Equipo publicamos toda la informaci\u00f3n de Sonora, M\u00e9xico y el Mundo de manera oportuna y busca que la libertad de expresi\u00f3n sea real. Visita nuestro medio informativo publicado desde Hermosillo, Sonora. %\" \/>\n<meta property=\"og:url\" content=\"https:\/\/www.sonoraenequipo.com.mx\/localizan-salvas-a-seis-personas-reportadas-como-desaparecidas\/\" \/>\n<meta property=\"og:site_name\" content=\"Sonora en Equipo.\" \/>\n<meta property=\"article:publisher\" content=\"https:\/\/www.facebook.com\/SonoraEE\/\" \/>\n<meta property=\"article:author\" content=\"https:\/\/www.facebook.com\/SonoraEE\" \/>\n<meta property=\"article:published_time\" content=\"2022-02-28T00:53:54+00:00\" \/>\n<meta property=\"og:image\" content=\"https:\/\/www.sonoraenequipo.com.mx\/storage\/2022\/02\/busqueda-potam.jpg\" \/>\n\t<meta property=\"og:image:width\" content=\"700\" \/>\n\t<meta property=\"og:image:height\" content=\"400\" \/>\n\t<meta property=\"og:image:type\" content=\"image\/jpeg\" \/>\n<meta name=\"author\" content=\"enequipo\" \/>\n<meta name=\"twitter:card\" content=\"summary_large_image\" \/>\n<meta name=\"twitter:creator\" content=\"@sonoraenequipo\" \/>\n<meta name=\"twitter:site\" content=\"@sonoraenequipo\" \/>\n<meta name=\"twitter:label1\" content=\"Escrito por\" \/>\n\t<meta name=\"twitter:data1\" content=\"enequipo\" \/>\n\t<meta name=\"twitter:label2\" content=\"Tiempo de lectura\" \/>\n\t<meta name=\"twitter:data2\" content=\"2 minutos\" \/>\n<script type=\"application\/ld+json\" class=\"yoast-schema-graph\">{\"@context\":\"https:\/\/schema.org\",\"@graph\":[{\"@type\":\"Article\",\"@id\":\"https:\/\/www.sonoraenequipo.com.mx\/localizan-salvas-a-seis-personas-reportadas-como-desaparecidas\/#article\",\"isPartOf\":{\"@id\":\"https:\/\/www.sonoraenequipo.com.mx\/localizan-salvas-a-seis-personas-reportadas-como-desaparecidas\/\"},\"author\":{\"name\":\"enequipo\",\"@id\":\"https:\/\/www.sonoraenequipo.com.mx\/#\/schema\/person\/50102df0fb23a8fa9e8effad8fa81386\"},\"headline\":\"Localizan salvas a seis personas reportadas como desaparecidas\",\"datePublished\":\"2022-02-28T00:53:54+00:00\",\"mainEntityOfPage\":{\"@id\":\"https:\/\/www.sonoraenequipo.com.mx\/localizan-salvas-a-seis-personas-reportadas-como-desaparecidas\/\"},\"wordCount\":316,\"commentCount\":0,\"publisher\":{\"@id\":\"https:\/\/www.sonoraenequipo.com.mx\/#organization\"},\"image\":{\"@id\":\"https:\/\/www.sonoraenequipo.com.mx\/localizan-salvas-a-seis-personas-reportadas-como-desaparecidas\/#primaryimage\"},\"thumbnailUrl\":\"https:\/\/www.sonoraenequipo.com.mx\/storage\/2022\/02\/busqueda-potam.jpg\",\"keywords\":[\"inseguridad\",\"Sonora\"],\"articleSection\":[\"Polic\u00edaca\"],\"inLanguage\":\"es\",\"potentialAction\":[{\"@type\":\"CommentAction\",\"name\":\"Comment\",\"target\":[\"https:\/\/www.sonoraenequipo.com.mx\/localizan-salvas-a-seis-personas-reportadas-como-desaparecidas\/#respond\"]}]},{\"@type\":\"WebPage\",\"@id\":\"https:\/\/www.sonoraenequipo.com.mx\/localizan-salvas-a-seis-personas-reportadas-como-desaparecidas\/\",\"url\":\"https:\/\/www.sonoraenequipo.com.mx\/localizan-salvas-a-seis-personas-reportadas-como-desaparecidas\/\",\"name\":\"Sonora en Equipo. Localizan salvas a seis personas reportadas como desaparecidas Polic\u00edaca\",\"isPartOf\":{\"@id\":\"https:\/\/www.sonoraenequipo.com.mx\/#website\"},\"primaryImageOfPage\":{\"@id\":\"https:\/\/www.sonoraenequipo.com.mx\/localizan-salvas-a-seis-personas-reportadas-como-desaparecidas\/#primaryimage\"},\"image\":{\"@id\":\"https:\/\/www.sonoraenequipo.com.mx\/localizan-salvas-a-seis-personas-reportadas-como-desaparecidas\/#primaryimage\"},\"thumbnailUrl\":\"https:\/\/www.sonoraenequipo.com.mx\/storage\/2022\/02\/busqueda-potam.jpg\",\"datePublished\":\"2022-02-28T00:53:54+00:00\",\"description\":\"GUAYMAS, SONORA,MX.\u2500\u2500 Luego de tres\u00a0 d\u00edas de intensa b\u00fasqueda en territorio del pueblo originario Yaqui por integrantes de la Mesa Estatal de Seguridad, En Sonora en Equipo publicamos toda la informaci\u00f3n de Sonora, M\u00e9xico y el Mundo de manera oportuna y busca que la libertad de expresi\u00f3n sea real. Visita nuestro medio informativo publicado desde Hermosillo, Sonora. %\",\"breadcrumb\":{\"@id\":\"https:\/\/www.sonoraenequipo.com.mx\/localizan-salvas-a-seis-personas-reportadas-como-desaparecidas\/#breadcrumb\"},\"inLanguage\":\"es\",\"potentialAction\":[{\"@type\":\"ReadAction\",\"target\":[\"https:\/\/www.sonoraenequipo.com.mx\/localizan-salvas-a-seis-personas-reportadas-como-desaparecidas\/\"]}]},{\"@type\":\"ImageObject\",\"inLanguage\":\"es\",\"@id\":\"https:\/\/www.sonoraenequipo.com.mx\/localizan-salvas-a-seis-personas-reportadas-como-desaparecidas\/#primaryimage\",\"url\":\"https:\/\/www.sonoraenequipo.com.mx\/storage\/2022\/02\/busqueda-potam.jpg\",\"contentUrl\":\"https:\/\/www.sonoraenequipo.com.mx\/storage\/2022\/02\/busqueda-potam.jpg\",\"width\":700,\"height\":400,\"caption\":\"Coordinaci\u00f3n entre autoridadespara la b\u00fasqueda\"},{\"@type\":\"BreadcrumbList\",\"@id\":\"https:\/\/www.sonoraenequipo.com.mx\/localizan-salvas-a-seis-personas-reportadas-como-desaparecidas\/#breadcrumb\",\"itemListElement\":[{\"@type\":\"ListItem\",\"position\":1,\"name\":\"Portada\",\"item\":\"https:\/\/www.sonoraenequipo.com.mx\/\"},{\"@type\":\"ListItem\",\"position\":2,\"name\":\"Localizan salvas a seis personas reportadas como desaparecidas\"}]},{\"@type\":\"WebSite\",\"@id\":\"https:\/\/www.sonoraenequipo.com.mx\/#website\",\"url\":\"https:\/\/www.sonoraenequipo.com.mx\/\",\"name\":\"Sonora en Equipo.\",\"description\":\"Diario en l\u00ednea con Noticias desde Hermosillo, Sonora\",\"publisher\":{\"@id\":\"https:\/\/www.sonoraenequipo.com.mx\/#organization\"},\"potentialAction\":[{\"@type\":\"SearchAction\",\"target\":{\"@type\":\"EntryPoint\",\"urlTemplate\":\"https:\/\/www.sonoraenequipo.com.mx\/?s={search_term_string}\"},\"query-input\":{\"@type\":\"PropertyValueSpecification\",\"valueRequired\":true,\"valueName\":\"search_term_string\"}}],\"inLanguage\":\"es\"},{\"@type\":\"Organization\",\"@id\":\"https:\/\/www.sonoraenequipo.com.mx\/#organization\",\"name\":\"Sonoraenequipo.com.mx\",\"url\":\"https:\/\/www.sonoraenequipo.com.mx\/\",\"logo\":{\"@type\":\"ImageObject\",\"inLanguage\":\"es\",\"@id\":\"https:\/\/www.sonoraenequipo.com.mx\/#\/schema\/logo\/image\/\",\"url\":\"https:\/\/www.sonoraenequipo.com.mx\/storage\/2019\/01\/sonoraenequipo_opt.png\",\"contentUrl\":\"https:\/\/www.sonoraenequipo.com.mx\/storage\/2019\/01\/sonoraenequipo_opt.png\",\"width\":375,\"height\":125,\"caption\":\"Sonoraenequipo.com.mx\"},\"image\":{\"@id\":\"https:\/\/www.sonoraenequipo.com.mx\/#\/schema\/logo\/image\/\"},\"sameAs\":[\"https:\/\/www.facebook.com\/SonoraEE\/\",\"https:\/\/x.com\/sonoraenequipo\",\"https:\/\/www.youtube.com\/channel\/UC338nW-lPEYmJQs4ZABQ1SQ\"]},{\"@type\":\"Person\",\"@id\":\"https:\/\/www.sonoraenequipo.com.mx\/#\/schema\/person\/50102df0fb23a8fa9e8effad8fa81386\",\"name\":\"enequipo\",\"image\":{\"@type\":\"ImageObject\",\"inLanguage\":\"es\",\"@id\":\"https:\/\/www.sonoraenequipo.com.mx\/#\/schema\/person\/image\/\",\"url\":\"https:\/\/secure.gravatar.com\/avatar\/049821681b589dabc0bc20695993ccebb09f5b5d4d790cd9251b97faac7c652b?s=96&d=blank&r=g\",\"contentUrl\":\"https:\/\/secure.gravatar.com\/avatar\/049821681b589dabc0bc20695993ccebb09f5b5d4d790cd9251b97faac7c652b?s=96&d=blank&r=g\",\"caption\":\"enequipo\"},\"sameAs\":[\"https:\/\/www.facebook.com\/SonoraEE\"]}]}<\/script>\n ","yoast_head_json":{"title":"Sonora en Equipo. Localizan salvas a seis personas reportadas como desaparecidas Polic\u00edaca","description":"GUAYMAS, SONORA,MX.\u2500\u2500 Luego de tres\u00a0 d\u00edas de intensa b\u00fasqueda en territorio del pueblo originario Yaqui por integrantes de la Mesa Estatal de Seguridad, En Sonora en Equipo publicamos toda la informaci\u00f3n de Sonora, M\u00e9xico y el Mundo de manera oportuna y busca que la libertad de expresi\u00f3n sea real. Visita nuestro medio informativo publicado desde Hermosillo, Sonora. %","robots":{"index":"index","follow":"follow","max-snippet":"max-snippet:-1","max-image-preview":"max-image-preview:large","max-video-preview":"max-video-preview:-1"},"canonical":"https:\/\/www.sonoraenequipo.com.mx\/localizan-salvas-a-seis-personas-reportadas-como-desaparecidas\/","og_locale":"es_ES","og_type":"article","og_title":"Sonora en Equipo. Localizan salvas a seis personas reportadas como desaparecidas Polic\u00edaca","og_description":"GUAYMAS, SONORA,MX.\u2500\u2500 Luego de tres\u00a0 d\u00edas de intensa b\u00fasqueda en territorio del pueblo originario Yaqui por integrantes de la Mesa Estatal de Seguridad, En Sonora en Equipo publicamos toda la informaci\u00f3n de Sonora, M\u00e9xico y el Mundo de manera oportuna y busca que la libertad de expresi\u00f3n sea real. Visita nuestro medio informativo publicado desde Hermosillo, Sonora. %","og_url":"https:\/\/www.sonoraenequipo.com.mx\/localizan-salvas-a-seis-personas-reportadas-como-desaparecidas\/","og_site_name":"Sonora en Equipo.","article_publisher":"https:\/\/www.facebook.com\/SonoraEE\/","article_author":"https:\/\/www.facebook.com\/SonoraEE","article_published_time":"2022-02-28T00:53:54+00:00","og_image":[{"width":700,"height":400,"url":"https:\/\/www.sonoraenequipo.com.mx\/storage\/2022\/02\/busqueda-potam.jpg","type":"image\/jpeg"}],"author":"enequipo","twitter_card":"summary_large_image","twitter_creator":"@sonoraenequipo","twitter_site":"@sonoraenequipo","twitter_misc":{"Escrito por":"enequipo","Tiempo de lectura":"2 minutos"},"schema":{"@context":"https:\/\/schema.org","@graph":[{"@type":"Article","@id":"https:\/\/www.sonoraenequipo.com.mx\/localizan-salvas-a-seis-personas-reportadas-como-desaparecidas\/#article","isPartOf":{"@id":"https:\/\/www.sonoraenequipo.com.mx\/localizan-salvas-a-seis-personas-reportadas-como-desaparecidas\/"},"author":{"name":"enequipo","@id":"https:\/\/www.sonoraenequipo.com.mx\/#\/schema\/person\/50102df0fb23a8fa9e8effad8fa81386"},"headline":"Localizan salvas a seis personas reportadas como desaparecidas","datePublished":"2022-02-28T00:53:54+00:00","mainEntityOfPage":{"@id":"https:\/\/www.sonoraenequipo.com.mx\/localizan-salvas-a-seis-personas-reportadas-como-desaparecidas\/"},"wordCount":316,"commentCount":0,"publisher":{"@id":"https:\/\/www.sonoraenequipo.com.mx\/#organization"},"image":{"@id":"https:\/\/www.sonoraenequipo.com.mx\/localizan-salvas-a-seis-personas-reportadas-como-desaparecidas\/#primaryimage"},"thumbnailUrl":"https:\/\/www.sonoraenequipo.com.mx\/storage\/2022\/02\/busqueda-potam.jpg","keywords":["inseguridad","Sonora"],"articleSection":["Polic\u00edaca"],"inLanguage":"es","potentialAction":[{"@type":"CommentAction","name":"Comment","target":["https:\/\/www.sonoraenequipo.com.mx\/localizan-salvas-a-seis-personas-reportadas-como-desaparecidas\/#respond"]}]},{"@type":"WebPage","@id":"https:\/\/www.sonoraenequipo.com.mx\/localizan-salvas-a-seis-personas-reportadas-como-desaparecidas\/","url":"https:\/\/www.sonoraenequipo.com.mx\/localizan-salvas-a-seis-personas-reportadas-como-desaparecidas\/","name":"Sonora en Equipo. Localizan salvas a seis personas reportadas como desaparecidas Polic\u00edaca","isPartOf":{"@id":"https:\/\/www.sonoraenequipo.com.mx\/#website"},"primaryImageOfPage":{"@id":"https:\/\/www.sonoraenequipo.com.mx\/localizan-salvas-a-seis-personas-reportadas-como-desaparecidas\/#primaryimage"},"image":{"@id":"https:\/\/www.sonoraenequipo.com.mx\/localizan-salvas-a-seis-personas-reportadas-como-desaparecidas\/#primaryimage"},"thumbnailUrl":"https:\/\/www.sonoraenequipo.com.mx\/storage\/2022\/02\/busqueda-potam.jpg","datePublished":"2022-02-28T00:53:54+00:00","description":"GUAYMAS, SONORA,MX.\u2500\u2500 Luego de tres\u00a0 d\u00edas de intensa b\u00fasqueda en territorio del pueblo originario Yaqui por integrantes de la Mesa Estatal de Seguridad, En Sonora en Equipo publicamos toda la informaci\u00f3n de Sonora, M\u00e9xico y el Mundo de manera oportuna y busca que la libertad de expresi\u00f3n sea real. Visita nuestro medio informativo publicado desde Hermosillo, Sonora. %","breadcrumb":{"@id":"https:\/\/www.sonoraenequipo.com.mx\/localizan-salvas-a-seis-personas-reportadas-como-desaparecidas\/#breadcrumb"},"inLanguage":"es","potentialAction":[{"@type":"ReadAction","target":["https:\/\/www.sonoraenequipo.com.mx\/localizan-salvas-a-seis-personas-reportadas-como-desaparecidas\/"]}]},{"@type":"ImageObject","inLanguage":"es","@id":"https:\/\/www.sonoraenequipo.com.mx\/localizan-salvas-a-seis-personas-reportadas-como-desaparecidas\/#primaryimage","url":"https:\/\/www.sonoraenequipo.com.mx\/storage\/2022\/02\/busqueda-potam.jpg","contentUrl":"https:\/\/www.sonoraenequipo.com.mx\/storage\/2022\/02\/busqueda-potam.jpg","width":700,"height":400,"caption":"Coordinaci\u00f3n entre autoridadespara la b\u00fasqueda"},{"@type":"BreadcrumbList","@id":"https:\/\/www.sonoraenequipo.com.mx\/localizan-salvas-a-seis-personas-reportadas-como-desaparecidas\/#breadcrumb","itemListElement":[{"@type":"ListItem","position":1,"name":"Portada","item":"https:\/\/www.sonoraenequipo.com.mx\/"},{"@type":"ListItem","position":2,"name":"Localizan salvas a seis personas reportadas como desaparecidas"}]},{"@type":"WebSite","@id":"https:\/\/www.sonoraenequipo.com.mx\/#website","url":"https:\/\/www.sonoraenequipo.com.mx\/","name":"Sonora en Equipo.","description":"Diario en l\u00ednea con Noticias desde Hermosillo, Sonora","publisher":{"@id":"https:\/\/www.sonoraenequipo.com.mx\/#organization"},"potentialAction":[{"@type":"SearchAction","target":{"@type":"EntryPoint","urlTemplate":"https:\/\/www.sonoraenequipo.com.mx\/?s={search_term_string}"},"query-input":{"@type":"PropertyValueSpecification","valueRequired":true,"valueName":"search_term_string"}}],"inLanguage":"es"},{"@type":"Organization","@id":"https:\/\/www.sonoraenequipo.com.mx\/#organization","name":"Sonoraenequipo.com.mx","url":"https:\/\/www.sonoraenequipo.com.mx\/","logo":{"@type":"ImageObject","inLanguage":"es","@id":"https:\/\/www.sonoraenequipo.com.mx\/#\/schema\/logo\/image\/","url":"https:\/\/www.sonoraenequipo.com.mx\/storage\/2019\/01\/sonoraenequipo_opt.png","contentUrl":"https:\/\/www.sonoraenequipo.com.mx\/storage\/2019\/01\/sonoraenequipo_opt.png","width":375,"height":125,"caption":"Sonoraenequipo.com.mx"},"image":{"@id":"https:\/\/www.sonoraenequipo.com.mx\/#\/schema\/logo\/image\/"},"sameAs":["https:\/\/www.facebook.com\/SonoraEE\/","https:\/\/x.com\/sonoraenequipo","https:\/\/www.youtube.com\/channel\/UC338nW-lPEYmJQs4ZABQ1SQ"]},{"@type":"Person","@id":"https:\/\/www.sonoraenequipo.com.mx\/#\/schema\/person\/50102df0fb23a8fa9e8effad8fa81386","name":"enequipo","image":{"@type":"ImageObject","inLanguage":"es","@id":"https:\/\/www.sonoraenequipo.com.mx\/#\/schema\/person\/image\/","url":"https:\/\/secure.gravatar.com\/avatar\/049821681b589dabc0bc20695993ccebb09f5b5d4d790cd9251b97faac7c652b?s=96&d=blank&r=g","contentUrl":"https:\/\/secure.gravatar.com\/avatar\/049821681b589dabc0bc20695993ccebb09f5b5d4d790cd9251b97faac7c652b?s=96&d=blank&r=g","caption":"enequipo"},"sameAs":["https:\/\/www.facebook.com\/SonoraEE"]}]}},"jetpack_featured_media_url":"https:\/\/www.sonoraenequipo.com.mx\/storage\/2022\/02\/busqueda-potam.jpg","_links":{"self":[{"href":"https:\/\/www.sonoraenequipo.com.mx\/api\/wp\/v2\/posts\/133922","targetHints":{"allow":["GET"]}}],"collection":[{"href":"https:\/\/www.sonoraenequipo.com.mx\/api\/wp\/v2\/posts"}],"about":[{"href":"https:\/\/www.sonoraenequipo.com.mx\/api\/wp\/v2\/types\/post"}],"author":[{"embeddable":true,"href":"https:\/\/www.sonoraenequipo.com.mx\/api\/wp\/v2\/users\/1"}],"replies":[{"embeddable":true,"href":"https:\/\/www.sonoraenequipo.com.mx\/api\/wp\/v2\/comments?post=133922"}],"version-history":[{"count":1,"href":"https:\/\/www.sonoraenequipo.com.mx\/api\/wp\/v2\/posts\/133922\/revisions"}],"predecessor-version":[{"id":133924,"href":"https:\/\/www.sonoraenequipo.com.mx\/api\/wp\/v2\/posts\/133922\/revisions\/133924"}],"wp:featuredmedia":[{"embeddable":true,"href":"https:\/\/www.sonoraenequipo.com.mx\/api\/wp\/v2\/media\/133923"}],"wp:attachment":[{"href":"https:\/\/www.sonoraenequipo.com.mx\/api\/wp\/v2\/media?parent=133922"}],"wp:term":[{"taxonomy":"category","embeddable":true,"href":"https:\/\/www.sonoraenequipo.com.mx\/api\/wp\/v2\/categories?post=133922"},{"taxonomy":"post_tag","embeddable":true,"href":"https:\/\/www.sonoraenequipo.com.mx\/api\/wp\/v2\/tags?post=133922"}],"curies":[{"name":"wp","href":"https:\/\/api.w.org\/{rel}","templated":true}]}}